{"id":34409,"date":"2024-12-04T11:00:25","date_gmt":"2024-12-04T10:00:25","guid":{"rendered":"https:\/\/www.organisator.ch\/?p=34409"},"modified":"2024-12-04T10:45:04","modified_gmt":"2024-12-04T09:45:04","slug":"online-befragung-zum-thema-aktuelle-herausforderungen-von-fuehrungskraeften","status":"publish","type":"post","link":"https:\/\/www.organisator.ch\/de\/management\/2024-12-04\/online-befragung-zum-thema-aktuelle-herausforderungen-von-fuehrungskraeften\/","title":{"rendered":"Online-Befragung zum Thema \u201eAktuelle Herausforderungen von F\u00fchrungskr\u00e4ften\u201c"},"content":{"rendered":"<figure id=\"attachment_34410\" aria-describedby=\"caption-attachment-34410\" style=\"width: 680px\" class=\"wp-caption alignnone\"><img loading=\"lazy\" decoding=\"async\" class=\"size-full wp-image-34410\" src=\"https:\/\/www.organisator.ch\/wp-content\/uploads\/2024\/12\/IFIDZ_Bild1_ps.jpg\" alt=\"\" width=\"680\" height=\"454\" srcset=\"https:\/\/www.organisator.ch\/wp-content\/uploads\/2024\/12\/IFIDZ_Bild1_ps.jpg 680w, https:\/\/www.organisator.ch\/wp-content\/uploads\/2024\/12\/IFIDZ_Bild1_ps-18x12.jpg 18w, https:\/\/www.organisator.ch\/wp-content\/uploads\/2024\/12\/IFIDZ_Bild1_ps-375x250.jpg 375w, https:\/\/www.organisator.ch\/wp-content\/uploads\/2024\/12\/IFIDZ_Bild1_ps-524x350.jpg 524w\" sizes=\"auto, (max-width: 680px) 100vw, 680px\" \/><figcaption id=\"caption-attachment-34410\" class=\"wp-caption-text\">IFIDZ Wiesbaden untersucht aktuelle Herausforderungen und Fragen von F\u00fchrungskr\u00e4ften in Unternehmen. (Bild: www.depositphotos.com)<\/figcaption><\/figure>\n<p>Die Ist-Situation in den Unternehmen ist zurzeit sehr verschieden. W\u00e4hrend manche h\u00e4nderingend neue Mitarbeitende suchen, sind andere mit dem Thema Personalabbau besch\u00e4ftigt. W\u00e4hrend in manchen weitgehend die Maxime \u201eBusiness as usual\u201c gilt, befinden sich andere wiederum in einem Transformationsprozess und versuchen sich mit Hilfe der KI neue Gesch\u00e4ftsfelder zu erschliessen.<\/p>\n<p>Entsprechend unterschiedlich sind aktuell auch die Herausforderungen, vor denen die F\u00fchrungskr\u00e4fte in den Unternehmen in ihrem Arbeitsalltag stehen. Deshalb hat das Institut f\u00fcr F\u00fchrungskultur im digitalen Zeitalter (IFIDZ), Wiesbaden, seine aktuelle Online-Befragung von F\u00fchrungskr\u00e4ften, die es mehrfach im Jahr durchf\u00fchrt, unter die \u00dcberschrift \u201eDie gr\u00f6ssten Herausforderungen von F\u00fchrungskr\u00e4ften aktuell\u201c gestellt. Konkret heisst dies, es m\u00f6chte in der Leadership-Trendbarometer genannten Befragung ermitteln, welche Fragen F\u00fchrungskr\u00e4ften aktuell<\/p>\n<ul>\n<li>am st\u00e4rksten unter den N\u00e4geln brennen und<\/li>\n<li>welche Themen ihnen im F\u00fchrungsalltag am meisten Kopfzerbrechen bereiten.<\/li>\n<\/ul>\n<p>In der Befragung auf SurveyMonkey werden ihnen insgesamt zw\u00f6lf Aussagen vorgestellt. Sie werden gebeten, bei jeder Aussage anzukreuzen, ob sie f\u00fcr sie von grosser Relevanz ist: Ja oder Nein. Neben solch existenziellen Aussagen wie \u201eWie (krisen-)sicher ist meine eigene Position als F\u00fchrungskraft?\u201c, auch solche, die sich mit der Transformation der Wirtschaft befassen wie beispielsweise \u201eWie integriere ich die KI und digitalen Technologien sinnvoll in unsere Arbeitsprozesse?\u201c Andere wiederum besch\u00e4ftigen sich unmittelbar mit dem Thema Mitarbeiter- und Teamf\u00fchrung. So zum Beispiel die beiden Fragen<\/p>\n<ul>\n<li>\u201eWie kann ich mein Team motivieren und ein Wir-Gef\u00fchl aufbauen trotz r\u00e4umlicher Distanz?\u201c und<\/li>\n<li>\u201eWie kann ich Sicherheit und Orientierung vermitteln, obwohl ich selbst mit Unsicherheit konfrontiert bin?\u201c<\/li>\n<\/ul>\n<p>Die Umfrage ist so konzipiert, dass eine Teilnahme, selbst wenn die Teilnehmenden \u00fcber einzelne Fragen etwas nachdenken, maximal f\u00fcnf Minuten dauert. Geben sie zudem nach der anonymen Befragung auf SurveyMonkey in dem daf\u00fcr vorgesehenen Feld noch freiwillig eine Email-Adresse an, werden ihnen nach deren Ende in circa 6 Wochen automatisch die Umfrageergebnisse zugesandt. Wenn Sie an Befragung teilnehmen m\u00f6chten, klicken Sie bitte hier <a href=\"https:\/\/de.surveymonkey.com\/r\/S23MP5X\">https:\/\/de.surveymonkey.com\/r\/S23MP5X<\/a><\/p>\n<p><em>Quelle: <a href=\"http:\/\/www.ifidz.de\">www.ifidz.de<\/a><\/em><\/p>\n","protected":false},"excerpt":{"rendered":"<p>Das IFIDZ, Wiesbaden, m\u00f6chte ermitteln, welche Fragen F\u00fchrungskr\u00e4ften aktuell unter den N\u00e4geln brennen und welche Themen ihnen das meiste Kopfzerbrechen bereiten.<\/p>\n","protected":false},"author":80,"featured_media":34410,"comment_status":"closed","ping_status":"closed","sticky":false,"template":"","format":"standard","meta":{"_acf_changed":false,"_yoast_wpseo_focuskw":"Herausforderungen F\u00fchrungskr\u00e4fte","_yoast_wpseo_metadesc":"IFIDZ Wiesbaden untersucht aktuelle Herausforderungen und Fragen von F\u00fchrungskr\u00e4ften in Unternehmen. Nehmen Sie an der Umfrage teil!","articlekey":"","footnotes":""},"categories":[28],"tags":[4210,4914,298,4603,475,487],"class_list":["post-34409","post","type-post","status-publish","format-standard","has-post-thumbnail","hentry","category-management","tag-fuehrungskraefte","tag-herausforderungen","tag-ki","tag-mitarbeiterzufriedenheit","tag-technologie","tag-umfrage"],"acf":[],"yoast_head":"<!-- This site is optimized with the Yoast SEO plugin v27.4 - https:\/\/yoast.com\/product\/yoast-seo-wordpress\/ -->\n<title>Online-Befragung zum Thema \u201eAktuelle Herausforderungen von F\u00fchrungskr\u00e4ften\u201c - Organisator<\/title>\n<meta name=\"description\" content=\"IFIDZ Wiesbaden untersucht aktuelle Herausforderungen und Fragen von F\u00fchrungskr\u00e4ften in Unternehmen. Nehmen Sie an der Umfrage teil!\" \/>\n<meta name=\"robots\" content=\"index, follow, max-snippet:-1, max-image-preview:large, max-video-preview:-1\" \/>\n<link rel=\"canonical\" href=\"https:\/\/www.organisator.ch\/de\/management\/2024-12-04\/online-befragung-zum-thema-aktuelle-herausforderungen-von-fuehrungskraeften\/\" \/>\n<meta property=\"og:locale\" content=\"de_DE\" \/>\n<meta property=\"og:type\" content=\"article\" \/>\n<meta property=\"og:title\" content=\"Online-Befragung zum Thema \u201eAktuelle Herausforderungen von F\u00fchrungskr\u00e4ften\u201c\" \/>\n<meta property=\"og:description\" content=\"IFIDZ Wiesbaden untersucht aktuelle Herausforderungen und Fragen von F\u00fchrungskr\u00e4ften in Unternehmen. Nehmen Sie an der Umfrage teil!\" \/>\n<meta property=\"og:url\" content=\"https:\/\/www.organisator.ch\/de\/management\/2024-12-04\/online-befragung-zum-thema-aktuelle-herausforderungen-von-fuehrungskraeften\/\" \/>\n<meta property=\"og:site_name\" content=\"Organisator\" \/>\n<meta property=\"article:publisher\" content=\"https:\/\/www.facebook.com\/OrganisatorFachmagazin\" \/>\n<meta property=\"article:published_time\" content=\"2024-12-04T10:00:25+00:00\" \/>\n<meta property=\"og:image\" content=\"https:\/\/www.organisator.ch\/wp-content\/uploads\/2024\/12\/IFIDZ_Bild1_ps.jpg\" \/>\n\t<meta property=\"og:image:width\" content=\"680\" \/>\n\t<meta property=\"og:image:height\" content=\"454\" \/>\n\t<meta property=\"og:image:type\" content=\"image\/jpeg\" \/>\n<meta name=\"author\" content=\"Dzana Muminovic\" \/>\n<meta name=\"twitter:card\" content=\"summary_large_image\" \/>\n<meta name=\"twitter:title\" content=\"Online-Befragung zum Thema \u201eAktuelle Herausforderungen von F\u00fchrungskr\u00e4ften\u201c\" \/>\n<meta name=\"twitter:description\" content=\"#IFIDZ #Wiesbaden untersucht aktuelle #Herausforderungen und Fragen von #F\u00fchrungskr\u00e4ften in #Unternehmen. Nehmen Sie an der #Umfrage teil!\" \/>\n<meta name=\"twitter:image\" content=\"https:\/\/www.organisator.ch\/wp-content\/uploads\/2024\/12\/IFIDZ_Bild1_ps.jpg\" \/>\n<script type=\"application\/ld+json\" class=\"yoast-schema-graph\">{\"@context\":\"https:\\\/\\\/schema.org\",\"@graph\":[{\"@type\":\"Article\",\"@id\":\"https:\\\/\\\/www.organisator.ch\\\/management\\\/2024-12-04\\\/online-befragung-zum-thema-aktuelle-herausforderungen-von-fuehrungskraeften\\\/#article\",\"isPartOf\":{\"@id\":\"https:\\\/\\\/www.organisator.ch\\\/management\\\/2024-12-04\\\/online-befragung-zum-thema-aktuelle-herausforderungen-von-fuehrungskraeften\\\/\"},\"author\":{\"name\":\"Dzana Muminovic\",\"@id\":\"https:\\\/\\\/www.organisator.ch\\\/#\\\/schema\\\/person\\\/afccda3a71c06d4be2ed9100dd163db7\"},\"headline\":\"Online-Befragung zum Thema \u201eAktuelle Herausforderungen von F\u00fchrungskr\u00e4ften\u201c\",\"datePublished\":\"2024-12-04T10:00:25+00:00\",\"mainEntityOfPage\":{\"@id\":\"https:\\\/\\\/www.organisator.ch\\\/management\\\/2024-12-04\\\/online-befragung-zum-thema-aktuelle-herausforderungen-von-fuehrungskraeften\\\/\"},\"wordCount\":381,\"publisher\":{\"@id\":\"https:\\\/\\\/www.organisator.ch\\\/#organization\"},\"image\":{\"@id\":\"https:\\\/\\\/www.organisator.ch\\\/management\\\/2024-12-04\\\/online-befragung-zum-thema-aktuelle-herausforderungen-von-fuehrungskraeften\\\/#primaryimage\"},\"thumbnailUrl\":\"https:\\\/\\\/www.organisator.ch\\\/wp-content\\\/uploads\\\/2024\\\/12\\\/IFIDZ_Bild1_ps.jpg\",\"keywords\":[\"F\u00fchrungskr\u00e4fte\",\"Herausforderungen\",\"KI\",\"Mitarbeiterzufriedenheit\",\"Technologie\",\"Umfrage\"],\"articleSection\":[\"MANAGEMENT\"],\"inLanguage\":\"de\"},{\"@type\":\"WebPage\",\"@id\":\"https:\\\/\\\/www.organisator.ch\\\/management\\\/2024-12-04\\\/online-befragung-zum-thema-aktuelle-herausforderungen-von-fuehrungskraeften\\\/\",\"url\":\"https:\\\/\\\/www.organisator.ch\\\/management\\\/2024-12-04\\\/online-befragung-zum-thema-aktuelle-herausforderungen-von-fuehrungskraeften\\\/\",\"name\":\"Online-Befragung zum Thema \u201eAktuelle Herausforderungen von F\u00fchrungskr\u00e4ften\u201c - Organisator\",\"isPartOf\":{\"@id\":\"https:\\\/\\\/www.organisator.ch\\\/#website\"},\"primaryImageOfPage\":{\"@id\":\"https:\\\/\\\/www.organisator.ch\\\/management\\\/2024-12-04\\\/online-befragung-zum-thema-aktuelle-herausforderungen-von-fuehrungskraeften\\\/#primaryimage\"},\"image\":{\"@id\":\"https:\\\/\\\/www.organisator.ch\\\/management\\\/2024-12-04\\\/online-befragung-zum-thema-aktuelle-herausforderungen-von-fuehrungskraeften\\\/#primaryimage\"},\"thumbnailUrl\":\"https:\\\/\\\/www.organisator.ch\\\/wp-content\\\/uploads\\\/2024\\\/12\\\/IFIDZ_Bild1_ps.jpg\",\"datePublished\":\"2024-12-04T10:00:25+00:00\",\"description\":\"IFIDZ Wiesbaden untersucht aktuelle Herausforderungen und Fragen von F\u00fchrungskr\u00e4ften in Unternehmen. Nehmen Sie an der Umfrage teil!\",\"breadcrumb\":{\"@id\":\"https:\\\/\\\/www.organisator.ch\\\/management\\\/2024-12-04\\\/online-befragung-zum-thema-aktuelle-herausforderungen-von-fuehrungskraeften\\\/#breadcrumb\"},\"inLanguage\":\"de\",\"potentialAction\":[{\"@type\":\"ReadAction\",\"target\":[\"https:\\\/\\\/www.organisator.ch\\\/management\\\/2024-12-04\\\/online-befragung-zum-thema-aktuelle-herausforderungen-von-fuehrungskraeften\\\/\"]}]},{\"@type\":\"ImageObject\",\"inLanguage\":\"de\",\"@id\":\"https:\\\/\\\/www.organisator.ch\\\/management\\\/2024-12-04\\\/online-befragung-zum-thema-aktuelle-herausforderungen-von-fuehrungskraeften\\\/#primaryimage\",\"url\":\"https:\\\/\\\/www.organisator.ch\\\/wp-content\\\/uploads\\\/2024\\\/12\\\/IFIDZ_Bild1_ps.jpg\",\"contentUrl\":\"https:\\\/\\\/www.organisator.ch\\\/wp-content\\\/uploads\\\/2024\\\/12\\\/IFIDZ_Bild1_ps.jpg\",\"width\":680,\"height\":454,\"caption\":\"IFIDZ Wiesbaden untersucht aktuelle Herausforderungen und Fragen von F\u00fchrungskr\u00e4ften in Unternehmen. (Bild: www.depositphotos.com)\"},{\"@type\":\"BreadcrumbList\",\"@id\":\"https:\\\/\\\/www.organisator.ch\\\/management\\\/2024-12-04\\\/online-befragung-zum-thema-aktuelle-herausforderungen-von-fuehrungskraeften\\\/#breadcrumb\",\"itemListElement\":[{\"@type\":\"ListItem\",\"position\":1,\"name\":\"Home\",\"item\":\"https:\\\/\\\/www.organisator.ch\\\/\"},{\"@type\":\"ListItem\",\"position\":2,\"name\":\"Online-Befragung zum Thema \u201eAktuelle Herausforderungen von F\u00fchrungskr\u00e4ften\u201c\"}]},{\"@type\":\"WebSite\",\"@id\":\"https:\\\/\\\/www.organisator.ch\\\/#website\",\"url\":\"https:\\\/\\\/www.organisator.ch\\\/\",\"name\":\"Organisator\",\"description\":\"Kompetent. Praxisnah. Der ORGANISATOR bereitet in 10 Ausgaben pro Jahr die wesentlichen Themen f\u00fcr F\u00fchrungskr\u00e4fte von KMU auf.\",\"publisher\":{\"@id\":\"https:\\\/\\\/www.organisator.ch\\\/#organization\"},\"potentialAction\":[{\"@type\":\"SearchAction\",\"target\":{\"@type\":\"EntryPoint\",\"urlTemplate\":\"https:\\\/\\\/www.organisator.ch\\\/?s={search_term_string}\"},\"query-input\":{\"@type\":\"PropertyValueSpecification\",\"valueRequired\":true,\"valueName\":\"search_term_string\"}}],\"inLanguage\":\"de\"},{\"@type\":\"Organization\",\"@id\":\"https:\\\/\\\/www.organisator.ch\\\/#organization\",\"name\":\"Organisator\",\"url\":\"https:\\\/\\\/www.organisator.ch\\\/\",\"logo\":{\"@type\":\"ImageObject\",\"inLanguage\":\"de\",\"@id\":\"https:\\\/\\\/www.organisator.ch\\\/#\\\/schema\\\/logo\\\/image\\\/\",\"url\":\"https:\\\/\\\/www.organisator.ch\\\/wp-content\\\/uploads\\\/2022\\\/01\\\/Logo_Organisator_Website.png\",\"contentUrl\":\"https:\\\/\\\/www.organisator.ch\\\/wp-content\\\/uploads\\\/2022\\\/01\\\/Logo_Organisator_Website.png\",\"width\":800,\"height\":77,\"caption\":\"Organisator\"},\"image\":{\"@id\":\"https:\\\/\\\/www.organisator.ch\\\/#\\\/schema\\\/logo\\\/image\\\/\"},\"sameAs\":[\"https:\\\/\\\/www.facebook.com\\\/OrganisatorFachmagazin\",\"https:\\\/\\\/www.linkedin.com\\\/showcase\\\/organisator-das-magazin-fr-kmu\",\"https:\\\/\\\/www.xing.com\\\/news\\\/pages\\\/organisator-ch-695\",\"https:\\\/\\\/www.youtube.com\\\/channel\\\/UCGP2Sq0iWaZwT3BdIAQFYpw\"]},{\"@type\":\"Person\",\"@id\":\"https:\\\/\\\/www.organisator.ch\\\/#\\\/schema\\\/person\\\/afccda3a71c06d4be2ed9100dd163db7\",\"name\":\"Dzana Muminovic\",\"image\":{\"@type\":\"ImageObject\",\"inLanguage\":\"de\",\"@id\":\"https:\\\/\\\/secure.gravatar.com\\\/avatar\\\/909c5c71aff4b38e88686f2ab2f1ba152571f394f41ed8bae431ea56ced93050?s=96&d=mm&r=g\",\"url\":\"https:\\\/\\\/secure.gravatar.com\\\/avatar\\\/909c5c71aff4b38e88686f2ab2f1ba152571f394f41ed8bae431ea56ced93050?s=96&d=mm&r=g\",\"contentUrl\":\"https:\\\/\\\/secure.gravatar.com\\\/avatar\\\/909c5c71aff4b38e88686f2ab2f1ba152571f394f41ed8bae431ea56ced93050?s=96&d=mm&r=g\",\"caption\":\"Dzana Muminovic\"},\"url\":\"https:\\\/\\\/www.organisator.ch\\\/de\\\/author\\\/dzana-muminovic\\\/\"}]}<\/script>\n<!-- \/ Yoast SEO plugin. -->","yoast_head_json":{"title":"Online-Befragung zum Thema \u201eAktuelle Herausforderungen von F\u00fchrungskr\u00e4ften\u201c - Organisator","description":"IFIDZ Wiesbaden untersucht aktuelle Herausforderungen und Fragen von F\u00fchrungskr\u00e4ften in Unternehmen. Nehmen Sie an der Umfrage teil!","robots":{"index":"index","follow":"follow","max-snippet":"max-snippet:-1","max-image-preview":"max-image-preview:large","max-video-preview":"max-video-preview:-1"},"canonical":"https:\/\/www.organisator.ch\/de\/management\/2024-12-04\/online-befragung-zum-thema-aktuelle-herausforderungen-von-fuehrungskraeften\/","og_locale":"de_DE","og_type":"article","og_title":"Online-Befragung zum Thema \u201eAktuelle Herausforderungen von F\u00fchrungskr\u00e4ften\u201c","og_description":"IFIDZ Wiesbaden untersucht aktuelle Herausforderungen und Fragen von F\u00fchrungskr\u00e4ften in Unternehmen. Nehmen Sie an der Umfrage teil!","og_url":"https:\/\/www.organisator.ch\/de\/management\/2024-12-04\/online-befragung-zum-thema-aktuelle-herausforderungen-von-fuehrungskraeften\/","og_site_name":"Organisator","article_publisher":"https:\/\/www.facebook.com\/OrganisatorFachmagazin","article_published_time":"2024-12-04T10:00:25+00:00","og_image":[{"width":680,"height":454,"url":"https:\/\/www.organisator.ch\/wp-content\/uploads\/2024\/12\/IFIDZ_Bild1_ps.jpg","type":"image\/jpeg"}],"author":"Dzana Muminovic","twitter_card":"summary_large_image","twitter_title":"Online-Befragung zum Thema \u201eAktuelle Herausforderungen von F\u00fchrungskr\u00e4ften\u201c","twitter_description":"#IFIDZ #Wiesbaden untersucht aktuelle #Herausforderungen und Fragen von #F\u00fchrungskr\u00e4ften in #Unternehmen. Nehmen Sie an der #Umfrage teil!","twitter_image":"https:\/\/www.organisator.ch\/wp-content\/uploads\/2024\/12\/IFIDZ_Bild1_ps.jpg","schema":{"@context":"https:\/\/schema.org","@graph":[{"@type":"Article","@id":"https:\/\/www.organisator.ch\/management\/2024-12-04\/online-befragung-zum-thema-aktuelle-herausforderungen-von-fuehrungskraeften\/#article","isPartOf":{"@id":"https:\/\/www.organisator.ch\/management\/2024-12-04\/online-befragung-zum-thema-aktuelle-herausforderungen-von-fuehrungskraeften\/"},"author":{"name":"Dzana Muminovic","@id":"https:\/\/www.organisator.ch\/#\/schema\/person\/afccda3a71c06d4be2ed9100dd163db7"},"headline":"Online-Befragung zum Thema \u201eAktuelle Herausforderungen von F\u00fchrungskr\u00e4ften\u201c","datePublished":"2024-12-04T10:00:25+00:00","mainEntityOfPage":{"@id":"https:\/\/www.organisator.ch\/management\/2024-12-04\/online-befragung-zum-thema-aktuelle-herausforderungen-von-fuehrungskraeften\/"},"wordCount":381,"publisher":{"@id":"https:\/\/www.organisator.ch\/#organization"},"image":{"@id":"https:\/\/www.organisator.ch\/management\/2024-12-04\/online-befragung-zum-thema-aktuelle-herausforderungen-von-fuehrungskraeften\/#primaryimage"},"thumbnailUrl":"https:\/\/www.organisator.ch\/wp-content\/uploads\/2024\/12\/IFIDZ_Bild1_ps.jpg","keywords":["F\u00fchrungskr\u00e4fte","Herausforderungen","KI","Mitarbeiterzufriedenheit","Technologie","Umfrage"],"articleSection":["MANAGEMENT"],"inLanguage":"de"},{"@type":"WebPage","@id":"https:\/\/www.organisator.ch\/management\/2024-12-04\/online-befragung-zum-thema-aktuelle-herausforderungen-von-fuehrungskraeften\/","url":"https:\/\/www.organisator.ch\/management\/2024-12-04\/online-befragung-zum-thema-aktuelle-herausforderungen-von-fuehrungskraeften\/","name":"Online-Befragung zum Thema \u201eAktuelle Herausforderungen von F\u00fchrungskr\u00e4ften\u201c - Organisator","isPartOf":{"@id":"https:\/\/www.organisator.ch\/#website"},"primaryImageOfPage":{"@id":"https:\/\/www.organisator.ch\/management\/2024-12-04\/online-befragung-zum-thema-aktuelle-herausforderungen-von-fuehrungskraeften\/#primaryimage"},"image":{"@id":"https:\/\/www.organisator.ch\/management\/2024-12-04\/online-befragung-zum-thema-aktuelle-herausforderungen-von-fuehrungskraeften\/#primaryimage"},"thumbnailUrl":"https:\/\/www.organisator.ch\/wp-content\/uploads\/2024\/12\/IFIDZ_Bild1_ps.jpg","datePublished":"2024-12-04T10:00:25+00:00","description":"IFIDZ Wiesbaden untersucht aktuelle Herausforderungen und Fragen von F\u00fchrungskr\u00e4ften in Unternehmen. Nehmen Sie an der Umfrage teil!","breadcrumb":{"@id":"https:\/\/www.organisator.ch\/management\/2024-12-04\/online-befragung-zum-thema-aktuelle-herausforderungen-von-fuehrungskraeften\/#breadcrumb"},"inLanguage":"de","potentialAction":[{"@type":"ReadAction","target":["https:\/\/www.organisator.ch\/management\/2024-12-04\/online-befragung-zum-thema-aktuelle-herausforderungen-von-fuehrungskraeften\/"]}]},{"@type":"ImageObject","inLanguage":"de","@id":"https:\/\/www.organisator.ch\/management\/2024-12-04\/online-befragung-zum-thema-aktuelle-herausforderungen-von-fuehrungskraeften\/#primaryimage","url":"https:\/\/www.organisator.ch\/wp-content\/uploads\/2024\/12\/IFIDZ_Bild1_ps.jpg","contentUrl":"https:\/\/www.organisator.ch\/wp-content\/uploads\/2024\/12\/IFIDZ_Bild1_ps.jpg","width":680,"height":454,"caption":"IFIDZ Wiesbaden untersucht aktuelle Herausforderungen und Fragen von F\u00fchrungskr\u00e4ften in Unternehmen. (Bild: www.depositphotos.com)"},{"@type":"BreadcrumbList","@id":"https:\/\/www.organisator.ch\/management\/2024-12-04\/online-befragung-zum-thema-aktuelle-herausforderungen-von-fuehrungskraeften\/#breadcrumb","itemListElement":[{"@type":"ListItem","position":1,"name":"Home","item":"https:\/\/www.organisator.ch\/"},{"@type":"ListItem","position":2,"name":"Online-Befragung zum Thema \u201eAktuelle Herausforderungen von F\u00fchrungskr\u00e4ften\u201c"}]},{"@type":"WebSite","@id":"https:\/\/www.organisator.ch\/#website","url":"https:\/\/www.organisator.ch\/","name":"Organisator","description":"Kompetent. Praxisnah. Der ORGANISATOR bereitet in 10 Ausgaben pro Jahr die wesentlichen Themen f\u00fcr F\u00fchrungskr\u00e4fte von KMU auf.","publisher":{"@id":"https:\/\/www.organisator.ch\/#organization"},"potentialAction":[{"@type":"SearchAction","target":{"@type":"EntryPoint","urlTemplate":"https:\/\/www.organisator.ch\/?s={search_term_string}"},"query-input":{"@type":"PropertyValueSpecification","valueRequired":true,"valueName":"search_term_string"}}],"inLanguage":"de"},{"@type":"Organization","@id":"https:\/\/www.organisator.ch\/#organization","name":"Organisator","url":"https:\/\/www.organisator.ch\/","logo":{"@type":"ImageObject","inLanguage":"de","@id":"https:\/\/www.organisator.ch\/#\/schema\/logo\/image\/","url":"https:\/\/www.organisator.ch\/wp-content\/uploads\/2022\/01\/Logo_Organisator_Website.png","contentUrl":"https:\/\/www.organisator.ch\/wp-content\/uploads\/2022\/01\/Logo_Organisator_Website.png","width":800,"height":77,"caption":"Organisator"},"image":{"@id":"https:\/\/www.organisator.ch\/#\/schema\/logo\/image\/"},"sameAs":["https:\/\/www.facebook.com\/OrganisatorFachmagazin","https:\/\/www.linkedin.com\/showcase\/organisator-das-magazin-fr-kmu","https:\/\/www.xing.com\/news\/pages\/organisator-ch-695","https:\/\/www.youtube.com\/channel\/UCGP2Sq0iWaZwT3BdIAQFYpw"]},{"@type":"Person","@id":"https:\/\/www.organisator.ch\/#\/schema\/person\/afccda3a71c06d4be2ed9100dd163db7","name":"Dzana Muminovic","image":{"@type":"ImageObject","inLanguage":"de","@id":"https:\/\/secure.gravatar.com\/avatar\/909c5c71aff4b38e88686f2ab2f1ba152571f394f41ed8bae431ea56ced93050?s=96&d=mm&r=g","url":"https:\/\/secure.gravatar.com\/avatar\/909c5c71aff4b38e88686f2ab2f1ba152571f394f41ed8bae431ea56ced93050?s=96&d=mm&r=g","contentUrl":"https:\/\/secure.gravatar.com\/avatar\/909c5c71aff4b38e88686f2ab2f1ba152571f394f41ed8bae431ea56ced93050?s=96&d=mm&r=g","caption":"Dzana Muminovic"},"url":"https:\/\/www.organisator.ch\/de\/author\/dzana-muminovic\/"}]}},"_links":{"self":[{"href":"https:\/\/www.organisator.ch\/de\/wp-json\/wp\/v2\/posts\/34409","targetHints":{"allow":["GET"]}}],"collection":[{"href":"https:\/\/www.organisator.ch\/de\/wp-json\/wp\/v2\/posts"}],"about":[{"href":"https:\/\/www.organisator.ch\/de\/wp-json\/wp\/v2\/types\/post"}],"author":[{"embeddable":true,"href":"https:\/\/www.organisator.ch\/de\/wp-json\/wp\/v2\/users\/80"}],"replies":[{"embeddable":true,"href":"https:\/\/www.organisator.ch\/de\/wp-json\/wp\/v2\/comments?post=34409"}],"version-history":[{"count":4,"href":"https:\/\/www.organisator.ch\/de\/wp-json\/wp\/v2\/posts\/34409\/revisions"}],"predecessor-version":[{"id":34430,"href":"https:\/\/www.organisator.ch\/de\/wp-json\/wp\/v2\/posts\/34409\/revisions\/34430"}],"wp:featuredmedia":[{"embeddable":true,"href":"https:\/\/www.organisator.ch\/de\/wp-json\/wp\/v2\/media\/34410"}],"wp:attachment":[{"href":"https:\/\/www.organisator.ch\/de\/wp-json\/wp\/v2\/media?parent=34409"}],"wp:term":[{"taxonomy":"category","embeddable":true,"href":"https:\/\/www.organisator.ch\/de\/wp-json\/wp\/v2\/categories?post=34409"},{"taxonomy":"post_tag","embeddable":true,"href":"https:\/\/www.organisator.ch\/de\/wp-json\/wp\/v2\/tags?post=34409"}],"curies":[{"name":"wp","href":"https:\/\/api.w.org\/{rel}","templated":true}]}}