{"id":34413,"date":"2024-12-05T06:52:35","date_gmt":"2024-12-05T05:52:35","guid":{"rendered":"https:\/\/www.organisator.ch\/?p=34413"},"modified":"2024-12-04T13:53:00","modified_gmt":"2024-12-04T12:53:00","slug":"ruppige-weltmaerkte-fordern-die-wirtschaft","status":"publish","type":"post","link":"https:\/\/www.organisator.ch\/de\/management\/2024-12-05\/ruppige-weltmaerkte-fordern-die-wirtschaft\/","title":{"rendered":"Ruppige Weltm\u00e4rkte fordern die Wirtschaft"},"content":{"rendered":"<figure id=\"attachment_34414\" aria-describedby=\"caption-attachment-34414\" style=\"width: 680px\" class=\"wp-caption alignnone\"><img loading=\"lazy\" decoding=\"async\" class=\"size-full wp-image-34414\" src=\"https:\/\/www.organisator.ch\/wp-content\/uploads\/2024\/12\/Economiesuisse_Bild1_ps.jpg\" alt=\"\" width=\"680\" height=\"381\" srcset=\"https:\/\/www.organisator.ch\/wp-content\/uploads\/2024\/12\/Economiesuisse_Bild1_ps.jpg 680w, https:\/\/www.organisator.ch\/wp-content\/uploads\/2024\/12\/Economiesuisse_Bild1_ps-18x10.jpg 18w, https:\/\/www.organisator.ch\/wp-content\/uploads\/2024\/12\/Economiesuisse_Bild1_ps-375x210.jpg 375w, https:\/\/www.organisator.ch\/wp-content\/uploads\/2024\/12\/Economiesuisse_Bild1_ps-625x350.jpg 625w\" sizes=\"auto, (max-width: 680px) 100vw, 680px\" \/><figcaption id=\"caption-attachment-34414\" class=\"wp-caption-text\">Geopolitische Spannungen belasten das Weltwirtschaftswachstum und die Schweizer Exportwirtschaft. Schwache Nachfrage, besonders in Europa. (Bild: www.economiesuisse.ch)<\/figcaption><\/figure>\n<p>Die Schweizer Binnenwirtschaft w\u00e4chst solide. Economiesuisse sch\u00e4tzt, dass das reale Schweizer Bruttoinlandprodukt (BIP) 2024 insgesamt um 1,1 Prozent steigt (unver\u00e4ndert). Das Wachstum wird mit 1,4 Prozent auch 2025 etwas unter Potenzial verbleiben. Die Arbeitskr\u00e4fteknappheit entspannt sich leicht. Die Arbeitslosenquote verbleibt mit 2,4 Prozent (2024) und 2,6 Prozent (2025) tief. Die Inflation geht weiter zur\u00fcck im Jahresvergleich und liegt im Zielband der SNB.<\/p>\n<h3>Weltm\u00e4rkte im Griff von Handelskonflikten und Inflation<\/h3>\n<p>Die geopolitischen Spannungen halten an, die Weltm\u00e4rkte fragmentieren sich weiter in Handelsbl\u00f6cke und einzelne M\u00e4rkte, die sich voneinander abschotten. Dies wird sich auch mit der \u00dcbernahme der Regierungst\u00e4tigkeit von Trump nicht \u00e4ndern, vielmehr werden wohl weitere Handelsbarrieren errichtet, die mit Gegenmassnahmen anderer L\u00e4nder begleitet werden. Allerdings werden die Regierungen bedacht darauf sein m\u00fcssen, die Teuerung in ihren L\u00e4ndern nicht durch Zollerh\u00f6hungen wieder anzufachen. Zu sehr sind die Konsumenten sensibilisiert f\u00fcr die negativen Konsequenzen der Inflation, die gerade in den USA oder in EU-L\u00e4ndern besonders der einkommensschw\u00e4cheren Bev\u00f6lkerung zu schaffen machte und immer noch macht.<\/p>\n<p>Die Inflation in den USA bel\u00e4uft sich noch auf 2,6 Prozent und in der EU auf 2,3 Prozent und liegt somit mittlerweile nicht mehr weit \u00fcber dem angestrebten Ziel von 2 Prozent. Doch die Kerninflation &#8211; also die Teuerungsrate ohne die volatilen Komponenten Nahrungsmittel- und Energiepreise \u2013 \u00fcbersteigt diesen Zielwert sowohl in den USA mit 3,3 Prozent als auch in der Euro-Zone mit 2,7 Prozent deutlich. Erh\u00f6hte Importpreise beispielsweise w\u00fcrden sehr rasch die Inflationsrate wieder anheizen. In China ist zwar die Inflation weniger ein Problem, doch das Land spielt derzeit kaum mehr die Rolle als Wachstumslokomotive der Weltwirtschaft. Die dortige Binnenwirtschaft leidet an den Folgen der zerplatzten Immobilienblase: Der Konsum schw\u00e4chelt, die Investitionen sind tief. Zudem wird die Exportwirtschaft unter dem Handelskonflikt vor allem mit den USA gebremst. Der Krieg in der Ukraine und der Nahostkonflikt belasten die Weltkonjunktur weiterhin und sorgen f\u00fcr Unsicherheit.<\/p>\n<h3><strong>Exportwirtschaft: Jahr der Herausforderungen<\/strong><\/h3>\n<p>Die ruppige Weltwirtschaft belastet die Schweizer Exportindustrie. Insgesamt aber behauptet sie sich auch im schwierigen internationalen Umfeld durch den Fokus auf hochspezialisierte Nischenprodukte und innovative Spezialit\u00e4ten. Die Schweizer Exportwirtschaft profitiert von der breiten Diversifikation mit einem guten Branchenmix und einer weltweiten Orientierung. Dies hilft in unsicheren Zeiten. Wenn die Nachfrage beispielsweise in der europ\u00e4ischen Automobilindustrie schwach ausf\u00e4llt, ist dies f\u00fcr die Schweiz zwar problematisch, nicht aber existenzbedrohend, weil andere M\u00e4rkte zumindest teilweise kompensierend wirken. Aber die Herausforderungen werden 2025 im Ausland eher zu- als abnehmen.<\/p>\n<p>Economiesuisse rechnet insgesamt mit nur schwach steigenden Waren- und Dienstleistungsexporten im n\u00e4chsten Jahr. Stabil zulegen werden die Pharma- und die Medizinalg\u00fcterindustrie, die weniger den Schwankungen der Konjunktur ausgesetzt sind. Die Nachfrageschw\u00e4che belastet vor allem die Maschinen- und Uhrenindustrie. Bei der Textil- und der Chemieindustrie sind die Aussichten durchzogen. Die gr\u00f6sste M\u00fche bekunden Branchen, die stark nach China und nach Deutschland ausgerichtet sind. Doch die Branchenoptik verf\u00e4lscht das Bild etwas, k\u00f6nnen doch in jeder Branche einzelne Unternehmen erfolgreich expandieren. Etwas weniger im Fokus sind die Schweizer Dienstleistungsexporte, die aber robust zunehmen. Der Tourismus kann zwar nicht an die Zahlen der Nachpandemiezeit ankn\u00fcpfen, blickt aber positiv in die Zukunft. Die Bank- und Versicherungsdienstleistungen entwickeln sich stabil. Der Rohstoffhandel profitiert tendenziell vom volatileren Marktumfeld und h\u00f6heren Preisen.<\/p>\n<h3><strong>Solide Entwicklung der Binnenwirtschaft<\/strong><\/h3>\n<p>Die Binnenwirtschaft kann sich auf eine stabile Konsumnachfrage st\u00fctzen. Die privaten Haushalte profitieren von Reallohnerh\u00f6hungen und tiefer Arbeitslosigkeit. Auch der Staat konsumiert kr\u00e4ftig. Deutlich verhaltener sind die Unternehmen, wo die unsichere Marktentwicklung die Investitionen d\u00e4mpft. F\u00fcr 2025 sollten die Ausr\u00fcstungsinvestitionen aber wieder zunehmen. Viele Branchen, die mehrheitlich binnenwirtschaftlich orientiert sind, entwickeln sich nach einem guten 2024 auch 2025 positiv: Der Bau und besonders das Ausbaugewerbe, der Gross-, Detailhandel, die Gesundheitsbranche, das Beratungswesen oder Informatik\/Telekom werden insgesamt zulegen k\u00f6nnen. Schwieriger wird es f\u00fcr das Druck- und Verlagswesen. F\u00fcr die Binnenwirtschaft st\u00fctzend wirken die tiefen Zinsen, die niedrige Inflation, die steigenden Nominall\u00f6hne, sinkende Strompreise und die leicht steigende Besch\u00e4ftigung.<\/p>\n<p>Der Schweizer Arbeitsmarkt normalisiert sich derzeit etwas. Die Zahl der offenen Stellen nimmt ab und der Arbeitskr\u00e4ftemangel reduziert sich leicht. Doch die Besch\u00e4ftigungsaussichten bleiben insgesamt gut, denn mehr Firmen wollen den Personalbestand aus- als abbauen. Economiesuisse geht davon aus, dass die Arbeitslosenquote nur leicht von 2,4 Prozent (2024) auf 2,6 Prozent (2025) ansteigen wird.<\/p>\n<p>Die Inflation in der Schweiz ist tief. Sie hat sich rascher als erwartet zur\u00fcckgebildet. Solange die Energiepreise nicht wieder stark ansteigen, sind die Preisauftriebe f\u00fcr 2025 begrenzt. Die Inflation wird weiterhin innerhalb des Zielbandes der SNB zu liegen kommen und auf unter ein Prozent sinken. Der Franken wird im Jahresvergleich aus mehreren Gr\u00fcnden (nominal) st\u00e4rker werden. Erstens sinken die Zinsdifferenziale vom Schweizer Franken zum Euro und zum Dollar. Zweitens ist die Inflation in der Schweiz nachhaltig tiefer als in den anderen W\u00e4hrungsgebieten. Drittens ist die Staatsverschuldung insgesamt und die Neuverschuldung unseres Landes klein. Und viertens h\u00e4lt der Handelsbilanz\u00fcberschuss der Schweiz an. Der Franken wird dadurch gegen\u00fcber dem Euro an St\u00e4rke gewinnen. Economiesuisse rechnet mit einem durchschnittlichen Franken-Euro-Kurs von 91 Rappen im Jahr 2025. Da die konjunkturelle Entwicklung in den USA deutlich besser ist als diejenige der Euro-Zone, wird die Aufwertung gegen\u00fcber dem Dollar kleiner ausfallen. Wir haben es vor allem mit einer Euro-Schw\u00e4che zu tun.<\/p>\n<h3><strong>Konjunkturrisiken und Wachstumshemmnisse<\/strong><\/h3>\n<p>Die Teilnehmenden der Umfrage von Economiesuisse im November finden, dass die geopolitischen Spannungen das gr\u00f6sste Konjunkturrisiko darstellen. Wie die nicht gest\u00fctzten Antworten zeigen, werden die Risiken vor allem im Ausland verortet, wobei Deutschland und die USA besonders hervorgehoben werden. Doch auch die inl\u00e4ndischen Voraussetzungen hemmen das Wirtschaftswachstum, allen voran die B\u00fcrokratie und Regulierungen. Fast ein F\u00fcnftel gibt an, dass dadurch das Wachstum eingeschr\u00e4nkt wird. Im Vergleich zum Juni 2024 und zu letztem Jahr hat sich der Anteil der Firmen, welche akut unter Arbeitskr\u00e4ftemangel leiden, reduziert. Rund 7 Prozent der Umfrageteilnehmer geben an, dass dies f\u00fcr ihre Unternehmung aber immer noch das gr\u00f6sste Konjunkturrisiko darstellt. Zudem wird der Wechselkurs von 10 Prozent mit Sorge beobachtet.<\/p>\n<figure id=\"attachment_34415\" aria-describedby=\"caption-attachment-34415\" style=\"width: 680px\" class=\"wp-caption alignnone\"><img loading=\"lazy\" decoding=\"async\" class=\"wp-image-34415 size-full\" src=\"https:\/\/www.organisator.ch\/wp-content\/uploads\/2024\/12\/Economiesuisse_Bild2_ps.jpg\" alt=\"\" width=\"680\" height=\"512\" srcset=\"https:\/\/www.organisator.ch\/wp-content\/uploads\/2024\/12\/Economiesuisse_Bild2_ps.jpg 680w, https:\/\/www.organisator.ch\/wp-content\/uploads\/2024\/12\/Economiesuisse_Bild2_ps-16x12.jpg 16w, https:\/\/www.organisator.ch\/wp-content\/uploads\/2024\/12\/Economiesuisse_Bild2_ps-375x282.jpg 375w, https:\/\/www.organisator.ch\/wp-content\/uploads\/2024\/12\/Economiesuisse_Bild2_ps-465x350.jpg 465w\" sizes=\"auto, (max-width: 680px) 100vw, 680px\" \/><figcaption id=\"caption-attachment-34415\" class=\"wp-caption-text\">Umfrage Economiesuisse November 2024, n=431.<\/figcaption><\/figure>\n<p><em>Quelle: <a href=\"http:\/\/www.economiesuisse.ch\">www.economiesuisse.ch<\/a><\/em><\/p>\n","protected":false},"excerpt":{"rendered":"<p>Die geopolitischen Spannungen belasten das Weltwirtschaftswachstum und damit die Schweizer Exportwirtschaft. Die Nachfrage ist schwach, insbesondere in Europa. Die weltwirtschaftliche Situation wird sich auch im n\u00e4chsten Jahr nicht entscheidend verbessern, im Gegenteil ist mit verst\u00e4rkten Handelsstreitigkeiten zu rechnen. <\/p>\n","protected":false},"author":80,"featured_media":34414,"comment_status":"closed","ping_status":"closed","sticky":false,"template":"","format":"standard","meta":{"_acf_changed":false,"_yoast_wpseo_focuskw":"Schweizer Exportwirtschaft","_yoast_wpseo_metadesc":"Geopolitische Spannungen belasten das Weltwirtschaftswachstum und die Schweizer Exportwirtschaft. Schwache Nachfrage, besonders in Europa.","articlekey":"","footnotes":""},"categories":[28],"tags":[4916,2994,310,2643,4915,2861],"class_list":["post-34413","post","type-post","status-publish","format-standard","has-post-thumbnail","hentry","category-management","tag-binnenwirtschaft","tag-exportwirtschaft","tag-konjunktur","tag-wachstum","tag-weltmarkt","tag-weltwirtschaft"],"acf":[],"yoast_head":"<!-- This site is optimized with the Yoast SEO plugin v27.4 - https:\/\/yoast.com\/product\/yoast-seo-wordpress\/ -->\n<title>Ruppige Weltm\u00e4rkte fordern die Wirtschaft - Organisator<\/title>\n<meta name=\"description\" content=\"Geopolitische Spannungen belasten das Weltwirtschaftswachstum und die Schweizer Exportwirtschaft. Schwache Nachfrage, besonders in Europa.\" \/>\n<meta name=\"robots\" content=\"index, follow, max-snippet:-1, max-image-preview:large, max-video-preview:-1\" \/>\n<link rel=\"canonical\" href=\"https:\/\/www.organisator.ch\/de\/management\/2024-12-05\/ruppige-weltmaerkte-fordern-die-wirtschaft\/\" \/>\n<meta property=\"og:locale\" content=\"de_DE\" \/>\n<meta property=\"og:type\" content=\"article\" \/>\n<meta property=\"og:title\" content=\"Ruppige Weltm\u00e4rkte fordern die Wirtschaft\" \/>\n<meta property=\"og:description\" content=\"Geopolitische Spannungen belasten das Weltwirtschaftswachstum und die Schweizer Exportwirtschaft. Schwache Nachfrage, besonders in Europa.\" \/>\n<meta property=\"og:url\" content=\"https:\/\/www.organisator.ch\/de\/management\/2024-12-05\/ruppige-weltmaerkte-fordern-die-wirtschaft\/\" \/>\n<meta property=\"og:site_name\" content=\"Organisator\" \/>\n<meta property=\"article:publisher\" content=\"https:\/\/www.facebook.com\/OrganisatorFachmagazin\" \/>\n<meta property=\"article:published_time\" content=\"2024-12-05T05:52:35+00:00\" \/>\n<meta property=\"og:image\" content=\"https:\/\/www.organisator.ch\/wp-content\/uploads\/2024\/12\/Economiesuisse_Bild1_ps.jpg\" \/>\n\t<meta property=\"og:image:width\" content=\"680\" \/>\n\t<meta property=\"og:image:height\" content=\"381\" \/>\n\t<meta property=\"og:image:type\" content=\"image\/jpeg\" \/>\n<meta name=\"author\" content=\"Dzana Muminovic\" \/>\n<meta name=\"twitter:card\" content=\"summary_large_image\" \/>\n<meta name=\"twitter:title\" content=\"Ruppige Weltm\u00e4rkte fordern die Wirtschaft\" \/>\n<meta name=\"twitter:description\" content=\"#Geopolitische #Spannungen belasten das #Weltwirtschaftswachstum und die #Schweizer #Exportwirtschaft. Schwache #Nachfrage, besonders in #Europa.\" \/>\n<meta name=\"twitter:image\" content=\"https:\/\/www.organisator.ch\/wp-content\/uploads\/2024\/12\/Economiesuisse_Bild1_ps.jpg\" \/>\n<script type=\"application\/ld+json\" class=\"yoast-schema-graph\">{\"@context\":\"https:\\\/\\\/schema.org\",\"@graph\":[{\"@type\":\"Article\",\"@id\":\"https:\\\/\\\/www.organisator.ch\\\/management\\\/2024-12-05\\\/ruppige-weltmaerkte-fordern-die-wirtschaft\\\/#article\",\"isPartOf\":{\"@id\":\"https:\\\/\\\/www.organisator.ch\\\/management\\\/2024-12-05\\\/ruppige-weltmaerkte-fordern-die-wirtschaft\\\/\"},\"author\":{\"name\":\"Dzana Muminovic\",\"@id\":\"https:\\\/\\\/www.organisator.ch\\\/#\\\/schema\\\/person\\\/afccda3a71c06d4be2ed9100dd163db7\"},\"headline\":\"Ruppige Weltm\u00e4rkte fordern die Wirtschaft\",\"datePublished\":\"2024-12-05T05:52:35+00:00\",\"mainEntityOfPage\":{\"@id\":\"https:\\\/\\\/www.organisator.ch\\\/management\\\/2024-12-05\\\/ruppige-weltmaerkte-fordern-die-wirtschaft\\\/\"},\"wordCount\":1047,\"publisher\":{\"@id\":\"https:\\\/\\\/www.organisator.ch\\\/#organization\"},\"image\":{\"@id\":\"https:\\\/\\\/www.organisator.ch\\\/management\\\/2024-12-05\\\/ruppige-weltmaerkte-fordern-die-wirtschaft\\\/#primaryimage\"},\"thumbnailUrl\":\"https:\\\/\\\/www.organisator.ch\\\/wp-content\\\/uploads\\\/2024\\\/12\\\/Economiesuisse_Bild1_ps.jpg\",\"keywords\":[\"Binnenwirtschaft\",\"Exportwirtschaft\",\"Konjunktur\",\"Wachstum\",\"Weltmarkt\",\"Weltwirtschaft\"],\"articleSection\":[\"MANAGEMENT\"],\"inLanguage\":\"de\"},{\"@type\":\"WebPage\",\"@id\":\"https:\\\/\\\/www.organisator.ch\\\/management\\\/2024-12-05\\\/ruppige-weltmaerkte-fordern-die-wirtschaft\\\/\",\"url\":\"https:\\\/\\\/www.organisator.ch\\\/management\\\/2024-12-05\\\/ruppige-weltmaerkte-fordern-die-wirtschaft\\\/\",\"name\":\"Ruppige Weltm\u00e4rkte fordern die Wirtschaft - Organisator\",\"isPartOf\":{\"@id\":\"https:\\\/\\\/www.organisator.ch\\\/#website\"},\"primaryImageOfPage\":{\"@id\":\"https:\\\/\\\/www.organisator.ch\\\/management\\\/2024-12-05\\\/ruppige-weltmaerkte-fordern-die-wirtschaft\\\/#primaryimage\"},\"image\":{\"@id\":\"https:\\\/\\\/www.organisator.ch\\\/management\\\/2024-12-05\\\/ruppige-weltmaerkte-fordern-die-wirtschaft\\\/#primaryimage\"},\"thumbnailUrl\":\"https:\\\/\\\/www.organisator.ch\\\/wp-content\\\/uploads\\\/2024\\\/12\\\/Economiesuisse_Bild1_ps.jpg\",\"datePublished\":\"2024-12-05T05:52:35+00:00\",\"description\":\"Geopolitische Spannungen belasten das Weltwirtschaftswachstum und die Schweizer Exportwirtschaft. Schwache Nachfrage, besonders in Europa.\",\"breadcrumb\":{\"@id\":\"https:\\\/\\\/www.organisator.ch\\\/management\\\/2024-12-05\\\/ruppige-weltmaerkte-fordern-die-wirtschaft\\\/#breadcrumb\"},\"inLanguage\":\"de\",\"potentialAction\":[{\"@type\":\"ReadAction\",\"target\":[\"https:\\\/\\\/www.organisator.ch\\\/management\\\/2024-12-05\\\/ruppige-weltmaerkte-fordern-die-wirtschaft\\\/\"]}]},{\"@type\":\"ImageObject\",\"inLanguage\":\"de\",\"@id\":\"https:\\\/\\\/www.organisator.ch\\\/management\\\/2024-12-05\\\/ruppige-weltmaerkte-fordern-die-wirtschaft\\\/#primaryimage\",\"url\":\"https:\\\/\\\/www.organisator.ch\\\/wp-content\\\/uploads\\\/2024\\\/12\\\/Economiesuisse_Bild1_ps.jpg\",\"contentUrl\":\"https:\\\/\\\/www.organisator.ch\\\/wp-content\\\/uploads\\\/2024\\\/12\\\/Economiesuisse_Bild1_ps.jpg\",\"width\":680,\"height\":381,\"caption\":\"Geopolitische Spannungen belasten das Weltwirtschaftswachstum und die Schweizer Exportwirtschaft. Schwache Nachfrage, besonders in Europa. (Bild: www.economiesuisse.ch)\"},{\"@type\":\"BreadcrumbList\",\"@id\":\"https:\\\/\\\/www.organisator.ch\\\/management\\\/2024-12-05\\\/ruppige-weltmaerkte-fordern-die-wirtschaft\\\/#breadcrumb\",\"itemListElement\":[{\"@type\":\"ListItem\",\"position\":1,\"name\":\"Home\",\"item\":\"https:\\\/\\\/www.organisator.ch\\\/\"},{\"@type\":\"ListItem\",\"position\":2,\"name\":\"Ruppige Weltm\u00e4rkte fordern die Wirtschaft\"}]},{\"@type\":\"WebSite\",\"@id\":\"https:\\\/\\\/www.organisator.ch\\\/#website\",\"url\":\"https:\\\/\\\/www.organisator.ch\\\/\",\"name\":\"Organisator\",\"description\":\"Kompetent. Praxisnah. Der ORGANISATOR bereitet in 10 Ausgaben pro Jahr die wesentlichen Themen f\u00fcr F\u00fchrungskr\u00e4fte von KMU auf.\",\"publisher\":{\"@id\":\"https:\\\/\\\/www.organisator.ch\\\/#organization\"},\"potentialAction\":[{\"@type\":\"SearchAction\",\"target\":{\"@type\":\"EntryPoint\",\"urlTemplate\":\"https:\\\/\\\/www.organisator.ch\\\/?s={search_term_string}\"},\"query-input\":{\"@type\":\"PropertyValueSpecification\",\"valueRequired\":true,\"valueName\":\"search_term_string\"}}],\"inLanguage\":\"de\"},{\"@type\":\"Organization\",\"@id\":\"https:\\\/\\\/www.organisator.ch\\\/#organization\",\"name\":\"Organisator\",\"url\":\"https:\\\/\\\/www.organisator.ch\\\/\",\"logo\":{\"@type\":\"ImageObject\",\"inLanguage\":\"de\",\"@id\":\"https:\\\/\\\/www.organisator.ch\\\/#\\\/schema\\\/logo\\\/image\\\/\",\"url\":\"https:\\\/\\\/www.organisator.ch\\\/wp-content\\\/uploads\\\/2022\\\/01\\\/Logo_Organisator_Website.png\",\"contentUrl\":\"https:\\\/\\\/www.organisator.ch\\\/wp-content\\\/uploads\\\/2022\\\/01\\\/Logo_Organisator_Website.png\",\"width\":800,\"height\":77,\"caption\":\"Organisator\"},\"image\":{\"@id\":\"https:\\\/\\\/www.organisator.ch\\\/#\\\/schema\\\/logo\\\/image\\\/\"},\"sameAs\":[\"https:\\\/\\\/www.facebook.com\\\/OrganisatorFachmagazin\",\"https:\\\/\\\/www.linkedin.com\\\/showcase\\\/organisator-das-magazin-fr-kmu\",\"https:\\\/\\\/www.xing.com\\\/news\\\/pages\\\/organisator-ch-695\",\"https:\\\/\\\/www.youtube.com\\\/channel\\\/UCGP2Sq0iWaZwT3BdIAQFYpw\"]},{\"@type\":\"Person\",\"@id\":\"https:\\\/\\\/www.organisator.ch\\\/#\\\/schema\\\/person\\\/afccda3a71c06d4be2ed9100dd163db7\",\"name\":\"Dzana Muminovic\",\"image\":{\"@type\":\"ImageObject\",\"inLanguage\":\"de\",\"@id\":\"https:\\\/\\\/secure.gravatar.com\\\/avatar\\\/909c5c71aff4b38e88686f2ab2f1ba152571f394f41ed8bae431ea56ced93050?s=96&d=mm&r=g\",\"url\":\"https:\\\/\\\/secure.gravatar.com\\\/avatar\\\/909c5c71aff4b38e88686f2ab2f1ba152571f394f41ed8bae431ea56ced93050?s=96&d=mm&r=g\",\"contentUrl\":\"https:\\\/\\\/secure.gravatar.com\\\/avatar\\\/909c5c71aff4b38e88686f2ab2f1ba152571f394f41ed8bae431ea56ced93050?s=96&d=mm&r=g\",\"caption\":\"Dzana Muminovic\"},\"url\":\"https:\\\/\\\/www.organisator.ch\\\/de\\\/author\\\/dzana-muminovic\\\/\"}]}<\/script>\n<!-- \/ Yoast SEO plugin. -->","yoast_head_json":{"title":"Ruppige Weltm\u00e4rkte fordern die Wirtschaft - Organisator","description":"Geopolitische Spannungen belasten das Weltwirtschaftswachstum und die Schweizer Exportwirtschaft. Schwache Nachfrage, besonders in Europa.","robots":{"index":"index","follow":"follow","max-snippet":"max-snippet:-1","max-image-preview":"max-image-preview:large","max-video-preview":"max-video-preview:-1"},"canonical":"https:\/\/www.organisator.ch\/de\/management\/2024-12-05\/ruppige-weltmaerkte-fordern-die-wirtschaft\/","og_locale":"de_DE","og_type":"article","og_title":"Ruppige Weltm\u00e4rkte fordern die Wirtschaft","og_description":"Geopolitische Spannungen belasten das Weltwirtschaftswachstum und die Schweizer Exportwirtschaft. Schwache Nachfrage, besonders in Europa.","og_url":"https:\/\/www.organisator.ch\/de\/management\/2024-12-05\/ruppige-weltmaerkte-fordern-die-wirtschaft\/","og_site_name":"Organisator","article_publisher":"https:\/\/www.facebook.com\/OrganisatorFachmagazin","article_published_time":"2024-12-05T05:52:35+00:00","og_image":[{"width":680,"height":381,"url":"https:\/\/www.organisator.ch\/wp-content\/uploads\/2024\/12\/Economiesuisse_Bild1_ps.jpg","type":"image\/jpeg"}],"author":"Dzana Muminovic","twitter_card":"summary_large_image","twitter_title":"Ruppige Weltm\u00e4rkte fordern die Wirtschaft","twitter_description":"#Geopolitische #Spannungen belasten das #Weltwirtschaftswachstum und die #Schweizer #Exportwirtschaft. Schwache #Nachfrage, besonders in #Europa.","twitter_image":"https:\/\/www.organisator.ch\/wp-content\/uploads\/2024\/12\/Economiesuisse_Bild1_ps.jpg","schema":{"@context":"https:\/\/schema.org","@graph":[{"@type":"Article","@id":"https:\/\/www.organisator.ch\/management\/2024-12-05\/ruppige-weltmaerkte-fordern-die-wirtschaft\/#article","isPartOf":{"@id":"https:\/\/www.organisator.ch\/management\/2024-12-05\/ruppige-weltmaerkte-fordern-die-wirtschaft\/"},"author":{"name":"Dzana Muminovic","@id":"https:\/\/www.organisator.ch\/#\/schema\/person\/afccda3a71c06d4be2ed9100dd163db7"},"headline":"Ruppige Weltm\u00e4rkte fordern die Wirtschaft","datePublished":"2024-12-05T05:52:35+00:00","mainEntityOfPage":{"@id":"https:\/\/www.organisator.ch\/management\/2024-12-05\/ruppige-weltmaerkte-fordern-die-wirtschaft\/"},"wordCount":1047,"publisher":{"@id":"https:\/\/www.organisator.ch\/#organization"},"image":{"@id":"https:\/\/www.organisator.ch\/management\/2024-12-05\/ruppige-weltmaerkte-fordern-die-wirtschaft\/#primaryimage"},"thumbnailUrl":"https:\/\/www.organisator.ch\/wp-content\/uploads\/2024\/12\/Economiesuisse_Bild1_ps.jpg","keywords":["Binnenwirtschaft","Exportwirtschaft","Konjunktur","Wachstum","Weltmarkt","Weltwirtschaft"],"articleSection":["MANAGEMENT"],"inLanguage":"de"},{"@type":"WebPage","@id":"https:\/\/www.organisator.ch\/management\/2024-12-05\/ruppige-weltmaerkte-fordern-die-wirtschaft\/","url":"https:\/\/www.organisator.ch\/management\/2024-12-05\/ruppige-weltmaerkte-fordern-die-wirtschaft\/","name":"Ruppige Weltm\u00e4rkte fordern die Wirtschaft - Organisator","isPartOf":{"@id":"https:\/\/www.organisator.ch\/#website"},"primaryImageOfPage":{"@id":"https:\/\/www.organisator.ch\/management\/2024-12-05\/ruppige-weltmaerkte-fordern-die-wirtschaft\/#primaryimage"},"image":{"@id":"https:\/\/www.organisator.ch\/management\/2024-12-05\/ruppige-weltmaerkte-fordern-die-wirtschaft\/#primaryimage"},"thumbnailUrl":"https:\/\/www.organisator.ch\/wp-content\/uploads\/2024\/12\/Economiesuisse_Bild1_ps.jpg","datePublished":"2024-12-05T05:52:35+00:00","description":"Geopolitische Spannungen belasten das Weltwirtschaftswachstum und die Schweizer Exportwirtschaft. Schwache Nachfrage, besonders in Europa.","breadcrumb":{"@id":"https:\/\/www.organisator.ch\/management\/2024-12-05\/ruppige-weltmaerkte-fordern-die-wirtschaft\/#breadcrumb"},"inLanguage":"de","potentialAction":[{"@type":"ReadAction","target":["https:\/\/www.organisator.ch\/management\/2024-12-05\/ruppige-weltmaerkte-fordern-die-wirtschaft\/"]}]},{"@type":"ImageObject","inLanguage":"de","@id":"https:\/\/www.organisator.ch\/management\/2024-12-05\/ruppige-weltmaerkte-fordern-die-wirtschaft\/#primaryimage","url":"https:\/\/www.organisator.ch\/wp-content\/uploads\/2024\/12\/Economiesuisse_Bild1_ps.jpg","contentUrl":"https:\/\/www.organisator.ch\/wp-content\/uploads\/2024\/12\/Economiesuisse_Bild1_ps.jpg","width":680,"height":381,"caption":"Geopolitische Spannungen belasten das Weltwirtschaftswachstum und die Schweizer Exportwirtschaft. Schwache Nachfrage, besonders in Europa. (Bild: www.economiesuisse.ch)"},{"@type":"BreadcrumbList","@id":"https:\/\/www.organisator.ch\/management\/2024-12-05\/ruppige-weltmaerkte-fordern-die-wirtschaft\/#breadcrumb","itemListElement":[{"@type":"ListItem","position":1,"name":"Home","item":"https:\/\/www.organisator.ch\/"},{"@type":"ListItem","position":2,"name":"Ruppige Weltm\u00e4rkte fordern die Wirtschaft"}]},{"@type":"WebSite","@id":"https:\/\/www.organisator.ch\/#website","url":"https:\/\/www.organisator.ch\/","name":"Organisator","description":"Kompetent. Praxisnah. Der ORGANISATOR bereitet in 10 Ausgaben pro Jahr die wesentlichen Themen f\u00fcr F\u00fchrungskr\u00e4fte von KMU auf.","publisher":{"@id":"https:\/\/www.organisator.ch\/#organization"},"potentialAction":[{"@type":"SearchAction","target":{"@type":"EntryPoint","urlTemplate":"https:\/\/www.organisator.ch\/?s={search_term_string}"},"query-input":{"@type":"PropertyValueSpecification","valueRequired":true,"valueName":"search_term_string"}}],"inLanguage":"de"},{"@type":"Organization","@id":"https:\/\/www.organisator.ch\/#organization","name":"Organisator","url":"https:\/\/www.organisator.ch\/","logo":{"@type":"ImageObject","inLanguage":"de","@id":"https:\/\/www.organisator.ch\/#\/schema\/logo\/image\/","url":"https:\/\/www.organisator.ch\/wp-content\/uploads\/2022\/01\/Logo_Organisator_Website.png","contentUrl":"https:\/\/www.organisator.ch\/wp-content\/uploads\/2022\/01\/Logo_Organisator_Website.png","width":800,"height":77,"caption":"Organisator"},"image":{"@id":"https:\/\/www.organisator.ch\/#\/schema\/logo\/image\/"},"sameAs":["https:\/\/www.facebook.com\/OrganisatorFachmagazin","https:\/\/www.linkedin.com\/showcase\/organisator-das-magazin-fr-kmu","https:\/\/www.xing.com\/news\/pages\/organisator-ch-695","https:\/\/www.youtube.com\/channel\/UCGP2Sq0iWaZwT3BdIAQFYpw"]},{"@type":"Person","@id":"https:\/\/www.organisator.ch\/#\/schema\/person\/afccda3a71c06d4be2ed9100dd163db7","name":"Dzana Muminovic","image":{"@type":"ImageObject","inLanguage":"de","@id":"https:\/\/secure.gravatar.com\/avatar\/909c5c71aff4b38e88686f2ab2f1ba152571f394f41ed8bae431ea56ced93050?s=96&d=mm&r=g","url":"https:\/\/secure.gravatar.com\/avatar\/909c5c71aff4b38e88686f2ab2f1ba152571f394f41ed8bae431ea56ced93050?s=96&d=mm&r=g","contentUrl":"https:\/\/secure.gravatar.com\/avatar\/909c5c71aff4b38e88686f2ab2f1ba152571f394f41ed8bae431ea56ced93050?s=96&d=mm&r=g","caption":"Dzana Muminovic"},"url":"https:\/\/www.organisator.ch\/de\/author\/dzana-muminovic\/"}]}},"_links":{"self":[{"href":"https:\/\/www.organisator.ch\/de\/wp-json\/wp\/v2\/posts\/34413","targetHints":{"allow":["GET"]}}],"collection":[{"href":"https:\/\/www.organisator.ch\/de\/wp-json\/wp\/v2\/posts"}],"about":[{"href":"https:\/\/www.organisator.ch\/de\/wp-json\/wp\/v2\/types\/post"}],"author":[{"embeddable":true,"href":"https:\/\/www.organisator.ch\/de\/wp-json\/wp\/v2\/users\/80"}],"replies":[{"embeddable":true,"href":"https:\/\/www.organisator.ch\/de\/wp-json\/wp\/v2\/comments?post=34413"}],"version-history":[{"count":3,"href":"https:\/\/www.organisator.ch\/de\/wp-json\/wp\/v2\/posts\/34413\/revisions"}],"predecessor-version":[{"id":34452,"href":"https:\/\/www.organisator.ch\/de\/wp-json\/wp\/v2\/posts\/34413\/revisions\/34452"}],"wp:featuredmedia":[{"embeddable":true,"href":"https:\/\/www.organisator.ch\/de\/wp-json\/wp\/v2\/media\/34414"}],"wp:attachment":[{"href":"https:\/\/www.organisator.ch\/de\/wp-json\/wp\/v2\/media?parent=34413"}],"wp:term":[{"taxonomy":"category","embeddable":true,"href":"https:\/\/www.organisator.ch\/de\/wp-json\/wp\/v2\/categories?post=34413"},{"taxonomy":"post_tag","embeddable":true,"href":"https:\/\/www.organisator.ch\/de\/wp-json\/wp\/v2\/tags?post=34413"}],"curies":[{"name":"wp","href":"https:\/\/api.w.org\/{rel}","templated":true}]}}