{"id":34447,"date":"2024-12-05T14:30:35","date_gmt":"2024-12-05T13:30:35","guid":{"rendered":"https:\/\/www.organisator.ch\/?p=34447"},"modified":"2024-12-05T14:01:59","modified_gmt":"2024-12-05T13:01:59","slug":"jeannette-matti-wird-chief-people-culture-officer-bei-brack-alltron","status":"publish","type":"post","link":"https:\/\/www.organisator.ch\/de\/management\/2024-12-05\/jeannette-matti-wird-chief-people-culture-officer-bei-brack-alltron\/","title":{"rendered":"Jeannette Matti wird Chief People &#038; Culture Officer bei Brack Alltron"},"content":{"rendered":"<figure id=\"attachment_34448\" aria-describedby=\"caption-attachment-34448\" style=\"width: 680px\" class=\"wp-caption alignnone\"><img loading=\"lazy\" decoding=\"async\" class=\"size-full wp-image-34448\" src=\"https:\/\/www.organisator.ch\/wp-content\/uploads\/2024\/12\/Brack-Alltron_Bild1_ps.jpg\" alt=\"\" width=\"680\" height=\"457\" srcset=\"https:\/\/www.organisator.ch\/wp-content\/uploads\/2024\/12\/Brack-Alltron_Bild1_ps.jpg 680w, https:\/\/www.organisator.ch\/wp-content\/uploads\/2024\/12\/Brack-Alltron_Bild1_ps-18x12.jpg 18w, https:\/\/www.organisator.ch\/wp-content\/uploads\/2024\/12\/Brack-Alltron_Bild1_ps-375x252.jpg 375w, https:\/\/www.organisator.ch\/wp-content\/uploads\/2024\/12\/Brack-Alltron_Bild1_ps-521x350.jpg 521w\" sizes=\"auto, (max-width: 680px) 100vw, 680px\" \/><figcaption id=\"caption-attachment-34448\" class=\"wp-caption-text\">Jeanette Matti wird ab 2025 Chief People &amp; Culture Officer und Mitglied der Gesch\u00e4ftsleitung von Brack Alltron. (Bild: www.competec.ch)<\/figcaption><\/figure>\n<p>Um die Schweizer Handelslandschaft auch k\u00fcnftig entscheidend mitzupr\u00e4gen, so Fraude, seien das Finden und F\u00f6rdern von Talenten sowie die Schaffung einer Unternehmenskultur, die aussergew\u00f6hnliche Leistungen noch mehr als bisher beg\u00fcnstigt und wertsch\u00e4tzt, entscheidende Faktoren in der derzeit stattfindenden strategischen Neuausrichtung. \u00abIch freue mich sehr, Jeannette Matti f\u00fcr unser F\u00fchrungsteam gewonnen zu haben und Brack Alltron als Arbeitgeberin auf die n\u00e4chste Stufe zu bringen\u00bb, freut sich Stefan Fraude, CEO von Brack Alltron.<\/p>\n<p>Matti verf\u00fcgt \u00fcber 15 Jahre Erfahrung in leitenden HR-Positionen. Die letzten f\u00fcnf Jahre amtierte sie als Leiterin Human Resources des Gastro-Grosshandelsunternehmens Saviva. Die HR-Fachfrau hat sich in mehreren Nachdiplomlehrg\u00e4ngen auf die Organisations- sowie F\u00fchrungskr\u00e4fteentwicklung in der modernen \u00abArbeitswelt 4.0\u00bb spezialisiert und spricht an \u00f6ffentlichen Anl\u00e4ssen zu den Themen Leadership, New Work und digitale Transformation.<\/p>\n<p>Jeannette Matti ist 39 Jahre alt und wohnt mit ihrer Familie im Kanton Z\u00fcrich. Matti folgt somit auf Manuela Wendland, von der im September bekannt geworden ist, dass sie den Arbeitgeber wechseln wird. Wendland war seit Februar 2023 die Personalverantwortliche des Unternehmens. F\u00fcr ihre massgebliche Mitgestaltung von Brack Alltron als attraktiver Arbeitgeber und die intensive Begleitung, insbesondere im Transformationsprozess, in dem sich Brack Alltron derzeit befinde, danke ihr CEO Stefan Fraude von Herzen. Wendland verl\u00e4sst das Unternehmen Ende Januar.<\/p>\n<p><em>Quelle: <a href=\"http:\/\/www.competec.ch\">www.competec.ch<\/a><\/em><\/p>\n","protected":false},"excerpt":{"rendered":"<p>Das Handelsunternehmen Brack Alltron ernennt Jeannette Matti zur Chief People &#038; Culture Officer und zum Mitglied der Gesch\u00e4ftsleitung. In ihrer Funktion wird sie direkt an den CEO Stefan Fraude rapportieren und das Human-Resources-Team mit \u00fcber 20 Mitarbeitenden f\u00fchren. <\/p>\n","protected":false},"author":80,"featured_media":34448,"comment_status":"closed","ping_status":"closed","sticky":false,"template":"","format":"standard","meta":{"_acf_changed":false,"_yoast_wpseo_focuskw":"Jeannette Matti","_yoast_wpseo_metadesc":"Das Handelsunternehmen Brack Alltron ernennt Jeannette Matti zur Chief People & Culture Officer und zum Mitglied der Gesch\u00e4ftsleitung.","articlekey":"","footnotes":""},"categories":[28],"tags":[4144,253,424,475,2343],"class_list":["post-34447","post","type-post","status-publish","format-standard","has-post-thumbnail","hentry","category-management","tag-geschaeftsleitungsmitglied","tag-hr","tag-schweiz","tag-technologie","tag-uebernahme"],"acf":[],"yoast_head":"<!-- This site is optimized with the Yoast SEO plugin v27.4 - https:\/\/yoast.com\/product\/yoast-seo-wordpress\/ -->\n<title>Jeannette Matti wird Chief People &amp; Culture Officer bei Brack Alltron - Organisator<\/title>\n<meta name=\"description\" content=\"Das Handelsunternehmen Brack Alltron ernennt Jeannette Matti zur Chief People &amp; Culture Officer und zum Mitglied der Gesch\u00e4ftsleitung.\" \/>\n<meta name=\"robots\" content=\"index, follow, max-snippet:-1, max-image-preview:large, max-video-preview:-1\" \/>\n<link rel=\"canonical\" href=\"https:\/\/www.organisator.ch\/de\/management\/2024-12-05\/jeannette-matti-wird-chief-people-culture-officer-bei-brack-alltron\/\" \/>\n<meta property=\"og:locale\" content=\"de_DE\" \/>\n<meta property=\"og:type\" content=\"article\" \/>\n<meta property=\"og:title\" content=\"Jeannette Matti wird Chief People &amp; Culture Officer bei Brack Alltron\" \/>\n<meta property=\"og:description\" content=\"Das Handelsunternehmen Brack Alltron ernennt Jeannette Matti zur Chief People &amp; Culture Officer und zum Mitglied der Gesch\u00e4ftsleitung.\" \/>\n<meta property=\"og:url\" content=\"https:\/\/www.organisator.ch\/de\/management\/2024-12-05\/jeannette-matti-wird-chief-people-culture-officer-bei-brack-alltron\/\" \/>\n<meta property=\"og:site_name\" content=\"Organisator\" \/>\n<meta property=\"article:publisher\" content=\"https:\/\/www.facebook.com\/OrganisatorFachmagazin\" \/>\n<meta property=\"article:published_time\" content=\"2024-12-05T13:30:35+00:00\" \/>\n<meta property=\"og:image\" content=\"https:\/\/www.organisator.ch\/wp-content\/uploads\/2024\/12\/Brack-Alltron_Bild1_ps.jpg\" \/>\n\t<meta property=\"og:image:width\" content=\"680\" \/>\n\t<meta property=\"og:image:height\" content=\"457\" \/>\n\t<meta property=\"og:image:type\" content=\"image\/jpeg\" \/>\n<meta name=\"author\" content=\"Dzana Muminovic\" \/>\n<meta name=\"twitter:card\" content=\"summary_large_image\" \/>\n<meta name=\"twitter:title\" content=\"Jeannette Matti wird Chief People &amp; Culture Officer bei Brack Alltron\" \/>\n<meta name=\"twitter:description\" content=\"Das #Handelsunternehmen #Brack #Alltron ernennt J#eannette #Matti zur #Chief #People &amp; #Culture #Officer und zum Mitglied der #Gesch\u00e4ftsleitung.\" \/>\n<meta name=\"twitter:image\" content=\"https:\/\/www.organisator.ch\/wp-content\/uploads\/2024\/12\/Brack-Alltron_Bild1_ps.jpg\" \/>\n<script type=\"application\/ld+json\" class=\"yoast-schema-graph\">{\"@context\":\"https:\\\/\\\/schema.org\",\"@graph\":[{\"@type\":\"Article\",\"@id\":\"https:\\\/\\\/www.organisator.ch\\\/management\\\/2024-12-05\\\/jeannette-matti-wird-chief-people-culture-officer-bei-brack-alltron\\\/#article\",\"isPartOf\":{\"@id\":\"https:\\\/\\\/www.organisator.ch\\\/management\\\/2024-12-05\\\/jeannette-matti-wird-chief-people-culture-officer-bei-brack-alltron\\\/\"},\"author\":{\"name\":\"Dzana Muminovic\",\"@id\":\"https:\\\/\\\/www.organisator.ch\\\/#\\\/schema\\\/person\\\/afccda3a71c06d4be2ed9100dd163db7\"},\"headline\":\"Jeannette Matti wird Chief People &#038; Culture Officer bei Brack Alltron\",\"datePublished\":\"2024-12-05T13:30:35+00:00\",\"mainEntityOfPage\":{\"@id\":\"https:\\\/\\\/www.organisator.ch\\\/management\\\/2024-12-05\\\/jeannette-matti-wird-chief-people-culture-officer-bei-brack-alltron\\\/\"},\"wordCount\":260,\"publisher\":{\"@id\":\"https:\\\/\\\/www.organisator.ch\\\/#organization\"},\"image\":{\"@id\":\"https:\\\/\\\/www.organisator.ch\\\/management\\\/2024-12-05\\\/jeannette-matti-wird-chief-people-culture-officer-bei-brack-alltron\\\/#primaryimage\"},\"thumbnailUrl\":\"https:\\\/\\\/www.organisator.ch\\\/wp-content\\\/uploads\\\/2024\\\/12\\\/Brack-Alltron_Bild1_ps.jpg\",\"keywords\":[\"Gesch\u00e4ftsleitungsmitglied\",\"HR\",\"Schweiz\",\"Technologie\",\"\u00dcbernahme\"],\"articleSection\":[\"MANAGEMENT\"],\"inLanguage\":\"de\"},{\"@type\":\"WebPage\",\"@id\":\"https:\\\/\\\/www.organisator.ch\\\/management\\\/2024-12-05\\\/jeannette-matti-wird-chief-people-culture-officer-bei-brack-alltron\\\/\",\"url\":\"https:\\\/\\\/www.organisator.ch\\\/management\\\/2024-12-05\\\/jeannette-matti-wird-chief-people-culture-officer-bei-brack-alltron\\\/\",\"name\":\"Jeannette Matti wird Chief People & Culture Officer bei Brack Alltron - Organisator\",\"isPartOf\":{\"@id\":\"https:\\\/\\\/www.organisator.ch\\\/#website\"},\"primaryImageOfPage\":{\"@id\":\"https:\\\/\\\/www.organisator.ch\\\/management\\\/2024-12-05\\\/jeannette-matti-wird-chief-people-culture-officer-bei-brack-alltron\\\/#primaryimage\"},\"image\":{\"@id\":\"https:\\\/\\\/www.organisator.ch\\\/management\\\/2024-12-05\\\/jeannette-matti-wird-chief-people-culture-officer-bei-brack-alltron\\\/#primaryimage\"},\"thumbnailUrl\":\"https:\\\/\\\/www.organisator.ch\\\/wp-content\\\/uploads\\\/2024\\\/12\\\/Brack-Alltron_Bild1_ps.jpg\",\"datePublished\":\"2024-12-05T13:30:35+00:00\",\"description\":\"Das Handelsunternehmen Brack Alltron ernennt Jeannette Matti zur Chief People & Culture Officer und zum Mitglied der Gesch\u00e4ftsleitung.\",\"breadcrumb\":{\"@id\":\"https:\\\/\\\/www.organisator.ch\\\/management\\\/2024-12-05\\\/jeannette-matti-wird-chief-people-culture-officer-bei-brack-alltron\\\/#breadcrumb\"},\"inLanguage\":\"de\",\"potentialAction\":[{\"@type\":\"ReadAction\",\"target\":[\"https:\\\/\\\/www.organisator.ch\\\/management\\\/2024-12-05\\\/jeannette-matti-wird-chief-people-culture-officer-bei-brack-alltron\\\/\"]}]},{\"@type\":\"ImageObject\",\"inLanguage\":\"de\",\"@id\":\"https:\\\/\\\/www.organisator.ch\\\/management\\\/2024-12-05\\\/jeannette-matti-wird-chief-people-culture-officer-bei-brack-alltron\\\/#primaryimage\",\"url\":\"https:\\\/\\\/www.organisator.ch\\\/wp-content\\\/uploads\\\/2024\\\/12\\\/Brack-Alltron_Bild1_ps.jpg\",\"contentUrl\":\"https:\\\/\\\/www.organisator.ch\\\/wp-content\\\/uploads\\\/2024\\\/12\\\/Brack-Alltron_Bild1_ps.jpg\",\"width\":680,\"height\":457,\"caption\":\"Jeanette Matti wird ab 2025 Chief People & Culture Officer und Mitglied der Gesch\u00e4ftsleitung von Brack Alltron. (Bild: www.competec.ch)\"},{\"@type\":\"BreadcrumbList\",\"@id\":\"https:\\\/\\\/www.organisator.ch\\\/management\\\/2024-12-05\\\/jeannette-matti-wird-chief-people-culture-officer-bei-brack-alltron\\\/#breadcrumb\",\"itemListElement\":[{\"@type\":\"ListItem\",\"position\":1,\"name\":\"Home\",\"item\":\"https:\\\/\\\/www.organisator.ch\\\/\"},{\"@type\":\"ListItem\",\"position\":2,\"name\":\"Jeannette Matti wird Chief People &#038; Culture Officer bei Brack Alltron\"}]},{\"@type\":\"WebSite\",\"@id\":\"https:\\\/\\\/www.organisator.ch\\\/#website\",\"url\":\"https:\\\/\\\/www.organisator.ch\\\/\",\"name\":\"Organisator\",\"description\":\"Kompetent. Praxisnah. Der ORGANISATOR bereitet in 10 Ausgaben pro Jahr die wesentlichen Themen f\u00fcr F\u00fchrungskr\u00e4fte von KMU auf.\",\"publisher\":{\"@id\":\"https:\\\/\\\/www.organisator.ch\\\/#organization\"},\"potentialAction\":[{\"@type\":\"SearchAction\",\"target\":{\"@type\":\"EntryPoint\",\"urlTemplate\":\"https:\\\/\\\/www.organisator.ch\\\/?s={search_term_string}\"},\"query-input\":{\"@type\":\"PropertyValueSpecification\",\"valueRequired\":true,\"valueName\":\"search_term_string\"}}],\"inLanguage\":\"de\"},{\"@type\":\"Organization\",\"@id\":\"https:\\\/\\\/www.organisator.ch\\\/#organization\",\"name\":\"Organisator\",\"url\":\"https:\\\/\\\/www.organisator.ch\\\/\",\"logo\":{\"@type\":\"ImageObject\",\"inLanguage\":\"de\",\"@id\":\"https:\\\/\\\/www.organisator.ch\\\/#\\\/schema\\\/logo\\\/image\\\/\",\"url\":\"https:\\\/\\\/www.organisator.ch\\\/wp-content\\\/uploads\\\/2022\\\/01\\\/Logo_Organisator_Website.png\",\"contentUrl\":\"https:\\\/\\\/www.organisator.ch\\\/wp-content\\\/uploads\\\/2022\\\/01\\\/Logo_Organisator_Website.png\",\"width\":800,\"height\":77,\"caption\":\"Organisator\"},\"image\":{\"@id\":\"https:\\\/\\\/www.organisator.ch\\\/#\\\/schema\\\/logo\\\/image\\\/\"},\"sameAs\":[\"https:\\\/\\\/www.facebook.com\\\/OrganisatorFachmagazin\",\"https:\\\/\\\/www.linkedin.com\\\/showcase\\\/organisator-das-magazin-fr-kmu\",\"https:\\\/\\\/www.xing.com\\\/news\\\/pages\\\/organisator-ch-695\",\"https:\\\/\\\/www.youtube.com\\\/channel\\\/UCGP2Sq0iWaZwT3BdIAQFYpw\"]},{\"@type\":\"Person\",\"@id\":\"https:\\\/\\\/www.organisator.ch\\\/#\\\/schema\\\/person\\\/afccda3a71c06d4be2ed9100dd163db7\",\"name\":\"Dzana Muminovic\",\"image\":{\"@type\":\"ImageObject\",\"inLanguage\":\"de\",\"@id\":\"https:\\\/\\\/secure.gravatar.com\\\/avatar\\\/909c5c71aff4b38e88686f2ab2f1ba152571f394f41ed8bae431ea56ced93050?s=96&d=mm&r=g\",\"url\":\"https:\\\/\\\/secure.gravatar.com\\\/avatar\\\/909c5c71aff4b38e88686f2ab2f1ba152571f394f41ed8bae431ea56ced93050?s=96&d=mm&r=g\",\"contentUrl\":\"https:\\\/\\\/secure.gravatar.com\\\/avatar\\\/909c5c71aff4b38e88686f2ab2f1ba152571f394f41ed8bae431ea56ced93050?s=96&d=mm&r=g\",\"caption\":\"Dzana Muminovic\"},\"url\":\"https:\\\/\\\/www.organisator.ch\\\/de\\\/author\\\/dzana-muminovic\\\/\"}]}<\/script>\n<!-- \/ Yoast SEO plugin. -->","yoast_head_json":{"title":"Jeannette Matti wird Chief People & Culture Officer bei Brack Alltron - Organisator","description":"Das Handelsunternehmen Brack Alltron ernennt Jeannette Matti zur Chief People & Culture Officer und zum Mitglied der Gesch\u00e4ftsleitung.","robots":{"index":"index","follow":"follow","max-snippet":"max-snippet:-1","max-image-preview":"max-image-preview:large","max-video-preview":"max-video-preview:-1"},"canonical":"https:\/\/www.organisator.ch\/de\/management\/2024-12-05\/jeannette-matti-wird-chief-people-culture-officer-bei-brack-alltron\/","og_locale":"de_DE","og_type":"article","og_title":"Jeannette Matti wird Chief People & Culture Officer bei Brack Alltron","og_description":"Das Handelsunternehmen Brack Alltron ernennt Jeannette Matti zur Chief People & Culture Officer und zum Mitglied der Gesch\u00e4ftsleitung.","og_url":"https:\/\/www.organisator.ch\/de\/management\/2024-12-05\/jeannette-matti-wird-chief-people-culture-officer-bei-brack-alltron\/","og_site_name":"Organisator","article_publisher":"https:\/\/www.facebook.com\/OrganisatorFachmagazin","article_published_time":"2024-12-05T13:30:35+00:00","og_image":[{"width":680,"height":457,"url":"https:\/\/www.organisator.ch\/wp-content\/uploads\/2024\/12\/Brack-Alltron_Bild1_ps.jpg","type":"image\/jpeg"}],"author":"Dzana Muminovic","twitter_card":"summary_large_image","twitter_title":"Jeannette Matti wird Chief People & Culture Officer bei Brack Alltron","twitter_description":"Das #Handelsunternehmen #Brack #Alltron ernennt J#eannette #Matti zur #Chief #People & #Culture #Officer und zum Mitglied der #Gesch\u00e4ftsleitung.","twitter_image":"https:\/\/www.organisator.ch\/wp-content\/uploads\/2024\/12\/Brack-Alltron_Bild1_ps.jpg","schema":{"@context":"https:\/\/schema.org","@graph":[{"@type":"Article","@id":"https:\/\/www.organisator.ch\/management\/2024-12-05\/jeannette-matti-wird-chief-people-culture-officer-bei-brack-alltron\/#article","isPartOf":{"@id":"https:\/\/www.organisator.ch\/management\/2024-12-05\/jeannette-matti-wird-chief-people-culture-officer-bei-brack-alltron\/"},"author":{"name":"Dzana Muminovic","@id":"https:\/\/www.organisator.ch\/#\/schema\/person\/afccda3a71c06d4be2ed9100dd163db7"},"headline":"Jeannette Matti wird Chief People &#038; Culture Officer bei Brack Alltron","datePublished":"2024-12-05T13:30:35+00:00","mainEntityOfPage":{"@id":"https:\/\/www.organisator.ch\/management\/2024-12-05\/jeannette-matti-wird-chief-people-culture-officer-bei-brack-alltron\/"},"wordCount":260,"publisher":{"@id":"https:\/\/www.organisator.ch\/#organization"},"image":{"@id":"https:\/\/www.organisator.ch\/management\/2024-12-05\/jeannette-matti-wird-chief-people-culture-officer-bei-brack-alltron\/#primaryimage"},"thumbnailUrl":"https:\/\/www.organisator.ch\/wp-content\/uploads\/2024\/12\/Brack-Alltron_Bild1_ps.jpg","keywords":["Gesch\u00e4ftsleitungsmitglied","HR","Schweiz","Technologie","\u00dcbernahme"],"articleSection":["MANAGEMENT"],"inLanguage":"de"},{"@type":"WebPage","@id":"https:\/\/www.organisator.ch\/management\/2024-12-05\/jeannette-matti-wird-chief-people-culture-officer-bei-brack-alltron\/","url":"https:\/\/www.organisator.ch\/management\/2024-12-05\/jeannette-matti-wird-chief-people-culture-officer-bei-brack-alltron\/","name":"Jeannette Matti wird Chief People & Culture Officer bei Brack Alltron - Organisator","isPartOf":{"@id":"https:\/\/www.organisator.ch\/#website"},"primaryImageOfPage":{"@id":"https:\/\/www.organisator.ch\/management\/2024-12-05\/jeannette-matti-wird-chief-people-culture-officer-bei-brack-alltron\/#primaryimage"},"image":{"@id":"https:\/\/www.organisator.ch\/management\/2024-12-05\/jeannette-matti-wird-chief-people-culture-officer-bei-brack-alltron\/#primaryimage"},"thumbnailUrl":"https:\/\/www.organisator.ch\/wp-content\/uploads\/2024\/12\/Brack-Alltron_Bild1_ps.jpg","datePublished":"2024-12-05T13:30:35+00:00","description":"Das Handelsunternehmen Brack Alltron ernennt Jeannette Matti zur Chief People & Culture Officer und zum Mitglied der Gesch\u00e4ftsleitung.","breadcrumb":{"@id":"https:\/\/www.organisator.ch\/management\/2024-12-05\/jeannette-matti-wird-chief-people-culture-officer-bei-brack-alltron\/#breadcrumb"},"inLanguage":"de","potentialAction":[{"@type":"ReadAction","target":["https:\/\/www.organisator.ch\/management\/2024-12-05\/jeannette-matti-wird-chief-people-culture-officer-bei-brack-alltron\/"]}]},{"@type":"ImageObject","inLanguage":"de","@id":"https:\/\/www.organisator.ch\/management\/2024-12-05\/jeannette-matti-wird-chief-people-culture-officer-bei-brack-alltron\/#primaryimage","url":"https:\/\/www.organisator.ch\/wp-content\/uploads\/2024\/12\/Brack-Alltron_Bild1_ps.jpg","contentUrl":"https:\/\/www.organisator.ch\/wp-content\/uploads\/2024\/12\/Brack-Alltron_Bild1_ps.jpg","width":680,"height":457,"caption":"Jeanette Matti wird ab 2025 Chief People & Culture Officer und Mitglied der Gesch\u00e4ftsleitung von Brack Alltron. (Bild: www.competec.ch)"},{"@type":"BreadcrumbList","@id":"https:\/\/www.organisator.ch\/management\/2024-12-05\/jeannette-matti-wird-chief-people-culture-officer-bei-brack-alltron\/#breadcrumb","itemListElement":[{"@type":"ListItem","position":1,"name":"Home","item":"https:\/\/www.organisator.ch\/"},{"@type":"ListItem","position":2,"name":"Jeannette Matti wird Chief People &#038; Culture Officer bei Brack Alltron"}]},{"@type":"WebSite","@id":"https:\/\/www.organisator.ch\/#website","url":"https:\/\/www.organisator.ch\/","name":"Organisator","description":"Kompetent. Praxisnah. Der ORGANISATOR bereitet in 10 Ausgaben pro Jahr die wesentlichen Themen f\u00fcr F\u00fchrungskr\u00e4fte von KMU auf.","publisher":{"@id":"https:\/\/www.organisator.ch\/#organization"},"potentialAction":[{"@type":"SearchAction","target":{"@type":"EntryPoint","urlTemplate":"https:\/\/www.organisator.ch\/?s={search_term_string}"},"query-input":{"@type":"PropertyValueSpecification","valueRequired":true,"valueName":"search_term_string"}}],"inLanguage":"de"},{"@type":"Organization","@id":"https:\/\/www.organisator.ch\/#organization","name":"Organisator","url":"https:\/\/www.organisator.ch\/","logo":{"@type":"ImageObject","inLanguage":"de","@id":"https:\/\/www.organisator.ch\/#\/schema\/logo\/image\/","url":"https:\/\/www.organisator.ch\/wp-content\/uploads\/2022\/01\/Logo_Organisator_Website.png","contentUrl":"https:\/\/www.organisator.ch\/wp-content\/uploads\/2022\/01\/Logo_Organisator_Website.png","width":800,"height":77,"caption":"Organisator"},"image":{"@id":"https:\/\/www.organisator.ch\/#\/schema\/logo\/image\/"},"sameAs":["https:\/\/www.facebook.com\/OrganisatorFachmagazin","https:\/\/www.linkedin.com\/showcase\/organisator-das-magazin-fr-kmu","https:\/\/www.xing.com\/news\/pages\/organisator-ch-695","https:\/\/www.youtube.com\/channel\/UCGP2Sq0iWaZwT3BdIAQFYpw"]},{"@type":"Person","@id":"https:\/\/www.organisator.ch\/#\/schema\/person\/afccda3a71c06d4be2ed9100dd163db7","name":"Dzana Muminovic","image":{"@type":"ImageObject","inLanguage":"de","@id":"https:\/\/secure.gravatar.com\/avatar\/909c5c71aff4b38e88686f2ab2f1ba152571f394f41ed8bae431ea56ced93050?s=96&d=mm&r=g","url":"https:\/\/secure.gravatar.com\/avatar\/909c5c71aff4b38e88686f2ab2f1ba152571f394f41ed8bae431ea56ced93050?s=96&d=mm&r=g","contentUrl":"https:\/\/secure.gravatar.com\/avatar\/909c5c71aff4b38e88686f2ab2f1ba152571f394f41ed8bae431ea56ced93050?s=96&d=mm&r=g","caption":"Dzana Muminovic"},"url":"https:\/\/www.organisator.ch\/de\/author\/dzana-muminovic\/"}]}},"_links":{"self":[{"href":"https:\/\/www.organisator.ch\/de\/wp-json\/wp\/v2\/posts\/34447","targetHints":{"allow":["GET"]}}],"collection":[{"href":"https:\/\/www.organisator.ch\/de\/wp-json\/wp\/v2\/posts"}],"about":[{"href":"https:\/\/www.organisator.ch\/de\/wp-json\/wp\/v2\/types\/post"}],"author":[{"embeddable":true,"href":"https:\/\/www.organisator.ch\/de\/wp-json\/wp\/v2\/users\/80"}],"replies":[{"embeddable":true,"href":"https:\/\/www.organisator.ch\/de\/wp-json\/wp\/v2\/comments?post=34447"}],"version-history":[{"count":4,"href":"https:\/\/www.organisator.ch\/de\/wp-json\/wp\/v2\/posts\/34447\/revisions"}],"predecessor-version":[{"id":34481,"href":"https:\/\/www.organisator.ch\/de\/wp-json\/wp\/v2\/posts\/34447\/revisions\/34481"}],"wp:featuredmedia":[{"embeddable":true,"href":"https:\/\/www.organisator.ch\/de\/wp-json\/wp\/v2\/media\/34448"}],"wp:attachment":[{"href":"https:\/\/www.organisator.ch\/de\/wp-json\/wp\/v2\/media?parent=34447"}],"wp:term":[{"taxonomy":"category","embeddable":true,"href":"https:\/\/www.organisator.ch\/de\/wp-json\/wp\/v2\/categories?post=34447"},{"taxonomy":"post_tag","embeddable":true,"href":"https:\/\/www.organisator.ch\/de\/wp-json\/wp\/v2\/tags?post=34447"}],"curies":[{"name":"wp","href":"https:\/\/api.w.org\/{rel}","templated":true}]}}