{"id":3445,"date":"2020-11-03T16:46:50","date_gmt":"2020-11-03T15:46:50","guid":{"rendered":"https:\/\/www.umweltperspektiven.ch\/?p=3445"},"modified":"2022-02-09T11:06:48","modified_gmt":"2022-02-09T10:06:48","slug":"empa-moechte-umweltschaeden-mit-drohnen-kontrollieren","status":"publish","type":"post","link":"https:\/\/www.organisator.ch\/de\/sustainability\/2020-11-03\/empa-moechte-umweltschaeden-mit-drohnen-kontrollieren\/","title":{"rendered":"Empa m\u00f6chte Umweltsch\u00e4den mit Drohnen kontrollieren"},"content":{"rendered":"<div>\n<div>\n<figure id=\"attachment_3447\" aria-describedby=\"caption-attachment-3447\" style=\"width: 608px\" class=\"wp-caption alignnone\"><img loading=\"lazy\" decoding=\"async\" class=\"size-full wp-image-3447\" src=\"\/\/www.umweltperspektiven.ch\/wp-content\/uploads\/2020\/11\/Empa-Pfeil_Stopper-UP_Umwelt-Perspektiven.jpg\" alt=\"\" width=\"608\" height=\"356\" srcset=\"https:\/\/www.organisator.ch\/wp-content\/uploads\/2020\/11\/Empa-Pfeil_Stopper-UP_Umwelt-Perspektiven.jpg 608w, https:\/\/www.organisator.ch\/wp-content\/uploads\/2020\/11\/Empa-Pfeil_Stopper-UP_Umwelt-Perspektiven-18x12.jpg 18w, https:\/\/www.organisator.ch\/wp-content\/uploads\/2020\/11\/Empa-Pfeil_Stopper-UP_Umwelt-Perspektiven-299x175.jpg 299w, https:\/\/www.organisator.ch\/wp-content\/uploads\/2020\/11\/Empa-Pfeil_Stopper-UP_Umwelt-Perspektiven-598x350.jpg 598w, https:\/\/www.organisator.ch\/wp-content\/uploads\/2020\/11\/Empa-Pfeil_Stopper-UP_Umwelt-Perspektiven-300x176.jpg 300w\" sizes=\"auto, (max-width: 608px) 100vw, 608px\" \/><figcaption id=\"caption-attachment-3447\" class=\"wp-caption-text\">Die Flugroboter k\u00f6nnen mit Sensoren best\u00fcckte Pfeile selbst bei dichtem Waldbestand platzieren. (Bild: Imperial College London)<\/figcaption><\/figure>\n<p>Um das \u00f6kologische Gleichgewicht des Waldes im Auge zu behalten, bietet die Empa eine L\u00f6sung durch den Einsatz von Drohnen. Klimawandel, Insektenplage oder Wildverbiss \u2013 der Wald ist einer Vielzahl von sch\u00e4dlichen Umwelteinfl\u00fcssen ausgesetzt, die es zu beobachten gilt. Schon heute haben Forschende der Empa f\u00fcr diesen Zweck Sensoren in W\u00e4ldern stationiert, die Temperaturen, Luftqualit\u00e4t oder Feuchtigkeitsgehalt der St\u00e4mme messen.<\/p>\n<p>Mit derartigen Sensoren l\u00e4sst sich zudem das Verhalten von Waldtieren verfolgen, Waldbr\u00e4nde und Schadinsektenbefall k\u00f6nnen registriert werden, und der Einfluss menschlicher Aktivit\u00e4ten auf den Wald wird erkennbar. Allerdings ist das Positionieren von Sensoren an B\u00e4umen ein aufw\u00e4ndiges und riskantes Unterfangen.<\/p>\n<\/div>\n<\/div>\n<div class=\"std-paragraph-block\">\n<p><strong>Flugroboter \u00e0 la Robin Hood<\/strong><\/p>\n<div class=\"std-art-paragraph\">\n<div>\n<div class=\"std-art-embedded-image\">\n<div class=\"std-art-img-caption-embedded\">Ein Forscherteam des \u00abImperial College London\u00bb und der Empa hat nun Drohnen entwickelt, die diese T\u00e4tigkeit \u00fcbernehmen und Sensoren an B\u00e4umen selbst in grosser H\u00f6he pr\u00e4zise befestigen k\u00f6nnen. \u00abDie Flugroboter k\u00f6nnen mit Sensoren best\u00fcckte Pfeile selbst bei dichtem Waldbestand platzieren\u00bb, sagt Mirko Kovac, Leiter des \u00abAerial Robotics Laboratory\u00bb am Imperial College und des \u00abMaterials and Technology Center of Robotics\u00bb an der Empa in D\u00fcbendorf. Ist die Flugbahn f\u00fcr den Pfeil ungeeignet, k\u00f6nnen die Drohnen zudem selbstst\u00e4ndig an St\u00e4mmen und \u00c4sten Halt finden, einem Greifvogel gleich, und die Sensoren direkt anbringen.<\/div>\n<\/div>\n<\/div>\n<\/div>\n<div><\/div>\n<\/div>\n<div><\/div>\n<div><img loading=\"lazy\" decoding=\"async\" class=\"alignnone size-full wp-image-3446\" src=\"\/\/www.umweltperspektiven.ch\/wp-content\/uploads\/2020\/11\/Drohnen-grafik-Empa-UP_Umwelt-Perspektiven.jpg\" alt=\"\" width=\"435\" height=\"520\" srcset=\"https:\/\/www.organisator.ch\/wp-content\/uploads\/2020\/11\/Drohnen-grafik-Empa-UP_Umwelt-Perspektiven.jpg 435w, https:\/\/www.organisator.ch\/wp-content\/uploads\/2020\/11\/Drohnen-grafik-Empa-UP_Umwelt-Perspektiven-10x12.jpg 10w, https:\/\/www.organisator.ch\/wp-content\/uploads\/2020\/11\/Drohnen-grafik-Empa-UP_Umwelt-Perspektiven-146x175.jpg 146w, https:\/\/www.organisator.ch\/wp-content\/uploads\/2020\/11\/Drohnen-grafik-Empa-UP_Umwelt-Perspektiven-293x350.jpg 293w, https:\/\/www.organisator.ch\/wp-content\/uploads\/2020\/11\/Drohnen-grafik-Empa-UP_Umwelt-Perspektiven-300x359.jpg 300w\" sizes=\"auto, (max-width: 435px) 100vw, 435px\" \/><\/div>\n<div class=\"std-paragraph-block\">\n<p><em>(Quelle: Empa)\u00a0<\/em><\/p>\n<p><strong>Smarte Materialien am Abzug<\/strong><\/p>\n<p>Ziel der Forscher ist ein Netzwerk aus Sensoren aufzubauen, mit dem das empfindliche \u00d6kosystem Wald besser beobachtet werden k\u00f6nnte. \u00abEinen besonderen Vorteil bieten die Drohnen, wenn es um schwer zug\u00e4ngliche Regionen, etwa das Amazonasgebiet, geht\u00bb, so der Forscher. \u00abMit Hilfe der Drohnen lassen sich grosse Mengen sehr pr\u00e4ziser Daten von Umweltsch\u00e4den im Wald gewinnen\u00bb, erkl\u00e4rt Kovac. \u00abIch sehe die Drohnen als k\u00fcnstliche Waldbewohner, die den Lebensraum kontrollieren, damit wir ihn auf Basis der gewonnenen Daten besser sch\u00fctzen k\u00f6nnen.\u00bb<\/p>\n<p>F\u00fcr ihren Dienst im Wald sind die Drohnen mit einer Kamera ausgestattet und einer Startvorrichtung f\u00fcr die Sensorpfeile. Dank Shape-Memory-Metallen \u2013 \u00abintelligente\u00bb Materialien, die auf Hitze reagieren und nach einer Verformung in ihre Ausgangsstruktur zur\u00fcckfinden \u2013 l\u00e4sst sich das Absetzen der Pfeile pr\u00e4zise steuern. Zus\u00e4tzlich k\u00f6nnen die Drohnen als mobile Sensoren eingesetzt werden, und selbst Daten sammeln, wenn sie sich auf \u00c4sten niederlassen. Bei Flugexperimenten in der Indoor-Flugarena im NEST experimental robot testing space der Empa in D\u00fcbendorf\u00a0und dem Testgel\u00e4nde am Imperial College konnten die Forscher die F\u00e4higkeiten der Drohnen bereits testen.<\/p>\n<p>Derzeit steuern Menschen die Drohnen. \u00dcber das Kamerabild w\u00e4hlen die Forscher die geeigneten B\u00e4ume als Ziel aus und schiessen die Pfeile ab. In einem n\u00e4chsten Schritt sollen die Flugroboter schliesslich lernen, ihre Arbeit autonom auszuf\u00fchren, damit sie auch an noch so abgelegenen Orten eingesetzt werden k\u00f6nnen. Bevor derartige Eins\u00e4tze in der Natur stattfinden k\u00f6nnen, m\u00fcsse jedoch die Verkn\u00fcpfung von menschlicher Kontrolle und autonomer Roboterarbeit solide ausbalanciert sein, damit die Drohnen auch mit den Unw\u00e4gbarkeiten einer lebenden Umwelt zurechtk\u00e4men, so die Forscher.<\/p>\n<p><a href=\"\/\/www.empa.ch\/web\/s604\/Drohnen-im-Wald\">www.empa.ch\/web\/s604\/Drohnen-im-Wald<\/a><\/p>\n<p><em>Die Forschungsarbeiten werden unterst\u00fctzt vom Engineering and Physical Sciences Research Council (EPSRC), Offshore Robotics for Certification of Assets Hub (ORCA), EU&#8217;s Horizon 2020 und der britischen Akademie der Wissenschaften The Royal Society.<\/em><\/p>\n<div class=\"std-art-paragraph\">\n<p>&nbsp;<\/p>\n<\/div>\n<\/div>\n","protected":false},"excerpt":{"rendered":"<p>Um das \u00f6kologische Gleichgewicht des Waldes im Auge zu behalten, bietet die Empa eine L\u00f6sung durch den Einsatz von Drohnen. Klimawandel, Insektenplage oder Wildverbiss \u2013 der Wald ist einer Vielzahl von sch\u00e4dlichen Umwelteinfl\u00fcssen ausgesetzt, die es zu beobachten gilt. Schon heute haben Forschende der Empa f\u00fcr diesen Zweck Sensoren in W\u00e4ldern stationiert, die Temperaturen, Luftqualit\u00e4t [&hellip;]<\/p>\n","protected":false},"author":5,"featured_media":3447,"comment_status":"closed","ping_status":"closed","sticky":false,"template":"","format":"standard","meta":{"_acf_changed":false,"_yoast_wpseo_focuskw":"Drohnen","_yoast_wpseo_metadesc":"Ein Forscherteam der Empa und des \u00abImperial College London\u00bb hat Drohnen entwickelt, die B\u00e4ume mit Sensoren ausr\u00fcsten, die Umweltsch\u00e4den erkennen.","articlekey":"","footnotes":""},"categories":[580],"tags":[1052,1269,1532,2024,2392],"class_list":["post-3445","post","type-post","status-publish","format-standard","has-post-thumbnail","hentry","category-sustainability","tag-empa","tag-geo-engineering","tag-klimawandel","tag-robotics","tag-umweltzerstoerung"],"acf":[],"yoast_head":"<!-- This site is optimized with the Yoast SEO plugin v27.5 - https:\/\/yoast.com\/product\/yoast-seo-wordpress\/ -->\n<title>Empa m\u00f6chte Umweltsch\u00e4den mit Drohnen kontrollieren - Organisator<\/title>\n<meta name=\"description\" content=\"Ein Forscherteam der Empa und des \u00abImperial College London\u00bb hat Drohnen entwickelt, die B\u00e4ume mit Sensoren ausr\u00fcsten, die Umweltsch\u00e4den erkennen.\" \/>\n<meta name=\"robots\" content=\"index, follow, max-snippet:-1, max-image-preview:large, max-video-preview:-1\" \/>\n<link rel=\"canonical\" href=\"https:\/\/www.organisator.ch\/de\/sustainability\/2020-11-03\/empa-moechte-umweltschaeden-mit-drohnen-kontrollieren\/\" \/>\n<meta property=\"og:locale\" content=\"de_DE\" \/>\n<meta property=\"og:type\" content=\"article\" \/>\n<meta property=\"og:title\" content=\"Empa m\u00f6chte Umweltsch\u00e4den mit Drohnen kontrollieren - Organisator\" \/>\n<meta property=\"og:description\" content=\"Ein Forscherteam der Empa und des \u00abImperial College London\u00bb hat Drohnen entwickelt, die B\u00e4ume mit Sensoren ausr\u00fcsten, die Umweltsch\u00e4den erkennen.\" \/>\n<meta property=\"og:url\" content=\"https:\/\/www.organisator.ch\/de\/sustainability\/2020-11-03\/empa-moechte-umweltschaeden-mit-drohnen-kontrollieren\/\" \/>\n<meta property=\"og:site_name\" content=\"Organisator\" \/>\n<meta property=\"article:publisher\" content=\"https:\/\/www.facebook.com\/OrganisatorFachmagazin\" \/>\n<meta property=\"article:published_time\" content=\"2020-11-03T15:46:50+00:00\" \/>\n<meta property=\"article:modified_time\" content=\"2022-02-09T10:06:48+00:00\" \/>\n<meta property=\"og:image\" content=\"https:\/\/www.organisator.ch\/wp-content\/uploads\/2020\/11\/Empa-Pfeil_Stopper-UP_Umwelt-Perspektiven.jpg\" \/>\n\t<meta property=\"og:image:width\" content=\"608\" \/>\n\t<meta property=\"og:image:height\" content=\"356\" \/>\n\t<meta property=\"og:image:type\" content=\"image\/jpeg\" \/>\n<meta name=\"author\" content=\"michael.merz\" \/>\n<meta name=\"twitter:card\" content=\"summary_large_image\" \/>\n<script type=\"application\/ld+json\" class=\"yoast-schema-graph\">{\"@context\":\"https:\\\/\\\/schema.org\",\"@graph\":[{\"@type\":\"Article\",\"@id\":\"https:\\\/\\\/www.organisator.ch\\\/sustainability\\\/2020-11-03\\\/empa-moechte-umweltschaeden-mit-drohnen-kontrollieren\\\/#article\",\"isPartOf\":{\"@id\":\"https:\\\/\\\/www.organisator.ch\\\/sustainability\\\/2020-11-03\\\/empa-moechte-umweltschaeden-mit-drohnen-kontrollieren\\\/\"},\"author\":{\"name\":\"michael.merz\",\"@id\":\"https:\\\/\\\/www.organisator.ch\\\/#\\\/schema\\\/person\\\/134708ca9321c57b0362cceb7948ffbd\"},\"headline\":\"Empa m\u00f6chte Umweltsch\u00e4den mit Drohnen kontrollieren\",\"datePublished\":\"2020-11-03T15:46:50+00:00\",\"dateModified\":\"2022-02-09T10:06:48+00:00\",\"mainEntityOfPage\":{\"@id\":\"https:\\\/\\\/www.organisator.ch\\\/sustainability\\\/2020-11-03\\\/empa-moechte-umweltschaeden-mit-drohnen-kontrollieren\\\/\"},\"wordCount\":576,\"publisher\":{\"@id\":\"https:\\\/\\\/www.organisator.ch\\\/#organization\"},\"image\":{\"@id\":\"https:\\\/\\\/www.organisator.ch\\\/sustainability\\\/2020-11-03\\\/empa-moechte-umweltschaeden-mit-drohnen-kontrollieren\\\/#primaryimage\"},\"thumbnailUrl\":\"https:\\\/\\\/www.organisator.ch\\\/wp-content\\\/uploads\\\/2020\\\/11\\\/Empa-Pfeil_Stopper-UP_Umwelt-Perspektiven.jpg\",\"keywords\":[\"Empa\",\"Geo Engineering\",\"Klimawandel\",\"Robotics\",\"Umweltzerst\u00f6rung\"],\"articleSection\":[\"SUSTAINABILITY\"],\"inLanguage\":\"de\"},{\"@type\":\"WebPage\",\"@id\":\"https:\\\/\\\/www.organisator.ch\\\/sustainability\\\/2020-11-03\\\/empa-moechte-umweltschaeden-mit-drohnen-kontrollieren\\\/\",\"url\":\"https:\\\/\\\/www.organisator.ch\\\/sustainability\\\/2020-11-03\\\/empa-moechte-umweltschaeden-mit-drohnen-kontrollieren\\\/\",\"name\":\"Empa m\u00f6chte Umweltsch\u00e4den mit Drohnen kontrollieren - Organisator\",\"isPartOf\":{\"@id\":\"https:\\\/\\\/www.organisator.ch\\\/#website\"},\"primaryImageOfPage\":{\"@id\":\"https:\\\/\\\/www.organisator.ch\\\/sustainability\\\/2020-11-03\\\/empa-moechte-umweltschaeden-mit-drohnen-kontrollieren\\\/#primaryimage\"},\"image\":{\"@id\":\"https:\\\/\\\/www.organisator.ch\\\/sustainability\\\/2020-11-03\\\/empa-moechte-umweltschaeden-mit-drohnen-kontrollieren\\\/#primaryimage\"},\"thumbnailUrl\":\"https:\\\/\\\/www.organisator.ch\\\/wp-content\\\/uploads\\\/2020\\\/11\\\/Empa-Pfeil_Stopper-UP_Umwelt-Perspektiven.jpg\",\"datePublished\":\"2020-11-03T15:46:50+00:00\",\"dateModified\":\"2022-02-09T10:06:48+00:00\",\"description\":\"Ein Forscherteam der Empa und des \u00abImperial College London\u00bb hat Drohnen entwickelt, die B\u00e4ume mit Sensoren ausr\u00fcsten, die Umweltsch\u00e4den erkennen.\",\"breadcrumb\":{\"@id\":\"https:\\\/\\\/www.organisator.ch\\\/sustainability\\\/2020-11-03\\\/empa-moechte-umweltschaeden-mit-drohnen-kontrollieren\\\/#breadcrumb\"},\"inLanguage\":\"de\",\"potentialAction\":[{\"@type\":\"ReadAction\",\"target\":[\"https:\\\/\\\/www.organisator.ch\\\/sustainability\\\/2020-11-03\\\/empa-moechte-umweltschaeden-mit-drohnen-kontrollieren\\\/\"]}]},{\"@type\":\"ImageObject\",\"inLanguage\":\"de\",\"@id\":\"https:\\\/\\\/www.organisator.ch\\\/sustainability\\\/2020-11-03\\\/empa-moechte-umweltschaeden-mit-drohnen-kontrollieren\\\/#primaryimage\",\"url\":\"https:\\\/\\\/www.organisator.ch\\\/wp-content\\\/uploads\\\/2020\\\/11\\\/Empa-Pfeil_Stopper-UP_Umwelt-Perspektiven.jpg\",\"contentUrl\":\"https:\\\/\\\/www.organisator.ch\\\/wp-content\\\/uploads\\\/2020\\\/11\\\/Empa-Pfeil_Stopper-UP_Umwelt-Perspektiven.jpg\",\"width\":608,\"height\":356,\"caption\":\"Die Flugroboter k\u00f6nnen mit Sensoren best\u00fcckte Pfeile selbst bei dichtem Waldbestand platzieren. (Bild: Imperial College London)\"},{\"@type\":\"BreadcrumbList\",\"@id\":\"https:\\\/\\\/www.organisator.ch\\\/sustainability\\\/2020-11-03\\\/empa-moechte-umweltschaeden-mit-drohnen-kontrollieren\\\/#breadcrumb\",\"itemListElement\":[{\"@type\":\"ListItem\",\"position\":1,\"name\":\"Home\",\"item\":\"https:\\\/\\\/www.organisator.ch\\\/\"},{\"@type\":\"ListItem\",\"position\":2,\"name\":\"Empa m\u00f6chte Umweltsch\u00e4den mit Drohnen kontrollieren\"}]},{\"@type\":\"WebSite\",\"@id\":\"https:\\\/\\\/www.organisator.ch\\\/#website\",\"url\":\"https:\\\/\\\/www.organisator.ch\\\/\",\"name\":\"Organisator\",\"description\":\"Kompetent. Praxisnah. Der ORGANISATOR bereitet in 10 Ausgaben pro Jahr die wesentlichen Themen f\u00fcr F\u00fchrungskr\u00e4fte von KMU auf.\",\"publisher\":{\"@id\":\"https:\\\/\\\/www.organisator.ch\\\/#organization\"},\"potentialAction\":[{\"@type\":\"SearchAction\",\"target\":{\"@type\":\"EntryPoint\",\"urlTemplate\":\"https:\\\/\\\/www.organisator.ch\\\/?s={search_term_string}\"},\"query-input\":{\"@type\":\"PropertyValueSpecification\",\"valueRequired\":true,\"valueName\":\"search_term_string\"}}],\"inLanguage\":\"de\"},{\"@type\":\"Organization\",\"@id\":\"https:\\\/\\\/www.organisator.ch\\\/#organization\",\"name\":\"Organisator\",\"url\":\"https:\\\/\\\/www.organisator.ch\\\/\",\"logo\":{\"@type\":\"ImageObject\",\"inLanguage\":\"de\",\"@id\":\"https:\\\/\\\/www.organisator.ch\\\/#\\\/schema\\\/logo\\\/image\\\/\",\"url\":\"https:\\\/\\\/www.organisator.ch\\\/wp-content\\\/uploads\\\/2022\\\/01\\\/Logo_Organisator_Website.png\",\"contentUrl\":\"https:\\\/\\\/www.organisator.ch\\\/wp-content\\\/uploads\\\/2022\\\/01\\\/Logo_Organisator_Website.png\",\"width\":800,\"height\":77,\"caption\":\"Organisator\"},\"image\":{\"@id\":\"https:\\\/\\\/www.organisator.ch\\\/#\\\/schema\\\/logo\\\/image\\\/\"},\"sameAs\":[\"https:\\\/\\\/www.facebook.com\\\/OrganisatorFachmagazin\",\"https:\\\/\\\/www.linkedin.com\\\/showcase\\\/organisator-das-magazin-fr-kmu\",\"https:\\\/\\\/www.xing.com\\\/news\\\/pages\\\/organisator-ch-695\",\"https:\\\/\\\/www.youtube.com\\\/channel\\\/UCGP2Sq0iWaZwT3BdIAQFYpw\"]},{\"@type\":\"Person\",\"@id\":\"https:\\\/\\\/www.organisator.ch\\\/#\\\/schema\\\/person\\\/134708ca9321c57b0362cceb7948ffbd\",\"name\":\"michael.merz\",\"image\":{\"@type\":\"ImageObject\",\"inLanguage\":\"de\",\"@id\":\"https:\\\/\\\/secure.gravatar.com\\\/avatar\\\/?s=96&d=mm&r=g\",\"url\":\"https:\\\/\\\/secure.gravatar.com\\\/avatar\\\/?s=96&d=mm&r=g\",\"contentUrl\":\"https:\\\/\\\/secure.gravatar.com\\\/avatar\\\/?s=96&d=mm&r=g\",\"caption\":\"michael.merz\"},\"url\":\"https:\\\/\\\/www.organisator.ch\\\/de\\\/author\\\/michael-merz\\\/\"}]}<\/script>\n<!-- \/ Yoast SEO plugin. -->","yoast_head_json":{"title":"Empa m\u00f6chte Umweltsch\u00e4den mit Drohnen kontrollieren - Organisator","description":"Ein Forscherteam der Empa und des \u00abImperial College London\u00bb hat Drohnen entwickelt, die B\u00e4ume mit Sensoren ausr\u00fcsten, die Umweltsch\u00e4den erkennen.","robots":{"index":"index","follow":"follow","max-snippet":"max-snippet:-1","max-image-preview":"max-image-preview:large","max-video-preview":"max-video-preview:-1"},"canonical":"https:\/\/www.organisator.ch\/de\/sustainability\/2020-11-03\/empa-moechte-umweltschaeden-mit-drohnen-kontrollieren\/","og_locale":"de_DE","og_type":"article","og_title":"Empa m\u00f6chte Umweltsch\u00e4den mit Drohnen kontrollieren - Organisator","og_description":"Ein Forscherteam der Empa und des \u00abImperial College London\u00bb hat Drohnen entwickelt, die B\u00e4ume mit Sensoren ausr\u00fcsten, die Umweltsch\u00e4den erkennen.","og_url":"https:\/\/www.organisator.ch\/de\/sustainability\/2020-11-03\/empa-moechte-umweltschaeden-mit-drohnen-kontrollieren\/","og_site_name":"Organisator","article_publisher":"https:\/\/www.facebook.com\/OrganisatorFachmagazin","article_published_time":"2020-11-03T15:46:50+00:00","article_modified_time":"2022-02-09T10:06:48+00:00","og_image":[{"width":608,"height":356,"url":"https:\/\/www.organisator.ch\/wp-content\/uploads\/2020\/11\/Empa-Pfeil_Stopper-UP_Umwelt-Perspektiven.jpg","type":"image\/jpeg"}],"author":"michael.merz","twitter_card":"summary_large_image","schema":{"@context":"https:\/\/schema.org","@graph":[{"@type":"Article","@id":"https:\/\/www.organisator.ch\/sustainability\/2020-11-03\/empa-moechte-umweltschaeden-mit-drohnen-kontrollieren\/#article","isPartOf":{"@id":"https:\/\/www.organisator.ch\/sustainability\/2020-11-03\/empa-moechte-umweltschaeden-mit-drohnen-kontrollieren\/"},"author":{"name":"michael.merz","@id":"https:\/\/www.organisator.ch\/#\/schema\/person\/134708ca9321c57b0362cceb7948ffbd"},"headline":"Empa m\u00f6chte Umweltsch\u00e4den mit Drohnen kontrollieren","datePublished":"2020-11-03T15:46:50+00:00","dateModified":"2022-02-09T10:06:48+00:00","mainEntityOfPage":{"@id":"https:\/\/www.organisator.ch\/sustainability\/2020-11-03\/empa-moechte-umweltschaeden-mit-drohnen-kontrollieren\/"},"wordCount":576,"publisher":{"@id":"https:\/\/www.organisator.ch\/#organization"},"image":{"@id":"https:\/\/www.organisator.ch\/sustainability\/2020-11-03\/empa-moechte-umweltschaeden-mit-drohnen-kontrollieren\/#primaryimage"},"thumbnailUrl":"https:\/\/www.organisator.ch\/wp-content\/uploads\/2020\/11\/Empa-Pfeil_Stopper-UP_Umwelt-Perspektiven.jpg","keywords":["Empa","Geo Engineering","Klimawandel","Robotics","Umweltzerst\u00f6rung"],"articleSection":["SUSTAINABILITY"],"inLanguage":"de"},{"@type":"WebPage","@id":"https:\/\/www.organisator.ch\/sustainability\/2020-11-03\/empa-moechte-umweltschaeden-mit-drohnen-kontrollieren\/","url":"https:\/\/www.organisator.ch\/sustainability\/2020-11-03\/empa-moechte-umweltschaeden-mit-drohnen-kontrollieren\/","name":"Empa m\u00f6chte Umweltsch\u00e4den mit Drohnen kontrollieren - Organisator","isPartOf":{"@id":"https:\/\/www.organisator.ch\/#website"},"primaryImageOfPage":{"@id":"https:\/\/www.organisator.ch\/sustainability\/2020-11-03\/empa-moechte-umweltschaeden-mit-drohnen-kontrollieren\/#primaryimage"},"image":{"@id":"https:\/\/www.organisator.ch\/sustainability\/2020-11-03\/empa-moechte-umweltschaeden-mit-drohnen-kontrollieren\/#primaryimage"},"thumbnailUrl":"https:\/\/www.organisator.ch\/wp-content\/uploads\/2020\/11\/Empa-Pfeil_Stopper-UP_Umwelt-Perspektiven.jpg","datePublished":"2020-11-03T15:46:50+00:00","dateModified":"2022-02-09T10:06:48+00:00","description":"Ein Forscherteam der Empa und des \u00abImperial College London\u00bb hat Drohnen entwickelt, die B\u00e4ume mit Sensoren ausr\u00fcsten, die Umweltsch\u00e4den erkennen.","breadcrumb":{"@id":"https:\/\/www.organisator.ch\/sustainability\/2020-11-03\/empa-moechte-umweltschaeden-mit-drohnen-kontrollieren\/#breadcrumb"},"inLanguage":"de","potentialAction":[{"@type":"ReadAction","target":["https:\/\/www.organisator.ch\/sustainability\/2020-11-03\/empa-moechte-umweltschaeden-mit-drohnen-kontrollieren\/"]}]},{"@type":"ImageObject","inLanguage":"de","@id":"https:\/\/www.organisator.ch\/sustainability\/2020-11-03\/empa-moechte-umweltschaeden-mit-drohnen-kontrollieren\/#primaryimage","url":"https:\/\/www.organisator.ch\/wp-content\/uploads\/2020\/11\/Empa-Pfeil_Stopper-UP_Umwelt-Perspektiven.jpg","contentUrl":"https:\/\/www.organisator.ch\/wp-content\/uploads\/2020\/11\/Empa-Pfeil_Stopper-UP_Umwelt-Perspektiven.jpg","width":608,"height":356,"caption":"Die Flugroboter k\u00f6nnen mit Sensoren best\u00fcckte Pfeile selbst bei dichtem Waldbestand platzieren. (Bild: Imperial College London)"},{"@type":"BreadcrumbList","@id":"https:\/\/www.organisator.ch\/sustainability\/2020-11-03\/empa-moechte-umweltschaeden-mit-drohnen-kontrollieren\/#breadcrumb","itemListElement":[{"@type":"ListItem","position":1,"name":"Home","item":"https:\/\/www.organisator.ch\/"},{"@type":"ListItem","position":2,"name":"Empa m\u00f6chte Umweltsch\u00e4den mit Drohnen kontrollieren"}]},{"@type":"WebSite","@id":"https:\/\/www.organisator.ch\/#website","url":"https:\/\/www.organisator.ch\/","name":"Organisator","description":"Kompetent. Praxisnah. Der ORGANISATOR bereitet in 10 Ausgaben pro Jahr die wesentlichen Themen f\u00fcr F\u00fchrungskr\u00e4fte von KMU auf.","publisher":{"@id":"https:\/\/www.organisator.ch\/#organization"},"potentialAction":[{"@type":"SearchAction","target":{"@type":"EntryPoint","urlTemplate":"https:\/\/www.organisator.ch\/?s={search_term_string}"},"query-input":{"@type":"PropertyValueSpecification","valueRequired":true,"valueName":"search_term_string"}}],"inLanguage":"de"},{"@type":"Organization","@id":"https:\/\/www.organisator.ch\/#organization","name":"Organisator","url":"https:\/\/www.organisator.ch\/","logo":{"@type":"ImageObject","inLanguage":"de","@id":"https:\/\/www.organisator.ch\/#\/schema\/logo\/image\/","url":"https:\/\/www.organisator.ch\/wp-content\/uploads\/2022\/01\/Logo_Organisator_Website.png","contentUrl":"https:\/\/www.organisator.ch\/wp-content\/uploads\/2022\/01\/Logo_Organisator_Website.png","width":800,"height":77,"caption":"Organisator"},"image":{"@id":"https:\/\/www.organisator.ch\/#\/schema\/logo\/image\/"},"sameAs":["https:\/\/www.facebook.com\/OrganisatorFachmagazin","https:\/\/www.linkedin.com\/showcase\/organisator-das-magazin-fr-kmu","https:\/\/www.xing.com\/news\/pages\/organisator-ch-695","https:\/\/www.youtube.com\/channel\/UCGP2Sq0iWaZwT3BdIAQFYpw"]},{"@type":"Person","@id":"https:\/\/www.organisator.ch\/#\/schema\/person\/134708ca9321c57b0362cceb7948ffbd","name":"michael.merz","image":{"@type":"ImageObject","inLanguage":"de","@id":"https:\/\/secure.gravatar.com\/avatar\/?s=96&d=mm&r=g","url":"https:\/\/secure.gravatar.com\/avatar\/?s=96&d=mm&r=g","contentUrl":"https:\/\/secure.gravatar.com\/avatar\/?s=96&d=mm&r=g","caption":"michael.merz"},"url":"https:\/\/www.organisator.ch\/de\/author\/michael-merz\/"}]}},"_links":{"self":[{"href":"https:\/\/www.organisator.ch\/de\/wp-json\/wp\/v2\/posts\/3445","targetHints":{"allow":["GET"]}}],"collection":[{"href":"https:\/\/www.organisator.ch\/de\/wp-json\/wp\/v2\/posts"}],"about":[{"href":"https:\/\/www.organisator.ch\/de\/wp-json\/wp\/v2\/types\/post"}],"author":[{"embeddable":true,"href":"https:\/\/www.organisator.ch\/de\/wp-json\/wp\/v2\/users\/5"}],"replies":[{"embeddable":true,"href":"https:\/\/www.organisator.ch\/de\/wp-json\/wp\/v2\/comments?post=3445"}],"version-history":[{"count":1,"href":"https:\/\/www.organisator.ch\/de\/wp-json\/wp\/v2\/posts\/3445\/revisions"}],"predecessor-version":[{"id":10666,"href":"https:\/\/www.organisator.ch\/de\/wp-json\/wp\/v2\/posts\/3445\/revisions\/10666"}],"wp:featuredmedia":[{"embeddable":true,"href":"https:\/\/www.organisator.ch\/de\/wp-json\/wp\/v2\/media\/3447"}],"wp:attachment":[{"href":"https:\/\/www.organisator.ch\/de\/wp-json\/wp\/v2\/media?parent=3445"}],"wp:term":[{"taxonomy":"category","embeddable":true,"href":"https:\/\/www.organisator.ch\/de\/wp-json\/wp\/v2\/categories?post=3445"},{"taxonomy":"post_tag","embeddable":true,"href":"https:\/\/www.organisator.ch\/de\/wp-json\/wp\/v2\/tags?post=3445"}],"curies":[{"name":"wp","href":"https:\/\/api.w.org\/{rel}","templated":true}]}}