{"id":34456,"date":"2024-12-05T11:59:07","date_gmt":"2024-12-05T10:59:07","guid":{"rendered":"https:\/\/www.markt-kom.com\/?p=227775"},"modified":"2024-12-06T10:32:34","modified_gmt":"2024-12-06T09:32:34","slug":"agence-trio-und-sbb-zeigen-die-zukunft-der-mobilitaet-in-der-romandie","status":"publish","type":"post","link":"https:\/\/www.organisator.ch\/de\/marketing\/2024-12-05\/agence-trio-und-sbb-zeigen-die-zukunft-der-mobilitaet-in-der-romandie\/","title":{"rendered":"Agence Trio und SBB zeigen die Zukunft der Mobilit\u00e4t in der Romandie"},"content":{"rendered":"<figure id=\"attachment_227778\" class=\"wp-caption aligncenter\" style=\"width: 1200px;\" aria-describedby=\"caption-attachment-227778\"><a href=\"https:\/\/www.markt-kom.com\/wp-content\/uploads\/2024\/12\/Trio_CFF_Expo.jpg\"><img class=\"size-full wp-image-227778\" src=\"https:\/\/www.markt-kom.com\/wp-content\/uploads\/2024\/12\/Trio_CFF_Expo.jpg\" sizes=\"(max-width: 1200px) 100vw, 1200px\" srcset=\"https:\/\/www.markt-kom.com\/wp-content\/uploads\/2024\/12\/Trio_CFF_Expo.jpg 1200w, https:\/\/www.markt-kom.com\/wp-content\/uploads\/2024\/12\/Trio_CFF_Expo-600x369.jpg 600w, https:\/\/www.markt-kom.com\/wp-content\/uploads\/2024\/12\/Trio_CFF_Expo-1024x629.jpg 1024w, https:\/\/www.markt-kom.com\/wp-content\/uploads\/2024\/12\/Trio_CFF_Expo-768x472.jpg 768w, https:\/\/www.markt-kom.com\/wp-content\/uploads\/2024\/12\/Trio_CFF_Expo-18x12.jpg 18w, https:\/\/www.markt-kom.com\/wp-content\/uploads\/2024\/12\/Trio_CFF_Expo-285x175.jpg 285w, https:\/\/www.markt-kom.com\/wp-content\/uploads\/2024\/12\/Trio_CFF_Expo-570x350.jpg 570w, https:\/\/www.markt-kom.com\/wp-content\/uploads\/2024\/12\/Trio_CFF_Expo-1000x614.jpg 1000w\" alt=\"\" width=\"1200\" height=\"737\" \/><\/a>\r\n<figcaption id=\"caption-attachment-227778\" class=\"wp-caption-text\">(Bilder: zVg.)<\/figcaption>\r\n<\/figure>\r\n<p>Im Jahr 2023 erhielt Agence Trio den Auftrag, eine Ausstellung \u00fcber den Bahnhof Lausanne und das Projekt L\u00e9man 2030 f\u00fcr die SBB zu entwickeln. Das Mandat umfasste die Kreation und Realisation eines interaktiven Raums, der den verschiedenen Personen gewimet ist, die sich f\u00fcr die Zukunft des Bahnverkehrs in Lausanne und der \u00fcbrigen Westschweiz interessieren. In der Ausstellung sollen Besucher:innen in die Mobilit\u00e4t der Bahn von morgen eintauchen. F\u00fcr die Umsetzung hat Trio mit Miss Camping zusammengearbeitet.<\/p>\r\n<p><iframe title=\"Trio - Ausstellung &quot;Destination Lausanne&quot;\" src=\"https:\/\/www.youtube.com\/embed\/wqXGJfRv5Jc?feature=oembed\" width=\"768\" height=\"432\" frameborder=\"0\" allowfullscreen=\"allowfullscreen\"><\/iframe><\/p>\r\n<p>Die verschiedenen Arbeitsetappen, die das Programm \u00abL\u00e9man 2030\u00bb bilden, sind von wesentlicher Bedeutung f\u00fcr die Mobilit\u00e4t in der Region. Damit die Komplexit\u00e4t dieser Projekte und die damit verbundenen Herausforderungen f\u00fcr die Bev\u00f6lkerung greifbar wird, sollten diese in der Ausstellung auf leicht zug\u00e4ngliche Weise pr\u00e4sentiert werden.<\/p>\r\n<p>So treffen die Besucher:innen auf eine Reihe von Haltestellen, anhand derer sie in die Zukunft der Mobilit\u00e4t reisen und sich in die verschiedenen Etappen und Aspekte der Erneuerung des Bahnnetzwerks hineinversetzen k\u00f6nnen. An jedem Posten gibt es interaktive Elemente wie Buzzers, Modelle und Bildschirme.<\/p>\r\n<p><a href=\"https:\/\/www.markt-kom.com\/wp-content\/uploads\/2024\/12\/Trio_CFF_Expo2.jpg\"><img class=\"aligncenter size-full wp-image-227776\" src=\"https:\/\/www.markt-kom.com\/wp-content\/uploads\/2024\/12\/Trio_CFF_Expo2.jpg\" sizes=\"(max-width: 1200px) 100vw, 1200px\" srcset=\"https:\/\/www.markt-kom.com\/wp-content\/uploads\/2024\/12\/Trio_CFF_Expo2.jpg 1200w, https:\/\/www.markt-kom.com\/wp-content\/uploads\/2024\/12\/Trio_CFF_Expo2-600x414.jpg 600w, https:\/\/www.markt-kom.com\/wp-content\/uploads\/2024\/12\/Trio_CFF_Expo2-1024x706.jpg 1024w, https:\/\/www.markt-kom.com\/wp-content\/uploads\/2024\/12\/Trio_CFF_Expo2-768x529.jpg 768w, https:\/\/www.markt-kom.com\/wp-content\/uploads\/2024\/12\/Trio_CFF_Expo2-18x12.jpg 18w, https:\/\/www.markt-kom.com\/wp-content\/uploads\/2024\/12\/Trio_CFF_Expo2-254x175.jpg 254w, https:\/\/www.markt-kom.com\/wp-content\/uploads\/2024\/12\/Trio_CFF_Expo2-508x350.jpg 508w, https:\/\/www.markt-kom.com\/wp-content\/uploads\/2024\/12\/Trio_CFF_Expo2-1000x689.jpg 1000w\" alt=\"\" width=\"1200\" height=\"827\" \/><\/a><\/p>\r\n<p>Einen besonderen Stellenwert nimmt der Bahnhof Lausanne als einer der Eckpfeiler von \u00abL\u00e9man 2030\u00bb ein. Der k\u00fcnftige Bahnhof wird \u2013 \u00fcber den Mobilit\u00e4tshub hinaus \u2013 als Lebensraum dargestellt, der viel zu bieten hat.<\/p>\r\n<p>Die Ausstellung befindet sich im 4. Stock des Place de la Gare 1 mit Blick auf den Bahnhof Lausanne und folgt einer nachhaltigen Logik, indem das Material verschiebbar und erneuerbar konzipiert wurde. Sie ist an jedem ersten Mittwoch von 17 bis 19 Uhr und jeden dritten Samstag des Monats von 10 bis 12 Uhr ge\u00f6ffnet. Privatbesuche k\u00f6nnen ebenfalls <a href=\"https:\/\/company.sbb.ch\/de\/ueber-die-sbb\/profil\/sbb-erleben\/sbb-erlebnisse\/sbb-infopavillon-in-lausanne.html\">gebucht werden<\/a>.<\/p>\r\n<p><a href=\"https:\/\/www.markt-kom.com\/wp-content\/uploads\/2024\/12\/Trio_CFF_Expo3.jpg\"><img class=\"aligncenter size-full wp-image-227777\" src=\"https:\/\/www.markt-kom.com\/wp-content\/uploads\/2024\/12\/Trio_CFF_Expo3.jpg\" sizes=\"(max-width: 1200px) 100vw, 1200px\" srcset=\"https:\/\/www.markt-kom.com\/wp-content\/uploads\/2024\/12\/Trio_CFF_Expo3.jpg 1200w, https:\/\/www.markt-kom.com\/wp-content\/uploads\/2024\/12\/Trio_CFF_Expo3-600x402.jpg 600w, https:\/\/www.markt-kom.com\/wp-content\/uploads\/2024\/12\/Trio_CFF_Expo3-1024x686.jpg 1024w, https:\/\/www.markt-kom.com\/wp-content\/uploads\/2024\/12\/Trio_CFF_Expo3-768x515.jpg 768w, https:\/\/www.markt-kom.com\/wp-content\/uploads\/2024\/12\/Trio_CFF_Expo3-18x12.jpg 18w, https:\/\/www.markt-kom.com\/wp-content\/uploads\/2024\/12\/Trio_CFF_Expo3-261x175.jpg 261w, https:\/\/www.markt-kom.com\/wp-content\/uploads\/2024\/12\/Trio_CFF_Expo3-522x350.jpg 522w, https:\/\/www.markt-kom.com\/wp-content\/uploads\/2024\/12\/Trio_CFF_Expo3-1000x670.jpg 1000w\" alt=\"\" width=\"1200\" height=\"804\" \/><\/a><\/p>","protected":false},"excerpt":{"rendered":"<p>Agence Trio hat f\u00fcr die SBB eine Ausstellung zur Zukunft der Mobilit\u00e4t in der Westschweiz konzipiert und zu realisiert. Der interaktive Raum befindet sich in Lausanne.<\/p>\n","protected":false},"author":8,"featured_media":0,"comment_status":"closed","ping_status":"closed","sticky":false,"template":"","format":"standard","meta":{"_acf_changed":false,"_yoast_wpseo_focuskw":"Mobilit\u00e4t Lausanne","_yoast_wpseo_metadesc":"Agence Trio konzipierte f\u00fcr die SBB eine interaktive Ausstellung zur Zukunft der Mobilit\u00e4t in Lausanne.","articlekey":"","footnotes":""},"categories":[29],"tags":[4920,3357,4343,354,2055],"class_list":["post-34456","post","type-post","status-publish","format-standard","hentry","category-marketing","tag-agence-trio","tag-live-kommunikation","tag-markom","tag-mobilitaet","tag-sbb"],"acf":[],"yoast_head":"<!-- This site is optimized with the Yoast SEO plugin v27.4 - https:\/\/yoast.com\/product\/yoast-seo-wordpress\/ -->\n<title>Agence Trio und SBB zeigen die Zukunft der Mobilit\u00e4t in der Romandie - Organisator<\/title>\n<meta name=\"description\" content=\"Agence Trio konzipierte f\u00fcr die SBB eine interaktive Ausstellung zur Zukunft der Mobilit\u00e4t in Lausanne.\" \/>\n<meta name=\"robots\" content=\"index, follow, max-snippet:-1, max-image-preview:large, max-video-preview:-1\" \/>\n<link rel=\"canonical\" href=\"https:\/\/www.organisator.ch\/de\/marketing\/2024-12-05\/agence-trio-und-sbb-zeigen-die-zukunft-der-mobilitaet-in-der-romandie\/\" \/>\n<meta property=\"og:locale\" content=\"de_DE\" \/>\n<meta property=\"og:type\" content=\"article\" \/>\n<meta property=\"og:title\" content=\"Agence Trio und SBB zeigen die Zukunft der Mobilit\u00e4t in der Romandie - Organisator\" \/>\n<meta property=\"og:description\" content=\"Agence Trio konzipierte f\u00fcr die SBB eine interaktive Ausstellung zur Zukunft der Mobilit\u00e4t in Lausanne.\" \/>\n<meta property=\"og:url\" content=\"https:\/\/www.organisator.ch\/de\/marketing\/2024-12-05\/agence-trio-und-sbb-zeigen-die-zukunft-der-mobilitaet-in-der-romandie\/\" \/>\n<meta property=\"og:site_name\" content=\"Organisator\" \/>\n<meta property=\"article:publisher\" content=\"https:\/\/www.facebook.com\/OrganisatorFachmagazin\" \/>\n<meta property=\"article:published_time\" content=\"2024-12-05T10:59:07+00:00\" \/>\n<meta property=\"article:modified_time\" content=\"2024-12-06T09:32:34+00:00\" \/>\n<meta name=\"author\" content=\"galledia\" \/>\n<meta name=\"twitter:card\" content=\"summary_large_image\" \/>\n<meta name=\"twitter:creator\" content=\"@admin\" \/>\n<script type=\"application\/ld+json\" class=\"yoast-schema-graph\">{\"@context\":\"https:\\\/\\\/schema.org\",\"@graph\":[{\"@type\":\"Article\",\"@id\":\"https:\\\/\\\/www.organisator.ch\\\/marketing\\\/2024-12-05\\\/agence-trio-und-sbb-zeigen-die-zukunft-der-mobilitaet-in-der-romandie\\\/#article\",\"isPartOf\":{\"@id\":\"https:\\\/\\\/www.organisator.ch\\\/marketing\\\/2024-12-05\\\/agence-trio-und-sbb-zeigen-die-zukunft-der-mobilitaet-in-der-romandie\\\/\"},\"author\":{\"name\":\"galledia\",\"@id\":\"https:\\\/\\\/www.organisator.ch\\\/#\\\/schema\\\/person\\\/4e51799071cd2dd1232ac003643ef5f0\"},\"headline\":\"Agence Trio und SBB zeigen die Zukunft der Mobilit\u00e4t in der Romandie\",\"datePublished\":\"2024-12-05T10:59:07+00:00\",\"dateModified\":\"2024-12-06T09:32:34+00:00\",\"mainEntityOfPage\":{\"@id\":\"https:\\\/\\\/www.organisator.ch\\\/marketing\\\/2024-12-05\\\/agence-trio-und-sbb-zeigen-die-zukunft-der-mobilitaet-in-der-romandie\\\/\"},\"wordCount\":283,\"publisher\":{\"@id\":\"https:\\\/\\\/www.organisator.ch\\\/#organization\"},\"image\":{\"@id\":\"https:\\\/\\\/www.organisator.ch\\\/marketing\\\/2024-12-05\\\/agence-trio-und-sbb-zeigen-die-zukunft-der-mobilitaet-in-der-romandie\\\/#primaryimage\"},\"thumbnailUrl\":\"https:\\\/\\\/www.markt-kom.com\\\/wp-content\\\/uploads\\\/2024\\\/12\\\/Trio_CFF_Expo.jpg\",\"keywords\":[\"Agence Trio\",\"Live-Kommunikation\",\"MarKom\",\"Mobilit\u00e4t\",\"SBB\"],\"articleSection\":[\"MARKETING\"],\"inLanguage\":\"de\"},{\"@type\":\"WebPage\",\"@id\":\"https:\\\/\\\/www.organisator.ch\\\/marketing\\\/2024-12-05\\\/agence-trio-und-sbb-zeigen-die-zukunft-der-mobilitaet-in-der-romandie\\\/\",\"url\":\"https:\\\/\\\/www.organisator.ch\\\/marketing\\\/2024-12-05\\\/agence-trio-und-sbb-zeigen-die-zukunft-der-mobilitaet-in-der-romandie\\\/\",\"name\":\"Agence Trio und SBB zeigen die Zukunft der Mobilit\u00e4t in der Romandie - Organisator\",\"isPartOf\":{\"@id\":\"https:\\\/\\\/www.organisator.ch\\\/#website\"},\"primaryImageOfPage\":{\"@id\":\"https:\\\/\\\/www.organisator.ch\\\/marketing\\\/2024-12-05\\\/agence-trio-und-sbb-zeigen-die-zukunft-der-mobilitaet-in-der-romandie\\\/#primaryimage\"},\"image\":{\"@id\":\"https:\\\/\\\/www.organisator.ch\\\/marketing\\\/2024-12-05\\\/agence-trio-und-sbb-zeigen-die-zukunft-der-mobilitaet-in-der-romandie\\\/#primaryimage\"},\"thumbnailUrl\":\"https:\\\/\\\/www.markt-kom.com\\\/wp-content\\\/uploads\\\/2024\\\/12\\\/Trio_CFF_Expo.jpg\",\"datePublished\":\"2024-12-05T10:59:07+00:00\",\"dateModified\":\"2024-12-06T09:32:34+00:00\",\"description\":\"Agence Trio konzipierte f\u00fcr die SBB eine interaktive Ausstellung zur Zukunft der Mobilit\u00e4t in Lausanne.\",\"breadcrumb\":{\"@id\":\"https:\\\/\\\/www.organisator.ch\\\/marketing\\\/2024-12-05\\\/agence-trio-und-sbb-zeigen-die-zukunft-der-mobilitaet-in-der-romandie\\\/#breadcrumb\"},\"inLanguage\":\"de\",\"potentialAction\":[{\"@type\":\"ReadAction\",\"target\":[\"https:\\\/\\\/www.organisator.ch\\\/marketing\\\/2024-12-05\\\/agence-trio-und-sbb-zeigen-die-zukunft-der-mobilitaet-in-der-romandie\\\/\"]}]},{\"@type\":\"ImageObject\",\"inLanguage\":\"de\",\"@id\":\"https:\\\/\\\/www.organisator.ch\\\/marketing\\\/2024-12-05\\\/agence-trio-und-sbb-zeigen-die-zukunft-der-mobilitaet-in-der-romandie\\\/#primaryimage\",\"url\":\"https:\\\/\\\/www.markt-kom.com\\\/wp-content\\\/uploads\\\/2024\\\/12\\\/Trio_CFF_Expo.jpg\",\"contentUrl\":\"https:\\\/\\\/www.markt-kom.com\\\/wp-content\\\/uploads\\\/2024\\\/12\\\/Trio_CFF_Expo.jpg\"},{\"@type\":\"BreadcrumbList\",\"@id\":\"https:\\\/\\\/www.organisator.ch\\\/marketing\\\/2024-12-05\\\/agence-trio-und-sbb-zeigen-die-zukunft-der-mobilitaet-in-der-romandie\\\/#breadcrumb\",\"itemListElement\":[{\"@type\":\"ListItem\",\"position\":1,\"name\":\"Home\",\"item\":\"https:\\\/\\\/www.organisator.ch\\\/\"},{\"@type\":\"ListItem\",\"position\":2,\"name\":\"Agence Trio und SBB zeigen die Zukunft der Mobilit\u00e4t in der Romandie\"}]},{\"@type\":\"WebSite\",\"@id\":\"https:\\\/\\\/www.organisator.ch\\\/#website\",\"url\":\"https:\\\/\\\/www.organisator.ch\\\/\",\"name\":\"Organisator\",\"description\":\"Kompetent. Praxisnah. Der ORGANISATOR bereitet in 10 Ausgaben pro Jahr die wesentlichen Themen f\u00fcr F\u00fchrungskr\u00e4fte von KMU auf.\",\"publisher\":{\"@id\":\"https:\\\/\\\/www.organisator.ch\\\/#organization\"},\"potentialAction\":[{\"@type\":\"SearchAction\",\"target\":{\"@type\":\"EntryPoint\",\"urlTemplate\":\"https:\\\/\\\/www.organisator.ch\\\/?s={search_term_string}\"},\"query-input\":{\"@type\":\"PropertyValueSpecification\",\"valueRequired\":true,\"valueName\":\"search_term_string\"}}],\"inLanguage\":\"de\"},{\"@type\":\"Organization\",\"@id\":\"https:\\\/\\\/www.organisator.ch\\\/#organization\",\"name\":\"Organisator\",\"url\":\"https:\\\/\\\/www.organisator.ch\\\/\",\"logo\":{\"@type\":\"ImageObject\",\"inLanguage\":\"de\",\"@id\":\"https:\\\/\\\/www.organisator.ch\\\/#\\\/schema\\\/logo\\\/image\\\/\",\"url\":\"https:\\\/\\\/www.organisator.ch\\\/wp-content\\\/uploads\\\/2022\\\/01\\\/Logo_Organisator_Website.png\",\"contentUrl\":\"https:\\\/\\\/www.organisator.ch\\\/wp-content\\\/uploads\\\/2022\\\/01\\\/Logo_Organisator_Website.png\",\"width\":800,\"height\":77,\"caption\":\"Organisator\"},\"image\":{\"@id\":\"https:\\\/\\\/www.organisator.ch\\\/#\\\/schema\\\/logo\\\/image\\\/\"},\"sameAs\":[\"https:\\\/\\\/www.facebook.com\\\/OrganisatorFachmagazin\",\"https:\\\/\\\/www.linkedin.com\\\/showcase\\\/organisator-das-magazin-fr-kmu\",\"https:\\\/\\\/www.xing.com\\\/news\\\/pages\\\/organisator-ch-695\",\"https:\\\/\\\/www.youtube.com\\\/channel\\\/UCGP2Sq0iWaZwT3BdIAQFYpw\"]},{\"@type\":\"Person\",\"@id\":\"https:\\\/\\\/www.organisator.ch\\\/#\\\/schema\\\/person\\\/4e51799071cd2dd1232ac003643ef5f0\",\"name\":\"galledia\",\"image\":{\"@type\":\"ImageObject\",\"inLanguage\":\"de\",\"@id\":\"https:\\\/\\\/secure.gravatar.com\\\/avatar\\\/78a7f90c01fc2bfc875782a0d4922b37cde2cf184ce347b91316d23cd7f69a36?s=96&d=mm&r=g\",\"url\":\"https:\\\/\\\/secure.gravatar.com\\\/avatar\\\/78a7f90c01fc2bfc875782a0d4922b37cde2cf184ce347b91316d23cd7f69a36?s=96&d=mm&r=g\",\"contentUrl\":\"https:\\\/\\\/secure.gravatar.com\\\/avatar\\\/78a7f90c01fc2bfc875782a0d4922b37cde2cf184ce347b91316d23cd7f69a36?s=96&d=mm&r=g\",\"caption\":\"galledia\"},\"sameAs\":[\"https:\\\/\\\/x.com\\\/admin\"],\"url\":\"https:\\\/\\\/www.organisator.ch\\\/de\\\/author\\\/galledia\\\/\"}]}<\/script>\n<!-- \/ Yoast SEO plugin. -->","yoast_head_json":{"title":"Agence Trio und SBB zeigen die Zukunft der Mobilit\u00e4t in der Romandie - Organisator","description":"Agence Trio konzipierte f\u00fcr die SBB eine interaktive Ausstellung zur Zukunft der Mobilit\u00e4t in Lausanne.","robots":{"index":"index","follow":"follow","max-snippet":"max-snippet:-1","max-image-preview":"max-image-preview:large","max-video-preview":"max-video-preview:-1"},"canonical":"https:\/\/www.organisator.ch\/de\/marketing\/2024-12-05\/agence-trio-und-sbb-zeigen-die-zukunft-der-mobilitaet-in-der-romandie\/","og_locale":"de_DE","og_type":"article","og_title":"Agence Trio und SBB zeigen die Zukunft der Mobilit\u00e4t in der Romandie - Organisator","og_description":"Agence Trio konzipierte f\u00fcr die SBB eine interaktive Ausstellung zur Zukunft der Mobilit\u00e4t in Lausanne.","og_url":"https:\/\/www.organisator.ch\/de\/marketing\/2024-12-05\/agence-trio-und-sbb-zeigen-die-zukunft-der-mobilitaet-in-der-romandie\/","og_site_name":"Organisator","article_publisher":"https:\/\/www.facebook.com\/OrganisatorFachmagazin","article_published_time":"2024-12-05T10:59:07+00:00","article_modified_time":"2024-12-06T09:32:34+00:00","author":"galledia","twitter_card":"summary_large_image","twitter_creator":"@admin","schema":{"@context":"https:\/\/schema.org","@graph":[{"@type":"Article","@id":"https:\/\/www.organisator.ch\/marketing\/2024-12-05\/agence-trio-und-sbb-zeigen-die-zukunft-der-mobilitaet-in-der-romandie\/#article","isPartOf":{"@id":"https:\/\/www.organisator.ch\/marketing\/2024-12-05\/agence-trio-und-sbb-zeigen-die-zukunft-der-mobilitaet-in-der-romandie\/"},"author":{"name":"galledia","@id":"https:\/\/www.organisator.ch\/#\/schema\/person\/4e51799071cd2dd1232ac003643ef5f0"},"headline":"Agence Trio und SBB zeigen die Zukunft der Mobilit\u00e4t in der Romandie","datePublished":"2024-12-05T10:59:07+00:00","dateModified":"2024-12-06T09:32:34+00:00","mainEntityOfPage":{"@id":"https:\/\/www.organisator.ch\/marketing\/2024-12-05\/agence-trio-und-sbb-zeigen-die-zukunft-der-mobilitaet-in-der-romandie\/"},"wordCount":283,"publisher":{"@id":"https:\/\/www.organisator.ch\/#organization"},"image":{"@id":"https:\/\/www.organisator.ch\/marketing\/2024-12-05\/agence-trio-und-sbb-zeigen-die-zukunft-der-mobilitaet-in-der-romandie\/#primaryimage"},"thumbnailUrl":"https:\/\/www.markt-kom.com\/wp-content\/uploads\/2024\/12\/Trio_CFF_Expo.jpg","keywords":["Agence Trio","Live-Kommunikation","MarKom","Mobilit\u00e4t","SBB"],"articleSection":["MARKETING"],"inLanguage":"de"},{"@type":"WebPage","@id":"https:\/\/www.organisator.ch\/marketing\/2024-12-05\/agence-trio-und-sbb-zeigen-die-zukunft-der-mobilitaet-in-der-romandie\/","url":"https:\/\/www.organisator.ch\/marketing\/2024-12-05\/agence-trio-und-sbb-zeigen-die-zukunft-der-mobilitaet-in-der-romandie\/","name":"Agence Trio und SBB zeigen die Zukunft der Mobilit\u00e4t in der Romandie - Organisator","isPartOf":{"@id":"https:\/\/www.organisator.ch\/#website"},"primaryImageOfPage":{"@id":"https:\/\/www.organisator.ch\/marketing\/2024-12-05\/agence-trio-und-sbb-zeigen-die-zukunft-der-mobilitaet-in-der-romandie\/#primaryimage"},"image":{"@id":"https:\/\/www.organisator.ch\/marketing\/2024-12-05\/agence-trio-und-sbb-zeigen-die-zukunft-der-mobilitaet-in-der-romandie\/#primaryimage"},"thumbnailUrl":"https:\/\/www.markt-kom.com\/wp-content\/uploads\/2024\/12\/Trio_CFF_Expo.jpg","datePublished":"2024-12-05T10:59:07+00:00","dateModified":"2024-12-06T09:32:34+00:00","description":"Agence Trio konzipierte f\u00fcr die SBB eine interaktive Ausstellung zur Zukunft der Mobilit\u00e4t in Lausanne.","breadcrumb":{"@id":"https:\/\/www.organisator.ch\/marketing\/2024-12-05\/agence-trio-und-sbb-zeigen-die-zukunft-der-mobilitaet-in-der-romandie\/#breadcrumb"},"inLanguage":"de","potentialAction":[{"@type":"ReadAction","target":["https:\/\/www.organisator.ch\/marketing\/2024-12-05\/agence-trio-und-sbb-zeigen-die-zukunft-der-mobilitaet-in-der-romandie\/"]}]},{"@type":"ImageObject","inLanguage":"de","@id":"https:\/\/www.organisator.ch\/marketing\/2024-12-05\/agence-trio-und-sbb-zeigen-die-zukunft-der-mobilitaet-in-der-romandie\/#primaryimage","url":"https:\/\/www.markt-kom.com\/wp-content\/uploads\/2024\/12\/Trio_CFF_Expo.jpg","contentUrl":"https:\/\/www.markt-kom.com\/wp-content\/uploads\/2024\/12\/Trio_CFF_Expo.jpg"},{"@type":"BreadcrumbList","@id":"https:\/\/www.organisator.ch\/marketing\/2024-12-05\/agence-trio-und-sbb-zeigen-die-zukunft-der-mobilitaet-in-der-romandie\/#breadcrumb","itemListElement":[{"@type":"ListItem","position":1,"name":"Home","item":"https:\/\/www.organisator.ch\/"},{"@type":"ListItem","position":2,"name":"Agence Trio und SBB zeigen die Zukunft der Mobilit\u00e4t in der Romandie"}]},{"@type":"WebSite","@id":"https:\/\/www.organisator.ch\/#website","url":"https:\/\/www.organisator.ch\/","name":"Organisator","description":"Kompetent. Praxisnah. Der ORGANISATOR bereitet in 10 Ausgaben pro Jahr die wesentlichen Themen f\u00fcr F\u00fchrungskr\u00e4fte von KMU auf.","publisher":{"@id":"https:\/\/www.organisator.ch\/#organization"},"potentialAction":[{"@type":"SearchAction","target":{"@type":"EntryPoint","urlTemplate":"https:\/\/www.organisator.ch\/?s={search_term_string}"},"query-input":{"@type":"PropertyValueSpecification","valueRequired":true,"valueName":"search_term_string"}}],"inLanguage":"de"},{"@type":"Organization","@id":"https:\/\/www.organisator.ch\/#organization","name":"Organisator","url":"https:\/\/www.organisator.ch\/","logo":{"@type":"ImageObject","inLanguage":"de","@id":"https:\/\/www.organisator.ch\/#\/schema\/logo\/image\/","url":"https:\/\/www.organisator.ch\/wp-content\/uploads\/2022\/01\/Logo_Organisator_Website.png","contentUrl":"https:\/\/www.organisator.ch\/wp-content\/uploads\/2022\/01\/Logo_Organisator_Website.png","width":800,"height":77,"caption":"Organisator"},"image":{"@id":"https:\/\/www.organisator.ch\/#\/schema\/logo\/image\/"},"sameAs":["https:\/\/www.facebook.com\/OrganisatorFachmagazin","https:\/\/www.linkedin.com\/showcase\/organisator-das-magazin-fr-kmu","https:\/\/www.xing.com\/news\/pages\/organisator-ch-695","https:\/\/www.youtube.com\/channel\/UCGP2Sq0iWaZwT3BdIAQFYpw"]},{"@type":"Person","@id":"https:\/\/www.organisator.ch\/#\/schema\/person\/4e51799071cd2dd1232ac003643ef5f0","name":"galledia","image":{"@type":"ImageObject","inLanguage":"de","@id":"https:\/\/secure.gravatar.com\/avatar\/78a7f90c01fc2bfc875782a0d4922b37cde2cf184ce347b91316d23cd7f69a36?s=96&d=mm&r=g","url":"https:\/\/secure.gravatar.com\/avatar\/78a7f90c01fc2bfc875782a0d4922b37cde2cf184ce347b91316d23cd7f69a36?s=96&d=mm&r=g","contentUrl":"https:\/\/secure.gravatar.com\/avatar\/78a7f90c01fc2bfc875782a0d4922b37cde2cf184ce347b91316d23cd7f69a36?s=96&d=mm&r=g","caption":"galledia"},"sameAs":["https:\/\/x.com\/admin"],"url":"https:\/\/www.organisator.ch\/de\/author\/galledia\/"}]}},"_links":{"self":[{"href":"https:\/\/www.organisator.ch\/de\/wp-json\/wp\/v2\/posts\/34456","targetHints":{"allow":["GET"]}}],"collection":[{"href":"https:\/\/www.organisator.ch\/de\/wp-json\/wp\/v2\/posts"}],"about":[{"href":"https:\/\/www.organisator.ch\/de\/wp-json\/wp\/v2\/types\/post"}],"author":[{"embeddable":true,"href":"https:\/\/www.organisator.ch\/de\/wp-json\/wp\/v2\/users\/8"}],"replies":[{"embeddable":true,"href":"https:\/\/www.organisator.ch\/de\/wp-json\/wp\/v2\/comments?post=34456"}],"version-history":[{"count":6,"href":"https:\/\/www.organisator.ch\/de\/wp-json\/wp\/v2\/posts\/34456\/revisions"}],"predecessor-version":[{"id":34476,"href":"https:\/\/www.organisator.ch\/de\/wp-json\/wp\/v2\/posts\/34456\/revisions\/34476"}],"wp:attachment":[{"href":"https:\/\/www.organisator.ch\/de\/wp-json\/wp\/v2\/media?parent=34456"}],"wp:term":[{"taxonomy":"category","embeddable":true,"href":"https:\/\/www.organisator.ch\/de\/wp-json\/wp\/v2\/categories?post=34456"},{"taxonomy":"post_tag","embeddable":true,"href":"https:\/\/www.organisator.ch\/de\/wp-json\/wp\/v2\/tags?post=34456"}],"curies":[{"name":"wp","href":"https:\/\/api.w.org\/{rel}","templated":true}]}}