{"id":34489,"date":"2024-12-06T13:39:49","date_gmt":"2024-12-06T12:39:49","guid":{"rendered":"https:\/\/www.markt-kom.com\/?p=227818"},"modified":"2024-12-09T07:47:10","modified_gmt":"2024-12-09T06:47:10","slug":"uzh-studierendenverband-verlaesst-dachverband","status":"publish","type":"post","link":"https:\/\/www.organisator.ch\/de\/marketing\/2024-12-06\/uzh-studierendenverband-verlaesst-dachverband\/","title":{"rendered":"UZH-Studierendenverband verl\u00e4sst Dachverband"},"content":{"rendered":"<p><a href=\"https:\/\/www.markt-kom.com\/wp-content\/uploads\/2024\/12\/VSUZH-Austritt-Dachverband-VSS.jpg\"><img class=\"aligncenter size-full wp-image-227819\" src=\"https:\/\/www.markt-kom.com\/wp-content\/uploads\/2024\/12\/VSUZH-Austritt-Dachverband-VSS.jpg\" sizes=\"(max-width: 885px) 100vw, 885px\" srcset=\"https:\/\/www.markt-kom.com\/wp-content\/uploads\/2024\/12\/VSUZH-Austritt-Dachverband-VSS.jpg 885w, https:\/\/www.markt-kom.com\/wp-content\/uploads\/2024\/12\/VSUZH-Austritt-Dachverband-VSS-600x450.jpg 600w, https:\/\/www.markt-kom.com\/wp-content\/uploads\/2024\/12\/VSUZH-Austritt-Dachverband-VSS-768x576.jpg 768w, https:\/\/www.markt-kom.com\/wp-content\/uploads\/2024\/12\/VSUZH-Austritt-Dachverband-VSS-16x12.jpg 16w, https:\/\/www.markt-kom.com\/wp-content\/uploads\/2024\/12\/VSUZH-Austritt-Dachverband-VSS-233x175.jpg 233w, https:\/\/www.markt-kom.com\/wp-content\/uploads\/2024\/12\/VSUZH-Austritt-Dachverband-VSS-466x350.jpg 466w\" alt=\"\" width=\"885\" height=\"664\" \/><\/a><\/p>\r\n<p>Ein m\u00f6glicher Wiedereintritt soll Ende 2025 erneut evaluiert werden, sofern sich bis dahin grundlegende Verbesserungen im Verband der Schweizer Studierendenschaften (VSS) abzeichnen, teilte der Verband der Studierenden der Universit\u00e4t Z\u00fcrich (VSUZH) am Freitag mit. Verbesserungen brauche es bei der Zusammenarbeit und bei der Transparenz.<\/p>\r\n<p>Gem\u00e4ss einer gemeinsamen Medienmitteilung der beiden Organisationen vom Mittwoch hat ein Medienbericht \u00fcber die Pro-Pal\u00e4stina-Studierendenproteste im Mai 2024 zur Eskalation des Konflikts beigetragen. Demnach verlangte der Verband der Studierenden der Uni Z\u00fcrich damals etwa einen Teilboykott israelischer Universit\u00e4ten, was der nationale Verband kritisierte.<\/p>\r\n<p>Dass es im Zusammenhang mit den Diskussionen um die Studierendenproteste zu Fehlern in der Kommunikation gekommen sei, bedauert der VSS gem\u00e4ss Mitteilung von Mittwoch.<\/p>\r\n<p>F\u00fcr den VSUZH sei der Austritt aber notwendig, um die eigenen Ressourcen gezielt f\u00fcr die Anliegen der UZH-Studierenden einzusetzen. Die Universit\u00e4t solle ein Ort bleiben, an dem auch schwierige und kontroverse Themen diskutiert werden k\u00f6nnen \u2013 ohne Angst vor pers\u00f6nlichen Angriffen oder der Unterdr\u00fcckung von Meinungen, schrieb der VSUZH. Der Verband bedauert, dass es zu diesem Schritt kommt.<\/p>\r\n<p>Aus Angst vor negativer Berichterstattung und um sich nicht mit dem Vorwurf der Einseitigkeit aussetzen zu lassen, werde die Thematik rund um den Nahostkonflikt an den Universit\u00e4ten klein gehalten, so der VSUZH. Die Universit\u00e4ten seien in der Verantwortung, Raum f\u00fcr einen konstruktiven Dialog zu schaffen.<\/p>\r\n<p>Mitte Mai kam es an zahlreichen Schweizer Universit\u00e4ten zu studentischen Pro-Pal\u00e4stina-Protesten. Die Gruppen forderten unter anderem den \u00abakademischen\u00bb Boykott aller israelischen Institutionen und einen Waffenstillstand in pal\u00e4stinischen Gebieten. Die Protestierenden warfen den Hochschulen auch vor, im Nahostkonflikt eine klare politische Position zu haben. Im Zuge der Proteste kam es zu Besetzungen von Geb\u00e4uden der Universit\u00e4ten. <em>(SDA\/swi)<\/em><\/p>","protected":false},"excerpt":{"rendered":"<p>Der Verband der Studierenden der Universit\u00e4t Z\u00fcrich hat beschlossen, die Mitgliedschaft im Verband der Schweizer Studierendenschaften vor\u00fcbergehend zu beenden. Grund seien unter anderem strukturelle Probleme und Kommunikationsm\u00e4ngel rund um Pro-Pal\u00e4stina-Proteste.<\/p>\n","protected":false},"author":8,"featured_media":0,"comment_status":"closed","ping_status":"closed","sticky":false,"template":"","format":"standard","meta":{"_acf_changed":false,"_yoast_wpseo_focuskw":"Austritt VSUZH aus VSS","_yoast_wpseo_metadesc":"VSUZH beendet vor\u00fcbergehend Mitgliedschaft im VSS wegen struktureller Probleme und Kommunikationsm\u00e4ngeln. Wiedereintritt 2025 m\u00f6glich.","articlekey":"","footnotes":""},"categories":[29],"tags":[4343,2407],"class_list":["post-34489","post","type-post","status-publish","format-standard","hentry","category-marketing","tag-markom","tag-universitaet-zuerich"],"acf":[],"yoast_head":"<!-- This site is optimized with the Yoast SEO plugin v27.5 - https:\/\/yoast.com\/product\/yoast-seo-wordpress\/ -->\n<title>UZH-Studierendenverband verl\u00e4sst Dachverband - Organisator<\/title>\n<meta name=\"description\" content=\"VSUZH beendet vor\u00fcbergehend Mitgliedschaft im VSS wegen struktureller Probleme und Kommunikationsm\u00e4ngeln. Wiedereintritt 2025 m\u00f6glich.\" \/>\n<meta name=\"robots\" content=\"index, follow, max-snippet:-1, max-image-preview:large, max-video-preview:-1\" \/>\n<link rel=\"canonical\" href=\"https:\/\/www.organisator.ch\/de\/marketing\/2024-12-06\/uzh-studierendenverband-verlaesst-dachverband\/\" \/>\n<meta property=\"og:locale\" content=\"de_DE\" \/>\n<meta property=\"og:type\" content=\"article\" \/>\n<meta property=\"og:title\" content=\"UZH-Studierendenverband verl\u00e4sst Dachverband - Organisator\" \/>\n<meta property=\"og:description\" content=\"VSUZH beendet vor\u00fcbergehend Mitgliedschaft im VSS wegen struktureller Probleme und Kommunikationsm\u00e4ngeln. Wiedereintritt 2025 m\u00f6glich.\" \/>\n<meta property=\"og:url\" content=\"https:\/\/www.organisator.ch\/de\/marketing\/2024-12-06\/uzh-studierendenverband-verlaesst-dachverband\/\" \/>\n<meta property=\"og:site_name\" content=\"Organisator\" \/>\n<meta property=\"article:publisher\" content=\"https:\/\/www.facebook.com\/OrganisatorFachmagazin\" \/>\n<meta property=\"article:published_time\" content=\"2024-12-06T12:39:49+00:00\" \/>\n<meta property=\"article:modified_time\" content=\"2024-12-09T06:47:10+00:00\" \/>\n<meta name=\"author\" content=\"galledia\" \/>\n<meta name=\"twitter:card\" content=\"summary_large_image\" \/>\n<meta name=\"twitter:creator\" content=\"@admin\" \/>\n<script type=\"application\/ld+json\" class=\"yoast-schema-graph\">{\"@context\":\"https:\\\/\\\/schema.org\",\"@graph\":[{\"@type\":\"Article\",\"@id\":\"https:\\\/\\\/www.organisator.ch\\\/marketing\\\/2024-12-06\\\/uzh-studierendenverband-verlaesst-dachverband\\\/#article\",\"isPartOf\":{\"@id\":\"https:\\\/\\\/www.organisator.ch\\\/marketing\\\/2024-12-06\\\/uzh-studierendenverband-verlaesst-dachverband\\\/\"},\"author\":{\"name\":\"galledia\",\"@id\":\"https:\\\/\\\/www.organisator.ch\\\/#\\\/schema\\\/person\\\/4e51799071cd2dd1232ac003643ef5f0\"},\"headline\":\"UZH-Studierendenverband verl\u00e4sst Dachverband\",\"datePublished\":\"2024-12-06T12:39:49+00:00\",\"dateModified\":\"2024-12-09T06:47:10+00:00\",\"mainEntityOfPage\":{\"@id\":\"https:\\\/\\\/www.organisator.ch\\\/marketing\\\/2024-12-06\\\/uzh-studierendenverband-verlaesst-dachverband\\\/\"},\"wordCount\":294,\"publisher\":{\"@id\":\"https:\\\/\\\/www.organisator.ch\\\/#organization\"},\"image\":{\"@id\":\"https:\\\/\\\/www.organisator.ch\\\/marketing\\\/2024-12-06\\\/uzh-studierendenverband-verlaesst-dachverband\\\/#primaryimage\"},\"thumbnailUrl\":\"https:\\\/\\\/www.markt-kom.com\\\/wp-content\\\/uploads\\\/2024\\\/12\\\/VSUZH-Austritt-Dachverband-VSS.jpg\",\"keywords\":[\"MarKom\",\"Universit\u00e4t Z\u00fcrich\"],\"articleSection\":[\"MARKETING\"],\"inLanguage\":\"de\"},{\"@type\":\"WebPage\",\"@id\":\"https:\\\/\\\/www.organisator.ch\\\/marketing\\\/2024-12-06\\\/uzh-studierendenverband-verlaesst-dachverband\\\/\",\"url\":\"https:\\\/\\\/www.organisator.ch\\\/marketing\\\/2024-12-06\\\/uzh-studierendenverband-verlaesst-dachverband\\\/\",\"name\":\"UZH-Studierendenverband verl\u00e4sst Dachverband - Organisator\",\"isPartOf\":{\"@id\":\"https:\\\/\\\/www.organisator.ch\\\/#website\"},\"primaryImageOfPage\":{\"@id\":\"https:\\\/\\\/www.organisator.ch\\\/marketing\\\/2024-12-06\\\/uzh-studierendenverband-verlaesst-dachverband\\\/#primaryimage\"},\"image\":{\"@id\":\"https:\\\/\\\/www.organisator.ch\\\/marketing\\\/2024-12-06\\\/uzh-studierendenverband-verlaesst-dachverband\\\/#primaryimage\"},\"thumbnailUrl\":\"https:\\\/\\\/www.markt-kom.com\\\/wp-content\\\/uploads\\\/2024\\\/12\\\/VSUZH-Austritt-Dachverband-VSS.jpg\",\"datePublished\":\"2024-12-06T12:39:49+00:00\",\"dateModified\":\"2024-12-09T06:47:10+00:00\",\"description\":\"VSUZH beendet vor\u00fcbergehend Mitgliedschaft im VSS wegen struktureller Probleme und Kommunikationsm\u00e4ngeln. Wiedereintritt 2025 m\u00f6glich.\",\"breadcrumb\":{\"@id\":\"https:\\\/\\\/www.organisator.ch\\\/marketing\\\/2024-12-06\\\/uzh-studierendenverband-verlaesst-dachverband\\\/#breadcrumb\"},\"inLanguage\":\"de\",\"potentialAction\":[{\"@type\":\"ReadAction\",\"target\":[\"https:\\\/\\\/www.organisator.ch\\\/marketing\\\/2024-12-06\\\/uzh-studierendenverband-verlaesst-dachverband\\\/\"]}]},{\"@type\":\"ImageObject\",\"inLanguage\":\"de\",\"@id\":\"https:\\\/\\\/www.organisator.ch\\\/marketing\\\/2024-12-06\\\/uzh-studierendenverband-verlaesst-dachverband\\\/#primaryimage\",\"url\":\"https:\\\/\\\/www.markt-kom.com\\\/wp-content\\\/uploads\\\/2024\\\/12\\\/VSUZH-Austritt-Dachverband-VSS.jpg\",\"contentUrl\":\"https:\\\/\\\/www.markt-kom.com\\\/wp-content\\\/uploads\\\/2024\\\/12\\\/VSUZH-Austritt-Dachverband-VSS.jpg\"},{\"@type\":\"BreadcrumbList\",\"@id\":\"https:\\\/\\\/www.organisator.ch\\\/marketing\\\/2024-12-06\\\/uzh-studierendenverband-verlaesst-dachverband\\\/#breadcrumb\",\"itemListElement\":[{\"@type\":\"ListItem\",\"position\":1,\"name\":\"Home\",\"item\":\"https:\\\/\\\/www.organisator.ch\\\/\"},{\"@type\":\"ListItem\",\"position\":2,\"name\":\"UZH-Studierendenverband verl\u00e4sst Dachverband\"}]},{\"@type\":\"WebSite\",\"@id\":\"https:\\\/\\\/www.organisator.ch\\\/#website\",\"url\":\"https:\\\/\\\/www.organisator.ch\\\/\",\"name\":\"Organisator\",\"description\":\"Kompetent. Praxisnah. Der ORGANISATOR bereitet in 10 Ausgaben pro Jahr die wesentlichen Themen f\u00fcr F\u00fchrungskr\u00e4fte von KMU auf.\",\"publisher\":{\"@id\":\"https:\\\/\\\/www.organisator.ch\\\/#organization\"},\"potentialAction\":[{\"@type\":\"SearchAction\",\"target\":{\"@type\":\"EntryPoint\",\"urlTemplate\":\"https:\\\/\\\/www.organisator.ch\\\/?s={search_term_string}\"},\"query-input\":{\"@type\":\"PropertyValueSpecification\",\"valueRequired\":true,\"valueName\":\"search_term_string\"}}],\"inLanguage\":\"de\"},{\"@type\":\"Organization\",\"@id\":\"https:\\\/\\\/www.organisator.ch\\\/#organization\",\"name\":\"Organisator\",\"url\":\"https:\\\/\\\/www.organisator.ch\\\/\",\"logo\":{\"@type\":\"ImageObject\",\"inLanguage\":\"de\",\"@id\":\"https:\\\/\\\/www.organisator.ch\\\/#\\\/schema\\\/logo\\\/image\\\/\",\"url\":\"https:\\\/\\\/www.organisator.ch\\\/wp-content\\\/uploads\\\/2022\\\/01\\\/Logo_Organisator_Website.png\",\"contentUrl\":\"https:\\\/\\\/www.organisator.ch\\\/wp-content\\\/uploads\\\/2022\\\/01\\\/Logo_Organisator_Website.png\",\"width\":800,\"height\":77,\"caption\":\"Organisator\"},\"image\":{\"@id\":\"https:\\\/\\\/www.organisator.ch\\\/#\\\/schema\\\/logo\\\/image\\\/\"},\"sameAs\":[\"https:\\\/\\\/www.facebook.com\\\/OrganisatorFachmagazin\",\"https:\\\/\\\/www.linkedin.com\\\/showcase\\\/organisator-das-magazin-fr-kmu\",\"https:\\\/\\\/www.xing.com\\\/news\\\/pages\\\/organisator-ch-695\",\"https:\\\/\\\/www.youtube.com\\\/channel\\\/UCGP2Sq0iWaZwT3BdIAQFYpw\"]},{\"@type\":\"Person\",\"@id\":\"https:\\\/\\\/www.organisator.ch\\\/#\\\/schema\\\/person\\\/4e51799071cd2dd1232ac003643ef5f0\",\"name\":\"galledia\",\"image\":{\"@type\":\"ImageObject\",\"inLanguage\":\"de\",\"@id\":\"https:\\\/\\\/secure.gravatar.com\\\/avatar\\\/78a7f90c01fc2bfc875782a0d4922b37cde2cf184ce347b91316d23cd7f69a36?s=96&d=mm&r=g\",\"url\":\"https:\\\/\\\/secure.gravatar.com\\\/avatar\\\/78a7f90c01fc2bfc875782a0d4922b37cde2cf184ce347b91316d23cd7f69a36?s=96&d=mm&r=g\",\"contentUrl\":\"https:\\\/\\\/secure.gravatar.com\\\/avatar\\\/78a7f90c01fc2bfc875782a0d4922b37cde2cf184ce347b91316d23cd7f69a36?s=96&d=mm&r=g\",\"caption\":\"galledia\"},\"sameAs\":[\"https:\\\/\\\/x.com\\\/admin\"],\"url\":\"https:\\\/\\\/www.organisator.ch\\\/de\\\/author\\\/galledia\\\/\"}]}<\/script>\n<!-- \/ Yoast SEO plugin. -->","yoast_head_json":{"title":"UZH-Studierendenverband verl\u00e4sst Dachverband - Organisator","description":"VSUZH beendet vor\u00fcbergehend Mitgliedschaft im VSS wegen struktureller Probleme und Kommunikationsm\u00e4ngeln. Wiedereintritt 2025 m\u00f6glich.","robots":{"index":"index","follow":"follow","max-snippet":"max-snippet:-1","max-image-preview":"max-image-preview:large","max-video-preview":"max-video-preview:-1"},"canonical":"https:\/\/www.organisator.ch\/de\/marketing\/2024-12-06\/uzh-studierendenverband-verlaesst-dachverband\/","og_locale":"de_DE","og_type":"article","og_title":"UZH-Studierendenverband verl\u00e4sst Dachverband - Organisator","og_description":"VSUZH beendet vor\u00fcbergehend Mitgliedschaft im VSS wegen struktureller Probleme und Kommunikationsm\u00e4ngeln. Wiedereintritt 2025 m\u00f6glich.","og_url":"https:\/\/www.organisator.ch\/de\/marketing\/2024-12-06\/uzh-studierendenverband-verlaesst-dachverband\/","og_site_name":"Organisator","article_publisher":"https:\/\/www.facebook.com\/OrganisatorFachmagazin","article_published_time":"2024-12-06T12:39:49+00:00","article_modified_time":"2024-12-09T06:47:10+00:00","author":"galledia","twitter_card":"summary_large_image","twitter_creator":"@admin","schema":{"@context":"https:\/\/schema.org","@graph":[{"@type":"Article","@id":"https:\/\/www.organisator.ch\/marketing\/2024-12-06\/uzh-studierendenverband-verlaesst-dachverband\/#article","isPartOf":{"@id":"https:\/\/www.organisator.ch\/marketing\/2024-12-06\/uzh-studierendenverband-verlaesst-dachverband\/"},"author":{"name":"galledia","@id":"https:\/\/www.organisator.ch\/#\/schema\/person\/4e51799071cd2dd1232ac003643ef5f0"},"headline":"UZH-Studierendenverband verl\u00e4sst Dachverband","datePublished":"2024-12-06T12:39:49+00:00","dateModified":"2024-12-09T06:47:10+00:00","mainEntityOfPage":{"@id":"https:\/\/www.organisator.ch\/marketing\/2024-12-06\/uzh-studierendenverband-verlaesst-dachverband\/"},"wordCount":294,"publisher":{"@id":"https:\/\/www.organisator.ch\/#organization"},"image":{"@id":"https:\/\/www.organisator.ch\/marketing\/2024-12-06\/uzh-studierendenverband-verlaesst-dachverband\/#primaryimage"},"thumbnailUrl":"https:\/\/www.markt-kom.com\/wp-content\/uploads\/2024\/12\/VSUZH-Austritt-Dachverband-VSS.jpg","keywords":["MarKom","Universit\u00e4t Z\u00fcrich"],"articleSection":["MARKETING"],"inLanguage":"de"},{"@type":"WebPage","@id":"https:\/\/www.organisator.ch\/marketing\/2024-12-06\/uzh-studierendenverband-verlaesst-dachverband\/","url":"https:\/\/www.organisator.ch\/marketing\/2024-12-06\/uzh-studierendenverband-verlaesst-dachverband\/","name":"UZH-Studierendenverband verl\u00e4sst Dachverband - Organisator","isPartOf":{"@id":"https:\/\/www.organisator.ch\/#website"},"primaryImageOfPage":{"@id":"https:\/\/www.organisator.ch\/marketing\/2024-12-06\/uzh-studierendenverband-verlaesst-dachverband\/#primaryimage"},"image":{"@id":"https:\/\/www.organisator.ch\/marketing\/2024-12-06\/uzh-studierendenverband-verlaesst-dachverband\/#primaryimage"},"thumbnailUrl":"https:\/\/www.markt-kom.com\/wp-content\/uploads\/2024\/12\/VSUZH-Austritt-Dachverband-VSS.jpg","datePublished":"2024-12-06T12:39:49+00:00","dateModified":"2024-12-09T06:47:10+00:00","description":"VSUZH beendet vor\u00fcbergehend Mitgliedschaft im VSS wegen struktureller Probleme und Kommunikationsm\u00e4ngeln. Wiedereintritt 2025 m\u00f6glich.","breadcrumb":{"@id":"https:\/\/www.organisator.ch\/marketing\/2024-12-06\/uzh-studierendenverband-verlaesst-dachverband\/#breadcrumb"},"inLanguage":"de","potentialAction":[{"@type":"ReadAction","target":["https:\/\/www.organisator.ch\/marketing\/2024-12-06\/uzh-studierendenverband-verlaesst-dachverband\/"]}]},{"@type":"ImageObject","inLanguage":"de","@id":"https:\/\/www.organisator.ch\/marketing\/2024-12-06\/uzh-studierendenverband-verlaesst-dachverband\/#primaryimage","url":"https:\/\/www.markt-kom.com\/wp-content\/uploads\/2024\/12\/VSUZH-Austritt-Dachverband-VSS.jpg","contentUrl":"https:\/\/www.markt-kom.com\/wp-content\/uploads\/2024\/12\/VSUZH-Austritt-Dachverband-VSS.jpg"},{"@type":"BreadcrumbList","@id":"https:\/\/www.organisator.ch\/marketing\/2024-12-06\/uzh-studierendenverband-verlaesst-dachverband\/#breadcrumb","itemListElement":[{"@type":"ListItem","position":1,"name":"Home","item":"https:\/\/www.organisator.ch\/"},{"@type":"ListItem","position":2,"name":"UZH-Studierendenverband verl\u00e4sst Dachverband"}]},{"@type":"WebSite","@id":"https:\/\/www.organisator.ch\/#website","url":"https:\/\/www.organisator.ch\/","name":"Organisator","description":"Kompetent. Praxisnah. Der ORGANISATOR bereitet in 10 Ausgaben pro Jahr die wesentlichen Themen f\u00fcr F\u00fchrungskr\u00e4fte von KMU auf.","publisher":{"@id":"https:\/\/www.organisator.ch\/#organization"},"potentialAction":[{"@type":"SearchAction","target":{"@type":"EntryPoint","urlTemplate":"https:\/\/www.organisator.ch\/?s={search_term_string}"},"query-input":{"@type":"PropertyValueSpecification","valueRequired":true,"valueName":"search_term_string"}}],"inLanguage":"de"},{"@type":"Organization","@id":"https:\/\/www.organisator.ch\/#organization","name":"Organisator","url":"https:\/\/www.organisator.ch\/","logo":{"@type":"ImageObject","inLanguage":"de","@id":"https:\/\/www.organisator.ch\/#\/schema\/logo\/image\/","url":"https:\/\/www.organisator.ch\/wp-content\/uploads\/2022\/01\/Logo_Organisator_Website.png","contentUrl":"https:\/\/www.organisator.ch\/wp-content\/uploads\/2022\/01\/Logo_Organisator_Website.png","width":800,"height":77,"caption":"Organisator"},"image":{"@id":"https:\/\/www.organisator.ch\/#\/schema\/logo\/image\/"},"sameAs":["https:\/\/www.facebook.com\/OrganisatorFachmagazin","https:\/\/www.linkedin.com\/showcase\/organisator-das-magazin-fr-kmu","https:\/\/www.xing.com\/news\/pages\/organisator-ch-695","https:\/\/www.youtube.com\/channel\/UCGP2Sq0iWaZwT3BdIAQFYpw"]},{"@type":"Person","@id":"https:\/\/www.organisator.ch\/#\/schema\/person\/4e51799071cd2dd1232ac003643ef5f0","name":"galledia","image":{"@type":"ImageObject","inLanguage":"de","@id":"https:\/\/secure.gravatar.com\/avatar\/78a7f90c01fc2bfc875782a0d4922b37cde2cf184ce347b91316d23cd7f69a36?s=96&d=mm&r=g","url":"https:\/\/secure.gravatar.com\/avatar\/78a7f90c01fc2bfc875782a0d4922b37cde2cf184ce347b91316d23cd7f69a36?s=96&d=mm&r=g","contentUrl":"https:\/\/secure.gravatar.com\/avatar\/78a7f90c01fc2bfc875782a0d4922b37cde2cf184ce347b91316d23cd7f69a36?s=96&d=mm&r=g","caption":"galledia"},"sameAs":["https:\/\/x.com\/admin"],"url":"https:\/\/www.organisator.ch\/de\/author\/galledia\/"}]}},"_links":{"self":[{"href":"https:\/\/www.organisator.ch\/de\/wp-json\/wp\/v2\/posts\/34489","targetHints":{"allow":["GET"]}}],"collection":[{"href":"https:\/\/www.organisator.ch\/de\/wp-json\/wp\/v2\/posts"}],"about":[{"href":"https:\/\/www.organisator.ch\/de\/wp-json\/wp\/v2\/types\/post"}],"author":[{"embeddable":true,"href":"https:\/\/www.organisator.ch\/de\/wp-json\/wp\/v2\/users\/8"}],"replies":[{"embeddable":true,"href":"https:\/\/www.organisator.ch\/de\/wp-json\/wp\/v2\/comments?post=34489"}],"version-history":[{"count":4,"href":"https:\/\/www.organisator.ch\/de\/wp-json\/wp\/v2\/posts\/34489\/revisions"}],"predecessor-version":[{"id":34511,"href":"https:\/\/www.organisator.ch\/de\/wp-json\/wp\/v2\/posts\/34489\/revisions\/34511"}],"wp:attachment":[{"href":"https:\/\/www.organisator.ch\/de\/wp-json\/wp\/v2\/media?parent=34489"}],"wp:term":[{"taxonomy":"category","embeddable":true,"href":"https:\/\/www.organisator.ch\/de\/wp-json\/wp\/v2\/categories?post=34489"},{"taxonomy":"post_tag","embeddable":true,"href":"https:\/\/www.organisator.ch\/de\/wp-json\/wp\/v2\/tags?post=34489"}],"curies":[{"name":"wp","href":"https:\/\/api.w.org\/{rel}","templated":true}]}}