{"id":3452,"date":"2018-04-17T08:38:38","date_gmt":"2018-04-17T06:38:38","guid":{"rendered":"https:\/\/www.organisator.ch\/?p=3452"},"modified":"2018-04-17T08:38:38","modified_gmt":"2018-04-17T06:38:38","slug":"die-groesste-herausforderung-fuer-ceos-die-menschliche-seite","status":"publish","type":"post","link":"https:\/\/www.organisator.ch\/de\/management\/2018-04-17\/die-groesste-herausforderung-fuer-ceos-die-menschliche-seite\/","title":{"rendered":"Die gr\u00f6sste Herausforderung f\u00fcr CEOs: die menschliche Seite!"},"content":{"rendered":"<figure id=\"attachment_3453\" aria-describedby=\"caption-attachment-3453\" style=\"width: 640px\" class=\"wp-caption alignnone\"><img loading=\"lazy\" decoding=\"async\" class=\"size-full wp-image-3453\" src=\"https:\/\/www.organisator.ch\/wp-content\/uploads\/2018\/04\/Die-groesste-Herausforderung-fuer-CEOs-die-menschliche-Seite_Organisator.jpg\" alt=\"\" width=\"640\" height=\"480\" srcset=\"https:\/\/www.organisator.ch\/wp-content\/uploads\/2018\/04\/Die-groesste-Herausforderung-fuer-CEOs-die-menschliche-Seite_Organisator.jpg 640w, https:\/\/www.organisator.ch\/wp-content\/uploads\/2018\/04\/Die-groesste-Herausforderung-fuer-CEOs-die-menschliche-Seite_Organisator-16x12.jpg 16w, https:\/\/www.organisator.ch\/wp-content\/uploads\/2018\/04\/Die-groesste-Herausforderung-fuer-CEOs-die-menschliche-Seite_Organisator-233x175.jpg 233w, https:\/\/www.organisator.ch\/wp-content\/uploads\/2018\/04\/Die-groesste-Herausforderung-fuer-CEOs-die-menschliche-Seite_Organisator-467x350.jpg 467w, https:\/\/www.organisator.ch\/wp-content\/uploads\/2018\/04\/Die-groesste-Herausforderung-fuer-CEOs-die-menschliche-Seite_Organisator-300x225.jpg 300w\" sizes=\"auto, (max-width: 640px) 100vw, 640px\" \/><figcaption id=\"caption-attachment-3453\" class=\"wp-caption-text\">Wie f\u00fchlt es sich an, Chef eines Unternehmens zu sein? CEOs sind sich zwar ihrer Erfahrung und ihres operativen Know-hows bewusst, doch sie erkennen die Notwendigkeit, sich selbst zu ver\u00e4ndern, um mit dem Tempo der gesch\u00e4ftlichen Entwicklungen Schritt halten zu k\u00f6nnen. (Bild: Fotolia.com)<\/figcaption><\/figure>\n<p>402 CEOs aus Unternehmen, deren Unternehmenssitze in elf L\u00e4ndern der Welt angesiedelt sind und einen Gesamtumsatz von gesch\u00e4tzten 2,6 Billionen US-Dollar erwirtschaften, teilten ihre F\u00fchrungserfahrungen in der Studie \u201eThe CEO: A Personal Reflection\u201d, die von Egon Zehnder k\u00fcrzlich durchgef\u00fchrt wurde.<\/p>\n<h2>CEOs unter Druck<\/h2>\n<p>\u201eDer Druck auf F\u00fchrungspers\u00f6nlichkeiten war selten gr\u00f6sser: CEOs sind sich bewusst, dass sie \u00fcber die erforderlichen F\u00e4higkeiten und Erfahrungen verf\u00fcgen, um ihre Rolle auszuf\u00fcllen. Doch die Komplexit\u00e4t in der sich Leadership heute entfalten muss \u2013 Menschen gewinnen und \u00fcberzeugen, Einfluss nehmen und ein Klima der Zusammenarbeit und Innovation schaffen \u2013 stellt auch die besten\u00a0F\u00fchrungspers\u00f6nlichkeiten vor grosse Herausforderungen\u201d, sagt Kati Najipoor-Sch\u00fctte, Leiterin der globalen CEO-Praxisgruppe von Egon Zehnder. Und sie erg\u00e4nzt: \u201eIn unserer komplexen und volatilen Wirtschaftswelt m\u00fcssen CEOs nicht nur ihr Handwerkszeug beherrschen, sondern sich laufend weiterentwickeln. Die besten Spitzenmanager sind st\u00e4ndig auf einer Reise, sie versuchen, sich selbst besser zu verstehen und lernen unaufh\u00f6rlich. Gleichzeitig f\u00fchren sie ihre Organisation durch oftmals radikale Transformationen.\u201c<\/p>\n<h2>H\u00e4ufig ungen\u00fcgend vorbereitet<\/h2>\n<p>Clemens Hoegl, Partner von Egon Zehnder Schweiz: \u201eBesonders schlagend ist, dass sich nur 28 Prozent der intern rekrutierten CEO \u2013 und 38 Prozent der extern rekrutierten \u2013 gut auf die Rolle als CEO vorbereitet f\u00fchlen. Das legt den Schluss nahe, dass die Vorbereitung auf den Schritt in die CEO-Rolle nach wie vor systematisch untersch\u00e4tzt wird.\u201c Clemens Hoegl weiter: \u201eDie Studie zeigt, dass der Erfolg einer Organisation von der F\u00e4higkeit ihres obersten Chefs abh\u00e4ngt, eine Vielzahl von kurz- bis langfristigen Priorit\u00e4ten erfolgreich zu managen. Das geht nur, wenn ein Spitzenmanager und CEO alle Facetten seines Menschseins nutzen kann, die er f\u00fcr seine Rolle braucht. Davon lebt gelungene Leadership heute mehr denn je. Eine F\u00fchrungspers\u00f6nlichkeit, die bescheiden bleibt, um seine eigene Verletzlichkeit weiss und offen f\u00fcr Feedback, Selbstwahrnehmung und kontinuierliches Lernen ist hat den Grundstein f\u00fcr den Erfolg seiner Organisation schon gelegt. Die F\u00e4higkeit, sich selbst zu ver\u00e4ndern, ist der Schl\u00fcssel zur Transformation des eigenen Unternehmens.\u201d<\/p>\n<h2>Es scheint so leicht und ist so schwer<\/h2>\n<p>Fasst man die wichtigsten Ergebnisse der Studie &#8222;The CEO: A Personal Reflection&#8220; zusammen, zeigt sich folgendes: Die Mehrheit der F\u00fchrungspers\u00f6nlichkeiten hat den Eindruck, dass sie das richtige Handwerkszeug und die professionelle Erfahrung besitzen, um in ihrer Rolle zu re\u00fcssieren. Aber bestimmte pers\u00f6nliche Aspekte stellen eine besondere Herausforderung dar. So sagen 74 Prozent der Befragten, dass ihre fr\u00fcheren Leistungen und Erfahrungen sie f\u00fcr die CEO-Rolle vorbereitet h\u00e4tten, dennoch geben 47 Prozent an, dass die Entwicklung ihres F\u00fchrungsteams schwieriger sei als erwartet. Das F\u00fchren durch den Kulturwandel bezeichnen 50 Prozent der Befragten als &#8222;schwieriger als gedacht&#8220; und f\u00fcr 48 Prozent ist es schwieriger als erwartet, Zeit zur Selbstreflexion zu finden. Im Nachhinein f\u00fchlen sich nur 32 Prozent gut auf die CEO-Rolle vorbereitet.<\/p>\n<h2>Weg vom reinen &#8222;Managen&#8220; zu mehr &#8222;Leadership&#8220;?<\/h2>\n<p>Die Bedeutung von Soft Skills und der eigenen Weiterentwicklung erkennen gem\u00e4ss der Studie\u00a0immer mehr CEOs an.\u00a0Das l\u00e4sst den Schluss zu, dass die befragten CEOs sich damit in Richtung eines reflektierten und kollaborativen F\u00fchrungsstils bewegen: Denn 54 Prozent der CEOs sind sich einig, dass der \u00dcbergang in die Rolle eine intensive, pers\u00f6nliche Reflexion erfordert, 79 Prozent erkennen, dass sie diese F\u00e4higkeit brauchen, sich selbst und ihr Gesch\u00e4ft zu ver\u00e4ndern. Doch wenn es dann &#8222;Allzumenschlich&#8220; wird, scheint sich bei vielen nach wie vor der &#8222;knallharte Manager&#8220; durchzusetzen: Nur 57 Prozent der CEOs geben an, dass sie offen Emotionen zeigen. Indes:\u00a078 Prozent der CEOs geben an, dass es f\u00fcr sie in Ordnung ist, Fehler zuzugeben.<\/p>\n<p>Viele CEOs sind der Ansicht, dass ihnen die notwendige Unterst\u00fctzung f\u00fcr den entscheidenden Karriereschritt fehlte. Der Nachfolgeprozess bedeutet in den Augen einiger gezielte Arbeit. Vor allem CEOs, die aus dem eigenen Unternehmen kommen, f\u00fchlen sich im Vergleich zu Externen weniger gut vorbereitet, zeigt die Studie:<\/p>\n<ul>\n<li>44 Prozent der befragten CEOs geben an, dass ihre Ernennung nicht Teil eines geplanten und formellen Nachfolgeprozesses sei (externe 54 Prozent, interne 36 Prozent).<\/li>\n<li>Nur 28 Prozent der intern ausgew\u00e4hlten CEOs f\u00fchlen sich gut vorbereitet (38 Prozent der extern rekrutierten).<\/li>\n<li>65 Prozent der Befragten geben an, dass eine Planung f\u00fcr ihre eigene Nachfolge im Gange sei. Aber nur bei 32 Prozent laufe derzeit ein klarer Prozess.<\/li>\n<li>Nur 38 Prozent der Befragten geben an, dass sie sich an ihren Aufsichtsrat wenden, um ehrliches Feedback zu erhalten, und lediglich 28 Prozent wenden sich an ihre Vorstands- oder Gesch\u00e4ftsf\u00fchrungskollegen.<\/li>\n<\/ul>\n<h2>Die wichtigsten Unterschiede bei den Schweizer Ergebnissen<\/h2>\n<p>Die Studie wurde weltweit durchgef\u00fchrt. Entsprechend k\u00f6nnen nicht alle Resultate pauschal auf alle L\u00e4nder und Kulturen \u00fcbertragen werden. Bei folgenden Fragestellungen gab es zwischen den internationalen und Schweizer Antworten denn auch\u00a0erhebliche Unterschiede:<\/p>\n<ul>\n<li>\u201eAufbau einer F\u00fchrungsmannschaft\u201c: W\u00e4hrend 47 Prozent internationaler CEOs den Aufbau einer F\u00fchrungsmannschaft in der neuen Rolle als schwierig empfanden, waren es bei Schweizer CEOs nur 23Prozent.<\/li>\n<li>\u201eWar Ihre Ernennung Teil einer geplanten und formellen Nachfolgeregelung?\u201c Die Nachfolgeregelung erfolgte in der Schweiz bei 83 Prozent der CEOs als Teil einer geplanten und formellen Nachfolgeregelung, w\u00e4hrend es im Ausland nur bei gerade 17 Prozent der Fall war.<\/li>\n<li>\u201eDen kurzfristigen finanziellen Fokus mit dem langfristigen Wandel meines Unternehmens in Einklang zu bringen.\u201c\u00a0F\u00fcr 37 Prozent internationaler CEOs war es eine anspruchsvolle Aufgabe, w\u00e4hrend nur 15 Prozent einheimischer CEOs diese als anspruchsvoll empfanden.<\/li>\n<li>\u201eBew\u00e4ltigen der Auswirkungen auf meine Familie und mein Privatleben.\u201c\u00a0Nur 35 Prozent internationaler CEOs empfanden es als schwierig, das pers\u00f6nliche und famili\u00e4re Leben in Einklang zu bringen, w\u00e4hrend 62 Prozent der Schweizer CEOs darin eine grosse Herausforderung sehen.<\/li>\n<\/ul>\n<p>Gerade der letzte Punkt l\u00e4sst doch aufhorchen. Die Frage stellt sich deshalb: M\u00fcssen Schweizer CEOs mehr an ihrer Work-Life-Balance arbeiten?<\/p>\n<p><em>Quelle: <a href=\"http:\/\/www.egonzehnder.com\">Egon Zehnder<\/a><\/em><\/p>\n","protected":false},"excerpt":{"rendered":"<p>402 CEOs aus Unternehmen, deren Unternehmenssitze in elf L\u00e4ndern der Welt angesiedelt sind und einen Gesamtumsatz von gesch\u00e4tzten 2,6 Billionen US-Dollar erwirtschaften, teilten ihre F\u00fchrungserfahrungen in der Studie \u201eThe CEO: A Personal Reflection\u201d, die von Egon Zehnder k\u00fcrzlich durchgef\u00fchrt wurde. CEOs unter Druck \u201eDer Druck auf F\u00fchrungspers\u00f6nlichkeiten war selten gr\u00f6sser: CEOs sind sich bewusst, dass [&hellip;]<\/p>\n","protected":false},"author":4,"featured_media":3453,"comment_status":"open","ping_status":"open","sticky":false,"template":"","format":"standard","meta":{"_acf_changed":false,"_yoast_wpseo_focuskw":"CEOs","_yoast_wpseo_metadesc":"CEOs und F\u00fchrungspers\u00f6nlichkeiten der weltweit gr\u00f6ssten Firmen haben in einer von Egon Zehnder durchgef\u00fchrten Studie offengelegt, dass die menschlichen Aspekte ihrer Verantwortung zu den gr\u00f6ssten Herausforderungen an der Unternehmensspitze z\u00e4hlen.","articlekey":"","footnotes":""},"categories":[28],"tags":[103,208,335,459,496],"class_list":["post-3452","post","type-post","status-publish","format-standard","has-post-thumbnail","hentry","category-management","tag-business-excellence","tag-fit-im-job","tag-management-und-unternehmensfuehrung","tag-studie","tag-unternehmensfuehrung"],"acf":[],"yoast_head":"<!-- This site is optimized with the Yoast SEO plugin v27.4 - https:\/\/yoast.com\/product\/yoast-seo-wordpress\/ -->\n<title>Die gr\u00f6sste Herausforderung f\u00fcr CEOs: die menschliche Seite! - Organisator<\/title>\n<meta name=\"description\" content=\"CEOs und F\u00fchrungspers\u00f6nlichkeiten der weltweit gr\u00f6ssten Firmen haben in einer von Egon Zehnder durchgef\u00fchrten Studie offengelegt, dass die menschlichen Aspekte ihrer Verantwortung zu den gr\u00f6ssten Herausforderungen an der Unternehmensspitze z\u00e4hlen.\" \/>\n<meta name=\"robots\" content=\"index, follow, max-snippet:-1, max-image-preview:large, max-video-preview:-1\" \/>\n<link rel=\"canonical\" href=\"https:\/\/www.organisator.ch\/de\/management\/2018-04-17\/die-groesste-herausforderung-fuer-ceos-die-menschliche-seite\/\" \/>\n<meta property=\"og:locale\" content=\"de_DE\" \/>\n<meta property=\"og:type\" content=\"article\" \/>\n<meta property=\"og:title\" content=\"Die gr\u00f6sste Herausforderung f\u00fcr CEOs: die menschliche Seite!\" \/>\n<meta property=\"og:description\" content=\"#CEOs und #F\u00fchrungspers\u00f6nlichkeiten der weltweit gr\u00f6ssten Firmen haben in einer von Egon Zehnder durchgef\u00fchrten Studie offengelegt, dass die menschlichen Aspekte ihrer #Verantwortung zu den gr\u00f6ssten Herausforderungen an der Unternehmensspitze z\u00e4hlen.\" \/>\n<meta property=\"og:url\" content=\"https:\/\/www.organisator.ch\/de\/management\/2018-04-17\/die-groesste-herausforderung-fuer-ceos-die-menschliche-seite\/\" \/>\n<meta property=\"og:site_name\" content=\"Organisator\" \/>\n<meta property=\"article:publisher\" content=\"https:\/\/www.facebook.com\/OrganisatorFachmagazin\" \/>\n<meta property=\"article:published_time\" content=\"2018-04-17T06:38:38+00:00\" \/>\n<meta property=\"og:image\" content=\"https:\/\/www.organisator.ch\/wp-content\/uploads\/2018\/04\/Die-groesste-Herausforderung-fuer-CEOs-die-menschliche-Seite_Organisator.jpg\" \/>\n\t<meta property=\"og:image:width\" content=\"640\" \/>\n\t<meta property=\"og:image:height\" content=\"480\" \/>\n\t<meta property=\"og:image:type\" content=\"image\/jpeg\" \/>\n<meta name=\"author\" content=\"thomas.berner\" \/>\n<meta name=\"twitter:card\" content=\"summary_large_image\" \/>\n<meta name=\"twitter:title\" content=\"Die gr\u00f6sste Herausforderung f\u00fcr #CEOs: die menschliche Seite! #menschlicheSeite\" \/>\n<meta name=\"twitter:description\" content=\"#CEOs und #F\u00fchrungspers\u00f6nlichkeiten der weltweit gr\u00f6ssten Firmen haben in einer von #EgonZehnder durchgef\u00fchrten Studie offengelegt, dass die menschlichen Aspekte ihrer Verantwortung zu den gr\u00f6ssten Herausforderungen an der Unternehmensspitze z\u00e4hlen.\" \/>\n<meta name=\"twitter:image\" content=\"https:\/\/www.organisator.ch\/wp-content\/uploads\/2018\/04\/Die-gr\u00f6sste-Herausforderung-f\u00fcr-CEOs-die-menschliche-Seite_Organisator.jpg\" \/>\n<script type=\"application\/ld+json\" class=\"yoast-schema-graph\">{\"@context\":\"https:\\\/\\\/schema.org\",\"@graph\":[{\"@type\":\"Article\",\"@id\":\"https:\\\/\\\/www.organisator.ch\\\/management\\\/2018-04-17\\\/die-groesste-herausforderung-fuer-ceos-die-menschliche-seite\\\/#article\",\"isPartOf\":{\"@id\":\"https:\\\/\\\/www.organisator.ch\\\/management\\\/2018-04-17\\\/die-groesste-herausforderung-fuer-ceos-die-menschliche-seite\\\/\"},\"author\":{\"name\":\"thomas.berner\",\"@id\":\"https:\\\/\\\/www.organisator.ch\\\/#\\\/schema\\\/person\\\/6f650f90b2842cd4c0cc334b4e36f67e\"},\"headline\":\"Die gr\u00f6sste Herausforderung f\u00fcr CEOs: die menschliche Seite!\",\"datePublished\":\"2018-04-17T06:38:38+00:00\",\"mainEntityOfPage\":{\"@id\":\"https:\\\/\\\/www.organisator.ch\\\/management\\\/2018-04-17\\\/die-groesste-herausforderung-fuer-ceos-die-menschliche-seite\\\/\"},\"wordCount\":1015,\"commentCount\":0,\"publisher\":{\"@id\":\"https:\\\/\\\/www.organisator.ch\\\/#organization\"},\"image\":{\"@id\":\"https:\\\/\\\/www.organisator.ch\\\/management\\\/2018-04-17\\\/die-groesste-herausforderung-fuer-ceos-die-menschliche-seite\\\/#primaryimage\"},\"thumbnailUrl\":\"https:\\\/\\\/www.organisator.ch\\\/wp-content\\\/uploads\\\/2018\\\/04\\\/Die-groesste-Herausforderung-fuer-CEOs-die-menschliche-Seite_Organisator.jpg\",\"keywords\":[\"Business Excellence\",\"Fit im Job\",\"Management und Unternehmensf\u00fchrung\",\"Studie\",\"Unternehmensf\u00fchrung\"],\"articleSection\":[\"MANAGEMENT\"],\"inLanguage\":\"de\"},{\"@type\":\"WebPage\",\"@id\":\"https:\\\/\\\/www.organisator.ch\\\/management\\\/2018-04-17\\\/die-groesste-herausforderung-fuer-ceos-die-menschliche-seite\\\/\",\"url\":\"https:\\\/\\\/www.organisator.ch\\\/management\\\/2018-04-17\\\/die-groesste-herausforderung-fuer-ceos-die-menschliche-seite\\\/\",\"name\":\"Die gr\u00f6sste Herausforderung f\u00fcr CEOs: die menschliche Seite! - Organisator\",\"isPartOf\":{\"@id\":\"https:\\\/\\\/www.organisator.ch\\\/#website\"},\"primaryImageOfPage\":{\"@id\":\"https:\\\/\\\/www.organisator.ch\\\/management\\\/2018-04-17\\\/die-groesste-herausforderung-fuer-ceos-die-menschliche-seite\\\/#primaryimage\"},\"image\":{\"@id\":\"https:\\\/\\\/www.organisator.ch\\\/management\\\/2018-04-17\\\/die-groesste-herausforderung-fuer-ceos-die-menschliche-seite\\\/#primaryimage\"},\"thumbnailUrl\":\"https:\\\/\\\/www.organisator.ch\\\/wp-content\\\/uploads\\\/2018\\\/04\\\/Die-groesste-Herausforderung-fuer-CEOs-die-menschliche-Seite_Organisator.jpg\",\"datePublished\":\"2018-04-17T06:38:38+00:00\",\"description\":\"CEOs und F\u00fchrungspers\u00f6nlichkeiten der weltweit gr\u00f6ssten Firmen haben in einer von Egon Zehnder durchgef\u00fchrten Studie offengelegt, dass die menschlichen Aspekte ihrer Verantwortung zu den gr\u00f6ssten Herausforderungen an der Unternehmensspitze z\u00e4hlen.\",\"breadcrumb\":{\"@id\":\"https:\\\/\\\/www.organisator.ch\\\/management\\\/2018-04-17\\\/die-groesste-herausforderung-fuer-ceos-die-menschliche-seite\\\/#breadcrumb\"},\"inLanguage\":\"de\",\"potentialAction\":[{\"@type\":\"ReadAction\",\"target\":[\"https:\\\/\\\/www.organisator.ch\\\/management\\\/2018-04-17\\\/die-groesste-herausforderung-fuer-ceos-die-menschliche-seite\\\/\"]}]},{\"@type\":\"ImageObject\",\"inLanguage\":\"de\",\"@id\":\"https:\\\/\\\/www.organisator.ch\\\/management\\\/2018-04-17\\\/die-groesste-herausforderung-fuer-ceos-die-menschliche-seite\\\/#primaryimage\",\"url\":\"https:\\\/\\\/www.organisator.ch\\\/wp-content\\\/uploads\\\/2018\\\/04\\\/Die-groesste-Herausforderung-fuer-CEOs-die-menschliche-Seite_Organisator.jpg\",\"contentUrl\":\"https:\\\/\\\/www.organisator.ch\\\/wp-content\\\/uploads\\\/2018\\\/04\\\/Die-groesste-Herausforderung-fuer-CEOs-die-menschliche-Seite_Organisator.jpg\",\"width\":640,\"height\":480,\"caption\":\"Wie f\u00fchlt es sich an, Chef eines Unternehmens zu sein? CEOs sind sich zwar ihrer Erfahrung und ihres operativen Know-hows bewusst, doch sie erkennen die Notwendigkeit, sich selbst zu ver\u00e4ndern, um mit dem Tempo der gesch\u00e4ftlichen Entwicklungen Schritt halten zu k\u00f6nnen. (Bild: Fotolia.com)\"},{\"@type\":\"BreadcrumbList\",\"@id\":\"https:\\\/\\\/www.organisator.ch\\\/management\\\/2018-04-17\\\/die-groesste-herausforderung-fuer-ceos-die-menschliche-seite\\\/#breadcrumb\",\"itemListElement\":[{\"@type\":\"ListItem\",\"position\":1,\"name\":\"Home\",\"item\":\"https:\\\/\\\/www.organisator.ch\\\/\"},{\"@type\":\"ListItem\",\"position\":2,\"name\":\"Die gr\u00f6sste Herausforderung f\u00fcr CEOs: die menschliche Seite!\"}]},{\"@type\":\"WebSite\",\"@id\":\"https:\\\/\\\/www.organisator.ch\\\/#website\",\"url\":\"https:\\\/\\\/www.organisator.ch\\\/\",\"name\":\"Organisator\",\"description\":\"Kompetent. Praxisnah. Der ORGANISATOR bereitet in 10 Ausgaben pro Jahr die wesentlichen Themen f\u00fcr F\u00fchrungskr\u00e4fte von KMU auf.\",\"publisher\":{\"@id\":\"https:\\\/\\\/www.organisator.ch\\\/#organization\"},\"potentialAction\":[{\"@type\":\"SearchAction\",\"target\":{\"@type\":\"EntryPoint\",\"urlTemplate\":\"https:\\\/\\\/www.organisator.ch\\\/?s={search_term_string}\"},\"query-input\":{\"@type\":\"PropertyValueSpecification\",\"valueRequired\":true,\"valueName\":\"search_term_string\"}}],\"inLanguage\":\"de\"},{\"@type\":\"Organization\",\"@id\":\"https:\\\/\\\/www.organisator.ch\\\/#organization\",\"name\":\"Organisator\",\"url\":\"https:\\\/\\\/www.organisator.ch\\\/\",\"logo\":{\"@type\":\"ImageObject\",\"inLanguage\":\"de\",\"@id\":\"https:\\\/\\\/www.organisator.ch\\\/#\\\/schema\\\/logo\\\/image\\\/\",\"url\":\"https:\\\/\\\/www.organisator.ch\\\/wp-content\\\/uploads\\\/2022\\\/01\\\/Logo_Organisator_Website.png\",\"contentUrl\":\"https:\\\/\\\/www.organisator.ch\\\/wp-content\\\/uploads\\\/2022\\\/01\\\/Logo_Organisator_Website.png\",\"width\":800,\"height\":77,\"caption\":\"Organisator\"},\"image\":{\"@id\":\"https:\\\/\\\/www.organisator.ch\\\/#\\\/schema\\\/logo\\\/image\\\/\"},\"sameAs\":[\"https:\\\/\\\/www.facebook.com\\\/OrganisatorFachmagazin\",\"https:\\\/\\\/www.linkedin.com\\\/showcase\\\/organisator-das-magazin-fr-kmu\",\"https:\\\/\\\/www.xing.com\\\/news\\\/pages\\\/organisator-ch-695\",\"https:\\\/\\\/www.youtube.com\\\/channel\\\/UCGP2Sq0iWaZwT3BdIAQFYpw\"]},{\"@type\":\"Person\",\"@id\":\"https:\\\/\\\/www.organisator.ch\\\/#\\\/schema\\\/person\\\/6f650f90b2842cd4c0cc334b4e36f67e\",\"name\":\"thomas.berner\",\"image\":{\"@type\":\"ImageObject\",\"inLanguage\":\"de\",\"@id\":\"https:\\\/\\\/secure.gravatar.com\\\/avatar\\\/ac5001d2a36cb6c6cd3e50789007ffca834b477b74a2144564522e944eabff61?s=96&d=mm&r=g\",\"url\":\"https:\\\/\\\/secure.gravatar.com\\\/avatar\\\/ac5001d2a36cb6c6cd3e50789007ffca834b477b74a2144564522e944eabff61?s=96&d=mm&r=g\",\"contentUrl\":\"https:\\\/\\\/secure.gravatar.com\\\/avatar\\\/ac5001d2a36cb6c6cd3e50789007ffca834b477b74a2144564522e944eabff61?s=96&d=mm&r=g\",\"caption\":\"thomas.berner\"},\"url\":\"https:\\\/\\\/www.organisator.ch\\\/de\\\/author\\\/thomas-berner\\\/\"}]}<\/script>\n<!-- \/ Yoast SEO plugin. -->","yoast_head_json":{"title":"Die gr\u00f6sste Herausforderung f\u00fcr CEOs: die menschliche Seite! - Organisator","description":"CEOs und F\u00fchrungspers\u00f6nlichkeiten der weltweit gr\u00f6ssten Firmen haben in einer von Egon Zehnder durchgef\u00fchrten Studie offengelegt, dass die menschlichen Aspekte ihrer Verantwortung zu den gr\u00f6ssten Herausforderungen an der Unternehmensspitze z\u00e4hlen.","robots":{"index":"index","follow":"follow","max-snippet":"max-snippet:-1","max-image-preview":"max-image-preview:large","max-video-preview":"max-video-preview:-1"},"canonical":"https:\/\/www.organisator.ch\/de\/management\/2018-04-17\/die-groesste-herausforderung-fuer-ceos-die-menschliche-seite\/","og_locale":"de_DE","og_type":"article","og_title":"Die gr\u00f6sste Herausforderung f\u00fcr CEOs: die menschliche Seite!","og_description":"#CEOs und #F\u00fchrungspers\u00f6nlichkeiten der weltweit gr\u00f6ssten Firmen haben in einer von Egon Zehnder durchgef\u00fchrten Studie offengelegt, dass die menschlichen Aspekte ihrer #Verantwortung zu den gr\u00f6ssten Herausforderungen an der Unternehmensspitze z\u00e4hlen.","og_url":"https:\/\/www.organisator.ch\/de\/management\/2018-04-17\/die-groesste-herausforderung-fuer-ceos-die-menschliche-seite\/","og_site_name":"Organisator","article_publisher":"https:\/\/www.facebook.com\/OrganisatorFachmagazin","article_published_time":"2018-04-17T06:38:38+00:00","og_image":[{"width":640,"height":480,"url":"https:\/\/www.organisator.ch\/wp-content\/uploads\/2018\/04\/Die-groesste-Herausforderung-fuer-CEOs-die-menschliche-Seite_Organisator.jpg","type":"image\/jpeg"}],"author":"thomas.berner","twitter_card":"summary_large_image","twitter_title":"Die gr\u00f6sste Herausforderung f\u00fcr #CEOs: die menschliche Seite! #menschlicheSeite","twitter_description":"#CEOs und #F\u00fchrungspers\u00f6nlichkeiten der weltweit gr\u00f6ssten Firmen haben in einer von #EgonZehnder durchgef\u00fchrten Studie offengelegt, dass die menschlichen Aspekte ihrer Verantwortung zu den gr\u00f6ssten Herausforderungen an der Unternehmensspitze z\u00e4hlen.","twitter_image":"https:\/\/www.organisator.ch\/wp-content\/uploads\/2018\/04\/Die-gr\u00f6sste-Herausforderung-f\u00fcr-CEOs-die-menschliche-Seite_Organisator.jpg","schema":{"@context":"https:\/\/schema.org","@graph":[{"@type":"Article","@id":"https:\/\/www.organisator.ch\/management\/2018-04-17\/die-groesste-herausforderung-fuer-ceos-die-menschliche-seite\/#article","isPartOf":{"@id":"https:\/\/www.organisator.ch\/management\/2018-04-17\/die-groesste-herausforderung-fuer-ceos-die-menschliche-seite\/"},"author":{"name":"thomas.berner","@id":"https:\/\/www.organisator.ch\/#\/schema\/person\/6f650f90b2842cd4c0cc334b4e36f67e"},"headline":"Die gr\u00f6sste Herausforderung f\u00fcr CEOs: die menschliche Seite!","datePublished":"2018-04-17T06:38:38+00:00","mainEntityOfPage":{"@id":"https:\/\/www.organisator.ch\/management\/2018-04-17\/die-groesste-herausforderung-fuer-ceos-die-menschliche-seite\/"},"wordCount":1015,"commentCount":0,"publisher":{"@id":"https:\/\/www.organisator.ch\/#organization"},"image":{"@id":"https:\/\/www.organisator.ch\/management\/2018-04-17\/die-groesste-herausforderung-fuer-ceos-die-menschliche-seite\/#primaryimage"},"thumbnailUrl":"https:\/\/www.organisator.ch\/wp-content\/uploads\/2018\/04\/Die-groesste-Herausforderung-fuer-CEOs-die-menschliche-Seite_Organisator.jpg","keywords":["Business Excellence","Fit im Job","Management und Unternehmensf\u00fchrung","Studie","Unternehmensf\u00fchrung"],"articleSection":["MANAGEMENT"],"inLanguage":"de"},{"@type":"WebPage","@id":"https:\/\/www.organisator.ch\/management\/2018-04-17\/die-groesste-herausforderung-fuer-ceos-die-menschliche-seite\/","url":"https:\/\/www.organisator.ch\/management\/2018-04-17\/die-groesste-herausforderung-fuer-ceos-die-menschliche-seite\/","name":"Die gr\u00f6sste Herausforderung f\u00fcr CEOs: die menschliche Seite! - Organisator","isPartOf":{"@id":"https:\/\/www.organisator.ch\/#website"},"primaryImageOfPage":{"@id":"https:\/\/www.organisator.ch\/management\/2018-04-17\/die-groesste-herausforderung-fuer-ceos-die-menschliche-seite\/#primaryimage"},"image":{"@id":"https:\/\/www.organisator.ch\/management\/2018-04-17\/die-groesste-herausforderung-fuer-ceos-die-menschliche-seite\/#primaryimage"},"thumbnailUrl":"https:\/\/www.organisator.ch\/wp-content\/uploads\/2018\/04\/Die-groesste-Herausforderung-fuer-CEOs-die-menschliche-Seite_Organisator.jpg","datePublished":"2018-04-17T06:38:38+00:00","description":"CEOs und F\u00fchrungspers\u00f6nlichkeiten der weltweit gr\u00f6ssten Firmen haben in einer von Egon Zehnder durchgef\u00fchrten Studie offengelegt, dass die menschlichen Aspekte ihrer Verantwortung zu den gr\u00f6ssten Herausforderungen an der Unternehmensspitze z\u00e4hlen.","breadcrumb":{"@id":"https:\/\/www.organisator.ch\/management\/2018-04-17\/die-groesste-herausforderung-fuer-ceos-die-menschliche-seite\/#breadcrumb"},"inLanguage":"de","potentialAction":[{"@type":"ReadAction","target":["https:\/\/www.organisator.ch\/management\/2018-04-17\/die-groesste-herausforderung-fuer-ceos-die-menschliche-seite\/"]}]},{"@type":"ImageObject","inLanguage":"de","@id":"https:\/\/www.organisator.ch\/management\/2018-04-17\/die-groesste-herausforderung-fuer-ceos-die-menschliche-seite\/#primaryimage","url":"https:\/\/www.organisator.ch\/wp-content\/uploads\/2018\/04\/Die-groesste-Herausforderung-fuer-CEOs-die-menschliche-Seite_Organisator.jpg","contentUrl":"https:\/\/www.organisator.ch\/wp-content\/uploads\/2018\/04\/Die-groesste-Herausforderung-fuer-CEOs-die-menschliche-Seite_Organisator.jpg","width":640,"height":480,"caption":"Wie f\u00fchlt es sich an, Chef eines Unternehmens zu sein? CEOs sind sich zwar ihrer Erfahrung und ihres operativen Know-hows bewusst, doch sie erkennen die Notwendigkeit, sich selbst zu ver\u00e4ndern, um mit dem Tempo der gesch\u00e4ftlichen Entwicklungen Schritt halten zu k\u00f6nnen. (Bild: Fotolia.com)"},{"@type":"BreadcrumbList","@id":"https:\/\/www.organisator.ch\/management\/2018-04-17\/die-groesste-herausforderung-fuer-ceos-die-menschliche-seite\/#breadcrumb","itemListElement":[{"@type":"ListItem","position":1,"name":"Home","item":"https:\/\/www.organisator.ch\/"},{"@type":"ListItem","position":2,"name":"Die gr\u00f6sste Herausforderung f\u00fcr CEOs: die menschliche Seite!"}]},{"@type":"WebSite","@id":"https:\/\/www.organisator.ch\/#website","url":"https:\/\/www.organisator.ch\/","name":"Organisator","description":"Kompetent. Praxisnah. Der ORGANISATOR bereitet in 10 Ausgaben pro Jahr die wesentlichen Themen f\u00fcr F\u00fchrungskr\u00e4fte von KMU auf.","publisher":{"@id":"https:\/\/www.organisator.ch\/#organization"},"potentialAction":[{"@type":"SearchAction","target":{"@type":"EntryPoint","urlTemplate":"https:\/\/www.organisator.ch\/?s={search_term_string}"},"query-input":{"@type":"PropertyValueSpecification","valueRequired":true,"valueName":"search_term_string"}}],"inLanguage":"de"},{"@type":"Organization","@id":"https:\/\/www.organisator.ch\/#organization","name":"Organisator","url":"https:\/\/www.organisator.ch\/","logo":{"@type":"ImageObject","inLanguage":"de","@id":"https:\/\/www.organisator.ch\/#\/schema\/logo\/image\/","url":"https:\/\/www.organisator.ch\/wp-content\/uploads\/2022\/01\/Logo_Organisator_Website.png","contentUrl":"https:\/\/www.organisator.ch\/wp-content\/uploads\/2022\/01\/Logo_Organisator_Website.png","width":800,"height":77,"caption":"Organisator"},"image":{"@id":"https:\/\/www.organisator.ch\/#\/schema\/logo\/image\/"},"sameAs":["https:\/\/www.facebook.com\/OrganisatorFachmagazin","https:\/\/www.linkedin.com\/showcase\/organisator-das-magazin-fr-kmu","https:\/\/www.xing.com\/news\/pages\/organisator-ch-695","https:\/\/www.youtube.com\/channel\/UCGP2Sq0iWaZwT3BdIAQFYpw"]},{"@type":"Person","@id":"https:\/\/www.organisator.ch\/#\/schema\/person\/6f650f90b2842cd4c0cc334b4e36f67e","name":"thomas.berner","image":{"@type":"ImageObject","inLanguage":"de","@id":"https:\/\/secure.gravatar.com\/avatar\/ac5001d2a36cb6c6cd3e50789007ffca834b477b74a2144564522e944eabff61?s=96&d=mm&r=g","url":"https:\/\/secure.gravatar.com\/avatar\/ac5001d2a36cb6c6cd3e50789007ffca834b477b74a2144564522e944eabff61?s=96&d=mm&r=g","contentUrl":"https:\/\/secure.gravatar.com\/avatar\/ac5001d2a36cb6c6cd3e50789007ffca834b477b74a2144564522e944eabff61?s=96&d=mm&r=g","caption":"thomas.berner"},"url":"https:\/\/www.organisator.ch\/de\/author\/thomas-berner\/"}]}},"_links":{"self":[{"href":"https:\/\/www.organisator.ch\/de\/wp-json\/wp\/v2\/posts\/3452","targetHints":{"allow":["GET"]}}],"collection":[{"href":"https:\/\/www.organisator.ch\/de\/wp-json\/wp\/v2\/posts"}],"about":[{"href":"https:\/\/www.organisator.ch\/de\/wp-json\/wp\/v2\/types\/post"}],"author":[{"embeddable":true,"href":"https:\/\/www.organisator.ch\/de\/wp-json\/wp\/v2\/users\/4"}],"replies":[{"embeddable":true,"href":"https:\/\/www.organisator.ch\/de\/wp-json\/wp\/v2\/comments?post=3452"}],"version-history":[{"count":0,"href":"https:\/\/www.organisator.ch\/de\/wp-json\/wp\/v2\/posts\/3452\/revisions"}],"wp:featuredmedia":[{"embeddable":true,"href":"https:\/\/www.organisator.ch\/de\/wp-json\/wp\/v2\/media\/3453"}],"wp:attachment":[{"href":"https:\/\/www.organisator.ch\/de\/wp-json\/wp\/v2\/media?parent=3452"}],"wp:term":[{"taxonomy":"category","embeddable":true,"href":"https:\/\/www.organisator.ch\/de\/wp-json\/wp\/v2\/categories?post=3452"},{"taxonomy":"post_tag","embeddable":true,"href":"https:\/\/www.organisator.ch\/de\/wp-json\/wp\/v2\/tags?post=3452"}],"curies":[{"name":"wp","href":"https:\/\/api.w.org\/{rel}","templated":true}]}}