{"id":34529,"date":"2024-12-09T10:47:38","date_gmt":"2024-12-09T09:47:38","guid":{"rendered":"https:\/\/www.organisator.ch\/?p=34529"},"modified":"2024-12-09T10:48:13","modified_gmt":"2024-12-09T09:48:13","slug":"sara-lopez-garcia-uebernimmt-die-geschaeftsfuehrung-der-zgp","status":"publish","type":"post","link":"https:\/\/www.organisator.ch\/de\/management\/2024-12-09\/sara-lopez-garcia-uebernimmt-die-geschaeftsfuehrung-der-zgp\/","title":{"rendered":"Sara L\u00f3pez Garc\u00eda \u00fcbernimmt die Gesch\u00e4ftsf\u00fchrung der ZGP"},"content":{"rendered":"<figure id=\"attachment_34530\" aria-describedby=\"caption-attachment-34530\" style=\"width: 680px\" class=\"wp-caption alignnone\"><img loading=\"lazy\" decoding=\"async\" class=\"wp-image-34530 size-full\" src=\"https:\/\/www.organisator.ch\/wp-content\/uploads\/2024\/12\/Sara_Bild1_ps-e1733737689918.jpg\" alt=\"\" width=\"680\" height=\"611\" srcset=\"https:\/\/www.organisator.ch\/wp-content\/uploads\/2024\/12\/Sara_Bild1_ps-e1733737689918.jpg 680w, https:\/\/www.organisator.ch\/wp-content\/uploads\/2024\/12\/Sara_Bild1_ps-e1733737689918-13x12.jpg 13w, https:\/\/www.organisator.ch\/wp-content\/uploads\/2024\/12\/Sara_Bild1_ps-e1733737689918-334x300.jpg 334w, https:\/\/www.organisator.ch\/wp-content\/uploads\/2024\/12\/Sara_Bild1_ps-e1733737689918-390x350.jpg 390w\" sizes=\"auto, (max-width: 680px) 100vw, 680px\" \/><figcaption id=\"caption-attachment-34530\" class=\"wp-caption-text\">Sara L\u00f3pez Garc\u00eda \u00fcbernimmt ab 1. Januar 2025 die Gesch\u00e4ftsf\u00fchrung der ZGP und bringt umfassende HR-Erfahrung mit. (Bild: www.zgp.ch)<\/figcaption><\/figure>\n<p>Sara L\u00f3pez Garc\u00eda bringt umfassende Erfahrung im HR-Management mit und war mehrere Jahre in leitenden Positionen t\u00e4tig. Als HR-Expertin, Coach und Juristin vereint sie strategisches und operatives Wissen, das sie sowohl in ihrer Zeit als Gesch\u00e4ftsleitungsmitglied als auch als Unternehmerin erfolgreich einbringen konnte. Ihr Fokus liegt auf werteorientierter F\u00fchrung, nachhaltiger Zusammenarbeit und der Entwicklung von innovativen L\u00f6sungen f\u00fcr den HR-Bereich.<\/p>\n<p>Mit ihrer neuen Rolle bei der ZGP m\u00f6chte Sara die Plattform weiterentwickeln, den Austausch innerhalb der HR-Community st\u00e4rken und die Bed\u00fcrfnisse der verschiedenen Mitgliedergruppen \u2013 von Nachwuchstalenten bis zu erfahrenen Fachpersonen \u2013 gezielt ansprechen.<\/p>\n<p>Die ZGP freut sich, mit Sara L\u00f3pez Garc\u00eda frische Impulse und eine erfahrene F\u00fchrungspers\u00f6nlichkeit an der Spitze zu haben.<\/p>\n<p><em>Quelle: <a href=\"https:\/\/www.zgp.ch\/\">www.zgp.ch<\/a><\/em><\/p>\n","protected":false},"excerpt":{"rendered":"<p>Ab dem 1. Januar 2025 wird Sara L\u00f3pez Garc\u00eda die Gesch\u00e4ftsf\u00fchrung der Z\u00fcrcher Gesellschaft f\u00fcr Personal-Management (ZGP) \u00fcbernehmen.<\/p>\n","protected":false},"author":80,"featured_media":34530,"comment_status":"closed","ping_status":"closed","sticky":false,"template":"","format":"standard","meta":{"_acf_changed":false,"_yoast_wpseo_focuskw":"ZGP","_yoast_wpseo_metadesc":"Sara L\u00f3pez Garc\u00eda \u00fcbernimmt ab 1. Januar 2025 die Gesch\u00e4ftsf\u00fchrung der ZGP und bringt umfassende HR-Erfahrung mit.","articlekey":"","footnotes":""},"categories":[28],"tags":[225,238,253,334,1787],"class_list":["post-34529","post","type-post","status-publish","format-standard","has-post-thumbnail","hentry","category-management","tag-fuehrung","tag-geschaeftsfuehrung","tag-hr","tag-management","tag-nachhaltigkeit"],"acf":[],"yoast_head":"<!-- This site is optimized with the Yoast SEO plugin v27.5 - https:\/\/yoast.com\/product\/yoast-seo-wordpress\/ -->\n<title>Sara L\u00f3pez Garc\u00eda \u00fcbernimmt die Gesch\u00e4ftsf\u00fchrung der ZGP - Organisator<\/title>\n<meta name=\"description\" content=\"Sara L\u00f3pez Garc\u00eda \u00fcbernimmt ab 1. Januar 2025 die Gesch\u00e4ftsf\u00fchrung der ZGP und bringt umfassende HR-Erfahrung mit.\" \/>\n<meta name=\"robots\" content=\"index, follow, max-snippet:-1, max-image-preview:large, max-video-preview:-1\" \/>\n<link rel=\"canonical\" href=\"https:\/\/www.organisator.ch\/de\/management\/2024-12-09\/sara-lopez-garcia-uebernimmt-die-geschaeftsfuehrung-der-zgp\/\" \/>\n<meta property=\"og:locale\" content=\"de_DE\" \/>\n<meta property=\"og:type\" content=\"article\" \/>\n<meta property=\"og:title\" content=\"Sara L\u00f3pez Garc\u00eda \u00fcbernimmt die Gesch\u00e4ftsf\u00fchrung der ZGP\" \/>\n<meta property=\"og:description\" content=\"Sara L\u00f3pez Garc\u00eda \u00fcbernimmt ab 1. Januar 2025 die Gesch\u00e4ftsf\u00fchrung der ZGP und bringt umfassende HR-Erfahrung mit.\" \/>\n<meta property=\"og:url\" content=\"https:\/\/www.organisator.ch\/de\/management\/2024-12-09\/sara-lopez-garcia-uebernimmt-die-geschaeftsfuehrung-der-zgp\/\" \/>\n<meta property=\"og:site_name\" content=\"Organisator\" \/>\n<meta property=\"article:publisher\" content=\"https:\/\/www.facebook.com\/OrganisatorFachmagazin\" \/>\n<meta property=\"article:published_time\" content=\"2024-12-09T09:47:38+00:00\" \/>\n<meta property=\"article:modified_time\" content=\"2024-12-09T09:48:13+00:00\" \/>\n<meta property=\"og:image\" content=\"https:\/\/www.organisator.ch\/wp-content\/uploads\/2024\/12\/Sara_Bild1_ps-e1733737689918.jpg\" \/>\n\t<meta property=\"og:image:width\" content=\"680\" \/>\n\t<meta property=\"og:image:height\" content=\"611\" \/>\n\t<meta property=\"og:image:type\" content=\"image\/jpeg\" \/>\n<meta name=\"author\" content=\"Dzana Muminovic\" \/>\n<meta name=\"twitter:card\" content=\"summary_large_image\" \/>\n<meta name=\"twitter:title\" content=\"Sara L\u00f3pez Garc\u00eda \u00fcbernimmt die Gesch\u00e4ftsf\u00fchrung der ZGP\" \/>\n<meta name=\"twitter:description\" content=\"#Sara #L\u00f3pez #Garc\u00eda \u00fcbernimmt ab 1. Januar 2025 die #Gesch\u00e4ftsf\u00fchrung der #ZGP und bringt umfassende #HR-#Erfahrung mit.\" \/>\n<meta name=\"twitter:image\" content=\"https:\/\/www.organisator.ch\/wp-content\/uploads\/2024\/12\/Sara_Bild1_ps-e1733737689918.jpg\" \/>\n<script type=\"application\/ld+json\" class=\"yoast-schema-graph\">{\"@context\":\"https:\\\/\\\/schema.org\",\"@graph\":[{\"@type\":\"Article\",\"@id\":\"https:\\\/\\\/www.organisator.ch\\\/management\\\/2024-12-09\\\/sara-lopez-garcia-uebernimmt-die-geschaeftsfuehrung-der-zgp\\\/#article\",\"isPartOf\":{\"@id\":\"https:\\\/\\\/www.organisator.ch\\\/management\\\/2024-12-09\\\/sara-lopez-garcia-uebernimmt-die-geschaeftsfuehrung-der-zgp\\\/\"},\"author\":{\"name\":\"Dzana Muminovic\",\"@id\":\"https:\\\/\\\/www.organisator.ch\\\/#\\\/schema\\\/person\\\/afccda3a71c06d4be2ed9100dd163db7\"},\"headline\":\"Sara L\u00f3pez Garc\u00eda \u00fcbernimmt die Gesch\u00e4ftsf\u00fchrung der ZGP\",\"datePublished\":\"2024-12-09T09:47:38+00:00\",\"dateModified\":\"2024-12-09T09:48:13+00:00\",\"mainEntityOfPage\":{\"@id\":\"https:\\\/\\\/www.organisator.ch\\\/management\\\/2024-12-09\\\/sara-lopez-garcia-uebernimmt-die-geschaeftsfuehrung-der-zgp\\\/\"},\"wordCount\":171,\"publisher\":{\"@id\":\"https:\\\/\\\/www.organisator.ch\\\/#organization\"},\"image\":{\"@id\":\"https:\\\/\\\/www.organisator.ch\\\/management\\\/2024-12-09\\\/sara-lopez-garcia-uebernimmt-die-geschaeftsfuehrung-der-zgp\\\/#primaryimage\"},\"thumbnailUrl\":\"https:\\\/\\\/www.organisator.ch\\\/wp-content\\\/uploads\\\/2024\\\/12\\\/Sara_Bild1_ps-e1733737689918.jpg\",\"keywords\":[\"F\u00fchrung\",\"Gesch\u00e4ftsf\u00fchrung\",\"HR\",\"Management\",\"Nachhaltigkeit\"],\"articleSection\":[\"MANAGEMENT\"],\"inLanguage\":\"de\"},{\"@type\":\"WebPage\",\"@id\":\"https:\\\/\\\/www.organisator.ch\\\/management\\\/2024-12-09\\\/sara-lopez-garcia-uebernimmt-die-geschaeftsfuehrung-der-zgp\\\/\",\"url\":\"https:\\\/\\\/www.organisator.ch\\\/management\\\/2024-12-09\\\/sara-lopez-garcia-uebernimmt-die-geschaeftsfuehrung-der-zgp\\\/\",\"name\":\"Sara L\u00f3pez Garc\u00eda \u00fcbernimmt die Gesch\u00e4ftsf\u00fchrung der ZGP - Organisator\",\"isPartOf\":{\"@id\":\"https:\\\/\\\/www.organisator.ch\\\/#website\"},\"primaryImageOfPage\":{\"@id\":\"https:\\\/\\\/www.organisator.ch\\\/management\\\/2024-12-09\\\/sara-lopez-garcia-uebernimmt-die-geschaeftsfuehrung-der-zgp\\\/#primaryimage\"},\"image\":{\"@id\":\"https:\\\/\\\/www.organisator.ch\\\/management\\\/2024-12-09\\\/sara-lopez-garcia-uebernimmt-die-geschaeftsfuehrung-der-zgp\\\/#primaryimage\"},\"thumbnailUrl\":\"https:\\\/\\\/www.organisator.ch\\\/wp-content\\\/uploads\\\/2024\\\/12\\\/Sara_Bild1_ps-e1733737689918.jpg\",\"datePublished\":\"2024-12-09T09:47:38+00:00\",\"dateModified\":\"2024-12-09T09:48:13+00:00\",\"description\":\"Sara L\u00f3pez Garc\u00eda \u00fcbernimmt ab 1. Januar 2025 die Gesch\u00e4ftsf\u00fchrung der ZGP und bringt umfassende HR-Erfahrung mit.\",\"breadcrumb\":{\"@id\":\"https:\\\/\\\/www.organisator.ch\\\/management\\\/2024-12-09\\\/sara-lopez-garcia-uebernimmt-die-geschaeftsfuehrung-der-zgp\\\/#breadcrumb\"},\"inLanguage\":\"de\",\"potentialAction\":[{\"@type\":\"ReadAction\",\"target\":[\"https:\\\/\\\/www.organisator.ch\\\/management\\\/2024-12-09\\\/sara-lopez-garcia-uebernimmt-die-geschaeftsfuehrung-der-zgp\\\/\"]}]},{\"@type\":\"ImageObject\",\"inLanguage\":\"de\",\"@id\":\"https:\\\/\\\/www.organisator.ch\\\/management\\\/2024-12-09\\\/sara-lopez-garcia-uebernimmt-die-geschaeftsfuehrung-der-zgp\\\/#primaryimage\",\"url\":\"https:\\\/\\\/www.organisator.ch\\\/wp-content\\\/uploads\\\/2024\\\/12\\\/Sara_Bild1_ps-e1733737689918.jpg\",\"contentUrl\":\"https:\\\/\\\/www.organisator.ch\\\/wp-content\\\/uploads\\\/2024\\\/12\\\/Sara_Bild1_ps-e1733737689918.jpg\",\"width\":680,\"height\":611,\"caption\":\"Sara L\u00f3pez Garc\u00eda \u00fcbernimmt ab 1. Januar 2025 die Gesch\u00e4ftsf\u00fchrung der ZGP und bringt umfassende HR-Erfahrung mit. (Bild: www.zgp.ch)\"},{\"@type\":\"BreadcrumbList\",\"@id\":\"https:\\\/\\\/www.organisator.ch\\\/management\\\/2024-12-09\\\/sara-lopez-garcia-uebernimmt-die-geschaeftsfuehrung-der-zgp\\\/#breadcrumb\",\"itemListElement\":[{\"@type\":\"ListItem\",\"position\":1,\"name\":\"Home\",\"item\":\"https:\\\/\\\/www.organisator.ch\\\/\"},{\"@type\":\"ListItem\",\"position\":2,\"name\":\"Sara L\u00f3pez Garc\u00eda \u00fcbernimmt die Gesch\u00e4ftsf\u00fchrung der ZGP\"}]},{\"@type\":\"WebSite\",\"@id\":\"https:\\\/\\\/www.organisator.ch\\\/#website\",\"url\":\"https:\\\/\\\/www.organisator.ch\\\/\",\"name\":\"Organisator\",\"description\":\"Kompetent. Praxisnah. Der ORGANISATOR bereitet in 10 Ausgaben pro Jahr die wesentlichen Themen f\u00fcr F\u00fchrungskr\u00e4fte von KMU auf.\",\"publisher\":{\"@id\":\"https:\\\/\\\/www.organisator.ch\\\/#organization\"},\"potentialAction\":[{\"@type\":\"SearchAction\",\"target\":{\"@type\":\"EntryPoint\",\"urlTemplate\":\"https:\\\/\\\/www.organisator.ch\\\/?s={search_term_string}\"},\"query-input\":{\"@type\":\"PropertyValueSpecification\",\"valueRequired\":true,\"valueName\":\"search_term_string\"}}],\"inLanguage\":\"de\"},{\"@type\":\"Organization\",\"@id\":\"https:\\\/\\\/www.organisator.ch\\\/#organization\",\"name\":\"Organisator\",\"url\":\"https:\\\/\\\/www.organisator.ch\\\/\",\"logo\":{\"@type\":\"ImageObject\",\"inLanguage\":\"de\",\"@id\":\"https:\\\/\\\/www.organisator.ch\\\/#\\\/schema\\\/logo\\\/image\\\/\",\"url\":\"https:\\\/\\\/www.organisator.ch\\\/wp-content\\\/uploads\\\/2022\\\/01\\\/Logo_Organisator_Website.png\",\"contentUrl\":\"https:\\\/\\\/www.organisator.ch\\\/wp-content\\\/uploads\\\/2022\\\/01\\\/Logo_Organisator_Website.png\",\"width\":800,\"height\":77,\"caption\":\"Organisator\"},\"image\":{\"@id\":\"https:\\\/\\\/www.organisator.ch\\\/#\\\/schema\\\/logo\\\/image\\\/\"},\"sameAs\":[\"https:\\\/\\\/www.facebook.com\\\/OrganisatorFachmagazin\",\"https:\\\/\\\/www.linkedin.com\\\/showcase\\\/organisator-das-magazin-fr-kmu\",\"https:\\\/\\\/www.xing.com\\\/news\\\/pages\\\/organisator-ch-695\",\"https:\\\/\\\/www.youtube.com\\\/channel\\\/UCGP2Sq0iWaZwT3BdIAQFYpw\"]},{\"@type\":\"Person\",\"@id\":\"https:\\\/\\\/www.organisator.ch\\\/#\\\/schema\\\/person\\\/afccda3a71c06d4be2ed9100dd163db7\",\"name\":\"Dzana Muminovic\",\"image\":{\"@type\":\"ImageObject\",\"inLanguage\":\"de\",\"@id\":\"https:\\\/\\\/secure.gravatar.com\\\/avatar\\\/909c5c71aff4b38e88686f2ab2f1ba152571f394f41ed8bae431ea56ced93050?s=96&d=mm&r=g\",\"url\":\"https:\\\/\\\/secure.gravatar.com\\\/avatar\\\/909c5c71aff4b38e88686f2ab2f1ba152571f394f41ed8bae431ea56ced93050?s=96&d=mm&r=g\",\"contentUrl\":\"https:\\\/\\\/secure.gravatar.com\\\/avatar\\\/909c5c71aff4b38e88686f2ab2f1ba152571f394f41ed8bae431ea56ced93050?s=96&d=mm&r=g\",\"caption\":\"Dzana Muminovic\"},\"url\":\"https:\\\/\\\/www.organisator.ch\\\/de\\\/author\\\/dzana-muminovic\\\/\"}]}<\/script>\n<!-- \/ Yoast SEO plugin. -->","yoast_head_json":{"title":"Sara L\u00f3pez Garc\u00eda \u00fcbernimmt die Gesch\u00e4ftsf\u00fchrung der ZGP - Organisator","description":"Sara L\u00f3pez Garc\u00eda \u00fcbernimmt ab 1. Januar 2025 die Gesch\u00e4ftsf\u00fchrung der ZGP und bringt umfassende HR-Erfahrung mit.","robots":{"index":"index","follow":"follow","max-snippet":"max-snippet:-1","max-image-preview":"max-image-preview:large","max-video-preview":"max-video-preview:-1"},"canonical":"https:\/\/www.organisator.ch\/de\/management\/2024-12-09\/sara-lopez-garcia-uebernimmt-die-geschaeftsfuehrung-der-zgp\/","og_locale":"de_DE","og_type":"article","og_title":"Sara L\u00f3pez Garc\u00eda \u00fcbernimmt die Gesch\u00e4ftsf\u00fchrung der ZGP","og_description":"Sara L\u00f3pez Garc\u00eda \u00fcbernimmt ab 1. Januar 2025 die Gesch\u00e4ftsf\u00fchrung der ZGP und bringt umfassende HR-Erfahrung mit.","og_url":"https:\/\/www.organisator.ch\/de\/management\/2024-12-09\/sara-lopez-garcia-uebernimmt-die-geschaeftsfuehrung-der-zgp\/","og_site_name":"Organisator","article_publisher":"https:\/\/www.facebook.com\/OrganisatorFachmagazin","article_published_time":"2024-12-09T09:47:38+00:00","article_modified_time":"2024-12-09T09:48:13+00:00","og_image":[{"width":680,"height":611,"url":"https:\/\/www.organisator.ch\/wp-content\/uploads\/2024\/12\/Sara_Bild1_ps-e1733737689918.jpg","type":"image\/jpeg"}],"author":"Dzana Muminovic","twitter_card":"summary_large_image","twitter_title":"Sara L\u00f3pez Garc\u00eda \u00fcbernimmt die Gesch\u00e4ftsf\u00fchrung der ZGP","twitter_description":"#Sara #L\u00f3pez #Garc\u00eda \u00fcbernimmt ab 1. Januar 2025 die #Gesch\u00e4ftsf\u00fchrung der #ZGP und bringt umfassende #HR-#Erfahrung mit.","twitter_image":"https:\/\/www.organisator.ch\/wp-content\/uploads\/2024\/12\/Sara_Bild1_ps-e1733737689918.jpg","schema":{"@context":"https:\/\/schema.org","@graph":[{"@type":"Article","@id":"https:\/\/www.organisator.ch\/management\/2024-12-09\/sara-lopez-garcia-uebernimmt-die-geschaeftsfuehrung-der-zgp\/#article","isPartOf":{"@id":"https:\/\/www.organisator.ch\/management\/2024-12-09\/sara-lopez-garcia-uebernimmt-die-geschaeftsfuehrung-der-zgp\/"},"author":{"name":"Dzana Muminovic","@id":"https:\/\/www.organisator.ch\/#\/schema\/person\/afccda3a71c06d4be2ed9100dd163db7"},"headline":"Sara L\u00f3pez Garc\u00eda \u00fcbernimmt die Gesch\u00e4ftsf\u00fchrung der ZGP","datePublished":"2024-12-09T09:47:38+00:00","dateModified":"2024-12-09T09:48:13+00:00","mainEntityOfPage":{"@id":"https:\/\/www.organisator.ch\/management\/2024-12-09\/sara-lopez-garcia-uebernimmt-die-geschaeftsfuehrung-der-zgp\/"},"wordCount":171,"publisher":{"@id":"https:\/\/www.organisator.ch\/#organization"},"image":{"@id":"https:\/\/www.organisator.ch\/management\/2024-12-09\/sara-lopez-garcia-uebernimmt-die-geschaeftsfuehrung-der-zgp\/#primaryimage"},"thumbnailUrl":"https:\/\/www.organisator.ch\/wp-content\/uploads\/2024\/12\/Sara_Bild1_ps-e1733737689918.jpg","keywords":["F\u00fchrung","Gesch\u00e4ftsf\u00fchrung","HR","Management","Nachhaltigkeit"],"articleSection":["MANAGEMENT"],"inLanguage":"de"},{"@type":"WebPage","@id":"https:\/\/www.organisator.ch\/management\/2024-12-09\/sara-lopez-garcia-uebernimmt-die-geschaeftsfuehrung-der-zgp\/","url":"https:\/\/www.organisator.ch\/management\/2024-12-09\/sara-lopez-garcia-uebernimmt-die-geschaeftsfuehrung-der-zgp\/","name":"Sara L\u00f3pez Garc\u00eda \u00fcbernimmt die Gesch\u00e4ftsf\u00fchrung der ZGP - Organisator","isPartOf":{"@id":"https:\/\/www.organisator.ch\/#website"},"primaryImageOfPage":{"@id":"https:\/\/www.organisator.ch\/management\/2024-12-09\/sara-lopez-garcia-uebernimmt-die-geschaeftsfuehrung-der-zgp\/#primaryimage"},"image":{"@id":"https:\/\/www.organisator.ch\/management\/2024-12-09\/sara-lopez-garcia-uebernimmt-die-geschaeftsfuehrung-der-zgp\/#primaryimage"},"thumbnailUrl":"https:\/\/www.organisator.ch\/wp-content\/uploads\/2024\/12\/Sara_Bild1_ps-e1733737689918.jpg","datePublished":"2024-12-09T09:47:38+00:00","dateModified":"2024-12-09T09:48:13+00:00","description":"Sara L\u00f3pez Garc\u00eda \u00fcbernimmt ab 1. Januar 2025 die Gesch\u00e4ftsf\u00fchrung der ZGP und bringt umfassende HR-Erfahrung mit.","breadcrumb":{"@id":"https:\/\/www.organisator.ch\/management\/2024-12-09\/sara-lopez-garcia-uebernimmt-die-geschaeftsfuehrung-der-zgp\/#breadcrumb"},"inLanguage":"de","potentialAction":[{"@type":"ReadAction","target":["https:\/\/www.organisator.ch\/management\/2024-12-09\/sara-lopez-garcia-uebernimmt-die-geschaeftsfuehrung-der-zgp\/"]}]},{"@type":"ImageObject","inLanguage":"de","@id":"https:\/\/www.organisator.ch\/management\/2024-12-09\/sara-lopez-garcia-uebernimmt-die-geschaeftsfuehrung-der-zgp\/#primaryimage","url":"https:\/\/www.organisator.ch\/wp-content\/uploads\/2024\/12\/Sara_Bild1_ps-e1733737689918.jpg","contentUrl":"https:\/\/www.organisator.ch\/wp-content\/uploads\/2024\/12\/Sara_Bild1_ps-e1733737689918.jpg","width":680,"height":611,"caption":"Sara L\u00f3pez Garc\u00eda \u00fcbernimmt ab 1. Januar 2025 die Gesch\u00e4ftsf\u00fchrung der ZGP und bringt umfassende HR-Erfahrung mit. (Bild: www.zgp.ch)"},{"@type":"BreadcrumbList","@id":"https:\/\/www.organisator.ch\/management\/2024-12-09\/sara-lopez-garcia-uebernimmt-die-geschaeftsfuehrung-der-zgp\/#breadcrumb","itemListElement":[{"@type":"ListItem","position":1,"name":"Home","item":"https:\/\/www.organisator.ch\/"},{"@type":"ListItem","position":2,"name":"Sara L\u00f3pez Garc\u00eda \u00fcbernimmt die Gesch\u00e4ftsf\u00fchrung der ZGP"}]},{"@type":"WebSite","@id":"https:\/\/www.organisator.ch\/#website","url":"https:\/\/www.organisator.ch\/","name":"Organisator","description":"Kompetent. Praxisnah. Der ORGANISATOR bereitet in 10 Ausgaben pro Jahr die wesentlichen Themen f\u00fcr F\u00fchrungskr\u00e4fte von KMU auf.","publisher":{"@id":"https:\/\/www.organisator.ch\/#organization"},"potentialAction":[{"@type":"SearchAction","target":{"@type":"EntryPoint","urlTemplate":"https:\/\/www.organisator.ch\/?s={search_term_string}"},"query-input":{"@type":"PropertyValueSpecification","valueRequired":true,"valueName":"search_term_string"}}],"inLanguage":"de"},{"@type":"Organization","@id":"https:\/\/www.organisator.ch\/#organization","name":"Organisator","url":"https:\/\/www.organisator.ch\/","logo":{"@type":"ImageObject","inLanguage":"de","@id":"https:\/\/www.organisator.ch\/#\/schema\/logo\/image\/","url":"https:\/\/www.organisator.ch\/wp-content\/uploads\/2022\/01\/Logo_Organisator_Website.png","contentUrl":"https:\/\/www.organisator.ch\/wp-content\/uploads\/2022\/01\/Logo_Organisator_Website.png","width":800,"height":77,"caption":"Organisator"},"image":{"@id":"https:\/\/www.organisator.ch\/#\/schema\/logo\/image\/"},"sameAs":["https:\/\/www.facebook.com\/OrganisatorFachmagazin","https:\/\/www.linkedin.com\/showcase\/organisator-das-magazin-fr-kmu","https:\/\/www.xing.com\/news\/pages\/organisator-ch-695","https:\/\/www.youtube.com\/channel\/UCGP2Sq0iWaZwT3BdIAQFYpw"]},{"@type":"Person","@id":"https:\/\/www.organisator.ch\/#\/schema\/person\/afccda3a71c06d4be2ed9100dd163db7","name":"Dzana Muminovic","image":{"@type":"ImageObject","inLanguage":"de","@id":"https:\/\/secure.gravatar.com\/avatar\/909c5c71aff4b38e88686f2ab2f1ba152571f394f41ed8bae431ea56ced93050?s=96&d=mm&r=g","url":"https:\/\/secure.gravatar.com\/avatar\/909c5c71aff4b38e88686f2ab2f1ba152571f394f41ed8bae431ea56ced93050?s=96&d=mm&r=g","contentUrl":"https:\/\/secure.gravatar.com\/avatar\/909c5c71aff4b38e88686f2ab2f1ba152571f394f41ed8bae431ea56ced93050?s=96&d=mm&r=g","caption":"Dzana Muminovic"},"url":"https:\/\/www.organisator.ch\/de\/author\/dzana-muminovic\/"}]}},"_links":{"self":[{"href":"https:\/\/www.organisator.ch\/de\/wp-json\/wp\/v2\/posts\/34529","targetHints":{"allow":["GET"]}}],"collection":[{"href":"https:\/\/www.organisator.ch\/de\/wp-json\/wp\/v2\/posts"}],"about":[{"href":"https:\/\/www.organisator.ch\/de\/wp-json\/wp\/v2\/types\/post"}],"author":[{"embeddable":true,"href":"https:\/\/www.organisator.ch\/de\/wp-json\/wp\/v2\/users\/80"}],"replies":[{"embeddable":true,"href":"https:\/\/www.organisator.ch\/de\/wp-json\/wp\/v2\/comments?post=34529"}],"version-history":[{"count":4,"href":"https:\/\/www.organisator.ch\/de\/wp-json\/wp\/v2\/posts\/34529\/revisions"}],"predecessor-version":[{"id":34533,"href":"https:\/\/www.organisator.ch\/de\/wp-json\/wp\/v2\/posts\/34529\/revisions\/34533"}],"wp:featuredmedia":[{"embeddable":true,"href":"https:\/\/www.organisator.ch\/de\/wp-json\/wp\/v2\/media\/34530"}],"wp:attachment":[{"href":"https:\/\/www.organisator.ch\/de\/wp-json\/wp\/v2\/media?parent=34529"}],"wp:term":[{"taxonomy":"category","embeddable":true,"href":"https:\/\/www.organisator.ch\/de\/wp-json\/wp\/v2\/categories?post=34529"},{"taxonomy":"post_tag","embeddable":true,"href":"https:\/\/www.organisator.ch\/de\/wp-json\/wp\/v2\/tags?post=34529"}],"curies":[{"name":"wp","href":"https:\/\/api.w.org\/{rel}","templated":true}]}}