{"id":34580,"date":"2024-12-10T12:45:48","date_gmt":"2024-12-10T11:45:48","guid":{"rendered":"https:\/\/www.organisator.ch\/?p=34580"},"modified":"2024-12-09T15:46:20","modified_gmt":"2024-12-09T14:46:20","slug":"die-haelfte-der-schweizer-arbeitskraefte-gibt-ungern-zu-ki-einzusetzen","status":"publish","type":"post","link":"https:\/\/www.organisator.ch\/de\/human-resources\/2024-12-10\/die-haelfte-der-schweizer-arbeitskraefte-gibt-ungern-zu-ki-einzusetzen\/","title":{"rendered":"Die H\u00e4lfte der Schweizer Arbeitskr\u00e4fte gibt ungern zu, KI einzusetzen"},"content":{"rendered":"<figure id=\"attachment_34581\" aria-describedby=\"caption-attachment-34581\" style=\"width: 680px\" class=\"wp-caption alignnone\"><img loading=\"lazy\" decoding=\"async\" class=\"size-full wp-image-34581\" src=\"https:\/\/www.organisator.ch\/wp-content\/uploads\/2024\/12\/Slack-Workforce_Bild1_ps.jpg\" alt=\"\" width=\"680\" height=\"433\" srcset=\"https:\/\/www.organisator.ch\/wp-content\/uploads\/2024\/12\/Slack-Workforce_Bild1_ps.jpg 680w, https:\/\/www.organisator.ch\/wp-content\/uploads\/2024\/12\/Slack-Workforce_Bild1_ps-18x12.jpg 18w, https:\/\/www.organisator.ch\/wp-content\/uploads\/2024\/12\/Slack-Workforce_Bild1_ps-375x239.jpg 375w, https:\/\/www.organisator.ch\/wp-content\/uploads\/2024\/12\/Slack-Workforce_Bild1_ps-550x350.jpg 550w\" sizes=\"auto, (max-width: 680px) 100vw, 680px\" \/><figcaption id=\"caption-attachment-34581\" class=\"wp-caption-text\">B\u00fcroangestellte haben gemischte Gef\u00fchle \u00fcber die Offenlegung ihrer KI-Nutzung. (Bild: public.tableau.com)<\/figcaption><\/figure>\n<p>Neben der mangelnden Schulung durch die Arbeitgeber weist die Studie auf Unsicherheit und Unbehagen im Zusammenhang mit dem Einsatz von KI hin. 50 % der Schweizer Arbeitskr\u00e4fte geben an, dass es ihnen unangenehm ist, die Nutzung von KI gegen\u00fcber ihren Vorgesetzten zuzugeben. Sie bef\u00fcrchten, so als inkompetent, faul oder betr\u00fcgerisch angesehen zu werden.<\/p>\n<h3><strong>Warum ist das wichtig? <\/strong><\/h3>\n<p>Laut McKinsey k\u00f6nnte KI die Unternehmensgewinne um 4,4 Billionen Dollar pro Jahr steigern. Untersuchungen von Salesforce haben zudem ergeben, dass Vertriebsteams, die KI einsetzen, mit 30%-iger Wahrscheinlichkeit einen h\u00f6heren Umsatz erzielen als solche, die es nicht tun. Arbeitgeber m\u00fcssen ihre Mitarbeitenden jedoch dazu ermutigen, KI zu nutzen und deren Vorteile auszusch\u00f6pfen. Nur mit den erforderlichen Schulungen und Anleitungen k\u00f6nnen sie in dieser neuen \u00c4ra erfolgreich arbeiten.<\/p>\n<p><strong>Salesforce-Perspektive:<\/strong> \u00abHeutzutage wird den Mitarbeitenden zu viel aufgeb\u00fcrdet, um KI zu verstehen. Es ist wichtig, dass F\u00fchrungskr\u00e4fte ihre Arbeitskr\u00e4fte nicht nur im Umgang mit KI schulen, sondern sie auch dazu ermutigen, dar\u00fcber zu sprechen und frei mit KI zu experimentieren\u00bb, so Christina Janzer, SVP of Research and Analytics bei Slack. \u00abDie Einf\u00fchrung von KI-Agenten \u2013 mit klar definierten Rollen und Richtlinien \u2013 wird dabei ebenfalls helfen und die Unklarheit und Angst, die viele Arbeitnehmer beim Einsatz von KI am Arbeitsplatz empfinden, verringern.\u00bb<\/p>\n<h3><strong>Die Ergebnisse aus der Schweiz und weltweit<\/strong><\/h3>\n<p>Viele Arbeitnehmer verheimlichen ihren Einsatz von KI am Arbeitsplatz aus Unsicherheit und Angst, insbesondere in der Schweiz, wo 50 % der B\u00fcroangestellten angeben, dass es ihnen unangenehm ist, Vorgesetzten ihre KI-Nutzung zu offenbaren. Die Gr\u00fcnde daf\u00fcr sind meist die Bef\u00fcrchtung, als weniger kompetent oder faul angesehen zu werden, sowie das Gef\u00fchl, dass der KI-Einsatz unethisch sei. Globale Studien zeigen jedoch, dass die Wahrscheinlichkeit der KI-Nutzung um 67 % steigt, wenn offene Gespr\u00e4che mit Vorgesetzten m\u00f6glich sind.<\/p>\n<p>Es gibt zudem eine deutliche Diskrepanz zwischen den Erwartungen der Arbeitnehmer und den Priorit\u00e4ten der F\u00fchrungskr\u00e4fte bei der Nutzung von KI. W\u00e4hrend F\u00fchrungskr\u00e4fte durch KI gewonnene Zeit f\u00fcr Weiterbildung und Innovation einsetzen m\u00f6chten, legen Arbeitnehmer mehr Wert auf die Aufarbeitung liegengebliebener Aufgaben und die Intensivierung bestehender Projekte. In der Schweiz priorisieren die Mitarbeiter jedoch auch administrative Aufgaben.<\/p>\n<p>Trotz Unsicherheiten w\u00fcnschen sich viele Arbeitnehmer eine bessere Unterst\u00fctzung beim Erlernen von KI-Anwendungen. In der Schweiz streben 82 % danach, KI-Experten zu werden, haben jedoch oft wenig Zeit in entsprechende Weiterbildung investiert. Weltweit berichten 30 % der Arbeitskr\u00e4fte, keinerlei KI-Schulung erhalten zu haben. Arbeitgeber, die klare Richtlinien schaffen und KI-Weiterbildungen anbieten, gelten als attraktiver: 81 % der Schweizer Arbeitnehmer betrachten die F\u00e4higkeit eines Arbeitgebers, KI-Tools bereitzustellen und die Nutzung zu f\u00f6rdern, als entscheidend bei der Jobsuche. Besonders Berufseinsteiger messen diesem Faktor grosse Bedeutung bei.<\/p>\n<p><em>Quelle: <a href=\"http:\/\/www.slack.com\">www.slack.com<\/a><\/em><\/p>\n","protected":false},"excerpt":{"rendered":"<p>Die Akzeptanz von KI nimmt in der Schweiz zu: 47 % der Schweizer Arbeitnehmenden nutzen KI bei ihrer Arbeit und 53 % freuen sich darauf, dass KI einige Aufgaben ersetzen k\u00f6nnte, so der neue Workforce Index von Slack. Obwohl F\u00fchrungspersonen weiterhin die Dringlichkeit des Einsatzes der Technologie betonen und in der Schweiz bereits eine hohe Akzeptanz vorherrscht, haben sich die KI-Einf\u00fchrungsraten in den letzten drei Monaten weltweit verlangsamt \u2013 sie stiegen von 32 % auf nur 36 %.<\/p>\n","protected":false},"author":80,"featured_media":34581,"comment_status":"closed","ping_status":"closed","sticky":false,"template":"","format":"standard","meta":{"_acf_changed":false,"_yoast_wpseo_focuskw":"KI-Akzeptanz Schweiz","_yoast_wpseo_metadesc":"47 % der Schweizer nutzen KI bei der Arbeit, doch Unsicherheiten bleiben. Unternehmen m\u00fcssen KI-Schulungen f\u00f6rdern, um Potenziale zu nutzen.","articlekey":"","footnotes":""},"categories":[579],"tags":[4933,208,319,424,475],"class_list":["post-34580","post","type-post","status-publish","format-standard","has-post-thumbnail","hentry","category-human-resources","tag-arbeitskraefte","tag-fit-im-job","tag-kuenstliche-intelligenz","tag-schweiz","tag-technologie"],"acf":[],"yoast_head":"<!-- This site is optimized with the Yoast SEO plugin v27.5 - https:\/\/yoast.com\/product\/yoast-seo-wordpress\/ -->\n<title>Die H\u00e4lfte der Schweizer Arbeitskr\u00e4fte gibt ungern zu, KI einzusetzen - Organisator<\/title>\n<meta name=\"description\" content=\"47 % der Schweizer nutzen KI bei der Arbeit, doch Unsicherheiten bleiben. Unternehmen m\u00fcssen KI-Schulungen f\u00f6rdern, um Potenziale zu nutzen.\" \/>\n<meta name=\"robots\" content=\"index, follow, max-snippet:-1, max-image-preview:large, max-video-preview:-1\" \/>\n<link rel=\"canonical\" href=\"https:\/\/www.organisator.ch\/de\/human-resources\/2024-12-10\/die-haelfte-der-schweizer-arbeitskraefte-gibt-ungern-zu-ki-einzusetzen\/\" \/>\n<meta property=\"og:locale\" content=\"de_DE\" \/>\n<meta property=\"og:type\" content=\"article\" \/>\n<meta property=\"og:title\" content=\"Die H\u00e4lfte der Schweizer Arbeitskr\u00e4fte gibt ungern zu, KI einzusetzen\" \/>\n<meta property=\"og:description\" content=\"47 % der Schweizer nutzen KI bei der Arbeit, doch Unsicherheiten bleiben. Unternehmen m\u00fcssen KI-Schulungen f\u00f6rdern, um Potenziale zu nutzen.\" \/>\n<meta property=\"og:url\" content=\"https:\/\/www.organisator.ch\/de\/human-resources\/2024-12-10\/die-haelfte-der-schweizer-arbeitskraefte-gibt-ungern-zu-ki-einzusetzen\/\" \/>\n<meta property=\"og:site_name\" content=\"Organisator\" \/>\n<meta property=\"article:publisher\" content=\"https:\/\/www.facebook.com\/OrganisatorFachmagazin\" \/>\n<meta property=\"article:published_time\" content=\"2024-12-10T11:45:48+00:00\" \/>\n<meta property=\"og:image\" content=\"https:\/\/www.organisator.ch\/wp-content\/uploads\/2024\/12\/Slack-Workforce_Bild1_ps.jpg\" \/>\n\t<meta property=\"og:image:width\" content=\"680\" \/>\n\t<meta property=\"og:image:height\" content=\"433\" \/>\n\t<meta property=\"og:image:type\" content=\"image\/jpeg\" \/>\n<meta name=\"author\" content=\"Dzana Muminovic\" \/>\n<meta name=\"twitter:card\" content=\"summary_large_image\" \/>\n<meta name=\"twitter:title\" content=\"Die H\u00e4lfte der Schweizer Arbeitskr\u00e4fte gibt ungern zu, KI einzusetzen\" \/>\n<meta name=\"twitter:description\" content=\"47 % der #Schweizer nutzen #KI bei der #Arbeit, doch #Unsicherheiten bleiben. #Unternehmen m\u00fcssen KI-#Schulungen f\u00f6rdern, um Potenziale zu nutzen.\" \/>\n<meta name=\"twitter:image\" content=\"https:\/\/www.organisator.ch\/wp-content\/uploads\/2024\/12\/Slack-Workforce_Bild1_ps.jpg\" \/>\n<script type=\"application\/ld+json\" class=\"yoast-schema-graph\">{\"@context\":\"https:\\\/\\\/schema.org\",\"@graph\":[{\"@type\":\"Article\",\"@id\":\"https:\\\/\\\/www.organisator.ch\\\/human-resources\\\/2024-12-10\\\/die-haelfte-der-schweizer-arbeitskraefte-gibt-ungern-zu-ki-einzusetzen\\\/#article\",\"isPartOf\":{\"@id\":\"https:\\\/\\\/www.organisator.ch\\\/human-resources\\\/2024-12-10\\\/die-haelfte-der-schweizer-arbeitskraefte-gibt-ungern-zu-ki-einzusetzen\\\/\"},\"author\":{\"name\":\"Dzana Muminovic\",\"@id\":\"https:\\\/\\\/www.organisator.ch\\\/#\\\/schema\\\/person\\\/afccda3a71c06d4be2ed9100dd163db7\"},\"headline\":\"Die H\u00e4lfte der Schweizer Arbeitskr\u00e4fte gibt ungern zu, KI einzusetzen\",\"datePublished\":\"2024-12-10T11:45:48+00:00\",\"mainEntityOfPage\":{\"@id\":\"https:\\\/\\\/www.organisator.ch\\\/human-resources\\\/2024-12-10\\\/die-haelfte-der-schweizer-arbeitskraefte-gibt-ungern-zu-ki-einzusetzen\\\/\"},\"wordCount\":487,\"publisher\":{\"@id\":\"https:\\\/\\\/www.organisator.ch\\\/#organization\"},\"image\":{\"@id\":\"https:\\\/\\\/www.organisator.ch\\\/human-resources\\\/2024-12-10\\\/die-haelfte-der-schweizer-arbeitskraefte-gibt-ungern-zu-ki-einzusetzen\\\/#primaryimage\"},\"thumbnailUrl\":\"https:\\\/\\\/www.organisator.ch\\\/wp-content\\\/uploads\\\/2024\\\/12\\\/Slack-Workforce_Bild1_ps.jpg\",\"keywords\":[\"Arbeitskr\u00e4fte\",\"Fit im Job\",\"K\u00fcnstliche Intelligenz\",\"Schweiz\",\"Technologie\"],\"articleSection\":[\"HUMAN RESOURCES\"],\"inLanguage\":\"de\"},{\"@type\":\"WebPage\",\"@id\":\"https:\\\/\\\/www.organisator.ch\\\/human-resources\\\/2024-12-10\\\/die-haelfte-der-schweizer-arbeitskraefte-gibt-ungern-zu-ki-einzusetzen\\\/\",\"url\":\"https:\\\/\\\/www.organisator.ch\\\/human-resources\\\/2024-12-10\\\/die-haelfte-der-schweizer-arbeitskraefte-gibt-ungern-zu-ki-einzusetzen\\\/\",\"name\":\"Die H\u00e4lfte der Schweizer Arbeitskr\u00e4fte gibt ungern zu, KI einzusetzen - Organisator\",\"isPartOf\":{\"@id\":\"https:\\\/\\\/www.organisator.ch\\\/#website\"},\"primaryImageOfPage\":{\"@id\":\"https:\\\/\\\/www.organisator.ch\\\/human-resources\\\/2024-12-10\\\/die-haelfte-der-schweizer-arbeitskraefte-gibt-ungern-zu-ki-einzusetzen\\\/#primaryimage\"},\"image\":{\"@id\":\"https:\\\/\\\/www.organisator.ch\\\/human-resources\\\/2024-12-10\\\/die-haelfte-der-schweizer-arbeitskraefte-gibt-ungern-zu-ki-einzusetzen\\\/#primaryimage\"},\"thumbnailUrl\":\"https:\\\/\\\/www.organisator.ch\\\/wp-content\\\/uploads\\\/2024\\\/12\\\/Slack-Workforce_Bild1_ps.jpg\",\"datePublished\":\"2024-12-10T11:45:48+00:00\",\"description\":\"47 % der Schweizer nutzen KI bei der Arbeit, doch Unsicherheiten bleiben. Unternehmen m\u00fcssen KI-Schulungen f\u00f6rdern, um Potenziale zu nutzen.\",\"breadcrumb\":{\"@id\":\"https:\\\/\\\/www.organisator.ch\\\/human-resources\\\/2024-12-10\\\/die-haelfte-der-schweizer-arbeitskraefte-gibt-ungern-zu-ki-einzusetzen\\\/#breadcrumb\"},\"inLanguage\":\"de\",\"potentialAction\":[{\"@type\":\"ReadAction\",\"target\":[\"https:\\\/\\\/www.organisator.ch\\\/human-resources\\\/2024-12-10\\\/die-haelfte-der-schweizer-arbeitskraefte-gibt-ungern-zu-ki-einzusetzen\\\/\"]}]},{\"@type\":\"ImageObject\",\"inLanguage\":\"de\",\"@id\":\"https:\\\/\\\/www.organisator.ch\\\/human-resources\\\/2024-12-10\\\/die-haelfte-der-schweizer-arbeitskraefte-gibt-ungern-zu-ki-einzusetzen\\\/#primaryimage\",\"url\":\"https:\\\/\\\/www.organisator.ch\\\/wp-content\\\/uploads\\\/2024\\\/12\\\/Slack-Workforce_Bild1_ps.jpg\",\"contentUrl\":\"https:\\\/\\\/www.organisator.ch\\\/wp-content\\\/uploads\\\/2024\\\/12\\\/Slack-Workforce_Bild1_ps.jpg\",\"width\":680,\"height\":433,\"caption\":\"B\u00fcroangestellte haben gemischte Gef\u00fchle \u00fcber die Offenlegung ihrer KI-Nutzung. (Bild: public.tableau.com)\"},{\"@type\":\"BreadcrumbList\",\"@id\":\"https:\\\/\\\/www.organisator.ch\\\/human-resources\\\/2024-12-10\\\/die-haelfte-der-schweizer-arbeitskraefte-gibt-ungern-zu-ki-einzusetzen\\\/#breadcrumb\",\"itemListElement\":[{\"@type\":\"ListItem\",\"position\":1,\"name\":\"Home\",\"item\":\"https:\\\/\\\/www.organisator.ch\\\/\"},{\"@type\":\"ListItem\",\"position\":2,\"name\":\"Die H\u00e4lfte der Schweizer Arbeitskr\u00e4fte gibt ungern zu, KI einzusetzen\"}]},{\"@type\":\"WebSite\",\"@id\":\"https:\\\/\\\/www.organisator.ch\\\/#website\",\"url\":\"https:\\\/\\\/www.organisator.ch\\\/\",\"name\":\"Organisator\",\"description\":\"Kompetent. Praxisnah. Der ORGANISATOR bereitet in 10 Ausgaben pro Jahr die wesentlichen Themen f\u00fcr F\u00fchrungskr\u00e4fte von KMU auf.\",\"publisher\":{\"@id\":\"https:\\\/\\\/www.organisator.ch\\\/#organization\"},\"potentialAction\":[{\"@type\":\"SearchAction\",\"target\":{\"@type\":\"EntryPoint\",\"urlTemplate\":\"https:\\\/\\\/www.organisator.ch\\\/?s={search_term_string}\"},\"query-input\":{\"@type\":\"PropertyValueSpecification\",\"valueRequired\":true,\"valueName\":\"search_term_string\"}}],\"inLanguage\":\"de\"},{\"@type\":\"Organization\",\"@id\":\"https:\\\/\\\/www.organisator.ch\\\/#organization\",\"name\":\"Organisator\",\"url\":\"https:\\\/\\\/www.organisator.ch\\\/\",\"logo\":{\"@type\":\"ImageObject\",\"inLanguage\":\"de\",\"@id\":\"https:\\\/\\\/www.organisator.ch\\\/#\\\/schema\\\/logo\\\/image\\\/\",\"url\":\"https:\\\/\\\/www.organisator.ch\\\/wp-content\\\/uploads\\\/2022\\\/01\\\/Logo_Organisator_Website.png\",\"contentUrl\":\"https:\\\/\\\/www.organisator.ch\\\/wp-content\\\/uploads\\\/2022\\\/01\\\/Logo_Organisator_Website.png\",\"width\":800,\"height\":77,\"caption\":\"Organisator\"},\"image\":{\"@id\":\"https:\\\/\\\/www.organisator.ch\\\/#\\\/schema\\\/logo\\\/image\\\/\"},\"sameAs\":[\"https:\\\/\\\/www.facebook.com\\\/OrganisatorFachmagazin\",\"https:\\\/\\\/www.linkedin.com\\\/showcase\\\/organisator-das-magazin-fr-kmu\",\"https:\\\/\\\/www.xing.com\\\/news\\\/pages\\\/organisator-ch-695\",\"https:\\\/\\\/www.youtube.com\\\/channel\\\/UCGP2Sq0iWaZwT3BdIAQFYpw\"]},{\"@type\":\"Person\",\"@id\":\"https:\\\/\\\/www.organisator.ch\\\/#\\\/schema\\\/person\\\/afccda3a71c06d4be2ed9100dd163db7\",\"name\":\"Dzana Muminovic\",\"image\":{\"@type\":\"ImageObject\",\"inLanguage\":\"de\",\"@id\":\"https:\\\/\\\/secure.gravatar.com\\\/avatar\\\/909c5c71aff4b38e88686f2ab2f1ba152571f394f41ed8bae431ea56ced93050?s=96&d=mm&r=g\",\"url\":\"https:\\\/\\\/secure.gravatar.com\\\/avatar\\\/909c5c71aff4b38e88686f2ab2f1ba152571f394f41ed8bae431ea56ced93050?s=96&d=mm&r=g\",\"contentUrl\":\"https:\\\/\\\/secure.gravatar.com\\\/avatar\\\/909c5c71aff4b38e88686f2ab2f1ba152571f394f41ed8bae431ea56ced93050?s=96&d=mm&r=g\",\"caption\":\"Dzana Muminovic\"},\"url\":\"https:\\\/\\\/www.organisator.ch\\\/de\\\/author\\\/dzana-muminovic\\\/\"}]}<\/script>\n<!-- \/ Yoast SEO plugin. -->","yoast_head_json":{"title":"Die H\u00e4lfte der Schweizer Arbeitskr\u00e4fte gibt ungern zu, KI einzusetzen - Organisator","description":"47 % der Schweizer nutzen KI bei der Arbeit, doch Unsicherheiten bleiben. Unternehmen m\u00fcssen KI-Schulungen f\u00f6rdern, um Potenziale zu nutzen.","robots":{"index":"index","follow":"follow","max-snippet":"max-snippet:-1","max-image-preview":"max-image-preview:large","max-video-preview":"max-video-preview:-1"},"canonical":"https:\/\/www.organisator.ch\/de\/human-resources\/2024-12-10\/die-haelfte-der-schweizer-arbeitskraefte-gibt-ungern-zu-ki-einzusetzen\/","og_locale":"de_DE","og_type":"article","og_title":"Die H\u00e4lfte der Schweizer Arbeitskr\u00e4fte gibt ungern zu, KI einzusetzen","og_description":"47 % der Schweizer nutzen KI bei der Arbeit, doch Unsicherheiten bleiben. Unternehmen m\u00fcssen KI-Schulungen f\u00f6rdern, um Potenziale zu nutzen.","og_url":"https:\/\/www.organisator.ch\/de\/human-resources\/2024-12-10\/die-haelfte-der-schweizer-arbeitskraefte-gibt-ungern-zu-ki-einzusetzen\/","og_site_name":"Organisator","article_publisher":"https:\/\/www.facebook.com\/OrganisatorFachmagazin","article_published_time":"2024-12-10T11:45:48+00:00","og_image":[{"width":680,"height":433,"url":"https:\/\/www.organisator.ch\/wp-content\/uploads\/2024\/12\/Slack-Workforce_Bild1_ps.jpg","type":"image\/jpeg"}],"author":"Dzana Muminovic","twitter_card":"summary_large_image","twitter_title":"Die H\u00e4lfte der Schweizer Arbeitskr\u00e4fte gibt ungern zu, KI einzusetzen","twitter_description":"47 % der #Schweizer nutzen #KI bei der #Arbeit, doch #Unsicherheiten bleiben. #Unternehmen m\u00fcssen KI-#Schulungen f\u00f6rdern, um Potenziale zu nutzen.","twitter_image":"https:\/\/www.organisator.ch\/wp-content\/uploads\/2024\/12\/Slack-Workforce_Bild1_ps.jpg","schema":{"@context":"https:\/\/schema.org","@graph":[{"@type":"Article","@id":"https:\/\/www.organisator.ch\/human-resources\/2024-12-10\/die-haelfte-der-schweizer-arbeitskraefte-gibt-ungern-zu-ki-einzusetzen\/#article","isPartOf":{"@id":"https:\/\/www.organisator.ch\/human-resources\/2024-12-10\/die-haelfte-der-schweizer-arbeitskraefte-gibt-ungern-zu-ki-einzusetzen\/"},"author":{"name":"Dzana Muminovic","@id":"https:\/\/www.organisator.ch\/#\/schema\/person\/afccda3a71c06d4be2ed9100dd163db7"},"headline":"Die H\u00e4lfte der Schweizer Arbeitskr\u00e4fte gibt ungern zu, KI einzusetzen","datePublished":"2024-12-10T11:45:48+00:00","mainEntityOfPage":{"@id":"https:\/\/www.organisator.ch\/human-resources\/2024-12-10\/die-haelfte-der-schweizer-arbeitskraefte-gibt-ungern-zu-ki-einzusetzen\/"},"wordCount":487,"publisher":{"@id":"https:\/\/www.organisator.ch\/#organization"},"image":{"@id":"https:\/\/www.organisator.ch\/human-resources\/2024-12-10\/die-haelfte-der-schweizer-arbeitskraefte-gibt-ungern-zu-ki-einzusetzen\/#primaryimage"},"thumbnailUrl":"https:\/\/www.organisator.ch\/wp-content\/uploads\/2024\/12\/Slack-Workforce_Bild1_ps.jpg","keywords":["Arbeitskr\u00e4fte","Fit im Job","K\u00fcnstliche Intelligenz","Schweiz","Technologie"],"articleSection":["HUMAN RESOURCES"],"inLanguage":"de"},{"@type":"WebPage","@id":"https:\/\/www.organisator.ch\/human-resources\/2024-12-10\/die-haelfte-der-schweizer-arbeitskraefte-gibt-ungern-zu-ki-einzusetzen\/","url":"https:\/\/www.organisator.ch\/human-resources\/2024-12-10\/die-haelfte-der-schweizer-arbeitskraefte-gibt-ungern-zu-ki-einzusetzen\/","name":"Die H\u00e4lfte der Schweizer Arbeitskr\u00e4fte gibt ungern zu, KI einzusetzen - Organisator","isPartOf":{"@id":"https:\/\/www.organisator.ch\/#website"},"primaryImageOfPage":{"@id":"https:\/\/www.organisator.ch\/human-resources\/2024-12-10\/die-haelfte-der-schweizer-arbeitskraefte-gibt-ungern-zu-ki-einzusetzen\/#primaryimage"},"image":{"@id":"https:\/\/www.organisator.ch\/human-resources\/2024-12-10\/die-haelfte-der-schweizer-arbeitskraefte-gibt-ungern-zu-ki-einzusetzen\/#primaryimage"},"thumbnailUrl":"https:\/\/www.organisator.ch\/wp-content\/uploads\/2024\/12\/Slack-Workforce_Bild1_ps.jpg","datePublished":"2024-12-10T11:45:48+00:00","description":"47 % der Schweizer nutzen KI bei der Arbeit, doch Unsicherheiten bleiben. Unternehmen m\u00fcssen KI-Schulungen f\u00f6rdern, um Potenziale zu nutzen.","breadcrumb":{"@id":"https:\/\/www.organisator.ch\/human-resources\/2024-12-10\/die-haelfte-der-schweizer-arbeitskraefte-gibt-ungern-zu-ki-einzusetzen\/#breadcrumb"},"inLanguage":"de","potentialAction":[{"@type":"ReadAction","target":["https:\/\/www.organisator.ch\/human-resources\/2024-12-10\/die-haelfte-der-schweizer-arbeitskraefte-gibt-ungern-zu-ki-einzusetzen\/"]}]},{"@type":"ImageObject","inLanguage":"de","@id":"https:\/\/www.organisator.ch\/human-resources\/2024-12-10\/die-haelfte-der-schweizer-arbeitskraefte-gibt-ungern-zu-ki-einzusetzen\/#primaryimage","url":"https:\/\/www.organisator.ch\/wp-content\/uploads\/2024\/12\/Slack-Workforce_Bild1_ps.jpg","contentUrl":"https:\/\/www.organisator.ch\/wp-content\/uploads\/2024\/12\/Slack-Workforce_Bild1_ps.jpg","width":680,"height":433,"caption":"B\u00fcroangestellte haben gemischte Gef\u00fchle \u00fcber die Offenlegung ihrer KI-Nutzung. (Bild: public.tableau.com)"},{"@type":"BreadcrumbList","@id":"https:\/\/www.organisator.ch\/human-resources\/2024-12-10\/die-haelfte-der-schweizer-arbeitskraefte-gibt-ungern-zu-ki-einzusetzen\/#breadcrumb","itemListElement":[{"@type":"ListItem","position":1,"name":"Home","item":"https:\/\/www.organisator.ch\/"},{"@type":"ListItem","position":2,"name":"Die H\u00e4lfte der Schweizer Arbeitskr\u00e4fte gibt ungern zu, KI einzusetzen"}]},{"@type":"WebSite","@id":"https:\/\/www.organisator.ch\/#website","url":"https:\/\/www.organisator.ch\/","name":"Organisator","description":"Kompetent. Praxisnah. Der ORGANISATOR bereitet in 10 Ausgaben pro Jahr die wesentlichen Themen f\u00fcr F\u00fchrungskr\u00e4fte von KMU auf.","publisher":{"@id":"https:\/\/www.organisator.ch\/#organization"},"potentialAction":[{"@type":"SearchAction","target":{"@type":"EntryPoint","urlTemplate":"https:\/\/www.organisator.ch\/?s={search_term_string}"},"query-input":{"@type":"PropertyValueSpecification","valueRequired":true,"valueName":"search_term_string"}}],"inLanguage":"de"},{"@type":"Organization","@id":"https:\/\/www.organisator.ch\/#organization","name":"Organisator","url":"https:\/\/www.organisator.ch\/","logo":{"@type":"ImageObject","inLanguage":"de","@id":"https:\/\/www.organisator.ch\/#\/schema\/logo\/image\/","url":"https:\/\/www.organisator.ch\/wp-content\/uploads\/2022\/01\/Logo_Organisator_Website.png","contentUrl":"https:\/\/www.organisator.ch\/wp-content\/uploads\/2022\/01\/Logo_Organisator_Website.png","width":800,"height":77,"caption":"Organisator"},"image":{"@id":"https:\/\/www.organisator.ch\/#\/schema\/logo\/image\/"},"sameAs":["https:\/\/www.facebook.com\/OrganisatorFachmagazin","https:\/\/www.linkedin.com\/showcase\/organisator-das-magazin-fr-kmu","https:\/\/www.xing.com\/news\/pages\/organisator-ch-695","https:\/\/www.youtube.com\/channel\/UCGP2Sq0iWaZwT3BdIAQFYpw"]},{"@type":"Person","@id":"https:\/\/www.organisator.ch\/#\/schema\/person\/afccda3a71c06d4be2ed9100dd163db7","name":"Dzana Muminovic","image":{"@type":"ImageObject","inLanguage":"de","@id":"https:\/\/secure.gravatar.com\/avatar\/909c5c71aff4b38e88686f2ab2f1ba152571f394f41ed8bae431ea56ced93050?s=96&d=mm&r=g","url":"https:\/\/secure.gravatar.com\/avatar\/909c5c71aff4b38e88686f2ab2f1ba152571f394f41ed8bae431ea56ced93050?s=96&d=mm&r=g","contentUrl":"https:\/\/secure.gravatar.com\/avatar\/909c5c71aff4b38e88686f2ab2f1ba152571f394f41ed8bae431ea56ced93050?s=96&d=mm&r=g","caption":"Dzana Muminovic"},"url":"https:\/\/www.organisator.ch\/de\/author\/dzana-muminovic\/"}]}},"_links":{"self":[{"href":"https:\/\/www.organisator.ch\/de\/wp-json\/wp\/v2\/posts\/34580","targetHints":{"allow":["GET"]}}],"collection":[{"href":"https:\/\/www.organisator.ch\/de\/wp-json\/wp\/v2\/posts"}],"about":[{"href":"https:\/\/www.organisator.ch\/de\/wp-json\/wp\/v2\/types\/post"}],"author":[{"embeddable":true,"href":"https:\/\/www.organisator.ch\/de\/wp-json\/wp\/v2\/users\/80"}],"replies":[{"embeddable":true,"href":"https:\/\/www.organisator.ch\/de\/wp-json\/wp\/v2\/comments?post=34580"}],"version-history":[{"count":3,"href":"https:\/\/www.organisator.ch\/de\/wp-json\/wp\/v2\/posts\/34580\/revisions"}],"predecessor-version":[{"id":34656,"href":"https:\/\/www.organisator.ch\/de\/wp-json\/wp\/v2\/posts\/34580\/revisions\/34656"}],"wp:featuredmedia":[{"embeddable":true,"href":"https:\/\/www.organisator.ch\/de\/wp-json\/wp\/v2\/media\/34581"}],"wp:attachment":[{"href":"https:\/\/www.organisator.ch\/de\/wp-json\/wp\/v2\/media?parent=34580"}],"wp:term":[{"taxonomy":"category","embeddable":true,"href":"https:\/\/www.organisator.ch\/de\/wp-json\/wp\/v2\/categories?post=34580"},{"taxonomy":"post_tag","embeddable":true,"href":"https:\/\/www.organisator.ch\/de\/wp-json\/wp\/v2\/tags?post=34580"}],"curies":[{"name":"wp","href":"https:\/\/api.w.org\/{rel}","templated":true}]}}