{"id":346,"date":"2016-11-24T14:29:56","date_gmt":"2016-11-24T13:29:56","guid":{"rendered":"http:\/\/dev.organisator.ch\/?p=346"},"modified":"2016-11-24T14:29:56","modified_gmt":"2016-11-24T13:29:56","slug":"fuenf-tipps-zum-thema-informationssicherheit-in-unternehmen","status":"publish","type":"post","link":"https:\/\/www.organisator.ch\/de\/management\/it\/2016-11-24\/fuenf-tipps-zum-thema-informationssicherheit-in-unternehmen\/","title":{"rendered":"F\u00fcnf Tipps zum Thema Informationssicherheit in Unternehmen"},"content":{"rendered":"<figure id=\"attachment_347\" aria-describedby=\"caption-attachment-347\" style=\"width: 532px\" class=\"wp-caption alignnone\"><img loading=\"lazy\" decoding=\"async\" class=\"size-full wp-image-347\" src=\"https:\/\/www.organisator.ch\/wp-content\/uploads\/2016\/12\/Fuenf-Tipps-zum-Thema-Informationssicherheit-in-Unternehmen-organisator.jpg\" alt=\"\" width=\"532\" height=\"480\" srcset=\"https:\/\/www.organisator.ch\/wp-content\/uploads\/2016\/12\/Fuenf-Tipps-zum-Thema-Informationssicherheit-in-Unternehmen-organisator.jpg 532w, https:\/\/www.organisator.ch\/wp-content\/uploads\/2016\/12\/Fuenf-Tipps-zum-Thema-Informationssicherheit-in-Unternehmen-organisator-13x12.jpg 13w, https:\/\/www.organisator.ch\/wp-content\/uploads\/2016\/12\/Fuenf-Tipps-zum-Thema-Informationssicherheit-in-Unternehmen-organisator-194x175.jpg 194w, https:\/\/www.organisator.ch\/wp-content\/uploads\/2016\/12\/Fuenf-Tipps-zum-Thema-Informationssicherheit-in-Unternehmen-organisator-388x350.jpg 388w, https:\/\/www.organisator.ch\/wp-content\/uploads\/2016\/12\/Fuenf-Tipps-zum-Thema-Informationssicherheit-in-Unternehmen-organisator-300x271.jpg 300w\" sizes=\"auto, (max-width: 532px) 100vw, 532px\" \/><figcaption id=\"caption-attachment-347\" class=\"wp-caption-text\">Gabriel Gabriel gibt Tipps an die Gesch\u00e4ftsleitungen, wie sie ihre Unternehmen besser vor Cyber-Kriminalit\u00e4t sch\u00fctzen k\u00f6nnen.<\/figcaption><\/figure>\n<p>Auch die Z\u00fcrich Versicherungen haben k\u00fcrzlich in einer <a href=\"\/kmu-unterschaetzen-risiko-von-cyber-crime\" target=\"_blank\" rel=\"noreferrer noopener\" data-cke-saved-href=\"https:\/\/organisator.hamster.ch\/schweizer-kmu-sind-nicht-vor-cybercrime-geschuetzt-1\">Umfrage<\/a> festgestellt, dass KMU &#8222;katastrophal schlecht ger\u00fcstet&#8220; seien gegen Cyber-Angriffe. Komplett ausschliessen l\u00e4sst sich ein erfolgreicher Angriff von aussen oder innen nat\u00fcrlich nie. Doch schon einfache Massnahmen erschweren T\u00e4tern das Abgreifen gesch\u00e4ftskritischer Informationen entscheidend. Gabriel Gabriel, Managing Director von Brainloop Schweiz, gibt f\u00fcnf Tipps f\u00fcr ein Leben auf der sicheren Seite.<\/p>\n<p><strong>1. Vertrauliche Informationen identifizieren und klassifizieren<\/strong><\/p>\n<p>Nicht jedes Dokument ist sch\u00fctzenswert. Ein einfach verst\u00e4ndliches Klassifizierungssystem mit den Kategorien offen, intern, vertraulich, streng vertraulich schafft Klarheit dar\u00fcber, wie einzelne Dokumente behandelt werden m\u00fcssen und welche Personengruppen Zugriff bekommen.<\/p>\n<p><strong>2. Verantwortlichkeiten definieren<\/strong><\/p>\n<p>Nicht jeder Mitarbeitende ben\u00f6tigt Zugriff auf alle Daten auf dem Unternehmensserver. Das gilt auch f\u00fcr die IT, die in vielen F\u00e4llen ohne Einschr\u00e4nkungen agieren kann. Je kleiner der Kreis der Berechtigten, desto einfacher l\u00e4sst sich Missbrauch ausschliessen. Ebenfalls hilfreich sind eine Revisionshistorie sowie ein Information Rights Management, welches beispielsweise verbietet, ein Dokument auszudrucken oder lokal abzuspeichern.<\/p>\n<p><strong>3. Informationen technisch sch\u00fctzen<\/strong><\/p>\n<p>Neben den oben erw\u00e4hnten organisatorischen Regelungen sorgen technische Massnahmen f\u00fcr Informationssicherheit. Daf\u00fcr m\u00fcssen jedoch zahlreiche Anforderungen erf\u00fcllt sein wie eine End-to-End-Verschl\u00fcsselung, effektives Zugriffsmanagement, revisionssichere Protokollierung sowie Information Rights Management. Gleichzeitig sollten sie einfach zu bedienen sein. Cloud-basierte L\u00f6sungen externer Anbieter punkten beispielsweise mit einer einfachen Implementierung. Setzen Unternehmen auf eine solche L\u00f6sung, m\u00fcssen sie allerdings darauf achten, dass auch der Anbieter keinen Zugriff auf sensible Daten erh\u00e4lt. Der Standort des Rechenzentrums ist ebenfalls wichtig. Er entscheidet \u00fcber die jeweils g\u00fcltigen Datenschutzgesetze. Brainloop-L\u00f6sungen wie etwa der Secure Dataroom bedienen diese Anforderungen und erm\u00f6glichen die Datenspeicherung in der Schweiz und sogar im eigenen Rechenzentrum.<\/p>\n<p><strong>4. Interne Policies einf\u00fchren und Mitarbeitende schulen<\/strong><\/p>\n<p>Selbst die besten Abwehrmechanismen gegen Cyber-Kriminalit\u00e4t funktionieren nur dann, wenn sie den Mitarbeitenden bekannt sind und auch akzeptiert werden. Das setzt voraus, dass die verwendete L\u00f6sung nutzerfreundlich ist und das Unternehmen in Schulungsmassnahmen investiert. Regeln f\u00fcr den Umgang mit sensiblen Daten m\u00fcssen klar kommuniziert werden und f\u00fcr jeden einsehbar sein.<\/p>\n<p><strong>5. Einhaltung \u00fcberwachen<\/strong><\/p>\n<p>Was noch bleibt: Darauf achten, dass alle Vorgaben auch tats\u00e4chlich eingehalten werden. Gibt es einmal ein Datenleck, muss sich nachvollziehen lassen, welche Daten betroffen sind und wer Zugriff hatte.<\/p>\n<p>\u201cIn den letzten Jahren ist die Bedrohung durch Cyberkriminalit\u00e4t immer weiter gestiegen\u201d, erkl\u00e4rt Gabriel Gabriel weiter. \u201eDeshalb ist es nur folgerichtig, dass Informationssicherheit sich zum Gesch\u00e4ftsleitungsthema entwickelt hat und der Schutz sensibler und gesch\u00e4ftskritischer Daten Priorit\u00e4t hat.\u201c Eine sichere Arbeitsumgebung sollte\u00a0genauso selbstverst\u00e4ndlich\u00a0sein wie der Sicherheitsgurt im Auto, so der Managing Director von Brainloop Schweiz, die hochsichere Cloud-basierte L\u00f6sungen f\u00fcr die revisionssichere Einhaltung von gesetzlichen Vorgaben sowie Compliance Policies anbietet.<\/p>\n<p><em>Weitere Informationen: <a href=\"http:\/\/www.brainloop.com\" data-cke-saved-href=\"http:\/\/www.brainloop.com\">www.brainloop.com<\/a><\/em><\/p>\n","protected":false},"excerpt":{"rendered":"<p>Auch die Z\u00fcrich Versicherungen haben k\u00fcrzlich in einer Umfrage festgestellt, dass KMU &#8222;katastrophal schlecht ger\u00fcstet&#8220; seien gegen Cyber-Angriffe. Komplett ausschliessen l\u00e4sst sich ein erfolgreicher Angriff von aussen oder innen nat\u00fcrlich nie. Doch schon einfache Massnahmen erschweren T\u00e4tern das Abgreifen gesch\u00e4ftskritischer Informationen entscheidend. Gabriel Gabriel, Managing Director von Brainloop Schweiz, gibt f\u00fcnf Tipps f\u00fcr ein Leben [&hellip;]<\/p>\n","protected":false},"author":1,"featured_media":347,"comment_status":"open","ping_status":"open","sticky":false,"template":"","format":"standard","meta":{"_acf_changed":false,"_yoast_wpseo_focuskw":"Informationssicherheit","_yoast_wpseo_metadesc":"Cyber-Security hat es auf die Priorit\u00e4tenliste der Gesch\u00e4ftsleitungen europ\u00e4ischer Unternehmen geschafft.","articlekey":"","footnotes":""},"categories":[27],"tags":[142,260,286,496],"class_list":["post-346","post","type-post","status-publish","format-standard","has-post-thumbnail","hentry","category-it","tag-cyber-crime","tag-ict-sicherheit","tag-it","tag-unternehmensfuehrung"],"acf":[],"yoast_head":"<!-- This site is optimized with the Yoast SEO plugin v27.5 - https:\/\/yoast.com\/product\/yoast-seo-wordpress\/ -->\n<title>F\u00fcnf Tipps zum Thema Informationssicherheit in Unternehmen - Organisator<\/title>\n<meta name=\"description\" content=\"Cyber-Security hat es auf die Priorit\u00e4tenliste der Gesch\u00e4ftsleitungen europ\u00e4ischer Unternehmen geschafft.\" \/>\n<meta name=\"robots\" content=\"index, follow, max-snippet:-1, max-image-preview:large, max-video-preview:-1\" \/>\n<link rel=\"canonical\" href=\"https:\/\/www.organisator.ch\/de\/management\/it\/2016-11-24\/fuenf-tipps-zum-thema-informationssicherheit-in-unternehmen\/\" \/>\n<meta property=\"og:locale\" content=\"de_DE\" \/>\n<meta property=\"og:type\" content=\"article\" \/>\n<meta property=\"og:title\" content=\"F\u00fcnf Tipps zum Thema Informationssicherheit in Unternehmen\" \/>\n<meta property=\"og:description\" content=\"Cyber-Security hat es auf die Priorit\u00e4tenliste der Gesch\u00e4ftsleitungen europ\u00e4ischer Unternehmen geschafft. Laut einer aktuellen Studie des britischen Versicherers Lloyd\u2019s besch\u00e4ftigen sich 54 Prozent von ihnen mit dem Thema. Eine besondere Bedeutung kommt dabei der Informationssicherheit zu. Denn Daten sind das Erd\u00f6l der Zukunft und haben in vielen F\u00e4llen gesch\u00e4ftskritische Bedeutung. Hinzu kommen Gesetze und Richtlinien, die beispielsweise den Umgang mit personenbezogenen Daten regeln.\" \/>\n<meta property=\"og:url\" content=\"https:\/\/www.organisator.ch\/de\/management\/it\/2016-11-24\/fuenf-tipps-zum-thema-informationssicherheit-in-unternehmen\/\" \/>\n<meta property=\"og:site_name\" content=\"Organisator\" \/>\n<meta property=\"article:publisher\" content=\"https:\/\/www.facebook.com\/OrganisatorFachmagazin\" \/>\n<meta property=\"article:published_time\" content=\"2016-11-24T13:29:56+00:00\" \/>\n<meta name=\"author\" content=\"admin\" \/>\n<meta name=\"twitter:card\" content=\"summary_large_image\" \/>\n<meta name=\"twitter:image\" content=\"https:\/\/www.organisator.ch\/wp-content\/uploads\/2016\/12\/Fuenf-Tipps-zum-Thema-Informationssicherheit-in-Unternehmen-organisator.jpg\" \/>\n<script type=\"application\/ld+json\" class=\"yoast-schema-graph\">{\"@context\":\"https:\\\/\\\/schema.org\",\"@graph\":[{\"@type\":\"Article\",\"@id\":\"https:\\\/\\\/www.organisator.ch\\\/management\\\/it\\\/2016-11-24\\\/fuenf-tipps-zum-thema-informationssicherheit-in-unternehmen\\\/#article\",\"isPartOf\":{\"@id\":\"https:\\\/\\\/www.organisator.ch\\\/management\\\/it\\\/2016-11-24\\\/fuenf-tipps-zum-thema-informationssicherheit-in-unternehmen\\\/\"},\"author\":{\"name\":\"admin\",\"@id\":\"https:\\\/\\\/www.organisator.ch\\\/#\\\/schema\\\/person\\\/aa2bace6c5c5aad60102004a50c4eb1c\"},\"headline\":\"F\u00fcnf Tipps zum Thema Informationssicherheit in Unternehmen\",\"datePublished\":\"2016-11-24T13:29:56+00:00\",\"mainEntityOfPage\":{\"@id\":\"https:\\\/\\\/www.organisator.ch\\\/management\\\/it\\\/2016-11-24\\\/fuenf-tipps-zum-thema-informationssicherheit-in-unternehmen\\\/\"},\"wordCount\":503,\"commentCount\":0,\"publisher\":{\"@id\":\"https:\\\/\\\/www.organisator.ch\\\/#organization\"},\"image\":{\"@id\":\"https:\\\/\\\/www.organisator.ch\\\/management\\\/it\\\/2016-11-24\\\/fuenf-tipps-zum-thema-informationssicherheit-in-unternehmen\\\/#primaryimage\"},\"thumbnailUrl\":\"https:\\\/\\\/www.organisator.ch\\\/wp-content\\\/uploads\\\/2016\\\/12\\\/Fuenf-Tipps-zum-Thema-Informationssicherheit-in-Unternehmen-organisator.jpg\",\"keywords\":[\"Cyber-Crime\",\"ICT-Sicherheit\",\"IT\",\"Unternehmensf\u00fchrung\"],\"articleSection\":[\"IT\"],\"inLanguage\":\"de\"},{\"@type\":\"WebPage\",\"@id\":\"https:\\\/\\\/www.organisator.ch\\\/management\\\/it\\\/2016-11-24\\\/fuenf-tipps-zum-thema-informationssicherheit-in-unternehmen\\\/\",\"url\":\"https:\\\/\\\/www.organisator.ch\\\/management\\\/it\\\/2016-11-24\\\/fuenf-tipps-zum-thema-informationssicherheit-in-unternehmen\\\/\",\"name\":\"F\u00fcnf Tipps zum Thema Informationssicherheit in Unternehmen - Organisator\",\"isPartOf\":{\"@id\":\"https:\\\/\\\/www.organisator.ch\\\/#website\"},\"primaryImageOfPage\":{\"@id\":\"https:\\\/\\\/www.organisator.ch\\\/management\\\/it\\\/2016-11-24\\\/fuenf-tipps-zum-thema-informationssicherheit-in-unternehmen\\\/#primaryimage\"},\"image\":{\"@id\":\"https:\\\/\\\/www.organisator.ch\\\/management\\\/it\\\/2016-11-24\\\/fuenf-tipps-zum-thema-informationssicherheit-in-unternehmen\\\/#primaryimage\"},\"thumbnailUrl\":\"https:\\\/\\\/www.organisator.ch\\\/wp-content\\\/uploads\\\/2016\\\/12\\\/Fuenf-Tipps-zum-Thema-Informationssicherheit-in-Unternehmen-organisator.jpg\",\"datePublished\":\"2016-11-24T13:29:56+00:00\",\"description\":\"Cyber-Security hat es auf die Priorit\u00e4tenliste der Gesch\u00e4ftsleitungen europ\u00e4ischer Unternehmen geschafft.\",\"breadcrumb\":{\"@id\":\"https:\\\/\\\/www.organisator.ch\\\/management\\\/it\\\/2016-11-24\\\/fuenf-tipps-zum-thema-informationssicherheit-in-unternehmen\\\/#breadcrumb\"},\"inLanguage\":\"de\",\"potentialAction\":[{\"@type\":\"ReadAction\",\"target\":[\"https:\\\/\\\/www.organisator.ch\\\/management\\\/it\\\/2016-11-24\\\/fuenf-tipps-zum-thema-informationssicherheit-in-unternehmen\\\/\"]}]},{\"@type\":\"ImageObject\",\"inLanguage\":\"de\",\"@id\":\"https:\\\/\\\/www.organisator.ch\\\/management\\\/it\\\/2016-11-24\\\/fuenf-tipps-zum-thema-informationssicherheit-in-unternehmen\\\/#primaryimage\",\"url\":\"https:\\\/\\\/www.organisator.ch\\\/wp-content\\\/uploads\\\/2016\\\/12\\\/Fuenf-Tipps-zum-Thema-Informationssicherheit-in-Unternehmen-organisator.jpg\",\"contentUrl\":\"https:\\\/\\\/www.organisator.ch\\\/wp-content\\\/uploads\\\/2016\\\/12\\\/Fuenf-Tipps-zum-Thema-Informationssicherheit-in-Unternehmen-organisator.jpg\",\"width\":532,\"height\":480,\"caption\":\"Gabriel Gabriel gibt Tipps an die Gesch\u00e4ftsleitungen, wie sie ihre Unternehmen besser vor Cyber-Kriminalit\u00e4t sch\u00fctzen k\u00f6nnen.\"},{\"@type\":\"BreadcrumbList\",\"@id\":\"https:\\\/\\\/www.organisator.ch\\\/management\\\/it\\\/2016-11-24\\\/fuenf-tipps-zum-thema-informationssicherheit-in-unternehmen\\\/#breadcrumb\",\"itemListElement\":[{\"@type\":\"ListItem\",\"position\":1,\"name\":\"Home\",\"item\":\"https:\\\/\\\/www.organisator.ch\\\/\"},{\"@type\":\"ListItem\",\"position\":2,\"name\":\"F\u00fcnf Tipps zum Thema Informationssicherheit in Unternehmen\"}]},{\"@type\":\"WebSite\",\"@id\":\"https:\\\/\\\/www.organisator.ch\\\/#website\",\"url\":\"https:\\\/\\\/www.organisator.ch\\\/\",\"name\":\"Organisator\",\"description\":\"Kompetent. Praxisnah. Der ORGANISATOR bereitet in 10 Ausgaben pro Jahr die wesentlichen Themen f\u00fcr F\u00fchrungskr\u00e4fte von KMU auf.\",\"publisher\":{\"@id\":\"https:\\\/\\\/www.organisator.ch\\\/#organization\"},\"potentialAction\":[{\"@type\":\"SearchAction\",\"target\":{\"@type\":\"EntryPoint\",\"urlTemplate\":\"https:\\\/\\\/www.organisator.ch\\\/?s={search_term_string}\"},\"query-input\":{\"@type\":\"PropertyValueSpecification\",\"valueRequired\":true,\"valueName\":\"search_term_string\"}}],\"inLanguage\":\"de\"},{\"@type\":\"Organization\",\"@id\":\"https:\\\/\\\/www.organisator.ch\\\/#organization\",\"name\":\"Organisator\",\"url\":\"https:\\\/\\\/www.organisator.ch\\\/\",\"logo\":{\"@type\":\"ImageObject\",\"inLanguage\":\"de\",\"@id\":\"https:\\\/\\\/www.organisator.ch\\\/#\\\/schema\\\/logo\\\/image\\\/\",\"url\":\"https:\\\/\\\/www.organisator.ch\\\/wp-content\\\/uploads\\\/2022\\\/01\\\/Logo_Organisator_Website.png\",\"contentUrl\":\"https:\\\/\\\/www.organisator.ch\\\/wp-content\\\/uploads\\\/2022\\\/01\\\/Logo_Organisator_Website.png\",\"width\":800,\"height\":77,\"caption\":\"Organisator\"},\"image\":{\"@id\":\"https:\\\/\\\/www.organisator.ch\\\/#\\\/schema\\\/logo\\\/image\\\/\"},\"sameAs\":[\"https:\\\/\\\/www.facebook.com\\\/OrganisatorFachmagazin\",\"https:\\\/\\\/www.linkedin.com\\\/showcase\\\/organisator-das-magazin-fr-kmu\",\"https:\\\/\\\/www.xing.com\\\/news\\\/pages\\\/organisator-ch-695\",\"https:\\\/\\\/www.youtube.com\\\/channel\\\/UCGP2Sq0iWaZwT3BdIAQFYpw\"]},{\"@type\":\"Person\",\"@id\":\"https:\\\/\\\/www.organisator.ch\\\/#\\\/schema\\\/person\\\/aa2bace6c5c5aad60102004a50c4eb1c\",\"name\":\"admin\",\"image\":{\"@type\":\"ImageObject\",\"inLanguage\":\"de\",\"@id\":\"https:\\\/\\\/secure.gravatar.com\\\/avatar\\\/ae2f4d718e6c49043e314ce431e7e645d646302a24a5ef5a8bc8e3f5a032e319?s=96&d=mm&r=g\",\"url\":\"https:\\\/\\\/secure.gravatar.com\\\/avatar\\\/ae2f4d718e6c49043e314ce431e7e645d646302a24a5ef5a8bc8e3f5a032e319?s=96&d=mm&r=g\",\"contentUrl\":\"https:\\\/\\\/secure.gravatar.com\\\/avatar\\\/ae2f4d718e6c49043e314ce431e7e645d646302a24a5ef5a8bc8e3f5a032e319?s=96&d=mm&r=g\",\"caption\":\"admin\"},\"sameAs\":[\"https:\\\/\\\/www.organisator.ch\"],\"url\":\"https:\\\/\\\/www.organisator.ch\\\/de\\\/author\\\/admin\\\/\"}]}<\/script>\n<!-- \/ Yoast SEO plugin. -->","yoast_head_json":{"title":"F\u00fcnf Tipps zum Thema Informationssicherheit in Unternehmen - Organisator","description":"Cyber-Security hat es auf die Priorit\u00e4tenliste der Gesch\u00e4ftsleitungen europ\u00e4ischer Unternehmen geschafft.","robots":{"index":"index","follow":"follow","max-snippet":"max-snippet:-1","max-image-preview":"max-image-preview:large","max-video-preview":"max-video-preview:-1"},"canonical":"https:\/\/www.organisator.ch\/de\/management\/it\/2016-11-24\/fuenf-tipps-zum-thema-informationssicherheit-in-unternehmen\/","og_locale":"de_DE","og_type":"article","og_title":"F\u00fcnf Tipps zum Thema Informationssicherheit in Unternehmen","og_description":"Cyber-Security hat es auf die Priorit\u00e4tenliste der Gesch\u00e4ftsleitungen europ\u00e4ischer Unternehmen geschafft. Laut einer aktuellen Studie des britischen Versicherers Lloyd\u2019s besch\u00e4ftigen sich 54 Prozent von ihnen mit dem Thema. Eine besondere Bedeutung kommt dabei der Informationssicherheit zu. Denn Daten sind das Erd\u00f6l der Zukunft und haben in vielen F\u00e4llen gesch\u00e4ftskritische Bedeutung. Hinzu kommen Gesetze und Richtlinien, die beispielsweise den Umgang mit personenbezogenen Daten regeln.","og_url":"https:\/\/www.organisator.ch\/de\/management\/it\/2016-11-24\/fuenf-tipps-zum-thema-informationssicherheit-in-unternehmen\/","og_site_name":"Organisator","article_publisher":"https:\/\/www.facebook.com\/OrganisatorFachmagazin","article_published_time":"2016-11-24T13:29:56+00:00","author":"admin","twitter_card":"summary_large_image","twitter_image":"https:\/\/www.organisator.ch\/wp-content\/uploads\/2016\/12\/Fuenf-Tipps-zum-Thema-Informationssicherheit-in-Unternehmen-organisator.jpg","schema":{"@context":"https:\/\/schema.org","@graph":[{"@type":"Article","@id":"https:\/\/www.organisator.ch\/management\/it\/2016-11-24\/fuenf-tipps-zum-thema-informationssicherheit-in-unternehmen\/#article","isPartOf":{"@id":"https:\/\/www.organisator.ch\/management\/it\/2016-11-24\/fuenf-tipps-zum-thema-informationssicherheit-in-unternehmen\/"},"author":{"name":"admin","@id":"https:\/\/www.organisator.ch\/#\/schema\/person\/aa2bace6c5c5aad60102004a50c4eb1c"},"headline":"F\u00fcnf Tipps zum Thema Informationssicherheit in Unternehmen","datePublished":"2016-11-24T13:29:56+00:00","mainEntityOfPage":{"@id":"https:\/\/www.organisator.ch\/management\/it\/2016-11-24\/fuenf-tipps-zum-thema-informationssicherheit-in-unternehmen\/"},"wordCount":503,"commentCount":0,"publisher":{"@id":"https:\/\/www.organisator.ch\/#organization"},"image":{"@id":"https:\/\/www.organisator.ch\/management\/it\/2016-11-24\/fuenf-tipps-zum-thema-informationssicherheit-in-unternehmen\/#primaryimage"},"thumbnailUrl":"https:\/\/www.organisator.ch\/wp-content\/uploads\/2016\/12\/Fuenf-Tipps-zum-Thema-Informationssicherheit-in-Unternehmen-organisator.jpg","keywords":["Cyber-Crime","ICT-Sicherheit","IT","Unternehmensf\u00fchrung"],"articleSection":["IT"],"inLanguage":"de"},{"@type":"WebPage","@id":"https:\/\/www.organisator.ch\/management\/it\/2016-11-24\/fuenf-tipps-zum-thema-informationssicherheit-in-unternehmen\/","url":"https:\/\/www.organisator.ch\/management\/it\/2016-11-24\/fuenf-tipps-zum-thema-informationssicherheit-in-unternehmen\/","name":"F\u00fcnf Tipps zum Thema Informationssicherheit in Unternehmen - Organisator","isPartOf":{"@id":"https:\/\/www.organisator.ch\/#website"},"primaryImageOfPage":{"@id":"https:\/\/www.organisator.ch\/management\/it\/2016-11-24\/fuenf-tipps-zum-thema-informationssicherheit-in-unternehmen\/#primaryimage"},"image":{"@id":"https:\/\/www.organisator.ch\/management\/it\/2016-11-24\/fuenf-tipps-zum-thema-informationssicherheit-in-unternehmen\/#primaryimage"},"thumbnailUrl":"https:\/\/www.organisator.ch\/wp-content\/uploads\/2016\/12\/Fuenf-Tipps-zum-Thema-Informationssicherheit-in-Unternehmen-organisator.jpg","datePublished":"2016-11-24T13:29:56+00:00","description":"Cyber-Security hat es auf die Priorit\u00e4tenliste der Gesch\u00e4ftsleitungen europ\u00e4ischer Unternehmen geschafft.","breadcrumb":{"@id":"https:\/\/www.organisator.ch\/management\/it\/2016-11-24\/fuenf-tipps-zum-thema-informationssicherheit-in-unternehmen\/#breadcrumb"},"inLanguage":"de","potentialAction":[{"@type":"ReadAction","target":["https:\/\/www.organisator.ch\/management\/it\/2016-11-24\/fuenf-tipps-zum-thema-informationssicherheit-in-unternehmen\/"]}]},{"@type":"ImageObject","inLanguage":"de","@id":"https:\/\/www.organisator.ch\/management\/it\/2016-11-24\/fuenf-tipps-zum-thema-informationssicherheit-in-unternehmen\/#primaryimage","url":"https:\/\/www.organisator.ch\/wp-content\/uploads\/2016\/12\/Fuenf-Tipps-zum-Thema-Informationssicherheit-in-Unternehmen-organisator.jpg","contentUrl":"https:\/\/www.organisator.ch\/wp-content\/uploads\/2016\/12\/Fuenf-Tipps-zum-Thema-Informationssicherheit-in-Unternehmen-organisator.jpg","width":532,"height":480,"caption":"Gabriel Gabriel gibt Tipps an die Gesch\u00e4ftsleitungen, wie sie ihre Unternehmen besser vor Cyber-Kriminalit\u00e4t sch\u00fctzen k\u00f6nnen."},{"@type":"BreadcrumbList","@id":"https:\/\/www.organisator.ch\/management\/it\/2016-11-24\/fuenf-tipps-zum-thema-informationssicherheit-in-unternehmen\/#breadcrumb","itemListElement":[{"@type":"ListItem","position":1,"name":"Home","item":"https:\/\/www.organisator.ch\/"},{"@type":"ListItem","position":2,"name":"F\u00fcnf Tipps zum Thema Informationssicherheit in Unternehmen"}]},{"@type":"WebSite","@id":"https:\/\/www.organisator.ch\/#website","url":"https:\/\/www.organisator.ch\/","name":"Organisator","description":"Kompetent. Praxisnah. Der ORGANISATOR bereitet in 10 Ausgaben pro Jahr die wesentlichen Themen f\u00fcr F\u00fchrungskr\u00e4fte von KMU auf.","publisher":{"@id":"https:\/\/www.organisator.ch\/#organization"},"potentialAction":[{"@type":"SearchAction","target":{"@type":"EntryPoint","urlTemplate":"https:\/\/www.organisator.ch\/?s={search_term_string}"},"query-input":{"@type":"PropertyValueSpecification","valueRequired":true,"valueName":"search_term_string"}}],"inLanguage":"de"},{"@type":"Organization","@id":"https:\/\/www.organisator.ch\/#organization","name":"Organisator","url":"https:\/\/www.organisator.ch\/","logo":{"@type":"ImageObject","inLanguage":"de","@id":"https:\/\/www.organisator.ch\/#\/schema\/logo\/image\/","url":"https:\/\/www.organisator.ch\/wp-content\/uploads\/2022\/01\/Logo_Organisator_Website.png","contentUrl":"https:\/\/www.organisator.ch\/wp-content\/uploads\/2022\/01\/Logo_Organisator_Website.png","width":800,"height":77,"caption":"Organisator"},"image":{"@id":"https:\/\/www.organisator.ch\/#\/schema\/logo\/image\/"},"sameAs":["https:\/\/www.facebook.com\/OrganisatorFachmagazin","https:\/\/www.linkedin.com\/showcase\/organisator-das-magazin-fr-kmu","https:\/\/www.xing.com\/news\/pages\/organisator-ch-695","https:\/\/www.youtube.com\/channel\/UCGP2Sq0iWaZwT3BdIAQFYpw"]},{"@type":"Person","@id":"https:\/\/www.organisator.ch\/#\/schema\/person\/aa2bace6c5c5aad60102004a50c4eb1c","name":"admin","image":{"@type":"ImageObject","inLanguage":"de","@id":"https:\/\/secure.gravatar.com\/avatar\/ae2f4d718e6c49043e314ce431e7e645d646302a24a5ef5a8bc8e3f5a032e319?s=96&d=mm&r=g","url":"https:\/\/secure.gravatar.com\/avatar\/ae2f4d718e6c49043e314ce431e7e645d646302a24a5ef5a8bc8e3f5a032e319?s=96&d=mm&r=g","contentUrl":"https:\/\/secure.gravatar.com\/avatar\/ae2f4d718e6c49043e314ce431e7e645d646302a24a5ef5a8bc8e3f5a032e319?s=96&d=mm&r=g","caption":"admin"},"sameAs":["https:\/\/www.organisator.ch"],"url":"https:\/\/www.organisator.ch\/de\/author\/admin\/"}]}},"_links":{"self":[{"href":"https:\/\/www.organisator.ch\/de\/wp-json\/wp\/v2\/posts\/346","targetHints":{"allow":["GET"]}}],"collection":[{"href":"https:\/\/www.organisator.ch\/de\/wp-json\/wp\/v2\/posts"}],"about":[{"href":"https:\/\/www.organisator.ch\/de\/wp-json\/wp\/v2\/types\/post"}],"author":[{"embeddable":true,"href":"https:\/\/www.organisator.ch\/de\/wp-json\/wp\/v2\/users\/1"}],"replies":[{"embeddable":true,"href":"https:\/\/www.organisator.ch\/de\/wp-json\/wp\/v2\/comments?post=346"}],"version-history":[{"count":0,"href":"https:\/\/www.organisator.ch\/de\/wp-json\/wp\/v2\/posts\/346\/revisions"}],"wp:featuredmedia":[{"embeddable":true,"href":"https:\/\/www.organisator.ch\/de\/wp-json\/wp\/v2\/media\/347"}],"wp:attachment":[{"href":"https:\/\/www.organisator.ch\/de\/wp-json\/wp\/v2\/media?parent=346"}],"wp:term":[{"taxonomy":"category","embeddable":true,"href":"https:\/\/www.organisator.ch\/de\/wp-json\/wp\/v2\/categories?post=346"},{"taxonomy":"post_tag","embeddable":true,"href":"https:\/\/www.organisator.ch\/de\/wp-json\/wp\/v2\/tags?post=346"}],"curies":[{"name":"wp","href":"https:\/\/api.w.org\/{rel}","templated":true}]}}