{"id":34617,"date":"2024-12-11T06:51:04","date_gmt":"2024-12-11T05:51:04","guid":{"rendered":"https:\/\/www.organisator.ch\/?p=34617"},"modified":"2024-12-10T15:51:46","modified_gmt":"2024-12-10T14:51:46","slug":"erste-antrittsvorlesung-der-fernuni-schweiz","status":"publish","type":"post","link":"https:\/\/www.organisator.ch\/de\/weiterbildung\/2024-12-11\/erste-antrittsvorlesung-der-fernuni-schweiz\/","title":{"rendered":"Erste Antrittsvorlesung der FernUni Schweiz"},"content":{"rendered":"<figure id=\"attachment_34618\" aria-describedby=\"caption-attachment-34618\" style=\"width: 680px\" class=\"wp-caption alignnone\"><img loading=\"lazy\" decoding=\"async\" class=\"size-full wp-image-34618\" src=\"https:\/\/www.organisator.ch\/wp-content\/uploads\/2024\/12\/Fernuni-Schweiz_Bild1_ps.jpg\" alt=\"\" width=\"680\" height=\"432\" srcset=\"https:\/\/www.organisator.ch\/wp-content\/uploads\/2024\/12\/Fernuni-Schweiz_Bild1_ps.jpg 680w, https:\/\/www.organisator.ch\/wp-content\/uploads\/2024\/12\/Fernuni-Schweiz_Bild1_ps-18x12.jpg 18w, https:\/\/www.organisator.ch\/wp-content\/uploads\/2024\/12\/Fernuni-Schweiz_Bild1_ps-375x238.jpg 375w, https:\/\/www.organisator.ch\/wp-content\/uploads\/2024\/12\/Fernuni-Schweiz_Bild1_ps-551x350.jpg 551w\" sizes=\"auto, (max-width: 680px) 100vw, 680px\" \/><figcaption id=\"caption-attachment-34618\" class=\"wp-caption-text\">David Loeffler, Professor f\u00fcr Mathematik an der FernUni Schweiz, er\u00f6ffnete die vom universit\u00e4ren Institut initiierte Reihe von Antrittsvorlesungen. (Bild: www.fernuni.ch)<\/figcaption><\/figure>\n<p>Eine Antrittsvorlesung erm\u00f6glicht neuen Mitgliedern eines Instituts, ihre wissenschaftlichen Arbeiten der akademischen Gemeinschaft und allen Interessierten vorzustellen. \u00abAls akkreditiertes universit\u00e4res Institut bietet die FernUni Schweiz flexible und ortsunabh\u00e4ngige Bachelor- und Master-Studieng\u00e4nge an. Im Rahmen unserer allgemeinen wissenschaftlichen Studieng\u00e4nge steht die Einheit von Forschung und Lehre im Zentrum. Die Antrittsvorlesungen bieten eine Gelegenheit, die akademische Arbeit und die wissenschaftliche Forschung unserer Professorinnen und Professoren in den Fokus zu stellen, die ihre Lehre im Alltag inspiriert. Bei jeder Antrittsvorlesung ist die Teilnahme sowohl vor Ort als auch online m\u00f6glich, um m\u00f6glichst viele Teilnehmende zu erreichen, denn die wissenschaftliche Gemeinschaft ist international\u00bb, erkl\u00e4rt Professor Nicolas Rothen, Rektor ad interim der FernUni Schweiz. Eine Antrittsvorlesung ist f\u00fcr alle neu berufenen Professorinnen und Professoren ab dem Herbstsemester 2024 vorgesehen.<\/p>\n<h3><strong>Mathematik er\u00f6ffnet Reihe von Antrittsvorlesungen<\/strong><\/h3>\n<p>David Loeffler, seit November 2023 ordentlicher Professor f\u00fcr Mathematik an der FernUni Schweiz, er\u00f6ffnete die vom universit\u00e4ren Institut initiierte Reihe von Antrittsvorlesungen. Vor einem Publikum von rund 110 Teilnehmenden auf dem Campus in Brig sowie online stellte der Professor das Erbe des Grossen Fermatschen Satzes vor und beleuchtete die Bedeutung dieses Theorems f\u00fcr die moderne Mathematik.<\/p>\n<p>\u00abIch habe mich entschieden, mich auf den Grossen Fermatschen Satz zu konzentrieren, da es sich dabei um eine Fragestellung handelt, die zwar ziemlich einfach zu formulieren ist, sich aber unglaublich schwer beantworten l\u00e4sst. Die Bem\u00fchungen von Generationen von Mathematikerinnen und Mathematikern dieses eine Problem zu l\u00f6sen, haben entscheidend zur Entwicklung der modernen Mathematik beigetragen. Obwohl der Satz heute bewiesen ist, bleiben die dabei entwickelten Ideen zentral f\u00fcr die aktuelle Forschung und spielen eine wichtige Rolle bei den neuesten Entdeckungen meiner Forschungsgruppe\u00bb, erkl\u00e4rt David Loeffler.<\/p>\n<p>Der geb\u00fcrtige Engl\u00e4nder verf\u00fcgt \u00fcber umfangreiche Erfahrung im Bereich Forschung und Lehre. Er ist auf Zahlentheorie, Darstellungstheorie und algebraische Geometrie spezialisiert und hat f\u00fcr seine Projekte zahlreiche F\u00f6rdermittel erhalten, darunter auch einen ERC Consolidator Grant. \u00abDie Antrittsvorlesung von Professor David Loeffler hat eindrucksvoll gezeigt, wie eng unsere Lehre und Forschung miteinander verkn\u00fcpft sind und wie wir diese einem internationalen Publikum n\u00e4herbringen. Wir freuen uns auf die spannenden Themen, die in den kommenden Antrittsvorlesungen vorgestellt werden\u00bb, so Rothen.<\/p>\n<h3><strong>Informationen der n\u00e4chsten Antrittsvorlesung:<\/strong><\/h3>\n<ul>\n<li>Donnerstag, 27. M\u00e4rz 2025, 17:15 bis 18:45 Uhr<\/li>\n<li>Ort: Campus Brig oder online<\/li>\n<li>Referentin: Sabine Pitteloud, Assistenzprofessorin f\u00fcr Zeitgeschichte an der FernUni Schweiz seit Dezember 2023<\/li>\n<li>Thema: Die Globalisierung im Fokus: F\u00fcr eine Geschichte der multinationalen Unternehmen als politische Akteure<\/li>\n<\/ul>\n<p><em>Quelle: <a href=\"http:\/\/www.fernuni.ch\">www.fernuni.ch<\/a><\/em><\/p>\n","protected":false},"excerpt":{"rendered":"<p>Am 5. Dezember fand die erste Antrittsvorlesung der FernUni Schweiz statt. Die \u00f6ffentlichen Antrittsvorlesungen bieten den neuen Professorinnen und Professoren der FernUni Schweiz die Gelegenheit, sich vorzustellen und ihre Forschungs- und Lehrt\u00e4tigkeiten der internationalen Wissenschaftsgemeinde, den Medien, den Lehrkr\u00e4ften, den Studierenden und allen Mitarbeitenden n\u00e4herzubringen.<\/p>\n","protected":false},"author":80,"featured_media":34618,"comment_status":"closed","ping_status":"closed","sticky":false,"template":"","format":"standard","meta":{"_acf_changed":false,"_yoast_wpseo_focuskw":"Antrittsvorlesungen","_yoast_wpseo_metadesc":"FernUni Schweiz startet Antrittsvorlesungen: David Loeffler beleuchtet den Grossen Fermatschen Satz und moderne Mathematik.","articlekey":"","footnotes":""},"categories":[30],"tags":[4101,218,4936,424,2404,533],"class_list":["post-34617","post","type-post","status-publish","format-standard","has-post-thumbnail","hentry","category-weiterbildung","tag-aus-und-weiterbildung","tag-forschung","tag-mathematik","tag-schweiz","tag-universitaet","tag-wissenschaft"],"acf":[],"yoast_head":"<!-- This site is optimized with the Yoast SEO plugin v27.4 - https:\/\/yoast.com\/product\/yoast-seo-wordpress\/ -->\n<title>Erste Antrittsvorlesung der FernUni Schweiz - Organisator<\/title>\n<meta name=\"description\" content=\"FernUni Schweiz startet Antrittsvorlesungen: David Loeffler beleuchtet den Grossen Fermatschen Satz und moderne Mathematik.\" \/>\n<meta name=\"robots\" content=\"index, follow, max-snippet:-1, max-image-preview:large, max-video-preview:-1\" \/>\n<link rel=\"canonical\" href=\"https:\/\/www.organisator.ch\/de\/weiterbildung\/2024-12-11\/erste-antrittsvorlesung-der-fernuni-schweiz\/\" \/>\n<meta property=\"og:locale\" content=\"de_DE\" \/>\n<meta property=\"og:type\" content=\"article\" \/>\n<meta property=\"og:title\" content=\"Erste Antrittsvorlesung der FernUni Schweiz\" \/>\n<meta property=\"og:description\" content=\"FernUni Schweiz startet Antrittsvorlesungen: David Loeffler beleuchtet den Grossen Fermatschen Satz und moderne Mathematik.\" \/>\n<meta property=\"og:url\" content=\"https:\/\/www.organisator.ch\/de\/weiterbildung\/2024-12-11\/erste-antrittsvorlesung-der-fernuni-schweiz\/\" \/>\n<meta property=\"og:site_name\" content=\"Organisator\" \/>\n<meta property=\"article:publisher\" content=\"https:\/\/www.facebook.com\/OrganisatorFachmagazin\" \/>\n<meta property=\"article:published_time\" content=\"2024-12-11T05:51:04+00:00\" \/>\n<meta property=\"og:image\" content=\"https:\/\/www.organisator.ch\/wp-content\/uploads\/2024\/12\/Fernuni-Schweiz_Bild1_ps.jpg\" \/>\n\t<meta property=\"og:image:width\" content=\"680\" \/>\n\t<meta property=\"og:image:height\" content=\"432\" \/>\n\t<meta property=\"og:image:type\" content=\"image\/jpeg\" \/>\n<meta name=\"author\" content=\"Dzana Muminovic\" \/>\n<meta name=\"twitter:card\" content=\"summary_large_image\" \/>\n<meta name=\"twitter:title\" content=\"Erste Antrittsvorlesung der FernUni Schweiz\" \/>\n<meta name=\"twitter:description\" content=\"#FernUni Schweiz startet #Antrittsvorlesungen: #David #Loeffler beleuchtet den #Grossen #Fermatschen Satz und moderne #Mathematik.\" \/>\n<meta name=\"twitter:image\" content=\"https:\/\/www.organisator.ch\/wp-content\/uploads\/2024\/12\/Fernuni-Schweiz_Bild1_ps.jpg\" \/>\n<script type=\"application\/ld+json\" class=\"yoast-schema-graph\">{\"@context\":\"https:\\\/\\\/schema.org\",\"@graph\":[{\"@type\":\"Article\",\"@id\":\"https:\\\/\\\/www.organisator.ch\\\/weiterbildung\\\/2024-12-11\\\/erste-antrittsvorlesung-der-fernuni-schweiz\\\/#article\",\"isPartOf\":{\"@id\":\"https:\\\/\\\/www.organisator.ch\\\/weiterbildung\\\/2024-12-11\\\/erste-antrittsvorlesung-der-fernuni-schweiz\\\/\"},\"author\":{\"name\":\"Dzana Muminovic\",\"@id\":\"https:\\\/\\\/www.organisator.ch\\\/#\\\/schema\\\/person\\\/afccda3a71c06d4be2ed9100dd163db7\"},\"headline\":\"Erste Antrittsvorlesung der FernUni Schweiz\",\"datePublished\":\"2024-12-11T05:51:04+00:00\",\"mainEntityOfPage\":{\"@id\":\"https:\\\/\\\/www.organisator.ch\\\/weiterbildung\\\/2024-12-11\\\/erste-antrittsvorlesung-der-fernuni-schweiz\\\/\"},\"wordCount\":453,\"publisher\":{\"@id\":\"https:\\\/\\\/www.organisator.ch\\\/#organization\"},\"image\":{\"@id\":\"https:\\\/\\\/www.organisator.ch\\\/weiterbildung\\\/2024-12-11\\\/erste-antrittsvorlesung-der-fernuni-schweiz\\\/#primaryimage\"},\"thumbnailUrl\":\"https:\\\/\\\/www.organisator.ch\\\/wp-content\\\/uploads\\\/2024\\\/12\\\/Fernuni-Schweiz_Bild1_ps.jpg\",\"keywords\":[\"Aus- und Weiterbildung\",\"Forschung\",\"Mathematik\",\"Schweiz\",\"Universit\u00e4t\",\"Wissenschaft\"],\"articleSection\":[\"WEITERBILDUNG\"],\"inLanguage\":\"de\"},{\"@type\":\"WebPage\",\"@id\":\"https:\\\/\\\/www.organisator.ch\\\/weiterbildung\\\/2024-12-11\\\/erste-antrittsvorlesung-der-fernuni-schweiz\\\/\",\"url\":\"https:\\\/\\\/www.organisator.ch\\\/weiterbildung\\\/2024-12-11\\\/erste-antrittsvorlesung-der-fernuni-schweiz\\\/\",\"name\":\"Erste Antrittsvorlesung der FernUni Schweiz - Organisator\",\"isPartOf\":{\"@id\":\"https:\\\/\\\/www.organisator.ch\\\/#website\"},\"primaryImageOfPage\":{\"@id\":\"https:\\\/\\\/www.organisator.ch\\\/weiterbildung\\\/2024-12-11\\\/erste-antrittsvorlesung-der-fernuni-schweiz\\\/#primaryimage\"},\"image\":{\"@id\":\"https:\\\/\\\/www.organisator.ch\\\/weiterbildung\\\/2024-12-11\\\/erste-antrittsvorlesung-der-fernuni-schweiz\\\/#primaryimage\"},\"thumbnailUrl\":\"https:\\\/\\\/www.organisator.ch\\\/wp-content\\\/uploads\\\/2024\\\/12\\\/Fernuni-Schweiz_Bild1_ps.jpg\",\"datePublished\":\"2024-12-11T05:51:04+00:00\",\"description\":\"FernUni Schweiz startet Antrittsvorlesungen: David Loeffler beleuchtet den Grossen Fermatschen Satz und moderne Mathematik.\",\"breadcrumb\":{\"@id\":\"https:\\\/\\\/www.organisator.ch\\\/weiterbildung\\\/2024-12-11\\\/erste-antrittsvorlesung-der-fernuni-schweiz\\\/#breadcrumb\"},\"inLanguage\":\"de\",\"potentialAction\":[{\"@type\":\"ReadAction\",\"target\":[\"https:\\\/\\\/www.organisator.ch\\\/weiterbildung\\\/2024-12-11\\\/erste-antrittsvorlesung-der-fernuni-schweiz\\\/\"]}]},{\"@type\":\"ImageObject\",\"inLanguage\":\"de\",\"@id\":\"https:\\\/\\\/www.organisator.ch\\\/weiterbildung\\\/2024-12-11\\\/erste-antrittsvorlesung-der-fernuni-schweiz\\\/#primaryimage\",\"url\":\"https:\\\/\\\/www.organisator.ch\\\/wp-content\\\/uploads\\\/2024\\\/12\\\/Fernuni-Schweiz_Bild1_ps.jpg\",\"contentUrl\":\"https:\\\/\\\/www.organisator.ch\\\/wp-content\\\/uploads\\\/2024\\\/12\\\/Fernuni-Schweiz_Bild1_ps.jpg\",\"width\":680,\"height\":432,\"caption\":\"David Loeffler, Professor f\u00fcr Mathematik an der FernUni Schweiz, er\u00f6ffnete die vom universit\u00e4ren Institut initiierte Reihe von Antrittsvorlesungen. (Bild: www.fernuni.ch)\"},{\"@type\":\"BreadcrumbList\",\"@id\":\"https:\\\/\\\/www.organisator.ch\\\/weiterbildung\\\/2024-12-11\\\/erste-antrittsvorlesung-der-fernuni-schweiz\\\/#breadcrumb\",\"itemListElement\":[{\"@type\":\"ListItem\",\"position\":1,\"name\":\"Home\",\"item\":\"https:\\\/\\\/www.organisator.ch\\\/\"},{\"@type\":\"ListItem\",\"position\":2,\"name\":\"Erste Antrittsvorlesung der FernUni Schweiz\"}]},{\"@type\":\"WebSite\",\"@id\":\"https:\\\/\\\/www.organisator.ch\\\/#website\",\"url\":\"https:\\\/\\\/www.organisator.ch\\\/\",\"name\":\"Organisator\",\"description\":\"Kompetent. Praxisnah. Der ORGANISATOR bereitet in 10 Ausgaben pro Jahr die wesentlichen Themen f\u00fcr F\u00fchrungskr\u00e4fte von KMU auf.\",\"publisher\":{\"@id\":\"https:\\\/\\\/www.organisator.ch\\\/#organization\"},\"potentialAction\":[{\"@type\":\"SearchAction\",\"target\":{\"@type\":\"EntryPoint\",\"urlTemplate\":\"https:\\\/\\\/www.organisator.ch\\\/?s={search_term_string}\"},\"query-input\":{\"@type\":\"PropertyValueSpecification\",\"valueRequired\":true,\"valueName\":\"search_term_string\"}}],\"inLanguage\":\"de\"},{\"@type\":\"Organization\",\"@id\":\"https:\\\/\\\/www.organisator.ch\\\/#organization\",\"name\":\"Organisator\",\"url\":\"https:\\\/\\\/www.organisator.ch\\\/\",\"logo\":{\"@type\":\"ImageObject\",\"inLanguage\":\"de\",\"@id\":\"https:\\\/\\\/www.organisator.ch\\\/#\\\/schema\\\/logo\\\/image\\\/\",\"url\":\"https:\\\/\\\/www.organisator.ch\\\/wp-content\\\/uploads\\\/2022\\\/01\\\/Logo_Organisator_Website.png\",\"contentUrl\":\"https:\\\/\\\/www.organisator.ch\\\/wp-content\\\/uploads\\\/2022\\\/01\\\/Logo_Organisator_Website.png\",\"width\":800,\"height\":77,\"caption\":\"Organisator\"},\"image\":{\"@id\":\"https:\\\/\\\/www.organisator.ch\\\/#\\\/schema\\\/logo\\\/image\\\/\"},\"sameAs\":[\"https:\\\/\\\/www.facebook.com\\\/OrganisatorFachmagazin\",\"https:\\\/\\\/www.linkedin.com\\\/showcase\\\/organisator-das-magazin-fr-kmu\",\"https:\\\/\\\/www.xing.com\\\/news\\\/pages\\\/organisator-ch-695\",\"https:\\\/\\\/www.youtube.com\\\/channel\\\/UCGP2Sq0iWaZwT3BdIAQFYpw\"]},{\"@type\":\"Person\",\"@id\":\"https:\\\/\\\/www.organisator.ch\\\/#\\\/schema\\\/person\\\/afccda3a71c06d4be2ed9100dd163db7\",\"name\":\"Dzana Muminovic\",\"image\":{\"@type\":\"ImageObject\",\"inLanguage\":\"de\",\"@id\":\"https:\\\/\\\/secure.gravatar.com\\\/avatar\\\/909c5c71aff4b38e88686f2ab2f1ba152571f394f41ed8bae431ea56ced93050?s=96&d=mm&r=g\",\"url\":\"https:\\\/\\\/secure.gravatar.com\\\/avatar\\\/909c5c71aff4b38e88686f2ab2f1ba152571f394f41ed8bae431ea56ced93050?s=96&d=mm&r=g\",\"contentUrl\":\"https:\\\/\\\/secure.gravatar.com\\\/avatar\\\/909c5c71aff4b38e88686f2ab2f1ba152571f394f41ed8bae431ea56ced93050?s=96&d=mm&r=g\",\"caption\":\"Dzana Muminovic\"},\"url\":\"https:\\\/\\\/www.organisator.ch\\\/de\\\/author\\\/dzana-muminovic\\\/\"}]}<\/script>\n<!-- \/ Yoast SEO plugin. -->","yoast_head_json":{"title":"Erste Antrittsvorlesung der FernUni Schweiz - Organisator","description":"FernUni Schweiz startet Antrittsvorlesungen: David Loeffler beleuchtet den Grossen Fermatschen Satz und moderne Mathematik.","robots":{"index":"index","follow":"follow","max-snippet":"max-snippet:-1","max-image-preview":"max-image-preview:large","max-video-preview":"max-video-preview:-1"},"canonical":"https:\/\/www.organisator.ch\/de\/weiterbildung\/2024-12-11\/erste-antrittsvorlesung-der-fernuni-schweiz\/","og_locale":"de_DE","og_type":"article","og_title":"Erste Antrittsvorlesung der FernUni Schweiz","og_description":"FernUni Schweiz startet Antrittsvorlesungen: David Loeffler beleuchtet den Grossen Fermatschen Satz und moderne Mathematik.","og_url":"https:\/\/www.organisator.ch\/de\/weiterbildung\/2024-12-11\/erste-antrittsvorlesung-der-fernuni-schweiz\/","og_site_name":"Organisator","article_publisher":"https:\/\/www.facebook.com\/OrganisatorFachmagazin","article_published_time":"2024-12-11T05:51:04+00:00","og_image":[{"width":680,"height":432,"url":"https:\/\/www.organisator.ch\/wp-content\/uploads\/2024\/12\/Fernuni-Schweiz_Bild1_ps.jpg","type":"image\/jpeg"}],"author":"Dzana Muminovic","twitter_card":"summary_large_image","twitter_title":"Erste Antrittsvorlesung der FernUni Schweiz","twitter_description":"#FernUni Schweiz startet #Antrittsvorlesungen: #David #Loeffler beleuchtet den #Grossen #Fermatschen Satz und moderne #Mathematik.","twitter_image":"https:\/\/www.organisator.ch\/wp-content\/uploads\/2024\/12\/Fernuni-Schweiz_Bild1_ps.jpg","schema":{"@context":"https:\/\/schema.org","@graph":[{"@type":"Article","@id":"https:\/\/www.organisator.ch\/weiterbildung\/2024-12-11\/erste-antrittsvorlesung-der-fernuni-schweiz\/#article","isPartOf":{"@id":"https:\/\/www.organisator.ch\/weiterbildung\/2024-12-11\/erste-antrittsvorlesung-der-fernuni-schweiz\/"},"author":{"name":"Dzana Muminovic","@id":"https:\/\/www.organisator.ch\/#\/schema\/person\/afccda3a71c06d4be2ed9100dd163db7"},"headline":"Erste Antrittsvorlesung der FernUni Schweiz","datePublished":"2024-12-11T05:51:04+00:00","mainEntityOfPage":{"@id":"https:\/\/www.organisator.ch\/weiterbildung\/2024-12-11\/erste-antrittsvorlesung-der-fernuni-schweiz\/"},"wordCount":453,"publisher":{"@id":"https:\/\/www.organisator.ch\/#organization"},"image":{"@id":"https:\/\/www.organisator.ch\/weiterbildung\/2024-12-11\/erste-antrittsvorlesung-der-fernuni-schweiz\/#primaryimage"},"thumbnailUrl":"https:\/\/www.organisator.ch\/wp-content\/uploads\/2024\/12\/Fernuni-Schweiz_Bild1_ps.jpg","keywords":["Aus- und Weiterbildung","Forschung","Mathematik","Schweiz","Universit\u00e4t","Wissenschaft"],"articleSection":["WEITERBILDUNG"],"inLanguage":"de"},{"@type":"WebPage","@id":"https:\/\/www.organisator.ch\/weiterbildung\/2024-12-11\/erste-antrittsvorlesung-der-fernuni-schweiz\/","url":"https:\/\/www.organisator.ch\/weiterbildung\/2024-12-11\/erste-antrittsvorlesung-der-fernuni-schweiz\/","name":"Erste Antrittsvorlesung der FernUni Schweiz - Organisator","isPartOf":{"@id":"https:\/\/www.organisator.ch\/#website"},"primaryImageOfPage":{"@id":"https:\/\/www.organisator.ch\/weiterbildung\/2024-12-11\/erste-antrittsvorlesung-der-fernuni-schweiz\/#primaryimage"},"image":{"@id":"https:\/\/www.organisator.ch\/weiterbildung\/2024-12-11\/erste-antrittsvorlesung-der-fernuni-schweiz\/#primaryimage"},"thumbnailUrl":"https:\/\/www.organisator.ch\/wp-content\/uploads\/2024\/12\/Fernuni-Schweiz_Bild1_ps.jpg","datePublished":"2024-12-11T05:51:04+00:00","description":"FernUni Schweiz startet Antrittsvorlesungen: David Loeffler beleuchtet den Grossen Fermatschen Satz und moderne Mathematik.","breadcrumb":{"@id":"https:\/\/www.organisator.ch\/weiterbildung\/2024-12-11\/erste-antrittsvorlesung-der-fernuni-schweiz\/#breadcrumb"},"inLanguage":"de","potentialAction":[{"@type":"ReadAction","target":["https:\/\/www.organisator.ch\/weiterbildung\/2024-12-11\/erste-antrittsvorlesung-der-fernuni-schweiz\/"]}]},{"@type":"ImageObject","inLanguage":"de","@id":"https:\/\/www.organisator.ch\/weiterbildung\/2024-12-11\/erste-antrittsvorlesung-der-fernuni-schweiz\/#primaryimage","url":"https:\/\/www.organisator.ch\/wp-content\/uploads\/2024\/12\/Fernuni-Schweiz_Bild1_ps.jpg","contentUrl":"https:\/\/www.organisator.ch\/wp-content\/uploads\/2024\/12\/Fernuni-Schweiz_Bild1_ps.jpg","width":680,"height":432,"caption":"David Loeffler, Professor f\u00fcr Mathematik an der FernUni Schweiz, er\u00f6ffnete die vom universit\u00e4ren Institut initiierte Reihe von Antrittsvorlesungen. (Bild: www.fernuni.ch)"},{"@type":"BreadcrumbList","@id":"https:\/\/www.organisator.ch\/weiterbildung\/2024-12-11\/erste-antrittsvorlesung-der-fernuni-schweiz\/#breadcrumb","itemListElement":[{"@type":"ListItem","position":1,"name":"Home","item":"https:\/\/www.organisator.ch\/"},{"@type":"ListItem","position":2,"name":"Erste Antrittsvorlesung der FernUni Schweiz"}]},{"@type":"WebSite","@id":"https:\/\/www.organisator.ch\/#website","url":"https:\/\/www.organisator.ch\/","name":"Organisator","description":"Kompetent. Praxisnah. Der ORGANISATOR bereitet in 10 Ausgaben pro Jahr die wesentlichen Themen f\u00fcr F\u00fchrungskr\u00e4fte von KMU auf.","publisher":{"@id":"https:\/\/www.organisator.ch\/#organization"},"potentialAction":[{"@type":"SearchAction","target":{"@type":"EntryPoint","urlTemplate":"https:\/\/www.organisator.ch\/?s={search_term_string}"},"query-input":{"@type":"PropertyValueSpecification","valueRequired":true,"valueName":"search_term_string"}}],"inLanguage":"de"},{"@type":"Organization","@id":"https:\/\/www.organisator.ch\/#organization","name":"Organisator","url":"https:\/\/www.organisator.ch\/","logo":{"@type":"ImageObject","inLanguage":"de","@id":"https:\/\/www.organisator.ch\/#\/schema\/logo\/image\/","url":"https:\/\/www.organisator.ch\/wp-content\/uploads\/2022\/01\/Logo_Organisator_Website.png","contentUrl":"https:\/\/www.organisator.ch\/wp-content\/uploads\/2022\/01\/Logo_Organisator_Website.png","width":800,"height":77,"caption":"Organisator"},"image":{"@id":"https:\/\/www.organisator.ch\/#\/schema\/logo\/image\/"},"sameAs":["https:\/\/www.facebook.com\/OrganisatorFachmagazin","https:\/\/www.linkedin.com\/showcase\/organisator-das-magazin-fr-kmu","https:\/\/www.xing.com\/news\/pages\/organisator-ch-695","https:\/\/www.youtube.com\/channel\/UCGP2Sq0iWaZwT3BdIAQFYpw"]},{"@type":"Person","@id":"https:\/\/www.organisator.ch\/#\/schema\/person\/afccda3a71c06d4be2ed9100dd163db7","name":"Dzana Muminovic","image":{"@type":"ImageObject","inLanguage":"de","@id":"https:\/\/secure.gravatar.com\/avatar\/909c5c71aff4b38e88686f2ab2f1ba152571f394f41ed8bae431ea56ced93050?s=96&d=mm&r=g","url":"https:\/\/secure.gravatar.com\/avatar\/909c5c71aff4b38e88686f2ab2f1ba152571f394f41ed8bae431ea56ced93050?s=96&d=mm&r=g","contentUrl":"https:\/\/secure.gravatar.com\/avatar\/909c5c71aff4b38e88686f2ab2f1ba152571f394f41ed8bae431ea56ced93050?s=96&d=mm&r=g","caption":"Dzana Muminovic"},"url":"https:\/\/www.organisator.ch\/de\/author\/dzana-muminovic\/"}]}},"_links":{"self":[{"href":"https:\/\/www.organisator.ch\/de\/wp-json\/wp\/v2\/posts\/34617","targetHints":{"allow":["GET"]}}],"collection":[{"href":"https:\/\/www.organisator.ch\/de\/wp-json\/wp\/v2\/posts"}],"about":[{"href":"https:\/\/www.organisator.ch\/de\/wp-json\/wp\/v2\/types\/post"}],"author":[{"embeddable":true,"href":"https:\/\/www.organisator.ch\/de\/wp-json\/wp\/v2\/users\/80"}],"replies":[{"embeddable":true,"href":"https:\/\/www.organisator.ch\/de\/wp-json\/wp\/v2\/comments?post=34617"}],"version-history":[{"count":3,"href":"https:\/\/www.organisator.ch\/de\/wp-json\/wp\/v2\/posts\/34617\/revisions"}],"predecessor-version":[{"id":34698,"href":"https:\/\/www.organisator.ch\/de\/wp-json\/wp\/v2\/posts\/34617\/revisions\/34698"}],"wp:featuredmedia":[{"embeddable":true,"href":"https:\/\/www.organisator.ch\/de\/wp-json\/wp\/v2\/media\/34618"}],"wp:attachment":[{"href":"https:\/\/www.organisator.ch\/de\/wp-json\/wp\/v2\/media?parent=34617"}],"wp:term":[{"taxonomy":"category","embeddable":true,"href":"https:\/\/www.organisator.ch\/de\/wp-json\/wp\/v2\/categories?post=34617"},{"taxonomy":"post_tag","embeddable":true,"href":"https:\/\/www.organisator.ch\/de\/wp-json\/wp\/v2\/tags?post=34617"}],"curies":[{"name":"wp","href":"https:\/\/api.w.org\/{rel}","templated":true}]}}