{"id":34620,"date":"2024-12-10T10:48:56","date_gmt":"2024-12-10T09:48:56","guid":{"rendered":"https:\/\/www.markt-kom.com\/?p=228015"},"modified":"2024-12-11T07:23:55","modified_gmt":"2024-12-11T06:23:55","slug":"tx-group-streicht-den-job-der-kommunikationschefin","status":"publish","type":"post","link":"https:\/\/www.organisator.ch\/de\/marketing\/2024-12-10\/tx-group-streicht-den-job-der-kommunikationschefin\/","title":{"rendered":"TX Group streicht den Job der Kommunikationschefin"},"content":{"rendered":"<figure id=\"attachment_126881\" class=\"wp-caption aligncenter\" style=\"width: 1200px;\" aria-describedby=\"caption-attachment-126881\"><a href=\"https:\/\/www.markt-kom.com\/wp-content\/uploads\/2021\/02\/2021-01\/Noetzli_Ursula.jpg\"><img class=\"wp-image-126881 size-full\" src=\"https:\/\/www.markt-kom.com\/wp-content\/uploads\/2021\/02\/2021-01\/Noetzli_Ursula.jpg\" alt=\"TX Group\" width=\"1200\" height=\"918\" \/><\/a>\r\n<figcaption id=\"caption-attachment-126881\" class=\"wp-caption-text\">(Archivbild)<\/figcaption>\r\n<\/figure>\r\n<p>N\u00f6tzli verlasse die TX Group auf eigenen Wunsch f\u00fcr eine neue berufliche Herausforderung, hiess es in einer Mitteilung vom Dienstag. Seit Anfang 2021 verantwortete sie demnach als \u00abChief Communications &amp; Sustainability Officer\u00bb die Bereiche Unternehmenskommunikation, Investor Relations, Public Affairs sowie die Nachhaltigkeit <em><a href=\"https:\/\/www.markt-kom.com\/de\/work-life\/jobchange\/ursula-notzli-ist-neue-leiterin-kommunikation-bei-der-tx-group\/\">(Markt-kom.com berichtete)<\/a><\/em>.<\/p>\r\n<p>Mit dem Ausscheiden von N\u00f6tzli soll nun die Kommunikation der TX Group neu aufgestellt werden. Ab Januar 2025 werde die Verantwortung dezentral bei den CEOs der einzelnen Unternehmen der Gruppe liegen. Dies erlaube eine flexiblere, effizientere Kommunikation, hiess es.<\/p>\r\n<p>Noch bis Ende April 2025 werde N\u00f6tzli indes die Bereiche Investor Relations, die Finanzkommunikation sowie die Kommunikation des Verlegers und Verwaltungsratspr\u00e4sidenten betreuen. <em>(SDA)<\/em><\/p>","protected":false},"excerpt":{"rendered":"<p>TX-Kommunikationschefin Ursula N\u00f6tzli verl\u00e4sst den Schweizer Medienkonzern. Nach ihrem Abgang wird der Posten in der Konzernleitung nicht ersetzt.<\/p>\n","protected":false},"author":8,"featured_media":0,"comment_status":"closed","ping_status":"closed","sticky":false,"template":"","format":"standard","meta":{"_acf_changed":false,"_yoast_wpseo_focuskw":"Ursula N\u00f6tzli verl\u00e4sst TX Group","_yoast_wpseo_metadesc":"Ursula N\u00f6tzli verl\u00e4sst die TX Group. Ab 2025 wird die Konzernkommunikation dezentral organisiert, um flexibler und effizienter zu agieren.","articlekey":"","footnotes":""},"categories":[29],"tags":[2853,4343,2830],"class_list":["post-34620","post","type-post","status-publish","format-standard","hentry","category-marketing","tag-jobchange","tag-markom","tag-tx-group"],"acf":[],"yoast_head":"<!-- This site is optimized with the Yoast SEO plugin v27.5 - https:\/\/yoast.com\/product\/yoast-seo-wordpress\/ -->\n<title>TX Group streicht den Job der Kommunikationschefin - Organisator<\/title>\n<meta name=\"description\" content=\"Ursula N\u00f6tzli verl\u00e4sst die TX Group. Ab 2025 wird die Konzernkommunikation dezentral organisiert, um flexibler und effizienter zu agieren.\" \/>\n<meta name=\"robots\" content=\"index, follow, max-snippet:-1, max-image-preview:large, max-video-preview:-1\" \/>\n<link rel=\"canonical\" href=\"https:\/\/www.organisator.ch\/de\/marketing\/2024-12-10\/tx-group-streicht-den-job-der-kommunikationschefin\/\" \/>\n<meta property=\"og:locale\" content=\"de_DE\" \/>\n<meta property=\"og:type\" content=\"article\" \/>\n<meta property=\"og:title\" content=\"TX Group streicht den Job der Kommunikationschefin - Organisator\" \/>\n<meta property=\"og:description\" content=\"Ursula N\u00f6tzli verl\u00e4sst die TX Group. Ab 2025 wird die Konzernkommunikation dezentral organisiert, um flexibler und effizienter zu agieren.\" \/>\n<meta property=\"og:url\" content=\"https:\/\/www.organisator.ch\/de\/marketing\/2024-12-10\/tx-group-streicht-den-job-der-kommunikationschefin\/\" \/>\n<meta property=\"og:site_name\" content=\"Organisator\" \/>\n<meta property=\"article:publisher\" content=\"https:\/\/www.facebook.com\/OrganisatorFachmagazin\" \/>\n<meta property=\"article:published_time\" content=\"2024-12-10T09:48:56+00:00\" \/>\n<meta property=\"article:modified_time\" content=\"2024-12-11T06:23:55+00:00\" \/>\n<meta name=\"author\" content=\"galledia\" \/>\n<meta name=\"twitter:card\" content=\"summary_large_image\" \/>\n<meta name=\"twitter:creator\" content=\"@admin\" \/>\n<script type=\"application\/ld+json\" class=\"yoast-schema-graph\">{\"@context\":\"https:\\\/\\\/schema.org\",\"@graph\":[{\"@type\":\"Article\",\"@id\":\"https:\\\/\\\/www.organisator.ch\\\/marketing\\\/2024-12-10\\\/tx-group-streicht-den-job-der-kommunikationschefin\\\/#article\",\"isPartOf\":{\"@id\":\"https:\\\/\\\/www.organisator.ch\\\/marketing\\\/2024-12-10\\\/tx-group-streicht-den-job-der-kommunikationschefin\\\/\"},\"author\":{\"name\":\"galledia\",\"@id\":\"https:\\\/\\\/www.organisator.ch\\\/#\\\/schema\\\/person\\\/4e51799071cd2dd1232ac003643ef5f0\"},\"headline\":\"TX Group streicht den Job der Kommunikationschefin\",\"datePublished\":\"2024-12-10T09:48:56+00:00\",\"dateModified\":\"2024-12-11T06:23:55+00:00\",\"mainEntityOfPage\":{\"@id\":\"https:\\\/\\\/www.organisator.ch\\\/marketing\\\/2024-12-10\\\/tx-group-streicht-den-job-der-kommunikationschefin\\\/\"},\"wordCount\":117,\"publisher\":{\"@id\":\"https:\\\/\\\/www.organisator.ch\\\/#organization\"},\"image\":{\"@id\":\"https:\\\/\\\/www.organisator.ch\\\/marketing\\\/2024-12-10\\\/tx-group-streicht-den-job-der-kommunikationschefin\\\/#primaryimage\"},\"thumbnailUrl\":\"https:\\\/\\\/www.markt-kom.com\\\/wp-content\\\/uploads\\\/2021\\\/02\\\/2021-01\\\/Noetzli_Ursula.jpg\",\"keywords\":[\"Jobchange\",\"MarKom\",\"TX Group\"],\"articleSection\":[\"MARKETING\"],\"inLanguage\":\"de\"},{\"@type\":\"WebPage\",\"@id\":\"https:\\\/\\\/www.organisator.ch\\\/marketing\\\/2024-12-10\\\/tx-group-streicht-den-job-der-kommunikationschefin\\\/\",\"url\":\"https:\\\/\\\/www.organisator.ch\\\/marketing\\\/2024-12-10\\\/tx-group-streicht-den-job-der-kommunikationschefin\\\/\",\"name\":\"TX Group streicht den Job der Kommunikationschefin - Organisator\",\"isPartOf\":{\"@id\":\"https:\\\/\\\/www.organisator.ch\\\/#website\"},\"primaryImageOfPage\":{\"@id\":\"https:\\\/\\\/www.organisator.ch\\\/marketing\\\/2024-12-10\\\/tx-group-streicht-den-job-der-kommunikationschefin\\\/#primaryimage\"},\"image\":{\"@id\":\"https:\\\/\\\/www.organisator.ch\\\/marketing\\\/2024-12-10\\\/tx-group-streicht-den-job-der-kommunikationschefin\\\/#primaryimage\"},\"thumbnailUrl\":\"https:\\\/\\\/www.markt-kom.com\\\/wp-content\\\/uploads\\\/2021\\\/02\\\/2021-01\\\/Noetzli_Ursula.jpg\",\"datePublished\":\"2024-12-10T09:48:56+00:00\",\"dateModified\":\"2024-12-11T06:23:55+00:00\",\"description\":\"Ursula N\u00f6tzli verl\u00e4sst die TX Group. Ab 2025 wird die Konzernkommunikation dezentral organisiert, um flexibler und effizienter zu agieren.\",\"breadcrumb\":{\"@id\":\"https:\\\/\\\/www.organisator.ch\\\/marketing\\\/2024-12-10\\\/tx-group-streicht-den-job-der-kommunikationschefin\\\/#breadcrumb\"},\"inLanguage\":\"de\",\"potentialAction\":[{\"@type\":\"ReadAction\",\"target\":[\"https:\\\/\\\/www.organisator.ch\\\/marketing\\\/2024-12-10\\\/tx-group-streicht-den-job-der-kommunikationschefin\\\/\"]}]},{\"@type\":\"ImageObject\",\"inLanguage\":\"de\",\"@id\":\"https:\\\/\\\/www.organisator.ch\\\/marketing\\\/2024-12-10\\\/tx-group-streicht-den-job-der-kommunikationschefin\\\/#primaryimage\",\"url\":\"https:\\\/\\\/www.markt-kom.com\\\/wp-content\\\/uploads\\\/2021\\\/02\\\/2021-01\\\/Noetzli_Ursula.jpg\",\"contentUrl\":\"https:\\\/\\\/www.markt-kom.com\\\/wp-content\\\/uploads\\\/2021\\\/02\\\/2021-01\\\/Noetzli_Ursula.jpg\"},{\"@type\":\"BreadcrumbList\",\"@id\":\"https:\\\/\\\/www.organisator.ch\\\/marketing\\\/2024-12-10\\\/tx-group-streicht-den-job-der-kommunikationschefin\\\/#breadcrumb\",\"itemListElement\":[{\"@type\":\"ListItem\",\"position\":1,\"name\":\"Home\",\"item\":\"https:\\\/\\\/www.organisator.ch\\\/\"},{\"@type\":\"ListItem\",\"position\":2,\"name\":\"TX Group streicht den Job der Kommunikationschefin\"}]},{\"@type\":\"WebSite\",\"@id\":\"https:\\\/\\\/www.organisator.ch\\\/#website\",\"url\":\"https:\\\/\\\/www.organisator.ch\\\/\",\"name\":\"Organisator\",\"description\":\"Kompetent. Praxisnah. Der ORGANISATOR bereitet in 10 Ausgaben pro Jahr die wesentlichen Themen f\u00fcr F\u00fchrungskr\u00e4fte von KMU auf.\",\"publisher\":{\"@id\":\"https:\\\/\\\/www.organisator.ch\\\/#organization\"},\"potentialAction\":[{\"@type\":\"SearchAction\",\"target\":{\"@type\":\"EntryPoint\",\"urlTemplate\":\"https:\\\/\\\/www.organisator.ch\\\/?s={search_term_string}\"},\"query-input\":{\"@type\":\"PropertyValueSpecification\",\"valueRequired\":true,\"valueName\":\"search_term_string\"}}],\"inLanguage\":\"de\"},{\"@type\":\"Organization\",\"@id\":\"https:\\\/\\\/www.organisator.ch\\\/#organization\",\"name\":\"Organisator\",\"url\":\"https:\\\/\\\/www.organisator.ch\\\/\",\"logo\":{\"@type\":\"ImageObject\",\"inLanguage\":\"de\",\"@id\":\"https:\\\/\\\/www.organisator.ch\\\/#\\\/schema\\\/logo\\\/image\\\/\",\"url\":\"https:\\\/\\\/www.organisator.ch\\\/wp-content\\\/uploads\\\/2022\\\/01\\\/Logo_Organisator_Website.png\",\"contentUrl\":\"https:\\\/\\\/www.organisator.ch\\\/wp-content\\\/uploads\\\/2022\\\/01\\\/Logo_Organisator_Website.png\",\"width\":800,\"height\":77,\"caption\":\"Organisator\"},\"image\":{\"@id\":\"https:\\\/\\\/www.organisator.ch\\\/#\\\/schema\\\/logo\\\/image\\\/\"},\"sameAs\":[\"https:\\\/\\\/www.facebook.com\\\/OrganisatorFachmagazin\",\"https:\\\/\\\/www.linkedin.com\\\/showcase\\\/organisator-das-magazin-fr-kmu\",\"https:\\\/\\\/www.xing.com\\\/news\\\/pages\\\/organisator-ch-695\",\"https:\\\/\\\/www.youtube.com\\\/channel\\\/UCGP2Sq0iWaZwT3BdIAQFYpw\"]},{\"@type\":\"Person\",\"@id\":\"https:\\\/\\\/www.organisator.ch\\\/#\\\/schema\\\/person\\\/4e51799071cd2dd1232ac003643ef5f0\",\"name\":\"galledia\",\"image\":{\"@type\":\"ImageObject\",\"inLanguage\":\"de\",\"@id\":\"https:\\\/\\\/secure.gravatar.com\\\/avatar\\\/78a7f90c01fc2bfc875782a0d4922b37cde2cf184ce347b91316d23cd7f69a36?s=96&d=mm&r=g\",\"url\":\"https:\\\/\\\/secure.gravatar.com\\\/avatar\\\/78a7f90c01fc2bfc875782a0d4922b37cde2cf184ce347b91316d23cd7f69a36?s=96&d=mm&r=g\",\"contentUrl\":\"https:\\\/\\\/secure.gravatar.com\\\/avatar\\\/78a7f90c01fc2bfc875782a0d4922b37cde2cf184ce347b91316d23cd7f69a36?s=96&d=mm&r=g\",\"caption\":\"galledia\"},\"sameAs\":[\"https:\\\/\\\/x.com\\\/admin\"],\"url\":\"https:\\\/\\\/www.organisator.ch\\\/de\\\/author\\\/galledia\\\/\"}]}<\/script>\n<!-- \/ Yoast SEO plugin. -->","yoast_head_json":{"title":"TX Group streicht den Job der Kommunikationschefin - Organisator","description":"Ursula N\u00f6tzli verl\u00e4sst die TX Group. Ab 2025 wird die Konzernkommunikation dezentral organisiert, um flexibler und effizienter zu agieren.","robots":{"index":"index","follow":"follow","max-snippet":"max-snippet:-1","max-image-preview":"max-image-preview:large","max-video-preview":"max-video-preview:-1"},"canonical":"https:\/\/www.organisator.ch\/de\/marketing\/2024-12-10\/tx-group-streicht-den-job-der-kommunikationschefin\/","og_locale":"de_DE","og_type":"article","og_title":"TX Group streicht den Job der Kommunikationschefin - Organisator","og_description":"Ursula N\u00f6tzli verl\u00e4sst die TX Group. Ab 2025 wird die Konzernkommunikation dezentral organisiert, um flexibler und effizienter zu agieren.","og_url":"https:\/\/www.organisator.ch\/de\/marketing\/2024-12-10\/tx-group-streicht-den-job-der-kommunikationschefin\/","og_site_name":"Organisator","article_publisher":"https:\/\/www.facebook.com\/OrganisatorFachmagazin","article_published_time":"2024-12-10T09:48:56+00:00","article_modified_time":"2024-12-11T06:23:55+00:00","author":"galledia","twitter_card":"summary_large_image","twitter_creator":"@admin","schema":{"@context":"https:\/\/schema.org","@graph":[{"@type":"Article","@id":"https:\/\/www.organisator.ch\/marketing\/2024-12-10\/tx-group-streicht-den-job-der-kommunikationschefin\/#article","isPartOf":{"@id":"https:\/\/www.organisator.ch\/marketing\/2024-12-10\/tx-group-streicht-den-job-der-kommunikationschefin\/"},"author":{"name":"galledia","@id":"https:\/\/www.organisator.ch\/#\/schema\/person\/4e51799071cd2dd1232ac003643ef5f0"},"headline":"TX Group streicht den Job der Kommunikationschefin","datePublished":"2024-12-10T09:48:56+00:00","dateModified":"2024-12-11T06:23:55+00:00","mainEntityOfPage":{"@id":"https:\/\/www.organisator.ch\/marketing\/2024-12-10\/tx-group-streicht-den-job-der-kommunikationschefin\/"},"wordCount":117,"publisher":{"@id":"https:\/\/www.organisator.ch\/#organization"},"image":{"@id":"https:\/\/www.organisator.ch\/marketing\/2024-12-10\/tx-group-streicht-den-job-der-kommunikationschefin\/#primaryimage"},"thumbnailUrl":"https:\/\/www.markt-kom.com\/wp-content\/uploads\/2021\/02\/2021-01\/Noetzli_Ursula.jpg","keywords":["Jobchange","MarKom","TX Group"],"articleSection":["MARKETING"],"inLanguage":"de"},{"@type":"WebPage","@id":"https:\/\/www.organisator.ch\/marketing\/2024-12-10\/tx-group-streicht-den-job-der-kommunikationschefin\/","url":"https:\/\/www.organisator.ch\/marketing\/2024-12-10\/tx-group-streicht-den-job-der-kommunikationschefin\/","name":"TX Group streicht den Job der Kommunikationschefin - Organisator","isPartOf":{"@id":"https:\/\/www.organisator.ch\/#website"},"primaryImageOfPage":{"@id":"https:\/\/www.organisator.ch\/marketing\/2024-12-10\/tx-group-streicht-den-job-der-kommunikationschefin\/#primaryimage"},"image":{"@id":"https:\/\/www.organisator.ch\/marketing\/2024-12-10\/tx-group-streicht-den-job-der-kommunikationschefin\/#primaryimage"},"thumbnailUrl":"https:\/\/www.markt-kom.com\/wp-content\/uploads\/2021\/02\/2021-01\/Noetzli_Ursula.jpg","datePublished":"2024-12-10T09:48:56+00:00","dateModified":"2024-12-11T06:23:55+00:00","description":"Ursula N\u00f6tzli verl\u00e4sst die TX Group. Ab 2025 wird die Konzernkommunikation dezentral organisiert, um flexibler und effizienter zu agieren.","breadcrumb":{"@id":"https:\/\/www.organisator.ch\/marketing\/2024-12-10\/tx-group-streicht-den-job-der-kommunikationschefin\/#breadcrumb"},"inLanguage":"de","potentialAction":[{"@type":"ReadAction","target":["https:\/\/www.organisator.ch\/marketing\/2024-12-10\/tx-group-streicht-den-job-der-kommunikationschefin\/"]}]},{"@type":"ImageObject","inLanguage":"de","@id":"https:\/\/www.organisator.ch\/marketing\/2024-12-10\/tx-group-streicht-den-job-der-kommunikationschefin\/#primaryimage","url":"https:\/\/www.markt-kom.com\/wp-content\/uploads\/2021\/02\/2021-01\/Noetzli_Ursula.jpg","contentUrl":"https:\/\/www.markt-kom.com\/wp-content\/uploads\/2021\/02\/2021-01\/Noetzli_Ursula.jpg"},{"@type":"BreadcrumbList","@id":"https:\/\/www.organisator.ch\/marketing\/2024-12-10\/tx-group-streicht-den-job-der-kommunikationschefin\/#breadcrumb","itemListElement":[{"@type":"ListItem","position":1,"name":"Home","item":"https:\/\/www.organisator.ch\/"},{"@type":"ListItem","position":2,"name":"TX Group streicht den Job der Kommunikationschefin"}]},{"@type":"WebSite","@id":"https:\/\/www.organisator.ch\/#website","url":"https:\/\/www.organisator.ch\/","name":"Organisator","description":"Kompetent. Praxisnah. Der ORGANISATOR bereitet in 10 Ausgaben pro Jahr die wesentlichen Themen f\u00fcr F\u00fchrungskr\u00e4fte von KMU auf.","publisher":{"@id":"https:\/\/www.organisator.ch\/#organization"},"potentialAction":[{"@type":"SearchAction","target":{"@type":"EntryPoint","urlTemplate":"https:\/\/www.organisator.ch\/?s={search_term_string}"},"query-input":{"@type":"PropertyValueSpecification","valueRequired":true,"valueName":"search_term_string"}}],"inLanguage":"de"},{"@type":"Organization","@id":"https:\/\/www.organisator.ch\/#organization","name":"Organisator","url":"https:\/\/www.organisator.ch\/","logo":{"@type":"ImageObject","inLanguage":"de","@id":"https:\/\/www.organisator.ch\/#\/schema\/logo\/image\/","url":"https:\/\/www.organisator.ch\/wp-content\/uploads\/2022\/01\/Logo_Organisator_Website.png","contentUrl":"https:\/\/www.organisator.ch\/wp-content\/uploads\/2022\/01\/Logo_Organisator_Website.png","width":800,"height":77,"caption":"Organisator"},"image":{"@id":"https:\/\/www.organisator.ch\/#\/schema\/logo\/image\/"},"sameAs":["https:\/\/www.facebook.com\/OrganisatorFachmagazin","https:\/\/www.linkedin.com\/showcase\/organisator-das-magazin-fr-kmu","https:\/\/www.xing.com\/news\/pages\/organisator-ch-695","https:\/\/www.youtube.com\/channel\/UCGP2Sq0iWaZwT3BdIAQFYpw"]},{"@type":"Person","@id":"https:\/\/www.organisator.ch\/#\/schema\/person\/4e51799071cd2dd1232ac003643ef5f0","name":"galledia","image":{"@type":"ImageObject","inLanguage":"de","@id":"https:\/\/secure.gravatar.com\/avatar\/78a7f90c01fc2bfc875782a0d4922b37cde2cf184ce347b91316d23cd7f69a36?s=96&d=mm&r=g","url":"https:\/\/secure.gravatar.com\/avatar\/78a7f90c01fc2bfc875782a0d4922b37cde2cf184ce347b91316d23cd7f69a36?s=96&d=mm&r=g","contentUrl":"https:\/\/secure.gravatar.com\/avatar\/78a7f90c01fc2bfc875782a0d4922b37cde2cf184ce347b91316d23cd7f69a36?s=96&d=mm&r=g","caption":"galledia"},"sameAs":["https:\/\/x.com\/admin"],"url":"https:\/\/www.organisator.ch\/de\/author\/galledia\/"}]}},"_links":{"self":[{"href":"https:\/\/www.organisator.ch\/de\/wp-json\/wp\/v2\/posts\/34620","targetHints":{"allow":["GET"]}}],"collection":[{"href":"https:\/\/www.organisator.ch\/de\/wp-json\/wp\/v2\/posts"}],"about":[{"href":"https:\/\/www.organisator.ch\/de\/wp-json\/wp\/v2\/types\/post"}],"author":[{"embeddable":true,"href":"https:\/\/www.organisator.ch\/de\/wp-json\/wp\/v2\/users\/8"}],"replies":[{"embeddable":true,"href":"https:\/\/www.organisator.ch\/de\/wp-json\/wp\/v2\/comments?post=34620"}],"version-history":[{"count":5,"href":"https:\/\/www.organisator.ch\/de\/wp-json\/wp\/v2\/posts\/34620\/revisions"}],"predecessor-version":[{"id":34643,"href":"https:\/\/www.organisator.ch\/de\/wp-json\/wp\/v2\/posts\/34620\/revisions\/34643"}],"wp:attachment":[{"href":"https:\/\/www.organisator.ch\/de\/wp-json\/wp\/v2\/media?parent=34620"}],"wp:term":[{"taxonomy":"category","embeddable":true,"href":"https:\/\/www.organisator.ch\/de\/wp-json\/wp\/v2\/categories?post=34620"},{"taxonomy":"post_tag","embeddable":true,"href":"https:\/\/www.organisator.ch\/de\/wp-json\/wp\/v2\/tags?post=34620"}],"curies":[{"name":"wp","href":"https:\/\/api.w.org\/{rel}","templated":true}]}}