{"id":3463,"date":"2020-11-10T14:43:00","date_gmt":"2020-11-10T13:43:00","guid":{"rendered":"https:\/\/www.umweltperspektiven.ch\/?p=3463"},"modified":"2022-02-09T11:09:55","modified_gmt":"2022-02-09T10:09:55","slug":"covid-und-die-psyche-wie-wichtig-ist-umweltpsychologie","status":"publish","type":"post","link":"https:\/\/www.organisator.ch\/de\/sustainability\/2020-11-10\/covid-und-die-psyche-wie-wichtig-ist-umweltpsychologie\/","title":{"rendered":"Covid und die Psyche \u2013 Wie wichtig ist Umweltpsychologie?"},"content":{"rendered":"<p>&nbsp;<\/p>\n<figure id=\"attachment_3464\" aria-describedby=\"caption-attachment-3464\" style=\"width: 680px\" class=\"wp-caption alignnone\"><img loading=\"lazy\" decoding=\"async\" class=\"wp-image-3464 size-medium\" src=\"\/\/www.umweltperspektiven.ch\/wp-content\/uploads\/2020\/11\/RISK_ISO_Covid_evgeni-tcherkasski.jpg\" alt=\"\" width=\"680\" height=\"445\" \/><figcaption id=\"caption-attachment-3464\" class=\"wp-caption-text\">Erkenntnisse aus der Umweltpsychologie k\u00f6nnten genutzt werden, um ein nachhaltiges Verhalten und schliesslich auch Wohlbefinden zu f\u00f6rdern. (Bild: Unsplash)<\/figcaption><\/figure>\n<p>Die Covid-19-Pandemie und die Massnahmen zu ihrer Eind\u00e4mmung wirken sich auch auf die psychische Gesundheit aus. Eine Umfrage unter 1300 Psychologinnen und Psychologen gibt Hinweise zu den Ausmassen. 46 Prozent der Befragten geben an, dass die Nachfrage nach psychologischer Therapie oder Beratung seit dem Sommer wegen der COVID-19 Pandemie und deren Folgen zugenommen hat.<\/p>\n<p>Die Psychologinnen und Psychologen sprechen von steigenden Existenz\u00e4ngsten. Die Schweiz zeigt Aufholbedarf. Nicht nur im Medikamentenbereich, sondern auch im Bereich der psychischen Gesundheit bestehen Versorgungsl\u00fccken. \u00abPatientinnen und Patienten m\u00fcssen bis zu sechs Monate auf eine ambulante Therapie warten\u00bb, sagt die engagierte Psychologin Yvik Adler. Adler alarmiert: \u00abWenn nun der Bedarf zus\u00e4tzlich steigt, k\u00f6nnen die Folgen verheerend sein.\u00bb (Quelle:\u00a0<a href=\"\/\/www.psychologie.ch\">psychologie.ch<\/a>)<\/p>\n<p>Maya Mathias, Pr\u00e4sidentin des Vereins Initiative Psychologie im Umweltschutz (IPU), sieht daf\u00fcr in der Umweltpsychologie eine grosse Chance f\u00fcr die durch die Pandemie getroffene Gesellschaft, aber auch f\u00fcr einzelne Menschen. Nicht zuletzt berichten auch junge Wissenschafterinnen wie die bekannte Englische Epidemiologin\u00a0 Tolu Oni dar\u00fcber,\u00a0 wieso technische Innovationen alleine nicht ausreichen, um psychische Probleme in heutigen Zeiten auszugleichen.<\/p>\n<p>Wieso f\u00e4llt es uns so schwer, vom Wissen zum Handeln zu kommen? Und wieso gibt es doch Grund zur Hoffnung?<\/p>\n<p><strong>Wo die Umweltpsychologie hilft\u00a0<\/strong><\/p>\n<p>Die Umweltpsychologie befasst sich mit der dem Zusammenspiel zwischen Mensch und Umwelt. Einerseits geht es darum, wie der Mensch mit seinem Denken und Handeln die Umwelt beeinflusst, zum Beispiel mit seinem Freizeitverhalten oder bei der Stadtplanung. Auf der anderen Seite ist die Wirkung der Umwelt auf den Menschen von Interesse, etwa die Wirkung naturnaher Erholungsr\u00e4ume oder menschenfreundlicher Architektur.<\/p>\n<p>Bei der <a href=\"\/\/www.umwelt-psychologie.ch\/\">IPU<\/a> interessieren vor allem die Bereiche Umweltschutz und Nachhaltigkeit. Verhaltensweisen wie zum Beispiel Flugzeugreisen, Autofahren, der enorme Ressourcenverbrauch, um unsere Belohnungs- und Konsumw\u00fcnsche zu stillen, wirken sich zunehmend sch\u00e4dlich aufs Klima, die Natur, aber auch auf uns selber aus. Per se gilt das\u00a0Handeln des Menschen als Ursache vieler Umweltprobleme.<\/p>\n<p>&#8222;Aus diesem Grund sollte die L\u00f6sung auch beim Menschen gesucht werden&#8220;, meint Maya Mathias, IPU Pr\u00e4sidentin, und unterstreicht: &#8222;Technische Neuerungen reichen nicht aus, damit wir nachhaltiger leben, da Effizienzgewinne meist durch Mehrverbrauch zunichtegemacht werden.&#8220; Die Umweltpsychologie zeigt, wie mit psychologischem Wissen und entsprechenden Strategien umweltfreundliches Verhalten beg\u00fcnstigt werden kann.<\/p>\n<p>So geht es Maya Mathias darum, Bed\u00fcrfnisse und Motivationen, Einstellungen und Denken besser zu verstehen. Diese Erkenntnisse k\u00f6nnen genutzt werden, um umweltfreundliches Verhalten zu f\u00f6rdern. Zum Beispiel spielen menschliche Entscheidungen und Verhaltensweisen bei Energieverbrauch,\u00a0<a href=\"\/\/www.kalaidos-fh.ch\/de-CH\/Blog\/Posts\/Archiv\/wp-1046-Mobilitaet-der-Preis-des-Pendelns\">Mobilit\u00e4t<\/a>, Reisen,\u00a0<a href=\"\/\/www.kalaidos-fh.ch\/de-CH\/Blog\/Posts\/Archiv\/wp-1138-Von-Verhalten-und-Fussabdruecken\">Ern\u00e4hrung<\/a>,\u00a0<a href=\"\/\/www.kalaidos-fh.ch\/de-CH\/Blog\/Posts\/Archiv\/wp-1104-Kauf-dich-gluecklich\">Konsum<\/a>,\u00a0<a href=\"\/\/www.kalaidos-fh.ch\/de-CH\/Blog\/Posts\/Archiv\/wp-1137-Was-tun-gegen-Abfallberge\">Abfallvermeidung und \u2013entsorgung<\/a>\u00a0oder nachhaltigen Lebensstilen eine Rolle.<\/p>\n<p><strong>Investitionen gegen den Corona-Blues\u00a0<\/strong><\/p>\n<p>Tolullah &#8222;Tolu&#8220; Oni ist eine Epidemiologin, die sich an Abteilung f\u00fcr nachhaltige St\u00e4dteentwicklung engagiert. Oni studiert nicht nur am Medical Research Council der Universit\u00e4t von Cambridge, die junge Frau ist bereits Fellow des &#8222;NextEinstein&#8220; Forums und Exponentin der &#8222;Young Global Leader&#8220; am Weltwirtschaftsforum.<\/p>\n<p>Die Epidemiologin schreibt\u00a0\u00fcber auf einem WEF-Blog \u00fcber die Notwendigkeit eines globalen \u00abMarshallplans f\u00fcr planetare Gesundheit\u00bb: Der bisherige Fokus habe zu sehr auf Sicherung von Wohlstand und Ern\u00e4hrung gelegen, was zu st\u00e4rkerer Motorisierung in den St\u00e4dten gef\u00fchrt habe, ohne R\u00fccksicht darauf, dass es auch Raum f\u00fcr k\u00f6rperliche Bet\u00e4tigung in sauberer Luft geben m\u00fcsse.<\/p>\n<p>\u201eWir k\u00f6nnen und m\u00fcssen es besser machen, indem wir ein mutiges neues Investitionsprogramm f\u00fcr die Gesundheit des Planeten auf den Weg bringen\u201c, schreibt Oni.<\/p>\n<p><strong>Wohlbefinden per BIP messen<\/strong><br \/>\nAls Beispiel f\u00fcr negative Auswirkungen einer verfehlten Wohnungspolitik f\u00fchrt sie die erh\u00f6hte Corona-Sterblichkeit unter der \u00e4rmeren Bev\u00f6lkerung in Grossbritannien an. Obwohl mehrere globale philanthropische Initiativen durchaus auch mit Erfolgen versucht h\u00e4tten, die Gesundheit in den St\u00e4dten zu verbessern, brauchten die heutigen fehlerhaften Systeme einen grundlegenderen Wandel.<\/p>\n<p>Regierungen wie der Privatsektor seien gefordert, politische Entscheidungstr\u00e4ger m\u00fcssten handeln und bessere Gesundheit und Widerstandsf\u00e4higkeit der Menschen, etwa in den Grossst\u00e4dten, solle nicht als Folge ihrer wirtschaftlichen Erfolge, sondern von vornherein als Ziel einer neuen urbanen Planung angesehen werden.<\/p>\n<p>Solche Ans\u00e4tze gebe es bereits, von Bhutan im Himalaya mit seinem &#8222;Gl\u00fccksfaktor&#8220; in der Messung des Bruttoinlandproduktes bis zu Neuseeland, wo eine sogenannte &#8222;Wellbeing Economy&#8220; angestrebt werde.<\/p>\n<p>\u201eEbenso k\u00f6nnten multilaterale Entwicklungsfinanzierungsinstitutionen (MDFI), wie die Afrikanische und die Asiatische Entwicklungsbank, helfen\u201c, meint Oni. Als nichtkommerzielle Organisationen, die Kapital f\u00fcr wirtschaftliche Entwicklungsprojekte in einem breiten Spektrum von Mitgliedsstaaten bereitstellen, seien solche Institutionen in einer einzigartigen Position, um durch Auflagen bei der Kredit- und Mittelvergabe das Schema nach Art eines allgemein verst\u00e4ndlichen Marshallplans voranzutreiben.<\/p>\n<p><em>Weitere Ans\u00e4tze zum Thema Umweltpsychologie und St\u00e4dteentwicklung finden Sie auch im Blog von Oni:<\/em><\/p>\n<p><a href=\"\/\/www.weforum.org\/agenda\/authors\/tolu-oni-3469ffacac\">https:\/\/www.weforum.org\/agenda\/authors\/tolu-oni-3469ffacac<\/a><\/p>\n","protected":false},"excerpt":{"rendered":"<p>&nbsp; Die Covid-19-Pandemie und die Massnahmen zu ihrer Eind\u00e4mmung wirken sich auch auf die psychische Gesundheit aus. Eine Umfrage unter 1300 Psychologinnen und Psychologen gibt Hinweise zu den Ausmassen. 46 Prozent der Befragten geben an, dass die Nachfrage nach psychologischer Therapie oder Beratung seit dem Sommer wegen der COVID-19 Pandemie und deren Folgen zugenommen hat. [&hellip;]<\/p>\n","protected":false},"author":5,"featured_media":3464,"comment_status":"closed","ping_status":"closed","sticky":false,"template":"","format":"standard","meta":{"_acf_changed":false,"_yoast_wpseo_focuskw":"Umweltpsychologie","_yoast_wpseo_metadesc":"Die mentale Gesundheit ist in Krisenzeiten besonders gef\u00e4hrdet. Das gilt auch f\u00fcr die Covid-19-Pandemie. Was k\u00f6nnte Umweltpsychologie dagegen bewirken?","articlekey":"","footnotes":""},"categories":[580],"tags":[952,1570,1688,424,2186,2375],"class_list":["post-3463","post","type-post","status-publish","format-standard","has-post-thumbnail","hentry","category-sustainability","tag-covid","tag-krise","tag-mentale-gesundheit","tag-schweiz","tag-staedteplanung","tag-umweltpsychologie"],"acf":[],"yoast_head":"<!-- This site is optimized with the Yoast SEO plugin v27.4 - https:\/\/yoast.com\/product\/yoast-seo-wordpress\/ -->\n<title>Covid und die Psyche \u2013 Wie wichtig ist Umweltpsychologie? - Organisator<\/title>\n<meta name=\"description\" content=\"Die mentale Gesundheit ist in Krisenzeiten besonders gef\u00e4hrdet. Das gilt auch f\u00fcr die Covid-19-Pandemie. Was k\u00f6nnte Umweltpsychologie dagegen bewirken?\" \/>\n<meta name=\"robots\" content=\"index, follow, max-snippet:-1, max-image-preview:large, max-video-preview:-1\" \/>\n<link rel=\"canonical\" href=\"https:\/\/www.organisator.ch\/de\/sustainability\/2020-11-10\/covid-und-die-psyche-wie-wichtig-ist-umweltpsychologie\/\" \/>\n<meta property=\"og:locale\" content=\"de_DE\" \/>\n<meta property=\"og:type\" content=\"article\" \/>\n<meta property=\"og:title\" content=\"Covid und die Psyche \u2013 Wie wichtig ist Umweltpsychologie? - Organisator\" \/>\n<meta property=\"og:description\" content=\"Die mentale Gesundheit ist in Krisenzeiten besonders gef\u00e4hrdet. Das gilt auch f\u00fcr die Covid-19-Pandemie. Was k\u00f6nnte Umweltpsychologie dagegen bewirken?\" \/>\n<meta property=\"og:url\" content=\"https:\/\/www.organisator.ch\/de\/sustainability\/2020-11-10\/covid-und-die-psyche-wie-wichtig-ist-umweltpsychologie\/\" \/>\n<meta property=\"og:site_name\" content=\"Organisator\" \/>\n<meta property=\"article:publisher\" content=\"https:\/\/www.facebook.com\/OrganisatorFachmagazin\" \/>\n<meta property=\"article:published_time\" content=\"2020-11-10T13:43:00+00:00\" \/>\n<meta property=\"article:modified_time\" content=\"2022-02-09T10:09:55+00:00\" \/>\n<meta property=\"og:image\" content=\"https:\/\/www.organisator.ch\/wp-content\/uploads\/2020\/11\/RISK_ISO_Covid_evgeni-tcherkasski-scaled.jpg\" \/>\n\t<meta property=\"og:image:width\" content=\"2560\" \/>\n\t<meta property=\"og:image:height\" content=\"1675\" \/>\n\t<meta property=\"og:image:type\" content=\"image\/jpeg\" \/>\n<meta name=\"author\" content=\"michael.merz\" \/>\n<meta name=\"twitter:card\" content=\"summary_large_image\" \/>\n<script type=\"application\/ld+json\" class=\"yoast-schema-graph\">{\"@context\":\"https:\\\/\\\/schema.org\",\"@graph\":[{\"@type\":\"Article\",\"@id\":\"https:\\\/\\\/www.organisator.ch\\\/sustainability\\\/2020-11-10\\\/covid-und-die-psyche-wie-wichtig-ist-umweltpsychologie\\\/#article\",\"isPartOf\":{\"@id\":\"https:\\\/\\\/www.organisator.ch\\\/sustainability\\\/2020-11-10\\\/covid-und-die-psyche-wie-wichtig-ist-umweltpsychologie\\\/\"},\"author\":{\"name\":\"michael.merz\",\"@id\":\"https:\\\/\\\/www.organisator.ch\\\/#\\\/schema\\\/person\\\/134708ca9321c57b0362cceb7948ffbd\"},\"headline\":\"Covid und die Psyche \u2013 Wie wichtig ist Umweltpsychologie?\",\"datePublished\":\"2020-11-10T13:43:00+00:00\",\"dateModified\":\"2022-02-09T10:09:55+00:00\",\"mainEntityOfPage\":{\"@id\":\"https:\\\/\\\/www.organisator.ch\\\/sustainability\\\/2020-11-10\\\/covid-und-die-psyche-wie-wichtig-ist-umweltpsychologie\\\/\"},\"wordCount\":808,\"publisher\":{\"@id\":\"https:\\\/\\\/www.organisator.ch\\\/#organization\"},\"image\":{\"@id\":\"https:\\\/\\\/www.organisator.ch\\\/sustainability\\\/2020-11-10\\\/covid-und-die-psyche-wie-wichtig-ist-umweltpsychologie\\\/#primaryimage\"},\"thumbnailUrl\":\"https:\\\/\\\/www.organisator.ch\\\/wp-content\\\/uploads\\\/2020\\\/11\\\/RISK_ISO_Covid_evgeni-tcherkasski-scaled.jpg\",\"keywords\":[\"Covid\",\"Krise\",\"Mentale Gesundheit\",\"Schweiz\",\"St\u00e4dteplanung\",\"Umweltpsychologie\"],\"articleSection\":[\"SUSTAINABILITY\"],\"inLanguage\":\"de\"},{\"@type\":\"WebPage\",\"@id\":\"https:\\\/\\\/www.organisator.ch\\\/sustainability\\\/2020-11-10\\\/covid-und-die-psyche-wie-wichtig-ist-umweltpsychologie\\\/\",\"url\":\"https:\\\/\\\/www.organisator.ch\\\/sustainability\\\/2020-11-10\\\/covid-und-die-psyche-wie-wichtig-ist-umweltpsychologie\\\/\",\"name\":\"Covid und die Psyche \u2013 Wie wichtig ist Umweltpsychologie? - Organisator\",\"isPartOf\":{\"@id\":\"https:\\\/\\\/www.organisator.ch\\\/#website\"},\"primaryImageOfPage\":{\"@id\":\"https:\\\/\\\/www.organisator.ch\\\/sustainability\\\/2020-11-10\\\/covid-und-die-psyche-wie-wichtig-ist-umweltpsychologie\\\/#primaryimage\"},\"image\":{\"@id\":\"https:\\\/\\\/www.organisator.ch\\\/sustainability\\\/2020-11-10\\\/covid-und-die-psyche-wie-wichtig-ist-umweltpsychologie\\\/#primaryimage\"},\"thumbnailUrl\":\"https:\\\/\\\/www.organisator.ch\\\/wp-content\\\/uploads\\\/2020\\\/11\\\/RISK_ISO_Covid_evgeni-tcherkasski-scaled.jpg\",\"datePublished\":\"2020-11-10T13:43:00+00:00\",\"dateModified\":\"2022-02-09T10:09:55+00:00\",\"description\":\"Die mentale Gesundheit ist in Krisenzeiten besonders gef\u00e4hrdet. Das gilt auch f\u00fcr die Covid-19-Pandemie. Was k\u00f6nnte Umweltpsychologie dagegen bewirken?\",\"breadcrumb\":{\"@id\":\"https:\\\/\\\/www.organisator.ch\\\/sustainability\\\/2020-11-10\\\/covid-und-die-psyche-wie-wichtig-ist-umweltpsychologie\\\/#breadcrumb\"},\"inLanguage\":\"de\",\"potentialAction\":[{\"@type\":\"ReadAction\",\"target\":[\"https:\\\/\\\/www.organisator.ch\\\/sustainability\\\/2020-11-10\\\/covid-und-die-psyche-wie-wichtig-ist-umweltpsychologie\\\/\"]}]},{\"@type\":\"ImageObject\",\"inLanguage\":\"de\",\"@id\":\"https:\\\/\\\/www.organisator.ch\\\/sustainability\\\/2020-11-10\\\/covid-und-die-psyche-wie-wichtig-ist-umweltpsychologie\\\/#primaryimage\",\"url\":\"https:\\\/\\\/www.organisator.ch\\\/wp-content\\\/uploads\\\/2020\\\/11\\\/RISK_ISO_Covid_evgeni-tcherkasski-scaled.jpg\",\"contentUrl\":\"https:\\\/\\\/www.organisator.ch\\\/wp-content\\\/uploads\\\/2020\\\/11\\\/RISK_ISO_Covid_evgeni-tcherkasski-scaled.jpg\",\"width\":2560,\"height\":1675},{\"@type\":\"BreadcrumbList\",\"@id\":\"https:\\\/\\\/www.organisator.ch\\\/sustainability\\\/2020-11-10\\\/covid-und-die-psyche-wie-wichtig-ist-umweltpsychologie\\\/#breadcrumb\",\"itemListElement\":[{\"@type\":\"ListItem\",\"position\":1,\"name\":\"Home\",\"item\":\"https:\\\/\\\/www.organisator.ch\\\/\"},{\"@type\":\"ListItem\",\"position\":2,\"name\":\"Covid und die Psyche \u2013 Wie wichtig ist Umweltpsychologie?\"}]},{\"@type\":\"WebSite\",\"@id\":\"https:\\\/\\\/www.organisator.ch\\\/#website\",\"url\":\"https:\\\/\\\/www.organisator.ch\\\/\",\"name\":\"Organisator\",\"description\":\"Kompetent. Praxisnah. Der ORGANISATOR bereitet in 10 Ausgaben pro Jahr die wesentlichen Themen f\u00fcr F\u00fchrungskr\u00e4fte von KMU auf.\",\"publisher\":{\"@id\":\"https:\\\/\\\/www.organisator.ch\\\/#organization\"},\"potentialAction\":[{\"@type\":\"SearchAction\",\"target\":{\"@type\":\"EntryPoint\",\"urlTemplate\":\"https:\\\/\\\/www.organisator.ch\\\/?s={search_term_string}\"},\"query-input\":{\"@type\":\"PropertyValueSpecification\",\"valueRequired\":true,\"valueName\":\"search_term_string\"}}],\"inLanguage\":\"de\"},{\"@type\":\"Organization\",\"@id\":\"https:\\\/\\\/www.organisator.ch\\\/#organization\",\"name\":\"Organisator\",\"url\":\"https:\\\/\\\/www.organisator.ch\\\/\",\"logo\":{\"@type\":\"ImageObject\",\"inLanguage\":\"de\",\"@id\":\"https:\\\/\\\/www.organisator.ch\\\/#\\\/schema\\\/logo\\\/image\\\/\",\"url\":\"https:\\\/\\\/www.organisator.ch\\\/wp-content\\\/uploads\\\/2022\\\/01\\\/Logo_Organisator_Website.png\",\"contentUrl\":\"https:\\\/\\\/www.organisator.ch\\\/wp-content\\\/uploads\\\/2022\\\/01\\\/Logo_Organisator_Website.png\",\"width\":800,\"height\":77,\"caption\":\"Organisator\"},\"image\":{\"@id\":\"https:\\\/\\\/www.organisator.ch\\\/#\\\/schema\\\/logo\\\/image\\\/\"},\"sameAs\":[\"https:\\\/\\\/www.facebook.com\\\/OrganisatorFachmagazin\",\"https:\\\/\\\/www.linkedin.com\\\/showcase\\\/organisator-das-magazin-fr-kmu\",\"https:\\\/\\\/www.xing.com\\\/news\\\/pages\\\/organisator-ch-695\",\"https:\\\/\\\/www.youtube.com\\\/channel\\\/UCGP2Sq0iWaZwT3BdIAQFYpw\"]},{\"@type\":\"Person\",\"@id\":\"https:\\\/\\\/www.organisator.ch\\\/#\\\/schema\\\/person\\\/134708ca9321c57b0362cceb7948ffbd\",\"name\":\"michael.merz\",\"image\":{\"@type\":\"ImageObject\",\"inLanguage\":\"de\",\"@id\":\"https:\\\/\\\/secure.gravatar.com\\\/avatar\\\/?s=96&d=mm&r=g\",\"url\":\"https:\\\/\\\/secure.gravatar.com\\\/avatar\\\/?s=96&d=mm&r=g\",\"contentUrl\":\"https:\\\/\\\/secure.gravatar.com\\\/avatar\\\/?s=96&d=mm&r=g\",\"caption\":\"michael.merz\"},\"url\":\"https:\\\/\\\/www.organisator.ch\\\/de\\\/author\\\/michael-merz\\\/\"}]}<\/script>\n<!-- \/ Yoast SEO plugin. -->","yoast_head_json":{"title":"Covid und die Psyche \u2013 Wie wichtig ist Umweltpsychologie? - Organisator","description":"Die mentale Gesundheit ist in Krisenzeiten besonders gef\u00e4hrdet. Das gilt auch f\u00fcr die Covid-19-Pandemie. Was k\u00f6nnte Umweltpsychologie dagegen bewirken?","robots":{"index":"index","follow":"follow","max-snippet":"max-snippet:-1","max-image-preview":"max-image-preview:large","max-video-preview":"max-video-preview:-1"},"canonical":"https:\/\/www.organisator.ch\/de\/sustainability\/2020-11-10\/covid-und-die-psyche-wie-wichtig-ist-umweltpsychologie\/","og_locale":"de_DE","og_type":"article","og_title":"Covid und die Psyche \u2013 Wie wichtig ist Umweltpsychologie? - Organisator","og_description":"Die mentale Gesundheit ist in Krisenzeiten besonders gef\u00e4hrdet. Das gilt auch f\u00fcr die Covid-19-Pandemie. Was k\u00f6nnte Umweltpsychologie dagegen bewirken?","og_url":"https:\/\/www.organisator.ch\/de\/sustainability\/2020-11-10\/covid-und-die-psyche-wie-wichtig-ist-umweltpsychologie\/","og_site_name":"Organisator","article_publisher":"https:\/\/www.facebook.com\/OrganisatorFachmagazin","article_published_time":"2020-11-10T13:43:00+00:00","article_modified_time":"2022-02-09T10:09:55+00:00","og_image":[{"width":2560,"height":1675,"url":"https:\/\/www.organisator.ch\/wp-content\/uploads\/2020\/11\/RISK_ISO_Covid_evgeni-tcherkasski-scaled.jpg","type":"image\/jpeg"}],"author":"michael.merz","twitter_card":"summary_large_image","schema":{"@context":"https:\/\/schema.org","@graph":[{"@type":"Article","@id":"https:\/\/www.organisator.ch\/sustainability\/2020-11-10\/covid-und-die-psyche-wie-wichtig-ist-umweltpsychologie\/#article","isPartOf":{"@id":"https:\/\/www.organisator.ch\/sustainability\/2020-11-10\/covid-und-die-psyche-wie-wichtig-ist-umweltpsychologie\/"},"author":{"name":"michael.merz","@id":"https:\/\/www.organisator.ch\/#\/schema\/person\/134708ca9321c57b0362cceb7948ffbd"},"headline":"Covid und die Psyche \u2013 Wie wichtig ist Umweltpsychologie?","datePublished":"2020-11-10T13:43:00+00:00","dateModified":"2022-02-09T10:09:55+00:00","mainEntityOfPage":{"@id":"https:\/\/www.organisator.ch\/sustainability\/2020-11-10\/covid-und-die-psyche-wie-wichtig-ist-umweltpsychologie\/"},"wordCount":808,"publisher":{"@id":"https:\/\/www.organisator.ch\/#organization"},"image":{"@id":"https:\/\/www.organisator.ch\/sustainability\/2020-11-10\/covid-und-die-psyche-wie-wichtig-ist-umweltpsychologie\/#primaryimage"},"thumbnailUrl":"https:\/\/www.organisator.ch\/wp-content\/uploads\/2020\/11\/RISK_ISO_Covid_evgeni-tcherkasski-scaled.jpg","keywords":["Covid","Krise","Mentale Gesundheit","Schweiz","St\u00e4dteplanung","Umweltpsychologie"],"articleSection":["SUSTAINABILITY"],"inLanguage":"de"},{"@type":"WebPage","@id":"https:\/\/www.organisator.ch\/sustainability\/2020-11-10\/covid-und-die-psyche-wie-wichtig-ist-umweltpsychologie\/","url":"https:\/\/www.organisator.ch\/sustainability\/2020-11-10\/covid-und-die-psyche-wie-wichtig-ist-umweltpsychologie\/","name":"Covid und die Psyche \u2013 Wie wichtig ist Umweltpsychologie? - Organisator","isPartOf":{"@id":"https:\/\/www.organisator.ch\/#website"},"primaryImageOfPage":{"@id":"https:\/\/www.organisator.ch\/sustainability\/2020-11-10\/covid-und-die-psyche-wie-wichtig-ist-umweltpsychologie\/#primaryimage"},"image":{"@id":"https:\/\/www.organisator.ch\/sustainability\/2020-11-10\/covid-und-die-psyche-wie-wichtig-ist-umweltpsychologie\/#primaryimage"},"thumbnailUrl":"https:\/\/www.organisator.ch\/wp-content\/uploads\/2020\/11\/RISK_ISO_Covid_evgeni-tcherkasski-scaled.jpg","datePublished":"2020-11-10T13:43:00+00:00","dateModified":"2022-02-09T10:09:55+00:00","description":"Die mentale Gesundheit ist in Krisenzeiten besonders gef\u00e4hrdet. Das gilt auch f\u00fcr die Covid-19-Pandemie. Was k\u00f6nnte Umweltpsychologie dagegen bewirken?","breadcrumb":{"@id":"https:\/\/www.organisator.ch\/sustainability\/2020-11-10\/covid-und-die-psyche-wie-wichtig-ist-umweltpsychologie\/#breadcrumb"},"inLanguage":"de","potentialAction":[{"@type":"ReadAction","target":["https:\/\/www.organisator.ch\/sustainability\/2020-11-10\/covid-und-die-psyche-wie-wichtig-ist-umweltpsychologie\/"]}]},{"@type":"ImageObject","inLanguage":"de","@id":"https:\/\/www.organisator.ch\/sustainability\/2020-11-10\/covid-und-die-psyche-wie-wichtig-ist-umweltpsychologie\/#primaryimage","url":"https:\/\/www.organisator.ch\/wp-content\/uploads\/2020\/11\/RISK_ISO_Covid_evgeni-tcherkasski-scaled.jpg","contentUrl":"https:\/\/www.organisator.ch\/wp-content\/uploads\/2020\/11\/RISK_ISO_Covid_evgeni-tcherkasski-scaled.jpg","width":2560,"height":1675},{"@type":"BreadcrumbList","@id":"https:\/\/www.organisator.ch\/sustainability\/2020-11-10\/covid-und-die-psyche-wie-wichtig-ist-umweltpsychologie\/#breadcrumb","itemListElement":[{"@type":"ListItem","position":1,"name":"Home","item":"https:\/\/www.organisator.ch\/"},{"@type":"ListItem","position":2,"name":"Covid und die Psyche \u2013 Wie wichtig ist Umweltpsychologie?"}]},{"@type":"WebSite","@id":"https:\/\/www.organisator.ch\/#website","url":"https:\/\/www.organisator.ch\/","name":"Organisator","description":"Kompetent. Praxisnah. Der ORGANISATOR bereitet in 10 Ausgaben pro Jahr die wesentlichen Themen f\u00fcr F\u00fchrungskr\u00e4fte von KMU auf.","publisher":{"@id":"https:\/\/www.organisator.ch\/#organization"},"potentialAction":[{"@type":"SearchAction","target":{"@type":"EntryPoint","urlTemplate":"https:\/\/www.organisator.ch\/?s={search_term_string}"},"query-input":{"@type":"PropertyValueSpecification","valueRequired":true,"valueName":"search_term_string"}}],"inLanguage":"de"},{"@type":"Organization","@id":"https:\/\/www.organisator.ch\/#organization","name":"Organisator","url":"https:\/\/www.organisator.ch\/","logo":{"@type":"ImageObject","inLanguage":"de","@id":"https:\/\/www.organisator.ch\/#\/schema\/logo\/image\/","url":"https:\/\/www.organisator.ch\/wp-content\/uploads\/2022\/01\/Logo_Organisator_Website.png","contentUrl":"https:\/\/www.organisator.ch\/wp-content\/uploads\/2022\/01\/Logo_Organisator_Website.png","width":800,"height":77,"caption":"Organisator"},"image":{"@id":"https:\/\/www.organisator.ch\/#\/schema\/logo\/image\/"},"sameAs":["https:\/\/www.facebook.com\/OrganisatorFachmagazin","https:\/\/www.linkedin.com\/showcase\/organisator-das-magazin-fr-kmu","https:\/\/www.xing.com\/news\/pages\/organisator-ch-695","https:\/\/www.youtube.com\/channel\/UCGP2Sq0iWaZwT3BdIAQFYpw"]},{"@type":"Person","@id":"https:\/\/www.organisator.ch\/#\/schema\/person\/134708ca9321c57b0362cceb7948ffbd","name":"michael.merz","image":{"@type":"ImageObject","inLanguage":"de","@id":"https:\/\/secure.gravatar.com\/avatar\/?s=96&d=mm&r=g","url":"https:\/\/secure.gravatar.com\/avatar\/?s=96&d=mm&r=g","contentUrl":"https:\/\/secure.gravatar.com\/avatar\/?s=96&d=mm&r=g","caption":"michael.merz"},"url":"https:\/\/www.organisator.ch\/de\/author\/michael-merz\/"}]}},"_links":{"self":[{"href":"https:\/\/www.organisator.ch\/de\/wp-json\/wp\/v2\/posts\/3463","targetHints":{"allow":["GET"]}}],"collection":[{"href":"https:\/\/www.organisator.ch\/de\/wp-json\/wp\/v2\/posts"}],"about":[{"href":"https:\/\/www.organisator.ch\/de\/wp-json\/wp\/v2\/types\/post"}],"author":[{"embeddable":true,"href":"https:\/\/www.organisator.ch\/de\/wp-json\/wp\/v2\/users\/5"}],"replies":[{"embeddable":true,"href":"https:\/\/www.organisator.ch\/de\/wp-json\/wp\/v2\/comments?post=3463"}],"version-history":[{"count":1,"href":"https:\/\/www.organisator.ch\/de\/wp-json\/wp\/v2\/posts\/3463\/revisions"}],"predecessor-version":[{"id":10811,"href":"https:\/\/www.organisator.ch\/de\/wp-json\/wp\/v2\/posts\/3463\/revisions\/10811"}],"wp:featuredmedia":[{"embeddable":true,"href":"https:\/\/www.organisator.ch\/de\/wp-json\/wp\/v2\/media\/3464"}],"wp:attachment":[{"href":"https:\/\/www.organisator.ch\/de\/wp-json\/wp\/v2\/media?parent=3463"}],"wp:term":[{"taxonomy":"category","embeddable":true,"href":"https:\/\/www.organisator.ch\/de\/wp-json\/wp\/v2\/categories?post=3463"},{"taxonomy":"post_tag","embeddable":true,"href":"https:\/\/www.organisator.ch\/de\/wp-json\/wp\/v2\/tags?post=3463"}],"curies":[{"name":"wp","href":"https:\/\/api.w.org\/{rel}","templated":true}]}}