{"id":34674,"date":"2024-12-12T09:30:55","date_gmt":"2024-12-12T08:30:55","guid":{"rendered":"https:\/\/www.organisator.ch\/?p=34674"},"modified":"2024-12-12T08:42:24","modified_gmt":"2024-12-12T07:42:24","slug":"wechsel-an-der-spitze-der-allianz-suisse","status":"publish","type":"post","link":"https:\/\/www.organisator.ch\/de\/management\/2024-12-12\/wechsel-an-der-spitze-der-allianz-suisse\/","title":{"rendered":"Wechsel an der Spitze der Allianz Suisse"},"content":{"rendered":"<p>&nbsp;<\/p>\n<figure id=\"attachment_34676\" aria-describedby=\"caption-attachment-34676\" style=\"width: 680px\" class=\"wp-caption alignnone\"><img loading=\"lazy\" decoding=\"async\" class=\"size-full wp-image-34676\" src=\"https:\/\/www.organisator.ch\/wp-content\/uploads\/2024\/12\/AllianzSuisse_Bild1_ps.jpg\" alt=\"\" width=\"680\" height=\"550\" srcset=\"https:\/\/www.organisator.ch\/wp-content\/uploads\/2024\/12\/AllianzSuisse_Bild1_ps.jpg 680w, https:\/\/www.organisator.ch\/wp-content\/uploads\/2024\/12\/AllianzSuisse_Bild1_ps-15x12.jpg 15w, https:\/\/www.organisator.ch\/wp-content\/uploads\/2024\/12\/AllianzSuisse_Bild1_ps-371x300.jpg 371w, https:\/\/www.organisator.ch\/wp-content\/uploads\/2024\/12\/AllianzSuisse_Bild1_ps-433x350.jpg 433w\" sizes=\"auto, (max-width: 680px) 100vw, 680px\" \/><figcaption id=\"caption-attachment-34676\" class=\"wp-caption-text\">Laura Gersch wird neue CEO der Allianz Suisse, Ruedi Kubat \u00fcbernimmt als Vorstandsvorsitzender der Allianz Lebensversicherung-AG. (Bild: Allianz)<\/figcaption><\/figure>\n<p>Ruedi Kubat (55), derzeit Vorsitzender der Gesch\u00e4ftsleitung der Allianz Suisse, wird zum 1. Januar 2025 Vorstandsvorsitzender der Allianz Lebensversicherungs-AG in Deutschland. Die Allianz Lebensversicherungs-AG ist Deutschlands gr\u00f6sster Lebensversicherer und unangefochtener Marktf\u00fchrer. Ruedi Kubat folgt auf Katja de la Vi\u00f1a, derzeit Vorstandsvorsitzende der Allianz Lebensversicherungs-AG. Katja de la Vi\u00f1a wechselt auf eigenen Wunsch innerhalb der Allianz. Sie zieht sich aus privaten Gr\u00fcnden zum 31. Dezember 2024 aus ihrer derzeitigen Rolle zur\u00fcck, um mehr f\u00fcr ihre Kinder da zu sein. Sie wechselt in neuer Managementfunktion und in Teilzeit zu Group Strategy, Marketing and Distribution.<\/p>\n<h3>Expertise in Versicherungen und Finanzen<\/h3>\n<p>Neue Vorsitzende der Gesch\u00e4ftsleitung der Allianz Suisse wird Laura Gersch (41). Sie bringt f\u00fcr ihre neue Rolle als CEO der Allianz Suisse tiefes Fachwissen in der Sach- und der Lebensversicherung sowie in den Funktionen Finanzen, Produkt, Vertrieb, IT und Personal mit. Sie ist seit 1. Januar 2022 im Vorstand der Allianz Versicherungs-AG zust\u00e4ndig f\u00fcr das Ressort Finanzen und hat dort die Einf\u00fchrung IFRS9\/17 verantwortet, genauso wie die agile Transformation massgeblich vorangetrieben. Zuvor war sie seit Januar 2020 im Vorstand f\u00fcr das Ressort Firmenkunden und Personal bei der Allianz Lebensversicherungs-AG.<\/p>\n<p>In dieser Rolle hat sie die Produkte der betrieblichen Altersvorsorge f\u00fcr das ver\u00e4nderte Zinsumfeld zukunftssicher weiterentwickelt sowie die Initiative #equalpension ins Leben gerufen. In der Zeit von 2017 bis 2019 leitete sie das B\u00fcro des Vorstandsvorsitzenden der Allianz SE, Oliver B\u00e4te. Die Mutter zweier Kinder kam 2014 zur Allianz und war bei Allianz Global Automotive in verschiedenen F\u00fchrungspositionen, u.a. als Mitglied der Gesch\u00e4ftsleitung, t\u00e4tig. Zuvor arbeitete sie als Beraterin in der europ\u00e4ischen Banken- und Versicherungsindustrie.<\/p>\n<p>&#8222;Mit Ruedi Kubat bekommt die Allianz Leben einen Vorstandsvorsitzenden mit langj\u00e4hriger und internationaler Erfahrung im Lebensversicherungsgesch\u00e4ft, der zusammen mit einem starken Vorstandsteam in diesem dynamischen Markt mit Weitsicht nahtlos an die Erfolge von Katja de la Vi\u00f1a ankn\u00fcpfen wird. Ruedi Kubat hat mit seinem strategischen Weitblick und seinen umsichtigen Entscheidungen die Allianz Suisse massgeblich gepr\u00e4gt. Die Profitabilit\u00e4t und das Wachstum wurden unter seiner Leitung nachhaltig gest\u00e4rkt. Er hat den Vertrieb zukunftsf\u00e4hig aufgestellt und innovative Wege im Capital Management eingeschlagen. Unter seiner F\u00fchrung hat die Zufriedenheit der Mitarbeitenden deutlich zugenommen. Laura Gersch zeichnen insbesondere fachliche Tiefe sowohl im Lebensversicherungsgesch\u00e4ft als auch in der Sachversicherung aus. Die Allianz Suisse erh\u00e4lt eine CEO mit starker F\u00fchrungspers\u00f6nlichkeit und hervorragendem Teamplay&#8220;, sagt Klaus-Peter R\u00f6hler, Vorstandsmitglied der Allianz SE.<\/p>\n<p><em>Quelle: <a href=\"http:\/\/www.allianz.ch\">www.allianz.ch<\/a><\/em><\/p>\n","protected":false},"excerpt":{"rendered":"<p>Ruedi Kubat, CEO der Allianz Suisse, wird per 1. Januar 2025 Vorstandsvorsitzender der Allianz Lebensversicherung-AG in Deutschland. Auf ihn folgt Laura Gersch als CEO der Allianz Suisse. Sie war bisher zust\u00e4ndig f\u00fcr das Ressort Finanzen als Mitglied des Vorstands der Allianz Versicherungs-AG in Deutschland.<\/p>\n","protected":false},"author":80,"featured_media":34676,"comment_status":"closed","ping_status":"closed","sticky":false,"template":"","format":"standard","meta":{"_acf_changed":false,"_yoast_wpseo_focuskw":"Allianz Suisse","_yoast_wpseo_metadesc":"Laura Gersch wird neue CEO der Allianz Suisse, Ruedi Kubat \u00fcbernimmt als Vorstandsvorsitzender der Allianz Lebensversicherung-AG.","articlekey":"","footnotes":""},"categories":[28],"tags":[695,904,201,511,4301],"class_list":["post-34674","post","type-post","status-publish","format-standard","has-post-thumbnail","hentry","category-management","tag-allianz-suisse","tag-ceo","tag-finanzen","tag-versicherungen","tag-wechsel"],"acf":[],"yoast_head":"<!-- This site is optimized with the Yoast SEO plugin v27.4 - https:\/\/yoast.com\/product\/yoast-seo-wordpress\/ -->\n<title>Wechsel an der Spitze der Allianz Suisse - Organisator<\/title>\n<meta name=\"description\" content=\"Laura Gersch wird neue CEO der Allianz Suisse, Ruedi Kubat \u00fcbernimmt als Vorstandsvorsitzender der Allianz Lebensversicherung-AG.\" \/>\n<meta name=\"robots\" content=\"index, follow, max-snippet:-1, max-image-preview:large, max-video-preview:-1\" \/>\n<link rel=\"canonical\" href=\"https:\/\/www.organisator.ch\/de\/management\/2024-12-12\/wechsel-an-der-spitze-der-allianz-suisse\/\" \/>\n<meta property=\"og:locale\" content=\"de_DE\" \/>\n<meta property=\"og:type\" content=\"article\" \/>\n<meta property=\"og:title\" content=\"Wechsel an der Spitze der Allianz Suisse\" \/>\n<meta property=\"og:description\" content=\"Laura Gersch wird neue CEO der Allianz Suisse, Ruedi Kubat \u00fcbernimmt als Vorstandsvorsitzender der Allianz Lebensversicherung-AG.\" \/>\n<meta property=\"og:url\" content=\"https:\/\/www.organisator.ch\/de\/management\/2024-12-12\/wechsel-an-der-spitze-der-allianz-suisse\/\" \/>\n<meta property=\"og:site_name\" content=\"Organisator\" \/>\n<meta property=\"article:publisher\" content=\"https:\/\/www.facebook.com\/OrganisatorFachmagazin\" \/>\n<meta property=\"article:published_time\" content=\"2024-12-12T08:30:55+00:00\" \/>\n<meta property=\"og:image\" content=\"https:\/\/www.organisator.ch\/wp-content\/uploads\/2024\/12\/AllianzSuisse_Bild1_ps.jpg\" \/>\n\t<meta property=\"og:image:width\" content=\"680\" \/>\n\t<meta property=\"og:image:height\" content=\"550\" \/>\n\t<meta property=\"og:image:type\" content=\"image\/jpeg\" \/>\n<meta name=\"author\" content=\"Dzana Muminovic\" \/>\n<meta name=\"twitter:card\" content=\"summary_large_image\" \/>\n<meta name=\"twitter:title\" content=\"Wechsel an der Spitze der Allianz Suisse\" \/>\n<meta name=\"twitter:description\" content=\"#Laura #Gersch wird neue #CEO der #Allianz #Suisse, #Ruedi #Kubat \u00fcbernimmt als #Vorstandsvorsitzender der #Allianz #Lebensversicherung-AG.\" \/>\n<meta name=\"twitter:image\" content=\"https:\/\/www.organisator.ch\/wp-content\/uploads\/2024\/12\/AllianzSuisse_Bild1_ps.jpg\" \/>\n<script type=\"application\/ld+json\" class=\"yoast-schema-graph\">{\"@context\":\"https:\\\/\\\/schema.org\",\"@graph\":[{\"@type\":\"Article\",\"@id\":\"https:\\\/\\\/www.organisator.ch\\\/management\\\/2024-12-12\\\/wechsel-an-der-spitze-der-allianz-suisse\\\/#article\",\"isPartOf\":{\"@id\":\"https:\\\/\\\/www.organisator.ch\\\/management\\\/2024-12-12\\\/wechsel-an-der-spitze-der-allianz-suisse\\\/\"},\"author\":{\"name\":\"Dzana Muminovic\",\"@id\":\"https:\\\/\\\/www.organisator.ch\\\/#\\\/schema\\\/person\\\/afccda3a71c06d4be2ed9100dd163db7\"},\"headline\":\"Wechsel an der Spitze der Allianz Suisse\",\"datePublished\":\"2024-12-12T08:30:55+00:00\",\"mainEntityOfPage\":{\"@id\":\"https:\\\/\\\/www.organisator.ch\\\/management\\\/2024-12-12\\\/wechsel-an-der-spitze-der-allianz-suisse\\\/\"},\"wordCount\":446,\"publisher\":{\"@id\":\"https:\\\/\\\/www.organisator.ch\\\/#organization\"},\"image\":{\"@id\":\"https:\\\/\\\/www.organisator.ch\\\/management\\\/2024-12-12\\\/wechsel-an-der-spitze-der-allianz-suisse\\\/#primaryimage\"},\"thumbnailUrl\":\"https:\\\/\\\/www.organisator.ch\\\/wp-content\\\/uploads\\\/2024\\\/12\\\/AllianzSuisse_Bild1_ps.jpg\",\"keywords\":[\"Allianz Suisse\",\"CEO\",\"Finanzen\",\"Versicherungen\",\"Wechsel\"],\"articleSection\":[\"MANAGEMENT\"],\"inLanguage\":\"de\"},{\"@type\":\"WebPage\",\"@id\":\"https:\\\/\\\/www.organisator.ch\\\/management\\\/2024-12-12\\\/wechsel-an-der-spitze-der-allianz-suisse\\\/\",\"url\":\"https:\\\/\\\/www.organisator.ch\\\/management\\\/2024-12-12\\\/wechsel-an-der-spitze-der-allianz-suisse\\\/\",\"name\":\"Wechsel an der Spitze der Allianz Suisse - Organisator\",\"isPartOf\":{\"@id\":\"https:\\\/\\\/www.organisator.ch\\\/#website\"},\"primaryImageOfPage\":{\"@id\":\"https:\\\/\\\/www.organisator.ch\\\/management\\\/2024-12-12\\\/wechsel-an-der-spitze-der-allianz-suisse\\\/#primaryimage\"},\"image\":{\"@id\":\"https:\\\/\\\/www.organisator.ch\\\/management\\\/2024-12-12\\\/wechsel-an-der-spitze-der-allianz-suisse\\\/#primaryimage\"},\"thumbnailUrl\":\"https:\\\/\\\/www.organisator.ch\\\/wp-content\\\/uploads\\\/2024\\\/12\\\/AllianzSuisse_Bild1_ps.jpg\",\"datePublished\":\"2024-12-12T08:30:55+00:00\",\"description\":\"Laura Gersch wird neue CEO der Allianz Suisse, Ruedi Kubat \u00fcbernimmt als Vorstandsvorsitzender der Allianz Lebensversicherung-AG.\",\"breadcrumb\":{\"@id\":\"https:\\\/\\\/www.organisator.ch\\\/management\\\/2024-12-12\\\/wechsel-an-der-spitze-der-allianz-suisse\\\/#breadcrumb\"},\"inLanguage\":\"de\",\"potentialAction\":[{\"@type\":\"ReadAction\",\"target\":[\"https:\\\/\\\/www.organisator.ch\\\/management\\\/2024-12-12\\\/wechsel-an-der-spitze-der-allianz-suisse\\\/\"]}]},{\"@type\":\"ImageObject\",\"inLanguage\":\"de\",\"@id\":\"https:\\\/\\\/www.organisator.ch\\\/management\\\/2024-12-12\\\/wechsel-an-der-spitze-der-allianz-suisse\\\/#primaryimage\",\"url\":\"https:\\\/\\\/www.organisator.ch\\\/wp-content\\\/uploads\\\/2024\\\/12\\\/AllianzSuisse_Bild1_ps.jpg\",\"contentUrl\":\"https:\\\/\\\/www.organisator.ch\\\/wp-content\\\/uploads\\\/2024\\\/12\\\/AllianzSuisse_Bild1_ps.jpg\",\"width\":680,\"height\":550,\"caption\":\"Laura Gersch wird neue CEO der Allianz Suisse, Ruedi Kubat \u00fcbernimmt als Vorstandsvorsitzender der Allianz Lebensversicherung-AG. (Bild: Allianz)\"},{\"@type\":\"BreadcrumbList\",\"@id\":\"https:\\\/\\\/www.organisator.ch\\\/management\\\/2024-12-12\\\/wechsel-an-der-spitze-der-allianz-suisse\\\/#breadcrumb\",\"itemListElement\":[{\"@type\":\"ListItem\",\"position\":1,\"name\":\"Home\",\"item\":\"https:\\\/\\\/www.organisator.ch\\\/\"},{\"@type\":\"ListItem\",\"position\":2,\"name\":\"Wechsel an der Spitze der Allianz Suisse\"}]},{\"@type\":\"WebSite\",\"@id\":\"https:\\\/\\\/www.organisator.ch\\\/#website\",\"url\":\"https:\\\/\\\/www.organisator.ch\\\/\",\"name\":\"Organisator\",\"description\":\"Kompetent. Praxisnah. Der ORGANISATOR bereitet in 10 Ausgaben pro Jahr die wesentlichen Themen f\u00fcr F\u00fchrungskr\u00e4fte von KMU auf.\",\"publisher\":{\"@id\":\"https:\\\/\\\/www.organisator.ch\\\/#organization\"},\"potentialAction\":[{\"@type\":\"SearchAction\",\"target\":{\"@type\":\"EntryPoint\",\"urlTemplate\":\"https:\\\/\\\/www.organisator.ch\\\/?s={search_term_string}\"},\"query-input\":{\"@type\":\"PropertyValueSpecification\",\"valueRequired\":true,\"valueName\":\"search_term_string\"}}],\"inLanguage\":\"de\"},{\"@type\":\"Organization\",\"@id\":\"https:\\\/\\\/www.organisator.ch\\\/#organization\",\"name\":\"Organisator\",\"url\":\"https:\\\/\\\/www.organisator.ch\\\/\",\"logo\":{\"@type\":\"ImageObject\",\"inLanguage\":\"de\",\"@id\":\"https:\\\/\\\/www.organisator.ch\\\/#\\\/schema\\\/logo\\\/image\\\/\",\"url\":\"https:\\\/\\\/www.organisator.ch\\\/wp-content\\\/uploads\\\/2022\\\/01\\\/Logo_Organisator_Website.png\",\"contentUrl\":\"https:\\\/\\\/www.organisator.ch\\\/wp-content\\\/uploads\\\/2022\\\/01\\\/Logo_Organisator_Website.png\",\"width\":800,\"height\":77,\"caption\":\"Organisator\"},\"image\":{\"@id\":\"https:\\\/\\\/www.organisator.ch\\\/#\\\/schema\\\/logo\\\/image\\\/\"},\"sameAs\":[\"https:\\\/\\\/www.facebook.com\\\/OrganisatorFachmagazin\",\"https:\\\/\\\/www.linkedin.com\\\/showcase\\\/organisator-das-magazin-fr-kmu\",\"https:\\\/\\\/www.xing.com\\\/news\\\/pages\\\/organisator-ch-695\",\"https:\\\/\\\/www.youtube.com\\\/channel\\\/UCGP2Sq0iWaZwT3BdIAQFYpw\"]},{\"@type\":\"Person\",\"@id\":\"https:\\\/\\\/www.organisator.ch\\\/#\\\/schema\\\/person\\\/afccda3a71c06d4be2ed9100dd163db7\",\"name\":\"Dzana Muminovic\",\"image\":{\"@type\":\"ImageObject\",\"inLanguage\":\"de\",\"@id\":\"https:\\\/\\\/secure.gravatar.com\\\/avatar\\\/909c5c71aff4b38e88686f2ab2f1ba152571f394f41ed8bae431ea56ced93050?s=96&d=mm&r=g\",\"url\":\"https:\\\/\\\/secure.gravatar.com\\\/avatar\\\/909c5c71aff4b38e88686f2ab2f1ba152571f394f41ed8bae431ea56ced93050?s=96&d=mm&r=g\",\"contentUrl\":\"https:\\\/\\\/secure.gravatar.com\\\/avatar\\\/909c5c71aff4b38e88686f2ab2f1ba152571f394f41ed8bae431ea56ced93050?s=96&d=mm&r=g\",\"caption\":\"Dzana Muminovic\"},\"url\":\"https:\\\/\\\/www.organisator.ch\\\/de\\\/author\\\/dzana-muminovic\\\/\"}]}<\/script>\n<!-- \/ Yoast SEO plugin. -->","yoast_head_json":{"title":"Wechsel an der Spitze der Allianz Suisse - Organisator","description":"Laura Gersch wird neue CEO der Allianz Suisse, Ruedi Kubat \u00fcbernimmt als Vorstandsvorsitzender der Allianz Lebensversicherung-AG.","robots":{"index":"index","follow":"follow","max-snippet":"max-snippet:-1","max-image-preview":"max-image-preview:large","max-video-preview":"max-video-preview:-1"},"canonical":"https:\/\/www.organisator.ch\/de\/management\/2024-12-12\/wechsel-an-der-spitze-der-allianz-suisse\/","og_locale":"de_DE","og_type":"article","og_title":"Wechsel an der Spitze der Allianz Suisse","og_description":"Laura Gersch wird neue CEO der Allianz Suisse, Ruedi Kubat \u00fcbernimmt als Vorstandsvorsitzender der Allianz Lebensversicherung-AG.","og_url":"https:\/\/www.organisator.ch\/de\/management\/2024-12-12\/wechsel-an-der-spitze-der-allianz-suisse\/","og_site_name":"Organisator","article_publisher":"https:\/\/www.facebook.com\/OrganisatorFachmagazin","article_published_time":"2024-12-12T08:30:55+00:00","og_image":[{"width":680,"height":550,"url":"https:\/\/www.organisator.ch\/wp-content\/uploads\/2024\/12\/AllianzSuisse_Bild1_ps.jpg","type":"image\/jpeg"}],"author":"Dzana Muminovic","twitter_card":"summary_large_image","twitter_title":"Wechsel an der Spitze der Allianz Suisse","twitter_description":"#Laura #Gersch wird neue #CEO der #Allianz #Suisse, #Ruedi #Kubat \u00fcbernimmt als #Vorstandsvorsitzender der #Allianz #Lebensversicherung-AG.","twitter_image":"https:\/\/www.organisator.ch\/wp-content\/uploads\/2024\/12\/AllianzSuisse_Bild1_ps.jpg","schema":{"@context":"https:\/\/schema.org","@graph":[{"@type":"Article","@id":"https:\/\/www.organisator.ch\/management\/2024-12-12\/wechsel-an-der-spitze-der-allianz-suisse\/#article","isPartOf":{"@id":"https:\/\/www.organisator.ch\/management\/2024-12-12\/wechsel-an-der-spitze-der-allianz-suisse\/"},"author":{"name":"Dzana Muminovic","@id":"https:\/\/www.organisator.ch\/#\/schema\/person\/afccda3a71c06d4be2ed9100dd163db7"},"headline":"Wechsel an der Spitze der Allianz Suisse","datePublished":"2024-12-12T08:30:55+00:00","mainEntityOfPage":{"@id":"https:\/\/www.organisator.ch\/management\/2024-12-12\/wechsel-an-der-spitze-der-allianz-suisse\/"},"wordCount":446,"publisher":{"@id":"https:\/\/www.organisator.ch\/#organization"},"image":{"@id":"https:\/\/www.organisator.ch\/management\/2024-12-12\/wechsel-an-der-spitze-der-allianz-suisse\/#primaryimage"},"thumbnailUrl":"https:\/\/www.organisator.ch\/wp-content\/uploads\/2024\/12\/AllianzSuisse_Bild1_ps.jpg","keywords":["Allianz Suisse","CEO","Finanzen","Versicherungen","Wechsel"],"articleSection":["MANAGEMENT"],"inLanguage":"de"},{"@type":"WebPage","@id":"https:\/\/www.organisator.ch\/management\/2024-12-12\/wechsel-an-der-spitze-der-allianz-suisse\/","url":"https:\/\/www.organisator.ch\/management\/2024-12-12\/wechsel-an-der-spitze-der-allianz-suisse\/","name":"Wechsel an der Spitze der Allianz Suisse - Organisator","isPartOf":{"@id":"https:\/\/www.organisator.ch\/#website"},"primaryImageOfPage":{"@id":"https:\/\/www.organisator.ch\/management\/2024-12-12\/wechsel-an-der-spitze-der-allianz-suisse\/#primaryimage"},"image":{"@id":"https:\/\/www.organisator.ch\/management\/2024-12-12\/wechsel-an-der-spitze-der-allianz-suisse\/#primaryimage"},"thumbnailUrl":"https:\/\/www.organisator.ch\/wp-content\/uploads\/2024\/12\/AllianzSuisse_Bild1_ps.jpg","datePublished":"2024-12-12T08:30:55+00:00","description":"Laura Gersch wird neue CEO der Allianz Suisse, Ruedi Kubat \u00fcbernimmt als Vorstandsvorsitzender der Allianz Lebensversicherung-AG.","breadcrumb":{"@id":"https:\/\/www.organisator.ch\/management\/2024-12-12\/wechsel-an-der-spitze-der-allianz-suisse\/#breadcrumb"},"inLanguage":"de","potentialAction":[{"@type":"ReadAction","target":["https:\/\/www.organisator.ch\/management\/2024-12-12\/wechsel-an-der-spitze-der-allianz-suisse\/"]}]},{"@type":"ImageObject","inLanguage":"de","@id":"https:\/\/www.organisator.ch\/management\/2024-12-12\/wechsel-an-der-spitze-der-allianz-suisse\/#primaryimage","url":"https:\/\/www.organisator.ch\/wp-content\/uploads\/2024\/12\/AllianzSuisse_Bild1_ps.jpg","contentUrl":"https:\/\/www.organisator.ch\/wp-content\/uploads\/2024\/12\/AllianzSuisse_Bild1_ps.jpg","width":680,"height":550,"caption":"Laura Gersch wird neue CEO der Allianz Suisse, Ruedi Kubat \u00fcbernimmt als Vorstandsvorsitzender der Allianz Lebensversicherung-AG. (Bild: Allianz)"},{"@type":"BreadcrumbList","@id":"https:\/\/www.organisator.ch\/management\/2024-12-12\/wechsel-an-der-spitze-der-allianz-suisse\/#breadcrumb","itemListElement":[{"@type":"ListItem","position":1,"name":"Home","item":"https:\/\/www.organisator.ch\/"},{"@type":"ListItem","position":2,"name":"Wechsel an der Spitze der Allianz Suisse"}]},{"@type":"WebSite","@id":"https:\/\/www.organisator.ch\/#website","url":"https:\/\/www.organisator.ch\/","name":"Organisator","description":"Kompetent. Praxisnah. Der ORGANISATOR bereitet in 10 Ausgaben pro Jahr die wesentlichen Themen f\u00fcr F\u00fchrungskr\u00e4fte von KMU auf.","publisher":{"@id":"https:\/\/www.organisator.ch\/#organization"},"potentialAction":[{"@type":"SearchAction","target":{"@type":"EntryPoint","urlTemplate":"https:\/\/www.organisator.ch\/?s={search_term_string}"},"query-input":{"@type":"PropertyValueSpecification","valueRequired":true,"valueName":"search_term_string"}}],"inLanguage":"de"},{"@type":"Organization","@id":"https:\/\/www.organisator.ch\/#organization","name":"Organisator","url":"https:\/\/www.organisator.ch\/","logo":{"@type":"ImageObject","inLanguage":"de","@id":"https:\/\/www.organisator.ch\/#\/schema\/logo\/image\/","url":"https:\/\/www.organisator.ch\/wp-content\/uploads\/2022\/01\/Logo_Organisator_Website.png","contentUrl":"https:\/\/www.organisator.ch\/wp-content\/uploads\/2022\/01\/Logo_Organisator_Website.png","width":800,"height":77,"caption":"Organisator"},"image":{"@id":"https:\/\/www.organisator.ch\/#\/schema\/logo\/image\/"},"sameAs":["https:\/\/www.facebook.com\/OrganisatorFachmagazin","https:\/\/www.linkedin.com\/showcase\/organisator-das-magazin-fr-kmu","https:\/\/www.xing.com\/news\/pages\/organisator-ch-695","https:\/\/www.youtube.com\/channel\/UCGP2Sq0iWaZwT3BdIAQFYpw"]},{"@type":"Person","@id":"https:\/\/www.organisator.ch\/#\/schema\/person\/afccda3a71c06d4be2ed9100dd163db7","name":"Dzana Muminovic","image":{"@type":"ImageObject","inLanguage":"de","@id":"https:\/\/secure.gravatar.com\/avatar\/909c5c71aff4b38e88686f2ab2f1ba152571f394f41ed8bae431ea56ced93050?s=96&d=mm&r=g","url":"https:\/\/secure.gravatar.com\/avatar\/909c5c71aff4b38e88686f2ab2f1ba152571f394f41ed8bae431ea56ced93050?s=96&d=mm&r=g","contentUrl":"https:\/\/secure.gravatar.com\/avatar\/909c5c71aff4b38e88686f2ab2f1ba152571f394f41ed8bae431ea56ced93050?s=96&d=mm&r=g","caption":"Dzana Muminovic"},"url":"https:\/\/www.organisator.ch\/de\/author\/dzana-muminovic\/"}]}},"_links":{"self":[{"href":"https:\/\/www.organisator.ch\/de\/wp-json\/wp\/v2\/posts\/34674","targetHints":{"allow":["GET"]}}],"collection":[{"href":"https:\/\/www.organisator.ch\/de\/wp-json\/wp\/v2\/posts"}],"about":[{"href":"https:\/\/www.organisator.ch\/de\/wp-json\/wp\/v2\/types\/post"}],"author":[{"embeddable":true,"href":"https:\/\/www.organisator.ch\/de\/wp-json\/wp\/v2\/users\/80"}],"replies":[{"embeddable":true,"href":"https:\/\/www.organisator.ch\/de\/wp-json\/wp\/v2\/comments?post=34674"}],"version-history":[{"count":4,"href":"https:\/\/www.organisator.ch\/de\/wp-json\/wp\/v2\/posts\/34674\/revisions"}],"predecessor-version":[{"id":34696,"href":"https:\/\/www.organisator.ch\/de\/wp-json\/wp\/v2\/posts\/34674\/revisions\/34696"}],"wp:featuredmedia":[{"embeddable":true,"href":"https:\/\/www.organisator.ch\/de\/wp-json\/wp\/v2\/media\/34676"}],"wp:attachment":[{"href":"https:\/\/www.organisator.ch\/de\/wp-json\/wp\/v2\/media?parent=34674"}],"wp:term":[{"taxonomy":"category","embeddable":true,"href":"https:\/\/www.organisator.ch\/de\/wp-json\/wp\/v2\/categories?post=34674"},{"taxonomy":"post_tag","embeddable":true,"href":"https:\/\/www.organisator.ch\/de\/wp-json\/wp\/v2\/tags?post=34674"}],"curies":[{"name":"wp","href":"https:\/\/api.w.org\/{rel}","templated":true}]}}