{"id":34724,"date":"2024-12-15T12:11:24","date_gmt":"2024-12-15T11:11:24","guid":{"rendered":"https:\/\/www.markt-kom.com\/?p=228223"},"modified":"2024-12-16T07:38:58","modified_gmt":"2024-12-16T06:38:58","slug":"bundesrat-will-nazisymbole-im-oeffentlichen-raum-verbieten","status":"publish","type":"post","link":"https:\/\/www.organisator.ch\/de\/marketing\/2024-12-15\/bundesrat-will-nazisymbole-im-oeffentlichen-raum-verbieten\/","title":{"rendered":"Bundesrat will Nazisymbole im \u00f6ffentlichen Raum verbieten"},"content":{"rendered":"<figure id=\"attachment_228224\" class=\"wp-caption aligncenter\" style=\"width: 1200px;\" aria-describedby=\"caption-attachment-228224\"><a href=\"https:\/\/www.markt-kom.com\/wp-content\/uploads\/2024\/12\/Beat-Jans-PK-Bundesrat-Nazisymbole.jpg\"><img class=\"size-full wp-image-228224\" src=\"https:\/\/www.markt-kom.com\/wp-content\/uploads\/2024\/12\/Beat-Jans-PK-Bundesrat-Nazisymbole.jpg\" sizes=\"(max-width: 1200px) 100vw, 1200px\" srcset=\"https:\/\/www.markt-kom.com\/wp-content\/uploads\/2024\/12\/Beat-Jans-PK-Bundesrat-Nazisymbole.jpg 1200w, https:\/\/www.markt-kom.com\/wp-content\/uploads\/2024\/12\/Beat-Jans-PK-Bundesrat-Nazisymbole-600x450.jpg 600w, https:\/\/www.markt-kom.com\/wp-content\/uploads\/2024\/12\/Beat-Jans-PK-Bundesrat-Nazisymbole-1024x768.jpg 1024w, https:\/\/www.markt-kom.com\/wp-content\/uploads\/2024\/12\/Beat-Jans-PK-Bundesrat-Nazisymbole-768x576.jpg 768w, https:\/\/www.markt-kom.com\/wp-content\/uploads\/2024\/12\/Beat-Jans-PK-Bundesrat-Nazisymbole-16x12.jpg 16w, https:\/\/www.markt-kom.com\/wp-content\/uploads\/2024\/12\/Beat-Jans-PK-Bundesrat-Nazisymbole-233x175.jpg 233w, https:\/\/www.markt-kom.com\/wp-content\/uploads\/2024\/12\/Beat-Jans-PK-Bundesrat-Nazisymbole-467x350.jpg 467w, https:\/\/www.markt-kom.com\/wp-content\/uploads\/2024\/12\/Beat-Jans-PK-Bundesrat-Nazisymbole-1000x750.jpg 1000w\" alt=\"\" width=\"1200\" height=\"900\" \/><\/a>\r\n<figcaption id=\"caption-attachment-228224\" class=\"wp-caption-text\">Beat Jans an der Medienkonferenz von Freitag. (Screenshot: YouTube.com)<\/figcaption>\r\n<\/figure>\r\n<p>Das Verbot von dem Dritten Reich zugeordneten Symbolen sei besonders dringend, sagte Justizminister Beat Jans am Freitag in Bern vor den Medien. Denn antisemitische Vorf\u00e4lle h\u00e4tten stark zugenommen, weltweit und in der Schweiz. Die f\u00fcr Hass, Gewalt und Leid stehenden Symbole m\u00fcssten aus der \u00d6ffentlichkeit verschwinden.<\/p>\r\n<p><iframe title=\"13.12.2024 - BR Jans zu: Bundesgesetz\" src=\"https:\/\/www.youtube.com\/embed\/F99lv-0zVpc?feature=oembed\" width=\"768\" height=\"432\" frameborder=\"0\" allowfullscreen=\"allowfullscreen\"><\/iframe><\/p>\r\n<h3><strong>Kontext entscheidet<\/strong><\/h3>\r\n<p>Das reine Zurschaustellen von Nazisymbolen in der \u00d6ffentlichkeit sei heute nicht strafbar, sagte Jans. Untersagt seien die Symbole hingegen im Zusammenhang mit Werbung f\u00fcr die Ideologie, f\u00fcr die sie stehen oder wenn sie gegen Menschen oder Gruppen in herabsetzender Weise eingesetzt werden.<\/p>\r\n<p>Verbieten will der Bundesrat nicht nur Hakenkreuz, Hitlergruss und SS-Runen, sondern auch Zahlencodes wie \u00ab18\u00bb und \u00ab88\u00bb die als \u00abAdolf Hitler\u00bb oder \u00abHeil Hitler\u00bb gelesen werden k\u00f6nnten. Wann solche Symbole strafbar sind, soll der Kontext entscheiden.<\/p>\r\n<p>Auf ein Fussball- oder Basketballshirt gedruckt, d\u00fcrften die Zahlen weiterhin gezeigt werden, sagte Jans auf eine Journalistenfrage. Unter anderem zur Verwendung dieser Zahlen m\u00fcsse sich eine Rechtspraxis etablieren. Gegen ausgesprochene Bussen k\u00f6nne im \u00dcbrigen rekurriert werden.<\/p>\r\n<p>F\u00fcr schulische, k\u00fcnstlerische und journalistische Zwecke plant der Bundesrat Ausnahmen vom Verbot. Beispielsweise Medienberichte \u00fcber antisemitische Vorf\u00e4lle w\u00e4ren zul\u00e4ssig. In der Geschichtsstunde, in satirischen und historischen Darstellungen w\u00e4ren sie ebenso erlaubt.<\/p>\r\n<h3><strong>R\u00fccksicht auf andere Kulturen<\/strong><\/h3>\r\n<p>Ausnahmen plant der Bundesrat auch f\u00fcr Symbole von bestehenden Religionen. Das Hakenkreuz sei ein sehr altes Symbol. schreibt er dazu. In Asien und besonders in Indien werde es h\u00e4ufig mit dem Hinduismus, dem Buddhismus oder dem Jainismus in Verbindung gebracht, schreibt er im Botschaftsentwurf.<\/p>\r\n<p>Im Sanskrit Swastika genannt, hat das Hakenkreuz in diesen Kulturen die Bedeutung eines Sonnenzeichens und wird als \u00abGl\u00fccksbringer\u00bb verstanden. Bereits existierende religi\u00f6se Symbole, die \u00e4hnlich oder gleich aussehen wie Nazisymbole, will der Bundesrat deshalb von vorneherein vom Verbot ausnehmen.<\/p>\r\n<p>Der Bundesrat will ausdr\u00fccklich das Verwenden, Tragen, Zeigen und Verbreiten von nationalsozialistischen Symbolen verbieten. Er will auch beispielsweise auf Plakaten oder an Hausw\u00e4nde angebrachte Hakenkreuz-Schmierereien untersagen.<\/p>\r\n<h3><strong>Meinungs\u00e4usserungsfreiheit wahren<\/strong><\/h3>\r\n<p>Die neuen Strafbestimmungen m\u00fcssten das Grundrecht auf Meinungs\u00e4usserungsfreiheit respektieren, sagte Jans. Es gehe aber darum, einer Ideologie klare Grenzen zu setzen, die Meinungs\u00e4usserungsfreiheit nicht zulassen wolle, die Hass und Unrecht verbreite und die Respekt vor Minderheiten quasi bek\u00e4mpfe.<\/p>\r\n<p>Das Verbot w\u00fcrde nach Auffassung des Bundesrates auch im virtuellen Raum gelten. Problematisch sei, dass in solchen F\u00e4llen die T\u00e4terschaft oft anonym und die Suche nach ihnen schwierig sei.<\/p>\r\n<p>Mit dem Gesetz will der Bundesrat einen Auftrag des Parlaments erf\u00fcllen, zumindest einen ersten Teil davon. Denn die R\u00e4te forderten auch ein Verbot von extremistischen, rassendiskriminierenden und gewaltverherrlichenden Symbolen anderer Ideologien. Dieses will der Bundesrat in einem sp\u00e4teren Schritt umsetzen.<\/p>\r\n<h3><strong>Eigenst\u00e4ndiges Gesetz geplant<\/strong><\/h3>\r\n<p>Der Bundesrat schl\u00e4gt f\u00fcr die Durchsetzung des Verbots ein eigenst\u00e4ndiges Gesetz vor. Damit k\u00f6nne die L\u00fccke in der Gesetzgebung am schnellsten geschlossen werden, schreibt er dazu. Und es sei m\u00f6glich, Verst\u00f6sse im Ordnungsbussenverfahren zu ahnden.<\/p>\r\n<p>W\u00fcrde die Norm stattdessen ins Strafgesetzbuch geschrieben, m\u00fcssten sich Staatsanwaltschaften und Gerichte mit Tr\u00e4ger:innen von Nazisymbolen befassen. Dies w\u00fcrde in den Augen des Bundesrates die bestehende \u00dcberlastung der Justiz schlimmer machen.<\/p>\r\n<p>Die Vernehmlassung zum Gesetz \u00fcber das Verbot des \u00f6ffentlichen Verwendens von nationalsozialistischen Symbolen dauert bis zum 31. M\u00e4rz 2025. <em>(SDA\/swi)<\/em><\/p>","protected":false},"excerpt":{"rendered":"<p>Der Bundesrat will das Verwenden und Verbreiten von Nazisymbolen in der \u00d6ffentlichkeit verbieten. Wer dagegen verst\u00f6sst, soll k\u00fcnftig mit einer Ordnungsbusse von 200 Franken bestraft werden. Erst in einem zweiten Schritt will der Bundesrat auch andere extremistische und gewaltverherrlichende Zeichen untersagen.<\/p>\n","protected":false},"author":8,"featured_media":0,"comment_status":"closed","ping_status":"closed","sticky":false,"template":"","format":"standard","meta":{"_acf_changed":false,"_yoast_wpseo_focuskw":"Nazisymbole","_yoast_wpseo_metadesc":"Der Bundesrat plant ein Verbot von Nazisymbolen in der \u00d6ffentlichkeit. Verst\u00f6sse sollen mit einer Ordnungsbusse geahndet werden.","articlekey":"","footnotes":""},"categories":[29],"tags":[4343,386],"class_list":["post-34724","post","type-post","status-publish","format-standard","hentry","category-marketing","tag-markom","tag-politik"],"acf":[],"yoast_head":"<!-- This site is optimized with the Yoast SEO plugin v27.4 - https:\/\/yoast.com\/product\/yoast-seo-wordpress\/ -->\n<title>Bundesrat will Nazisymbole im \u00f6ffentlichen Raum verbieten - Organisator<\/title>\n<meta name=\"description\" content=\"Der Bundesrat plant ein Verbot von Nazisymbolen in der \u00d6ffentlichkeit. Verst\u00f6sse sollen mit einer Ordnungsbusse geahndet werden.\" \/>\n<meta name=\"robots\" content=\"index, follow, max-snippet:-1, max-image-preview:large, max-video-preview:-1\" \/>\n<link rel=\"canonical\" href=\"https:\/\/www.organisator.ch\/de\/marketing\/2024-12-15\/bundesrat-will-nazisymbole-im-oeffentlichen-raum-verbieten\/\" \/>\n<meta property=\"og:locale\" content=\"de_DE\" \/>\n<meta property=\"og:type\" content=\"article\" \/>\n<meta property=\"og:title\" content=\"Bundesrat will Nazisymbole im \u00f6ffentlichen Raum verbieten - Organisator\" \/>\n<meta property=\"og:description\" content=\"Der Bundesrat plant ein Verbot von Nazisymbolen in der \u00d6ffentlichkeit. Verst\u00f6sse sollen mit einer Ordnungsbusse geahndet werden.\" \/>\n<meta property=\"og:url\" content=\"https:\/\/www.organisator.ch\/de\/marketing\/2024-12-15\/bundesrat-will-nazisymbole-im-oeffentlichen-raum-verbieten\/\" \/>\n<meta property=\"og:site_name\" content=\"Organisator\" \/>\n<meta property=\"article:publisher\" content=\"https:\/\/www.facebook.com\/OrganisatorFachmagazin\" \/>\n<meta property=\"article:published_time\" content=\"2024-12-15T11:11:24+00:00\" \/>\n<meta property=\"article:modified_time\" content=\"2024-12-16T06:38:58+00:00\" \/>\n<meta name=\"author\" content=\"galledia\" \/>\n<meta name=\"twitter:card\" content=\"summary_large_image\" \/>\n<meta name=\"twitter:creator\" content=\"@admin\" \/>\n<script type=\"application\/ld+json\" class=\"yoast-schema-graph\">{\"@context\":\"https:\\\/\\\/schema.org\",\"@graph\":[{\"@type\":\"Article\",\"@id\":\"https:\\\/\\\/www.organisator.ch\\\/marketing\\\/2024-12-15\\\/bundesrat-will-nazisymbole-im-oeffentlichen-raum-verbieten\\\/#article\",\"isPartOf\":{\"@id\":\"https:\\\/\\\/www.organisator.ch\\\/marketing\\\/2024-12-15\\\/bundesrat-will-nazisymbole-im-oeffentlichen-raum-verbieten\\\/\"},\"author\":{\"name\":\"galledia\",\"@id\":\"https:\\\/\\\/www.organisator.ch\\\/#\\\/schema\\\/person\\\/4e51799071cd2dd1232ac003643ef5f0\"},\"headline\":\"Bundesrat will Nazisymbole im \u00f6ffentlichen Raum verbieten\",\"datePublished\":\"2024-12-15T11:11:24+00:00\",\"dateModified\":\"2024-12-16T06:38:58+00:00\",\"mainEntityOfPage\":{\"@id\":\"https:\\\/\\\/www.organisator.ch\\\/marketing\\\/2024-12-15\\\/bundesrat-will-nazisymbole-im-oeffentlichen-raum-verbieten\\\/\"},\"wordCount\":566,\"publisher\":{\"@id\":\"https:\\\/\\\/www.organisator.ch\\\/#organization\"},\"image\":{\"@id\":\"https:\\\/\\\/www.organisator.ch\\\/marketing\\\/2024-12-15\\\/bundesrat-will-nazisymbole-im-oeffentlichen-raum-verbieten\\\/#primaryimage\"},\"thumbnailUrl\":\"https:\\\/\\\/www.markt-kom.com\\\/wp-content\\\/uploads\\\/2024\\\/12\\\/Beat-Jans-PK-Bundesrat-Nazisymbole.jpg\",\"keywords\":[\"MarKom\",\"Politik\"],\"articleSection\":[\"MARKETING\"],\"inLanguage\":\"de\"},{\"@type\":\"WebPage\",\"@id\":\"https:\\\/\\\/www.organisator.ch\\\/marketing\\\/2024-12-15\\\/bundesrat-will-nazisymbole-im-oeffentlichen-raum-verbieten\\\/\",\"url\":\"https:\\\/\\\/www.organisator.ch\\\/marketing\\\/2024-12-15\\\/bundesrat-will-nazisymbole-im-oeffentlichen-raum-verbieten\\\/\",\"name\":\"Bundesrat will Nazisymbole im \u00f6ffentlichen Raum verbieten - Organisator\",\"isPartOf\":{\"@id\":\"https:\\\/\\\/www.organisator.ch\\\/#website\"},\"primaryImageOfPage\":{\"@id\":\"https:\\\/\\\/www.organisator.ch\\\/marketing\\\/2024-12-15\\\/bundesrat-will-nazisymbole-im-oeffentlichen-raum-verbieten\\\/#primaryimage\"},\"image\":{\"@id\":\"https:\\\/\\\/www.organisator.ch\\\/marketing\\\/2024-12-15\\\/bundesrat-will-nazisymbole-im-oeffentlichen-raum-verbieten\\\/#primaryimage\"},\"thumbnailUrl\":\"https:\\\/\\\/www.markt-kom.com\\\/wp-content\\\/uploads\\\/2024\\\/12\\\/Beat-Jans-PK-Bundesrat-Nazisymbole.jpg\",\"datePublished\":\"2024-12-15T11:11:24+00:00\",\"dateModified\":\"2024-12-16T06:38:58+00:00\",\"description\":\"Der Bundesrat plant ein Verbot von Nazisymbolen in der \u00d6ffentlichkeit. Verst\u00f6sse sollen mit einer Ordnungsbusse geahndet werden.\",\"breadcrumb\":{\"@id\":\"https:\\\/\\\/www.organisator.ch\\\/marketing\\\/2024-12-15\\\/bundesrat-will-nazisymbole-im-oeffentlichen-raum-verbieten\\\/#breadcrumb\"},\"inLanguage\":\"de\",\"potentialAction\":[{\"@type\":\"ReadAction\",\"target\":[\"https:\\\/\\\/www.organisator.ch\\\/marketing\\\/2024-12-15\\\/bundesrat-will-nazisymbole-im-oeffentlichen-raum-verbieten\\\/\"]}]},{\"@type\":\"ImageObject\",\"inLanguage\":\"de\",\"@id\":\"https:\\\/\\\/www.organisator.ch\\\/marketing\\\/2024-12-15\\\/bundesrat-will-nazisymbole-im-oeffentlichen-raum-verbieten\\\/#primaryimage\",\"url\":\"https:\\\/\\\/www.markt-kom.com\\\/wp-content\\\/uploads\\\/2024\\\/12\\\/Beat-Jans-PK-Bundesrat-Nazisymbole.jpg\",\"contentUrl\":\"https:\\\/\\\/www.markt-kom.com\\\/wp-content\\\/uploads\\\/2024\\\/12\\\/Beat-Jans-PK-Bundesrat-Nazisymbole.jpg\"},{\"@type\":\"BreadcrumbList\",\"@id\":\"https:\\\/\\\/www.organisator.ch\\\/marketing\\\/2024-12-15\\\/bundesrat-will-nazisymbole-im-oeffentlichen-raum-verbieten\\\/#breadcrumb\",\"itemListElement\":[{\"@type\":\"ListItem\",\"position\":1,\"name\":\"Home\",\"item\":\"https:\\\/\\\/www.organisator.ch\\\/\"},{\"@type\":\"ListItem\",\"position\":2,\"name\":\"Bundesrat will Nazisymbole im \u00f6ffentlichen Raum verbieten\"}]},{\"@type\":\"WebSite\",\"@id\":\"https:\\\/\\\/www.organisator.ch\\\/#website\",\"url\":\"https:\\\/\\\/www.organisator.ch\\\/\",\"name\":\"Organisator\",\"description\":\"Kompetent. Praxisnah. Der ORGANISATOR bereitet in 10 Ausgaben pro Jahr die wesentlichen Themen f\u00fcr F\u00fchrungskr\u00e4fte von KMU auf.\",\"publisher\":{\"@id\":\"https:\\\/\\\/www.organisator.ch\\\/#organization\"},\"potentialAction\":[{\"@type\":\"SearchAction\",\"target\":{\"@type\":\"EntryPoint\",\"urlTemplate\":\"https:\\\/\\\/www.organisator.ch\\\/?s={search_term_string}\"},\"query-input\":{\"@type\":\"PropertyValueSpecification\",\"valueRequired\":true,\"valueName\":\"search_term_string\"}}],\"inLanguage\":\"de\"},{\"@type\":\"Organization\",\"@id\":\"https:\\\/\\\/www.organisator.ch\\\/#organization\",\"name\":\"Organisator\",\"url\":\"https:\\\/\\\/www.organisator.ch\\\/\",\"logo\":{\"@type\":\"ImageObject\",\"inLanguage\":\"de\",\"@id\":\"https:\\\/\\\/www.organisator.ch\\\/#\\\/schema\\\/logo\\\/image\\\/\",\"url\":\"https:\\\/\\\/www.organisator.ch\\\/wp-content\\\/uploads\\\/2022\\\/01\\\/Logo_Organisator_Website.png\",\"contentUrl\":\"https:\\\/\\\/www.organisator.ch\\\/wp-content\\\/uploads\\\/2022\\\/01\\\/Logo_Organisator_Website.png\",\"width\":800,\"height\":77,\"caption\":\"Organisator\"},\"image\":{\"@id\":\"https:\\\/\\\/www.organisator.ch\\\/#\\\/schema\\\/logo\\\/image\\\/\"},\"sameAs\":[\"https:\\\/\\\/www.facebook.com\\\/OrganisatorFachmagazin\",\"https:\\\/\\\/www.linkedin.com\\\/showcase\\\/organisator-das-magazin-fr-kmu\",\"https:\\\/\\\/www.xing.com\\\/news\\\/pages\\\/organisator-ch-695\",\"https:\\\/\\\/www.youtube.com\\\/channel\\\/UCGP2Sq0iWaZwT3BdIAQFYpw\"]},{\"@type\":\"Person\",\"@id\":\"https:\\\/\\\/www.organisator.ch\\\/#\\\/schema\\\/person\\\/4e51799071cd2dd1232ac003643ef5f0\",\"name\":\"galledia\",\"image\":{\"@type\":\"ImageObject\",\"inLanguage\":\"de\",\"@id\":\"https:\\\/\\\/secure.gravatar.com\\\/avatar\\\/78a7f90c01fc2bfc875782a0d4922b37cde2cf184ce347b91316d23cd7f69a36?s=96&d=mm&r=g\",\"url\":\"https:\\\/\\\/secure.gravatar.com\\\/avatar\\\/78a7f90c01fc2bfc875782a0d4922b37cde2cf184ce347b91316d23cd7f69a36?s=96&d=mm&r=g\",\"contentUrl\":\"https:\\\/\\\/secure.gravatar.com\\\/avatar\\\/78a7f90c01fc2bfc875782a0d4922b37cde2cf184ce347b91316d23cd7f69a36?s=96&d=mm&r=g\",\"caption\":\"galledia\"},\"sameAs\":[\"https:\\\/\\\/x.com\\\/admin\"],\"url\":\"https:\\\/\\\/www.organisator.ch\\\/de\\\/author\\\/galledia\\\/\"}]}<\/script>\n<!-- \/ Yoast SEO plugin. -->","yoast_head_json":{"title":"Bundesrat will Nazisymbole im \u00f6ffentlichen Raum verbieten - Organisator","description":"Der Bundesrat plant ein Verbot von Nazisymbolen in der \u00d6ffentlichkeit. Verst\u00f6sse sollen mit einer Ordnungsbusse geahndet werden.","robots":{"index":"index","follow":"follow","max-snippet":"max-snippet:-1","max-image-preview":"max-image-preview:large","max-video-preview":"max-video-preview:-1"},"canonical":"https:\/\/www.organisator.ch\/de\/marketing\/2024-12-15\/bundesrat-will-nazisymbole-im-oeffentlichen-raum-verbieten\/","og_locale":"de_DE","og_type":"article","og_title":"Bundesrat will Nazisymbole im \u00f6ffentlichen Raum verbieten - Organisator","og_description":"Der Bundesrat plant ein Verbot von Nazisymbolen in der \u00d6ffentlichkeit. Verst\u00f6sse sollen mit einer Ordnungsbusse geahndet werden.","og_url":"https:\/\/www.organisator.ch\/de\/marketing\/2024-12-15\/bundesrat-will-nazisymbole-im-oeffentlichen-raum-verbieten\/","og_site_name":"Organisator","article_publisher":"https:\/\/www.facebook.com\/OrganisatorFachmagazin","article_published_time":"2024-12-15T11:11:24+00:00","article_modified_time":"2024-12-16T06:38:58+00:00","author":"galledia","twitter_card":"summary_large_image","twitter_creator":"@admin","schema":{"@context":"https:\/\/schema.org","@graph":[{"@type":"Article","@id":"https:\/\/www.organisator.ch\/marketing\/2024-12-15\/bundesrat-will-nazisymbole-im-oeffentlichen-raum-verbieten\/#article","isPartOf":{"@id":"https:\/\/www.organisator.ch\/marketing\/2024-12-15\/bundesrat-will-nazisymbole-im-oeffentlichen-raum-verbieten\/"},"author":{"name":"galledia","@id":"https:\/\/www.organisator.ch\/#\/schema\/person\/4e51799071cd2dd1232ac003643ef5f0"},"headline":"Bundesrat will Nazisymbole im \u00f6ffentlichen Raum verbieten","datePublished":"2024-12-15T11:11:24+00:00","dateModified":"2024-12-16T06:38:58+00:00","mainEntityOfPage":{"@id":"https:\/\/www.organisator.ch\/marketing\/2024-12-15\/bundesrat-will-nazisymbole-im-oeffentlichen-raum-verbieten\/"},"wordCount":566,"publisher":{"@id":"https:\/\/www.organisator.ch\/#organization"},"image":{"@id":"https:\/\/www.organisator.ch\/marketing\/2024-12-15\/bundesrat-will-nazisymbole-im-oeffentlichen-raum-verbieten\/#primaryimage"},"thumbnailUrl":"https:\/\/www.markt-kom.com\/wp-content\/uploads\/2024\/12\/Beat-Jans-PK-Bundesrat-Nazisymbole.jpg","keywords":["MarKom","Politik"],"articleSection":["MARKETING"],"inLanguage":"de"},{"@type":"WebPage","@id":"https:\/\/www.organisator.ch\/marketing\/2024-12-15\/bundesrat-will-nazisymbole-im-oeffentlichen-raum-verbieten\/","url":"https:\/\/www.organisator.ch\/marketing\/2024-12-15\/bundesrat-will-nazisymbole-im-oeffentlichen-raum-verbieten\/","name":"Bundesrat will Nazisymbole im \u00f6ffentlichen Raum verbieten - Organisator","isPartOf":{"@id":"https:\/\/www.organisator.ch\/#website"},"primaryImageOfPage":{"@id":"https:\/\/www.organisator.ch\/marketing\/2024-12-15\/bundesrat-will-nazisymbole-im-oeffentlichen-raum-verbieten\/#primaryimage"},"image":{"@id":"https:\/\/www.organisator.ch\/marketing\/2024-12-15\/bundesrat-will-nazisymbole-im-oeffentlichen-raum-verbieten\/#primaryimage"},"thumbnailUrl":"https:\/\/www.markt-kom.com\/wp-content\/uploads\/2024\/12\/Beat-Jans-PK-Bundesrat-Nazisymbole.jpg","datePublished":"2024-12-15T11:11:24+00:00","dateModified":"2024-12-16T06:38:58+00:00","description":"Der Bundesrat plant ein Verbot von Nazisymbolen in der \u00d6ffentlichkeit. Verst\u00f6sse sollen mit einer Ordnungsbusse geahndet werden.","breadcrumb":{"@id":"https:\/\/www.organisator.ch\/marketing\/2024-12-15\/bundesrat-will-nazisymbole-im-oeffentlichen-raum-verbieten\/#breadcrumb"},"inLanguage":"de","potentialAction":[{"@type":"ReadAction","target":["https:\/\/www.organisator.ch\/marketing\/2024-12-15\/bundesrat-will-nazisymbole-im-oeffentlichen-raum-verbieten\/"]}]},{"@type":"ImageObject","inLanguage":"de","@id":"https:\/\/www.organisator.ch\/marketing\/2024-12-15\/bundesrat-will-nazisymbole-im-oeffentlichen-raum-verbieten\/#primaryimage","url":"https:\/\/www.markt-kom.com\/wp-content\/uploads\/2024\/12\/Beat-Jans-PK-Bundesrat-Nazisymbole.jpg","contentUrl":"https:\/\/www.markt-kom.com\/wp-content\/uploads\/2024\/12\/Beat-Jans-PK-Bundesrat-Nazisymbole.jpg"},{"@type":"BreadcrumbList","@id":"https:\/\/www.organisator.ch\/marketing\/2024-12-15\/bundesrat-will-nazisymbole-im-oeffentlichen-raum-verbieten\/#breadcrumb","itemListElement":[{"@type":"ListItem","position":1,"name":"Home","item":"https:\/\/www.organisator.ch\/"},{"@type":"ListItem","position":2,"name":"Bundesrat will Nazisymbole im \u00f6ffentlichen Raum verbieten"}]},{"@type":"WebSite","@id":"https:\/\/www.organisator.ch\/#website","url":"https:\/\/www.organisator.ch\/","name":"Organisator","description":"Kompetent. Praxisnah. Der ORGANISATOR bereitet in 10 Ausgaben pro Jahr die wesentlichen Themen f\u00fcr F\u00fchrungskr\u00e4fte von KMU auf.","publisher":{"@id":"https:\/\/www.organisator.ch\/#organization"},"potentialAction":[{"@type":"SearchAction","target":{"@type":"EntryPoint","urlTemplate":"https:\/\/www.organisator.ch\/?s={search_term_string}"},"query-input":{"@type":"PropertyValueSpecification","valueRequired":true,"valueName":"search_term_string"}}],"inLanguage":"de"},{"@type":"Organization","@id":"https:\/\/www.organisator.ch\/#organization","name":"Organisator","url":"https:\/\/www.organisator.ch\/","logo":{"@type":"ImageObject","inLanguage":"de","@id":"https:\/\/www.organisator.ch\/#\/schema\/logo\/image\/","url":"https:\/\/www.organisator.ch\/wp-content\/uploads\/2022\/01\/Logo_Organisator_Website.png","contentUrl":"https:\/\/www.organisator.ch\/wp-content\/uploads\/2022\/01\/Logo_Organisator_Website.png","width":800,"height":77,"caption":"Organisator"},"image":{"@id":"https:\/\/www.organisator.ch\/#\/schema\/logo\/image\/"},"sameAs":["https:\/\/www.facebook.com\/OrganisatorFachmagazin","https:\/\/www.linkedin.com\/showcase\/organisator-das-magazin-fr-kmu","https:\/\/www.xing.com\/news\/pages\/organisator-ch-695","https:\/\/www.youtube.com\/channel\/UCGP2Sq0iWaZwT3BdIAQFYpw"]},{"@type":"Person","@id":"https:\/\/www.organisator.ch\/#\/schema\/person\/4e51799071cd2dd1232ac003643ef5f0","name":"galledia","image":{"@type":"ImageObject","inLanguage":"de","@id":"https:\/\/secure.gravatar.com\/avatar\/78a7f90c01fc2bfc875782a0d4922b37cde2cf184ce347b91316d23cd7f69a36?s=96&d=mm&r=g","url":"https:\/\/secure.gravatar.com\/avatar\/78a7f90c01fc2bfc875782a0d4922b37cde2cf184ce347b91316d23cd7f69a36?s=96&d=mm&r=g","contentUrl":"https:\/\/secure.gravatar.com\/avatar\/78a7f90c01fc2bfc875782a0d4922b37cde2cf184ce347b91316d23cd7f69a36?s=96&d=mm&r=g","caption":"galledia"},"sameAs":["https:\/\/x.com\/admin"],"url":"https:\/\/www.organisator.ch\/de\/author\/galledia\/"}]}},"_links":{"self":[{"href":"https:\/\/www.organisator.ch\/de\/wp-json\/wp\/v2\/posts\/34724","targetHints":{"allow":["GET"]}}],"collection":[{"href":"https:\/\/www.organisator.ch\/de\/wp-json\/wp\/v2\/posts"}],"about":[{"href":"https:\/\/www.organisator.ch\/de\/wp-json\/wp\/v2\/types\/post"}],"author":[{"embeddable":true,"href":"https:\/\/www.organisator.ch\/de\/wp-json\/wp\/v2\/users\/8"}],"replies":[{"embeddable":true,"href":"https:\/\/www.organisator.ch\/de\/wp-json\/wp\/v2\/comments?post=34724"}],"version-history":[{"count":5,"href":"https:\/\/www.organisator.ch\/de\/wp-json\/wp\/v2\/posts\/34724\/revisions"}],"predecessor-version":[{"id":34733,"href":"https:\/\/www.organisator.ch\/de\/wp-json\/wp\/v2\/posts\/34724\/revisions\/34733"}],"wp:attachment":[{"href":"https:\/\/www.organisator.ch\/de\/wp-json\/wp\/v2\/media?parent=34724"}],"wp:term":[{"taxonomy":"category","embeddable":true,"href":"https:\/\/www.organisator.ch\/de\/wp-json\/wp\/v2\/categories?post=34724"},{"taxonomy":"post_tag","embeddable":true,"href":"https:\/\/www.organisator.ch\/de\/wp-json\/wp\/v2\/tags?post=34724"}],"curies":[{"name":"wp","href":"https:\/\/api.w.org\/{rel}","templated":true}]}}