{"id":34799,"date":"2024-12-17T15:44:25","date_gmt":"2024-12-17T14:44:25","guid":{"rendered":"https:\/\/www.markt-kom.com\/?p=228360"},"modified":"2024-12-18T07:18:03","modified_gmt":"2024-12-18T06:18:03","slug":"vorstoss-fuer-krankenkassen-werbeverbot-ist-vom-tisch","status":"publish","type":"post","link":"https:\/\/www.organisator.ch\/de\/marketing\/2024-12-17\/vorstoss-fuer-krankenkassen-werbeverbot-ist-vom-tisch\/","title":{"rendered":"Vorstoss f\u00fcr Krankenkassen-Werbeverbot ist vom Tisch"},"content":{"rendered":"<figure id=\"attachment_211065\" class=\"wp-caption aligncenter\" style=\"width: 1223px;\" aria-describedby=\"caption-attachment-211065\"><a href=\"https:\/\/www.markt-kom.com\/wp-content\/uploads\/2024\/02\/Krankenkasse-Symbolbild-Christian-Beutler.png\"><img class=\"size-full wp-image-211065\" src=\"https:\/\/www.markt-kom.com\/wp-content\/uploads\/2024\/02\/Krankenkasse-Symbolbild-Christian-Beutler.png\" sizes=\"(max-width: 1223px) 100vw, 1223px\" srcset=\"https:\/\/www.markt-kom.com\/wp-content\/uploads\/2024\/02\/Krankenkasse-Symbolbild-Christian-Beutler.png 1223w, https:\/\/www.markt-kom.com\/wp-content\/uploads\/2024\/02\/Krankenkasse-Symbolbild-Christian-Beutler-600x335.png 600w, https:\/\/www.markt-kom.com\/wp-content\/uploads\/2024\/02\/Krankenkasse-Symbolbild-Christian-Beutler-1024x571.png 1024w, https:\/\/www.markt-kom.com\/wp-content\/uploads\/2024\/02\/Krankenkasse-Symbolbild-Christian-Beutler-768x428.png 768w, https:\/\/www.markt-kom.com\/wp-content\/uploads\/2024\/02\/Krankenkasse-Symbolbild-Christian-Beutler-18x10.png 18w, https:\/\/www.markt-kom.com\/wp-content\/uploads\/2024\/02\/Krankenkasse-Symbolbild-Christian-Beutler-314x175.png 314w, https:\/\/www.markt-kom.com\/wp-content\/uploads\/2024\/02\/Krankenkasse-Symbolbild-Christian-Beutler-628x350.png 628w, https:\/\/www.markt-kom.com\/wp-content\/uploads\/2024\/02\/Krankenkasse-Symbolbild-Christian-Beutler-1000x558.png 1000w\" alt=\"\" width=\"1223\" height=\"682\" \/><\/a>\r\n<figcaption id=\"caption-attachment-211065\" class=\"wp-caption-text\">(Symbolbild: Keystone\/Christian Beutler)<\/figcaption>\r\n<\/figure>\r\n<p>Mit 122 zu 71 Stimmen gab die grosse Kammer der Parlamentarischen Initiative von Baptiste Hurni (SP\/NE) keine Folge. Hurni reichte die Initiative noch als Nationalrat ein. Heute ist er St\u00e4nderat. Er argumentierte, die Krankenkassenpr\u00e4mien stiegen und stiegen, doch die Krankenkassen machten Werbung im grossen Stil. Diese \u00abunn\u00f6tigen Ausgaben\u00bb seien zu stoppen.<\/p>\r\n<p>Die Kommission f\u00fcr soziale Sicherheit und Gesundheit des Nationalrats (SGK-N) gab der Initiative Anfang dieses Jahres noch Folge. Doch stimmte die st\u00e4nder\u00e4tliche Schwesterkommission diesem Entscheid nicht zu, sodass die Initiative zur\u00fcck in die SGK-N kam.<\/p>\r\n<p>Diese beantragte nun, dem Vorstoss keine Folge zu geben. Kommissionssprecherin Kris Vietze (TG\/FDP) sagte im Rat, bei einem Werbeverbot k\u00f6nnten aus Sicht der Kommissionsmehrheit Krankenkassen neue Angebote nicht mehr bekanntmachen. Das w\u00fcrde zwangsl\u00e4ufig Innovation, Angebotsvielfalt und Wettbewerb behindern.<\/p>\r\n<p>Auch seien Umsetzungsprobleme zu bef\u00fcrchten, da viele Krankenkassen sowohl im Grund- wie im Zusatzversicherungsbereich t\u00e4tig seien. Zudem machten die Werbeausgaben der Kassen rund 0,4 Prozent des Pr\u00e4mienvolumens aus. Es ginge also nicht um nennenswerte Einsparungen. <em>(SDA\/swi)<\/em><\/p>","protected":false},"excerpt":{"rendered":"<p>Schweizer Krankenkassen werden auch k\u00fcnftig Pr\u00e4miengelder f\u00fcr Werbung einsetzen k\u00f6nnen. Ein Parlamentsvorstoss f\u00fcr ein solches Verbot ist am Dienstag vom Nationalrat abgelehnt worden und damit vom Tisch.<\/p>\n","protected":false},"author":8,"featured_media":0,"comment_status":"closed","ping_status":"closed","sticky":false,"template":"","format":"standard","meta":{"_acf_changed":false,"_yoast_wpseo_focuskw":"Werbeverbot","_yoast_wpseo_metadesc":"Nationalrat lehnt Werbeverbot f\u00fcr Krankenkassen ab: Pr\u00e4miengelder d\u00fcrfen weiter f\u00fcr Werbung eingesetzt werden.","articlekey":"","footnotes":""},"categories":[29],"tags":[4425,339,4343],"class_list":["post-34799","post","type-post","status-publish","format-standard","hentry","category-marketing","tag-krankenkassen","tag-marketing","tag-markom"],"acf":[],"yoast_head":"<!-- This site is optimized with the Yoast SEO plugin v27.5 - https:\/\/yoast.com\/product\/yoast-seo-wordpress\/ -->\n<title>Vorstoss f\u00fcr Krankenkassen-Werbeverbot ist vom Tisch - Organisator<\/title>\n<meta name=\"description\" content=\"Nationalrat lehnt Werbeverbot f\u00fcr Krankenkassen ab: Pr\u00e4miengelder d\u00fcrfen weiter f\u00fcr Werbung eingesetzt werden.\" \/>\n<meta name=\"robots\" content=\"index, follow, max-snippet:-1, max-image-preview:large, max-video-preview:-1\" \/>\n<link rel=\"canonical\" href=\"https:\/\/www.organisator.ch\/de\/marketing\/2024-12-17\/vorstoss-fuer-krankenkassen-werbeverbot-ist-vom-tisch\/\" \/>\n<meta property=\"og:locale\" content=\"de_DE\" \/>\n<meta property=\"og:type\" content=\"article\" \/>\n<meta property=\"og:title\" content=\"Vorstoss f\u00fcr Krankenkassen-Werbeverbot ist vom Tisch - Organisator\" \/>\n<meta property=\"og:description\" content=\"Nationalrat lehnt Werbeverbot f\u00fcr Krankenkassen ab: Pr\u00e4miengelder d\u00fcrfen weiter f\u00fcr Werbung eingesetzt werden.\" \/>\n<meta property=\"og:url\" content=\"https:\/\/www.organisator.ch\/de\/marketing\/2024-12-17\/vorstoss-fuer-krankenkassen-werbeverbot-ist-vom-tisch\/\" \/>\n<meta property=\"og:site_name\" content=\"Organisator\" \/>\n<meta property=\"article:publisher\" content=\"https:\/\/www.facebook.com\/OrganisatorFachmagazin\" \/>\n<meta property=\"article:published_time\" content=\"2024-12-17T14:44:25+00:00\" \/>\n<meta property=\"article:modified_time\" content=\"2024-12-18T06:18:03+00:00\" \/>\n<meta name=\"author\" content=\"galledia\" \/>\n<meta name=\"twitter:card\" content=\"summary_large_image\" \/>\n<meta name=\"twitter:creator\" content=\"@admin\" \/>\n<script type=\"application\/ld+json\" class=\"yoast-schema-graph\">{\"@context\":\"https:\\\/\\\/schema.org\",\"@graph\":[{\"@type\":\"Article\",\"@id\":\"https:\\\/\\\/www.organisator.ch\\\/marketing\\\/2024-12-17\\\/vorstoss-fuer-krankenkassen-werbeverbot-ist-vom-tisch\\\/#article\",\"isPartOf\":{\"@id\":\"https:\\\/\\\/www.organisator.ch\\\/marketing\\\/2024-12-17\\\/vorstoss-fuer-krankenkassen-werbeverbot-ist-vom-tisch\\\/\"},\"author\":{\"name\":\"galledia\",\"@id\":\"https:\\\/\\\/www.organisator.ch\\\/#\\\/schema\\\/person\\\/4e51799071cd2dd1232ac003643ef5f0\"},\"headline\":\"Vorstoss f\u00fcr Krankenkassen-Werbeverbot ist vom Tisch\",\"datePublished\":\"2024-12-17T14:44:25+00:00\",\"dateModified\":\"2024-12-18T06:18:03+00:00\",\"mainEntityOfPage\":{\"@id\":\"https:\\\/\\\/www.organisator.ch\\\/marketing\\\/2024-12-17\\\/vorstoss-fuer-krankenkassen-werbeverbot-ist-vom-tisch\\\/\"},\"wordCount\":184,\"publisher\":{\"@id\":\"https:\\\/\\\/www.organisator.ch\\\/#organization\"},\"image\":{\"@id\":\"https:\\\/\\\/www.organisator.ch\\\/marketing\\\/2024-12-17\\\/vorstoss-fuer-krankenkassen-werbeverbot-ist-vom-tisch\\\/#primaryimage\"},\"thumbnailUrl\":\"https:\\\/\\\/www.markt-kom.com\\\/wp-content\\\/uploads\\\/2024\\\/02\\\/Krankenkasse-Symbolbild-Christian-Beutler.png\",\"keywords\":[\"Krankenkassen\",\"Marketing\",\"MarKom\"],\"articleSection\":[\"MARKETING\"],\"inLanguage\":\"de\"},{\"@type\":\"WebPage\",\"@id\":\"https:\\\/\\\/www.organisator.ch\\\/marketing\\\/2024-12-17\\\/vorstoss-fuer-krankenkassen-werbeverbot-ist-vom-tisch\\\/\",\"url\":\"https:\\\/\\\/www.organisator.ch\\\/marketing\\\/2024-12-17\\\/vorstoss-fuer-krankenkassen-werbeverbot-ist-vom-tisch\\\/\",\"name\":\"Vorstoss f\u00fcr Krankenkassen-Werbeverbot ist vom Tisch - Organisator\",\"isPartOf\":{\"@id\":\"https:\\\/\\\/www.organisator.ch\\\/#website\"},\"primaryImageOfPage\":{\"@id\":\"https:\\\/\\\/www.organisator.ch\\\/marketing\\\/2024-12-17\\\/vorstoss-fuer-krankenkassen-werbeverbot-ist-vom-tisch\\\/#primaryimage\"},\"image\":{\"@id\":\"https:\\\/\\\/www.organisator.ch\\\/marketing\\\/2024-12-17\\\/vorstoss-fuer-krankenkassen-werbeverbot-ist-vom-tisch\\\/#primaryimage\"},\"thumbnailUrl\":\"https:\\\/\\\/www.markt-kom.com\\\/wp-content\\\/uploads\\\/2024\\\/02\\\/Krankenkasse-Symbolbild-Christian-Beutler.png\",\"datePublished\":\"2024-12-17T14:44:25+00:00\",\"dateModified\":\"2024-12-18T06:18:03+00:00\",\"description\":\"Nationalrat lehnt Werbeverbot f\u00fcr Krankenkassen ab: Pr\u00e4miengelder d\u00fcrfen weiter f\u00fcr Werbung eingesetzt werden.\",\"breadcrumb\":{\"@id\":\"https:\\\/\\\/www.organisator.ch\\\/marketing\\\/2024-12-17\\\/vorstoss-fuer-krankenkassen-werbeverbot-ist-vom-tisch\\\/#breadcrumb\"},\"inLanguage\":\"de\",\"potentialAction\":[{\"@type\":\"ReadAction\",\"target\":[\"https:\\\/\\\/www.organisator.ch\\\/marketing\\\/2024-12-17\\\/vorstoss-fuer-krankenkassen-werbeverbot-ist-vom-tisch\\\/\"]}]},{\"@type\":\"ImageObject\",\"inLanguage\":\"de\",\"@id\":\"https:\\\/\\\/www.organisator.ch\\\/marketing\\\/2024-12-17\\\/vorstoss-fuer-krankenkassen-werbeverbot-ist-vom-tisch\\\/#primaryimage\",\"url\":\"https:\\\/\\\/www.markt-kom.com\\\/wp-content\\\/uploads\\\/2024\\\/02\\\/Krankenkasse-Symbolbild-Christian-Beutler.png\",\"contentUrl\":\"https:\\\/\\\/www.markt-kom.com\\\/wp-content\\\/uploads\\\/2024\\\/02\\\/Krankenkasse-Symbolbild-Christian-Beutler.png\"},{\"@type\":\"BreadcrumbList\",\"@id\":\"https:\\\/\\\/www.organisator.ch\\\/marketing\\\/2024-12-17\\\/vorstoss-fuer-krankenkassen-werbeverbot-ist-vom-tisch\\\/#breadcrumb\",\"itemListElement\":[{\"@type\":\"ListItem\",\"position\":1,\"name\":\"Home\",\"item\":\"https:\\\/\\\/www.organisator.ch\\\/\"},{\"@type\":\"ListItem\",\"position\":2,\"name\":\"Vorstoss f\u00fcr Krankenkassen-Werbeverbot ist vom Tisch\"}]},{\"@type\":\"WebSite\",\"@id\":\"https:\\\/\\\/www.organisator.ch\\\/#website\",\"url\":\"https:\\\/\\\/www.organisator.ch\\\/\",\"name\":\"Organisator\",\"description\":\"Kompetent. Praxisnah. Der ORGANISATOR bereitet in 10 Ausgaben pro Jahr die wesentlichen Themen f\u00fcr F\u00fchrungskr\u00e4fte von KMU auf.\",\"publisher\":{\"@id\":\"https:\\\/\\\/www.organisator.ch\\\/#organization\"},\"potentialAction\":[{\"@type\":\"SearchAction\",\"target\":{\"@type\":\"EntryPoint\",\"urlTemplate\":\"https:\\\/\\\/www.organisator.ch\\\/?s={search_term_string}\"},\"query-input\":{\"@type\":\"PropertyValueSpecification\",\"valueRequired\":true,\"valueName\":\"search_term_string\"}}],\"inLanguage\":\"de\"},{\"@type\":\"Organization\",\"@id\":\"https:\\\/\\\/www.organisator.ch\\\/#organization\",\"name\":\"Organisator\",\"url\":\"https:\\\/\\\/www.organisator.ch\\\/\",\"logo\":{\"@type\":\"ImageObject\",\"inLanguage\":\"de\",\"@id\":\"https:\\\/\\\/www.organisator.ch\\\/#\\\/schema\\\/logo\\\/image\\\/\",\"url\":\"https:\\\/\\\/www.organisator.ch\\\/wp-content\\\/uploads\\\/2022\\\/01\\\/Logo_Organisator_Website.png\",\"contentUrl\":\"https:\\\/\\\/www.organisator.ch\\\/wp-content\\\/uploads\\\/2022\\\/01\\\/Logo_Organisator_Website.png\",\"width\":800,\"height\":77,\"caption\":\"Organisator\"},\"image\":{\"@id\":\"https:\\\/\\\/www.organisator.ch\\\/#\\\/schema\\\/logo\\\/image\\\/\"},\"sameAs\":[\"https:\\\/\\\/www.facebook.com\\\/OrganisatorFachmagazin\",\"https:\\\/\\\/www.linkedin.com\\\/showcase\\\/organisator-das-magazin-fr-kmu\",\"https:\\\/\\\/www.xing.com\\\/news\\\/pages\\\/organisator-ch-695\",\"https:\\\/\\\/www.youtube.com\\\/channel\\\/UCGP2Sq0iWaZwT3BdIAQFYpw\"]},{\"@type\":\"Person\",\"@id\":\"https:\\\/\\\/www.organisator.ch\\\/#\\\/schema\\\/person\\\/4e51799071cd2dd1232ac003643ef5f0\",\"name\":\"galledia\",\"image\":{\"@type\":\"ImageObject\",\"inLanguage\":\"de\",\"@id\":\"https:\\\/\\\/secure.gravatar.com\\\/avatar\\\/78a7f90c01fc2bfc875782a0d4922b37cde2cf184ce347b91316d23cd7f69a36?s=96&d=mm&r=g\",\"url\":\"https:\\\/\\\/secure.gravatar.com\\\/avatar\\\/78a7f90c01fc2bfc875782a0d4922b37cde2cf184ce347b91316d23cd7f69a36?s=96&d=mm&r=g\",\"contentUrl\":\"https:\\\/\\\/secure.gravatar.com\\\/avatar\\\/78a7f90c01fc2bfc875782a0d4922b37cde2cf184ce347b91316d23cd7f69a36?s=96&d=mm&r=g\",\"caption\":\"galledia\"},\"sameAs\":[\"https:\\\/\\\/x.com\\\/admin\"],\"url\":\"https:\\\/\\\/www.organisator.ch\\\/de\\\/author\\\/galledia\\\/\"}]}<\/script>\n<!-- \/ Yoast SEO plugin. -->","yoast_head_json":{"title":"Vorstoss f\u00fcr Krankenkassen-Werbeverbot ist vom Tisch - Organisator","description":"Nationalrat lehnt Werbeverbot f\u00fcr Krankenkassen ab: Pr\u00e4miengelder d\u00fcrfen weiter f\u00fcr Werbung eingesetzt werden.","robots":{"index":"index","follow":"follow","max-snippet":"max-snippet:-1","max-image-preview":"max-image-preview:large","max-video-preview":"max-video-preview:-1"},"canonical":"https:\/\/www.organisator.ch\/de\/marketing\/2024-12-17\/vorstoss-fuer-krankenkassen-werbeverbot-ist-vom-tisch\/","og_locale":"de_DE","og_type":"article","og_title":"Vorstoss f\u00fcr Krankenkassen-Werbeverbot ist vom Tisch - Organisator","og_description":"Nationalrat lehnt Werbeverbot f\u00fcr Krankenkassen ab: Pr\u00e4miengelder d\u00fcrfen weiter f\u00fcr Werbung eingesetzt werden.","og_url":"https:\/\/www.organisator.ch\/de\/marketing\/2024-12-17\/vorstoss-fuer-krankenkassen-werbeverbot-ist-vom-tisch\/","og_site_name":"Organisator","article_publisher":"https:\/\/www.facebook.com\/OrganisatorFachmagazin","article_published_time":"2024-12-17T14:44:25+00:00","article_modified_time":"2024-12-18T06:18:03+00:00","author":"galledia","twitter_card":"summary_large_image","twitter_creator":"@admin","schema":{"@context":"https:\/\/schema.org","@graph":[{"@type":"Article","@id":"https:\/\/www.organisator.ch\/marketing\/2024-12-17\/vorstoss-fuer-krankenkassen-werbeverbot-ist-vom-tisch\/#article","isPartOf":{"@id":"https:\/\/www.organisator.ch\/marketing\/2024-12-17\/vorstoss-fuer-krankenkassen-werbeverbot-ist-vom-tisch\/"},"author":{"name":"galledia","@id":"https:\/\/www.organisator.ch\/#\/schema\/person\/4e51799071cd2dd1232ac003643ef5f0"},"headline":"Vorstoss f\u00fcr Krankenkassen-Werbeverbot ist vom Tisch","datePublished":"2024-12-17T14:44:25+00:00","dateModified":"2024-12-18T06:18:03+00:00","mainEntityOfPage":{"@id":"https:\/\/www.organisator.ch\/marketing\/2024-12-17\/vorstoss-fuer-krankenkassen-werbeverbot-ist-vom-tisch\/"},"wordCount":184,"publisher":{"@id":"https:\/\/www.organisator.ch\/#organization"},"image":{"@id":"https:\/\/www.organisator.ch\/marketing\/2024-12-17\/vorstoss-fuer-krankenkassen-werbeverbot-ist-vom-tisch\/#primaryimage"},"thumbnailUrl":"https:\/\/www.markt-kom.com\/wp-content\/uploads\/2024\/02\/Krankenkasse-Symbolbild-Christian-Beutler.png","keywords":["Krankenkassen","Marketing","MarKom"],"articleSection":["MARKETING"],"inLanguage":"de"},{"@type":"WebPage","@id":"https:\/\/www.organisator.ch\/marketing\/2024-12-17\/vorstoss-fuer-krankenkassen-werbeverbot-ist-vom-tisch\/","url":"https:\/\/www.organisator.ch\/marketing\/2024-12-17\/vorstoss-fuer-krankenkassen-werbeverbot-ist-vom-tisch\/","name":"Vorstoss f\u00fcr Krankenkassen-Werbeverbot ist vom Tisch - Organisator","isPartOf":{"@id":"https:\/\/www.organisator.ch\/#website"},"primaryImageOfPage":{"@id":"https:\/\/www.organisator.ch\/marketing\/2024-12-17\/vorstoss-fuer-krankenkassen-werbeverbot-ist-vom-tisch\/#primaryimage"},"image":{"@id":"https:\/\/www.organisator.ch\/marketing\/2024-12-17\/vorstoss-fuer-krankenkassen-werbeverbot-ist-vom-tisch\/#primaryimage"},"thumbnailUrl":"https:\/\/www.markt-kom.com\/wp-content\/uploads\/2024\/02\/Krankenkasse-Symbolbild-Christian-Beutler.png","datePublished":"2024-12-17T14:44:25+00:00","dateModified":"2024-12-18T06:18:03+00:00","description":"Nationalrat lehnt Werbeverbot f\u00fcr Krankenkassen ab: Pr\u00e4miengelder d\u00fcrfen weiter f\u00fcr Werbung eingesetzt werden.","breadcrumb":{"@id":"https:\/\/www.organisator.ch\/marketing\/2024-12-17\/vorstoss-fuer-krankenkassen-werbeverbot-ist-vom-tisch\/#breadcrumb"},"inLanguage":"de","potentialAction":[{"@type":"ReadAction","target":["https:\/\/www.organisator.ch\/marketing\/2024-12-17\/vorstoss-fuer-krankenkassen-werbeverbot-ist-vom-tisch\/"]}]},{"@type":"ImageObject","inLanguage":"de","@id":"https:\/\/www.organisator.ch\/marketing\/2024-12-17\/vorstoss-fuer-krankenkassen-werbeverbot-ist-vom-tisch\/#primaryimage","url":"https:\/\/www.markt-kom.com\/wp-content\/uploads\/2024\/02\/Krankenkasse-Symbolbild-Christian-Beutler.png","contentUrl":"https:\/\/www.markt-kom.com\/wp-content\/uploads\/2024\/02\/Krankenkasse-Symbolbild-Christian-Beutler.png"},{"@type":"BreadcrumbList","@id":"https:\/\/www.organisator.ch\/marketing\/2024-12-17\/vorstoss-fuer-krankenkassen-werbeverbot-ist-vom-tisch\/#breadcrumb","itemListElement":[{"@type":"ListItem","position":1,"name":"Home","item":"https:\/\/www.organisator.ch\/"},{"@type":"ListItem","position":2,"name":"Vorstoss f\u00fcr Krankenkassen-Werbeverbot ist vom Tisch"}]},{"@type":"WebSite","@id":"https:\/\/www.organisator.ch\/#website","url":"https:\/\/www.organisator.ch\/","name":"Organisator","description":"Kompetent. Praxisnah. Der ORGANISATOR bereitet in 10 Ausgaben pro Jahr die wesentlichen Themen f\u00fcr F\u00fchrungskr\u00e4fte von KMU auf.","publisher":{"@id":"https:\/\/www.organisator.ch\/#organization"},"potentialAction":[{"@type":"SearchAction","target":{"@type":"EntryPoint","urlTemplate":"https:\/\/www.organisator.ch\/?s={search_term_string}"},"query-input":{"@type":"PropertyValueSpecification","valueRequired":true,"valueName":"search_term_string"}}],"inLanguage":"de"},{"@type":"Organization","@id":"https:\/\/www.organisator.ch\/#organization","name":"Organisator","url":"https:\/\/www.organisator.ch\/","logo":{"@type":"ImageObject","inLanguage":"de","@id":"https:\/\/www.organisator.ch\/#\/schema\/logo\/image\/","url":"https:\/\/www.organisator.ch\/wp-content\/uploads\/2022\/01\/Logo_Organisator_Website.png","contentUrl":"https:\/\/www.organisator.ch\/wp-content\/uploads\/2022\/01\/Logo_Organisator_Website.png","width":800,"height":77,"caption":"Organisator"},"image":{"@id":"https:\/\/www.organisator.ch\/#\/schema\/logo\/image\/"},"sameAs":["https:\/\/www.facebook.com\/OrganisatorFachmagazin","https:\/\/www.linkedin.com\/showcase\/organisator-das-magazin-fr-kmu","https:\/\/www.xing.com\/news\/pages\/organisator-ch-695","https:\/\/www.youtube.com\/channel\/UCGP2Sq0iWaZwT3BdIAQFYpw"]},{"@type":"Person","@id":"https:\/\/www.organisator.ch\/#\/schema\/person\/4e51799071cd2dd1232ac003643ef5f0","name":"galledia","image":{"@type":"ImageObject","inLanguage":"de","@id":"https:\/\/secure.gravatar.com\/avatar\/78a7f90c01fc2bfc875782a0d4922b37cde2cf184ce347b91316d23cd7f69a36?s=96&d=mm&r=g","url":"https:\/\/secure.gravatar.com\/avatar\/78a7f90c01fc2bfc875782a0d4922b37cde2cf184ce347b91316d23cd7f69a36?s=96&d=mm&r=g","contentUrl":"https:\/\/secure.gravatar.com\/avatar\/78a7f90c01fc2bfc875782a0d4922b37cde2cf184ce347b91316d23cd7f69a36?s=96&d=mm&r=g","caption":"galledia"},"sameAs":["https:\/\/x.com\/admin"],"url":"https:\/\/www.organisator.ch\/de\/author\/galledia\/"}]}},"_links":{"self":[{"href":"https:\/\/www.organisator.ch\/de\/wp-json\/wp\/v2\/posts\/34799","targetHints":{"allow":["GET"]}}],"collection":[{"href":"https:\/\/www.organisator.ch\/de\/wp-json\/wp\/v2\/posts"}],"about":[{"href":"https:\/\/www.organisator.ch\/de\/wp-json\/wp\/v2\/types\/post"}],"author":[{"embeddable":true,"href":"https:\/\/www.organisator.ch\/de\/wp-json\/wp\/v2\/users\/8"}],"replies":[{"embeddable":true,"href":"https:\/\/www.organisator.ch\/de\/wp-json\/wp\/v2\/comments?post=34799"}],"version-history":[{"count":5,"href":"https:\/\/www.organisator.ch\/de\/wp-json\/wp\/v2\/posts\/34799\/revisions"}],"predecessor-version":[{"id":34815,"href":"https:\/\/www.organisator.ch\/de\/wp-json\/wp\/v2\/posts\/34799\/revisions\/34815"}],"wp:attachment":[{"href":"https:\/\/www.organisator.ch\/de\/wp-json\/wp\/v2\/media?parent=34799"}],"wp:term":[{"taxonomy":"category","embeddable":true,"href":"https:\/\/www.organisator.ch\/de\/wp-json\/wp\/v2\/categories?post=34799"},{"taxonomy":"post_tag","embeddable":true,"href":"https:\/\/www.organisator.ch\/de\/wp-json\/wp\/v2\/tags?post=34799"}],"curies":[{"name":"wp","href":"https:\/\/api.w.org\/{rel}","templated":true}]}}