{"id":34858,"date":"2024-12-19T13:20:53","date_gmt":"2024-12-19T12:20:53","guid":{"rendered":"https:\/\/www.markt-kom.com\/?p=228420"},"modified":"2024-12-19T13:22:24","modified_gmt":"2024-12-19T12:22:24","slug":"feinheit-holt-lucas-bally-fuer-die-politische-strategieberatung","status":"publish","type":"post","link":"https:\/\/www.organisator.ch\/de\/marketing\/2024-12-19\/feinheit-holt-lucas-bally-fuer-die-politische-strategieberatung\/","title":{"rendered":"Feinheit holt Lucas Bally f\u00fcr die politische Strategieberatung"},"content":{"rendered":"<figure id=\"attachment_228421\" class=\"wp-caption aligncenter\" style=\"width: 1200px;\" aria-describedby=\"caption-attachment-228421\"><a href=\"https:\/\/www.markt-kom.com\/wp-content\/uploads\/2024\/12\/20241218_Feinheit_Medienmitteilung_Lucas-Bally_zvg.jpg\"><img class=\"size-full wp-image-228421\" src=\"https:\/\/www.markt-kom.com\/wp-content\/uploads\/2024\/12\/20241218_Feinheit_Medienmitteilung_Lucas-Bally_zvg.jpg\" sizes=\"(max-width: 1200px) 100vw, 1200px\" srcset=\"https:\/\/www.markt-kom.com\/wp-content\/uploads\/2024\/12\/20241218_Feinheit_Medienmitteilung_Lucas-Bally_zvg.jpg 1200w, https:\/\/www.markt-kom.com\/wp-content\/uploads\/2024\/12\/20241218_Feinheit_Medienmitteilung_Lucas-Bally_zvg-600x450.jpg 600w, https:\/\/www.markt-kom.com\/wp-content\/uploads\/2024\/12\/20241218_Feinheit_Medienmitteilung_Lucas-Bally_zvg-1024x768.jpg 1024w, https:\/\/www.markt-kom.com\/wp-content\/uploads\/2024\/12\/20241218_Feinheit_Medienmitteilung_Lucas-Bally_zvg-768x576.jpg 768w, https:\/\/www.markt-kom.com\/wp-content\/uploads\/2024\/12\/20241218_Feinheit_Medienmitteilung_Lucas-Bally_zvg-16x12.jpg 16w, https:\/\/www.markt-kom.com\/wp-content\/uploads\/2024\/12\/20241218_Feinheit_Medienmitteilung_Lucas-Bally_zvg-233x175.jpg 233w, https:\/\/www.markt-kom.com\/wp-content\/uploads\/2024\/12\/20241218_Feinheit_Medienmitteilung_Lucas-Bally_zvg-467x350.jpg 467w, https:\/\/www.markt-kom.com\/wp-content\/uploads\/2024\/12\/20241218_Feinheit_Medienmitteilung_Lucas-Bally_zvg-1000x750.jpg 1000w\" alt=\"\" width=\"1200\" height=\"900\" \/><\/a>\r\n<figcaption id=\"caption-attachment-228421\" class=\"wp-caption-text\">(Bild: zVg.)<\/figcaption>\r\n<\/figure>\r\n<p>Bei Feinheit ist Lucas Bally als Strategie- und Kommunikationsberater t\u00e4tig. Er bringt viel Erfahrung in der \u00f6ffentlichen Verwaltung mit. Bei der Stadt Z\u00fcrich war Bally neun Jahre im Hochbaudepartement t\u00e4tig, zuletzt als Kommunikationsleiter. Dadurch kennt sich der 47-J\u00e4hrige bestens mit dem politischen System, der Medienlandschaft und Verwaltungsabl\u00e4ufen aus. \u00abAn meinen neuen Aufgaben bei Feinheit reizt mich, dass ich \u00fcber die kommunale Politszene hinaus agieren und neue Themenfelder bearbeiten kann\u00bb, so Lucas Bally.<\/p>\r\n<h3><strong>Wichtige Verst\u00e4rkung<\/strong><\/h3>\r\n<p>Die Verpflichtung von Lucas Bally kommt f\u00fcr die Agentur zum richtigen Zeitpunkt: Anfang 2024 hat Feinheit angek\u00fcndigt, die politische Strategieberatung f\u00fcr Beh\u00f6rden, Organisationen und Unternehmen zu st\u00e4rken. \u00abLucas ist die ideale Erg\u00e4nzung zum bestehenden Team. Mit ihm k\u00f6nnen wir unsere St\u00e4rke in der politischen Analyse, Strategie und Kommunikation noch besser ausspielen\u00bb, so Isabelle Bamert, Partnerin der Agentur.<\/p>\r\n<p>Der geb\u00fcrtige Basler bringt zahlreiche weitere Kenntnisse mit, die er bei Feinheit einsetzen kann: Nach einem Masterstudium in Publizistik, Soziologie und Informatik an der Universit\u00e4t Z\u00fcrich war er zun\u00e4chst in einem Internet-StartUp t\u00e4tig. Dann wechselte er zu Schweizer Radio und Fernsehen, um dort Online-Projekte zu leiten und die erste abteilungs\u00fcbergreifende Social-Media-Strategie einzuf\u00fchren.<\/p>","protected":false},"excerpt":{"rendered":"<p>F\u00fcr das Jahr 2024 hatte sich Feinheit das Ziel gesetzt, die politische Strategieberatung auszubauen. Daf\u00fcr holte sich die Agentur Lucas Bally als Verst\u00e4rkung ins Beratungsteam. Er war zuvor als Kommunikationsleiter beim Hochbaudepartement der Stadt Z\u00fcrich t\u00e4tig.<\/p>\n","protected":false},"author":8,"featured_media":0,"comment_status":"closed","ping_status":"closed","sticky":false,"template":"","format":"standard","meta":{"_acf_changed":false,"_yoast_wpseo_focuskw":"Lucas Bally","_yoast_wpseo_metadesc":"Feinheit verst\u00e4rkt das Team mit Lucas Bally, Experte f\u00fcr politische Strategieberatung. Ziel: Ausbau der Beratung f\u00fcr Beh\u00f6rden und Organisationen.","articlekey":"","footnotes":""},"categories":[29],"tags":[4345,4287,2853],"class_list":["post-34858","post","type-post","status-publish","format-standard","hentry","category-marketing","tag-business","tag-feinheit","tag-jobchange"],"acf":[],"yoast_head":"<!-- This site is optimized with the Yoast SEO plugin v27.5 - https:\/\/yoast.com\/product\/yoast-seo-wordpress\/ -->\n<title>Feinheit holt Lucas Bally f\u00fcr die politische Strategieberatung - Organisator<\/title>\n<meta name=\"description\" content=\"Feinheit verst\u00e4rkt das Team mit Lucas Bally, Experte f\u00fcr politische Strategieberatung. Ziel: Ausbau der Beratung f\u00fcr Beh\u00f6rden und Organisationen.\" \/>\n<meta name=\"robots\" content=\"index, follow, max-snippet:-1, max-image-preview:large, max-video-preview:-1\" \/>\n<link rel=\"canonical\" href=\"https:\/\/www.organisator.ch\/de\/marketing\/2024-12-19\/feinheit-holt-lucas-bally-fuer-die-politische-strategieberatung\/\" \/>\n<meta property=\"og:locale\" content=\"de_DE\" \/>\n<meta property=\"og:type\" content=\"article\" \/>\n<meta property=\"og:title\" content=\"Feinheit holt Lucas Bally f\u00fcr die politische Strategieberatung - Organisator\" \/>\n<meta property=\"og:description\" content=\"Feinheit verst\u00e4rkt das Team mit Lucas Bally, Experte f\u00fcr politische Strategieberatung. Ziel: Ausbau der Beratung f\u00fcr Beh\u00f6rden und Organisationen.\" \/>\n<meta property=\"og:url\" content=\"https:\/\/www.organisator.ch\/de\/marketing\/2024-12-19\/feinheit-holt-lucas-bally-fuer-die-politische-strategieberatung\/\" \/>\n<meta property=\"og:site_name\" content=\"Organisator\" \/>\n<meta property=\"article:publisher\" content=\"https:\/\/www.facebook.com\/OrganisatorFachmagazin\" \/>\n<meta property=\"article:published_time\" content=\"2024-12-19T12:20:53+00:00\" \/>\n<meta property=\"article:modified_time\" content=\"2024-12-19T12:22:24+00:00\" \/>\n<meta name=\"author\" content=\"galledia\" \/>\n<meta name=\"twitter:card\" content=\"summary_large_image\" \/>\n<meta name=\"twitter:creator\" content=\"@admin\" \/>\n<script type=\"application\/ld+json\" class=\"yoast-schema-graph\">{\"@context\":\"https:\\\/\\\/schema.org\",\"@graph\":[{\"@type\":\"Article\",\"@id\":\"https:\\\/\\\/www.organisator.ch\\\/marketing\\\/2024-12-19\\\/feinheit-holt-lucas-bally-fuer-die-politische-strategieberatung\\\/#article\",\"isPartOf\":{\"@id\":\"https:\\\/\\\/www.organisator.ch\\\/marketing\\\/2024-12-19\\\/feinheit-holt-lucas-bally-fuer-die-politische-strategieberatung\\\/\"},\"author\":{\"name\":\"galledia\",\"@id\":\"https:\\\/\\\/www.organisator.ch\\\/#\\\/schema\\\/person\\\/4e51799071cd2dd1232ac003643ef5f0\"},\"headline\":\"Feinheit holt Lucas Bally f\u00fcr die politische Strategieberatung\",\"datePublished\":\"2024-12-19T12:20:53+00:00\",\"dateModified\":\"2024-12-19T12:22:24+00:00\",\"mainEntityOfPage\":{\"@id\":\"https:\\\/\\\/www.organisator.ch\\\/marketing\\\/2024-12-19\\\/feinheit-holt-lucas-bally-fuer-die-politische-strategieberatung\\\/\"},\"wordCount\":214,\"publisher\":{\"@id\":\"https:\\\/\\\/www.organisator.ch\\\/#organization\"},\"image\":{\"@id\":\"https:\\\/\\\/www.organisator.ch\\\/marketing\\\/2024-12-19\\\/feinheit-holt-lucas-bally-fuer-die-politische-strategieberatung\\\/#primaryimage\"},\"thumbnailUrl\":\"https:\\\/\\\/www.markt-kom.com\\\/wp-content\\\/uploads\\\/2024\\\/12\\\/20241218_Feinheit_Medienmitteilung_Lucas-Bally_zvg.jpg\",\"keywords\":[\"Business\",\"Feinheit\",\"Jobchange\"],\"articleSection\":[\"MARKETING\"],\"inLanguage\":\"de\"},{\"@type\":\"WebPage\",\"@id\":\"https:\\\/\\\/www.organisator.ch\\\/marketing\\\/2024-12-19\\\/feinheit-holt-lucas-bally-fuer-die-politische-strategieberatung\\\/\",\"url\":\"https:\\\/\\\/www.organisator.ch\\\/marketing\\\/2024-12-19\\\/feinheit-holt-lucas-bally-fuer-die-politische-strategieberatung\\\/\",\"name\":\"Feinheit holt Lucas Bally f\u00fcr die politische Strategieberatung - Organisator\",\"isPartOf\":{\"@id\":\"https:\\\/\\\/www.organisator.ch\\\/#website\"},\"primaryImageOfPage\":{\"@id\":\"https:\\\/\\\/www.organisator.ch\\\/marketing\\\/2024-12-19\\\/feinheit-holt-lucas-bally-fuer-die-politische-strategieberatung\\\/#primaryimage\"},\"image\":{\"@id\":\"https:\\\/\\\/www.organisator.ch\\\/marketing\\\/2024-12-19\\\/feinheit-holt-lucas-bally-fuer-die-politische-strategieberatung\\\/#primaryimage\"},\"thumbnailUrl\":\"https:\\\/\\\/www.markt-kom.com\\\/wp-content\\\/uploads\\\/2024\\\/12\\\/20241218_Feinheit_Medienmitteilung_Lucas-Bally_zvg.jpg\",\"datePublished\":\"2024-12-19T12:20:53+00:00\",\"dateModified\":\"2024-12-19T12:22:24+00:00\",\"description\":\"Feinheit verst\u00e4rkt das Team mit Lucas Bally, Experte f\u00fcr politische Strategieberatung. Ziel: Ausbau der Beratung f\u00fcr Beh\u00f6rden und Organisationen.\",\"breadcrumb\":{\"@id\":\"https:\\\/\\\/www.organisator.ch\\\/marketing\\\/2024-12-19\\\/feinheit-holt-lucas-bally-fuer-die-politische-strategieberatung\\\/#breadcrumb\"},\"inLanguage\":\"de\",\"potentialAction\":[{\"@type\":\"ReadAction\",\"target\":[\"https:\\\/\\\/www.organisator.ch\\\/marketing\\\/2024-12-19\\\/feinheit-holt-lucas-bally-fuer-die-politische-strategieberatung\\\/\"]}]},{\"@type\":\"ImageObject\",\"inLanguage\":\"de\",\"@id\":\"https:\\\/\\\/www.organisator.ch\\\/marketing\\\/2024-12-19\\\/feinheit-holt-lucas-bally-fuer-die-politische-strategieberatung\\\/#primaryimage\",\"url\":\"https:\\\/\\\/www.markt-kom.com\\\/wp-content\\\/uploads\\\/2024\\\/12\\\/20241218_Feinheit_Medienmitteilung_Lucas-Bally_zvg.jpg\",\"contentUrl\":\"https:\\\/\\\/www.markt-kom.com\\\/wp-content\\\/uploads\\\/2024\\\/12\\\/20241218_Feinheit_Medienmitteilung_Lucas-Bally_zvg.jpg\"},{\"@type\":\"BreadcrumbList\",\"@id\":\"https:\\\/\\\/www.organisator.ch\\\/marketing\\\/2024-12-19\\\/feinheit-holt-lucas-bally-fuer-die-politische-strategieberatung\\\/#breadcrumb\",\"itemListElement\":[{\"@type\":\"ListItem\",\"position\":1,\"name\":\"Home\",\"item\":\"https:\\\/\\\/www.organisator.ch\\\/\"},{\"@type\":\"ListItem\",\"position\":2,\"name\":\"Feinheit holt Lucas Bally f\u00fcr die politische Strategieberatung\"}]},{\"@type\":\"WebSite\",\"@id\":\"https:\\\/\\\/www.organisator.ch\\\/#website\",\"url\":\"https:\\\/\\\/www.organisator.ch\\\/\",\"name\":\"Organisator\",\"description\":\"Kompetent. Praxisnah. Der ORGANISATOR bereitet in 10 Ausgaben pro Jahr die wesentlichen Themen f\u00fcr F\u00fchrungskr\u00e4fte von KMU auf.\",\"publisher\":{\"@id\":\"https:\\\/\\\/www.organisator.ch\\\/#organization\"},\"potentialAction\":[{\"@type\":\"SearchAction\",\"target\":{\"@type\":\"EntryPoint\",\"urlTemplate\":\"https:\\\/\\\/www.organisator.ch\\\/?s={search_term_string}\"},\"query-input\":{\"@type\":\"PropertyValueSpecification\",\"valueRequired\":true,\"valueName\":\"search_term_string\"}}],\"inLanguage\":\"de\"},{\"@type\":\"Organization\",\"@id\":\"https:\\\/\\\/www.organisator.ch\\\/#organization\",\"name\":\"Organisator\",\"url\":\"https:\\\/\\\/www.organisator.ch\\\/\",\"logo\":{\"@type\":\"ImageObject\",\"inLanguage\":\"de\",\"@id\":\"https:\\\/\\\/www.organisator.ch\\\/#\\\/schema\\\/logo\\\/image\\\/\",\"url\":\"https:\\\/\\\/www.organisator.ch\\\/wp-content\\\/uploads\\\/2022\\\/01\\\/Logo_Organisator_Website.png\",\"contentUrl\":\"https:\\\/\\\/www.organisator.ch\\\/wp-content\\\/uploads\\\/2022\\\/01\\\/Logo_Organisator_Website.png\",\"width\":800,\"height\":77,\"caption\":\"Organisator\"},\"image\":{\"@id\":\"https:\\\/\\\/www.organisator.ch\\\/#\\\/schema\\\/logo\\\/image\\\/\"},\"sameAs\":[\"https:\\\/\\\/www.facebook.com\\\/OrganisatorFachmagazin\",\"https:\\\/\\\/www.linkedin.com\\\/showcase\\\/organisator-das-magazin-fr-kmu\",\"https:\\\/\\\/www.xing.com\\\/news\\\/pages\\\/organisator-ch-695\",\"https:\\\/\\\/www.youtube.com\\\/channel\\\/UCGP2Sq0iWaZwT3BdIAQFYpw\"]},{\"@type\":\"Person\",\"@id\":\"https:\\\/\\\/www.organisator.ch\\\/#\\\/schema\\\/person\\\/4e51799071cd2dd1232ac003643ef5f0\",\"name\":\"galledia\",\"image\":{\"@type\":\"ImageObject\",\"inLanguage\":\"de\",\"@id\":\"https:\\\/\\\/secure.gravatar.com\\\/avatar\\\/78a7f90c01fc2bfc875782a0d4922b37cde2cf184ce347b91316d23cd7f69a36?s=96&d=mm&r=g\",\"url\":\"https:\\\/\\\/secure.gravatar.com\\\/avatar\\\/78a7f90c01fc2bfc875782a0d4922b37cde2cf184ce347b91316d23cd7f69a36?s=96&d=mm&r=g\",\"contentUrl\":\"https:\\\/\\\/secure.gravatar.com\\\/avatar\\\/78a7f90c01fc2bfc875782a0d4922b37cde2cf184ce347b91316d23cd7f69a36?s=96&d=mm&r=g\",\"caption\":\"galledia\"},\"sameAs\":[\"https:\\\/\\\/x.com\\\/admin\"],\"url\":\"https:\\\/\\\/www.organisator.ch\\\/de\\\/author\\\/galledia\\\/\"}]}<\/script>\n<!-- \/ Yoast SEO plugin. -->","yoast_head_json":{"title":"Feinheit holt Lucas Bally f\u00fcr die politische Strategieberatung - Organisator","description":"Feinheit verst\u00e4rkt das Team mit Lucas Bally, Experte f\u00fcr politische Strategieberatung. Ziel: Ausbau der Beratung f\u00fcr Beh\u00f6rden und Organisationen.","robots":{"index":"index","follow":"follow","max-snippet":"max-snippet:-1","max-image-preview":"max-image-preview:large","max-video-preview":"max-video-preview:-1"},"canonical":"https:\/\/www.organisator.ch\/de\/marketing\/2024-12-19\/feinheit-holt-lucas-bally-fuer-die-politische-strategieberatung\/","og_locale":"de_DE","og_type":"article","og_title":"Feinheit holt Lucas Bally f\u00fcr die politische Strategieberatung - Organisator","og_description":"Feinheit verst\u00e4rkt das Team mit Lucas Bally, Experte f\u00fcr politische Strategieberatung. Ziel: Ausbau der Beratung f\u00fcr Beh\u00f6rden und Organisationen.","og_url":"https:\/\/www.organisator.ch\/de\/marketing\/2024-12-19\/feinheit-holt-lucas-bally-fuer-die-politische-strategieberatung\/","og_site_name":"Organisator","article_publisher":"https:\/\/www.facebook.com\/OrganisatorFachmagazin","article_published_time":"2024-12-19T12:20:53+00:00","article_modified_time":"2024-12-19T12:22:24+00:00","author":"galledia","twitter_card":"summary_large_image","twitter_creator":"@admin","schema":{"@context":"https:\/\/schema.org","@graph":[{"@type":"Article","@id":"https:\/\/www.organisator.ch\/marketing\/2024-12-19\/feinheit-holt-lucas-bally-fuer-die-politische-strategieberatung\/#article","isPartOf":{"@id":"https:\/\/www.organisator.ch\/marketing\/2024-12-19\/feinheit-holt-lucas-bally-fuer-die-politische-strategieberatung\/"},"author":{"name":"galledia","@id":"https:\/\/www.organisator.ch\/#\/schema\/person\/4e51799071cd2dd1232ac003643ef5f0"},"headline":"Feinheit holt Lucas Bally f\u00fcr die politische Strategieberatung","datePublished":"2024-12-19T12:20:53+00:00","dateModified":"2024-12-19T12:22:24+00:00","mainEntityOfPage":{"@id":"https:\/\/www.organisator.ch\/marketing\/2024-12-19\/feinheit-holt-lucas-bally-fuer-die-politische-strategieberatung\/"},"wordCount":214,"publisher":{"@id":"https:\/\/www.organisator.ch\/#organization"},"image":{"@id":"https:\/\/www.organisator.ch\/marketing\/2024-12-19\/feinheit-holt-lucas-bally-fuer-die-politische-strategieberatung\/#primaryimage"},"thumbnailUrl":"https:\/\/www.markt-kom.com\/wp-content\/uploads\/2024\/12\/20241218_Feinheit_Medienmitteilung_Lucas-Bally_zvg.jpg","keywords":["Business","Feinheit","Jobchange"],"articleSection":["MARKETING"],"inLanguage":"de"},{"@type":"WebPage","@id":"https:\/\/www.organisator.ch\/marketing\/2024-12-19\/feinheit-holt-lucas-bally-fuer-die-politische-strategieberatung\/","url":"https:\/\/www.organisator.ch\/marketing\/2024-12-19\/feinheit-holt-lucas-bally-fuer-die-politische-strategieberatung\/","name":"Feinheit holt Lucas Bally f\u00fcr die politische Strategieberatung - Organisator","isPartOf":{"@id":"https:\/\/www.organisator.ch\/#website"},"primaryImageOfPage":{"@id":"https:\/\/www.organisator.ch\/marketing\/2024-12-19\/feinheit-holt-lucas-bally-fuer-die-politische-strategieberatung\/#primaryimage"},"image":{"@id":"https:\/\/www.organisator.ch\/marketing\/2024-12-19\/feinheit-holt-lucas-bally-fuer-die-politische-strategieberatung\/#primaryimage"},"thumbnailUrl":"https:\/\/www.markt-kom.com\/wp-content\/uploads\/2024\/12\/20241218_Feinheit_Medienmitteilung_Lucas-Bally_zvg.jpg","datePublished":"2024-12-19T12:20:53+00:00","dateModified":"2024-12-19T12:22:24+00:00","description":"Feinheit verst\u00e4rkt das Team mit Lucas Bally, Experte f\u00fcr politische Strategieberatung. Ziel: Ausbau der Beratung f\u00fcr Beh\u00f6rden und Organisationen.","breadcrumb":{"@id":"https:\/\/www.organisator.ch\/marketing\/2024-12-19\/feinheit-holt-lucas-bally-fuer-die-politische-strategieberatung\/#breadcrumb"},"inLanguage":"de","potentialAction":[{"@type":"ReadAction","target":["https:\/\/www.organisator.ch\/marketing\/2024-12-19\/feinheit-holt-lucas-bally-fuer-die-politische-strategieberatung\/"]}]},{"@type":"ImageObject","inLanguage":"de","@id":"https:\/\/www.organisator.ch\/marketing\/2024-12-19\/feinheit-holt-lucas-bally-fuer-die-politische-strategieberatung\/#primaryimage","url":"https:\/\/www.markt-kom.com\/wp-content\/uploads\/2024\/12\/20241218_Feinheit_Medienmitteilung_Lucas-Bally_zvg.jpg","contentUrl":"https:\/\/www.markt-kom.com\/wp-content\/uploads\/2024\/12\/20241218_Feinheit_Medienmitteilung_Lucas-Bally_zvg.jpg"},{"@type":"BreadcrumbList","@id":"https:\/\/www.organisator.ch\/marketing\/2024-12-19\/feinheit-holt-lucas-bally-fuer-die-politische-strategieberatung\/#breadcrumb","itemListElement":[{"@type":"ListItem","position":1,"name":"Home","item":"https:\/\/www.organisator.ch\/"},{"@type":"ListItem","position":2,"name":"Feinheit holt Lucas Bally f\u00fcr die politische Strategieberatung"}]},{"@type":"WebSite","@id":"https:\/\/www.organisator.ch\/#website","url":"https:\/\/www.organisator.ch\/","name":"Organisator","description":"Kompetent. Praxisnah. Der ORGANISATOR bereitet in 10 Ausgaben pro Jahr die wesentlichen Themen f\u00fcr F\u00fchrungskr\u00e4fte von KMU auf.","publisher":{"@id":"https:\/\/www.organisator.ch\/#organization"},"potentialAction":[{"@type":"SearchAction","target":{"@type":"EntryPoint","urlTemplate":"https:\/\/www.organisator.ch\/?s={search_term_string}"},"query-input":{"@type":"PropertyValueSpecification","valueRequired":true,"valueName":"search_term_string"}}],"inLanguage":"de"},{"@type":"Organization","@id":"https:\/\/www.organisator.ch\/#organization","name":"Organisator","url":"https:\/\/www.organisator.ch\/","logo":{"@type":"ImageObject","inLanguage":"de","@id":"https:\/\/www.organisator.ch\/#\/schema\/logo\/image\/","url":"https:\/\/www.organisator.ch\/wp-content\/uploads\/2022\/01\/Logo_Organisator_Website.png","contentUrl":"https:\/\/www.organisator.ch\/wp-content\/uploads\/2022\/01\/Logo_Organisator_Website.png","width":800,"height":77,"caption":"Organisator"},"image":{"@id":"https:\/\/www.organisator.ch\/#\/schema\/logo\/image\/"},"sameAs":["https:\/\/www.facebook.com\/OrganisatorFachmagazin","https:\/\/www.linkedin.com\/showcase\/organisator-das-magazin-fr-kmu","https:\/\/www.xing.com\/news\/pages\/organisator-ch-695","https:\/\/www.youtube.com\/channel\/UCGP2Sq0iWaZwT3BdIAQFYpw"]},{"@type":"Person","@id":"https:\/\/www.organisator.ch\/#\/schema\/person\/4e51799071cd2dd1232ac003643ef5f0","name":"galledia","image":{"@type":"ImageObject","inLanguage":"de","@id":"https:\/\/secure.gravatar.com\/avatar\/78a7f90c01fc2bfc875782a0d4922b37cde2cf184ce347b91316d23cd7f69a36?s=96&d=mm&r=g","url":"https:\/\/secure.gravatar.com\/avatar\/78a7f90c01fc2bfc875782a0d4922b37cde2cf184ce347b91316d23cd7f69a36?s=96&d=mm&r=g","contentUrl":"https:\/\/secure.gravatar.com\/avatar\/78a7f90c01fc2bfc875782a0d4922b37cde2cf184ce347b91316d23cd7f69a36?s=96&d=mm&r=g","caption":"galledia"},"sameAs":["https:\/\/x.com\/admin"],"url":"https:\/\/www.organisator.ch\/de\/author\/galledia\/"}]}},"_links":{"self":[{"href":"https:\/\/www.organisator.ch\/de\/wp-json\/wp\/v2\/posts\/34858","targetHints":{"allow":["GET"]}}],"collection":[{"href":"https:\/\/www.organisator.ch\/de\/wp-json\/wp\/v2\/posts"}],"about":[{"href":"https:\/\/www.organisator.ch\/de\/wp-json\/wp\/v2\/types\/post"}],"author":[{"embeddable":true,"href":"https:\/\/www.organisator.ch\/de\/wp-json\/wp\/v2\/users\/8"}],"replies":[{"embeddable":true,"href":"https:\/\/www.organisator.ch\/de\/wp-json\/wp\/v2\/comments?post=34858"}],"version-history":[{"count":4,"href":"https:\/\/www.organisator.ch\/de\/wp-json\/wp\/v2\/posts\/34858\/revisions"}],"predecessor-version":[{"id":34879,"href":"https:\/\/www.organisator.ch\/de\/wp-json\/wp\/v2\/posts\/34858\/revisions\/34879"}],"wp:attachment":[{"href":"https:\/\/www.organisator.ch\/de\/wp-json\/wp\/v2\/media?parent=34858"}],"wp:term":[{"taxonomy":"category","embeddable":true,"href":"https:\/\/www.organisator.ch\/de\/wp-json\/wp\/v2\/categories?post=34858"},{"taxonomy":"post_tag","embeddable":true,"href":"https:\/\/www.organisator.ch\/de\/wp-json\/wp\/v2\/tags?post=34858"}],"curies":[{"name":"wp","href":"https:\/\/api.w.org\/{rel}","templated":true}]}}