{"id":3493,"date":"2018-04-25T08:03:46","date_gmt":"2018-04-25T06:03:46","guid":{"rendered":"https:\/\/www.organisator.ch\/?p=3493"},"modified":"2018-04-25T08:03:46","modified_gmt":"2018-04-25T06:03:46","slug":"artificial-intelligence-vs-mensch-wer-gewinnt","status":"publish","type":"post","link":"https:\/\/www.organisator.ch\/de\/management\/it\/2018-04-25\/artificial-intelligence-vs-mensch-wer-gewinnt\/","title":{"rendered":"Artificial Intelligence vs. Mensch \u2013 Wer gewinnt?"},"content":{"rendered":"<figure id=\"attachment_3494\" aria-describedby=\"caption-attachment-3494\" style=\"width: 640px\" class=\"wp-caption alignnone\"><img loading=\"lazy\" decoding=\"async\" class=\"size-full wp-image-3494\" src=\"https:\/\/www.organisator.ch\/wp-content\/uploads\/2018\/04\/Artificial-Intelligence-vs-Mensch-Wer-gewinnt_Organisator.jpg\" alt=\"\" width=\"640\" height=\"427\" srcset=\"https:\/\/www.organisator.ch\/wp-content\/uploads\/2018\/04\/Artificial-Intelligence-vs-Mensch-Wer-gewinnt_Organisator.jpg 640w, https:\/\/www.organisator.ch\/wp-content\/uploads\/2018\/04\/Artificial-Intelligence-vs-Mensch-Wer-gewinnt_Organisator-16x12.jpg 16w, https:\/\/www.organisator.ch\/wp-content\/uploads\/2018\/04\/Artificial-Intelligence-vs-Mensch-Wer-gewinnt_Organisator-262x175.jpg 262w, https:\/\/www.organisator.ch\/wp-content\/uploads\/2018\/04\/Artificial-Intelligence-vs-Mensch-Wer-gewinnt_Organisator-525x350.jpg 525w, https:\/\/www.organisator.ch\/wp-content\/uploads\/2018\/04\/Artificial-Intelligence-vs-Mensch-Wer-gewinnt_Organisator-300x200.jpg 300w\" sizes=\"auto, (max-width: 640px) 100vw, 640px\" \/><figcaption id=\"caption-attachment-3494\" class=\"wp-caption-text\">Die Auswirkungen von Artificial Intelligence auf Mensch und Gesellschaft standen am diesj\u00e4hrigen Digital Economic Forum im Zentrum (Bild: Digital Economic Forum).<\/figcaption><\/figure>\n<p>Der neue DEF-Organisator Thomas Zwahlen vollzog einen kleinen Paradigmawechsel: W\u00e4hrend die Veranstaltungen der Vorjahre stark von der Prominenz von Referenten lebten, soll der Anlass insk\u00fcnftig verst\u00e4rkt die Auswirkungen der Digitalisierung auf den Menschen in den Vordergrund r\u00fccken. Am 24. April erhielt das Publikum einen ersten &#8211; durchaus gelungenen &#8211; Vorgeschmack davon. Auswirkungen von Artificial Intelligence auf verschiedene Lebensbereiche und Branchen standen im Fokus der Referate.<\/p>\n<p>Begr\u00fcsst wurde das Publikum durch die Z\u00fcrcher Regierungsr\u00e4tin und Volkswirtschaftsdirektorin Carmen Walker Sp\u00e4h. Sie wies darauf hin, dass sich Z\u00fcrich zu einem f\u00fchrenden ICT-Standort entwickelt hat. Die Industrie 4.0 fordere einen enormen Anpassungsdruck f\u00fcr alle Akteure, sagte Carmen Walker Sp\u00e4h. Es brauche aber auch eine Politik 4.0, die Innovation nicht durch den Regulierungsmodus abw\u00fcrgt. Stephan Sigrist, der Leiter des Think Tanks W.I.R.E und Mitautor der Studie \u00abZukunft Digitale Schweiz\u00bb forderte einen neuen L\u00f6sungsansatz f\u00fcr den Umgang mit der unbekannten digitalen Zukunft, eine differenzierte Perspektive jenseits der g\u00e4ngigen Mythen. Digitalisierung sei heute Normalit\u00e4t. Der Fokus von Innovation m\u00fcsse allerdings auf die Menschen und die Gesellschaft gerichtet werden. &#8222;Computer ausschalten &#8211; Hirn einschalten&#8220;, war seine Botschaft, denn die Technologie allein wird es nicht richten k\u00f6nnen.<\/p>\n<h2>F\u00fchrungsrolle der Schweiz f\u00fcr AI<\/h2>\n<p>Lukas Sieber, Co-Founder von Mindfire &amp; Executive Director North America Greater Zurich Area (GZA), fand, dass die Welt in den letzten paar Jahren \u00abhigh\u00bb wurde auf Blockchain und Crypto. Man d\u00fcrfe sich aber nicht blenden lassen, das meiste davon sei &#8222;Schrott&#8220;. Zusammen mit seinem Co-Founder Pascal Kaufmann pr\u00e4sentierte Sieber das soeben ver\u00f6ffentlichte White Paper von Mindfire, einem Non-Profit Projekt das mit den 100 intelligentesten Menschen in den kommenden Jahren das menschliche Hirn dekodieren will. Mindfire sei gegr\u00fcndet worden, damit die Schweiz im Bereich AI die F\u00fchrung \u00fcbernehmen k\u00f6nne und die Entwicklung nicht Privaten oder Unternehmen \u00fcberlassen werde. Die Resultate des Projekts sollten denn auch allgemein zur Verf\u00fcgung stehen und entsprechende Lizenzen f\u00fcr die innovativen Inputs der Teilnehmenden \u00fcber IOC (Blockchain\/Token) wertsch\u00f6pfend refinanziert werden.<\/p>\n<p>Matthias Plattner, Head Technology &amp; Platform Innovation \u2013 Global Financial Intermediaries UBS AG, rechnete damit, dass das Bankgesch\u00e4ft k\u00fcnftig stark abh\u00e4ngig von sogenannten \u201eaugmented&#8220; Technologien sein wird. Man m\u00fcsse die Risiken verstehen und entsprechend die Chancen nutzen, um die Menschen umfassend und vor allem vertrauensvoll beraten zu k\u00f6nnen. Das Thema Vertrauen nahm dann Karsten Stampa, COO\/CFO Healthbank Innovation AG, auf: \u00abOhne Vertrauen wird viel Potential in der digitalen Gesundheit vergeudet\u00bb, erkl\u00e4rte Stampa. Digital Health k\u00f6nne anhand von \u00abLive Data of Real Live\u00bb unglaublich viele Vorteile bringen. Allerdings m\u00fcsse man sich von geschlossenen Systemen verabschieden und den Datenschutz beim User selbst verst\u00e4rken, dann klappe es auch mit dem Vertrauen.<\/p>\n<h2>Achtung vor dem Darknet und 007!<\/h2>\n<p>Der D\u00e4ne Hans Ulrik Staehr, Founder MarketScape, Denmark und Co-founder Munit.io, gab einen eindr\u00fccklichen Einblick in illegale Prozesse und Gesch\u00e4fte (Drogen, Waffen, Cybercrime) im versteckten Darknet mit einer Kombination von Crypto assets und dem TOR-Browser. Darknet sei eine Bedrohung, aber auch eine Gelegenheit, kriminelle Vorg\u00e4nge und kriminelle Psychologie zu erkennen.\u00a0In einem effektvollen Referat legte die Profilerin Suzanne Grieger-Langer dar, wie man die 007-Typen findet und die 08.15-Typen umschifft. Die wichtigste Ressource sei heute das Wissen. Kommunikation und Kooperation auf h\u00f6herem Niveau sei heute digital. Die (00)7 F\u00e4higkeiten Orientierung; Entscheidung; Fokus; Disziplin; Achtsamkeit; Fitting und Individualit\u00e4t machten den \u00abHomo Deus\u00bb, die F\u00fchrungspers\u00f6nlichkeit, aus.<\/p>\n<p>Andrew Garrihy, Chief Marketing Officer Consumer Business, Western Europe des chinesischen Technologieunternehmens Huawei stellte sein Unternehmen vor und welches Verst\u00e4ndnis von Artificial Intelligence (AI) es hat. \u00abWir glauben, dass AI der Menschheit dienen muss\u00bb, erkl\u00e4rte Andrew Garrihy. Sie sollte mithelfen das Potenzial des menschlichen Hirns zu verst\u00e4rken. \u00abIrgendwann werden die Maschinen uns in einem materialistischen Sinne \u00fcberholen\u00bb, prognostizierte Prof. Joachim Buhmann von der ETH Z\u00fcrich (<a href=\"https:\/\/www.organisator.ch\/wp-content\/uploads\/2018\/04\/ORG_2018_04_38-39.pdf\">siehe dazu auch\u00a0den Bericht in ORGANISATOR 4-2018<\/a>). Das Ziel seien selbstlernende Algorithmen, die die Wirklichkeit erforschen. Patrick Schraut, Vice President Consulting Europe bei NTT Security, sah die IT-Security auf dem Weg vom Nischendasein zum Business Driver und Teil der Wertsch\u00f6pfungskette eines Unternehmens. Sie werde so zu einem Wettbewerbsvorteil und Erfolgsfaktor zugleich.<\/p>\n<h2>K\u00fcnstliche neurale Netzwerke ver\u00e4ndern die Welt<\/h2>\n<p>Der Deep Learning Engineer von NVIDIA LTD, Adam Grzywaczewski beeindruckte das Publikum mit seinem Referat zur \u00abEntmystifizierung der Artificial Intelligence\u00bb. Durch immer gr\u00f6ssere Datenmengen, eminent verbesserte Computerperformances und deren Vernetzung seien heute k\u00fcnstliche neurale Netzwerke mit hohem Anwendungspotential m\u00f6glich. Beispiele seien autonome Fahrzeuge, die bessere Erkennung von Krankheiten oder Smart Robots, erkl\u00e4rte Grzywaczewski. Diese k\u00fcnstlichen neuralen Netzwerke w\u00fcrden Wirtschaft und Gesellschaft ver\u00e4ndern. Dagegen sch\u00e4tzte Thomas Asger Hansen, Senior Manager, Big Data, AI &amp; IoT Lab, Grundfos A\/S, dass AI zur Steigerung der menschlichen Leistungsf\u00e4higkeit eingesetzt werden sollte und durch ein \u00abintelligentes System\u00bb implementiert werden muss, das eine Vielzahl von Paradigmen orchestriert, anstatt auf ein einziges Paradigma zu setzen. \u00abWir haben die Vision, die Wartung &#8211; auch bei komplexen Systemen &#8211; so weit wie m\u00f6glich zu vereinfachen und zu automatisieren, damit auch Laien eine Reihe komplexer Aufgaben sicher erledigen k\u00f6nnen\u00bb, erkl\u00e4rte Hansen.<\/p>\n<p><a href=\"http:\/\/www.digitaleconomicforum.ch\"><em>www.digitaleconomicforum.ch<\/em><\/a><\/p>\n<p>&nbsp;<\/p>\n","protected":false},"excerpt":{"rendered":"<p>Der neue DEF-Organisator Thomas Zwahlen vollzog einen kleinen Paradigmawechsel: W\u00e4hrend die Veranstaltungen der Vorjahre stark von der Prominenz von Referenten lebten, soll der Anlass insk\u00fcnftig verst\u00e4rkt die Auswirkungen der Digitalisierung auf den Menschen in den Vordergrund r\u00fccken. Am 24. April erhielt das Publikum einen ersten &#8211; durchaus gelungenen &#8211; Vorgeschmack davon. Auswirkungen von Artificial Intelligence [&hellip;]<\/p>\n","protected":false},"author":4,"featured_media":3494,"comment_status":"open","ping_status":"open","sticky":false,"template":"","format":"standard","meta":{"_acf_changed":false,"_yoast_wpseo_focuskw":"Artificial Intelligence","_yoast_wpseo_metadesc":"Verschiedenste Aspekte und Sichtweisen zu Artificial Intelligence (AI) dominierten das 4. Digital Economic Forum 2018 (DEF) im Park Hyatt in Z\u00fcrich. Das Publikum erhielt dazu von erfahrenen Referenten verschiedenste Ans\u00e4tze zur k\u00fcnstlichen Intelligenz (AI) und deren Potenzial f\u00fcr k\u00fcnftige Anwendungen.","articlekey":"","footnotes":""},"categories":[27],"tags":[156,286,319,502],"class_list":["post-3493","post","type-post","status-publish","format-standard","has-post-thumbnail","hentry","category-it","tag-digitalisierung","tag-it","tag-kuenstliche-intelligenz","tag-veranstaltungen"],"acf":[],"yoast_head":"<!-- This site is optimized with the Yoast SEO plugin v27.5 - https:\/\/yoast.com\/product\/yoast-seo-wordpress\/ -->\n<title>Artificial Intelligence vs. Mensch \u2013 Wer gewinnt? - Organisator<\/title>\n<meta name=\"description\" content=\"Verschiedenste Aspekte und Sichtweisen zu Artificial Intelligence (AI) dominierten das 4. Digital Economic Forum 2018 (DEF) im Park Hyatt in Z\u00fcrich. Das Publikum erhielt dazu von erfahrenen Referenten verschiedenste Ans\u00e4tze zur k\u00fcnstlichen Intelligenz (AI) und deren Potenzial f\u00fcr k\u00fcnftige Anwendungen.\" \/>\n<meta name=\"robots\" content=\"index, follow, max-snippet:-1, max-image-preview:large, max-video-preview:-1\" \/>\n<link rel=\"canonical\" href=\"https:\/\/www.organisator.ch\/de\/management\/it\/2018-04-25\/artificial-intelligence-vs-mensch-wer-gewinnt\/\" \/>\n<meta property=\"og:locale\" content=\"de_DE\" \/>\n<meta property=\"og:type\" content=\"article\" \/>\n<meta property=\"og:title\" content=\"Artificial Intelligence vs. Mensch \u2013 Wer gewinnt?\" \/>\n<meta property=\"og:description\" content=\"Verschiedenste Aspekte und Sichtweisen zu Artificial Intelligence (#AI) dominierten das 4. Digital Economic Forum 2018 (#DEF) im Park Hyatt in Z\u00fcrich. Das Publikum erhielt dazu von erfahrenen Referenten verschiedenste Ans\u00e4tze zur k\u00fcnstlichen Intelligenz (AI) und deren Potenzial f\u00fcr k\u00fcnftige Anwendungen.\" \/>\n<meta property=\"og:url\" content=\"https:\/\/www.organisator.ch\/de\/management\/it\/2018-04-25\/artificial-intelligence-vs-mensch-wer-gewinnt\/\" \/>\n<meta property=\"og:site_name\" content=\"Organisator\" \/>\n<meta property=\"article:publisher\" content=\"https:\/\/www.facebook.com\/OrganisatorFachmagazin\" \/>\n<meta property=\"article:published_time\" content=\"2018-04-25T06:03:46+00:00\" \/>\n<meta property=\"og:image\" content=\"https:\/\/www.organisator.ch\/wp-content\/uploads\/2018\/04\/Artificial-Intelligence-vs-Mensch-Wer-gewinnt_Organisator.jpg\" \/>\n\t<meta property=\"og:image:width\" content=\"640\" \/>\n\t<meta property=\"og:image:height\" content=\"427\" \/>\n\t<meta property=\"og:image:type\" content=\"image\/jpeg\" \/>\n<meta name=\"author\" content=\"thomas.berner\" \/>\n<meta name=\"twitter:card\" content=\"summary_large_image\" \/>\n<meta name=\"twitter:title\" content=\"#Artificial Intelligence vs. Mensch \u2013 Wer gewinnt?\" \/>\n<meta name=\"twitter:description\" content=\"Verschiedenste Aspekte und Sichtweisen zu Artificial Intelligence (#AI) dominierten das 4. Digital Economic Forum 2018 (#DEF) im Park Hyatt in Z\u00fcrich. Das Publikum erhielt dazu von erfahrenen Referenten verschiedenste Ans\u00e4tze zur k\u00fcnstlichen Intelligenz (AI) und deren Potenzial f\u00fcr k\u00fcnftige Anwendungen.\" \/>\n<meta name=\"twitter:image\" content=\"https:\/\/www.organisator.ch\/wp-content\/uploads\/2018\/04\/Artificial-Intelligence-vs-Mensch-Wer-gewinnt_Organisator.jpg\" \/>\n<script type=\"application\/ld+json\" class=\"yoast-schema-graph\">{\"@context\":\"https:\\\/\\\/schema.org\",\"@graph\":[{\"@type\":\"Article\",\"@id\":\"https:\\\/\\\/www.organisator.ch\\\/management\\\/it\\\/2018-04-25\\\/artificial-intelligence-vs-mensch-wer-gewinnt\\\/#article\",\"isPartOf\":{\"@id\":\"https:\\\/\\\/www.organisator.ch\\\/management\\\/it\\\/2018-04-25\\\/artificial-intelligence-vs-mensch-wer-gewinnt\\\/\"},\"author\":{\"name\":\"thomas.berner\",\"@id\":\"https:\\\/\\\/www.organisator.ch\\\/#\\\/schema\\\/person\\\/6f650f90b2842cd4c0cc334b4e36f67e\"},\"headline\":\"Artificial Intelligence vs. Mensch \u2013 Wer gewinnt?\",\"datePublished\":\"2018-04-25T06:03:46+00:00\",\"mainEntityOfPage\":{\"@id\":\"https:\\\/\\\/www.organisator.ch\\\/management\\\/it\\\/2018-04-25\\\/artificial-intelligence-vs-mensch-wer-gewinnt\\\/\"},\"wordCount\":903,\"commentCount\":0,\"publisher\":{\"@id\":\"https:\\\/\\\/www.organisator.ch\\\/#organization\"},\"image\":{\"@id\":\"https:\\\/\\\/www.organisator.ch\\\/management\\\/it\\\/2018-04-25\\\/artificial-intelligence-vs-mensch-wer-gewinnt\\\/#primaryimage\"},\"thumbnailUrl\":\"https:\\\/\\\/www.organisator.ch\\\/wp-content\\\/uploads\\\/2018\\\/04\\\/Artificial-Intelligence-vs-Mensch-Wer-gewinnt_Organisator.jpg\",\"keywords\":[\"Digitalisierung\",\"IT\",\"K\u00fcnstliche Intelligenz\",\"Veranstaltungen\"],\"articleSection\":[\"IT\"],\"inLanguage\":\"de\"},{\"@type\":\"WebPage\",\"@id\":\"https:\\\/\\\/www.organisator.ch\\\/management\\\/it\\\/2018-04-25\\\/artificial-intelligence-vs-mensch-wer-gewinnt\\\/\",\"url\":\"https:\\\/\\\/www.organisator.ch\\\/management\\\/it\\\/2018-04-25\\\/artificial-intelligence-vs-mensch-wer-gewinnt\\\/\",\"name\":\"Artificial Intelligence vs. Mensch \u2013 Wer gewinnt? - Organisator\",\"isPartOf\":{\"@id\":\"https:\\\/\\\/www.organisator.ch\\\/#website\"},\"primaryImageOfPage\":{\"@id\":\"https:\\\/\\\/www.organisator.ch\\\/management\\\/it\\\/2018-04-25\\\/artificial-intelligence-vs-mensch-wer-gewinnt\\\/#primaryimage\"},\"image\":{\"@id\":\"https:\\\/\\\/www.organisator.ch\\\/management\\\/it\\\/2018-04-25\\\/artificial-intelligence-vs-mensch-wer-gewinnt\\\/#primaryimage\"},\"thumbnailUrl\":\"https:\\\/\\\/www.organisator.ch\\\/wp-content\\\/uploads\\\/2018\\\/04\\\/Artificial-Intelligence-vs-Mensch-Wer-gewinnt_Organisator.jpg\",\"datePublished\":\"2018-04-25T06:03:46+00:00\",\"description\":\"Verschiedenste Aspekte und Sichtweisen zu Artificial Intelligence (AI) dominierten das 4. Digital Economic Forum 2018 (DEF) im Park Hyatt in Z\u00fcrich. Das Publikum erhielt dazu von erfahrenen Referenten verschiedenste Ans\u00e4tze zur k\u00fcnstlichen Intelligenz (AI) und deren Potenzial f\u00fcr k\u00fcnftige Anwendungen.\",\"breadcrumb\":{\"@id\":\"https:\\\/\\\/www.organisator.ch\\\/management\\\/it\\\/2018-04-25\\\/artificial-intelligence-vs-mensch-wer-gewinnt\\\/#breadcrumb\"},\"inLanguage\":\"de\",\"potentialAction\":[{\"@type\":\"ReadAction\",\"target\":[\"https:\\\/\\\/www.organisator.ch\\\/management\\\/it\\\/2018-04-25\\\/artificial-intelligence-vs-mensch-wer-gewinnt\\\/\"]}]},{\"@type\":\"ImageObject\",\"inLanguage\":\"de\",\"@id\":\"https:\\\/\\\/www.organisator.ch\\\/management\\\/it\\\/2018-04-25\\\/artificial-intelligence-vs-mensch-wer-gewinnt\\\/#primaryimage\",\"url\":\"https:\\\/\\\/www.organisator.ch\\\/wp-content\\\/uploads\\\/2018\\\/04\\\/Artificial-Intelligence-vs-Mensch-Wer-gewinnt_Organisator.jpg\",\"contentUrl\":\"https:\\\/\\\/www.organisator.ch\\\/wp-content\\\/uploads\\\/2018\\\/04\\\/Artificial-Intelligence-vs-Mensch-Wer-gewinnt_Organisator.jpg\",\"width\":640,\"height\":427,\"caption\":\"Die Auswirkungen von Artificial Intelligence auf Mensch und Gesellschaft standen am diesj\u00e4hrigen Digital Economic Forum im Zentrum (Bild: Digital Economic Forum).\"},{\"@type\":\"BreadcrumbList\",\"@id\":\"https:\\\/\\\/www.organisator.ch\\\/management\\\/it\\\/2018-04-25\\\/artificial-intelligence-vs-mensch-wer-gewinnt\\\/#breadcrumb\",\"itemListElement\":[{\"@type\":\"ListItem\",\"position\":1,\"name\":\"Home\",\"item\":\"https:\\\/\\\/www.organisator.ch\\\/\"},{\"@type\":\"ListItem\",\"position\":2,\"name\":\"Artificial Intelligence vs. Mensch \u2013 Wer gewinnt?\"}]},{\"@type\":\"WebSite\",\"@id\":\"https:\\\/\\\/www.organisator.ch\\\/#website\",\"url\":\"https:\\\/\\\/www.organisator.ch\\\/\",\"name\":\"Organisator\",\"description\":\"Kompetent. Praxisnah. Der ORGANISATOR bereitet in 10 Ausgaben pro Jahr die wesentlichen Themen f\u00fcr F\u00fchrungskr\u00e4fte von KMU auf.\",\"publisher\":{\"@id\":\"https:\\\/\\\/www.organisator.ch\\\/#organization\"},\"potentialAction\":[{\"@type\":\"SearchAction\",\"target\":{\"@type\":\"EntryPoint\",\"urlTemplate\":\"https:\\\/\\\/www.organisator.ch\\\/?s={search_term_string}\"},\"query-input\":{\"@type\":\"PropertyValueSpecification\",\"valueRequired\":true,\"valueName\":\"search_term_string\"}}],\"inLanguage\":\"de\"},{\"@type\":\"Organization\",\"@id\":\"https:\\\/\\\/www.organisator.ch\\\/#organization\",\"name\":\"Organisator\",\"url\":\"https:\\\/\\\/www.organisator.ch\\\/\",\"logo\":{\"@type\":\"ImageObject\",\"inLanguage\":\"de\",\"@id\":\"https:\\\/\\\/www.organisator.ch\\\/#\\\/schema\\\/logo\\\/image\\\/\",\"url\":\"https:\\\/\\\/www.organisator.ch\\\/wp-content\\\/uploads\\\/2022\\\/01\\\/Logo_Organisator_Website.png\",\"contentUrl\":\"https:\\\/\\\/www.organisator.ch\\\/wp-content\\\/uploads\\\/2022\\\/01\\\/Logo_Organisator_Website.png\",\"width\":800,\"height\":77,\"caption\":\"Organisator\"},\"image\":{\"@id\":\"https:\\\/\\\/www.organisator.ch\\\/#\\\/schema\\\/logo\\\/image\\\/\"},\"sameAs\":[\"https:\\\/\\\/www.facebook.com\\\/OrganisatorFachmagazin\",\"https:\\\/\\\/www.linkedin.com\\\/showcase\\\/organisator-das-magazin-fr-kmu\",\"https:\\\/\\\/www.xing.com\\\/news\\\/pages\\\/organisator-ch-695\",\"https:\\\/\\\/www.youtube.com\\\/channel\\\/UCGP2Sq0iWaZwT3BdIAQFYpw\"]},{\"@type\":\"Person\",\"@id\":\"https:\\\/\\\/www.organisator.ch\\\/#\\\/schema\\\/person\\\/6f650f90b2842cd4c0cc334b4e36f67e\",\"name\":\"thomas.berner\",\"image\":{\"@type\":\"ImageObject\",\"inLanguage\":\"de\",\"@id\":\"https:\\\/\\\/secure.gravatar.com\\\/avatar\\\/ac5001d2a36cb6c6cd3e50789007ffca834b477b74a2144564522e944eabff61?s=96&d=mm&r=g\",\"url\":\"https:\\\/\\\/secure.gravatar.com\\\/avatar\\\/ac5001d2a36cb6c6cd3e50789007ffca834b477b74a2144564522e944eabff61?s=96&d=mm&r=g\",\"contentUrl\":\"https:\\\/\\\/secure.gravatar.com\\\/avatar\\\/ac5001d2a36cb6c6cd3e50789007ffca834b477b74a2144564522e944eabff61?s=96&d=mm&r=g\",\"caption\":\"thomas.berner\"},\"url\":\"https:\\\/\\\/www.organisator.ch\\\/de\\\/author\\\/thomas-berner\\\/\"}]}<\/script>\n<!-- \/ Yoast SEO plugin. -->","yoast_head_json":{"title":"Artificial Intelligence vs. Mensch \u2013 Wer gewinnt? - Organisator","description":"Verschiedenste Aspekte und Sichtweisen zu Artificial Intelligence (AI) dominierten das 4. Digital Economic Forum 2018 (DEF) im Park Hyatt in Z\u00fcrich. Das Publikum erhielt dazu von erfahrenen Referenten verschiedenste Ans\u00e4tze zur k\u00fcnstlichen Intelligenz (AI) und deren Potenzial f\u00fcr k\u00fcnftige Anwendungen.","robots":{"index":"index","follow":"follow","max-snippet":"max-snippet:-1","max-image-preview":"max-image-preview:large","max-video-preview":"max-video-preview:-1"},"canonical":"https:\/\/www.organisator.ch\/de\/management\/it\/2018-04-25\/artificial-intelligence-vs-mensch-wer-gewinnt\/","og_locale":"de_DE","og_type":"article","og_title":"Artificial Intelligence vs. Mensch \u2013 Wer gewinnt?","og_description":"Verschiedenste Aspekte und Sichtweisen zu Artificial Intelligence (#AI) dominierten das 4. Digital Economic Forum 2018 (#DEF) im Park Hyatt in Z\u00fcrich. Das Publikum erhielt dazu von erfahrenen Referenten verschiedenste Ans\u00e4tze zur k\u00fcnstlichen Intelligenz (AI) und deren Potenzial f\u00fcr k\u00fcnftige Anwendungen.","og_url":"https:\/\/www.organisator.ch\/de\/management\/it\/2018-04-25\/artificial-intelligence-vs-mensch-wer-gewinnt\/","og_site_name":"Organisator","article_publisher":"https:\/\/www.facebook.com\/OrganisatorFachmagazin","article_published_time":"2018-04-25T06:03:46+00:00","og_image":[{"width":640,"height":427,"url":"https:\/\/www.organisator.ch\/wp-content\/uploads\/2018\/04\/Artificial-Intelligence-vs-Mensch-Wer-gewinnt_Organisator.jpg","type":"image\/jpeg"}],"author":"thomas.berner","twitter_card":"summary_large_image","twitter_title":"#Artificial Intelligence vs. Mensch \u2013 Wer gewinnt?","twitter_description":"Verschiedenste Aspekte und Sichtweisen zu Artificial Intelligence (#AI) dominierten das 4. Digital Economic Forum 2018 (#DEF) im Park Hyatt in Z\u00fcrich. Das Publikum erhielt dazu von erfahrenen Referenten verschiedenste Ans\u00e4tze zur k\u00fcnstlichen Intelligenz (AI) und deren Potenzial f\u00fcr k\u00fcnftige Anwendungen.","twitter_image":"https:\/\/www.organisator.ch\/wp-content\/uploads\/2018\/04\/Artificial-Intelligence-vs-Mensch-Wer-gewinnt_Organisator.jpg","schema":{"@context":"https:\/\/schema.org","@graph":[{"@type":"Article","@id":"https:\/\/www.organisator.ch\/management\/it\/2018-04-25\/artificial-intelligence-vs-mensch-wer-gewinnt\/#article","isPartOf":{"@id":"https:\/\/www.organisator.ch\/management\/it\/2018-04-25\/artificial-intelligence-vs-mensch-wer-gewinnt\/"},"author":{"name":"thomas.berner","@id":"https:\/\/www.organisator.ch\/#\/schema\/person\/6f650f90b2842cd4c0cc334b4e36f67e"},"headline":"Artificial Intelligence vs. Mensch \u2013 Wer gewinnt?","datePublished":"2018-04-25T06:03:46+00:00","mainEntityOfPage":{"@id":"https:\/\/www.organisator.ch\/management\/it\/2018-04-25\/artificial-intelligence-vs-mensch-wer-gewinnt\/"},"wordCount":903,"commentCount":0,"publisher":{"@id":"https:\/\/www.organisator.ch\/#organization"},"image":{"@id":"https:\/\/www.organisator.ch\/management\/it\/2018-04-25\/artificial-intelligence-vs-mensch-wer-gewinnt\/#primaryimage"},"thumbnailUrl":"https:\/\/www.organisator.ch\/wp-content\/uploads\/2018\/04\/Artificial-Intelligence-vs-Mensch-Wer-gewinnt_Organisator.jpg","keywords":["Digitalisierung","IT","K\u00fcnstliche Intelligenz","Veranstaltungen"],"articleSection":["IT"],"inLanguage":"de"},{"@type":"WebPage","@id":"https:\/\/www.organisator.ch\/management\/it\/2018-04-25\/artificial-intelligence-vs-mensch-wer-gewinnt\/","url":"https:\/\/www.organisator.ch\/management\/it\/2018-04-25\/artificial-intelligence-vs-mensch-wer-gewinnt\/","name":"Artificial Intelligence vs. Mensch \u2013 Wer gewinnt? - Organisator","isPartOf":{"@id":"https:\/\/www.organisator.ch\/#website"},"primaryImageOfPage":{"@id":"https:\/\/www.organisator.ch\/management\/it\/2018-04-25\/artificial-intelligence-vs-mensch-wer-gewinnt\/#primaryimage"},"image":{"@id":"https:\/\/www.organisator.ch\/management\/it\/2018-04-25\/artificial-intelligence-vs-mensch-wer-gewinnt\/#primaryimage"},"thumbnailUrl":"https:\/\/www.organisator.ch\/wp-content\/uploads\/2018\/04\/Artificial-Intelligence-vs-Mensch-Wer-gewinnt_Organisator.jpg","datePublished":"2018-04-25T06:03:46+00:00","description":"Verschiedenste Aspekte und Sichtweisen zu Artificial Intelligence (AI) dominierten das 4. Digital Economic Forum 2018 (DEF) im Park Hyatt in Z\u00fcrich. Das Publikum erhielt dazu von erfahrenen Referenten verschiedenste Ans\u00e4tze zur k\u00fcnstlichen Intelligenz (AI) und deren Potenzial f\u00fcr k\u00fcnftige Anwendungen.","breadcrumb":{"@id":"https:\/\/www.organisator.ch\/management\/it\/2018-04-25\/artificial-intelligence-vs-mensch-wer-gewinnt\/#breadcrumb"},"inLanguage":"de","potentialAction":[{"@type":"ReadAction","target":["https:\/\/www.organisator.ch\/management\/it\/2018-04-25\/artificial-intelligence-vs-mensch-wer-gewinnt\/"]}]},{"@type":"ImageObject","inLanguage":"de","@id":"https:\/\/www.organisator.ch\/management\/it\/2018-04-25\/artificial-intelligence-vs-mensch-wer-gewinnt\/#primaryimage","url":"https:\/\/www.organisator.ch\/wp-content\/uploads\/2018\/04\/Artificial-Intelligence-vs-Mensch-Wer-gewinnt_Organisator.jpg","contentUrl":"https:\/\/www.organisator.ch\/wp-content\/uploads\/2018\/04\/Artificial-Intelligence-vs-Mensch-Wer-gewinnt_Organisator.jpg","width":640,"height":427,"caption":"Die Auswirkungen von Artificial Intelligence auf Mensch und Gesellschaft standen am diesj\u00e4hrigen Digital Economic Forum im Zentrum (Bild: Digital Economic Forum)."},{"@type":"BreadcrumbList","@id":"https:\/\/www.organisator.ch\/management\/it\/2018-04-25\/artificial-intelligence-vs-mensch-wer-gewinnt\/#breadcrumb","itemListElement":[{"@type":"ListItem","position":1,"name":"Home","item":"https:\/\/www.organisator.ch\/"},{"@type":"ListItem","position":2,"name":"Artificial Intelligence vs. Mensch \u2013 Wer gewinnt?"}]},{"@type":"WebSite","@id":"https:\/\/www.organisator.ch\/#website","url":"https:\/\/www.organisator.ch\/","name":"Organisator","description":"Kompetent. Praxisnah. Der ORGANISATOR bereitet in 10 Ausgaben pro Jahr die wesentlichen Themen f\u00fcr F\u00fchrungskr\u00e4fte von KMU auf.","publisher":{"@id":"https:\/\/www.organisator.ch\/#organization"},"potentialAction":[{"@type":"SearchAction","target":{"@type":"EntryPoint","urlTemplate":"https:\/\/www.organisator.ch\/?s={search_term_string}"},"query-input":{"@type":"PropertyValueSpecification","valueRequired":true,"valueName":"search_term_string"}}],"inLanguage":"de"},{"@type":"Organization","@id":"https:\/\/www.organisator.ch\/#organization","name":"Organisator","url":"https:\/\/www.organisator.ch\/","logo":{"@type":"ImageObject","inLanguage":"de","@id":"https:\/\/www.organisator.ch\/#\/schema\/logo\/image\/","url":"https:\/\/www.organisator.ch\/wp-content\/uploads\/2022\/01\/Logo_Organisator_Website.png","contentUrl":"https:\/\/www.organisator.ch\/wp-content\/uploads\/2022\/01\/Logo_Organisator_Website.png","width":800,"height":77,"caption":"Organisator"},"image":{"@id":"https:\/\/www.organisator.ch\/#\/schema\/logo\/image\/"},"sameAs":["https:\/\/www.facebook.com\/OrganisatorFachmagazin","https:\/\/www.linkedin.com\/showcase\/organisator-das-magazin-fr-kmu","https:\/\/www.xing.com\/news\/pages\/organisator-ch-695","https:\/\/www.youtube.com\/channel\/UCGP2Sq0iWaZwT3BdIAQFYpw"]},{"@type":"Person","@id":"https:\/\/www.organisator.ch\/#\/schema\/person\/6f650f90b2842cd4c0cc334b4e36f67e","name":"thomas.berner","image":{"@type":"ImageObject","inLanguage":"de","@id":"https:\/\/secure.gravatar.com\/avatar\/ac5001d2a36cb6c6cd3e50789007ffca834b477b74a2144564522e944eabff61?s=96&d=mm&r=g","url":"https:\/\/secure.gravatar.com\/avatar\/ac5001d2a36cb6c6cd3e50789007ffca834b477b74a2144564522e944eabff61?s=96&d=mm&r=g","contentUrl":"https:\/\/secure.gravatar.com\/avatar\/ac5001d2a36cb6c6cd3e50789007ffca834b477b74a2144564522e944eabff61?s=96&d=mm&r=g","caption":"thomas.berner"},"url":"https:\/\/www.organisator.ch\/de\/author\/thomas-berner\/"}]}},"_links":{"self":[{"href":"https:\/\/www.organisator.ch\/de\/wp-json\/wp\/v2\/posts\/3493","targetHints":{"allow":["GET"]}}],"collection":[{"href":"https:\/\/www.organisator.ch\/de\/wp-json\/wp\/v2\/posts"}],"about":[{"href":"https:\/\/www.organisator.ch\/de\/wp-json\/wp\/v2\/types\/post"}],"author":[{"embeddable":true,"href":"https:\/\/www.organisator.ch\/de\/wp-json\/wp\/v2\/users\/4"}],"replies":[{"embeddable":true,"href":"https:\/\/www.organisator.ch\/de\/wp-json\/wp\/v2\/comments?post=3493"}],"version-history":[{"count":0,"href":"https:\/\/www.organisator.ch\/de\/wp-json\/wp\/v2\/posts\/3493\/revisions"}],"wp:featuredmedia":[{"embeddable":true,"href":"https:\/\/www.organisator.ch\/de\/wp-json\/wp\/v2\/media\/3494"}],"wp:attachment":[{"href":"https:\/\/www.organisator.ch\/de\/wp-json\/wp\/v2\/media?parent=3493"}],"wp:term":[{"taxonomy":"category","embeddable":true,"href":"https:\/\/www.organisator.ch\/de\/wp-json\/wp\/v2\/categories?post=3493"},{"taxonomy":"post_tag","embeddable":true,"href":"https:\/\/www.organisator.ch\/de\/wp-json\/wp\/v2\/tags?post=3493"}],"curies":[{"name":"wp","href":"https:\/\/api.w.org\/{rel}","templated":true}]}}