{"id":350,"date":"2016-11-23T14:32:37","date_gmt":"2016-11-23T13:32:37","guid":{"rendered":"http:\/\/dev.organisator.ch\/?p=350"},"modified":"2016-11-23T14:32:37","modified_gmt":"2016-11-23T13:32:37","slug":"kmu-unterschaetzen-risiko-von-cyber-crime","status":"publish","type":"post","link":"https:\/\/www.organisator.ch\/de\/management\/it\/2016-11-23\/kmu-unterschaetzen-risiko-von-cyber-crime\/","title":{"rendered":"KMU untersch\u00e4tzen Risiko von Cyber-Crime"},"content":{"rendered":"<figure id=\"attachment_351\" aria-describedby=\"caption-attachment-351\" style=\"width: 640px\" class=\"wp-caption alignnone\"><img loading=\"lazy\" decoding=\"async\" class=\"size-full wp-image-351\" src=\"https:\/\/www.organisator.ch\/wp-content\/uploads\/2016\/12\/KMU-unterschaetzen-Risiko-von-Cyber-Crime-organisator.jpg\" alt=\"\" width=\"640\" height=\"446\" srcset=\"https:\/\/www.organisator.ch\/wp-content\/uploads\/2016\/12\/KMU-unterschaetzen-Risiko-von-Cyber-Crime-organisator.jpg 640w, https:\/\/www.organisator.ch\/wp-content\/uploads\/2016\/12\/KMU-unterschaetzen-Risiko-von-Cyber-Crime-organisator-16x12.jpg 16w, https:\/\/www.organisator.ch\/wp-content\/uploads\/2016\/12\/KMU-unterschaetzen-Risiko-von-Cyber-Crime-organisator-251x175.jpg 251w, https:\/\/www.organisator.ch\/wp-content\/uploads\/2016\/12\/KMU-unterschaetzen-Risiko-von-Cyber-Crime-organisator-502x350.jpg 502w, https:\/\/www.organisator.ch\/wp-content\/uploads\/2016\/12\/KMU-unterschaetzen-Risiko-von-Cyber-Crime-organisator-300x209.jpg 300w\" sizes=\"auto, (max-width: 640px) 100vw, 640px\" \/><figcaption id=\"caption-attachment-351\" class=\"wp-caption-text\">Hacker und andere Cyberkriminelle haben f\u00fcr KMU ein erhebliches Bedrohungspotenzial. (Foto: Fotolia.com)<\/figcaption><\/figure>\n<p>Kein Risiko hat in der Schweizer Wirtschaft derart an Bedeutung gewonnen wie die Cyberkriminalit\u00e4t. Dies ergibt eine repr\u00e4sentative Umfrage der Versicherung Zurich unter kleinen und mittleren Unternehmen (KMU). Mittlerweile gehen 12 Prozent der KMU davon aus, dass Hacker ein Schl\u00fcsselrisiko f\u00fcr sie darstellen. Gegen\u00fcber dem Jahr 2013 hat sich ihr Anteil mehr als vervierfacht. Deutlich gesunken ist derweil der Anteil der KMU, die sich partout f\u00fcr zu klein und unbedeutend halten, um Opfer von Cyberkriminellen werden zu k\u00f6nnen. Nur gerade 13 Prozent gehen davon aus, gar nicht erst ins Visier von Hackern zu geraten.<\/p>\n<p><strong>Untersch\u00e4tzte Cyberrisiken<\/strong><\/p>\n<p>Obwohl die Furcht stark zunimmt, sind die allermeisten Schweizer KMU schlecht ger\u00fcstet. Gerade einmal 2,5 Prozent der befragten Eigent\u00fcmer und Gesch\u00e4ftsf\u00fchrer geben an, dass ihre Firma \u00fcber voll funktionsf\u00e4hige und aktualisierte Schutzmassnah-men verf\u00fcgen. Hochgerechnet auf die rund 562\u2018000 KMU* in der Schweiz, bedeutet dies: 548\u2018000 KMU verf\u00fcgen \u00fcber keinen effektiven Schutz. Besonders exponiert sind jene Firmen, die Cyberrisiken als Schl\u00fcsselrisiko betrachten und dennoch keine Massnahmen ergriffen haben. Ihre Anzahl betr\u00e4gt mindestens 53\u2018000.<\/p>\n<p>\u00abDiese grosse Diskrepanz zwischen dem Risikobewusstsein und dem Ergreifen von konkreten Massnahmen zeigt, dass die Mehrheit der KMU v\u00f6llig \u00fcberfordert ist und sich gegen\u00fcber den Cyberkriminellen machtlos f\u00fchlt\u00bb, erkl\u00e4rt Christian La Fontaine, Spezialist f\u00fcr Cyberrisiken bei Zurich. Dies wiederum habe vor allem zwei Gr\u00fcnde: \u00abErstens fehlt in vielen Gesch\u00e4ftsleitungen ein Experte f\u00fcr IT-Fragen, Cyberrisiken wurden daher lange untersch\u00e4tzt\u00bb, sagt La Fontaine. \u00abZweitens sind effektive Massnahmen nicht immer g\u00fcnstig. Lange\u00a0z\u00f6gerten KMUs daher, die notwendigen Budgets zu bewilligen.\u00bb<\/p>\n<figure id=\"attachment_352\" aria-describedby=\"caption-attachment-352\" style=\"width: 680px\" class=\"wp-caption alignnone\"><img loading=\"lazy\" decoding=\"async\" class=\"size-medium wp-image-352\" src=\"https:\/\/organisator.ch\/wp-content\/uploads\/2016\/12\/KMU-untersch\u00e4tzen-Risiko-von-Cyber-Crime2-organisator.jpg\" alt=\"\" width=\"680\" height=\"510\" \/><figcaption id=\"caption-attachment-352\" class=\"wp-caption-text\">Die Hauptrisiken f\u00fcr KMU.<\/figcaption><\/figure>\n<p><strong>Auch Restaurants und Coiffeure betroffen<\/strong><\/p>\n<p>La Fontaine geht davon aus, dass sich der Anteil der stark exponierten KMU in den kommenden Jahren noch erh\u00f6ht. \u00abJe st\u00e4rker die Gesch\u00e4ftsmodelle von Firmen digitalisiert sind, desto eher sind sie Cyberrisiken ausgesetzt.\u00bb Restaurants oder Coiffeure beispielsweise, die Reservationen respektive Buchungen haupts\u00e4chlich \u00fcber das Internet oder Apps entgegen nehmen, k\u00f6nnen nach einem Hackerangriff schmerzhafte Umsatzeinbussen erleiden. \u00abWenn Kunden nicht mehr wie gewohnt online reservieren k\u00f6nnen, bleibt nur noch die Laufkundschaft\u00bb, erkl\u00e4rt La Fontaine. W\u00e4hrend fr\u00fcher noch galt, dass vor allem grosse KMUs Risiken im Cyberspace ausgesetzt sind, trifft dies zunehmend auch f\u00fcr kleinere Betriebe zu.<\/p>\n<p>Im Bereich der Cyberrisiken f\u00fcrchten sich KMU vor allem vor dem Diebstahl von Daten. \u00abBesonders gravierend ist der Schaden, wenn Kriminelle die Kreditkartendaten von Kunden stehlen\u00bb, sagt La Fontaine. \u00abGeschieht dies, sieht sich ein KMU oft mit einem ernsthaften Reputationsschaden und einem R\u00fcckgang des Umsatzes konfrontiert.\u00bb Auf dem zweiten Platz folgt die Angst vor einer erzwungenen Unterbrechung der Gesch\u00e4ftst\u00e4tigkeit. \u00abDieser Fall kann eintreten, wenn Hacker eine Website mit einer Flut von Anfragen \u00fcberlasten, sodass Kunden die Website nicht mehr aufrufen k\u00f6nnen\u00bb, erkl\u00e4rt La Fontaine. Auch Viren k\u00f6nnen Unterbr\u00fcche erzwingen. \u201e\u00d6ffnet ein Mitarbeitender eine E-Mail mit einem Virus, kann ein ganzes IT-System w\u00e4hrend Tagen blockiert werden.\u00bb<\/p>\n<p><em>Quelle: Z\u00fcrich Versicherungen, <a href=\"http:\/\/www.zurich.ch\" data-cke-saved-href=\"http:\/\/www.zurich.ch\">www.zurich.ch<\/a><\/em><\/p>\n","protected":false},"excerpt":{"rendered":"<p>Kein Risiko hat in der Schweizer Wirtschaft derart an Bedeutung gewonnen wie die Cyberkriminalit\u00e4t. Dies ergibt eine repr\u00e4sentative Umfrage der Versicherung Zurich unter kleinen und mittleren Unternehmen (KMU). Mittlerweile gehen 12 Prozent der KMU davon aus, dass Hacker ein Schl\u00fcsselrisiko f\u00fcr sie darstellen. Gegen\u00fcber dem Jahr 2013 hat sich ihr Anteil mehr als vervierfacht. Deutlich [&hellip;]<\/p>\n","protected":false},"author":1,"featured_media":351,"comment_status":"open","ping_status":"open","sticky":false,"template":"","format":"standard","meta":{"_acf_changed":false,"_yoast_wpseo_focuskw":"Cyber-Crime","_yoast_wpseo_metadesc":"Obwohl immer mehr die Cyberkriminalit\u00e4t als Schl\u00fcsselrisiko betrachten, verf\u00fcgen nur 2,5 Prozent \u00fcber ausreichenden Schutz.","articlekey":"","footnotes":""},"categories":[27],"tags":[260,286,288,418],"class_list":["post-350","post","type-post","status-publish","format-standard","has-post-thumbnail","hentry","category-it","tag-ict-sicherheit","tag-it","tag-it-business-software","tag-risikomanagement"],"acf":[],"yoast_head":"<!-- This site is optimized with the Yoast SEO plugin v27.5 - https:\/\/yoast.com\/product\/yoast-seo-wordpress\/ -->\n<title>KMU untersch\u00e4tzen Risiko von Cyber-Crime - Organisator<\/title>\n<meta name=\"description\" content=\"Obwohl immer mehr die Cyberkriminalit\u00e4t als Schl\u00fcsselrisiko betrachten, verf\u00fcgen nur 2,5 Prozent \u00fcber ausreichenden Schutz.\" \/>\n<meta name=\"robots\" content=\"index, follow, max-snippet:-1, max-image-preview:large, max-video-preview:-1\" \/>\n<link rel=\"canonical\" href=\"https:\/\/www.organisator.ch\/de\/management\/it\/2016-11-23\/kmu-unterschaetzen-risiko-von-cyber-crime\/\" \/>\n<meta property=\"og:locale\" content=\"de_DE\" \/>\n<meta property=\"og:type\" content=\"article\" \/>\n<meta property=\"og:title\" content=\"KMU untersch\u00e4tzen Risiko von Cyber-Crime\" \/>\n<meta property=\"og:description\" content=\"Die Schweizer KMU sind katastrophal schlecht ger\u00fcstet gegen Hacker. Obwohl immer mehr die Cyberkriminalit\u00e4t als Schl\u00fcsselrisiko betrachten, verf\u00fcgen nur 2,5 Prozent \u00fcber ausreichenden Schutz.\" \/>\n<meta property=\"og:url\" content=\"https:\/\/www.organisator.ch\/de\/management\/it\/2016-11-23\/kmu-unterschaetzen-risiko-von-cyber-crime\/\" \/>\n<meta property=\"og:site_name\" content=\"Organisator\" \/>\n<meta property=\"article:publisher\" content=\"https:\/\/www.facebook.com\/OrganisatorFachmagazin\" \/>\n<meta property=\"article:published_time\" content=\"2016-11-23T13:32:37+00:00\" \/>\n<meta name=\"author\" content=\"admin\" \/>\n<meta name=\"twitter:card\" content=\"summary_large_image\" \/>\n<meta name=\"twitter:image\" content=\"https:\/\/www.organisator.ch\/wp-content\/uploads\/2016\/12\/KMU-unterschaetzen-Risiko-von-Cyber-Crime-organisator.jpg\" \/>\n<script type=\"application\/ld+json\" class=\"yoast-schema-graph\">{\"@context\":\"https:\\\/\\\/schema.org\",\"@graph\":[{\"@type\":\"Article\",\"@id\":\"https:\\\/\\\/www.organisator.ch\\\/management\\\/it\\\/2016-11-23\\\/kmu-unterschaetzen-risiko-von-cyber-crime\\\/#article\",\"isPartOf\":{\"@id\":\"https:\\\/\\\/www.organisator.ch\\\/management\\\/it\\\/2016-11-23\\\/kmu-unterschaetzen-risiko-von-cyber-crime\\\/\"},\"author\":{\"name\":\"admin\",\"@id\":\"https:\\\/\\\/www.organisator.ch\\\/#\\\/schema\\\/person\\\/aa2bace6c5c5aad60102004a50c4eb1c\"},\"headline\":\"KMU untersch\u00e4tzen Risiko von Cyber-Crime\",\"datePublished\":\"2016-11-23T13:32:37+00:00\",\"mainEntityOfPage\":{\"@id\":\"https:\\\/\\\/www.organisator.ch\\\/management\\\/it\\\/2016-11-23\\\/kmu-unterschaetzen-risiko-von-cyber-crime\\\/\"},\"wordCount\":536,\"commentCount\":0,\"publisher\":{\"@id\":\"https:\\\/\\\/www.organisator.ch\\\/#organization\"},\"image\":{\"@id\":\"https:\\\/\\\/www.organisator.ch\\\/management\\\/it\\\/2016-11-23\\\/kmu-unterschaetzen-risiko-von-cyber-crime\\\/#primaryimage\"},\"thumbnailUrl\":\"https:\\\/\\\/www.organisator.ch\\\/wp-content\\\/uploads\\\/2016\\\/12\\\/KMU-unterschaetzen-Risiko-von-Cyber-Crime-organisator.jpg\",\"keywords\":[\"ICT-Sicherheit\",\"IT\",\"IT &amp; Business Software\",\"Risikomanagement\"],\"articleSection\":[\"IT\"],\"inLanguage\":\"de\"},{\"@type\":\"WebPage\",\"@id\":\"https:\\\/\\\/www.organisator.ch\\\/management\\\/it\\\/2016-11-23\\\/kmu-unterschaetzen-risiko-von-cyber-crime\\\/\",\"url\":\"https:\\\/\\\/www.organisator.ch\\\/management\\\/it\\\/2016-11-23\\\/kmu-unterschaetzen-risiko-von-cyber-crime\\\/\",\"name\":\"KMU untersch\u00e4tzen Risiko von Cyber-Crime - Organisator\",\"isPartOf\":{\"@id\":\"https:\\\/\\\/www.organisator.ch\\\/#website\"},\"primaryImageOfPage\":{\"@id\":\"https:\\\/\\\/www.organisator.ch\\\/management\\\/it\\\/2016-11-23\\\/kmu-unterschaetzen-risiko-von-cyber-crime\\\/#primaryimage\"},\"image\":{\"@id\":\"https:\\\/\\\/www.organisator.ch\\\/management\\\/it\\\/2016-11-23\\\/kmu-unterschaetzen-risiko-von-cyber-crime\\\/#primaryimage\"},\"thumbnailUrl\":\"https:\\\/\\\/www.organisator.ch\\\/wp-content\\\/uploads\\\/2016\\\/12\\\/KMU-unterschaetzen-Risiko-von-Cyber-Crime-organisator.jpg\",\"datePublished\":\"2016-11-23T13:32:37+00:00\",\"description\":\"Obwohl immer mehr die Cyberkriminalit\u00e4t als Schl\u00fcsselrisiko betrachten, verf\u00fcgen nur 2,5 Prozent \u00fcber ausreichenden Schutz.\",\"breadcrumb\":{\"@id\":\"https:\\\/\\\/www.organisator.ch\\\/management\\\/it\\\/2016-11-23\\\/kmu-unterschaetzen-risiko-von-cyber-crime\\\/#breadcrumb\"},\"inLanguage\":\"de\",\"potentialAction\":[{\"@type\":\"ReadAction\",\"target\":[\"https:\\\/\\\/www.organisator.ch\\\/management\\\/it\\\/2016-11-23\\\/kmu-unterschaetzen-risiko-von-cyber-crime\\\/\"]}]},{\"@type\":\"ImageObject\",\"inLanguage\":\"de\",\"@id\":\"https:\\\/\\\/www.organisator.ch\\\/management\\\/it\\\/2016-11-23\\\/kmu-unterschaetzen-risiko-von-cyber-crime\\\/#primaryimage\",\"url\":\"https:\\\/\\\/www.organisator.ch\\\/wp-content\\\/uploads\\\/2016\\\/12\\\/KMU-unterschaetzen-Risiko-von-Cyber-Crime-organisator.jpg\",\"contentUrl\":\"https:\\\/\\\/www.organisator.ch\\\/wp-content\\\/uploads\\\/2016\\\/12\\\/KMU-unterschaetzen-Risiko-von-Cyber-Crime-organisator.jpg\",\"width\":640,\"height\":446,\"caption\":\"Hacker und andere Cyberkriminelle haben f\u00fcr KMU ein erhebliches Bedrohungspotenzial. (Foto: Fotolia.com)\"},{\"@type\":\"BreadcrumbList\",\"@id\":\"https:\\\/\\\/www.organisator.ch\\\/management\\\/it\\\/2016-11-23\\\/kmu-unterschaetzen-risiko-von-cyber-crime\\\/#breadcrumb\",\"itemListElement\":[{\"@type\":\"ListItem\",\"position\":1,\"name\":\"Home\",\"item\":\"https:\\\/\\\/www.organisator.ch\\\/\"},{\"@type\":\"ListItem\",\"position\":2,\"name\":\"KMU untersch\u00e4tzen Risiko von Cyber-Crime\"}]},{\"@type\":\"WebSite\",\"@id\":\"https:\\\/\\\/www.organisator.ch\\\/#website\",\"url\":\"https:\\\/\\\/www.organisator.ch\\\/\",\"name\":\"Organisator\",\"description\":\"Kompetent. Praxisnah. Der ORGANISATOR bereitet in 10 Ausgaben pro Jahr die wesentlichen Themen f\u00fcr F\u00fchrungskr\u00e4fte von KMU auf.\",\"publisher\":{\"@id\":\"https:\\\/\\\/www.organisator.ch\\\/#organization\"},\"potentialAction\":[{\"@type\":\"SearchAction\",\"target\":{\"@type\":\"EntryPoint\",\"urlTemplate\":\"https:\\\/\\\/www.organisator.ch\\\/?s={search_term_string}\"},\"query-input\":{\"@type\":\"PropertyValueSpecification\",\"valueRequired\":true,\"valueName\":\"search_term_string\"}}],\"inLanguage\":\"de\"},{\"@type\":\"Organization\",\"@id\":\"https:\\\/\\\/www.organisator.ch\\\/#organization\",\"name\":\"Organisator\",\"url\":\"https:\\\/\\\/www.organisator.ch\\\/\",\"logo\":{\"@type\":\"ImageObject\",\"inLanguage\":\"de\",\"@id\":\"https:\\\/\\\/www.organisator.ch\\\/#\\\/schema\\\/logo\\\/image\\\/\",\"url\":\"https:\\\/\\\/www.organisator.ch\\\/wp-content\\\/uploads\\\/2022\\\/01\\\/Logo_Organisator_Website.png\",\"contentUrl\":\"https:\\\/\\\/www.organisator.ch\\\/wp-content\\\/uploads\\\/2022\\\/01\\\/Logo_Organisator_Website.png\",\"width\":800,\"height\":77,\"caption\":\"Organisator\"},\"image\":{\"@id\":\"https:\\\/\\\/www.organisator.ch\\\/#\\\/schema\\\/logo\\\/image\\\/\"},\"sameAs\":[\"https:\\\/\\\/www.facebook.com\\\/OrganisatorFachmagazin\",\"https:\\\/\\\/www.linkedin.com\\\/showcase\\\/organisator-das-magazin-fr-kmu\",\"https:\\\/\\\/www.xing.com\\\/news\\\/pages\\\/organisator-ch-695\",\"https:\\\/\\\/www.youtube.com\\\/channel\\\/UCGP2Sq0iWaZwT3BdIAQFYpw\"]},{\"@type\":\"Person\",\"@id\":\"https:\\\/\\\/www.organisator.ch\\\/#\\\/schema\\\/person\\\/aa2bace6c5c5aad60102004a50c4eb1c\",\"name\":\"admin\",\"image\":{\"@type\":\"ImageObject\",\"inLanguage\":\"de\",\"@id\":\"https:\\\/\\\/secure.gravatar.com\\\/avatar\\\/ae2f4d718e6c49043e314ce431e7e645d646302a24a5ef5a8bc8e3f5a032e319?s=96&d=mm&r=g\",\"url\":\"https:\\\/\\\/secure.gravatar.com\\\/avatar\\\/ae2f4d718e6c49043e314ce431e7e645d646302a24a5ef5a8bc8e3f5a032e319?s=96&d=mm&r=g\",\"contentUrl\":\"https:\\\/\\\/secure.gravatar.com\\\/avatar\\\/ae2f4d718e6c49043e314ce431e7e645d646302a24a5ef5a8bc8e3f5a032e319?s=96&d=mm&r=g\",\"caption\":\"admin\"},\"sameAs\":[\"https:\\\/\\\/www.organisator.ch\"],\"url\":\"https:\\\/\\\/www.organisator.ch\\\/de\\\/author\\\/admin\\\/\"}]}<\/script>\n<!-- \/ Yoast SEO plugin. -->","yoast_head_json":{"title":"KMU untersch\u00e4tzen Risiko von Cyber-Crime - Organisator","description":"Obwohl immer mehr die Cyberkriminalit\u00e4t als Schl\u00fcsselrisiko betrachten, verf\u00fcgen nur 2,5 Prozent \u00fcber ausreichenden Schutz.","robots":{"index":"index","follow":"follow","max-snippet":"max-snippet:-1","max-image-preview":"max-image-preview:large","max-video-preview":"max-video-preview:-1"},"canonical":"https:\/\/www.organisator.ch\/de\/management\/it\/2016-11-23\/kmu-unterschaetzen-risiko-von-cyber-crime\/","og_locale":"de_DE","og_type":"article","og_title":"KMU untersch\u00e4tzen Risiko von Cyber-Crime","og_description":"Die Schweizer KMU sind katastrophal schlecht ger\u00fcstet gegen Hacker. Obwohl immer mehr die Cyberkriminalit\u00e4t als Schl\u00fcsselrisiko betrachten, verf\u00fcgen nur 2,5 Prozent \u00fcber ausreichenden Schutz.","og_url":"https:\/\/www.organisator.ch\/de\/management\/it\/2016-11-23\/kmu-unterschaetzen-risiko-von-cyber-crime\/","og_site_name":"Organisator","article_publisher":"https:\/\/www.facebook.com\/OrganisatorFachmagazin","article_published_time":"2016-11-23T13:32:37+00:00","author":"admin","twitter_card":"summary_large_image","twitter_image":"https:\/\/www.organisator.ch\/wp-content\/uploads\/2016\/12\/KMU-unterschaetzen-Risiko-von-Cyber-Crime-organisator.jpg","schema":{"@context":"https:\/\/schema.org","@graph":[{"@type":"Article","@id":"https:\/\/www.organisator.ch\/management\/it\/2016-11-23\/kmu-unterschaetzen-risiko-von-cyber-crime\/#article","isPartOf":{"@id":"https:\/\/www.organisator.ch\/management\/it\/2016-11-23\/kmu-unterschaetzen-risiko-von-cyber-crime\/"},"author":{"name":"admin","@id":"https:\/\/www.organisator.ch\/#\/schema\/person\/aa2bace6c5c5aad60102004a50c4eb1c"},"headline":"KMU untersch\u00e4tzen Risiko von Cyber-Crime","datePublished":"2016-11-23T13:32:37+00:00","mainEntityOfPage":{"@id":"https:\/\/www.organisator.ch\/management\/it\/2016-11-23\/kmu-unterschaetzen-risiko-von-cyber-crime\/"},"wordCount":536,"commentCount":0,"publisher":{"@id":"https:\/\/www.organisator.ch\/#organization"},"image":{"@id":"https:\/\/www.organisator.ch\/management\/it\/2016-11-23\/kmu-unterschaetzen-risiko-von-cyber-crime\/#primaryimage"},"thumbnailUrl":"https:\/\/www.organisator.ch\/wp-content\/uploads\/2016\/12\/KMU-unterschaetzen-Risiko-von-Cyber-Crime-organisator.jpg","keywords":["ICT-Sicherheit","IT","IT &amp; Business Software","Risikomanagement"],"articleSection":["IT"],"inLanguage":"de"},{"@type":"WebPage","@id":"https:\/\/www.organisator.ch\/management\/it\/2016-11-23\/kmu-unterschaetzen-risiko-von-cyber-crime\/","url":"https:\/\/www.organisator.ch\/management\/it\/2016-11-23\/kmu-unterschaetzen-risiko-von-cyber-crime\/","name":"KMU untersch\u00e4tzen Risiko von Cyber-Crime - Organisator","isPartOf":{"@id":"https:\/\/www.organisator.ch\/#website"},"primaryImageOfPage":{"@id":"https:\/\/www.organisator.ch\/management\/it\/2016-11-23\/kmu-unterschaetzen-risiko-von-cyber-crime\/#primaryimage"},"image":{"@id":"https:\/\/www.organisator.ch\/management\/it\/2016-11-23\/kmu-unterschaetzen-risiko-von-cyber-crime\/#primaryimage"},"thumbnailUrl":"https:\/\/www.organisator.ch\/wp-content\/uploads\/2016\/12\/KMU-unterschaetzen-Risiko-von-Cyber-Crime-organisator.jpg","datePublished":"2016-11-23T13:32:37+00:00","description":"Obwohl immer mehr die Cyberkriminalit\u00e4t als Schl\u00fcsselrisiko betrachten, verf\u00fcgen nur 2,5 Prozent \u00fcber ausreichenden Schutz.","breadcrumb":{"@id":"https:\/\/www.organisator.ch\/management\/it\/2016-11-23\/kmu-unterschaetzen-risiko-von-cyber-crime\/#breadcrumb"},"inLanguage":"de","potentialAction":[{"@type":"ReadAction","target":["https:\/\/www.organisator.ch\/management\/it\/2016-11-23\/kmu-unterschaetzen-risiko-von-cyber-crime\/"]}]},{"@type":"ImageObject","inLanguage":"de","@id":"https:\/\/www.organisator.ch\/management\/it\/2016-11-23\/kmu-unterschaetzen-risiko-von-cyber-crime\/#primaryimage","url":"https:\/\/www.organisator.ch\/wp-content\/uploads\/2016\/12\/KMU-unterschaetzen-Risiko-von-Cyber-Crime-organisator.jpg","contentUrl":"https:\/\/www.organisator.ch\/wp-content\/uploads\/2016\/12\/KMU-unterschaetzen-Risiko-von-Cyber-Crime-organisator.jpg","width":640,"height":446,"caption":"Hacker und andere Cyberkriminelle haben f\u00fcr KMU ein erhebliches Bedrohungspotenzial. (Foto: Fotolia.com)"},{"@type":"BreadcrumbList","@id":"https:\/\/www.organisator.ch\/management\/it\/2016-11-23\/kmu-unterschaetzen-risiko-von-cyber-crime\/#breadcrumb","itemListElement":[{"@type":"ListItem","position":1,"name":"Home","item":"https:\/\/www.organisator.ch\/"},{"@type":"ListItem","position":2,"name":"KMU untersch\u00e4tzen Risiko von Cyber-Crime"}]},{"@type":"WebSite","@id":"https:\/\/www.organisator.ch\/#website","url":"https:\/\/www.organisator.ch\/","name":"Organisator","description":"Kompetent. Praxisnah. Der ORGANISATOR bereitet in 10 Ausgaben pro Jahr die wesentlichen Themen f\u00fcr F\u00fchrungskr\u00e4fte von KMU auf.","publisher":{"@id":"https:\/\/www.organisator.ch\/#organization"},"potentialAction":[{"@type":"SearchAction","target":{"@type":"EntryPoint","urlTemplate":"https:\/\/www.organisator.ch\/?s={search_term_string}"},"query-input":{"@type":"PropertyValueSpecification","valueRequired":true,"valueName":"search_term_string"}}],"inLanguage":"de"},{"@type":"Organization","@id":"https:\/\/www.organisator.ch\/#organization","name":"Organisator","url":"https:\/\/www.organisator.ch\/","logo":{"@type":"ImageObject","inLanguage":"de","@id":"https:\/\/www.organisator.ch\/#\/schema\/logo\/image\/","url":"https:\/\/www.organisator.ch\/wp-content\/uploads\/2022\/01\/Logo_Organisator_Website.png","contentUrl":"https:\/\/www.organisator.ch\/wp-content\/uploads\/2022\/01\/Logo_Organisator_Website.png","width":800,"height":77,"caption":"Organisator"},"image":{"@id":"https:\/\/www.organisator.ch\/#\/schema\/logo\/image\/"},"sameAs":["https:\/\/www.facebook.com\/OrganisatorFachmagazin","https:\/\/www.linkedin.com\/showcase\/organisator-das-magazin-fr-kmu","https:\/\/www.xing.com\/news\/pages\/organisator-ch-695","https:\/\/www.youtube.com\/channel\/UCGP2Sq0iWaZwT3BdIAQFYpw"]},{"@type":"Person","@id":"https:\/\/www.organisator.ch\/#\/schema\/person\/aa2bace6c5c5aad60102004a50c4eb1c","name":"admin","image":{"@type":"ImageObject","inLanguage":"de","@id":"https:\/\/secure.gravatar.com\/avatar\/ae2f4d718e6c49043e314ce431e7e645d646302a24a5ef5a8bc8e3f5a032e319?s=96&d=mm&r=g","url":"https:\/\/secure.gravatar.com\/avatar\/ae2f4d718e6c49043e314ce431e7e645d646302a24a5ef5a8bc8e3f5a032e319?s=96&d=mm&r=g","contentUrl":"https:\/\/secure.gravatar.com\/avatar\/ae2f4d718e6c49043e314ce431e7e645d646302a24a5ef5a8bc8e3f5a032e319?s=96&d=mm&r=g","caption":"admin"},"sameAs":["https:\/\/www.organisator.ch"],"url":"https:\/\/www.organisator.ch\/de\/author\/admin\/"}]}},"_links":{"self":[{"href":"https:\/\/www.organisator.ch\/de\/wp-json\/wp\/v2\/posts\/350","targetHints":{"allow":["GET"]}}],"collection":[{"href":"https:\/\/www.organisator.ch\/de\/wp-json\/wp\/v2\/posts"}],"about":[{"href":"https:\/\/www.organisator.ch\/de\/wp-json\/wp\/v2\/types\/post"}],"author":[{"embeddable":true,"href":"https:\/\/www.organisator.ch\/de\/wp-json\/wp\/v2\/users\/1"}],"replies":[{"embeddable":true,"href":"https:\/\/www.organisator.ch\/de\/wp-json\/wp\/v2\/comments?post=350"}],"version-history":[{"count":0,"href":"https:\/\/www.organisator.ch\/de\/wp-json\/wp\/v2\/posts\/350\/revisions"}],"wp:featuredmedia":[{"embeddable":true,"href":"https:\/\/www.organisator.ch\/de\/wp-json\/wp\/v2\/media\/351"}],"wp:attachment":[{"href":"https:\/\/www.organisator.ch\/de\/wp-json\/wp\/v2\/media?parent=350"}],"wp:term":[{"taxonomy":"category","embeddable":true,"href":"https:\/\/www.organisator.ch\/de\/wp-json\/wp\/v2\/categories?post=350"},{"taxonomy":"post_tag","embeddable":true,"href":"https:\/\/www.organisator.ch\/de\/wp-json\/wp\/v2\/tags?post=350"}],"curies":[{"name":"wp","href":"https:\/\/api.w.org\/{rel}","templated":true}]}}