{"id":35000,"date":"2025-01-07T08:24:54","date_gmt":"2025-01-07T07:24:54","guid":{"rendered":"https:\/\/www.organisator.ch\/?p=35000"},"modified":"2025-01-07T08:25:29","modified_gmt":"2025-01-07T07:25:29","slug":"beat-welti-wird-neuer-country-leader-von-selecta-schweiz","status":"publish","type":"post","link":"https:\/\/www.organisator.ch\/de\/management\/2025-01-07\/beat-welti-wird-neuer-country-leader-von-selecta-schweiz\/","title":{"rendered":"Beat Welti wird neuer Country Leader von Selecta Schweiz"},"content":{"rendered":"<figure id=\"attachment_35001\" aria-describedby=\"caption-attachment-35001\" style=\"width: 680px\" class=\"wp-caption alignnone\"><img loading=\"lazy\" decoding=\"async\" class=\"wp-image-35001 size-full\" src=\"https:\/\/www.organisator.ch\/wp-content\/uploads\/2025\/01\/Selecta_Bild1_ps-e1736234726440.jpg\" alt=\"\" width=\"680\" height=\"508\" srcset=\"https:\/\/www.organisator.ch\/wp-content\/uploads\/2025\/01\/Selecta_Bild1_ps-e1736234726440.jpg 680w, https:\/\/www.organisator.ch\/wp-content\/uploads\/2025\/01\/Selecta_Bild1_ps-e1736234726440-16x12.jpg 16w, https:\/\/www.organisator.ch\/wp-content\/uploads\/2025\/01\/Selecta_Bild1_ps-e1736234726440-375x280.jpg 375w, https:\/\/www.organisator.ch\/wp-content\/uploads\/2025\/01\/Selecta_Bild1_ps-e1736234726440-469x350.jpg 469w\" sizes=\"auto, (max-width: 680px) 100vw, 680px\" \/><figcaption id=\"caption-attachment-35001\" class=\"wp-caption-text\">Beat Welti \u00fcbernimmt als Country Leader die Leitung von Selecta Schweiz. Sein Fokus: Innovation, digitale Verpflegungsl\u00f6sungen und Kundenservice. (Bild: www.selecta.com)<\/figcaption><\/figure>\n<p>\u201eSelecta ist optimal positioniert, um den wachsenden Bedarf an flexiblen, digitalen und nachhaltigen Verpflegungsl\u00f6sungen zu decken\u201c, sagt Beat Welti. \u201eUnsere skalierbaren Verpflegungsl\u00f6sungen \u2013 von Snacks bis zu frischen Mahlzeiten sowie Premium-Kaffee und Getr\u00e4nken \u2013 sind mit smarten Technologien wie Echtzeit-Verkaufsdaten ausgestattet. Das r\u00fcckt uns n\u00e4her an unsere Kunden und steigert die Effizienz. Mein Fokus liegt auf einem herausragenden Kundenservice. Ich werde zudem strategische Partnerschaften im Bereich nachhaltiger Produkte sowie mit institutionellen Kunden ausbauen, um unser Wachstum langfristig zu sichern.\u201c<\/p>\n<p>Selecta, seit 1957 in der Schweiz gegr\u00fcndet und etabliert, hat sich in den letzten Jahren von einem traditionellen Anbieter von Verkaufsautomaten zu einem Vorreiter im Food Tech-Bereich gewandelt. Mikrom\u00e4rkte, smarte K\u00fchlschr\u00e4nke und 24\/7 zug\u00e4ngliche frische Lebensmittel sind nur einige der fortschrittlichen L\u00f6sungen, die das Unternehmen heute sowohl in der Schweiz als auch in Europa anbietet. Diese Innovationen richten sich an Grossunternehmen, KMUs sowie den \u00f6ffentlichen Sektor und verbessern das Verpflegungsangebot f\u00fcr Endkonsumenten erheblich.<\/p>\n<p>\u201eEs freut mich sehr, dass wir mit Beat Welti einen Experten gewinnen konnten, der die Schweizer Konsumg\u00fcterbranche ausgezeichnet kennt\u201c, sagt Christian Schmitz, CEO der Selecta Group. \u201eSeine umfassende Erfahrung und sein fundiertes Branchenwissen werden f\u00fcr uns eine Bereicherung sein, um unsere Ziele weiter voranzutreiben.\u201c<\/p>\n<p><em>Quelle: \u00a0<a href=\"http:\/\/www.selecta.com\">www.selecta.com<\/a><\/em><\/p>\n","protected":false},"excerpt":{"rendered":"<p>Beat Welti hat die Position des Country Leaders von Selecta Schweiz \u00fcbernommen. Der erfahrene Manager bringt umfassende Expertise aus der Konsumg\u00fcterbranche mit und hat in f\u00fchrenden Positionen bei renommierten Unternehmen wie Lindt &#038; Spr\u00fcngli, Mars, Migros, Unilever und zuletzt Bofrost massgeblich zum Erfolg dieser Firmen beigetragen. Mit seinem klaren Fokus auf Innovation und exzellenten Kundenservice wird er Selecta als f\u00fchrenden Anbieter im Food-Tech-Sektor weiterentwickeln.<\/p>\n","protected":false},"author":80,"featured_media":35001,"comment_status":"closed","ping_status":"closed","sticky":false,"template":"","format":"standard","meta":{"_acf_changed":false,"_yoast_wpseo_focuskw":"Beat Welti","_yoast_wpseo_metadesc":"Beat Welti \u00fcbernimmt als Country Leader die Leitung von Selecta Schweiz. Sein Fokus: Innovation und Kundenorientierung.","articlekey":"","footnotes":""},"categories":[28],"tags":[1145,4979,3196,424,4980,510],"class_list":["post-35000","post","type-post","status-publish","format-standard","has-post-thumbnail","hentry","category-management","tag-experten","tag-konsumgueterbranche","tag-leitung","tag-schweiz","tag-selecta","tag-verpflegung"],"acf":[],"yoast_head":"<!-- This site is optimized with the Yoast SEO plugin v27.5 - https:\/\/yoast.com\/product\/yoast-seo-wordpress\/ -->\n<title>Beat Welti wird neuer Country Leader von Selecta Schweiz - Organisator<\/title>\n<meta name=\"description\" content=\"Beat Welti \u00fcbernimmt als Country Leader die Leitung von Selecta Schweiz. Sein Fokus: Innovation und Kundenorientierung.\" \/>\n<meta name=\"robots\" content=\"index, follow, max-snippet:-1, max-image-preview:large, max-video-preview:-1\" \/>\n<link rel=\"canonical\" href=\"https:\/\/www.organisator.ch\/de\/management\/2025-01-07\/beat-welti-wird-neuer-country-leader-von-selecta-schweiz\/\" \/>\n<meta property=\"og:locale\" content=\"de_DE\" \/>\n<meta property=\"og:type\" content=\"article\" \/>\n<meta property=\"og:title\" content=\"Neuer Country Leader von Selecta Schweiz\" \/>\n<meta property=\"og:description\" content=\"Beat Welti \u00fcbernimmt als Country Leader die Leitung von Selecta Schweiz. Sein Fokus: Innovation, digitale Verpflegungsl\u00f6sungen und Kundenservice.\" \/>\n<meta property=\"og:url\" content=\"https:\/\/www.organisator.ch\/de\/management\/2025-01-07\/beat-welti-wird-neuer-country-leader-von-selecta-schweiz\/\" \/>\n<meta property=\"og:site_name\" content=\"Organisator\" \/>\n<meta property=\"article:publisher\" content=\"https:\/\/www.facebook.com\/OrganisatorFachmagazin\" \/>\n<meta property=\"article:published_time\" content=\"2025-01-07T07:24:54+00:00\" \/>\n<meta property=\"article:modified_time\" content=\"2025-01-07T07:25:29+00:00\" \/>\n<meta property=\"og:image\" content=\"https:\/\/www.organisator.ch\/wp-content\/uploads\/2025\/01\/Selecta_Bild1_ps-e1736234726440.jpg\" \/>\n\t<meta property=\"og:image:width\" content=\"680\" \/>\n\t<meta property=\"og:image:height\" content=\"508\" \/>\n\t<meta property=\"og:image:type\" content=\"image\/jpeg\" \/>\n<meta name=\"author\" content=\"Dzana Muminovic\" \/>\n<meta name=\"twitter:card\" content=\"summary_large_image\" \/>\n<meta name=\"twitter:title\" content=\"Neuer Country Leader von Selecta Schweiz\" \/>\n<meta name=\"twitter:description\" content=\"#Beat #Welti \u00fcbernimmt als #Country #Leader die #Leitung von #Selecta #Schweiz. Sein Fokus: #Innovation, digitale #Verpflegungsl\u00f6sungen und #Kundenservice.\" \/>\n<meta name=\"twitter:image\" content=\"https:\/\/www.organisator.ch\/wp-content\/uploads\/2025\/01\/Selecta_Bild1_ps-e1736234726440.jpg\" \/>\n<script type=\"application\/ld+json\" class=\"yoast-schema-graph\">{\"@context\":\"https:\\\/\\\/schema.org\",\"@graph\":[{\"@type\":\"Article\",\"@id\":\"https:\\\/\\\/www.organisator.ch\\\/management\\\/2025-01-07\\\/beat-welti-wird-neuer-country-leader-von-selecta-schweiz\\\/#article\",\"isPartOf\":{\"@id\":\"https:\\\/\\\/www.organisator.ch\\\/management\\\/2025-01-07\\\/beat-welti-wird-neuer-country-leader-von-selecta-schweiz\\\/\"},\"author\":{\"name\":\"Dzana Muminovic\",\"@id\":\"https:\\\/\\\/www.organisator.ch\\\/#\\\/schema\\\/person\\\/afccda3a71c06d4be2ed9100dd163db7\"},\"headline\":\"Beat Welti wird neuer Country Leader von Selecta Schweiz\",\"datePublished\":\"2025-01-07T07:24:54+00:00\",\"dateModified\":\"2025-01-07T07:25:29+00:00\",\"mainEntityOfPage\":{\"@id\":\"https:\\\/\\\/www.organisator.ch\\\/management\\\/2025-01-07\\\/beat-welti-wird-neuer-country-leader-von-selecta-schweiz\\\/\"},\"wordCount\":249,\"publisher\":{\"@id\":\"https:\\\/\\\/www.organisator.ch\\\/#organization\"},\"image\":{\"@id\":\"https:\\\/\\\/www.organisator.ch\\\/management\\\/2025-01-07\\\/beat-welti-wird-neuer-country-leader-von-selecta-schweiz\\\/#primaryimage\"},\"thumbnailUrl\":\"https:\\\/\\\/www.organisator.ch\\\/wp-content\\\/uploads\\\/2025\\\/01\\\/Selecta_Bild1_ps-e1736234726440.jpg\",\"keywords\":[\"Experten\",\"Konsumg\u00fcterbranche\",\"Leitung\",\"Schweiz\",\"Selecta\",\"Verpflegung\"],\"articleSection\":[\"MANAGEMENT\"],\"inLanguage\":\"de\"},{\"@type\":\"WebPage\",\"@id\":\"https:\\\/\\\/www.organisator.ch\\\/management\\\/2025-01-07\\\/beat-welti-wird-neuer-country-leader-von-selecta-schweiz\\\/\",\"url\":\"https:\\\/\\\/www.organisator.ch\\\/management\\\/2025-01-07\\\/beat-welti-wird-neuer-country-leader-von-selecta-schweiz\\\/\",\"name\":\"Beat Welti wird neuer Country Leader von Selecta Schweiz - Organisator\",\"isPartOf\":{\"@id\":\"https:\\\/\\\/www.organisator.ch\\\/#website\"},\"primaryImageOfPage\":{\"@id\":\"https:\\\/\\\/www.organisator.ch\\\/management\\\/2025-01-07\\\/beat-welti-wird-neuer-country-leader-von-selecta-schweiz\\\/#primaryimage\"},\"image\":{\"@id\":\"https:\\\/\\\/www.organisator.ch\\\/management\\\/2025-01-07\\\/beat-welti-wird-neuer-country-leader-von-selecta-schweiz\\\/#primaryimage\"},\"thumbnailUrl\":\"https:\\\/\\\/www.organisator.ch\\\/wp-content\\\/uploads\\\/2025\\\/01\\\/Selecta_Bild1_ps-e1736234726440.jpg\",\"datePublished\":\"2025-01-07T07:24:54+00:00\",\"dateModified\":\"2025-01-07T07:25:29+00:00\",\"description\":\"Beat Welti \u00fcbernimmt als Country Leader die Leitung von Selecta Schweiz. Sein Fokus: Innovation und Kundenorientierung.\",\"breadcrumb\":{\"@id\":\"https:\\\/\\\/www.organisator.ch\\\/management\\\/2025-01-07\\\/beat-welti-wird-neuer-country-leader-von-selecta-schweiz\\\/#breadcrumb\"},\"inLanguage\":\"de\",\"potentialAction\":[{\"@type\":\"ReadAction\",\"target\":[\"https:\\\/\\\/www.organisator.ch\\\/management\\\/2025-01-07\\\/beat-welti-wird-neuer-country-leader-von-selecta-schweiz\\\/\"]}]},{\"@type\":\"ImageObject\",\"inLanguage\":\"de\",\"@id\":\"https:\\\/\\\/www.organisator.ch\\\/management\\\/2025-01-07\\\/beat-welti-wird-neuer-country-leader-von-selecta-schweiz\\\/#primaryimage\",\"url\":\"https:\\\/\\\/www.organisator.ch\\\/wp-content\\\/uploads\\\/2025\\\/01\\\/Selecta_Bild1_ps-e1736234726440.jpg\",\"contentUrl\":\"https:\\\/\\\/www.organisator.ch\\\/wp-content\\\/uploads\\\/2025\\\/01\\\/Selecta_Bild1_ps-e1736234726440.jpg\",\"width\":680,\"height\":508,\"caption\":\"Beat Welti \u00fcbernimmt als Country Leader die Leitung von Selecta Schweiz. Sein Fokus: Innovation, digitale Verpflegungsl\u00f6sungen und Kundenservice. (Bild: www.selecta.com)\"},{\"@type\":\"BreadcrumbList\",\"@id\":\"https:\\\/\\\/www.organisator.ch\\\/management\\\/2025-01-07\\\/beat-welti-wird-neuer-country-leader-von-selecta-schweiz\\\/#breadcrumb\",\"itemListElement\":[{\"@type\":\"ListItem\",\"position\":1,\"name\":\"Home\",\"item\":\"https:\\\/\\\/www.organisator.ch\\\/\"},{\"@type\":\"ListItem\",\"position\":2,\"name\":\"Beat Welti wird neuer Country Leader von Selecta Schweiz\"}]},{\"@type\":\"WebSite\",\"@id\":\"https:\\\/\\\/www.organisator.ch\\\/#website\",\"url\":\"https:\\\/\\\/www.organisator.ch\\\/\",\"name\":\"Organisator\",\"description\":\"Kompetent. Praxisnah. Der ORGANISATOR bereitet in 10 Ausgaben pro Jahr die wesentlichen Themen f\u00fcr F\u00fchrungskr\u00e4fte von KMU auf.\",\"publisher\":{\"@id\":\"https:\\\/\\\/www.organisator.ch\\\/#organization\"},\"potentialAction\":[{\"@type\":\"SearchAction\",\"target\":{\"@type\":\"EntryPoint\",\"urlTemplate\":\"https:\\\/\\\/www.organisator.ch\\\/?s={search_term_string}\"},\"query-input\":{\"@type\":\"PropertyValueSpecification\",\"valueRequired\":true,\"valueName\":\"search_term_string\"}}],\"inLanguage\":\"de\"},{\"@type\":\"Organization\",\"@id\":\"https:\\\/\\\/www.organisator.ch\\\/#organization\",\"name\":\"Organisator\",\"url\":\"https:\\\/\\\/www.organisator.ch\\\/\",\"logo\":{\"@type\":\"ImageObject\",\"inLanguage\":\"de\",\"@id\":\"https:\\\/\\\/www.organisator.ch\\\/#\\\/schema\\\/logo\\\/image\\\/\",\"url\":\"https:\\\/\\\/www.organisator.ch\\\/wp-content\\\/uploads\\\/2022\\\/01\\\/Logo_Organisator_Website.png\",\"contentUrl\":\"https:\\\/\\\/www.organisator.ch\\\/wp-content\\\/uploads\\\/2022\\\/01\\\/Logo_Organisator_Website.png\",\"width\":800,\"height\":77,\"caption\":\"Organisator\"},\"image\":{\"@id\":\"https:\\\/\\\/www.organisator.ch\\\/#\\\/schema\\\/logo\\\/image\\\/\"},\"sameAs\":[\"https:\\\/\\\/www.facebook.com\\\/OrganisatorFachmagazin\",\"https:\\\/\\\/www.linkedin.com\\\/showcase\\\/organisator-das-magazin-fr-kmu\",\"https:\\\/\\\/www.xing.com\\\/news\\\/pages\\\/organisator-ch-695\",\"https:\\\/\\\/www.youtube.com\\\/channel\\\/UCGP2Sq0iWaZwT3BdIAQFYpw\"]},{\"@type\":\"Person\",\"@id\":\"https:\\\/\\\/www.organisator.ch\\\/#\\\/schema\\\/person\\\/afccda3a71c06d4be2ed9100dd163db7\",\"name\":\"Dzana Muminovic\",\"image\":{\"@type\":\"ImageObject\",\"inLanguage\":\"de\",\"@id\":\"https:\\\/\\\/secure.gravatar.com\\\/avatar\\\/909c5c71aff4b38e88686f2ab2f1ba152571f394f41ed8bae431ea56ced93050?s=96&d=mm&r=g\",\"url\":\"https:\\\/\\\/secure.gravatar.com\\\/avatar\\\/909c5c71aff4b38e88686f2ab2f1ba152571f394f41ed8bae431ea56ced93050?s=96&d=mm&r=g\",\"contentUrl\":\"https:\\\/\\\/secure.gravatar.com\\\/avatar\\\/909c5c71aff4b38e88686f2ab2f1ba152571f394f41ed8bae431ea56ced93050?s=96&d=mm&r=g\",\"caption\":\"Dzana Muminovic\"},\"url\":\"https:\\\/\\\/www.organisator.ch\\\/de\\\/author\\\/dzana-muminovic\\\/\"}]}<\/script>\n<!-- \/ Yoast SEO plugin. -->","yoast_head_json":{"title":"Beat Welti wird neuer Country Leader von Selecta Schweiz - Organisator","description":"Beat Welti \u00fcbernimmt als Country Leader die Leitung von Selecta Schweiz. Sein Fokus: Innovation und Kundenorientierung.","robots":{"index":"index","follow":"follow","max-snippet":"max-snippet:-1","max-image-preview":"max-image-preview:large","max-video-preview":"max-video-preview:-1"},"canonical":"https:\/\/www.organisator.ch\/de\/management\/2025-01-07\/beat-welti-wird-neuer-country-leader-von-selecta-schweiz\/","og_locale":"de_DE","og_type":"article","og_title":"Neuer Country Leader von Selecta Schweiz","og_description":"Beat Welti \u00fcbernimmt als Country Leader die Leitung von Selecta Schweiz. Sein Fokus: Innovation, digitale Verpflegungsl\u00f6sungen und Kundenservice.","og_url":"https:\/\/www.organisator.ch\/de\/management\/2025-01-07\/beat-welti-wird-neuer-country-leader-von-selecta-schweiz\/","og_site_name":"Organisator","article_publisher":"https:\/\/www.facebook.com\/OrganisatorFachmagazin","article_published_time":"2025-01-07T07:24:54+00:00","article_modified_time":"2025-01-07T07:25:29+00:00","og_image":[{"width":680,"height":508,"url":"https:\/\/www.organisator.ch\/wp-content\/uploads\/2025\/01\/Selecta_Bild1_ps-e1736234726440.jpg","type":"image\/jpeg"}],"author":"Dzana Muminovic","twitter_card":"summary_large_image","twitter_title":"Neuer Country Leader von Selecta Schweiz","twitter_description":"#Beat #Welti \u00fcbernimmt als #Country #Leader die #Leitung von #Selecta #Schweiz. Sein Fokus: #Innovation, digitale #Verpflegungsl\u00f6sungen und #Kundenservice.","twitter_image":"https:\/\/www.organisator.ch\/wp-content\/uploads\/2025\/01\/Selecta_Bild1_ps-e1736234726440.jpg","schema":{"@context":"https:\/\/schema.org","@graph":[{"@type":"Article","@id":"https:\/\/www.organisator.ch\/management\/2025-01-07\/beat-welti-wird-neuer-country-leader-von-selecta-schweiz\/#article","isPartOf":{"@id":"https:\/\/www.organisator.ch\/management\/2025-01-07\/beat-welti-wird-neuer-country-leader-von-selecta-schweiz\/"},"author":{"name":"Dzana Muminovic","@id":"https:\/\/www.organisator.ch\/#\/schema\/person\/afccda3a71c06d4be2ed9100dd163db7"},"headline":"Beat Welti wird neuer Country Leader von Selecta Schweiz","datePublished":"2025-01-07T07:24:54+00:00","dateModified":"2025-01-07T07:25:29+00:00","mainEntityOfPage":{"@id":"https:\/\/www.organisator.ch\/management\/2025-01-07\/beat-welti-wird-neuer-country-leader-von-selecta-schweiz\/"},"wordCount":249,"publisher":{"@id":"https:\/\/www.organisator.ch\/#organization"},"image":{"@id":"https:\/\/www.organisator.ch\/management\/2025-01-07\/beat-welti-wird-neuer-country-leader-von-selecta-schweiz\/#primaryimage"},"thumbnailUrl":"https:\/\/www.organisator.ch\/wp-content\/uploads\/2025\/01\/Selecta_Bild1_ps-e1736234726440.jpg","keywords":["Experten","Konsumg\u00fcterbranche","Leitung","Schweiz","Selecta","Verpflegung"],"articleSection":["MANAGEMENT"],"inLanguage":"de"},{"@type":"WebPage","@id":"https:\/\/www.organisator.ch\/management\/2025-01-07\/beat-welti-wird-neuer-country-leader-von-selecta-schweiz\/","url":"https:\/\/www.organisator.ch\/management\/2025-01-07\/beat-welti-wird-neuer-country-leader-von-selecta-schweiz\/","name":"Beat Welti wird neuer Country Leader von Selecta Schweiz - Organisator","isPartOf":{"@id":"https:\/\/www.organisator.ch\/#website"},"primaryImageOfPage":{"@id":"https:\/\/www.organisator.ch\/management\/2025-01-07\/beat-welti-wird-neuer-country-leader-von-selecta-schweiz\/#primaryimage"},"image":{"@id":"https:\/\/www.organisator.ch\/management\/2025-01-07\/beat-welti-wird-neuer-country-leader-von-selecta-schweiz\/#primaryimage"},"thumbnailUrl":"https:\/\/www.organisator.ch\/wp-content\/uploads\/2025\/01\/Selecta_Bild1_ps-e1736234726440.jpg","datePublished":"2025-01-07T07:24:54+00:00","dateModified":"2025-01-07T07:25:29+00:00","description":"Beat Welti \u00fcbernimmt als Country Leader die Leitung von Selecta Schweiz. Sein Fokus: Innovation und Kundenorientierung.","breadcrumb":{"@id":"https:\/\/www.organisator.ch\/management\/2025-01-07\/beat-welti-wird-neuer-country-leader-von-selecta-schweiz\/#breadcrumb"},"inLanguage":"de","potentialAction":[{"@type":"ReadAction","target":["https:\/\/www.organisator.ch\/management\/2025-01-07\/beat-welti-wird-neuer-country-leader-von-selecta-schweiz\/"]}]},{"@type":"ImageObject","inLanguage":"de","@id":"https:\/\/www.organisator.ch\/management\/2025-01-07\/beat-welti-wird-neuer-country-leader-von-selecta-schweiz\/#primaryimage","url":"https:\/\/www.organisator.ch\/wp-content\/uploads\/2025\/01\/Selecta_Bild1_ps-e1736234726440.jpg","contentUrl":"https:\/\/www.organisator.ch\/wp-content\/uploads\/2025\/01\/Selecta_Bild1_ps-e1736234726440.jpg","width":680,"height":508,"caption":"Beat Welti \u00fcbernimmt als Country Leader die Leitung von Selecta Schweiz. Sein Fokus: Innovation, digitale Verpflegungsl\u00f6sungen und Kundenservice. (Bild: www.selecta.com)"},{"@type":"BreadcrumbList","@id":"https:\/\/www.organisator.ch\/management\/2025-01-07\/beat-welti-wird-neuer-country-leader-von-selecta-schweiz\/#breadcrumb","itemListElement":[{"@type":"ListItem","position":1,"name":"Home","item":"https:\/\/www.organisator.ch\/"},{"@type":"ListItem","position":2,"name":"Beat Welti wird neuer Country Leader von Selecta Schweiz"}]},{"@type":"WebSite","@id":"https:\/\/www.organisator.ch\/#website","url":"https:\/\/www.organisator.ch\/","name":"Organisator","description":"Kompetent. Praxisnah. Der ORGANISATOR bereitet in 10 Ausgaben pro Jahr die wesentlichen Themen f\u00fcr F\u00fchrungskr\u00e4fte von KMU auf.","publisher":{"@id":"https:\/\/www.organisator.ch\/#organization"},"potentialAction":[{"@type":"SearchAction","target":{"@type":"EntryPoint","urlTemplate":"https:\/\/www.organisator.ch\/?s={search_term_string}"},"query-input":{"@type":"PropertyValueSpecification","valueRequired":true,"valueName":"search_term_string"}}],"inLanguage":"de"},{"@type":"Organization","@id":"https:\/\/www.organisator.ch\/#organization","name":"Organisator","url":"https:\/\/www.organisator.ch\/","logo":{"@type":"ImageObject","inLanguage":"de","@id":"https:\/\/www.organisator.ch\/#\/schema\/logo\/image\/","url":"https:\/\/www.organisator.ch\/wp-content\/uploads\/2022\/01\/Logo_Organisator_Website.png","contentUrl":"https:\/\/www.organisator.ch\/wp-content\/uploads\/2022\/01\/Logo_Organisator_Website.png","width":800,"height":77,"caption":"Organisator"},"image":{"@id":"https:\/\/www.organisator.ch\/#\/schema\/logo\/image\/"},"sameAs":["https:\/\/www.facebook.com\/OrganisatorFachmagazin","https:\/\/www.linkedin.com\/showcase\/organisator-das-magazin-fr-kmu","https:\/\/www.xing.com\/news\/pages\/organisator-ch-695","https:\/\/www.youtube.com\/channel\/UCGP2Sq0iWaZwT3BdIAQFYpw"]},{"@type":"Person","@id":"https:\/\/www.organisator.ch\/#\/schema\/person\/afccda3a71c06d4be2ed9100dd163db7","name":"Dzana Muminovic","image":{"@type":"ImageObject","inLanguage":"de","@id":"https:\/\/secure.gravatar.com\/avatar\/909c5c71aff4b38e88686f2ab2f1ba152571f394f41ed8bae431ea56ced93050?s=96&d=mm&r=g","url":"https:\/\/secure.gravatar.com\/avatar\/909c5c71aff4b38e88686f2ab2f1ba152571f394f41ed8bae431ea56ced93050?s=96&d=mm&r=g","contentUrl":"https:\/\/secure.gravatar.com\/avatar\/909c5c71aff4b38e88686f2ab2f1ba152571f394f41ed8bae431ea56ced93050?s=96&d=mm&r=g","caption":"Dzana Muminovic"},"url":"https:\/\/www.organisator.ch\/de\/author\/dzana-muminovic\/"}]}},"_links":{"self":[{"href":"https:\/\/www.organisator.ch\/de\/wp-json\/wp\/v2\/posts\/35000","targetHints":{"allow":["GET"]}}],"collection":[{"href":"https:\/\/www.organisator.ch\/de\/wp-json\/wp\/v2\/posts"}],"about":[{"href":"https:\/\/www.organisator.ch\/de\/wp-json\/wp\/v2\/types\/post"}],"author":[{"embeddable":true,"href":"https:\/\/www.organisator.ch\/de\/wp-json\/wp\/v2\/users\/80"}],"replies":[{"embeddable":true,"href":"https:\/\/www.organisator.ch\/de\/wp-json\/wp\/v2\/comments?post=35000"}],"version-history":[{"count":4,"href":"https:\/\/www.organisator.ch\/de\/wp-json\/wp\/v2\/posts\/35000\/revisions"}],"predecessor-version":[{"id":35003,"href":"https:\/\/www.organisator.ch\/de\/wp-json\/wp\/v2\/posts\/35000\/revisions\/35003"}],"wp:featuredmedia":[{"embeddable":true,"href":"https:\/\/www.organisator.ch\/de\/wp-json\/wp\/v2\/media\/35001"}],"wp:attachment":[{"href":"https:\/\/www.organisator.ch\/de\/wp-json\/wp\/v2\/media?parent=35000"}],"wp:term":[{"taxonomy":"category","embeddable":true,"href":"https:\/\/www.organisator.ch\/de\/wp-json\/wp\/v2\/categories?post=35000"},{"taxonomy":"post_tag","embeddable":true,"href":"https:\/\/www.organisator.ch\/de\/wp-json\/wp\/v2\/tags?post=35000"}],"curies":[{"name":"wp","href":"https:\/\/api.w.org\/{rel}","templated":true}]}}