{"id":35034,"date":"2025-01-08T06:56:49","date_gmt":"2025-01-08T05:56:49","guid":{"rendered":"https:\/\/www.organisator.ch\/?p=35034"},"modified":"2025-01-07T15:57:16","modified_gmt":"2025-01-07T14:57:16","slug":"neues-institut-fokussiert-auf-mentale-und-organisationale-gesundheit","status":"publish","type":"post","link":"https:\/\/www.organisator.ch\/de\/weiterbildung\/2025-01-08\/neues-institut-fokussiert-auf-mentale-und-organisationale-gesundheit\/","title":{"rendered":"Neues Institut fokussiert auf mentale und organisationale Gesundheit"},"content":{"rendered":"<figure id=\"attachment_35035\" aria-describedby=\"caption-attachment-35035\" style=\"width: 680px\" class=\"wp-caption alignnone\"><img loading=\"lazy\" decoding=\"async\" class=\"size-full wp-image-35035\" src=\"https:\/\/www.organisator.ch\/wp-content\/uploads\/2025\/01\/FHNW_Bild1_ps.jpg\" alt=\"\" width=\"680\" height=\"453\" srcset=\"https:\/\/www.organisator.ch\/wp-content\/uploads\/2025\/01\/FHNW_Bild1_ps.jpg 680w, https:\/\/www.organisator.ch\/wp-content\/uploads\/2025\/01\/FHNW_Bild1_ps-18x12.jpg 18w, https:\/\/www.organisator.ch\/wp-content\/uploads\/2025\/01\/FHNW_Bild1_ps-375x250.jpg 375w, https:\/\/www.organisator.ch\/wp-content\/uploads\/2025\/01\/FHNW_Bild1_ps-525x350.jpg 525w\" sizes=\"auto, (max-width: 680px) 100vw, 680px\" \/><figcaption id=\"caption-attachment-35035\" class=\"wp-caption-text\">Gesund leben, arbeiten und ver\u00e4ndern \u2013 die zentralen Handlungsfelder des Instituts f\u00fcr Mentale und Organisationale Gesundheit (MOG). (Bild: Hochschule f\u00fcr Angewandte Psychologie FHNW)<\/figcaption><\/figure>\n<p>Das per 1. Januar 2025 gegr\u00fcndete Institut f\u00fcr Mentale und Organisationale Gesundheit (MOG) widmet sich der gesundheitsf\u00f6rderlichen Gestaltung von Arbeitsbedingungen, der Begleitung organisationaler Ver\u00e4nderungen sowie der St\u00e4rkung der Resilienz auf individueller, Team- und Organisationsebene. \u00abDie Erhaltung und F\u00f6rderung von Gesundheit in der Arbeitswelt stellt Organisationen und die Gesellschaft zunehmend vor Herausforderungen\u00bb, sagt Prof. Dr. Tanja Manser, Direktorin der Hochschule f\u00fcr Angewandte Psychologie FHNW. \u00abMit der Gr\u00fcndung des neuen Instituts unterst\u00fctzen wir Unternehmen mit wissenschaftlich fundierten, praxistauglichen L\u00f6sungen und tragen mit psychologischer Kompetenz zum strategischen FHNW-Zukunftsfeld Future Health bei.\u00bb<\/p>\n<h3><strong>Ein starkes Fundament f\u00fcr die Zukunft<\/strong><\/h3>\n<p>Die Hochschule f\u00fcr Angewandte Psychologie FHNW verf\u00fcgt \u00fcber ausgewiesene Expertise im Themenfeld Arbeit und Gesundheit. Michaela Knecht und Andreas Krause leisten gemeinsam mit ihrem Team seit vielen Jahren mit wegweisenden Forschungsprojekten, praxisnaher Beratung und innovativen Lehrformaten einen wichtigen Beitrag zur F\u00f6rderung mentaler und organisationaler Gesundheit. Diese Kompetenzen bilden die Grundlage f\u00fcr die weitere Entwicklung und den Aufbau neuer Schwerpunkte entlang der Bedarfe in Wirtschaft und Gesellschaft.<\/p>\n<h3><strong>Vorfreude auf neue M\u00f6glichkeiten<\/strong><\/h3>\n<p>Die Gr\u00fcndung des Instituts er\u00f6ffnet die M\u00f6glichkeit, die an der Hochschule f\u00fcr Angewandte Psychologie FHNW aufgebaute Expertise noch gezielter einzusetzen und nachhaltige Impulse f\u00fcr die Arbeitswelt von morgen zu setzen. \u00abWir freuen uns darauf, gemeinsam mit Partnern aus Wirtschaft, Gesellschaft und Forschung neue Ans\u00e4tze zur St\u00e4rkung der mentalen und organisationalen Gesundheit zu entwickeln und zu erproben\u00bb, so Michaela Knecht und Andreas Krause.<\/p>\n<h3><strong>Gesund leben, arbeiten und ver\u00e4ndern<\/strong><\/h3>\n<p>Das Institut f\u00fcr Mentale und Organisationale Gesundheit (MOG) fokussiert auf drei zentrale Handlungsfelder, welche die Bedarfe von Wirtschaft und Gesellschaft aufgreifen:<\/p>\n<ul>\n<li><strong>Gesund leben:<\/strong> F\u00f6rderung der Balance zwischen Arbeit und Privatleben sowie St\u00e4rkung von Sinn und Gesundheit im Alltag.<\/li>\n<li><strong>Gesund arbeiten:<\/strong> Erforschung und Verbreitung von Betrieblichem Gesundheitsmanagement (BGM), Analyse psychosozialer Risiken und Ressourcen bei der Arbeit sowie Unterst\u00fctzung der Selbstf\u00fcrsorge und Vermeidung von Selbstgef\u00e4hrdung.<\/li>\n<li><strong>Gesund ver\u00e4ndern:<\/strong> Gesundheitsf\u00f6rderliche Begleitung von Ver\u00e4nderungsprozessen in Organisationen, insbesondere bei der Einf\u00fchrung neuer Arbeits- und Kollaborationsformen.<\/li>\n<\/ul>\n<h3><strong>Praxisevent \u00abFuture Health \u2013 der Beitrag der angewandten Psychologie\u00bb, 7. Mai 2025, Olten<\/strong><\/h3>\n<p>Expertinnen und Experten aus dem Institut f\u00fcr Mentale und Organisationale Gesundheit pr\u00e4sentieren Innovative Ans\u00e4tze, um den Herausforderungen einer zunehmend komplexen und dynamischen Arbeitswelt zu begegnen. Im Fokus stehen L\u00f6sungsans\u00e4tze zur F\u00f6rderung von Resilienz, psychischer Gesundheit und nachhaltiger Leistungsf\u00e4higkeit in Unternehmen.<\/p>\n<p><em>Quelle: <a href=\"http:\/\/www.fhnw.ch\">www.fhnw.ch<\/a><\/em><\/p>\n","protected":false},"excerpt":{"rendered":"<p>Mit dem neuen Institut f\u00fcr Mentale und Organisationale Gesundheit setzt die Hochschule f\u00fcr Angewandte Psychologie FHNW ein starkes Zeichen f\u00fcr die Bedeutung mentaler und organisationaler Gesundheit in einer sich wandelnden Arbeitswelt. Die Co-Leitung bilden Prof. Dr. Michaela Knecht und Prof. Dr. Andreas Krause.<\/p>\n","protected":false},"author":80,"featured_media":35035,"comment_status":"closed","ping_status":"closed","sticky":false,"template":"","format":"standard","meta":{"_acf_changed":false,"_yoast_wpseo_focuskw":"FHNW","_yoast_wpseo_metadesc":"Das neue Institut der FHNW st\u00e4rkt mentale und organisationale Gesundheit mit praxisnahen und wissenschaftlich fundierten L\u00f6sungen.","articlekey":"","footnotes":""},"categories":[30],"tags":[4049,1168,242,4985,1688],"class_list":["post-35034","post","type-post","status-publish","format-standard","has-post-thumbnail","hentry","category-weiterbildung","tag-arbeitswelt","tag-fhnw","tag-gesundheit","tag-institut-fuer-mentale-und-organisationale-gesundheit","tag-mentale-gesundheit"],"acf":[],"yoast_head":"<!-- This site is optimized with the Yoast SEO plugin v27.5 - https:\/\/yoast.com\/product\/yoast-seo-wordpress\/ -->\n<title>Neues Institut fokussiert auf mentale und organisationale Gesundheit - Organisator<\/title>\n<meta name=\"description\" content=\"Das neue Institut der FHNW st\u00e4rkt mentale und organisationale Gesundheit mit praxisnahen und wissenschaftlich fundierten L\u00f6sungen.\" \/>\n<meta name=\"robots\" content=\"index, follow, max-snippet:-1, max-image-preview:large, max-video-preview:-1\" \/>\n<link rel=\"canonical\" href=\"https:\/\/www.organisator.ch\/de\/weiterbildung\/2025-01-08\/neues-institut-fokussiert-auf-mentale-und-organisationale-gesundheit\/\" \/>\n<meta property=\"og:locale\" content=\"de_DE\" \/>\n<meta property=\"og:type\" content=\"article\" \/>\n<meta property=\"og:title\" content=\"Neues Institut fokussiert auf mentale und organisationale Gesundheit\" \/>\n<meta property=\"og:description\" content=\"Das neue Institut der FHNW st\u00e4rkt mentale und organisationale Gesundheit mit praxisnahen und wissenschaftlich fundierten L\u00f6sungen.\" \/>\n<meta property=\"og:url\" content=\"https:\/\/www.organisator.ch\/de\/weiterbildung\/2025-01-08\/neues-institut-fokussiert-auf-mentale-und-organisationale-gesundheit\/\" \/>\n<meta property=\"og:site_name\" content=\"Organisator\" \/>\n<meta property=\"article:publisher\" content=\"https:\/\/www.facebook.com\/OrganisatorFachmagazin\" \/>\n<meta property=\"article:published_time\" content=\"2025-01-08T05:56:49+00:00\" \/>\n<meta property=\"og:image\" content=\"https:\/\/www.organisator.ch\/wp-content\/uploads\/2025\/01\/FHNW_Bild1_ps.jpg\" \/>\n\t<meta property=\"og:image:width\" content=\"680\" \/>\n\t<meta property=\"og:image:height\" content=\"453\" \/>\n\t<meta property=\"og:image:type\" content=\"image\/jpeg\" \/>\n<meta name=\"author\" content=\"Dzana Muminovic\" \/>\n<meta name=\"twitter:card\" content=\"summary_large_image\" \/>\n<meta name=\"twitter:title\" content=\"Neues Institut fokussiert auf mentale und organisationale Gesundheit\" \/>\n<meta name=\"twitter:description\" content=\"Das neue #Institut der #FHNW st\u00e4rkt mentale und organisationale #Gesundheit mit praxisnahen und wissenschaftlich fundierten #L\u00f6sungen.\" \/>\n<meta name=\"twitter:image\" content=\"https:\/\/www.organisator.ch\/wp-content\/uploads\/2025\/01\/FHNW_Bild1_ps.jpg\" \/>\n<script type=\"application\/ld+json\" class=\"yoast-schema-graph\">{\"@context\":\"https:\\\/\\\/schema.org\",\"@graph\":[{\"@type\":\"Article\",\"@id\":\"https:\\\/\\\/www.organisator.ch\\\/weiterbildung\\\/2025-01-08\\\/neues-institut-fokussiert-auf-mentale-und-organisationale-gesundheit\\\/#article\",\"isPartOf\":{\"@id\":\"https:\\\/\\\/www.organisator.ch\\\/weiterbildung\\\/2025-01-08\\\/neues-institut-fokussiert-auf-mentale-und-organisationale-gesundheit\\\/\"},\"author\":{\"name\":\"Dzana Muminovic\",\"@id\":\"https:\\\/\\\/www.organisator.ch\\\/#\\\/schema\\\/person\\\/afccda3a71c06d4be2ed9100dd163db7\"},\"headline\":\"Neues Institut fokussiert auf mentale und organisationale Gesundheit\",\"datePublished\":\"2025-01-08T05:56:49+00:00\",\"mainEntityOfPage\":{\"@id\":\"https:\\\/\\\/www.organisator.ch\\\/weiterbildung\\\/2025-01-08\\\/neues-institut-fokussiert-auf-mentale-und-organisationale-gesundheit\\\/\"},\"wordCount\":443,\"publisher\":{\"@id\":\"https:\\\/\\\/www.organisator.ch\\\/#organization\"},\"image\":{\"@id\":\"https:\\\/\\\/www.organisator.ch\\\/weiterbildung\\\/2025-01-08\\\/neues-institut-fokussiert-auf-mentale-und-organisationale-gesundheit\\\/#primaryimage\"},\"thumbnailUrl\":\"https:\\\/\\\/www.organisator.ch\\\/wp-content\\\/uploads\\\/2025\\\/01\\\/FHNW_Bild1_ps.jpg\",\"keywords\":[\"Arbeitswelt\",\"FHNW\",\"Gesundheit\",\"Institut f\u00fcr Mentale und Organisationale Gesundheit\",\"Mentale Gesundheit\"],\"articleSection\":[\"WEITERBILDUNG\"],\"inLanguage\":\"de\"},{\"@type\":\"WebPage\",\"@id\":\"https:\\\/\\\/www.organisator.ch\\\/weiterbildung\\\/2025-01-08\\\/neues-institut-fokussiert-auf-mentale-und-organisationale-gesundheit\\\/\",\"url\":\"https:\\\/\\\/www.organisator.ch\\\/weiterbildung\\\/2025-01-08\\\/neues-institut-fokussiert-auf-mentale-und-organisationale-gesundheit\\\/\",\"name\":\"Neues Institut fokussiert auf mentale und organisationale Gesundheit - Organisator\",\"isPartOf\":{\"@id\":\"https:\\\/\\\/www.organisator.ch\\\/#website\"},\"primaryImageOfPage\":{\"@id\":\"https:\\\/\\\/www.organisator.ch\\\/weiterbildung\\\/2025-01-08\\\/neues-institut-fokussiert-auf-mentale-und-organisationale-gesundheit\\\/#primaryimage\"},\"image\":{\"@id\":\"https:\\\/\\\/www.organisator.ch\\\/weiterbildung\\\/2025-01-08\\\/neues-institut-fokussiert-auf-mentale-und-organisationale-gesundheit\\\/#primaryimage\"},\"thumbnailUrl\":\"https:\\\/\\\/www.organisator.ch\\\/wp-content\\\/uploads\\\/2025\\\/01\\\/FHNW_Bild1_ps.jpg\",\"datePublished\":\"2025-01-08T05:56:49+00:00\",\"description\":\"Das neue Institut der FHNW st\u00e4rkt mentale und organisationale Gesundheit mit praxisnahen und wissenschaftlich fundierten L\u00f6sungen.\",\"breadcrumb\":{\"@id\":\"https:\\\/\\\/www.organisator.ch\\\/weiterbildung\\\/2025-01-08\\\/neues-institut-fokussiert-auf-mentale-und-organisationale-gesundheit\\\/#breadcrumb\"},\"inLanguage\":\"de\",\"potentialAction\":[{\"@type\":\"ReadAction\",\"target\":[\"https:\\\/\\\/www.organisator.ch\\\/weiterbildung\\\/2025-01-08\\\/neues-institut-fokussiert-auf-mentale-und-organisationale-gesundheit\\\/\"]}]},{\"@type\":\"ImageObject\",\"inLanguage\":\"de\",\"@id\":\"https:\\\/\\\/www.organisator.ch\\\/weiterbildung\\\/2025-01-08\\\/neues-institut-fokussiert-auf-mentale-und-organisationale-gesundheit\\\/#primaryimage\",\"url\":\"https:\\\/\\\/www.organisator.ch\\\/wp-content\\\/uploads\\\/2025\\\/01\\\/FHNW_Bild1_ps.jpg\",\"contentUrl\":\"https:\\\/\\\/www.organisator.ch\\\/wp-content\\\/uploads\\\/2025\\\/01\\\/FHNW_Bild1_ps.jpg\",\"width\":680,\"height\":453,\"caption\":\"Gesund leben, arbeiten und ver\u00e4ndern \u2013 die zentralen Handlungsfelder des Instituts f\u00fcr Mentale und Organisationale Gesundheit (MOG). (Bild: Hochschule f\u00fcr Angewandte Psychologie FHNW)\"},{\"@type\":\"BreadcrumbList\",\"@id\":\"https:\\\/\\\/www.organisator.ch\\\/weiterbildung\\\/2025-01-08\\\/neues-institut-fokussiert-auf-mentale-und-organisationale-gesundheit\\\/#breadcrumb\",\"itemListElement\":[{\"@type\":\"ListItem\",\"position\":1,\"name\":\"Home\",\"item\":\"https:\\\/\\\/www.organisator.ch\\\/\"},{\"@type\":\"ListItem\",\"position\":2,\"name\":\"Neues Institut fokussiert auf mentale und organisationale Gesundheit\"}]},{\"@type\":\"WebSite\",\"@id\":\"https:\\\/\\\/www.organisator.ch\\\/#website\",\"url\":\"https:\\\/\\\/www.organisator.ch\\\/\",\"name\":\"Organisator\",\"description\":\"Kompetent. Praxisnah. Der ORGANISATOR bereitet in 10 Ausgaben pro Jahr die wesentlichen Themen f\u00fcr F\u00fchrungskr\u00e4fte von KMU auf.\",\"publisher\":{\"@id\":\"https:\\\/\\\/www.organisator.ch\\\/#organization\"},\"potentialAction\":[{\"@type\":\"SearchAction\",\"target\":{\"@type\":\"EntryPoint\",\"urlTemplate\":\"https:\\\/\\\/www.organisator.ch\\\/?s={search_term_string}\"},\"query-input\":{\"@type\":\"PropertyValueSpecification\",\"valueRequired\":true,\"valueName\":\"search_term_string\"}}],\"inLanguage\":\"de\"},{\"@type\":\"Organization\",\"@id\":\"https:\\\/\\\/www.organisator.ch\\\/#organization\",\"name\":\"Organisator\",\"url\":\"https:\\\/\\\/www.organisator.ch\\\/\",\"logo\":{\"@type\":\"ImageObject\",\"inLanguage\":\"de\",\"@id\":\"https:\\\/\\\/www.organisator.ch\\\/#\\\/schema\\\/logo\\\/image\\\/\",\"url\":\"https:\\\/\\\/www.organisator.ch\\\/wp-content\\\/uploads\\\/2022\\\/01\\\/Logo_Organisator_Website.png\",\"contentUrl\":\"https:\\\/\\\/www.organisator.ch\\\/wp-content\\\/uploads\\\/2022\\\/01\\\/Logo_Organisator_Website.png\",\"width\":800,\"height\":77,\"caption\":\"Organisator\"},\"image\":{\"@id\":\"https:\\\/\\\/www.organisator.ch\\\/#\\\/schema\\\/logo\\\/image\\\/\"},\"sameAs\":[\"https:\\\/\\\/www.facebook.com\\\/OrganisatorFachmagazin\",\"https:\\\/\\\/www.linkedin.com\\\/showcase\\\/organisator-das-magazin-fr-kmu\",\"https:\\\/\\\/www.xing.com\\\/news\\\/pages\\\/organisator-ch-695\",\"https:\\\/\\\/www.youtube.com\\\/channel\\\/UCGP2Sq0iWaZwT3BdIAQFYpw\"]},{\"@type\":\"Person\",\"@id\":\"https:\\\/\\\/www.organisator.ch\\\/#\\\/schema\\\/person\\\/afccda3a71c06d4be2ed9100dd163db7\",\"name\":\"Dzana Muminovic\",\"image\":{\"@type\":\"ImageObject\",\"inLanguage\":\"de\",\"@id\":\"https:\\\/\\\/secure.gravatar.com\\\/avatar\\\/909c5c71aff4b38e88686f2ab2f1ba152571f394f41ed8bae431ea56ced93050?s=96&d=mm&r=g\",\"url\":\"https:\\\/\\\/secure.gravatar.com\\\/avatar\\\/909c5c71aff4b38e88686f2ab2f1ba152571f394f41ed8bae431ea56ced93050?s=96&d=mm&r=g\",\"contentUrl\":\"https:\\\/\\\/secure.gravatar.com\\\/avatar\\\/909c5c71aff4b38e88686f2ab2f1ba152571f394f41ed8bae431ea56ced93050?s=96&d=mm&r=g\",\"caption\":\"Dzana Muminovic\"},\"url\":\"https:\\\/\\\/www.organisator.ch\\\/de\\\/author\\\/dzana-muminovic\\\/\"}]}<\/script>\n<!-- \/ Yoast SEO plugin. -->","yoast_head_json":{"title":"Neues Institut fokussiert auf mentale und organisationale Gesundheit - Organisator","description":"Das neue Institut der FHNW st\u00e4rkt mentale und organisationale Gesundheit mit praxisnahen und wissenschaftlich fundierten L\u00f6sungen.","robots":{"index":"index","follow":"follow","max-snippet":"max-snippet:-1","max-image-preview":"max-image-preview:large","max-video-preview":"max-video-preview:-1"},"canonical":"https:\/\/www.organisator.ch\/de\/weiterbildung\/2025-01-08\/neues-institut-fokussiert-auf-mentale-und-organisationale-gesundheit\/","og_locale":"de_DE","og_type":"article","og_title":"Neues Institut fokussiert auf mentale und organisationale Gesundheit","og_description":"Das neue Institut der FHNW st\u00e4rkt mentale und organisationale Gesundheit mit praxisnahen und wissenschaftlich fundierten L\u00f6sungen.","og_url":"https:\/\/www.organisator.ch\/de\/weiterbildung\/2025-01-08\/neues-institut-fokussiert-auf-mentale-und-organisationale-gesundheit\/","og_site_name":"Organisator","article_publisher":"https:\/\/www.facebook.com\/OrganisatorFachmagazin","article_published_time":"2025-01-08T05:56:49+00:00","og_image":[{"width":680,"height":453,"url":"https:\/\/www.organisator.ch\/wp-content\/uploads\/2025\/01\/FHNW_Bild1_ps.jpg","type":"image\/jpeg"}],"author":"Dzana Muminovic","twitter_card":"summary_large_image","twitter_title":"Neues Institut fokussiert auf mentale und organisationale Gesundheit","twitter_description":"Das neue #Institut der #FHNW st\u00e4rkt mentale und organisationale #Gesundheit mit praxisnahen und wissenschaftlich fundierten #L\u00f6sungen.","twitter_image":"https:\/\/www.organisator.ch\/wp-content\/uploads\/2025\/01\/FHNW_Bild1_ps.jpg","schema":{"@context":"https:\/\/schema.org","@graph":[{"@type":"Article","@id":"https:\/\/www.organisator.ch\/weiterbildung\/2025-01-08\/neues-institut-fokussiert-auf-mentale-und-organisationale-gesundheit\/#article","isPartOf":{"@id":"https:\/\/www.organisator.ch\/weiterbildung\/2025-01-08\/neues-institut-fokussiert-auf-mentale-und-organisationale-gesundheit\/"},"author":{"name":"Dzana Muminovic","@id":"https:\/\/www.organisator.ch\/#\/schema\/person\/afccda3a71c06d4be2ed9100dd163db7"},"headline":"Neues Institut fokussiert auf mentale und organisationale Gesundheit","datePublished":"2025-01-08T05:56:49+00:00","mainEntityOfPage":{"@id":"https:\/\/www.organisator.ch\/weiterbildung\/2025-01-08\/neues-institut-fokussiert-auf-mentale-und-organisationale-gesundheit\/"},"wordCount":443,"publisher":{"@id":"https:\/\/www.organisator.ch\/#organization"},"image":{"@id":"https:\/\/www.organisator.ch\/weiterbildung\/2025-01-08\/neues-institut-fokussiert-auf-mentale-und-organisationale-gesundheit\/#primaryimage"},"thumbnailUrl":"https:\/\/www.organisator.ch\/wp-content\/uploads\/2025\/01\/FHNW_Bild1_ps.jpg","keywords":["Arbeitswelt","FHNW","Gesundheit","Institut f\u00fcr Mentale und Organisationale Gesundheit","Mentale Gesundheit"],"articleSection":["WEITERBILDUNG"],"inLanguage":"de"},{"@type":"WebPage","@id":"https:\/\/www.organisator.ch\/weiterbildung\/2025-01-08\/neues-institut-fokussiert-auf-mentale-und-organisationale-gesundheit\/","url":"https:\/\/www.organisator.ch\/weiterbildung\/2025-01-08\/neues-institut-fokussiert-auf-mentale-und-organisationale-gesundheit\/","name":"Neues Institut fokussiert auf mentale und organisationale Gesundheit - Organisator","isPartOf":{"@id":"https:\/\/www.organisator.ch\/#website"},"primaryImageOfPage":{"@id":"https:\/\/www.organisator.ch\/weiterbildung\/2025-01-08\/neues-institut-fokussiert-auf-mentale-und-organisationale-gesundheit\/#primaryimage"},"image":{"@id":"https:\/\/www.organisator.ch\/weiterbildung\/2025-01-08\/neues-institut-fokussiert-auf-mentale-und-organisationale-gesundheit\/#primaryimage"},"thumbnailUrl":"https:\/\/www.organisator.ch\/wp-content\/uploads\/2025\/01\/FHNW_Bild1_ps.jpg","datePublished":"2025-01-08T05:56:49+00:00","description":"Das neue Institut der FHNW st\u00e4rkt mentale und organisationale Gesundheit mit praxisnahen und wissenschaftlich fundierten L\u00f6sungen.","breadcrumb":{"@id":"https:\/\/www.organisator.ch\/weiterbildung\/2025-01-08\/neues-institut-fokussiert-auf-mentale-und-organisationale-gesundheit\/#breadcrumb"},"inLanguage":"de","potentialAction":[{"@type":"ReadAction","target":["https:\/\/www.organisator.ch\/weiterbildung\/2025-01-08\/neues-institut-fokussiert-auf-mentale-und-organisationale-gesundheit\/"]}]},{"@type":"ImageObject","inLanguage":"de","@id":"https:\/\/www.organisator.ch\/weiterbildung\/2025-01-08\/neues-institut-fokussiert-auf-mentale-und-organisationale-gesundheit\/#primaryimage","url":"https:\/\/www.organisator.ch\/wp-content\/uploads\/2025\/01\/FHNW_Bild1_ps.jpg","contentUrl":"https:\/\/www.organisator.ch\/wp-content\/uploads\/2025\/01\/FHNW_Bild1_ps.jpg","width":680,"height":453,"caption":"Gesund leben, arbeiten und ver\u00e4ndern \u2013 die zentralen Handlungsfelder des Instituts f\u00fcr Mentale und Organisationale Gesundheit (MOG). (Bild: Hochschule f\u00fcr Angewandte Psychologie FHNW)"},{"@type":"BreadcrumbList","@id":"https:\/\/www.organisator.ch\/weiterbildung\/2025-01-08\/neues-institut-fokussiert-auf-mentale-und-organisationale-gesundheit\/#breadcrumb","itemListElement":[{"@type":"ListItem","position":1,"name":"Home","item":"https:\/\/www.organisator.ch\/"},{"@type":"ListItem","position":2,"name":"Neues Institut fokussiert auf mentale und organisationale Gesundheit"}]},{"@type":"WebSite","@id":"https:\/\/www.organisator.ch\/#website","url":"https:\/\/www.organisator.ch\/","name":"Organisator","description":"Kompetent. Praxisnah. Der ORGANISATOR bereitet in 10 Ausgaben pro Jahr die wesentlichen Themen f\u00fcr F\u00fchrungskr\u00e4fte von KMU auf.","publisher":{"@id":"https:\/\/www.organisator.ch\/#organization"},"potentialAction":[{"@type":"SearchAction","target":{"@type":"EntryPoint","urlTemplate":"https:\/\/www.organisator.ch\/?s={search_term_string}"},"query-input":{"@type":"PropertyValueSpecification","valueRequired":true,"valueName":"search_term_string"}}],"inLanguage":"de"},{"@type":"Organization","@id":"https:\/\/www.organisator.ch\/#organization","name":"Organisator","url":"https:\/\/www.organisator.ch\/","logo":{"@type":"ImageObject","inLanguage":"de","@id":"https:\/\/www.organisator.ch\/#\/schema\/logo\/image\/","url":"https:\/\/www.organisator.ch\/wp-content\/uploads\/2022\/01\/Logo_Organisator_Website.png","contentUrl":"https:\/\/www.organisator.ch\/wp-content\/uploads\/2022\/01\/Logo_Organisator_Website.png","width":800,"height":77,"caption":"Organisator"},"image":{"@id":"https:\/\/www.organisator.ch\/#\/schema\/logo\/image\/"},"sameAs":["https:\/\/www.facebook.com\/OrganisatorFachmagazin","https:\/\/www.linkedin.com\/showcase\/organisator-das-magazin-fr-kmu","https:\/\/www.xing.com\/news\/pages\/organisator-ch-695","https:\/\/www.youtube.com\/channel\/UCGP2Sq0iWaZwT3BdIAQFYpw"]},{"@type":"Person","@id":"https:\/\/www.organisator.ch\/#\/schema\/person\/afccda3a71c06d4be2ed9100dd163db7","name":"Dzana Muminovic","image":{"@type":"ImageObject","inLanguage":"de","@id":"https:\/\/secure.gravatar.com\/avatar\/909c5c71aff4b38e88686f2ab2f1ba152571f394f41ed8bae431ea56ced93050?s=96&d=mm&r=g","url":"https:\/\/secure.gravatar.com\/avatar\/909c5c71aff4b38e88686f2ab2f1ba152571f394f41ed8bae431ea56ced93050?s=96&d=mm&r=g","contentUrl":"https:\/\/secure.gravatar.com\/avatar\/909c5c71aff4b38e88686f2ab2f1ba152571f394f41ed8bae431ea56ced93050?s=96&d=mm&r=g","caption":"Dzana Muminovic"},"url":"https:\/\/www.organisator.ch\/de\/author\/dzana-muminovic\/"}]}},"_links":{"self":[{"href":"https:\/\/www.organisator.ch\/de\/wp-json\/wp\/v2\/posts\/35034","targetHints":{"allow":["GET"]}}],"collection":[{"href":"https:\/\/www.organisator.ch\/de\/wp-json\/wp\/v2\/posts"}],"about":[{"href":"https:\/\/www.organisator.ch\/de\/wp-json\/wp\/v2\/types\/post"}],"author":[{"embeddable":true,"href":"https:\/\/www.organisator.ch\/de\/wp-json\/wp\/v2\/users\/80"}],"replies":[{"embeddable":true,"href":"https:\/\/www.organisator.ch\/de\/wp-json\/wp\/v2\/comments?post=35034"}],"version-history":[{"count":3,"href":"https:\/\/www.organisator.ch\/de\/wp-json\/wp\/v2\/posts\/35034\/revisions"}],"predecessor-version":[{"id":35068,"href":"https:\/\/www.organisator.ch\/de\/wp-json\/wp\/v2\/posts\/35034\/revisions\/35068"}],"wp:featuredmedia":[{"embeddable":true,"href":"https:\/\/www.organisator.ch\/de\/wp-json\/wp\/v2\/media\/35035"}],"wp:attachment":[{"href":"https:\/\/www.organisator.ch\/de\/wp-json\/wp\/v2\/media?parent=35034"}],"wp:term":[{"taxonomy":"category","embeddable":true,"href":"https:\/\/www.organisator.ch\/de\/wp-json\/wp\/v2\/categories?post=35034"},{"taxonomy":"post_tag","embeddable":true,"href":"https:\/\/www.organisator.ch\/de\/wp-json\/wp\/v2\/tags?post=35034"}],"curies":[{"name":"wp","href":"https:\/\/api.w.org\/{rel}","templated":true}]}}