{"id":35076,"date":"2025-01-09T07:15:30","date_gmt":"2025-01-09T06:15:30","guid":{"rendered":"https:\/\/www.markt-kom.com\/?p=228699"},"modified":"2025-01-09T07:20:21","modified_gmt":"2025-01-09T06:20:21","slug":"oliver-schrott-kommunikation-uebernimmt-pr-fuer-spotify-in-dach","status":"publish","type":"post","link":"https:\/\/www.organisator.ch\/de\/marketing\/2025-01-09\/oliver-schrott-kommunikation-uebernimmt-pr-fuer-spotify-in-dach\/","title":{"rendered":"Oliver Schrott Kommunikation \u00fcbernimmt PR f\u00fcr Spotify in DACH"},"content":{"rendered":"<p><a href=\"https:\/\/www.markt-kom.com\/wp-content\/uploads\/2022\/06\/Spotify-Logo-1024x576-1.jpg\"><img class=\"aligncenter size-full wp-image-178386\" src=\"https:\/\/www.markt-kom.com\/wp-content\/uploads\/2022\/06\/Spotify-Logo-1024x576-1.jpg\" sizes=\"(max-width: 1024px) 100vw, 1024px\" srcset=\"https:\/\/www.markt-kom.com\/wp-content\/uploads\/2022\/06\/Spotify-Logo-1024x576-1.jpg 1024w, https:\/\/www.markt-kom.com\/wp-content\/uploads\/2022\/06\/Spotify-Logo-1024x576-1-600x338.jpg 600w, https:\/\/www.markt-kom.com\/wp-content\/uploads\/2022\/06\/Spotify-Logo-1024x576-1-768x432.jpg 768w, https:\/\/www.markt-kom.com\/wp-content\/uploads\/2022\/06\/Spotify-Logo-1024x576-1-18x10.jpg 18w, https:\/\/www.markt-kom.com\/wp-content\/uploads\/2022\/06\/Spotify-Logo-1024x576-1-311x175.jpg 311w, https:\/\/www.markt-kom.com\/wp-content\/uploads\/2022\/06\/Spotify-Logo-1024x576-1-622x350.jpg 622w, https:\/\/www.markt-kom.com\/wp-content\/uploads\/2022\/06\/Spotify-Logo-1024x576-1-920x518.jpg 920w, https:\/\/www.markt-kom.com\/wp-content\/uploads\/2022\/06\/Spotify-Logo-1024x576-1-300x169.jpg 300w\" alt=\"\" width=\"1024\" height=\"576\" \/><\/a><\/p>\r\n<p>Zum Jahresbeginn hat Spotify bekanntgegeben, dass OSK die PR-Arbeit f\u00fcr die DACH-Region \u00fcbernimmt. Annalena Schmitz, Jasmin Faller, Lilla Kara und Charlotte Gravert von OSK fungieren ab sofort als Ansprechpartnerinnen. Bei Spotify ist Head of Communications DACH Alexa Doerr und die zentrale Kontaktperson.<\/p>\r\n<p>Die Agentur wird Medien und Interessierte mit aktuellen Informationen zu Spotify versorgen, darunter Neuigkeiten zu Musik- und Podcast-Trends, Streaming-Daten sowie Einblicke in die Arbeitswelt des Unternehmens.<\/p>","protected":false},"excerpt":{"rendered":"<p>Spotify hat die Presse- und \u00d6ffentlichkeitsarbeit f\u00fcr Deutschland, \u00d6sterreich und die Schweiz neu vergeben: Oliver Schrott Kommunikation (OSK) \u00fcbernimmt ab sofort die Kommunikation f\u00fcr den Streaming-Riesen in der DACH-Region.<\/p>\n","protected":false},"author":8,"featured_media":0,"comment_status":"closed","ping_status":"closed","sticky":false,"template":"","format":"standard","meta":{"_acf_changed":false,"_yoast_wpseo_focuskw":"Spotify","_yoast_wpseo_metadesc":"Spotify vergibt die PR-Arbeit in der DACH-Region neu: Oliver Schrott Kommunikation \u00fcbernimmt die Medienarbeit f\u00fcr den Streaming-Riesen.","articlekey":"","footnotes":""},"categories":[29],"tags":[4351,2855,3861],"class_list":["post-35076","post","type-post","status-publish","format-standard","hentry","category-marketing","tag-dexat","tag-etats","tag-spotify"],"acf":[],"yoast_head":"<!-- This site is optimized with the Yoast SEO plugin v27.4 - https:\/\/yoast.com\/product\/yoast-seo-wordpress\/ -->\n<title>Oliver Schrott Kommunikation \u00fcbernimmt PR f\u00fcr Spotify in DACH - Organisator<\/title>\n<meta name=\"description\" content=\"Spotify vergibt die PR-Arbeit in der DACH-Region neu: Oliver Schrott Kommunikation \u00fcbernimmt die Medienarbeit f\u00fcr den Streaming-Riesen.\" \/>\n<meta name=\"robots\" content=\"index, follow, max-snippet:-1, max-image-preview:large, max-video-preview:-1\" \/>\n<link rel=\"canonical\" href=\"https:\/\/www.organisator.ch\/de\/marketing\/2025-01-09\/oliver-schrott-kommunikation-uebernimmt-pr-fuer-spotify-in-dach\/\" \/>\n<meta property=\"og:locale\" content=\"de_DE\" \/>\n<meta property=\"og:type\" content=\"article\" \/>\n<meta property=\"og:title\" content=\"Oliver Schrott Kommunikation \u00fcbernimmt PR f\u00fcr Spotify in DACH - Organisator\" \/>\n<meta property=\"og:description\" content=\"Spotify vergibt die PR-Arbeit in der DACH-Region neu: Oliver Schrott Kommunikation \u00fcbernimmt die Medienarbeit f\u00fcr den Streaming-Riesen.\" \/>\n<meta property=\"og:url\" content=\"https:\/\/www.organisator.ch\/de\/marketing\/2025-01-09\/oliver-schrott-kommunikation-uebernimmt-pr-fuer-spotify-in-dach\/\" \/>\n<meta property=\"og:site_name\" content=\"Organisator\" \/>\n<meta property=\"article:publisher\" content=\"https:\/\/www.facebook.com\/OrganisatorFachmagazin\" \/>\n<meta property=\"article:published_time\" content=\"2025-01-09T06:15:30+00:00\" \/>\n<meta property=\"article:modified_time\" content=\"2025-01-09T06:20:21+00:00\" \/>\n<meta name=\"author\" content=\"galledia\" \/>\n<meta name=\"twitter:card\" content=\"summary_large_image\" \/>\n<meta name=\"twitter:creator\" content=\"@admin\" \/>\n<script type=\"application\/ld+json\" class=\"yoast-schema-graph\">{\"@context\":\"https:\\\/\\\/schema.org\",\"@graph\":[{\"@type\":\"Article\",\"@id\":\"https:\\\/\\\/www.organisator.ch\\\/marketing\\\/2025-01-09\\\/oliver-schrott-kommunikation-uebernimmt-pr-fuer-spotify-in-dach\\\/#article\",\"isPartOf\":{\"@id\":\"https:\\\/\\\/www.organisator.ch\\\/marketing\\\/2025-01-09\\\/oliver-schrott-kommunikation-uebernimmt-pr-fuer-spotify-in-dach\\\/\"},\"author\":{\"name\":\"galledia\",\"@id\":\"https:\\\/\\\/www.organisator.ch\\\/#\\\/schema\\\/person\\\/4e51799071cd2dd1232ac003643ef5f0\"},\"headline\":\"Oliver Schrott Kommunikation \u00fcbernimmt PR f\u00fcr Spotify in DACH\",\"datePublished\":\"2025-01-09T06:15:30+00:00\",\"dateModified\":\"2025-01-09T06:20:21+00:00\",\"mainEntityOfPage\":{\"@id\":\"https:\\\/\\\/www.organisator.ch\\\/marketing\\\/2025-01-09\\\/oliver-schrott-kommunikation-uebernimmt-pr-fuer-spotify-in-dach\\\/\"},\"wordCount\":79,\"publisher\":{\"@id\":\"https:\\\/\\\/www.organisator.ch\\\/#organization\"},\"image\":{\"@id\":\"https:\\\/\\\/www.organisator.ch\\\/marketing\\\/2025-01-09\\\/oliver-schrott-kommunikation-uebernimmt-pr-fuer-spotify-in-dach\\\/#primaryimage\"},\"thumbnailUrl\":\"https:\\\/\\\/www.markt-kom.com\\\/wp-content\\\/uploads\\\/2022\\\/06\\\/Spotify-Logo-1024x576-1.jpg\",\"keywords\":[\"DExAT\",\"Etats\",\"Spotify\"],\"articleSection\":[\"MARKETING\"],\"inLanguage\":\"de\"},{\"@type\":\"WebPage\",\"@id\":\"https:\\\/\\\/www.organisator.ch\\\/marketing\\\/2025-01-09\\\/oliver-schrott-kommunikation-uebernimmt-pr-fuer-spotify-in-dach\\\/\",\"url\":\"https:\\\/\\\/www.organisator.ch\\\/marketing\\\/2025-01-09\\\/oliver-schrott-kommunikation-uebernimmt-pr-fuer-spotify-in-dach\\\/\",\"name\":\"Oliver Schrott Kommunikation \u00fcbernimmt PR f\u00fcr Spotify in DACH - Organisator\",\"isPartOf\":{\"@id\":\"https:\\\/\\\/www.organisator.ch\\\/#website\"},\"primaryImageOfPage\":{\"@id\":\"https:\\\/\\\/www.organisator.ch\\\/marketing\\\/2025-01-09\\\/oliver-schrott-kommunikation-uebernimmt-pr-fuer-spotify-in-dach\\\/#primaryimage\"},\"image\":{\"@id\":\"https:\\\/\\\/www.organisator.ch\\\/marketing\\\/2025-01-09\\\/oliver-schrott-kommunikation-uebernimmt-pr-fuer-spotify-in-dach\\\/#primaryimage\"},\"thumbnailUrl\":\"https:\\\/\\\/www.markt-kom.com\\\/wp-content\\\/uploads\\\/2022\\\/06\\\/Spotify-Logo-1024x576-1.jpg\",\"datePublished\":\"2025-01-09T06:15:30+00:00\",\"dateModified\":\"2025-01-09T06:20:21+00:00\",\"description\":\"Spotify vergibt die PR-Arbeit in der DACH-Region neu: Oliver Schrott Kommunikation \u00fcbernimmt die Medienarbeit f\u00fcr den Streaming-Riesen.\",\"breadcrumb\":{\"@id\":\"https:\\\/\\\/www.organisator.ch\\\/marketing\\\/2025-01-09\\\/oliver-schrott-kommunikation-uebernimmt-pr-fuer-spotify-in-dach\\\/#breadcrumb\"},\"inLanguage\":\"de\",\"potentialAction\":[{\"@type\":\"ReadAction\",\"target\":[\"https:\\\/\\\/www.organisator.ch\\\/marketing\\\/2025-01-09\\\/oliver-schrott-kommunikation-uebernimmt-pr-fuer-spotify-in-dach\\\/\"]}]},{\"@type\":\"ImageObject\",\"inLanguage\":\"de\",\"@id\":\"https:\\\/\\\/www.organisator.ch\\\/marketing\\\/2025-01-09\\\/oliver-schrott-kommunikation-uebernimmt-pr-fuer-spotify-in-dach\\\/#primaryimage\",\"url\":\"https:\\\/\\\/www.markt-kom.com\\\/wp-content\\\/uploads\\\/2022\\\/06\\\/Spotify-Logo-1024x576-1.jpg\",\"contentUrl\":\"https:\\\/\\\/www.markt-kom.com\\\/wp-content\\\/uploads\\\/2022\\\/06\\\/Spotify-Logo-1024x576-1.jpg\"},{\"@type\":\"BreadcrumbList\",\"@id\":\"https:\\\/\\\/www.organisator.ch\\\/marketing\\\/2025-01-09\\\/oliver-schrott-kommunikation-uebernimmt-pr-fuer-spotify-in-dach\\\/#breadcrumb\",\"itemListElement\":[{\"@type\":\"ListItem\",\"position\":1,\"name\":\"Home\",\"item\":\"https:\\\/\\\/www.organisator.ch\\\/\"},{\"@type\":\"ListItem\",\"position\":2,\"name\":\"Oliver Schrott Kommunikation \u00fcbernimmt PR f\u00fcr Spotify in DACH\"}]},{\"@type\":\"WebSite\",\"@id\":\"https:\\\/\\\/www.organisator.ch\\\/#website\",\"url\":\"https:\\\/\\\/www.organisator.ch\\\/\",\"name\":\"Organisator\",\"description\":\"Kompetent. Praxisnah. Der ORGANISATOR bereitet in 10 Ausgaben pro Jahr die wesentlichen Themen f\u00fcr F\u00fchrungskr\u00e4fte von KMU auf.\",\"publisher\":{\"@id\":\"https:\\\/\\\/www.organisator.ch\\\/#organization\"},\"potentialAction\":[{\"@type\":\"SearchAction\",\"target\":{\"@type\":\"EntryPoint\",\"urlTemplate\":\"https:\\\/\\\/www.organisator.ch\\\/?s={search_term_string}\"},\"query-input\":{\"@type\":\"PropertyValueSpecification\",\"valueRequired\":true,\"valueName\":\"search_term_string\"}}],\"inLanguage\":\"de\"},{\"@type\":\"Organization\",\"@id\":\"https:\\\/\\\/www.organisator.ch\\\/#organization\",\"name\":\"Organisator\",\"url\":\"https:\\\/\\\/www.organisator.ch\\\/\",\"logo\":{\"@type\":\"ImageObject\",\"inLanguage\":\"de\",\"@id\":\"https:\\\/\\\/www.organisator.ch\\\/#\\\/schema\\\/logo\\\/image\\\/\",\"url\":\"https:\\\/\\\/www.organisator.ch\\\/wp-content\\\/uploads\\\/2022\\\/01\\\/Logo_Organisator_Website.png\",\"contentUrl\":\"https:\\\/\\\/www.organisator.ch\\\/wp-content\\\/uploads\\\/2022\\\/01\\\/Logo_Organisator_Website.png\",\"width\":800,\"height\":77,\"caption\":\"Organisator\"},\"image\":{\"@id\":\"https:\\\/\\\/www.organisator.ch\\\/#\\\/schema\\\/logo\\\/image\\\/\"},\"sameAs\":[\"https:\\\/\\\/www.facebook.com\\\/OrganisatorFachmagazin\",\"https:\\\/\\\/www.linkedin.com\\\/showcase\\\/organisator-das-magazin-fr-kmu\",\"https:\\\/\\\/www.xing.com\\\/news\\\/pages\\\/organisator-ch-695\",\"https:\\\/\\\/www.youtube.com\\\/channel\\\/UCGP2Sq0iWaZwT3BdIAQFYpw\"]},{\"@type\":\"Person\",\"@id\":\"https:\\\/\\\/www.organisator.ch\\\/#\\\/schema\\\/person\\\/4e51799071cd2dd1232ac003643ef5f0\",\"name\":\"galledia\",\"image\":{\"@type\":\"ImageObject\",\"inLanguage\":\"de\",\"@id\":\"https:\\\/\\\/secure.gravatar.com\\\/avatar\\\/78a7f90c01fc2bfc875782a0d4922b37cde2cf184ce347b91316d23cd7f69a36?s=96&d=mm&r=g\",\"url\":\"https:\\\/\\\/secure.gravatar.com\\\/avatar\\\/78a7f90c01fc2bfc875782a0d4922b37cde2cf184ce347b91316d23cd7f69a36?s=96&d=mm&r=g\",\"contentUrl\":\"https:\\\/\\\/secure.gravatar.com\\\/avatar\\\/78a7f90c01fc2bfc875782a0d4922b37cde2cf184ce347b91316d23cd7f69a36?s=96&d=mm&r=g\",\"caption\":\"galledia\"},\"sameAs\":[\"https:\\\/\\\/x.com\\\/admin\"],\"url\":\"https:\\\/\\\/www.organisator.ch\\\/de\\\/author\\\/galledia\\\/\"}]}<\/script>\n<!-- \/ Yoast SEO plugin. -->","yoast_head_json":{"title":"Oliver Schrott Kommunikation \u00fcbernimmt PR f\u00fcr Spotify in DACH - Organisator","description":"Spotify vergibt die PR-Arbeit in der DACH-Region neu: Oliver Schrott Kommunikation \u00fcbernimmt die Medienarbeit f\u00fcr den Streaming-Riesen.","robots":{"index":"index","follow":"follow","max-snippet":"max-snippet:-1","max-image-preview":"max-image-preview:large","max-video-preview":"max-video-preview:-1"},"canonical":"https:\/\/www.organisator.ch\/de\/marketing\/2025-01-09\/oliver-schrott-kommunikation-uebernimmt-pr-fuer-spotify-in-dach\/","og_locale":"de_DE","og_type":"article","og_title":"Oliver Schrott Kommunikation \u00fcbernimmt PR f\u00fcr Spotify in DACH - Organisator","og_description":"Spotify vergibt die PR-Arbeit in der DACH-Region neu: Oliver Schrott Kommunikation \u00fcbernimmt die Medienarbeit f\u00fcr den Streaming-Riesen.","og_url":"https:\/\/www.organisator.ch\/de\/marketing\/2025-01-09\/oliver-schrott-kommunikation-uebernimmt-pr-fuer-spotify-in-dach\/","og_site_name":"Organisator","article_publisher":"https:\/\/www.facebook.com\/OrganisatorFachmagazin","article_published_time":"2025-01-09T06:15:30+00:00","article_modified_time":"2025-01-09T06:20:21+00:00","author":"galledia","twitter_card":"summary_large_image","twitter_creator":"@admin","schema":{"@context":"https:\/\/schema.org","@graph":[{"@type":"Article","@id":"https:\/\/www.organisator.ch\/marketing\/2025-01-09\/oliver-schrott-kommunikation-uebernimmt-pr-fuer-spotify-in-dach\/#article","isPartOf":{"@id":"https:\/\/www.organisator.ch\/marketing\/2025-01-09\/oliver-schrott-kommunikation-uebernimmt-pr-fuer-spotify-in-dach\/"},"author":{"name":"galledia","@id":"https:\/\/www.organisator.ch\/#\/schema\/person\/4e51799071cd2dd1232ac003643ef5f0"},"headline":"Oliver Schrott Kommunikation \u00fcbernimmt PR f\u00fcr Spotify in DACH","datePublished":"2025-01-09T06:15:30+00:00","dateModified":"2025-01-09T06:20:21+00:00","mainEntityOfPage":{"@id":"https:\/\/www.organisator.ch\/marketing\/2025-01-09\/oliver-schrott-kommunikation-uebernimmt-pr-fuer-spotify-in-dach\/"},"wordCount":79,"publisher":{"@id":"https:\/\/www.organisator.ch\/#organization"},"image":{"@id":"https:\/\/www.organisator.ch\/marketing\/2025-01-09\/oliver-schrott-kommunikation-uebernimmt-pr-fuer-spotify-in-dach\/#primaryimage"},"thumbnailUrl":"https:\/\/www.markt-kom.com\/wp-content\/uploads\/2022\/06\/Spotify-Logo-1024x576-1.jpg","keywords":["DExAT","Etats","Spotify"],"articleSection":["MARKETING"],"inLanguage":"de"},{"@type":"WebPage","@id":"https:\/\/www.organisator.ch\/marketing\/2025-01-09\/oliver-schrott-kommunikation-uebernimmt-pr-fuer-spotify-in-dach\/","url":"https:\/\/www.organisator.ch\/marketing\/2025-01-09\/oliver-schrott-kommunikation-uebernimmt-pr-fuer-spotify-in-dach\/","name":"Oliver Schrott Kommunikation \u00fcbernimmt PR f\u00fcr Spotify in DACH - Organisator","isPartOf":{"@id":"https:\/\/www.organisator.ch\/#website"},"primaryImageOfPage":{"@id":"https:\/\/www.organisator.ch\/marketing\/2025-01-09\/oliver-schrott-kommunikation-uebernimmt-pr-fuer-spotify-in-dach\/#primaryimage"},"image":{"@id":"https:\/\/www.organisator.ch\/marketing\/2025-01-09\/oliver-schrott-kommunikation-uebernimmt-pr-fuer-spotify-in-dach\/#primaryimage"},"thumbnailUrl":"https:\/\/www.markt-kom.com\/wp-content\/uploads\/2022\/06\/Spotify-Logo-1024x576-1.jpg","datePublished":"2025-01-09T06:15:30+00:00","dateModified":"2025-01-09T06:20:21+00:00","description":"Spotify vergibt die PR-Arbeit in der DACH-Region neu: Oliver Schrott Kommunikation \u00fcbernimmt die Medienarbeit f\u00fcr den Streaming-Riesen.","breadcrumb":{"@id":"https:\/\/www.organisator.ch\/marketing\/2025-01-09\/oliver-schrott-kommunikation-uebernimmt-pr-fuer-spotify-in-dach\/#breadcrumb"},"inLanguage":"de","potentialAction":[{"@type":"ReadAction","target":["https:\/\/www.organisator.ch\/marketing\/2025-01-09\/oliver-schrott-kommunikation-uebernimmt-pr-fuer-spotify-in-dach\/"]}]},{"@type":"ImageObject","inLanguage":"de","@id":"https:\/\/www.organisator.ch\/marketing\/2025-01-09\/oliver-schrott-kommunikation-uebernimmt-pr-fuer-spotify-in-dach\/#primaryimage","url":"https:\/\/www.markt-kom.com\/wp-content\/uploads\/2022\/06\/Spotify-Logo-1024x576-1.jpg","contentUrl":"https:\/\/www.markt-kom.com\/wp-content\/uploads\/2022\/06\/Spotify-Logo-1024x576-1.jpg"},{"@type":"BreadcrumbList","@id":"https:\/\/www.organisator.ch\/marketing\/2025-01-09\/oliver-schrott-kommunikation-uebernimmt-pr-fuer-spotify-in-dach\/#breadcrumb","itemListElement":[{"@type":"ListItem","position":1,"name":"Home","item":"https:\/\/www.organisator.ch\/"},{"@type":"ListItem","position":2,"name":"Oliver Schrott Kommunikation \u00fcbernimmt PR f\u00fcr Spotify in DACH"}]},{"@type":"WebSite","@id":"https:\/\/www.organisator.ch\/#website","url":"https:\/\/www.organisator.ch\/","name":"Organisator","description":"Kompetent. Praxisnah. Der ORGANISATOR bereitet in 10 Ausgaben pro Jahr die wesentlichen Themen f\u00fcr F\u00fchrungskr\u00e4fte von KMU auf.","publisher":{"@id":"https:\/\/www.organisator.ch\/#organization"},"potentialAction":[{"@type":"SearchAction","target":{"@type":"EntryPoint","urlTemplate":"https:\/\/www.organisator.ch\/?s={search_term_string}"},"query-input":{"@type":"PropertyValueSpecification","valueRequired":true,"valueName":"search_term_string"}}],"inLanguage":"de"},{"@type":"Organization","@id":"https:\/\/www.organisator.ch\/#organization","name":"Organisator","url":"https:\/\/www.organisator.ch\/","logo":{"@type":"ImageObject","inLanguage":"de","@id":"https:\/\/www.organisator.ch\/#\/schema\/logo\/image\/","url":"https:\/\/www.organisator.ch\/wp-content\/uploads\/2022\/01\/Logo_Organisator_Website.png","contentUrl":"https:\/\/www.organisator.ch\/wp-content\/uploads\/2022\/01\/Logo_Organisator_Website.png","width":800,"height":77,"caption":"Organisator"},"image":{"@id":"https:\/\/www.organisator.ch\/#\/schema\/logo\/image\/"},"sameAs":["https:\/\/www.facebook.com\/OrganisatorFachmagazin","https:\/\/www.linkedin.com\/showcase\/organisator-das-magazin-fr-kmu","https:\/\/www.xing.com\/news\/pages\/organisator-ch-695","https:\/\/www.youtube.com\/channel\/UCGP2Sq0iWaZwT3BdIAQFYpw"]},{"@type":"Person","@id":"https:\/\/www.organisator.ch\/#\/schema\/person\/4e51799071cd2dd1232ac003643ef5f0","name":"galledia","image":{"@type":"ImageObject","inLanguage":"de","@id":"https:\/\/secure.gravatar.com\/avatar\/78a7f90c01fc2bfc875782a0d4922b37cde2cf184ce347b91316d23cd7f69a36?s=96&d=mm&r=g","url":"https:\/\/secure.gravatar.com\/avatar\/78a7f90c01fc2bfc875782a0d4922b37cde2cf184ce347b91316d23cd7f69a36?s=96&d=mm&r=g","contentUrl":"https:\/\/secure.gravatar.com\/avatar\/78a7f90c01fc2bfc875782a0d4922b37cde2cf184ce347b91316d23cd7f69a36?s=96&d=mm&r=g","caption":"galledia"},"sameAs":["https:\/\/x.com\/admin"],"url":"https:\/\/www.organisator.ch\/de\/author\/galledia\/"}]}},"_links":{"self":[{"href":"https:\/\/www.organisator.ch\/de\/wp-json\/wp\/v2\/posts\/35076","targetHints":{"allow":["GET"]}}],"collection":[{"href":"https:\/\/www.organisator.ch\/de\/wp-json\/wp\/v2\/posts"}],"about":[{"href":"https:\/\/www.organisator.ch\/de\/wp-json\/wp\/v2\/types\/post"}],"author":[{"embeddable":true,"href":"https:\/\/www.organisator.ch\/de\/wp-json\/wp\/v2\/users\/8"}],"replies":[{"embeddable":true,"href":"https:\/\/www.organisator.ch\/de\/wp-json\/wp\/v2\/comments?post=35076"}],"version-history":[{"count":4,"href":"https:\/\/www.organisator.ch\/de\/wp-json\/wp\/v2\/posts\/35076\/revisions"}],"predecessor-version":[{"id":35081,"href":"https:\/\/www.organisator.ch\/de\/wp-json\/wp\/v2\/posts\/35076\/revisions\/35081"}],"wp:attachment":[{"href":"https:\/\/www.organisator.ch\/de\/wp-json\/wp\/v2\/media?parent=35076"}],"wp:term":[{"taxonomy":"category","embeddable":true,"href":"https:\/\/www.organisator.ch\/de\/wp-json\/wp\/v2\/categories?post=35076"},{"taxonomy":"post_tag","embeddable":true,"href":"https:\/\/www.organisator.ch\/de\/wp-json\/wp\/v2\/tags?post=35076"}],"curies":[{"name":"wp","href":"https:\/\/api.w.org\/{rel}","templated":true}]}}