{"id":35087,"date":"2025-01-10T07:12:30","date_gmt":"2025-01-10T06:12:30","guid":{"rendered":"https:\/\/www.organisator.ch\/?p=35087"},"modified":"2025-02-21T08:25:55","modified_gmt":"2025-02-21T07:25:55","slug":"bundesamt-fuer-energie-verleiht-den-schweizer-energiepreis-watt-dor-2025","status":"publish","type":"post","link":"https:\/\/www.organisator.ch\/de\/sustainability\/2025-01-10\/bundesamt-fuer-energie-verleiht-den-schweizer-energiepreis-watt-dor-2025\/","title":{"rendered":"Bundesamt f\u00fcr Energie verleiht den Schweizer Energiepreis Watt d&#8217;Or 2025"},"content":{"rendered":"<figure id=\"attachment_35128\" aria-describedby=\"caption-attachment-35128\" style=\"width: 680px\" class=\"wp-caption alignnone\"><img loading=\"lazy\" decoding=\"async\" class=\"wp-image-35128 size-full\" src=\"https:\/\/www.organisator.ch\/wp-content\/uploads\/2025\/01\/Watt-dOr_Bild1_ps.jpg\" alt=\"\" width=\"680\" height=\"454\" srcset=\"https:\/\/www.organisator.ch\/wp-content\/uploads\/2025\/01\/Watt-dOr_Bild1_ps.jpg 680w, https:\/\/www.organisator.ch\/wp-content\/uploads\/2025\/01\/Watt-dOr_Bild1_ps-18x12.jpg 18w, https:\/\/www.organisator.ch\/wp-content\/uploads\/2025\/01\/Watt-dOr_Bild1_ps-375x250.jpg 375w, https:\/\/www.organisator.ch\/wp-content\/uploads\/2025\/01\/Watt-dOr_Bild1_ps-524x350.jpg 524w\" sizes=\"auto, (max-width: 680px) 100vw, 680px\" \/><figcaption id=\"caption-attachment-35128\" class=\"wp-caption-text\">Der Schweizer Energiepreis Watt d&#8217;Or 2025 ging an wegweisende Unternehmen und Hochschulen. (Bild: BFE2025)<\/figcaption><\/figure>\n<p>Die goldenen Gewinnerinnen und Gewinner des Jahres 2025 sind: Die Matica AG aus Kaltenbach (TG) gemeinsam mit der Hochschule Luzern HSLU (Kategorie Energietechnologien), das Ewb gemeinsam mit Lubera AG aus Buchs\/SG (Kategorie Erneuerbare Energien), die Galliker Transport AG aus Altishofen (LU) (Kategorie Energieeffiziente Mobilit\u00e4t), und die IWB aus Basel (Kategorie Geb\u00e4ude und Raum). Mit dem Spezialpreis der Jury ausgezeichnet wurden zudem die Genossenschaft Elektra, Jegenstorf (BE) gemeinsam mit Groupe E (FR), Azienda Elettrica di Massagno AEM (TI) und EKZ mit der ETH Z\u00fcrich (ZH).<\/p>\n<p>Die Watt d\u2019Or Troph\u00e4e \u2013 eine Schneekugel \u2013 wurde den Gewinnern von der prominenten Jury unter dem Vorsitz von Nationalr\u00e4tin Susanne Vincenz-Stauffacher im Kongresszentrum Kursaal in Bern \u00fcberreicht. Dabei waren hunderte Vertreterinnen und Vertreter der schweizerischen Energieszene aus Politik, Wirtschaft und Forschung.<\/p>\n<h3><strong>Watt d&#8217;Or \u2013 das G\u00fctesiegel f\u00fcr Energieexzellenz<\/strong><\/h3>\n<p>Innovative Schweizer Unternehmen und Hochschulen setzen die Energiezukunft erfolgreich und mutig in die Praxis um. Zu ihren Ehren hat das Bundesamt f\u00fcr Energie den Watt d&#8217;Or geschaffen, das G\u00fctesiegel f\u00fcr Energieexzellenz. 2007 wurde der Watt d&#8217;Or zum ersten Mal verliehen. Sein Ziel ist es, aussergew\u00f6hnliche Leistungen im Energiebereich bekannt zu machen. Sie sollen Wirtschaft, Politik und die breite \u00d6ffentlichkeit motivieren, die Vorteile innovativer Energietechnologien f\u00fcr sich zu entdecken.<\/p>\n<p>Der Watt d&#8217;Or ist nicht dotiert, es werden also keine Preisgelder ausgesch\u00fcttet. 40 Bewerbungen wurden bis Mitte Juli 2024 f\u00fcr den Watt d&#8217;Or 2025 eingereicht und von einem Expertenteam evaluiert. F\u00fcr die Endrunde nominiert wurden schliesslich 18 Beitr\u00e4ge. Daraus hat die Jury unter dem Vorsitz von Jurypr\u00e4sidentin Susanne Vincenz-Stauffacher die Siegerprojekte in den vier Watt d&#8217;Or-Kategorien gek\u00fcrt. In diesem Jahr gab es zus\u00e4tzlich einen Spezialpreis der Jury.<\/p>\n<h3><strong>Gewinner des Watt d&#8217;Or 2025<\/strong><\/h3>\n<h3><strong>Kategorie Energietechnologien<\/strong><\/h3>\n<p><strong>SeasON: Today&#8217;s energy &#8211; tomorrow&#8217;s warmth.<\/strong> Seit Herbst 2024 ist in Frauenfeld (TG) eine einzigartige Energie-Innovation in Betrieb: Die Sorptionsspeicher-W\u00e4rmepumpe SeasON, entwickelt von der Hochschule Luzern HSLU und der Matica AG aus Kaltenbach (TG). Der eing\u00e4ngige Claim von SeasON \u00abtoday&#8217;s energy &#8211; tomorrow&#8217;s warmth\u00bb beschreibt, worum es geht. \u00dcbersch\u00fcssige erneuerbare Energie wird im Sommer durch ein thermochemisches Verfahren f\u00fcr den Winter gespeichert. Dazu wird Natronlauge verwendet. Diese wird im Sommer mit erneuerbarem Strom oder W\u00e4rme konzentriert, indem ihr Wasser entzogen wird.<\/p>\n<p>Natronlauge und Wasser k\u00f6nnen so bis zum Winter verlustfrei bei Raumtemperatur gelagert werden. Wird die Lauge dann wieder mittels Verdampfung und Absorption von Wasser verd\u00fcnnt, entsteht W\u00e4rme, mit der die Sorptionsspeicher-W\u00e4rmepumpe fast ohne zus\u00e4tzliche elektrische Energie heizen kann. Wie gut das funktioniert, zeigt die erste Pilotanlage in Frauenfeld. Zwei weitere, gr\u00f6ssere Pilotanlagen in der Schweiz und in Deutschland werden in den n\u00e4chsten Monaten folgen.<\/p>\n<figure id=\"attachment_35089\" aria-describedby=\"caption-attachment-35089\" style=\"width: 680px\" class=\"wp-caption alignnone\"><img loading=\"lazy\" decoding=\"async\" class=\"wp-image-35089 size-full\" src=\"https:\/\/www.organisator.ch\/wp-content\/uploads\/2025\/01\/Watt-dOr_Bild2_ps.jpg\" alt=\"\" width=\"680\" height=\"429\" srcset=\"https:\/\/www.organisator.ch\/wp-content\/uploads\/2025\/01\/Watt-dOr_Bild2_ps.jpg 680w, https:\/\/www.organisator.ch\/wp-content\/uploads\/2025\/01\/Watt-dOr_Bild2_ps-18x12.jpg 18w, https:\/\/www.organisator.ch\/wp-content\/uploads\/2025\/01\/Watt-dOr_Bild2_ps-375x237.jpg 375w, https:\/\/www.organisator.ch\/wp-content\/uploads\/2025\/01\/Watt-dOr_Bild2_ps-555x350.jpg 555w\" sizes=\"auto, (max-width: 680px) 100vw, 680px\" \/><figcaption id=\"caption-attachment-35089\" class=\"wp-caption-text\">Von links: Benjamin Fumey, Dozent Hochschule Luzern \u2013 Technik &amp; Architektur HSLU und Marc L\u00fcthi, Gesch\u00e4ftsf\u00fchrer Matica AG. (Bild: BFE2025)<\/figcaption><\/figure>\n<h3><strong>Kategorie Erneuerbare Energien<\/strong><\/h3>\n<p><strong>Agri-PV in Buchs:<\/strong> Die Sonne beschert eine doppelte Ernte. Pflanzen brauchen Sonnenlicht zum Wachsen. Und Photovoltaikmodule braucht es, um Strom zu produzieren. Dank der Agri-Photovoltaikanlage auf den D\u00e4chern der neuen Gew\u00e4chsh\u00e4user der Lubera AG in Buchs (SG) kann das Sonnenlicht gleichzeitig f\u00fcr beide Zwecke genutzt werden. Die vom st\u00e4dtischen Energieversorgungsunternehmen Ewb erstellte Anlage ist 10&#8217;700 Quadratmeter gross und erzeugt j\u00e4hrlich rund 750&#8217;000 kWh Solarstrom f\u00fcr die Versorgung im Ewb Netz. Die \u00fcber 6&#8217;600 Photovoltaikmodule mit 812 kWp installierter Leistung wurden von der Firma Insolight aus Renens (VD) und dem B\u00fcnder Unternehmen Reech aus Landquart entwickelt. Sie sind optimal ins Dach integriert und lichtdurchl\u00e4ssig, so dass f\u00fcr die Stromproduktion 20% und f\u00fcr die Pflanzen im Gew\u00e4chshaus 80% des Sonnenlichts nutzbar sind. Eine doppelte \u00abErnte\u00bb ist also garantiert.<\/p>\n<h3><strong>Kategorie Energieeffiziente Mobilit\u00e4t<\/strong><\/h3>\n<p><strong>Elektropower-Tunnel: Ladeinfrastruktur f\u00fcr eine nachhaltige Transportlogistik.<\/strong> \u00abWir denken in Generationen\u00bb. Das ist bei der Galliker Transport AG nicht nur ein Spruch, sondern seit \u00fcber hundert Jahren ein Erfolgsrezept. Das in der dritten Generation gef\u00fchrte Familienunternehmen weiss, dass es langfristige Visionen und nachhaltige Ziele braucht, damit die jeweils n\u00e4chste Generation eine starke Marke erfolgreich weiterf\u00fchren kann. In ihrem Leitbild \u00abGreen Logistics by Galliker\u00bb verpflichtet sich die Familie deshalb zu einem nachhaltigen unternehmerischen Handeln und den respektvollen Umgang mit Menschen, Umwelt und Natur.<\/p>\n<p>Sie hat sich zum Ziel gesetzt, bis 2050 CO2-neutral zu werden. Diese Vision wird konsequent umgesetzt. Rund 10% der Fahrzeugflotte sind bereits mit alternativen Antrieben unterwegs. Nun gilt es, auch die Ladeinfrastruktur aufzur\u00fcsten. Mit dem innovativen, unterirdischen Elektropower-Tunnel am Hauptsitz in Altishofen (LU) ist das gelungen. 28 Elektro-LKW k\u00f6nnen dort mit bis zu 200 kW Leistung laden. Bald sollen solche Tunnels auch an den anderen Galliker-Standorten entstehen. Die Galliker Transport AG hat dieses Projekt gemeinsam mit der Fent AG aus Seon (AG), der Thomas L\u00fcem Partner AG aus Baar (ZG) und der CKW AG aus Luzern realisiert.<\/p>\n<figure id=\"attachment_35090\" aria-describedby=\"caption-attachment-35090\" style=\"width: 680px\" class=\"wp-caption alignnone\"><img loading=\"lazy\" decoding=\"async\" class=\"wp-image-35090 size-full\" src=\"https:\/\/www.organisator.ch\/wp-content\/uploads\/2025\/01\/Watt-dOr_Bild3_ps.jpg\" alt=\"\" width=\"680\" height=\"380\" srcset=\"https:\/\/www.organisator.ch\/wp-content\/uploads\/2025\/01\/Watt-dOr_Bild3_ps.jpg 680w, https:\/\/www.organisator.ch\/wp-content\/uploads\/2025\/01\/Watt-dOr_Bild3_ps-18x10.jpg 18w, https:\/\/www.organisator.ch\/wp-content\/uploads\/2025\/01\/Watt-dOr_Bild3_ps-375x210.jpg 375w, https:\/\/www.organisator.ch\/wp-content\/uploads\/2025\/01\/Watt-dOr_Bild3_ps-626x350.jpg 626w\" sizes=\"auto, (max-width: 680px) 100vw, 680px\" \/><figcaption id=\"caption-attachment-35090\" class=\"wp-caption-text\">Von links: Peter Galliker, CEO Galliker Transport AG, Thomas M\u00fcller, Leiter Infrastruktur Services Galliker Transport AG. (Bild: BFE2025)<\/figcaption><\/figure>\n<h3><strong>Kategorie Geb\u00e4ude und Raum<\/strong><\/h3>\n<p><strong>Nanoverbund: W\u00e4rme clever mit den Nachbarn teilen.<\/strong> Strom von der PV-Anlage auf dem Dach kann man heute mit den Nachbarn in einem Zusammenschluss zum Eigenverbrauch teilen. Das gleiche Prinzip macht aber auch bei der W\u00e4rme Sinn: Denn viele Heizungen in Wohngeb\u00e4uden sind \u00fcberdimensioniert und sind deshalb gar nicht ausgelastet. Teilt man die W\u00e4rme aus der eigenen Heizung mit den Nachbarn, spart das Unterhalts- und Heizkosten. Wie gut das funktioniert, hat das Energieunternehmen IWB (Industrielle Werke Basel) in einem Basler Quartier unter Beweis gestellt.<\/p>\n<p>Seit Herbst 2023 sind dort drei Reiheneinfamilienh\u00e4user mit einer Erdsondenw\u00e4rmepumpe und zwei Gasheizungen w\u00e4rmetechnisch zu einem Nanoverbund &#8211; einem Mini-W\u00e4rmeverbund &#8211; zusammengeschlossen. Im ersten Winter wurden sie zu \u00fcber 90% mit erneuerbarer W\u00e4rme aus der W\u00e4rmepumpe beheizt und dies zu 15% tieferen Kosten als zuvor. Der Nanoverbund kann eine L\u00f6sung f\u00fcr rund 300&#8217;000 Geb\u00e4ude in der Schweiz sein, die mindestens an ein anderes Haus grenzen und eine L\u00f6sung brauchen. Technisch ist der Nanoverbund einfach umsetzbar. Die Basler Idee hat also das Potenzial, in der ganzen Schweiz Fuss zu fassen.<\/p>\n<h3><strong>Spezialpreis der Jury<\/strong><\/h3>\n<p><strong>Netztarife tragen zu einem effizienten und sicheren Stromnetz bei.<\/strong> In der Schweiz wird immer mehr Strom dezentral produziert und ins Stromverteilnetz eingespeist, wie zum Beispiel aus Photovoltaikanlagen auf Geb\u00e4uden. Und es gibt immer mehr Verbraucher, die Strom aus dem Verteilnetz beziehen, zum Beispiel Elektrofahrzeuge und W\u00e4rmepumpen. Das Verteilnetz wird so immer mehr belastet. Damit die Verbraucher auch in Zukunft effizient und zuverl\u00e4ssig mit Strom versorgt werden und der erzeugte Strom abtransportiert werden kann, braucht es nicht nur den Ausbau der Verteilnetze, denn massgeblich dazu beitragen k\u00f6nnen auch dynamische Netztarife. Ihr Potenzial kann dank \u00absmart metern\u00bb erschlossen werden, die inzwischen weit verbreitet sind. Die Branche besch\u00e4ftigt sich mit den Netztarifen aktiv und mit verschiedenen Ans\u00e4tzen. Vier Projekte erhalten daf\u00fcr den Watt d&#8217;Or 2025 in der Kategorie \u00abSpezialpreis der Jury\u00bb: Die Genossenschaft Elektra, Jegenstorf (BE), Groupe E (FR), AEM (TI) sowie die EKZ zusammen mit der ETH Z\u00fcrich (ZH).<\/p>\n<p><em>Quelle: <\/em><a href=\"https:\/\/www.admin.ch\/gov\/de\/start\/dokumentation\/medienmitteilungen.msg-id-103758.html#:~:text=Bundesamt%20f%C3%BCr%20Energie%20verleiht%20den%20Schweizer%20Energiepreis%20Watt%20d'Or%202025,-Bundesamt%20f%C3%BCr%20Energie&amp;text=Bern%2C%2009.01.2025%20%2D%20Heute,Schweizer%20Energiepreis%20Watt%20d'Or.\"><em>Bundesamt f\u00fcr Energie<\/em><\/a><\/p>\n","protected":false},"excerpt":{"rendered":"<p>Innovative L\u00f6sungen f\u00fcr die Energiezukunft: Am Donnerstagabend verlieh das Bundesamt f\u00fcr Energie im Berner Kursaal zum 18. Mal den Schweizer Energiepreis Watt d&#8217;Or. Das renommierte G\u00fctesiegel zeichnet zukunftsweisende Projekte aus, die Wirtschaft, Politik und Gesellschaft inspirieren sollen.<\/p>\n","protected":false},"author":80,"featured_media":35128,"comment_status":"closed","ping_status":"closed","sticky":false,"template":"","format":"standard","meta":{"_acf_changed":false,"_yoast_wpseo_focuskw":"Watt d'Or","_yoast_wpseo_metadesc":"Innovative Energieprojekte pr\u00e4miert: Der Schweizer Energiepreis Watt d'Or 2025 ging an wegweisende Unternehmen und Hochschulen.","articlekey":"","footnotes":""},"categories":[580],"tags":[884,584,274,1787,424,2537],"class_list":["post-35087","post","type-post","status-publish","format-standard","has-post-thumbnail","hentry","category-sustainability","tag-bundesamt-fuer-energie","tag-energie","tag-innovation","tag-nachhaltigkeit","tag-schweiz","tag-watt-dor"],"acf":[],"yoast_head":"<!-- This site is optimized with the Yoast SEO plugin v27.4 - https:\/\/yoast.com\/product\/yoast-seo-wordpress\/ -->\n<title>Bundesamt f\u00fcr Energie verleiht den Schweizer Energiepreis Watt d&#039;Or 2025 - Organisator<\/title>\n<meta name=\"description\" content=\"Innovative Energieprojekte pr\u00e4miert: Der Schweizer Energiepreis Watt d&#039;Or 2025 ging an wegweisende Unternehmen und Hochschulen.\" \/>\n<meta name=\"robots\" content=\"index, follow, max-snippet:-1, max-image-preview:large, max-video-preview:-1\" \/>\n<link rel=\"canonical\" href=\"https:\/\/www.organisator.ch\/de\/sustainability\/2025-01-10\/bundesamt-fuer-energie-verleiht-den-schweizer-energiepreis-watt-dor-2025\/\" \/>\n<meta property=\"og:locale\" content=\"de_DE\" \/>\n<meta property=\"og:type\" content=\"article\" \/>\n<meta property=\"og:title\" content=\"Bundesamt f\u00fcr Energie verleiht Schweizer Energiepreis Watt d&#039;Or 2025\" \/>\n<meta property=\"og:description\" content=\"Innovative Energieprojekte pr\u00e4miert: Der Schweizer Energiepreis Watt d&#039;Or 2025 ging an wegweisende Unternehmen und Hochschulen.\" \/>\n<meta property=\"og:url\" content=\"https:\/\/www.organisator.ch\/de\/sustainability\/2025-01-10\/bundesamt-fuer-energie-verleiht-den-schweizer-energiepreis-watt-dor-2025\/\" \/>\n<meta property=\"og:site_name\" content=\"Organisator\" \/>\n<meta property=\"article:publisher\" content=\"https:\/\/www.facebook.com\/OrganisatorFachmagazin\" \/>\n<meta property=\"article:published_time\" content=\"2025-01-10T06:12:30+00:00\" \/>\n<meta property=\"article:modified_time\" content=\"2025-02-21T07:25:55+00:00\" \/>\n<meta property=\"og:image\" content=\"https:\/\/www.organisator.ch\/wp-content\/uploads\/2025\/01\/Watt-dOr_Bild1_ps.jpg\" \/>\n\t<meta property=\"og:image:width\" content=\"680\" \/>\n\t<meta property=\"og:image:height\" content=\"454\" \/>\n\t<meta property=\"og:image:type\" content=\"image\/jpeg\" \/>\n<meta name=\"author\" content=\"Dzana Muminovic\" \/>\n<meta name=\"twitter:card\" content=\"summary_large_image\" \/>\n<meta name=\"twitter:title\" content=\"Bundesamt f\u00fcr Energie verleiht Schweizer Energiepreis Watt d&#039;Or 2025\" \/>\n<meta name=\"twitter:description\" content=\"Innovative #Energieprojekte pr\u00e4miert: Der #Schweizer #Energiepreis #Watt d&#039;Or 2025 ging an wegweisende #Unternehmen und #Hochschulen.\" \/>\n<meta name=\"twitter:image\" content=\"https:\/\/www.organisator.ch\/wp-content\/uploads\/2025\/01\/Watt-dOr_Bild1_ps.jpg\" \/>\n<script type=\"application\/ld+json\" class=\"yoast-schema-graph\">{\"@context\":\"https:\\\/\\\/schema.org\",\"@graph\":[{\"@type\":\"Article\",\"@id\":\"https:\\\/\\\/www.organisator.ch\\\/sustainability\\\/2025-01-10\\\/bundesamt-fuer-energie-verleiht-den-schweizer-energiepreis-watt-dor-2025\\\/#article\",\"isPartOf\":{\"@id\":\"https:\\\/\\\/www.organisator.ch\\\/sustainability\\\/2025-01-10\\\/bundesamt-fuer-energie-verleiht-den-schweizer-energiepreis-watt-dor-2025\\\/\"},\"author\":{\"name\":\"Dzana Muminovic\",\"@id\":\"https:\\\/\\\/www.organisator.ch\\\/#\\\/schema\\\/person\\\/afccda3a71c06d4be2ed9100dd163db7\"},\"headline\":\"Bundesamt f\u00fcr Energie verleiht den Schweizer Energiepreis Watt d&#8217;Or 2025\",\"datePublished\":\"2025-01-10T06:12:30+00:00\",\"dateModified\":\"2025-02-21T07:25:55+00:00\",\"mainEntityOfPage\":{\"@id\":\"https:\\\/\\\/www.organisator.ch\\\/sustainability\\\/2025-01-10\\\/bundesamt-fuer-energie-verleiht-den-schweizer-energiepreis-watt-dor-2025\\\/\"},\"wordCount\":1211,\"publisher\":{\"@id\":\"https:\\\/\\\/www.organisator.ch\\\/#organization\"},\"image\":{\"@id\":\"https:\\\/\\\/www.organisator.ch\\\/sustainability\\\/2025-01-10\\\/bundesamt-fuer-energie-verleiht-den-schweizer-energiepreis-watt-dor-2025\\\/#primaryimage\"},\"thumbnailUrl\":\"https:\\\/\\\/www.organisator.ch\\\/wp-content\\\/uploads\\\/2025\\\/01\\\/Watt-dOr_Bild1_ps.jpg\",\"keywords\":[\"Bundesamt f\u00fcr Energie\",\"ENERGIE\",\"Innovation\",\"Nachhaltigkeit\",\"Schweiz\",\"Watt d'Or\"],\"articleSection\":[\"SUSTAINABILITY\"],\"inLanguage\":\"de\"},{\"@type\":\"WebPage\",\"@id\":\"https:\\\/\\\/www.organisator.ch\\\/sustainability\\\/2025-01-10\\\/bundesamt-fuer-energie-verleiht-den-schweizer-energiepreis-watt-dor-2025\\\/\",\"url\":\"https:\\\/\\\/www.organisator.ch\\\/sustainability\\\/2025-01-10\\\/bundesamt-fuer-energie-verleiht-den-schweizer-energiepreis-watt-dor-2025\\\/\",\"name\":\"Bundesamt f\u00fcr Energie verleiht den Schweizer Energiepreis Watt d'Or 2025 - Organisator\",\"isPartOf\":{\"@id\":\"https:\\\/\\\/www.organisator.ch\\\/#website\"},\"primaryImageOfPage\":{\"@id\":\"https:\\\/\\\/www.organisator.ch\\\/sustainability\\\/2025-01-10\\\/bundesamt-fuer-energie-verleiht-den-schweizer-energiepreis-watt-dor-2025\\\/#primaryimage\"},\"image\":{\"@id\":\"https:\\\/\\\/www.organisator.ch\\\/sustainability\\\/2025-01-10\\\/bundesamt-fuer-energie-verleiht-den-schweizer-energiepreis-watt-dor-2025\\\/#primaryimage\"},\"thumbnailUrl\":\"https:\\\/\\\/www.organisator.ch\\\/wp-content\\\/uploads\\\/2025\\\/01\\\/Watt-dOr_Bild1_ps.jpg\",\"datePublished\":\"2025-01-10T06:12:30+00:00\",\"dateModified\":\"2025-02-21T07:25:55+00:00\",\"description\":\"Innovative Energieprojekte pr\u00e4miert: Der Schweizer Energiepreis Watt d'Or 2025 ging an wegweisende Unternehmen und Hochschulen.\",\"breadcrumb\":{\"@id\":\"https:\\\/\\\/www.organisator.ch\\\/sustainability\\\/2025-01-10\\\/bundesamt-fuer-energie-verleiht-den-schweizer-energiepreis-watt-dor-2025\\\/#breadcrumb\"},\"inLanguage\":\"de\",\"potentialAction\":[{\"@type\":\"ReadAction\",\"target\":[\"https:\\\/\\\/www.organisator.ch\\\/sustainability\\\/2025-01-10\\\/bundesamt-fuer-energie-verleiht-den-schweizer-energiepreis-watt-dor-2025\\\/\"]}]},{\"@type\":\"ImageObject\",\"inLanguage\":\"de\",\"@id\":\"https:\\\/\\\/www.organisator.ch\\\/sustainability\\\/2025-01-10\\\/bundesamt-fuer-energie-verleiht-den-schweizer-energiepreis-watt-dor-2025\\\/#primaryimage\",\"url\":\"https:\\\/\\\/www.organisator.ch\\\/wp-content\\\/uploads\\\/2025\\\/01\\\/Watt-dOr_Bild1_ps.jpg\",\"contentUrl\":\"https:\\\/\\\/www.organisator.ch\\\/wp-content\\\/uploads\\\/2025\\\/01\\\/Watt-dOr_Bild1_ps.jpg\",\"width\":680,\"height\":454,\"caption\":\"Der Schweizer Energiepreis Watt d'Or 2025 ging an wegweisende Unternehmen und Hochschulen. (Bild: BFE2025)\"},{\"@type\":\"BreadcrumbList\",\"@id\":\"https:\\\/\\\/www.organisator.ch\\\/sustainability\\\/2025-01-10\\\/bundesamt-fuer-energie-verleiht-den-schweizer-energiepreis-watt-dor-2025\\\/#breadcrumb\",\"itemListElement\":[{\"@type\":\"ListItem\",\"position\":1,\"name\":\"Home\",\"item\":\"https:\\\/\\\/www.organisator.ch\\\/\"},{\"@type\":\"ListItem\",\"position\":2,\"name\":\"Bundesamt f\u00fcr Energie verleiht den Schweizer Energiepreis Watt d&#8217;Or 2025\"}]},{\"@type\":\"WebSite\",\"@id\":\"https:\\\/\\\/www.organisator.ch\\\/#website\",\"url\":\"https:\\\/\\\/www.organisator.ch\\\/\",\"name\":\"Organisator\",\"description\":\"Kompetent. Praxisnah. Der ORGANISATOR bereitet in 10 Ausgaben pro Jahr die wesentlichen Themen f\u00fcr F\u00fchrungskr\u00e4fte von KMU auf.\",\"publisher\":{\"@id\":\"https:\\\/\\\/www.organisator.ch\\\/#organization\"},\"potentialAction\":[{\"@type\":\"SearchAction\",\"target\":{\"@type\":\"EntryPoint\",\"urlTemplate\":\"https:\\\/\\\/www.organisator.ch\\\/?s={search_term_string}\"},\"query-input\":{\"@type\":\"PropertyValueSpecification\",\"valueRequired\":true,\"valueName\":\"search_term_string\"}}],\"inLanguage\":\"de\"},{\"@type\":\"Organization\",\"@id\":\"https:\\\/\\\/www.organisator.ch\\\/#organization\",\"name\":\"Organisator\",\"url\":\"https:\\\/\\\/www.organisator.ch\\\/\",\"logo\":{\"@type\":\"ImageObject\",\"inLanguage\":\"de\",\"@id\":\"https:\\\/\\\/www.organisator.ch\\\/#\\\/schema\\\/logo\\\/image\\\/\",\"url\":\"https:\\\/\\\/www.organisator.ch\\\/wp-content\\\/uploads\\\/2022\\\/01\\\/Logo_Organisator_Website.png\",\"contentUrl\":\"https:\\\/\\\/www.organisator.ch\\\/wp-content\\\/uploads\\\/2022\\\/01\\\/Logo_Organisator_Website.png\",\"width\":800,\"height\":77,\"caption\":\"Organisator\"},\"image\":{\"@id\":\"https:\\\/\\\/www.organisator.ch\\\/#\\\/schema\\\/logo\\\/image\\\/\"},\"sameAs\":[\"https:\\\/\\\/www.facebook.com\\\/OrganisatorFachmagazin\",\"https:\\\/\\\/www.linkedin.com\\\/showcase\\\/organisator-das-magazin-fr-kmu\",\"https:\\\/\\\/www.xing.com\\\/news\\\/pages\\\/organisator-ch-695\",\"https:\\\/\\\/www.youtube.com\\\/channel\\\/UCGP2Sq0iWaZwT3BdIAQFYpw\"]},{\"@type\":\"Person\",\"@id\":\"https:\\\/\\\/www.organisator.ch\\\/#\\\/schema\\\/person\\\/afccda3a71c06d4be2ed9100dd163db7\",\"name\":\"Dzana Muminovic\",\"image\":{\"@type\":\"ImageObject\",\"inLanguage\":\"de\",\"@id\":\"https:\\\/\\\/secure.gravatar.com\\\/avatar\\\/909c5c71aff4b38e88686f2ab2f1ba152571f394f41ed8bae431ea56ced93050?s=96&d=mm&r=g\",\"url\":\"https:\\\/\\\/secure.gravatar.com\\\/avatar\\\/909c5c71aff4b38e88686f2ab2f1ba152571f394f41ed8bae431ea56ced93050?s=96&d=mm&r=g\",\"contentUrl\":\"https:\\\/\\\/secure.gravatar.com\\\/avatar\\\/909c5c71aff4b38e88686f2ab2f1ba152571f394f41ed8bae431ea56ced93050?s=96&d=mm&r=g\",\"caption\":\"Dzana Muminovic\"},\"url\":\"https:\\\/\\\/www.organisator.ch\\\/de\\\/author\\\/dzana-muminovic\\\/\"}]}<\/script>\n<!-- \/ Yoast SEO plugin. -->","yoast_head_json":{"title":"Bundesamt f\u00fcr Energie verleiht den Schweizer Energiepreis Watt d'Or 2025 - Organisator","description":"Innovative Energieprojekte pr\u00e4miert: Der Schweizer Energiepreis Watt d'Or 2025 ging an wegweisende Unternehmen und Hochschulen.","robots":{"index":"index","follow":"follow","max-snippet":"max-snippet:-1","max-image-preview":"max-image-preview:large","max-video-preview":"max-video-preview:-1"},"canonical":"https:\/\/www.organisator.ch\/de\/sustainability\/2025-01-10\/bundesamt-fuer-energie-verleiht-den-schweizer-energiepreis-watt-dor-2025\/","og_locale":"de_DE","og_type":"article","og_title":"Bundesamt f\u00fcr Energie verleiht Schweizer Energiepreis Watt d'Or 2025","og_description":"Innovative Energieprojekte pr\u00e4miert: Der Schweizer Energiepreis Watt d'Or 2025 ging an wegweisende Unternehmen und Hochschulen.","og_url":"https:\/\/www.organisator.ch\/de\/sustainability\/2025-01-10\/bundesamt-fuer-energie-verleiht-den-schweizer-energiepreis-watt-dor-2025\/","og_site_name":"Organisator","article_publisher":"https:\/\/www.facebook.com\/OrganisatorFachmagazin","article_published_time":"2025-01-10T06:12:30+00:00","article_modified_time":"2025-02-21T07:25:55+00:00","og_image":[{"width":680,"height":454,"url":"https:\/\/www.organisator.ch\/wp-content\/uploads\/2025\/01\/Watt-dOr_Bild1_ps.jpg","type":"image\/jpeg"}],"author":"Dzana Muminovic","twitter_card":"summary_large_image","twitter_title":"Bundesamt f\u00fcr Energie verleiht Schweizer Energiepreis Watt d'Or 2025","twitter_description":"Innovative #Energieprojekte pr\u00e4miert: Der #Schweizer #Energiepreis #Watt d'Or 2025 ging an wegweisende #Unternehmen und #Hochschulen.","twitter_image":"https:\/\/www.organisator.ch\/wp-content\/uploads\/2025\/01\/Watt-dOr_Bild1_ps.jpg","schema":{"@context":"https:\/\/schema.org","@graph":[{"@type":"Article","@id":"https:\/\/www.organisator.ch\/sustainability\/2025-01-10\/bundesamt-fuer-energie-verleiht-den-schweizer-energiepreis-watt-dor-2025\/#article","isPartOf":{"@id":"https:\/\/www.organisator.ch\/sustainability\/2025-01-10\/bundesamt-fuer-energie-verleiht-den-schweizer-energiepreis-watt-dor-2025\/"},"author":{"name":"Dzana Muminovic","@id":"https:\/\/www.organisator.ch\/#\/schema\/person\/afccda3a71c06d4be2ed9100dd163db7"},"headline":"Bundesamt f\u00fcr Energie verleiht den Schweizer Energiepreis Watt d&#8217;Or 2025","datePublished":"2025-01-10T06:12:30+00:00","dateModified":"2025-02-21T07:25:55+00:00","mainEntityOfPage":{"@id":"https:\/\/www.organisator.ch\/sustainability\/2025-01-10\/bundesamt-fuer-energie-verleiht-den-schweizer-energiepreis-watt-dor-2025\/"},"wordCount":1211,"publisher":{"@id":"https:\/\/www.organisator.ch\/#organization"},"image":{"@id":"https:\/\/www.organisator.ch\/sustainability\/2025-01-10\/bundesamt-fuer-energie-verleiht-den-schweizer-energiepreis-watt-dor-2025\/#primaryimage"},"thumbnailUrl":"https:\/\/www.organisator.ch\/wp-content\/uploads\/2025\/01\/Watt-dOr_Bild1_ps.jpg","keywords":["Bundesamt f\u00fcr Energie","ENERGIE","Innovation","Nachhaltigkeit","Schweiz","Watt d'Or"],"articleSection":["SUSTAINABILITY"],"inLanguage":"de"},{"@type":"WebPage","@id":"https:\/\/www.organisator.ch\/sustainability\/2025-01-10\/bundesamt-fuer-energie-verleiht-den-schweizer-energiepreis-watt-dor-2025\/","url":"https:\/\/www.organisator.ch\/sustainability\/2025-01-10\/bundesamt-fuer-energie-verleiht-den-schweizer-energiepreis-watt-dor-2025\/","name":"Bundesamt f\u00fcr Energie verleiht den Schweizer Energiepreis Watt d'Or 2025 - Organisator","isPartOf":{"@id":"https:\/\/www.organisator.ch\/#website"},"primaryImageOfPage":{"@id":"https:\/\/www.organisator.ch\/sustainability\/2025-01-10\/bundesamt-fuer-energie-verleiht-den-schweizer-energiepreis-watt-dor-2025\/#primaryimage"},"image":{"@id":"https:\/\/www.organisator.ch\/sustainability\/2025-01-10\/bundesamt-fuer-energie-verleiht-den-schweizer-energiepreis-watt-dor-2025\/#primaryimage"},"thumbnailUrl":"https:\/\/www.organisator.ch\/wp-content\/uploads\/2025\/01\/Watt-dOr_Bild1_ps.jpg","datePublished":"2025-01-10T06:12:30+00:00","dateModified":"2025-02-21T07:25:55+00:00","description":"Innovative Energieprojekte pr\u00e4miert: Der Schweizer Energiepreis Watt d'Or 2025 ging an wegweisende Unternehmen und Hochschulen.","breadcrumb":{"@id":"https:\/\/www.organisator.ch\/sustainability\/2025-01-10\/bundesamt-fuer-energie-verleiht-den-schweizer-energiepreis-watt-dor-2025\/#breadcrumb"},"inLanguage":"de","potentialAction":[{"@type":"ReadAction","target":["https:\/\/www.organisator.ch\/sustainability\/2025-01-10\/bundesamt-fuer-energie-verleiht-den-schweizer-energiepreis-watt-dor-2025\/"]}]},{"@type":"ImageObject","inLanguage":"de","@id":"https:\/\/www.organisator.ch\/sustainability\/2025-01-10\/bundesamt-fuer-energie-verleiht-den-schweizer-energiepreis-watt-dor-2025\/#primaryimage","url":"https:\/\/www.organisator.ch\/wp-content\/uploads\/2025\/01\/Watt-dOr_Bild1_ps.jpg","contentUrl":"https:\/\/www.organisator.ch\/wp-content\/uploads\/2025\/01\/Watt-dOr_Bild1_ps.jpg","width":680,"height":454,"caption":"Der Schweizer Energiepreis Watt d'Or 2025 ging an wegweisende Unternehmen und Hochschulen. (Bild: BFE2025)"},{"@type":"BreadcrumbList","@id":"https:\/\/www.organisator.ch\/sustainability\/2025-01-10\/bundesamt-fuer-energie-verleiht-den-schweizer-energiepreis-watt-dor-2025\/#breadcrumb","itemListElement":[{"@type":"ListItem","position":1,"name":"Home","item":"https:\/\/www.organisator.ch\/"},{"@type":"ListItem","position":2,"name":"Bundesamt f\u00fcr Energie verleiht den Schweizer Energiepreis Watt d&#8217;Or 2025"}]},{"@type":"WebSite","@id":"https:\/\/www.organisator.ch\/#website","url":"https:\/\/www.organisator.ch\/","name":"Organisator","description":"Kompetent. Praxisnah. Der ORGANISATOR bereitet in 10 Ausgaben pro Jahr die wesentlichen Themen f\u00fcr F\u00fchrungskr\u00e4fte von KMU auf.","publisher":{"@id":"https:\/\/www.organisator.ch\/#organization"},"potentialAction":[{"@type":"SearchAction","target":{"@type":"EntryPoint","urlTemplate":"https:\/\/www.organisator.ch\/?s={search_term_string}"},"query-input":{"@type":"PropertyValueSpecification","valueRequired":true,"valueName":"search_term_string"}}],"inLanguage":"de"},{"@type":"Organization","@id":"https:\/\/www.organisator.ch\/#organization","name":"Organisator","url":"https:\/\/www.organisator.ch\/","logo":{"@type":"ImageObject","inLanguage":"de","@id":"https:\/\/www.organisator.ch\/#\/schema\/logo\/image\/","url":"https:\/\/www.organisator.ch\/wp-content\/uploads\/2022\/01\/Logo_Organisator_Website.png","contentUrl":"https:\/\/www.organisator.ch\/wp-content\/uploads\/2022\/01\/Logo_Organisator_Website.png","width":800,"height":77,"caption":"Organisator"},"image":{"@id":"https:\/\/www.organisator.ch\/#\/schema\/logo\/image\/"},"sameAs":["https:\/\/www.facebook.com\/OrganisatorFachmagazin","https:\/\/www.linkedin.com\/showcase\/organisator-das-magazin-fr-kmu","https:\/\/www.xing.com\/news\/pages\/organisator-ch-695","https:\/\/www.youtube.com\/channel\/UCGP2Sq0iWaZwT3BdIAQFYpw"]},{"@type":"Person","@id":"https:\/\/www.organisator.ch\/#\/schema\/person\/afccda3a71c06d4be2ed9100dd163db7","name":"Dzana Muminovic","image":{"@type":"ImageObject","inLanguage":"de","@id":"https:\/\/secure.gravatar.com\/avatar\/909c5c71aff4b38e88686f2ab2f1ba152571f394f41ed8bae431ea56ced93050?s=96&d=mm&r=g","url":"https:\/\/secure.gravatar.com\/avatar\/909c5c71aff4b38e88686f2ab2f1ba152571f394f41ed8bae431ea56ced93050?s=96&d=mm&r=g","contentUrl":"https:\/\/secure.gravatar.com\/avatar\/909c5c71aff4b38e88686f2ab2f1ba152571f394f41ed8bae431ea56ced93050?s=96&d=mm&r=g","caption":"Dzana Muminovic"},"url":"https:\/\/www.organisator.ch\/de\/author\/dzana-muminovic\/"}]}},"_links":{"self":[{"href":"https:\/\/www.organisator.ch\/de\/wp-json\/wp\/v2\/posts\/35087","targetHints":{"allow":["GET"]}}],"collection":[{"href":"https:\/\/www.organisator.ch\/de\/wp-json\/wp\/v2\/posts"}],"about":[{"href":"https:\/\/www.organisator.ch\/de\/wp-json\/wp\/v2\/types\/post"}],"author":[{"embeddable":true,"href":"https:\/\/www.organisator.ch\/de\/wp-json\/wp\/v2\/users\/80"}],"replies":[{"embeddable":true,"href":"https:\/\/www.organisator.ch\/de\/wp-json\/wp\/v2\/comments?post=35087"}],"version-history":[{"count":7,"href":"https:\/\/www.organisator.ch\/de\/wp-json\/wp\/v2\/posts\/35087\/revisions"}],"predecessor-version":[{"id":36242,"href":"https:\/\/www.organisator.ch\/de\/wp-json\/wp\/v2\/posts\/35087\/revisions\/36242"}],"wp:featuredmedia":[{"embeddable":true,"href":"https:\/\/www.organisator.ch\/de\/wp-json\/wp\/v2\/media\/35128"}],"wp:attachment":[{"href":"https:\/\/www.organisator.ch\/de\/wp-json\/wp\/v2\/media?parent=35087"}],"wp:term":[{"taxonomy":"category","embeddable":true,"href":"https:\/\/www.organisator.ch\/de\/wp-json\/wp\/v2\/categories?post=35087"},{"taxonomy":"post_tag","embeddable":true,"href":"https:\/\/www.organisator.ch\/de\/wp-json\/wp\/v2\/tags?post=35087"}],"curies":[{"name":"wp","href":"https:\/\/api.w.org\/{rel}","templated":true}]}}