{"id":3509,"date":"2018-04-27T08:18:15","date_gmt":"2018-04-27T06:18:15","guid":{"rendered":"https:\/\/www.organisator.ch\/?p=3509"},"modified":"2018-04-27T08:18:15","modified_gmt":"2018-04-27T06:18:15","slug":"on-gewinnt-den-export-award-2018","status":"publish","type":"post","link":"https:\/\/www.organisator.ch\/de\/management\/2018-04-27\/on-gewinnt-den-export-award-2018\/","title":{"rendered":"On gewinnt den Export Award 2018"},"content":{"rendered":"<figure id=\"attachment_3512\" aria-describedby=\"caption-attachment-3512\" style=\"width: 640px\" class=\"wp-caption alignnone\"><img loading=\"lazy\" decoding=\"async\" class=\"size-full wp-image-3512\" src=\"https:\/\/www.organisator.ch\/wp-content\/uploads\/2018\/04\/On-gewinnt-den-Export-Award-2018_Organisator.jpg\" alt=\"\" width=\"640\" height=\"427\" srcset=\"https:\/\/www.organisator.ch\/wp-content\/uploads\/2018\/04\/On-gewinnt-den-Export-Award-2018_Organisator.jpg 640w, https:\/\/www.organisator.ch\/wp-content\/uploads\/2018\/04\/On-gewinnt-den-Export-Award-2018_Organisator-16x12.jpg 16w, https:\/\/www.organisator.ch\/wp-content\/uploads\/2018\/04\/On-gewinnt-den-Export-Award-2018_Organisator-262x175.jpg 262w, https:\/\/www.organisator.ch\/wp-content\/uploads\/2018\/04\/On-gewinnt-den-Export-Award-2018_Organisator-525x350.jpg 525w, https:\/\/www.organisator.ch\/wp-content\/uploads\/2018\/04\/On-gewinnt-den-Export-Award-2018_Organisator-300x200.jpg 300w\" sizes=\"auto, (max-width: 640px) 100vw, 640px\" \/><figcaption id=\"caption-attachment-3512\" class=\"wp-caption-text\">Freude \u00fcber den Export Award 2018: Das Gewinner-Team von On. (Bild: S-GE)<\/figcaption><\/figure>\n<p>Eine\u00a0unabh\u00e4ngige Jury aus Wirtschafts-, Wissenschafts- und Medien-Vertretern w\u00e4hlte aus allen eingereichten Bewerbungen <a href=\"https:\/\/www.organisator.ch\/export-award-2018-das-sind-die-drei-finalisten\/\">drei Finalisten<\/a>\u00a0f\u00fcr den\u00a0Export Award 2018, die nun am Aussenwirtschaftsforum geehrt wurden.<\/p>\n<h2>90 Prozent Exportanteil<\/h2>\n<p>Zum Sieger k\u00fcrte die Jury das Sportlabel On. Weltweit setzen \u00fcber drei Millionen L\u00e4ufer auf die Schweizer Laufschuhe, welche sich vor allem durch die revolution\u00e4ren und patentierten CloudTec-Sohlen auszeichnen. Acht Jahre nach der Gr\u00fcndung ist On die am schnellsten wachsende Marke im Laufschuhmarkt. Inzwischen ist das Unternehmen in \u00fcber 50 L\u00e4ndern pr\u00e4sent: In den USA, Deutschland oder Japan ist es mit eigenen Niederlassungen vertreten, in Zentral- und S\u00fcdamerika, Asien oder Osteuropa arbeitet es mit Distributoren zusammen oder ist im Onlinehandel aktiv. Beim Export fokussiert sich On konsequent auf das Premiumsegment und setzt heute 90 Prozent der Produkte im Ausland ab.<\/p>\n<h2>Gefragte Schweizer Premiumprodukte<\/h2>\n<p>Die Troph\u00e4e wurde am\u00a026. April 2018 anl\u00e4sslich des\u00a0Aussenwirtschaftsforums von Ruth Metzler-Arnold, Verwaltungsratspr\u00e4sidentin von S-GE, \u00fcberreicht. \u00abDas Laufschuhlabel On verbindet Schweizer Qualit\u00e4t mit neuartiger Technologie und einer erfolgsorientierten Strategie. Mit diesem Export Award wird die Innovationskraft unserer Schweizer Unternehmen erneut hervorgehoben\u00bb, sagt Ruth Metzler-Arnold stolz. \u00abZudem zeigt die Geschichte von On, wie Schweizer Premiumprodukte trotz der internationalen Konkurrenz und des Preisdruckes weltweit Erfolg haben k\u00f6nnen.\u00bb<\/p>\n<p><em>Weitere Informationen: <a href=\"http:\/\/www.s-ge.com\/exportaward\">www.s-ge.com\/exportaward<\/a><\/em><\/p>\n","protected":false},"excerpt":{"rendered":"<p>Eine\u00a0unabh\u00e4ngige Jury aus Wirtschafts-, Wissenschafts- und Medien-Vertretern w\u00e4hlte aus allen eingereichten Bewerbungen drei Finalisten\u00a0f\u00fcr den\u00a0Export Award 2018, die nun am Aussenwirtschaftsforum geehrt wurden. 90 Prozent Exportanteil Zum Sieger k\u00fcrte die Jury das Sportlabel On. Weltweit setzen \u00fcber drei Millionen L\u00e4ufer auf die Schweizer Laufschuhe, welche sich vor allem durch die revolution\u00e4ren und patentierten CloudTec-Sohlen auszeichnen. [&hellip;]<\/p>\n","protected":false},"author":4,"featured_media":3512,"comment_status":"open","ping_status":"open","sticky":false,"template":"","format":"standard","meta":{"_acf_changed":false,"_yoast_wpseo_focuskw":"Export Award 2018","_yoast_wpseo_metadesc":"Das Z\u00fcrcher Laufschuhlabel On ist am 26. April am Aussenwirtschaftsforum von Switzerland Global Enterprise (S-GE) mit dem Export Award 2018 ausgezeichnet worden. Das Unternehmen, welches von drei Sportbegeisterten gegr\u00fcndet wurde, \u00fcberzeugte die Jury mit ihrer cleveren Exportstrategie.","articlekey":"","footnotes":""},"categories":[28],"tags":[66,189,492,502],"class_list":["post-3509","post","type-post","status-publish","format-standard","has-post-thumbnail","hentry","category-management","tag-awards","tag-export","tag-unternehmen","tag-veranstaltungen"],"acf":[],"yoast_head":"<!-- This site is optimized with the Yoast SEO plugin v27.4 - https:\/\/yoast.com\/product\/yoast-seo-wordpress\/ -->\n<title>On gewinnt den Export Award 2018 - Organisator<\/title>\n<meta name=\"description\" content=\"Das Z\u00fcrcher Laufschuhlabel On ist am 26. April am Aussenwirtschaftsforum von Switzerland Global Enterprise (S-GE) mit dem Export Award 2018 ausgezeichnet worden. Das Unternehmen, welches von drei Sportbegeisterten gegr\u00fcndet wurde, \u00fcberzeugte die Jury mit ihrer cleveren Exportstrategie.\" \/>\n<meta name=\"robots\" content=\"index, follow, max-snippet:-1, max-image-preview:large, max-video-preview:-1\" \/>\n<link rel=\"canonical\" href=\"https:\/\/www.organisator.ch\/de\/management\/2018-04-27\/on-gewinnt-den-export-award-2018\/\" \/>\n<meta property=\"og:locale\" content=\"de_DE\" \/>\n<meta property=\"og:type\" content=\"article\" \/>\n<meta property=\"og:title\" content=\"On gewinnt den Export Award 2018\" \/>\n<meta property=\"og:description\" content=\"Das Z\u00fcrcher Laufschuhlabel #On ist am 26. April am #Aussenwirtschaftsforum von Switzerland Global Enterprise (#S-GE) mit dem Export Award 2018 ausgezeichnet worden. Das Unternehmen, welches von drei Sportbegeisterten gegr\u00fcndet wurde, \u00fcberzeugte die Jury mit ihrer cleveren Exportstrategie.\" \/>\n<meta property=\"og:url\" content=\"https:\/\/www.organisator.ch\/de\/management\/2018-04-27\/on-gewinnt-den-export-award-2018\/\" \/>\n<meta property=\"og:site_name\" content=\"Organisator\" \/>\n<meta property=\"article:publisher\" content=\"https:\/\/www.facebook.com\/OrganisatorFachmagazin\" \/>\n<meta property=\"article:published_time\" content=\"2018-04-27T06:18:15+00:00\" \/>\n<meta property=\"og:image\" content=\"https:\/\/www.organisator.ch\/wp-content\/uploads\/2018\/04\/On-gewinnt-den-Export-Award-2018_Organisator.jpg\" \/>\n\t<meta property=\"og:image:width\" content=\"640\" \/>\n\t<meta property=\"og:image:height\" content=\"427\" \/>\n\t<meta property=\"og:image:type\" content=\"image\/jpeg\" \/>\n<meta name=\"author\" content=\"thomas.berner\" \/>\n<meta name=\"twitter:card\" content=\"summary_large_image\" \/>\n<meta name=\"twitter:title\" content=\"#On gewinnt den Export Award 2018\" \/>\n<meta name=\"twitter:description\" content=\"Das Z\u00fcrcher Laufschuhlabel #On ist am 26. April am #Aussenwirtschaftsforum von Switzerland Global Enterprise (#S-GE) mit dem Export Award 2018 ausgezeichnet worden. Das Unternehmen, welches von drei Sportbegeisterten gegr\u00fcndet wurde, \u00fcberzeugte die Jury mit ihrer cleveren Exportstrategie.\" \/>\n<meta name=\"twitter:image\" content=\"https:\/\/www.organisator.ch\/wp-content\/uploads\/2018\/04\/On-gewinnt-den-Export-Award-2018_Organisator.jpg\" \/>\n<script type=\"application\/ld+json\" class=\"yoast-schema-graph\">{\"@context\":\"https:\\\/\\\/schema.org\",\"@graph\":[{\"@type\":\"Article\",\"@id\":\"https:\\\/\\\/www.organisator.ch\\\/management\\\/2018-04-27\\\/on-gewinnt-den-export-award-2018\\\/#article\",\"isPartOf\":{\"@id\":\"https:\\\/\\\/www.organisator.ch\\\/management\\\/2018-04-27\\\/on-gewinnt-den-export-award-2018\\\/\"},\"author\":{\"name\":\"thomas.berner\",\"@id\":\"https:\\\/\\\/www.organisator.ch\\\/#\\\/schema\\\/person\\\/6f650f90b2842cd4c0cc334b4e36f67e\"},\"headline\":\"On gewinnt den Export Award 2018\",\"datePublished\":\"2018-04-27T06:18:15+00:00\",\"mainEntityOfPage\":{\"@id\":\"https:\\\/\\\/www.organisator.ch\\\/management\\\/2018-04-27\\\/on-gewinnt-den-export-award-2018\\\/\"},\"wordCount\":236,\"commentCount\":0,\"publisher\":{\"@id\":\"https:\\\/\\\/www.organisator.ch\\\/#organization\"},\"image\":{\"@id\":\"https:\\\/\\\/www.organisator.ch\\\/management\\\/2018-04-27\\\/on-gewinnt-den-export-award-2018\\\/#primaryimage\"},\"thumbnailUrl\":\"https:\\\/\\\/www.organisator.ch\\\/wp-content\\\/uploads\\\/2018\\\/04\\\/On-gewinnt-den-Export-Award-2018_Organisator.jpg\",\"keywords\":[\"Awards\",\"Export\",\"Unternehmen\",\"Veranstaltungen\"],\"articleSection\":[\"MANAGEMENT\"],\"inLanguage\":\"de\"},{\"@type\":\"WebPage\",\"@id\":\"https:\\\/\\\/www.organisator.ch\\\/management\\\/2018-04-27\\\/on-gewinnt-den-export-award-2018\\\/\",\"url\":\"https:\\\/\\\/www.organisator.ch\\\/management\\\/2018-04-27\\\/on-gewinnt-den-export-award-2018\\\/\",\"name\":\"On gewinnt den Export Award 2018 - Organisator\",\"isPartOf\":{\"@id\":\"https:\\\/\\\/www.organisator.ch\\\/#website\"},\"primaryImageOfPage\":{\"@id\":\"https:\\\/\\\/www.organisator.ch\\\/management\\\/2018-04-27\\\/on-gewinnt-den-export-award-2018\\\/#primaryimage\"},\"image\":{\"@id\":\"https:\\\/\\\/www.organisator.ch\\\/management\\\/2018-04-27\\\/on-gewinnt-den-export-award-2018\\\/#primaryimage\"},\"thumbnailUrl\":\"https:\\\/\\\/www.organisator.ch\\\/wp-content\\\/uploads\\\/2018\\\/04\\\/On-gewinnt-den-Export-Award-2018_Organisator.jpg\",\"datePublished\":\"2018-04-27T06:18:15+00:00\",\"description\":\"Das Z\u00fcrcher Laufschuhlabel On ist am 26. April am Aussenwirtschaftsforum von Switzerland Global Enterprise (S-GE) mit dem Export Award 2018 ausgezeichnet worden. Das Unternehmen, welches von drei Sportbegeisterten gegr\u00fcndet wurde, \u00fcberzeugte die Jury mit ihrer cleveren Exportstrategie.\",\"breadcrumb\":{\"@id\":\"https:\\\/\\\/www.organisator.ch\\\/management\\\/2018-04-27\\\/on-gewinnt-den-export-award-2018\\\/#breadcrumb\"},\"inLanguage\":\"de\",\"potentialAction\":[{\"@type\":\"ReadAction\",\"target\":[\"https:\\\/\\\/www.organisator.ch\\\/management\\\/2018-04-27\\\/on-gewinnt-den-export-award-2018\\\/\"]}]},{\"@type\":\"ImageObject\",\"inLanguage\":\"de\",\"@id\":\"https:\\\/\\\/www.organisator.ch\\\/management\\\/2018-04-27\\\/on-gewinnt-den-export-award-2018\\\/#primaryimage\",\"url\":\"https:\\\/\\\/www.organisator.ch\\\/wp-content\\\/uploads\\\/2018\\\/04\\\/On-gewinnt-den-Export-Award-2018_Organisator.jpg\",\"contentUrl\":\"https:\\\/\\\/www.organisator.ch\\\/wp-content\\\/uploads\\\/2018\\\/04\\\/On-gewinnt-den-Export-Award-2018_Organisator.jpg\",\"width\":640,\"height\":427,\"caption\":\"Freude \u00fcber den Export Award 2018: Das Gewinner-Team von On. (Bild: S-GE)\"},{\"@type\":\"BreadcrumbList\",\"@id\":\"https:\\\/\\\/www.organisator.ch\\\/management\\\/2018-04-27\\\/on-gewinnt-den-export-award-2018\\\/#breadcrumb\",\"itemListElement\":[{\"@type\":\"ListItem\",\"position\":1,\"name\":\"Home\",\"item\":\"https:\\\/\\\/www.organisator.ch\\\/\"},{\"@type\":\"ListItem\",\"position\":2,\"name\":\"On gewinnt den Export Award 2018\"}]},{\"@type\":\"WebSite\",\"@id\":\"https:\\\/\\\/www.organisator.ch\\\/#website\",\"url\":\"https:\\\/\\\/www.organisator.ch\\\/\",\"name\":\"Organisator\",\"description\":\"Kompetent. Praxisnah. Der ORGANISATOR bereitet in 10 Ausgaben pro Jahr die wesentlichen Themen f\u00fcr F\u00fchrungskr\u00e4fte von KMU auf.\",\"publisher\":{\"@id\":\"https:\\\/\\\/www.organisator.ch\\\/#organization\"},\"potentialAction\":[{\"@type\":\"SearchAction\",\"target\":{\"@type\":\"EntryPoint\",\"urlTemplate\":\"https:\\\/\\\/www.organisator.ch\\\/?s={search_term_string}\"},\"query-input\":{\"@type\":\"PropertyValueSpecification\",\"valueRequired\":true,\"valueName\":\"search_term_string\"}}],\"inLanguage\":\"de\"},{\"@type\":\"Organization\",\"@id\":\"https:\\\/\\\/www.organisator.ch\\\/#organization\",\"name\":\"Organisator\",\"url\":\"https:\\\/\\\/www.organisator.ch\\\/\",\"logo\":{\"@type\":\"ImageObject\",\"inLanguage\":\"de\",\"@id\":\"https:\\\/\\\/www.organisator.ch\\\/#\\\/schema\\\/logo\\\/image\\\/\",\"url\":\"https:\\\/\\\/www.organisator.ch\\\/wp-content\\\/uploads\\\/2022\\\/01\\\/Logo_Organisator_Website.png\",\"contentUrl\":\"https:\\\/\\\/www.organisator.ch\\\/wp-content\\\/uploads\\\/2022\\\/01\\\/Logo_Organisator_Website.png\",\"width\":800,\"height\":77,\"caption\":\"Organisator\"},\"image\":{\"@id\":\"https:\\\/\\\/www.organisator.ch\\\/#\\\/schema\\\/logo\\\/image\\\/\"},\"sameAs\":[\"https:\\\/\\\/www.facebook.com\\\/OrganisatorFachmagazin\",\"https:\\\/\\\/www.linkedin.com\\\/showcase\\\/organisator-das-magazin-fr-kmu\",\"https:\\\/\\\/www.xing.com\\\/news\\\/pages\\\/organisator-ch-695\",\"https:\\\/\\\/www.youtube.com\\\/channel\\\/UCGP2Sq0iWaZwT3BdIAQFYpw\"]},{\"@type\":\"Person\",\"@id\":\"https:\\\/\\\/www.organisator.ch\\\/#\\\/schema\\\/person\\\/6f650f90b2842cd4c0cc334b4e36f67e\",\"name\":\"thomas.berner\",\"image\":{\"@type\":\"ImageObject\",\"inLanguage\":\"de\",\"@id\":\"https:\\\/\\\/secure.gravatar.com\\\/avatar\\\/ac5001d2a36cb6c6cd3e50789007ffca834b477b74a2144564522e944eabff61?s=96&d=mm&r=g\",\"url\":\"https:\\\/\\\/secure.gravatar.com\\\/avatar\\\/ac5001d2a36cb6c6cd3e50789007ffca834b477b74a2144564522e944eabff61?s=96&d=mm&r=g\",\"contentUrl\":\"https:\\\/\\\/secure.gravatar.com\\\/avatar\\\/ac5001d2a36cb6c6cd3e50789007ffca834b477b74a2144564522e944eabff61?s=96&d=mm&r=g\",\"caption\":\"thomas.berner\"},\"url\":\"https:\\\/\\\/www.organisator.ch\\\/de\\\/author\\\/thomas-berner\\\/\"}]}<\/script>\n<!-- \/ Yoast SEO plugin. -->","yoast_head_json":{"title":"On gewinnt den Export Award 2018 - Organisator","description":"Das Z\u00fcrcher Laufschuhlabel On ist am 26. April am Aussenwirtschaftsforum von Switzerland Global Enterprise (S-GE) mit dem Export Award 2018 ausgezeichnet worden. Das Unternehmen, welches von drei Sportbegeisterten gegr\u00fcndet wurde, \u00fcberzeugte die Jury mit ihrer cleveren Exportstrategie.","robots":{"index":"index","follow":"follow","max-snippet":"max-snippet:-1","max-image-preview":"max-image-preview:large","max-video-preview":"max-video-preview:-1"},"canonical":"https:\/\/www.organisator.ch\/de\/management\/2018-04-27\/on-gewinnt-den-export-award-2018\/","og_locale":"de_DE","og_type":"article","og_title":"On gewinnt den Export Award 2018","og_description":"Das Z\u00fcrcher Laufschuhlabel #On ist am 26. April am #Aussenwirtschaftsforum von Switzerland Global Enterprise (#S-GE) mit dem Export Award 2018 ausgezeichnet worden. Das Unternehmen, welches von drei Sportbegeisterten gegr\u00fcndet wurde, \u00fcberzeugte die Jury mit ihrer cleveren Exportstrategie.","og_url":"https:\/\/www.organisator.ch\/de\/management\/2018-04-27\/on-gewinnt-den-export-award-2018\/","og_site_name":"Organisator","article_publisher":"https:\/\/www.facebook.com\/OrganisatorFachmagazin","article_published_time":"2018-04-27T06:18:15+00:00","og_image":[{"width":640,"height":427,"url":"https:\/\/www.organisator.ch\/wp-content\/uploads\/2018\/04\/On-gewinnt-den-Export-Award-2018_Organisator.jpg","type":"image\/jpeg"}],"author":"thomas.berner","twitter_card":"summary_large_image","twitter_title":"#On gewinnt den Export Award 2018","twitter_description":"Das Z\u00fcrcher Laufschuhlabel #On ist am 26. April am #Aussenwirtschaftsforum von Switzerland Global Enterprise (#S-GE) mit dem Export Award 2018 ausgezeichnet worden. Das Unternehmen, welches von drei Sportbegeisterten gegr\u00fcndet wurde, \u00fcberzeugte die Jury mit ihrer cleveren Exportstrategie.","twitter_image":"https:\/\/www.organisator.ch\/wp-content\/uploads\/2018\/04\/On-gewinnt-den-Export-Award-2018_Organisator.jpg","schema":{"@context":"https:\/\/schema.org","@graph":[{"@type":"Article","@id":"https:\/\/www.organisator.ch\/management\/2018-04-27\/on-gewinnt-den-export-award-2018\/#article","isPartOf":{"@id":"https:\/\/www.organisator.ch\/management\/2018-04-27\/on-gewinnt-den-export-award-2018\/"},"author":{"name":"thomas.berner","@id":"https:\/\/www.organisator.ch\/#\/schema\/person\/6f650f90b2842cd4c0cc334b4e36f67e"},"headline":"On gewinnt den Export Award 2018","datePublished":"2018-04-27T06:18:15+00:00","mainEntityOfPage":{"@id":"https:\/\/www.organisator.ch\/management\/2018-04-27\/on-gewinnt-den-export-award-2018\/"},"wordCount":236,"commentCount":0,"publisher":{"@id":"https:\/\/www.organisator.ch\/#organization"},"image":{"@id":"https:\/\/www.organisator.ch\/management\/2018-04-27\/on-gewinnt-den-export-award-2018\/#primaryimage"},"thumbnailUrl":"https:\/\/www.organisator.ch\/wp-content\/uploads\/2018\/04\/On-gewinnt-den-Export-Award-2018_Organisator.jpg","keywords":["Awards","Export","Unternehmen","Veranstaltungen"],"articleSection":["MANAGEMENT"],"inLanguage":"de"},{"@type":"WebPage","@id":"https:\/\/www.organisator.ch\/management\/2018-04-27\/on-gewinnt-den-export-award-2018\/","url":"https:\/\/www.organisator.ch\/management\/2018-04-27\/on-gewinnt-den-export-award-2018\/","name":"On gewinnt den Export Award 2018 - Organisator","isPartOf":{"@id":"https:\/\/www.organisator.ch\/#website"},"primaryImageOfPage":{"@id":"https:\/\/www.organisator.ch\/management\/2018-04-27\/on-gewinnt-den-export-award-2018\/#primaryimage"},"image":{"@id":"https:\/\/www.organisator.ch\/management\/2018-04-27\/on-gewinnt-den-export-award-2018\/#primaryimage"},"thumbnailUrl":"https:\/\/www.organisator.ch\/wp-content\/uploads\/2018\/04\/On-gewinnt-den-Export-Award-2018_Organisator.jpg","datePublished":"2018-04-27T06:18:15+00:00","description":"Das Z\u00fcrcher Laufschuhlabel On ist am 26. April am Aussenwirtschaftsforum von Switzerland Global Enterprise (S-GE) mit dem Export Award 2018 ausgezeichnet worden. Das Unternehmen, welches von drei Sportbegeisterten gegr\u00fcndet wurde, \u00fcberzeugte die Jury mit ihrer cleveren Exportstrategie.","breadcrumb":{"@id":"https:\/\/www.organisator.ch\/management\/2018-04-27\/on-gewinnt-den-export-award-2018\/#breadcrumb"},"inLanguage":"de","potentialAction":[{"@type":"ReadAction","target":["https:\/\/www.organisator.ch\/management\/2018-04-27\/on-gewinnt-den-export-award-2018\/"]}]},{"@type":"ImageObject","inLanguage":"de","@id":"https:\/\/www.organisator.ch\/management\/2018-04-27\/on-gewinnt-den-export-award-2018\/#primaryimage","url":"https:\/\/www.organisator.ch\/wp-content\/uploads\/2018\/04\/On-gewinnt-den-Export-Award-2018_Organisator.jpg","contentUrl":"https:\/\/www.organisator.ch\/wp-content\/uploads\/2018\/04\/On-gewinnt-den-Export-Award-2018_Organisator.jpg","width":640,"height":427,"caption":"Freude \u00fcber den Export Award 2018: Das Gewinner-Team von On. (Bild: S-GE)"},{"@type":"BreadcrumbList","@id":"https:\/\/www.organisator.ch\/management\/2018-04-27\/on-gewinnt-den-export-award-2018\/#breadcrumb","itemListElement":[{"@type":"ListItem","position":1,"name":"Home","item":"https:\/\/www.organisator.ch\/"},{"@type":"ListItem","position":2,"name":"On gewinnt den Export Award 2018"}]},{"@type":"WebSite","@id":"https:\/\/www.organisator.ch\/#website","url":"https:\/\/www.organisator.ch\/","name":"Organisator","description":"Kompetent. Praxisnah. Der ORGANISATOR bereitet in 10 Ausgaben pro Jahr die wesentlichen Themen f\u00fcr F\u00fchrungskr\u00e4fte von KMU auf.","publisher":{"@id":"https:\/\/www.organisator.ch\/#organization"},"potentialAction":[{"@type":"SearchAction","target":{"@type":"EntryPoint","urlTemplate":"https:\/\/www.organisator.ch\/?s={search_term_string}"},"query-input":{"@type":"PropertyValueSpecification","valueRequired":true,"valueName":"search_term_string"}}],"inLanguage":"de"},{"@type":"Organization","@id":"https:\/\/www.organisator.ch\/#organization","name":"Organisator","url":"https:\/\/www.organisator.ch\/","logo":{"@type":"ImageObject","inLanguage":"de","@id":"https:\/\/www.organisator.ch\/#\/schema\/logo\/image\/","url":"https:\/\/www.organisator.ch\/wp-content\/uploads\/2022\/01\/Logo_Organisator_Website.png","contentUrl":"https:\/\/www.organisator.ch\/wp-content\/uploads\/2022\/01\/Logo_Organisator_Website.png","width":800,"height":77,"caption":"Organisator"},"image":{"@id":"https:\/\/www.organisator.ch\/#\/schema\/logo\/image\/"},"sameAs":["https:\/\/www.facebook.com\/OrganisatorFachmagazin","https:\/\/www.linkedin.com\/showcase\/organisator-das-magazin-fr-kmu","https:\/\/www.xing.com\/news\/pages\/organisator-ch-695","https:\/\/www.youtube.com\/channel\/UCGP2Sq0iWaZwT3BdIAQFYpw"]},{"@type":"Person","@id":"https:\/\/www.organisator.ch\/#\/schema\/person\/6f650f90b2842cd4c0cc334b4e36f67e","name":"thomas.berner","image":{"@type":"ImageObject","inLanguage":"de","@id":"https:\/\/secure.gravatar.com\/avatar\/ac5001d2a36cb6c6cd3e50789007ffca834b477b74a2144564522e944eabff61?s=96&d=mm&r=g","url":"https:\/\/secure.gravatar.com\/avatar\/ac5001d2a36cb6c6cd3e50789007ffca834b477b74a2144564522e944eabff61?s=96&d=mm&r=g","contentUrl":"https:\/\/secure.gravatar.com\/avatar\/ac5001d2a36cb6c6cd3e50789007ffca834b477b74a2144564522e944eabff61?s=96&d=mm&r=g","caption":"thomas.berner"},"url":"https:\/\/www.organisator.ch\/de\/author\/thomas-berner\/"}]}},"_links":{"self":[{"href":"https:\/\/www.organisator.ch\/de\/wp-json\/wp\/v2\/posts\/3509","targetHints":{"allow":["GET"]}}],"collection":[{"href":"https:\/\/www.organisator.ch\/de\/wp-json\/wp\/v2\/posts"}],"about":[{"href":"https:\/\/www.organisator.ch\/de\/wp-json\/wp\/v2\/types\/post"}],"author":[{"embeddable":true,"href":"https:\/\/www.organisator.ch\/de\/wp-json\/wp\/v2\/users\/4"}],"replies":[{"embeddable":true,"href":"https:\/\/www.organisator.ch\/de\/wp-json\/wp\/v2\/comments?post=3509"}],"version-history":[{"count":0,"href":"https:\/\/www.organisator.ch\/de\/wp-json\/wp\/v2\/posts\/3509\/revisions"}],"wp:featuredmedia":[{"embeddable":true,"href":"https:\/\/www.organisator.ch\/de\/wp-json\/wp\/v2\/media\/3512"}],"wp:attachment":[{"href":"https:\/\/www.organisator.ch\/de\/wp-json\/wp\/v2\/media?parent=3509"}],"wp:term":[{"taxonomy":"category","embeddable":true,"href":"https:\/\/www.organisator.ch\/de\/wp-json\/wp\/v2\/categories?post=3509"},{"taxonomy":"post_tag","embeddable":true,"href":"https:\/\/www.organisator.ch\/de\/wp-json\/wp\/v2\/tags?post=3509"}],"curies":[{"name":"wp","href":"https:\/\/api.w.org\/{rel}","templated":true}]}}