{"id":35197,"date":"2025-01-13T14:45:53","date_gmt":"2025-01-13T13:45:53","guid":{"rendered":"https:\/\/www.markt-kom.com\/?p=228834"},"modified":"2025-01-13T14:46:36","modified_gmt":"2025-01-13T13:46:36","slug":"hwz-marketing-und-kommunikationsabteilung-neu-aufgestellt","status":"publish","type":"post","link":"https:\/\/www.organisator.ch\/de\/marketing\/2025-01-13\/hwz-marketing-und-kommunikationsabteilung-neu-aufgestellt\/","title":{"rendered":"HWZ: Marketing- und Kommunikationsabteilung neu aufgestellt"},"content":{"rendered":"<figure id=\"attachment_228835\" class=\"wp-caption aligncenter\" style=\"width: 1200px;\" aria-describedby=\"caption-attachment-228835\"><a href=\"https:\/\/www.markt-kom.com\/wp-content\/uploads\/2025\/01\/HWZ-neue-Co-Leitung-Marketing-und-Kommunikation.jpg\"><img class=\"size-full wp-image-228835\" src=\"https:\/\/www.markt-kom.com\/wp-content\/uploads\/2025\/01\/HWZ-neue-Co-Leitung-Marketing-und-Kommunikation.jpg\" sizes=\"(max-width: 1200px) 100vw, 1200px\" srcset=\"https:\/\/www.markt-kom.com\/wp-content\/uploads\/2025\/01\/HWZ-neue-Co-Leitung-Marketing-und-Kommunikation.jpg 1200w, https:\/\/www.markt-kom.com\/wp-content\/uploads\/2025\/01\/HWZ-neue-Co-Leitung-Marketing-und-Kommunikation-600x450.jpg 600w, https:\/\/www.markt-kom.com\/wp-content\/uploads\/2025\/01\/HWZ-neue-Co-Leitung-Marketing-und-Kommunikation-1024x768.jpg 1024w, https:\/\/www.markt-kom.com\/wp-content\/uploads\/2025\/01\/HWZ-neue-Co-Leitung-Marketing-und-Kommunikation-768x576.jpg 768w, https:\/\/www.markt-kom.com\/wp-content\/uploads\/2025\/01\/HWZ-neue-Co-Leitung-Marketing-und-Kommunikation-16x12.jpg 16w, https:\/\/www.markt-kom.com\/wp-content\/uploads\/2025\/01\/HWZ-neue-Co-Leitung-Marketing-und-Kommunikation-233x175.jpg 233w, https:\/\/www.markt-kom.com\/wp-content\/uploads\/2025\/01\/HWZ-neue-Co-Leitung-Marketing-und-Kommunikation-467x350.jpg 467w, https:\/\/www.markt-kom.com\/wp-content\/uploads\/2025\/01\/HWZ-neue-Co-Leitung-Marketing-und-Kommunikation-1000x750.jpg 1000w\" alt=\"\" width=\"1200\" height=\"900\" \/><\/a>\r\n<figcaption id=\"caption-attachment-228835\" class=\"wp-caption-text\">Laura Oderbolz (links) und Sandra Bornand bilden die neue Co-Leitung Marketing Kommunikation der HWZ. (Bild: zVg. HWZ)<\/figcaption>\r\n<\/figure>\r\n<p>Nach f\u00fcnf Jahren an der HWZ hat sich die bisherige Leiterin Marketing &amp; Kommunikation Daniela Dunne entschieden, sich neuen Herausforderungen zu widmen. Mit Sandra Bornand und Laura Oderbolz hat die HWZ eine interne Nachfolgel\u00f6sung gefunden. Per Anfang Januar haben die beiden die Abteilung in einer Co-Leitung \u00fcbernommen. Damit einhergehend wurde das Marketing- und Kommunikationsteam neu organisiert.<\/p>\r\n<p>Die neue Leiterin Marketing Sandra Bornand bringt langj\u00e4hrige Erfahrung in den Bereichen Marketing, digitale Kommunikation, Social Media und Web-Projektmanagement mit. Seit ihrem Eintritt in das HWZ-Team im Jahr 2013 hat sie unter anderem den Aufbau der Website und die Social-Media-Strategie der Hochschule massgeblich mitgestaltet. Ihr abgeschlossenes Studium \u00abdipl. Chief Digital Officer NDS HF\u00bb erg\u00e4nzt ihre Expertise in der digitalen Transformation und Strategie.<\/p>\r\n<p>\u00abEs ist mir ein grosses Anliegen, die Marke sowie das Marketing so weiterzuentwickeln, dass wir Studierende und Partnerinnen und Partner auch in der digitalen Zukunft nachhaltig \u00fcberzeugen\u00bb, wird Bornand in einer Mitteilung der HWZ zitiert.<\/p>\r\n<p>Laura Oderbolz, neue Leiterin Kommunikation, hat in ihrer bisherigen Funktion als Corporate Communications Managerin seit 2019 die Bereiche interne und externe Kommunikation sowie das Content Marketing an der HWZ erfolgreich auf- und ausgebaut. Mit einem Bachelor of Arts in Kommunikation mit Vertiefung in Organisationskommunikation der ZHAW und einem Master of Advanced Studies in Business Communications der HWZ verf\u00fcgt sie \u00fcber eine fundierte Expertise in strategischer Kommunikation, mit besonderem Fokus auf interne und Change Kommunikation.<\/p>\r\n<p>\u00abIn den letzten f\u00fcnf Jahren habe ich die HWZ als inspirierenden Ort kennen und sch\u00e4tzen gelernt. Es ist mir wichtig, die Pr\u00e4senz der HWZ weiter zu st\u00e4rken und eine authentische, vertrauensvolle Beziehung zu unseren Anspruchsgruppen aufzubauen respektive weiter zu pflegen. Mein Fokus liegt darauf, unsere Vision und Werte klar und \u00fcberzeugend zu kommunizieren \u2013 sowohl intern als auch extern\u00bb, so Oderbolz.<\/p>","protected":false},"excerpt":{"rendered":"<p>Die HWZ Hochschule f\u00fcr Wirtschaft Z\u00fcrich startet mit einer neuen Co-Leitung der Abteilung Marketing und Kommunikation ins Jahr 2025. Laura Oderbolz \u00fcbernimmt die Leitung Kommunikation, Sandra Bornand die Leitung Marketing.<\/p>\n","protected":false},"author":8,"featured_media":0,"comment_status":"closed","ping_status":"closed","sticky":false,"template":"","format":"standard","meta":{"_acf_changed":false,"_yoast_wpseo_focuskw":"HWZ","_yoast_wpseo_metadesc":"HWZ startet 2025 mit neuer Co-Leitung: Sandra Bornand (Marketing) und Laura Oderbolz (Kommunikation) \u00fcbernehmen die Abteilung.","articlekey":"","footnotes":""},"categories":[29],"tags":[1382,4343],"class_list":["post-35197","post","type-post","status-publish","format-standard","hentry","category-marketing","tag-hwz","tag-markom"],"acf":[],"yoast_head":"<!-- This site is optimized with the Yoast SEO plugin v27.5 - https:\/\/yoast.com\/product\/yoast-seo-wordpress\/ -->\n<title>HWZ: Marketing- und Kommunikationsabteilung neu aufgestellt - Organisator<\/title>\n<meta name=\"description\" content=\"HWZ startet 2025 mit neuer Co-Leitung: Sandra Bornand (Marketing) und Laura Oderbolz (Kommunikation) \u00fcbernehmen die Abteilung.\" \/>\n<meta name=\"robots\" content=\"index, follow, max-snippet:-1, max-image-preview:large, max-video-preview:-1\" \/>\n<link rel=\"canonical\" href=\"https:\/\/www.organisator.ch\/de\/marketing\/2025-01-13\/hwz-marketing-und-kommunikationsabteilung-neu-aufgestellt\/\" \/>\n<meta property=\"og:locale\" content=\"de_DE\" \/>\n<meta property=\"og:type\" content=\"article\" \/>\n<meta property=\"og:title\" content=\"HWZ: Marketing- und Kommunikationsabteilung neu aufgestellt - Organisator\" \/>\n<meta property=\"og:description\" content=\"HWZ startet 2025 mit neuer Co-Leitung: Sandra Bornand (Marketing) und Laura Oderbolz (Kommunikation) \u00fcbernehmen die Abteilung.\" \/>\n<meta property=\"og:url\" content=\"https:\/\/www.organisator.ch\/de\/marketing\/2025-01-13\/hwz-marketing-und-kommunikationsabteilung-neu-aufgestellt\/\" \/>\n<meta property=\"og:site_name\" content=\"Organisator\" \/>\n<meta property=\"article:publisher\" content=\"https:\/\/www.facebook.com\/OrganisatorFachmagazin\" \/>\n<meta property=\"article:published_time\" content=\"2025-01-13T13:45:53+00:00\" \/>\n<meta property=\"article:modified_time\" content=\"2025-01-13T13:46:36+00:00\" \/>\n<meta name=\"author\" content=\"galledia\" \/>\n<meta name=\"twitter:card\" content=\"summary_large_image\" \/>\n<meta name=\"twitter:creator\" content=\"@admin\" \/>\n<script type=\"application\/ld+json\" class=\"yoast-schema-graph\">{\"@context\":\"https:\\\/\\\/schema.org\",\"@graph\":[{\"@type\":\"Article\",\"@id\":\"https:\\\/\\\/www.organisator.ch\\\/marketing\\\/2025-01-13\\\/hwz-marketing-und-kommunikationsabteilung-neu-aufgestellt\\\/#article\",\"isPartOf\":{\"@id\":\"https:\\\/\\\/www.organisator.ch\\\/marketing\\\/2025-01-13\\\/hwz-marketing-und-kommunikationsabteilung-neu-aufgestellt\\\/\"},\"author\":{\"name\":\"galledia\",\"@id\":\"https:\\\/\\\/www.organisator.ch\\\/#\\\/schema\\\/person\\\/4e51799071cd2dd1232ac003643ef5f0\"},\"headline\":\"HWZ: Marketing- und Kommunikationsabteilung neu aufgestellt\",\"datePublished\":\"2025-01-13T13:45:53+00:00\",\"dateModified\":\"2025-01-13T13:46:36+00:00\",\"mainEntityOfPage\":{\"@id\":\"https:\\\/\\\/www.organisator.ch\\\/marketing\\\/2025-01-13\\\/hwz-marketing-und-kommunikationsabteilung-neu-aufgestellt\\\/\"},\"wordCount\":317,\"publisher\":{\"@id\":\"https:\\\/\\\/www.organisator.ch\\\/#organization\"},\"image\":{\"@id\":\"https:\\\/\\\/www.organisator.ch\\\/marketing\\\/2025-01-13\\\/hwz-marketing-und-kommunikationsabteilung-neu-aufgestellt\\\/#primaryimage\"},\"thumbnailUrl\":\"https:\\\/\\\/www.markt-kom.com\\\/wp-content\\\/uploads\\\/2025\\\/01\\\/HWZ-neue-Co-Leitung-Marketing-und-Kommunikation.jpg\",\"keywords\":[\"HWZ\",\"MarKom\"],\"articleSection\":[\"MARKETING\"],\"inLanguage\":\"de\"},{\"@type\":\"WebPage\",\"@id\":\"https:\\\/\\\/www.organisator.ch\\\/marketing\\\/2025-01-13\\\/hwz-marketing-und-kommunikationsabteilung-neu-aufgestellt\\\/\",\"url\":\"https:\\\/\\\/www.organisator.ch\\\/marketing\\\/2025-01-13\\\/hwz-marketing-und-kommunikationsabteilung-neu-aufgestellt\\\/\",\"name\":\"HWZ: Marketing- und Kommunikationsabteilung neu aufgestellt - Organisator\",\"isPartOf\":{\"@id\":\"https:\\\/\\\/www.organisator.ch\\\/#website\"},\"primaryImageOfPage\":{\"@id\":\"https:\\\/\\\/www.organisator.ch\\\/marketing\\\/2025-01-13\\\/hwz-marketing-und-kommunikationsabteilung-neu-aufgestellt\\\/#primaryimage\"},\"image\":{\"@id\":\"https:\\\/\\\/www.organisator.ch\\\/marketing\\\/2025-01-13\\\/hwz-marketing-und-kommunikationsabteilung-neu-aufgestellt\\\/#primaryimage\"},\"thumbnailUrl\":\"https:\\\/\\\/www.markt-kom.com\\\/wp-content\\\/uploads\\\/2025\\\/01\\\/HWZ-neue-Co-Leitung-Marketing-und-Kommunikation.jpg\",\"datePublished\":\"2025-01-13T13:45:53+00:00\",\"dateModified\":\"2025-01-13T13:46:36+00:00\",\"description\":\"HWZ startet 2025 mit neuer Co-Leitung: Sandra Bornand (Marketing) und Laura Oderbolz (Kommunikation) \u00fcbernehmen die Abteilung.\",\"breadcrumb\":{\"@id\":\"https:\\\/\\\/www.organisator.ch\\\/marketing\\\/2025-01-13\\\/hwz-marketing-und-kommunikationsabteilung-neu-aufgestellt\\\/#breadcrumb\"},\"inLanguage\":\"de\",\"potentialAction\":[{\"@type\":\"ReadAction\",\"target\":[\"https:\\\/\\\/www.organisator.ch\\\/marketing\\\/2025-01-13\\\/hwz-marketing-und-kommunikationsabteilung-neu-aufgestellt\\\/\"]}]},{\"@type\":\"ImageObject\",\"inLanguage\":\"de\",\"@id\":\"https:\\\/\\\/www.organisator.ch\\\/marketing\\\/2025-01-13\\\/hwz-marketing-und-kommunikationsabteilung-neu-aufgestellt\\\/#primaryimage\",\"url\":\"https:\\\/\\\/www.markt-kom.com\\\/wp-content\\\/uploads\\\/2025\\\/01\\\/HWZ-neue-Co-Leitung-Marketing-und-Kommunikation.jpg\",\"contentUrl\":\"https:\\\/\\\/www.markt-kom.com\\\/wp-content\\\/uploads\\\/2025\\\/01\\\/HWZ-neue-Co-Leitung-Marketing-und-Kommunikation.jpg\"},{\"@type\":\"BreadcrumbList\",\"@id\":\"https:\\\/\\\/www.organisator.ch\\\/marketing\\\/2025-01-13\\\/hwz-marketing-und-kommunikationsabteilung-neu-aufgestellt\\\/#breadcrumb\",\"itemListElement\":[{\"@type\":\"ListItem\",\"position\":1,\"name\":\"Home\",\"item\":\"https:\\\/\\\/www.organisator.ch\\\/\"},{\"@type\":\"ListItem\",\"position\":2,\"name\":\"HWZ: Marketing- und Kommunikationsabteilung neu aufgestellt\"}]},{\"@type\":\"WebSite\",\"@id\":\"https:\\\/\\\/www.organisator.ch\\\/#website\",\"url\":\"https:\\\/\\\/www.organisator.ch\\\/\",\"name\":\"Organisator\",\"description\":\"Kompetent. Praxisnah. Der ORGANISATOR bereitet in 10 Ausgaben pro Jahr die wesentlichen Themen f\u00fcr F\u00fchrungskr\u00e4fte von KMU auf.\",\"publisher\":{\"@id\":\"https:\\\/\\\/www.organisator.ch\\\/#organization\"},\"potentialAction\":[{\"@type\":\"SearchAction\",\"target\":{\"@type\":\"EntryPoint\",\"urlTemplate\":\"https:\\\/\\\/www.organisator.ch\\\/?s={search_term_string}\"},\"query-input\":{\"@type\":\"PropertyValueSpecification\",\"valueRequired\":true,\"valueName\":\"search_term_string\"}}],\"inLanguage\":\"de\"},{\"@type\":\"Organization\",\"@id\":\"https:\\\/\\\/www.organisator.ch\\\/#organization\",\"name\":\"Organisator\",\"url\":\"https:\\\/\\\/www.organisator.ch\\\/\",\"logo\":{\"@type\":\"ImageObject\",\"inLanguage\":\"de\",\"@id\":\"https:\\\/\\\/www.organisator.ch\\\/#\\\/schema\\\/logo\\\/image\\\/\",\"url\":\"https:\\\/\\\/www.organisator.ch\\\/wp-content\\\/uploads\\\/2022\\\/01\\\/Logo_Organisator_Website.png\",\"contentUrl\":\"https:\\\/\\\/www.organisator.ch\\\/wp-content\\\/uploads\\\/2022\\\/01\\\/Logo_Organisator_Website.png\",\"width\":800,\"height\":77,\"caption\":\"Organisator\"},\"image\":{\"@id\":\"https:\\\/\\\/www.organisator.ch\\\/#\\\/schema\\\/logo\\\/image\\\/\"},\"sameAs\":[\"https:\\\/\\\/www.facebook.com\\\/OrganisatorFachmagazin\",\"https:\\\/\\\/www.linkedin.com\\\/showcase\\\/organisator-das-magazin-fr-kmu\",\"https:\\\/\\\/www.xing.com\\\/news\\\/pages\\\/organisator-ch-695\",\"https:\\\/\\\/www.youtube.com\\\/channel\\\/UCGP2Sq0iWaZwT3BdIAQFYpw\"]},{\"@type\":\"Person\",\"@id\":\"https:\\\/\\\/www.organisator.ch\\\/#\\\/schema\\\/person\\\/4e51799071cd2dd1232ac003643ef5f0\",\"name\":\"galledia\",\"image\":{\"@type\":\"ImageObject\",\"inLanguage\":\"de\",\"@id\":\"https:\\\/\\\/secure.gravatar.com\\\/avatar\\\/78a7f90c01fc2bfc875782a0d4922b37cde2cf184ce347b91316d23cd7f69a36?s=96&d=mm&r=g\",\"url\":\"https:\\\/\\\/secure.gravatar.com\\\/avatar\\\/78a7f90c01fc2bfc875782a0d4922b37cde2cf184ce347b91316d23cd7f69a36?s=96&d=mm&r=g\",\"contentUrl\":\"https:\\\/\\\/secure.gravatar.com\\\/avatar\\\/78a7f90c01fc2bfc875782a0d4922b37cde2cf184ce347b91316d23cd7f69a36?s=96&d=mm&r=g\",\"caption\":\"galledia\"},\"sameAs\":[\"https:\\\/\\\/x.com\\\/admin\"],\"url\":\"https:\\\/\\\/www.organisator.ch\\\/de\\\/author\\\/galledia\\\/\"}]}<\/script>\n<!-- \/ Yoast SEO plugin. -->","yoast_head_json":{"title":"HWZ: Marketing- und Kommunikationsabteilung neu aufgestellt - Organisator","description":"HWZ startet 2025 mit neuer Co-Leitung: Sandra Bornand (Marketing) und Laura Oderbolz (Kommunikation) \u00fcbernehmen die Abteilung.","robots":{"index":"index","follow":"follow","max-snippet":"max-snippet:-1","max-image-preview":"max-image-preview:large","max-video-preview":"max-video-preview:-1"},"canonical":"https:\/\/www.organisator.ch\/de\/marketing\/2025-01-13\/hwz-marketing-und-kommunikationsabteilung-neu-aufgestellt\/","og_locale":"de_DE","og_type":"article","og_title":"HWZ: Marketing- und Kommunikationsabteilung neu aufgestellt - Organisator","og_description":"HWZ startet 2025 mit neuer Co-Leitung: Sandra Bornand (Marketing) und Laura Oderbolz (Kommunikation) \u00fcbernehmen die Abteilung.","og_url":"https:\/\/www.organisator.ch\/de\/marketing\/2025-01-13\/hwz-marketing-und-kommunikationsabteilung-neu-aufgestellt\/","og_site_name":"Organisator","article_publisher":"https:\/\/www.facebook.com\/OrganisatorFachmagazin","article_published_time":"2025-01-13T13:45:53+00:00","article_modified_time":"2025-01-13T13:46:36+00:00","author":"galledia","twitter_card":"summary_large_image","twitter_creator":"@admin","schema":{"@context":"https:\/\/schema.org","@graph":[{"@type":"Article","@id":"https:\/\/www.organisator.ch\/marketing\/2025-01-13\/hwz-marketing-und-kommunikationsabteilung-neu-aufgestellt\/#article","isPartOf":{"@id":"https:\/\/www.organisator.ch\/marketing\/2025-01-13\/hwz-marketing-und-kommunikationsabteilung-neu-aufgestellt\/"},"author":{"name":"galledia","@id":"https:\/\/www.organisator.ch\/#\/schema\/person\/4e51799071cd2dd1232ac003643ef5f0"},"headline":"HWZ: Marketing- und Kommunikationsabteilung neu aufgestellt","datePublished":"2025-01-13T13:45:53+00:00","dateModified":"2025-01-13T13:46:36+00:00","mainEntityOfPage":{"@id":"https:\/\/www.organisator.ch\/marketing\/2025-01-13\/hwz-marketing-und-kommunikationsabteilung-neu-aufgestellt\/"},"wordCount":317,"publisher":{"@id":"https:\/\/www.organisator.ch\/#organization"},"image":{"@id":"https:\/\/www.organisator.ch\/marketing\/2025-01-13\/hwz-marketing-und-kommunikationsabteilung-neu-aufgestellt\/#primaryimage"},"thumbnailUrl":"https:\/\/www.markt-kom.com\/wp-content\/uploads\/2025\/01\/HWZ-neue-Co-Leitung-Marketing-und-Kommunikation.jpg","keywords":["HWZ","MarKom"],"articleSection":["MARKETING"],"inLanguage":"de"},{"@type":"WebPage","@id":"https:\/\/www.organisator.ch\/marketing\/2025-01-13\/hwz-marketing-und-kommunikationsabteilung-neu-aufgestellt\/","url":"https:\/\/www.organisator.ch\/marketing\/2025-01-13\/hwz-marketing-und-kommunikationsabteilung-neu-aufgestellt\/","name":"HWZ: Marketing- und Kommunikationsabteilung neu aufgestellt - Organisator","isPartOf":{"@id":"https:\/\/www.organisator.ch\/#website"},"primaryImageOfPage":{"@id":"https:\/\/www.organisator.ch\/marketing\/2025-01-13\/hwz-marketing-und-kommunikationsabteilung-neu-aufgestellt\/#primaryimage"},"image":{"@id":"https:\/\/www.organisator.ch\/marketing\/2025-01-13\/hwz-marketing-und-kommunikationsabteilung-neu-aufgestellt\/#primaryimage"},"thumbnailUrl":"https:\/\/www.markt-kom.com\/wp-content\/uploads\/2025\/01\/HWZ-neue-Co-Leitung-Marketing-und-Kommunikation.jpg","datePublished":"2025-01-13T13:45:53+00:00","dateModified":"2025-01-13T13:46:36+00:00","description":"HWZ startet 2025 mit neuer Co-Leitung: Sandra Bornand (Marketing) und Laura Oderbolz (Kommunikation) \u00fcbernehmen die Abteilung.","breadcrumb":{"@id":"https:\/\/www.organisator.ch\/marketing\/2025-01-13\/hwz-marketing-und-kommunikationsabteilung-neu-aufgestellt\/#breadcrumb"},"inLanguage":"de","potentialAction":[{"@type":"ReadAction","target":["https:\/\/www.organisator.ch\/marketing\/2025-01-13\/hwz-marketing-und-kommunikationsabteilung-neu-aufgestellt\/"]}]},{"@type":"ImageObject","inLanguage":"de","@id":"https:\/\/www.organisator.ch\/marketing\/2025-01-13\/hwz-marketing-und-kommunikationsabteilung-neu-aufgestellt\/#primaryimage","url":"https:\/\/www.markt-kom.com\/wp-content\/uploads\/2025\/01\/HWZ-neue-Co-Leitung-Marketing-und-Kommunikation.jpg","contentUrl":"https:\/\/www.markt-kom.com\/wp-content\/uploads\/2025\/01\/HWZ-neue-Co-Leitung-Marketing-und-Kommunikation.jpg"},{"@type":"BreadcrumbList","@id":"https:\/\/www.organisator.ch\/marketing\/2025-01-13\/hwz-marketing-und-kommunikationsabteilung-neu-aufgestellt\/#breadcrumb","itemListElement":[{"@type":"ListItem","position":1,"name":"Home","item":"https:\/\/www.organisator.ch\/"},{"@type":"ListItem","position":2,"name":"HWZ: Marketing- und Kommunikationsabteilung neu aufgestellt"}]},{"@type":"WebSite","@id":"https:\/\/www.organisator.ch\/#website","url":"https:\/\/www.organisator.ch\/","name":"Organisator","description":"Kompetent. Praxisnah. Der ORGANISATOR bereitet in 10 Ausgaben pro Jahr die wesentlichen Themen f\u00fcr F\u00fchrungskr\u00e4fte von KMU auf.","publisher":{"@id":"https:\/\/www.organisator.ch\/#organization"},"potentialAction":[{"@type":"SearchAction","target":{"@type":"EntryPoint","urlTemplate":"https:\/\/www.organisator.ch\/?s={search_term_string}"},"query-input":{"@type":"PropertyValueSpecification","valueRequired":true,"valueName":"search_term_string"}}],"inLanguage":"de"},{"@type":"Organization","@id":"https:\/\/www.organisator.ch\/#organization","name":"Organisator","url":"https:\/\/www.organisator.ch\/","logo":{"@type":"ImageObject","inLanguage":"de","@id":"https:\/\/www.organisator.ch\/#\/schema\/logo\/image\/","url":"https:\/\/www.organisator.ch\/wp-content\/uploads\/2022\/01\/Logo_Organisator_Website.png","contentUrl":"https:\/\/www.organisator.ch\/wp-content\/uploads\/2022\/01\/Logo_Organisator_Website.png","width":800,"height":77,"caption":"Organisator"},"image":{"@id":"https:\/\/www.organisator.ch\/#\/schema\/logo\/image\/"},"sameAs":["https:\/\/www.facebook.com\/OrganisatorFachmagazin","https:\/\/www.linkedin.com\/showcase\/organisator-das-magazin-fr-kmu","https:\/\/www.xing.com\/news\/pages\/organisator-ch-695","https:\/\/www.youtube.com\/channel\/UCGP2Sq0iWaZwT3BdIAQFYpw"]},{"@type":"Person","@id":"https:\/\/www.organisator.ch\/#\/schema\/person\/4e51799071cd2dd1232ac003643ef5f0","name":"galledia","image":{"@type":"ImageObject","inLanguage":"de","@id":"https:\/\/secure.gravatar.com\/avatar\/78a7f90c01fc2bfc875782a0d4922b37cde2cf184ce347b91316d23cd7f69a36?s=96&d=mm&r=g","url":"https:\/\/secure.gravatar.com\/avatar\/78a7f90c01fc2bfc875782a0d4922b37cde2cf184ce347b91316d23cd7f69a36?s=96&d=mm&r=g","contentUrl":"https:\/\/secure.gravatar.com\/avatar\/78a7f90c01fc2bfc875782a0d4922b37cde2cf184ce347b91316d23cd7f69a36?s=96&d=mm&r=g","caption":"galledia"},"sameAs":["https:\/\/x.com\/admin"],"url":"https:\/\/www.organisator.ch\/de\/author\/galledia\/"}]}},"_links":{"self":[{"href":"https:\/\/www.organisator.ch\/de\/wp-json\/wp\/v2\/posts\/35197","targetHints":{"allow":["GET"]}}],"collection":[{"href":"https:\/\/www.organisator.ch\/de\/wp-json\/wp\/v2\/posts"}],"about":[{"href":"https:\/\/www.organisator.ch\/de\/wp-json\/wp\/v2\/types\/post"}],"author":[{"embeddable":true,"href":"https:\/\/www.organisator.ch\/de\/wp-json\/wp\/v2\/users\/8"}],"replies":[{"embeddable":true,"href":"https:\/\/www.organisator.ch\/de\/wp-json\/wp\/v2\/comments?post=35197"}],"version-history":[{"count":4,"href":"https:\/\/www.organisator.ch\/de\/wp-json\/wp\/v2\/posts\/35197\/revisions"}],"predecessor-version":[{"id":35201,"href":"https:\/\/www.organisator.ch\/de\/wp-json\/wp\/v2\/posts\/35197\/revisions\/35201"}],"wp:attachment":[{"href":"https:\/\/www.organisator.ch\/de\/wp-json\/wp\/v2\/media?parent=35197"}],"wp:term":[{"taxonomy":"category","embeddable":true,"href":"https:\/\/www.organisator.ch\/de\/wp-json\/wp\/v2\/categories?post=35197"},{"taxonomy":"post_tag","embeddable":true,"href":"https:\/\/www.organisator.ch\/de\/wp-json\/wp\/v2\/tags?post=35197"}],"curies":[{"name":"wp","href":"https:\/\/api.w.org\/{rel}","templated":true}]}}