{"id":35211,"date":"2025-01-14T08:04:38","date_gmt":"2025-01-14T07:04:38","guid":{"rendered":"https:\/\/www.organisator.ch\/?p=35211"},"modified":"2025-01-14T08:07:14","modified_gmt":"2025-01-14T07:07:14","slug":"gregory-oswald-wird-neuer-geschaeftsfuehrer-bei-wesco-und-berbel","status":"publish","type":"post","link":"https:\/\/www.organisator.ch\/de\/management\/2025-01-14\/gregory-oswald-wird-neuer-geschaeftsfuehrer-bei-wesco-und-berbel\/","title":{"rendered":"Gregory Oswald wird neuer Gesch\u00e4ftsf\u00fchrer bei Wesco und Berbel"},"content":{"rendered":"<figure id=\"attachment_35216\" aria-describedby=\"caption-attachment-35216\" style=\"width: 544px\" class=\"wp-caption alignnone\"><img loading=\"lazy\" decoding=\"async\" class=\"size-full wp-image-35216\" src=\"https:\/\/www.organisator.ch\/wp-content\/uploads\/2025\/01\/Wesco_Bild1_ps-1.jpg\" alt=\"\" width=\"544\" height=\"338\" srcset=\"https:\/\/www.organisator.ch\/wp-content\/uploads\/2025\/01\/Wesco_Bild1_ps-1.jpg 544w, https:\/\/www.organisator.ch\/wp-content\/uploads\/2025\/01\/Wesco_Bild1_ps-1-18x12.jpg 18w, https:\/\/www.organisator.ch\/wp-content\/uploads\/2025\/01\/Wesco_Bild1_ps-1-375x233.jpg 375w\" sizes=\"auto, (max-width: 544px) 100vw, 544px\" \/><figcaption id=\"caption-attachment-35216\" class=\"wp-caption-text\">Gregory Oswald, neuer Gesch\u00e4ftsf\u00fchrer von Wesco und Berbel bei Franke Home Solutions. (Bild: www.franke.com)<\/figcaption><\/figure>\n<p>Gregory Oswald (44 Jahre) \u00fcbernimmt die Gesch\u00e4ftsleitung ab sofort. Um eine nahtlose \u00dcbergabe zu gew\u00e4hrleisten, werden Irina Leutwyler und Robert Brandon das Unternehmen noh f\u00fcr eine \u00dcbergangszeit unterst\u00fctzen.<\/p>\n<p>Barbara Borra, CEO von Franke Home Solutions, kommentiert: \u00abGregory Oswald ist ideal f\u00fcr diese neue Aufgabe geeignet. Mit seiner langj\u00e4hrigen Erfahrung in F\u00fchrungspositionen und seinem umfassenden Verst\u00e4nd-nis im DACH-Markt und seiner Expertise im Produktmanagement und Marketing, wird er den erfolgreichen Weg von Wesco und Berbel weiterf\u00fchren. Wir respektieren die Entscheidung von Irina Leutwyler und Robert Brandon und bedauern ihren Entschluss. Wir bedanken uns bei beiden f\u00fcr ihre Unterst\u00fctzung bei der <a href=\"https:\/\/www.organisator.ch\/de\/management\/2024-11-04\/franke-schliesst-die-akquisition-von-wesco-erfolgreich-ab\/\">Akquisition von Wesco<\/a> und Berbel durch die Franke Gruppe im letzten Jahr. Ebenso sch\u00e4tzen wir ihre Bereitschaft, uns noch eine Zeit lang bei der Integration zu begleiten. Wir w\u00fcnschen ihnen alles Gute und viel Erfolg f\u00fcr die Zukunft.\u00bb<\/p>\n<p>Gregory Oswald, seit 2015 bei Franke t\u00e4tig und zuletzt Gesch\u00e4ftsf\u00fchrer der DACH-Region f\u00fcr Franke Home Solutions, freut sich auf die neue Herausforderung: \u00abIch bin stolz, die Verantwortung f\u00fcr zwei so renommierte Marken zu \u00fcbernehmen, und freue mich darauf, gemeinsam mit den Teams die zuk\u00fcnftige Entwicklung voran-zutreiben.\u00bb<\/p>\n<p>Irina Leutwyler betont: \u00abIch bedauere, dass ich die Franke Gruppe aus pers\u00f6nlichen Gr\u00fcnden verlassen muss und freue mich noch auf die kommenden Monate, um im Rahmen der Integration die ersten Weichen gemeinsam mit Gregory Oswald und Robert Brandon f\u00fcr eine langfristige Fortf\u00fchrung und Weiterentwicklung von Wesco und Berbel stellen zu d\u00fcrfen.\u00bb<\/p>\n<p>Die bisherigen Aufgaben von Gregory Oswald als Cluster Head DACH werden interimistisch von Corrado Mura, Vice President Home Solutions EMEA, \u00fcbernommen.<\/p>\n<p><em>Quelle: <a href=\"https:\/\/www.franke.com\/ch\/de\/home.html\">www.franke.com<\/a><\/em><\/p>\n","protected":false},"excerpt":{"rendered":"<p>Das Management von Franke Home Solutions hat Gregory Oswald zum neuen Gesch\u00e4ftsf\u00fchrer der Tochtergesellschaften Wesco AG und Berbel Ablufttechnik GmbH ernannt. Er folgt auf Irina Leutwyler (Wesco) und Robert Brandon (Berbel), die das Unternehmen verlassen, um sich neuen beruflichen Herausforderungen zu widmen.<\/p>\n","protected":false},"author":80,"featured_media":35216,"comment_status":"closed","ping_status":"closed","sticky":false,"template":"","format":"standard","meta":{"_acf_changed":false,"_yoast_wpseo_focuskw":"Gregory Oswald","_yoast_wpseo_metadesc":"Gregory Oswald wird neuer Gesch\u00e4ftsf\u00fchrer von Wesco AG und Berbel GmbH. Er folgt auf Irina Leutwyler und Robert Brandon.","articlekey":"","footnotes":""},"categories":[28],"tags":[4299,3393,238,492,4301],"class_list":["post-35211","post","type-post","status-publish","format-standard","has-post-thumbnail","hentry","category-management","tag-dach-region","tag-franke","tag-geschaeftsfuehrung","tag-unternehmen","tag-wechsel"],"acf":[],"yoast_head":"<!-- This site is optimized with the Yoast SEO plugin v27.4 - https:\/\/yoast.com\/product\/yoast-seo-wordpress\/ -->\n<title>Gregory Oswald wird neuer Gesch\u00e4ftsf\u00fchrer bei Wesco und Berbel - Organisator<\/title>\n<meta name=\"description\" content=\"Gregory Oswald wird neuer Gesch\u00e4ftsf\u00fchrer von Wesco AG und Berbel GmbH. Er folgt auf Irina Leutwyler und Robert Brandon.\" \/>\n<meta name=\"robots\" content=\"index, follow, max-snippet:-1, max-image-preview:large, max-video-preview:-1\" \/>\n<link rel=\"canonical\" href=\"https:\/\/www.organisator.ch\/de\/management\/2025-01-14\/gregory-oswald-wird-neuer-geschaeftsfuehrer-bei-wesco-und-berbel\/\" \/>\n<meta property=\"og:locale\" content=\"de_DE\" \/>\n<meta property=\"og:type\" content=\"article\" \/>\n<meta property=\"og:title\" content=\"Gregory Oswald wird neuer Gesch\u00e4ftsf\u00fchrer bei Wesco und Berbel\" \/>\n<meta property=\"og:description\" content=\"Gregory Oswald wird neuer Gesch\u00e4ftsf\u00fchrer von Wesco AG und Berbel GmbH. Er folgt auf Irina Leutwyler und Robert Brandon.\" \/>\n<meta property=\"og:url\" content=\"https:\/\/www.organisator.ch\/de\/management\/2025-01-14\/gregory-oswald-wird-neuer-geschaeftsfuehrer-bei-wesco-und-berbel\/\" \/>\n<meta property=\"og:site_name\" content=\"Organisator\" \/>\n<meta property=\"article:publisher\" content=\"https:\/\/www.facebook.com\/OrganisatorFachmagazin\" \/>\n<meta property=\"article:published_time\" content=\"2025-01-14T07:04:38+00:00\" \/>\n<meta property=\"article:modified_time\" content=\"2025-01-14T07:07:14+00:00\" \/>\n<meta property=\"og:image\" content=\"https:\/\/www.organisator.ch\/wp-content\/uploads\/2025\/01\/Wesco_Bild1_ps-1.jpg\" \/>\n\t<meta property=\"og:image:width\" content=\"544\" \/>\n\t<meta property=\"og:image:height\" content=\"338\" \/>\n\t<meta property=\"og:image:type\" content=\"image\/jpeg\" \/>\n<meta name=\"author\" content=\"Dzana Muminovic\" \/>\n<meta name=\"twitter:card\" content=\"summary_large_image\" \/>\n<meta name=\"twitter:title\" content=\"Gregory Oswald wird neuer Gesch\u00e4ftsf\u00fchrer bei Wesco und Berbel\" \/>\n<meta name=\"twitter:description\" content=\"#Gregory #Oswald wird neuer #Gesch\u00e4ftsf\u00fchrer von #Wesco AG und #Berbel GmbH. Er folgt auf #Irina #Leutwyler und #Robert #Brandon.\" \/>\n<meta name=\"twitter:image\" content=\"https:\/\/www.organisator.ch\/wp-content\/uploads\/2025\/01\/Wesco_Bild1_ps-1.jpg\" \/>\n<script type=\"application\/ld+json\" class=\"yoast-schema-graph\">{\"@context\":\"https:\\\/\\\/schema.org\",\"@graph\":[{\"@type\":\"Article\",\"@id\":\"https:\\\/\\\/www.organisator.ch\\\/management\\\/2025-01-14\\\/gregory-oswald-wird-neuer-geschaeftsfuehrer-bei-wesco-und-berbel\\\/#article\",\"isPartOf\":{\"@id\":\"https:\\\/\\\/www.organisator.ch\\\/management\\\/2025-01-14\\\/gregory-oswald-wird-neuer-geschaeftsfuehrer-bei-wesco-und-berbel\\\/\"},\"author\":{\"name\":\"Dzana Muminovic\",\"@id\":\"https:\\\/\\\/www.organisator.ch\\\/#\\\/schema\\\/person\\\/afccda3a71c06d4be2ed9100dd163db7\"},\"headline\":\"Gregory Oswald wird neuer Gesch\u00e4ftsf\u00fchrer bei Wesco und Berbel\",\"datePublished\":\"2025-01-14T07:04:38+00:00\",\"dateModified\":\"2025-01-14T07:07:14+00:00\",\"mainEntityOfPage\":{\"@id\":\"https:\\\/\\\/www.organisator.ch\\\/management\\\/2025-01-14\\\/gregory-oswald-wird-neuer-geschaeftsfuehrer-bei-wesco-und-berbel\\\/\"},\"wordCount\":317,\"publisher\":{\"@id\":\"https:\\\/\\\/www.organisator.ch\\\/#organization\"},\"image\":{\"@id\":\"https:\\\/\\\/www.organisator.ch\\\/management\\\/2025-01-14\\\/gregory-oswald-wird-neuer-geschaeftsfuehrer-bei-wesco-und-berbel\\\/#primaryimage\"},\"thumbnailUrl\":\"https:\\\/\\\/www.organisator.ch\\\/wp-content\\\/uploads\\\/2025\\\/01\\\/Wesco_Bild1_ps-1.jpg\",\"keywords\":[\"DACH-Region\",\"Franke\",\"Gesch\u00e4ftsf\u00fchrung\",\"Unternehmen\",\"Wechsel\"],\"articleSection\":[\"MANAGEMENT\"],\"inLanguage\":\"de\"},{\"@type\":\"WebPage\",\"@id\":\"https:\\\/\\\/www.organisator.ch\\\/management\\\/2025-01-14\\\/gregory-oswald-wird-neuer-geschaeftsfuehrer-bei-wesco-und-berbel\\\/\",\"url\":\"https:\\\/\\\/www.organisator.ch\\\/management\\\/2025-01-14\\\/gregory-oswald-wird-neuer-geschaeftsfuehrer-bei-wesco-und-berbel\\\/\",\"name\":\"Gregory Oswald wird neuer Gesch\u00e4ftsf\u00fchrer bei Wesco und Berbel - Organisator\",\"isPartOf\":{\"@id\":\"https:\\\/\\\/www.organisator.ch\\\/#website\"},\"primaryImageOfPage\":{\"@id\":\"https:\\\/\\\/www.organisator.ch\\\/management\\\/2025-01-14\\\/gregory-oswald-wird-neuer-geschaeftsfuehrer-bei-wesco-und-berbel\\\/#primaryimage\"},\"image\":{\"@id\":\"https:\\\/\\\/www.organisator.ch\\\/management\\\/2025-01-14\\\/gregory-oswald-wird-neuer-geschaeftsfuehrer-bei-wesco-und-berbel\\\/#primaryimage\"},\"thumbnailUrl\":\"https:\\\/\\\/www.organisator.ch\\\/wp-content\\\/uploads\\\/2025\\\/01\\\/Wesco_Bild1_ps-1.jpg\",\"datePublished\":\"2025-01-14T07:04:38+00:00\",\"dateModified\":\"2025-01-14T07:07:14+00:00\",\"description\":\"Gregory Oswald wird neuer Gesch\u00e4ftsf\u00fchrer von Wesco AG und Berbel GmbH. Er folgt auf Irina Leutwyler und Robert Brandon.\",\"breadcrumb\":{\"@id\":\"https:\\\/\\\/www.organisator.ch\\\/management\\\/2025-01-14\\\/gregory-oswald-wird-neuer-geschaeftsfuehrer-bei-wesco-und-berbel\\\/#breadcrumb\"},\"inLanguage\":\"de\",\"potentialAction\":[{\"@type\":\"ReadAction\",\"target\":[\"https:\\\/\\\/www.organisator.ch\\\/management\\\/2025-01-14\\\/gregory-oswald-wird-neuer-geschaeftsfuehrer-bei-wesco-und-berbel\\\/\"]}]},{\"@type\":\"ImageObject\",\"inLanguage\":\"de\",\"@id\":\"https:\\\/\\\/www.organisator.ch\\\/management\\\/2025-01-14\\\/gregory-oswald-wird-neuer-geschaeftsfuehrer-bei-wesco-und-berbel\\\/#primaryimage\",\"url\":\"https:\\\/\\\/www.organisator.ch\\\/wp-content\\\/uploads\\\/2025\\\/01\\\/Wesco_Bild1_ps-1.jpg\",\"contentUrl\":\"https:\\\/\\\/www.organisator.ch\\\/wp-content\\\/uploads\\\/2025\\\/01\\\/Wesco_Bild1_ps-1.jpg\",\"width\":544,\"height\":338,\"caption\":\"Gregory Oswald, neuer Gesch\u00e4ftsf\u00fchrer von Wesco und Berbel bei Franke Home Solutions. (Bild: www.franke.com)\"},{\"@type\":\"BreadcrumbList\",\"@id\":\"https:\\\/\\\/www.organisator.ch\\\/management\\\/2025-01-14\\\/gregory-oswald-wird-neuer-geschaeftsfuehrer-bei-wesco-und-berbel\\\/#breadcrumb\",\"itemListElement\":[{\"@type\":\"ListItem\",\"position\":1,\"name\":\"Home\",\"item\":\"https:\\\/\\\/www.organisator.ch\\\/\"},{\"@type\":\"ListItem\",\"position\":2,\"name\":\"Gregory Oswald wird neuer Gesch\u00e4ftsf\u00fchrer bei Wesco und Berbel\"}]},{\"@type\":\"WebSite\",\"@id\":\"https:\\\/\\\/www.organisator.ch\\\/#website\",\"url\":\"https:\\\/\\\/www.organisator.ch\\\/\",\"name\":\"Organisator\",\"description\":\"Kompetent. Praxisnah. Der ORGANISATOR bereitet in 10 Ausgaben pro Jahr die wesentlichen Themen f\u00fcr F\u00fchrungskr\u00e4fte von KMU auf.\",\"publisher\":{\"@id\":\"https:\\\/\\\/www.organisator.ch\\\/#organization\"},\"potentialAction\":[{\"@type\":\"SearchAction\",\"target\":{\"@type\":\"EntryPoint\",\"urlTemplate\":\"https:\\\/\\\/www.organisator.ch\\\/?s={search_term_string}\"},\"query-input\":{\"@type\":\"PropertyValueSpecification\",\"valueRequired\":true,\"valueName\":\"search_term_string\"}}],\"inLanguage\":\"de\"},{\"@type\":\"Organization\",\"@id\":\"https:\\\/\\\/www.organisator.ch\\\/#organization\",\"name\":\"Organisator\",\"url\":\"https:\\\/\\\/www.organisator.ch\\\/\",\"logo\":{\"@type\":\"ImageObject\",\"inLanguage\":\"de\",\"@id\":\"https:\\\/\\\/www.organisator.ch\\\/#\\\/schema\\\/logo\\\/image\\\/\",\"url\":\"https:\\\/\\\/www.organisator.ch\\\/wp-content\\\/uploads\\\/2022\\\/01\\\/Logo_Organisator_Website.png\",\"contentUrl\":\"https:\\\/\\\/www.organisator.ch\\\/wp-content\\\/uploads\\\/2022\\\/01\\\/Logo_Organisator_Website.png\",\"width\":800,\"height\":77,\"caption\":\"Organisator\"},\"image\":{\"@id\":\"https:\\\/\\\/www.organisator.ch\\\/#\\\/schema\\\/logo\\\/image\\\/\"},\"sameAs\":[\"https:\\\/\\\/www.facebook.com\\\/OrganisatorFachmagazin\",\"https:\\\/\\\/www.linkedin.com\\\/showcase\\\/organisator-das-magazin-fr-kmu\",\"https:\\\/\\\/www.xing.com\\\/news\\\/pages\\\/organisator-ch-695\",\"https:\\\/\\\/www.youtube.com\\\/channel\\\/UCGP2Sq0iWaZwT3BdIAQFYpw\"]},{\"@type\":\"Person\",\"@id\":\"https:\\\/\\\/www.organisator.ch\\\/#\\\/schema\\\/person\\\/afccda3a71c06d4be2ed9100dd163db7\",\"name\":\"Dzana Muminovic\",\"image\":{\"@type\":\"ImageObject\",\"inLanguage\":\"de\",\"@id\":\"https:\\\/\\\/secure.gravatar.com\\\/avatar\\\/909c5c71aff4b38e88686f2ab2f1ba152571f394f41ed8bae431ea56ced93050?s=96&d=mm&r=g\",\"url\":\"https:\\\/\\\/secure.gravatar.com\\\/avatar\\\/909c5c71aff4b38e88686f2ab2f1ba152571f394f41ed8bae431ea56ced93050?s=96&d=mm&r=g\",\"contentUrl\":\"https:\\\/\\\/secure.gravatar.com\\\/avatar\\\/909c5c71aff4b38e88686f2ab2f1ba152571f394f41ed8bae431ea56ced93050?s=96&d=mm&r=g\",\"caption\":\"Dzana Muminovic\"},\"url\":\"https:\\\/\\\/www.organisator.ch\\\/de\\\/author\\\/dzana-muminovic\\\/\"}]}<\/script>\n<!-- \/ Yoast SEO plugin. -->","yoast_head_json":{"title":"Gregory Oswald wird neuer Gesch\u00e4ftsf\u00fchrer bei Wesco und Berbel - Organisator","description":"Gregory Oswald wird neuer Gesch\u00e4ftsf\u00fchrer von Wesco AG und Berbel GmbH. Er folgt auf Irina Leutwyler und Robert Brandon.","robots":{"index":"index","follow":"follow","max-snippet":"max-snippet:-1","max-image-preview":"max-image-preview:large","max-video-preview":"max-video-preview:-1"},"canonical":"https:\/\/www.organisator.ch\/de\/management\/2025-01-14\/gregory-oswald-wird-neuer-geschaeftsfuehrer-bei-wesco-und-berbel\/","og_locale":"de_DE","og_type":"article","og_title":"Gregory Oswald wird neuer Gesch\u00e4ftsf\u00fchrer bei Wesco und Berbel","og_description":"Gregory Oswald wird neuer Gesch\u00e4ftsf\u00fchrer von Wesco AG und Berbel GmbH. Er folgt auf Irina Leutwyler und Robert Brandon.","og_url":"https:\/\/www.organisator.ch\/de\/management\/2025-01-14\/gregory-oswald-wird-neuer-geschaeftsfuehrer-bei-wesco-und-berbel\/","og_site_name":"Organisator","article_publisher":"https:\/\/www.facebook.com\/OrganisatorFachmagazin","article_published_time":"2025-01-14T07:04:38+00:00","article_modified_time":"2025-01-14T07:07:14+00:00","og_image":[{"width":544,"height":338,"url":"https:\/\/www.organisator.ch\/wp-content\/uploads\/2025\/01\/Wesco_Bild1_ps-1.jpg","type":"image\/jpeg"}],"author":"Dzana Muminovic","twitter_card":"summary_large_image","twitter_title":"Gregory Oswald wird neuer Gesch\u00e4ftsf\u00fchrer bei Wesco und Berbel","twitter_description":"#Gregory #Oswald wird neuer #Gesch\u00e4ftsf\u00fchrer von #Wesco AG und #Berbel GmbH. Er folgt auf #Irina #Leutwyler und #Robert #Brandon.","twitter_image":"https:\/\/www.organisator.ch\/wp-content\/uploads\/2025\/01\/Wesco_Bild1_ps-1.jpg","schema":{"@context":"https:\/\/schema.org","@graph":[{"@type":"Article","@id":"https:\/\/www.organisator.ch\/management\/2025-01-14\/gregory-oswald-wird-neuer-geschaeftsfuehrer-bei-wesco-und-berbel\/#article","isPartOf":{"@id":"https:\/\/www.organisator.ch\/management\/2025-01-14\/gregory-oswald-wird-neuer-geschaeftsfuehrer-bei-wesco-und-berbel\/"},"author":{"name":"Dzana Muminovic","@id":"https:\/\/www.organisator.ch\/#\/schema\/person\/afccda3a71c06d4be2ed9100dd163db7"},"headline":"Gregory Oswald wird neuer Gesch\u00e4ftsf\u00fchrer bei Wesco und Berbel","datePublished":"2025-01-14T07:04:38+00:00","dateModified":"2025-01-14T07:07:14+00:00","mainEntityOfPage":{"@id":"https:\/\/www.organisator.ch\/management\/2025-01-14\/gregory-oswald-wird-neuer-geschaeftsfuehrer-bei-wesco-und-berbel\/"},"wordCount":317,"publisher":{"@id":"https:\/\/www.organisator.ch\/#organization"},"image":{"@id":"https:\/\/www.organisator.ch\/management\/2025-01-14\/gregory-oswald-wird-neuer-geschaeftsfuehrer-bei-wesco-und-berbel\/#primaryimage"},"thumbnailUrl":"https:\/\/www.organisator.ch\/wp-content\/uploads\/2025\/01\/Wesco_Bild1_ps-1.jpg","keywords":["DACH-Region","Franke","Gesch\u00e4ftsf\u00fchrung","Unternehmen","Wechsel"],"articleSection":["MANAGEMENT"],"inLanguage":"de"},{"@type":"WebPage","@id":"https:\/\/www.organisator.ch\/management\/2025-01-14\/gregory-oswald-wird-neuer-geschaeftsfuehrer-bei-wesco-und-berbel\/","url":"https:\/\/www.organisator.ch\/management\/2025-01-14\/gregory-oswald-wird-neuer-geschaeftsfuehrer-bei-wesco-und-berbel\/","name":"Gregory Oswald wird neuer Gesch\u00e4ftsf\u00fchrer bei Wesco und Berbel - Organisator","isPartOf":{"@id":"https:\/\/www.organisator.ch\/#website"},"primaryImageOfPage":{"@id":"https:\/\/www.organisator.ch\/management\/2025-01-14\/gregory-oswald-wird-neuer-geschaeftsfuehrer-bei-wesco-und-berbel\/#primaryimage"},"image":{"@id":"https:\/\/www.organisator.ch\/management\/2025-01-14\/gregory-oswald-wird-neuer-geschaeftsfuehrer-bei-wesco-und-berbel\/#primaryimage"},"thumbnailUrl":"https:\/\/www.organisator.ch\/wp-content\/uploads\/2025\/01\/Wesco_Bild1_ps-1.jpg","datePublished":"2025-01-14T07:04:38+00:00","dateModified":"2025-01-14T07:07:14+00:00","description":"Gregory Oswald wird neuer Gesch\u00e4ftsf\u00fchrer von Wesco AG und Berbel GmbH. Er folgt auf Irina Leutwyler und Robert Brandon.","breadcrumb":{"@id":"https:\/\/www.organisator.ch\/management\/2025-01-14\/gregory-oswald-wird-neuer-geschaeftsfuehrer-bei-wesco-und-berbel\/#breadcrumb"},"inLanguage":"de","potentialAction":[{"@type":"ReadAction","target":["https:\/\/www.organisator.ch\/management\/2025-01-14\/gregory-oswald-wird-neuer-geschaeftsfuehrer-bei-wesco-und-berbel\/"]}]},{"@type":"ImageObject","inLanguage":"de","@id":"https:\/\/www.organisator.ch\/management\/2025-01-14\/gregory-oswald-wird-neuer-geschaeftsfuehrer-bei-wesco-und-berbel\/#primaryimage","url":"https:\/\/www.organisator.ch\/wp-content\/uploads\/2025\/01\/Wesco_Bild1_ps-1.jpg","contentUrl":"https:\/\/www.organisator.ch\/wp-content\/uploads\/2025\/01\/Wesco_Bild1_ps-1.jpg","width":544,"height":338,"caption":"Gregory Oswald, neuer Gesch\u00e4ftsf\u00fchrer von Wesco und Berbel bei Franke Home Solutions. (Bild: www.franke.com)"},{"@type":"BreadcrumbList","@id":"https:\/\/www.organisator.ch\/management\/2025-01-14\/gregory-oswald-wird-neuer-geschaeftsfuehrer-bei-wesco-und-berbel\/#breadcrumb","itemListElement":[{"@type":"ListItem","position":1,"name":"Home","item":"https:\/\/www.organisator.ch\/"},{"@type":"ListItem","position":2,"name":"Gregory Oswald wird neuer Gesch\u00e4ftsf\u00fchrer bei Wesco und Berbel"}]},{"@type":"WebSite","@id":"https:\/\/www.organisator.ch\/#website","url":"https:\/\/www.organisator.ch\/","name":"Organisator","description":"Kompetent. Praxisnah. Der ORGANISATOR bereitet in 10 Ausgaben pro Jahr die wesentlichen Themen f\u00fcr F\u00fchrungskr\u00e4fte von KMU auf.","publisher":{"@id":"https:\/\/www.organisator.ch\/#organization"},"potentialAction":[{"@type":"SearchAction","target":{"@type":"EntryPoint","urlTemplate":"https:\/\/www.organisator.ch\/?s={search_term_string}"},"query-input":{"@type":"PropertyValueSpecification","valueRequired":true,"valueName":"search_term_string"}}],"inLanguage":"de"},{"@type":"Organization","@id":"https:\/\/www.organisator.ch\/#organization","name":"Organisator","url":"https:\/\/www.organisator.ch\/","logo":{"@type":"ImageObject","inLanguage":"de","@id":"https:\/\/www.organisator.ch\/#\/schema\/logo\/image\/","url":"https:\/\/www.organisator.ch\/wp-content\/uploads\/2022\/01\/Logo_Organisator_Website.png","contentUrl":"https:\/\/www.organisator.ch\/wp-content\/uploads\/2022\/01\/Logo_Organisator_Website.png","width":800,"height":77,"caption":"Organisator"},"image":{"@id":"https:\/\/www.organisator.ch\/#\/schema\/logo\/image\/"},"sameAs":["https:\/\/www.facebook.com\/OrganisatorFachmagazin","https:\/\/www.linkedin.com\/showcase\/organisator-das-magazin-fr-kmu","https:\/\/www.xing.com\/news\/pages\/organisator-ch-695","https:\/\/www.youtube.com\/channel\/UCGP2Sq0iWaZwT3BdIAQFYpw"]},{"@type":"Person","@id":"https:\/\/www.organisator.ch\/#\/schema\/person\/afccda3a71c06d4be2ed9100dd163db7","name":"Dzana Muminovic","image":{"@type":"ImageObject","inLanguage":"de","@id":"https:\/\/secure.gravatar.com\/avatar\/909c5c71aff4b38e88686f2ab2f1ba152571f394f41ed8bae431ea56ced93050?s=96&d=mm&r=g","url":"https:\/\/secure.gravatar.com\/avatar\/909c5c71aff4b38e88686f2ab2f1ba152571f394f41ed8bae431ea56ced93050?s=96&d=mm&r=g","contentUrl":"https:\/\/secure.gravatar.com\/avatar\/909c5c71aff4b38e88686f2ab2f1ba152571f394f41ed8bae431ea56ced93050?s=96&d=mm&r=g","caption":"Dzana Muminovic"},"url":"https:\/\/www.organisator.ch\/de\/author\/dzana-muminovic\/"}]}},"_links":{"self":[{"href":"https:\/\/www.organisator.ch\/de\/wp-json\/wp\/v2\/posts\/35211","targetHints":{"allow":["GET"]}}],"collection":[{"href":"https:\/\/www.organisator.ch\/de\/wp-json\/wp\/v2\/posts"}],"about":[{"href":"https:\/\/www.organisator.ch\/de\/wp-json\/wp\/v2\/types\/post"}],"author":[{"embeddable":true,"href":"https:\/\/www.organisator.ch\/de\/wp-json\/wp\/v2\/users\/80"}],"replies":[{"embeddable":true,"href":"https:\/\/www.organisator.ch\/de\/wp-json\/wp\/v2\/comments?post=35211"}],"version-history":[{"count":4,"href":"https:\/\/www.organisator.ch\/de\/wp-json\/wp\/v2\/posts\/35211\/revisions"}],"predecessor-version":[{"id":35217,"href":"https:\/\/www.organisator.ch\/de\/wp-json\/wp\/v2\/posts\/35211\/revisions\/35217"}],"wp:featuredmedia":[{"embeddable":true,"href":"https:\/\/www.organisator.ch\/de\/wp-json\/wp\/v2\/media\/35216"}],"wp:attachment":[{"href":"https:\/\/www.organisator.ch\/de\/wp-json\/wp\/v2\/media?parent=35211"}],"wp:term":[{"taxonomy":"category","embeddable":true,"href":"https:\/\/www.organisator.ch\/de\/wp-json\/wp\/v2\/categories?post=35211"},{"taxonomy":"post_tag","embeddable":true,"href":"https:\/\/www.organisator.ch\/de\/wp-json\/wp\/v2\/tags?post=35211"}],"curies":[{"name":"wp","href":"https:\/\/api.w.org\/{rel}","templated":true}]}}