{"id":353,"date":"2016-05-19T16:08:55","date_gmt":"2016-05-19T14:08:55","guid":{"rendered":"https:\/\/dev.umweltperspektiven.ch\/?p=353"},"modified":"2016-05-19T16:08:55","modified_gmt":"2016-05-19T14:08:55","slug":"zusaetzliche-mittel-fuer-die-biodiversitaet","status":"publish","type":"post","link":"https:\/\/www.organisator.ch\/de\/allgemein\/2016-05-19\/zusaetzliche-mittel-fuer-die-biodiversitaet\/","title":{"rendered":"Zus\u00e4tzliche Mittel f\u00fcr die Biodiversit\u00e4t"},"content":{"rendered":"<figure id=\"attachment_354\" aria-describedby=\"caption-attachment-354\" style=\"width: 680px\" class=\"wp-caption alignnone\"><a href=\"\/\/dev.umweltperspektiven.ch\/wp-content\/uploads\/2016\/12\/Zus\u00e4tzliche-Mittel-f\u00fcr-die-Biodiversit\u00e4t-umweltperspektiven.jpg\"><img loading=\"lazy\" decoding=\"async\" class=\"size-medium wp-image-354\" src=\"\/\/dev.umweltperspektiven.ch\/wp-content\/uploads\/2016\/12\/Zus\u00e4tzliche-Mittel-f\u00fcr-die-Biodiversit\u00e4t-umweltperspektiven.jpg\" alt=\"Die Gelder sollen unter anderem f\u00fcr die Biodiversit\u00e4t im Wald eingesetzt werden.\" width=\"680\" height=\"452\" \/><\/a><figcaption id=\"caption-attachment-354\" class=\"wp-caption-text\">Die Gelder sollen unter anderem f\u00fcr die Biodiversit\u00e4t im Wald eingesetzt werden.<\/figcaption><\/figure>\n<p>Die biologische Vielfalt und ihre Leistungen f\u00fcr Wirtschaft und Gesellschaft sind unter Druck. Die intensive Nutzung nat\u00fcrlicher Ressourcen durch Landwirtschaft, Mobilit\u00e4t, Siedlungsausdehnung und Freizeitaktivit\u00e4ten liessen seit 1900 die Fl\u00e4chen der Auen um 70%, der Moore um 80% und der Trockenwiesen und -weiden um 95% schrumpfen. Mehr als ein Drittel aller untersuchten Arten der Schweiz ist bedroht. Die zunehmende Verbreitung invasiver gebietsfremder Arten sowie der Klimawandel setzen die Biodiversit\u00e4t weiter unter Druck.<\/p>\n<p><strong>Sofortmassnahmen f\u00fcr die Biodiversit\u00e4t\u00a0<\/strong><\/p>\n<p>Der Bundesrat will dieser Entwicklung entgegenwirken und hat deshalb \u00a0in Erg\u00e4nzung der bestehenden Anstrengungen von Bund und Kantonen f\u00fcr die F\u00f6rderung der Biodiversit\u00e4t 80 Millionen aus dem Budget des BAFU umdisponiert sowie zus\u00e4tzlich 55 Millionen Franken gesprochen. Diese Mittel dienen dazu, die dringendsten Sanierungs- und Aufwertungsmassnahmen rasch anzugehen. Sie werden tranchenweise eingesetzt (2017: 20 Mio. CHF; 2018: 35 Mio. CHF; 2019 und 2020 je 40 Mio. CHF). Die Kantone werden sich in \u00e4hnlichem Umfang an der Finanzierung der dringlichen Massnahmen beteiligen.<\/p>\n<p>Diese Massnahmen haben zum Ziel, die Qualit\u00e4t der Biotope von nationaler Bedeutung zu verbessern und die Biodiversit\u00e4t im Wald zu f\u00f6rdern. Beispielsweise sollen alte, aber immer noch wirkungsvolle Drainagen und Entw\u00e4sserungsgr\u00e4ben aus Mooren entfernt, Massnahmen gegen problematische gebietsfremde Arten getroffen sowie Waldreservate oder Alt- und Totholzinseln zur Unterst\u00fctzung von Waldarten geschaffen werden. Derzeit besteht dringender Sanierungsbedarf bei 25% der Amphibienlaichgebiete, 30% der Auen, 80% der Hochmoore, 30% der Flachmoore und 20% der Trockenwiesen und -weiden. In der Waldbiodiversit\u00e4t sind schwerpunktm\u00e4ssig die F\u00f6rderung von Waldreservaten, von Alt- und Totholzinseln sowie von national priorit\u00e4ren Arten und Lebensr\u00e4umen vorgesehen.<\/p>\n<p><strong>Strategie der Schweiz zu invasiven gebietsfremden Arten<\/strong><\/p>\n<p>Die gesprochenen Mittel sollen auch zur Umsetzung von Massnahmen der Strategie zu invasiven gebietsfremden Arten eingesetzt werden. Diese hat der Bundesrat in Erf\u00fcllung des Postulats Vogler (Po. 13.3636) heute ebenfalls gutgeheissen, um die durch diese Arten verursachten Sch\u00e4den zu bek\u00e4mpfen und k\u00fcnftige zu verhindern. Invasive gebietsfremde Arten k\u00f6nnen sich negativ auf die Gesundheit von Mensch und Tier auswirken (etwa durch Allergien ausl\u00f6sende Pollen oder die \u00dcbertragung von Krankheiten), besonders empfindliche oder sch\u00fctzenswerte Lebensr\u00e4ume nachhaltig ver\u00e4ndern (beispielsweise durch Verdr\u00e4ngung gef\u00e4hrdeter einheimischer Pflanzenarten) oder Infrastrukturen sch\u00e4digen (z. B. durch Destabilisierung von D\u00e4mmen zum Hochwasserschutz). Teil der Umsetzung der Strategie ist die Harmonisierung und Anpassung der rechtlichen Grundlagen zu gebietsfremden Arten. Das UVEK hat nun den Auftrag, eine entsprechende Vorlage zu erarbeiten.<\/p>\n<p><strong>Aktionsplan zur Umsetzung der Strategie Biodiversit\u00e4t Schweiz<\/strong><\/p>\n<p>Mit seinen Entscheiden unterstreicht der Bundesrat seine Absicht, die Strategie Biodiversit\u00e4t Schweiz (SBS) umzusetzen und die darin formulierten Ziele zu erreichen. Er hat heute den Ergebnisbericht der Vorkonsultation zum Massnahmenkatalog Aktionsplan SBS zur Kenntnis genommen. Bis Ende Jahr erarbeitet das UVEK zuhanden des Bundesrates eine entsprechende Vernehmlassungsvorlage. Die SBS bildet die Grundlage zum langfristigen Erhalt einer reichhaltigen Biodiversit\u00e4t, welche sich gegen\u00fcber Ver\u00e4nderungen (z. B. Klimaerw\u00e4rmung) anpassungsf\u00e4hig zeigt. Zudem sollen auch k\u00fcnftige Generationen der Schweizer Bev\u00f6lkerung von den unentgeltlichen Leistungen der Biodiversit\u00e4t (etwa die Bereitstellung von Nahrung, sauberem Wasser, Energietr\u00e4gern oder genetischen Ressourcen) profitieren k\u00f6nnen.<\/p>\n","protected":false},"excerpt":{"rendered":"<p>Die biologische Vielfalt und ihre Leistungen f\u00fcr Wirtschaft und Gesellschaft sind unter Druck. Die intensive Nutzung nat\u00fcrlicher Ressourcen durch Landwirtschaft, Mobilit\u00e4t, Siedlungsausdehnung und Freizeitaktivit\u00e4ten liessen seit 1900 die Fl\u00e4chen der Auen um 70%, der Moore um 80% und der Trockenwiesen und -weiden um 95% schrumpfen. Mehr als ein Drittel aller untersuchten Arten der Schweiz ist [&hellip;]<\/p>\n","protected":false},"author":1,"featured_media":354,"comment_status":"open","ping_status":"open","sticky":false,"template":"","format":"standard","meta":{"_acf_changed":false,"_yoast_wpseo_focuskw":"Biodiversit\u00e4t","_yoast_wpseo_metadesc":"Der Bundesrat spricht f\u00fcr die n\u00e4chsten vier Jahre zus\u00e4tzliche 55 Millionen Franken f\u00fcr die Erhaltung der biologischen Vielfalt in der Schweiz.","articlekey":"","footnotes":""},"categories":[1],"tags":[829,841,100,1441,2499],"class_list":["post-353","post","type-post","status-publish","format-standard","has-post-thumbnail","hentry","category-allgemein","tag-biodiversitaet","tag-biologische-vielfalt","tag-bundesrat","tag-investition","tag-wald"],"acf":[],"yoast_head":"<!-- This site is optimized with the Yoast SEO plugin v27.4 - https:\/\/yoast.com\/product\/yoast-seo-wordpress\/ -->\n<title>Zus\u00e4tzliche Mittel f\u00fcr die Biodiversit\u00e4t - Organisator<\/title>\n<meta name=\"description\" content=\"Der Bundesrat spricht f\u00fcr die n\u00e4chsten vier Jahre zus\u00e4tzliche 55 Millionen Franken f\u00fcr die Erhaltung der biologischen Vielfalt in der Schweiz.\" \/>\n<meta name=\"robots\" content=\"index, follow, max-snippet:-1, max-image-preview:large, max-video-preview:-1\" \/>\n<link rel=\"canonical\" href=\"https:\/\/www.organisator.ch\/de\/allgemein\/2016-05-19\/zusaetzliche-mittel-fuer-die-biodiversitaet\/\" \/>\n<meta property=\"og:locale\" content=\"de_DE\" \/>\n<meta property=\"og:type\" content=\"article\" \/>\n<meta property=\"og:title\" content=\"Zus\u00e4tzliche Mittel f\u00fcr die Biodiversit\u00e4t - Organisator\" \/>\n<meta property=\"og:description\" content=\"Der Bundesrat spricht f\u00fcr die n\u00e4chsten vier Jahre zus\u00e4tzliche 55 Millionen Franken f\u00fcr die Erhaltung der biologischen Vielfalt in der Schweiz.\" \/>\n<meta property=\"og:url\" content=\"https:\/\/www.organisator.ch\/de\/allgemein\/2016-05-19\/zusaetzliche-mittel-fuer-die-biodiversitaet\/\" \/>\n<meta property=\"og:site_name\" content=\"Organisator\" \/>\n<meta property=\"article:publisher\" content=\"https:\/\/www.facebook.com\/OrganisatorFachmagazin\" \/>\n<meta property=\"article:published_time\" content=\"2016-05-19T14:08:55+00:00\" \/>\n<meta property=\"og:image\" content=\"https:\/\/www.organisator.ch\/wp-content\/uploads\/2016\/12\/Zusaetzliche-Mittel-fuer-die-Biodiversitaet-umweltperspektiven.jpg\" \/>\n\t<meta property=\"og:image:width\" content=\"1000\" \/>\n\t<meta property=\"og:image:height\" content=\"665\" \/>\n\t<meta property=\"og:image:type\" content=\"image\/jpeg\" \/>\n<meta name=\"author\" content=\"admin\" \/>\n<meta name=\"twitter:card\" content=\"summary_large_image\" \/>\n<script type=\"application\/ld+json\" class=\"yoast-schema-graph\">{\"@context\":\"https:\\\/\\\/schema.org\",\"@graph\":[{\"@type\":\"Article\",\"@id\":\"https:\\\/\\\/www.organisator.ch\\\/it\\\/generale\\\/2016-05-19\\\/zusaetzliche-mittel-fuer-die-biodiversitaet\\\/#article\",\"isPartOf\":{\"@id\":\"https:\\\/\\\/www.organisator.ch\\\/it\\\/generale\\\/2016-05-19\\\/zusaetzliche-mittel-fuer-die-biodiversitaet\\\/\"},\"author\":{\"name\":\"admin\",\"@id\":\"https:\\\/\\\/www.organisator.ch\\\/#\\\/schema\\\/person\\\/aa2bace6c5c5aad60102004a50c4eb1c\"},\"headline\":\"Zus\u00e4tzliche Mittel f\u00fcr die Biodiversit\u00e4t\",\"datePublished\":\"2016-05-19T14:08:55+00:00\",\"mainEntityOfPage\":{\"@id\":\"https:\\\/\\\/www.organisator.ch\\\/it\\\/generale\\\/2016-05-19\\\/zusaetzliche-mittel-fuer-die-biodiversitaet\\\/\"},\"wordCount\":538,\"commentCount\":0,\"publisher\":{\"@id\":\"https:\\\/\\\/www.organisator.ch\\\/#organization\"},\"image\":{\"@id\":\"https:\\\/\\\/www.organisator.ch\\\/it\\\/generale\\\/2016-05-19\\\/zusaetzliche-mittel-fuer-die-biodiversitaet\\\/#primaryimage\"},\"thumbnailUrl\":\"https:\\\/\\\/www.organisator.ch\\\/wp-content\\\/uploads\\\/2016\\\/12\\\/Zusaetzliche-Mittel-fuer-die-Biodiversitaet-umweltperspektiven.jpg\",\"keywords\":[\"Biodiversit\u00e4t\",\"biologische Vielfalt\",\"Bundesrat\",\"Investition\",\"Wald\"],\"inLanguage\":\"de\"},{\"@type\":\"WebPage\",\"@id\":\"https:\\\/\\\/www.organisator.ch\\\/it\\\/generale\\\/2016-05-19\\\/zusaetzliche-mittel-fuer-die-biodiversitaet\\\/\",\"url\":\"https:\\\/\\\/www.organisator.ch\\\/it\\\/generale\\\/2016-05-19\\\/zusaetzliche-mittel-fuer-die-biodiversitaet\\\/\",\"name\":\"Zus\u00e4tzliche Mittel f\u00fcr die Biodiversit\u00e4t - Organisator\",\"isPartOf\":{\"@id\":\"https:\\\/\\\/www.organisator.ch\\\/#website\"},\"primaryImageOfPage\":{\"@id\":\"https:\\\/\\\/www.organisator.ch\\\/it\\\/generale\\\/2016-05-19\\\/zusaetzliche-mittel-fuer-die-biodiversitaet\\\/#primaryimage\"},\"image\":{\"@id\":\"https:\\\/\\\/www.organisator.ch\\\/it\\\/generale\\\/2016-05-19\\\/zusaetzliche-mittel-fuer-die-biodiversitaet\\\/#primaryimage\"},\"thumbnailUrl\":\"https:\\\/\\\/www.organisator.ch\\\/wp-content\\\/uploads\\\/2016\\\/12\\\/Zusaetzliche-Mittel-fuer-die-Biodiversitaet-umweltperspektiven.jpg\",\"datePublished\":\"2016-05-19T14:08:55+00:00\",\"description\":\"Der Bundesrat spricht f\u00fcr die n\u00e4chsten vier Jahre zus\u00e4tzliche 55 Millionen Franken f\u00fcr die Erhaltung der biologischen Vielfalt in der Schweiz.\",\"breadcrumb\":{\"@id\":\"https:\\\/\\\/www.organisator.ch\\\/it\\\/generale\\\/2016-05-19\\\/zusaetzliche-mittel-fuer-die-biodiversitaet\\\/#breadcrumb\"},\"inLanguage\":\"de\",\"potentialAction\":[{\"@type\":\"ReadAction\",\"target\":[\"https:\\\/\\\/www.organisator.ch\\\/it\\\/generale\\\/2016-05-19\\\/zusaetzliche-mittel-fuer-die-biodiversitaet\\\/\"]}]},{\"@type\":\"ImageObject\",\"inLanguage\":\"de\",\"@id\":\"https:\\\/\\\/www.organisator.ch\\\/it\\\/generale\\\/2016-05-19\\\/zusaetzliche-mittel-fuer-die-biodiversitaet\\\/#primaryimage\",\"url\":\"https:\\\/\\\/www.organisator.ch\\\/wp-content\\\/uploads\\\/2016\\\/12\\\/Zusaetzliche-Mittel-fuer-die-Biodiversitaet-umweltperspektiven.jpg\",\"contentUrl\":\"https:\\\/\\\/www.organisator.ch\\\/wp-content\\\/uploads\\\/2016\\\/12\\\/Zusaetzliche-Mittel-fuer-die-Biodiversitaet-umweltperspektiven.jpg\",\"width\":1000,\"height\":665,\"caption\":\"Die Gelder sollen unter anderem f\u00fcr die Biodiversit\u00e4t im Wald eingesetzt werden.\"},{\"@type\":\"BreadcrumbList\",\"@id\":\"https:\\\/\\\/www.organisator.ch\\\/it\\\/generale\\\/2016-05-19\\\/zusaetzliche-mittel-fuer-die-biodiversitaet\\\/#breadcrumb\",\"itemListElement\":[{\"@type\":\"ListItem\",\"position\":1,\"name\":\"Home\",\"item\":\"https:\\\/\\\/www.organisator.ch\\\/\"},{\"@type\":\"ListItem\",\"position\":2,\"name\":\"Zus\u00e4tzliche Mittel f\u00fcr die Biodiversit\u00e4t\"}]},{\"@type\":\"WebSite\",\"@id\":\"https:\\\/\\\/www.organisator.ch\\\/#website\",\"url\":\"https:\\\/\\\/www.organisator.ch\\\/\",\"name\":\"Organisator\",\"description\":\"Kompetent. Praxisnah. Der ORGANISATOR bereitet in 10 Ausgaben pro Jahr die wesentlichen Themen f\u00fcr F\u00fchrungskr\u00e4fte von KMU auf.\",\"publisher\":{\"@id\":\"https:\\\/\\\/www.organisator.ch\\\/#organization\"},\"potentialAction\":[{\"@type\":\"SearchAction\",\"target\":{\"@type\":\"EntryPoint\",\"urlTemplate\":\"https:\\\/\\\/www.organisator.ch\\\/?s={search_term_string}\"},\"query-input\":{\"@type\":\"PropertyValueSpecification\",\"valueRequired\":true,\"valueName\":\"search_term_string\"}}],\"inLanguage\":\"de\"},{\"@type\":\"Organization\",\"@id\":\"https:\\\/\\\/www.organisator.ch\\\/#organization\",\"name\":\"Organisator\",\"url\":\"https:\\\/\\\/www.organisator.ch\\\/\",\"logo\":{\"@type\":\"ImageObject\",\"inLanguage\":\"de\",\"@id\":\"https:\\\/\\\/www.organisator.ch\\\/#\\\/schema\\\/logo\\\/image\\\/\",\"url\":\"https:\\\/\\\/www.organisator.ch\\\/wp-content\\\/uploads\\\/2022\\\/01\\\/Logo_Organisator_Website.png\",\"contentUrl\":\"https:\\\/\\\/www.organisator.ch\\\/wp-content\\\/uploads\\\/2022\\\/01\\\/Logo_Organisator_Website.png\",\"width\":800,\"height\":77,\"caption\":\"Organisator\"},\"image\":{\"@id\":\"https:\\\/\\\/www.organisator.ch\\\/#\\\/schema\\\/logo\\\/image\\\/\"},\"sameAs\":[\"https:\\\/\\\/www.facebook.com\\\/OrganisatorFachmagazin\",\"https:\\\/\\\/www.linkedin.com\\\/showcase\\\/organisator-das-magazin-fr-kmu\",\"https:\\\/\\\/www.xing.com\\\/news\\\/pages\\\/organisator-ch-695\",\"https:\\\/\\\/www.youtube.com\\\/channel\\\/UCGP2Sq0iWaZwT3BdIAQFYpw\"]},{\"@type\":\"Person\",\"@id\":\"https:\\\/\\\/www.organisator.ch\\\/#\\\/schema\\\/person\\\/aa2bace6c5c5aad60102004a50c4eb1c\",\"name\":\"admin\",\"image\":{\"@type\":\"ImageObject\",\"inLanguage\":\"de\",\"@id\":\"https:\\\/\\\/secure.gravatar.com\\\/avatar\\\/ae2f4d718e6c49043e314ce431e7e645d646302a24a5ef5a8bc8e3f5a032e319?s=96&d=mm&r=g\",\"url\":\"https:\\\/\\\/secure.gravatar.com\\\/avatar\\\/ae2f4d718e6c49043e314ce431e7e645d646302a24a5ef5a8bc8e3f5a032e319?s=96&d=mm&r=g\",\"contentUrl\":\"https:\\\/\\\/secure.gravatar.com\\\/avatar\\\/ae2f4d718e6c49043e314ce431e7e645d646302a24a5ef5a8bc8e3f5a032e319?s=96&d=mm&r=g\",\"caption\":\"admin\"},\"sameAs\":[\"https:\\\/\\\/www.organisator.ch\"],\"url\":\"https:\\\/\\\/www.organisator.ch\\\/de\\\/author\\\/admin\\\/\"}]}<\/script>\n<!-- \/ Yoast SEO plugin. -->","yoast_head_json":{"title":"Zus\u00e4tzliche Mittel f\u00fcr die Biodiversit\u00e4t - Organisator","description":"Der Bundesrat spricht f\u00fcr die n\u00e4chsten vier Jahre zus\u00e4tzliche 55 Millionen Franken f\u00fcr die Erhaltung der biologischen Vielfalt in der Schweiz.","robots":{"index":"index","follow":"follow","max-snippet":"max-snippet:-1","max-image-preview":"max-image-preview:large","max-video-preview":"max-video-preview:-1"},"canonical":"https:\/\/www.organisator.ch\/de\/allgemein\/2016-05-19\/zusaetzliche-mittel-fuer-die-biodiversitaet\/","og_locale":"de_DE","og_type":"article","og_title":"Zus\u00e4tzliche Mittel f\u00fcr die Biodiversit\u00e4t - Organisator","og_description":"Der Bundesrat spricht f\u00fcr die n\u00e4chsten vier Jahre zus\u00e4tzliche 55 Millionen Franken f\u00fcr die Erhaltung der biologischen Vielfalt in der Schweiz.","og_url":"https:\/\/www.organisator.ch\/de\/allgemein\/2016-05-19\/zusaetzliche-mittel-fuer-die-biodiversitaet\/","og_site_name":"Organisator","article_publisher":"https:\/\/www.facebook.com\/OrganisatorFachmagazin","article_published_time":"2016-05-19T14:08:55+00:00","og_image":[{"width":1000,"height":665,"url":"https:\/\/www.organisator.ch\/wp-content\/uploads\/2016\/12\/Zusaetzliche-Mittel-fuer-die-Biodiversitaet-umweltperspektiven.jpg","type":"image\/jpeg"}],"author":"admin","twitter_card":"summary_large_image","schema":{"@context":"https:\/\/schema.org","@graph":[{"@type":"Article","@id":"https:\/\/www.organisator.ch\/it\/generale\/2016-05-19\/zusaetzliche-mittel-fuer-die-biodiversitaet\/#article","isPartOf":{"@id":"https:\/\/www.organisator.ch\/it\/generale\/2016-05-19\/zusaetzliche-mittel-fuer-die-biodiversitaet\/"},"author":{"name":"admin","@id":"https:\/\/www.organisator.ch\/#\/schema\/person\/aa2bace6c5c5aad60102004a50c4eb1c"},"headline":"Zus\u00e4tzliche Mittel f\u00fcr die Biodiversit\u00e4t","datePublished":"2016-05-19T14:08:55+00:00","mainEntityOfPage":{"@id":"https:\/\/www.organisator.ch\/it\/generale\/2016-05-19\/zusaetzliche-mittel-fuer-die-biodiversitaet\/"},"wordCount":538,"commentCount":0,"publisher":{"@id":"https:\/\/www.organisator.ch\/#organization"},"image":{"@id":"https:\/\/www.organisator.ch\/it\/generale\/2016-05-19\/zusaetzliche-mittel-fuer-die-biodiversitaet\/#primaryimage"},"thumbnailUrl":"https:\/\/www.organisator.ch\/wp-content\/uploads\/2016\/12\/Zusaetzliche-Mittel-fuer-die-Biodiversitaet-umweltperspektiven.jpg","keywords":["Biodiversit\u00e4t","biologische Vielfalt","Bundesrat","Investition","Wald"],"inLanguage":"de"},{"@type":"WebPage","@id":"https:\/\/www.organisator.ch\/it\/generale\/2016-05-19\/zusaetzliche-mittel-fuer-die-biodiversitaet\/","url":"https:\/\/www.organisator.ch\/it\/generale\/2016-05-19\/zusaetzliche-mittel-fuer-die-biodiversitaet\/","name":"Zus\u00e4tzliche Mittel f\u00fcr die Biodiversit\u00e4t - Organisator","isPartOf":{"@id":"https:\/\/www.organisator.ch\/#website"},"primaryImageOfPage":{"@id":"https:\/\/www.organisator.ch\/it\/generale\/2016-05-19\/zusaetzliche-mittel-fuer-die-biodiversitaet\/#primaryimage"},"image":{"@id":"https:\/\/www.organisator.ch\/it\/generale\/2016-05-19\/zusaetzliche-mittel-fuer-die-biodiversitaet\/#primaryimage"},"thumbnailUrl":"https:\/\/www.organisator.ch\/wp-content\/uploads\/2016\/12\/Zusaetzliche-Mittel-fuer-die-Biodiversitaet-umweltperspektiven.jpg","datePublished":"2016-05-19T14:08:55+00:00","description":"Der Bundesrat spricht f\u00fcr die n\u00e4chsten vier Jahre zus\u00e4tzliche 55 Millionen Franken f\u00fcr die Erhaltung der biologischen Vielfalt in der Schweiz.","breadcrumb":{"@id":"https:\/\/www.organisator.ch\/it\/generale\/2016-05-19\/zusaetzliche-mittel-fuer-die-biodiversitaet\/#breadcrumb"},"inLanguage":"de","potentialAction":[{"@type":"ReadAction","target":["https:\/\/www.organisator.ch\/it\/generale\/2016-05-19\/zusaetzliche-mittel-fuer-die-biodiversitaet\/"]}]},{"@type":"ImageObject","inLanguage":"de","@id":"https:\/\/www.organisator.ch\/it\/generale\/2016-05-19\/zusaetzliche-mittel-fuer-die-biodiversitaet\/#primaryimage","url":"https:\/\/www.organisator.ch\/wp-content\/uploads\/2016\/12\/Zusaetzliche-Mittel-fuer-die-Biodiversitaet-umweltperspektiven.jpg","contentUrl":"https:\/\/www.organisator.ch\/wp-content\/uploads\/2016\/12\/Zusaetzliche-Mittel-fuer-die-Biodiversitaet-umweltperspektiven.jpg","width":1000,"height":665,"caption":"Die Gelder sollen unter anderem f\u00fcr die Biodiversit\u00e4t im Wald eingesetzt werden."},{"@type":"BreadcrumbList","@id":"https:\/\/www.organisator.ch\/it\/generale\/2016-05-19\/zusaetzliche-mittel-fuer-die-biodiversitaet\/#breadcrumb","itemListElement":[{"@type":"ListItem","position":1,"name":"Home","item":"https:\/\/www.organisator.ch\/"},{"@type":"ListItem","position":2,"name":"Zus\u00e4tzliche Mittel f\u00fcr die Biodiversit\u00e4t"}]},{"@type":"WebSite","@id":"https:\/\/www.organisator.ch\/#website","url":"https:\/\/www.organisator.ch\/","name":"Organisator","description":"Kompetent. Praxisnah. Der ORGANISATOR bereitet in 10 Ausgaben pro Jahr die wesentlichen Themen f\u00fcr F\u00fchrungskr\u00e4fte von KMU auf.","publisher":{"@id":"https:\/\/www.organisator.ch\/#organization"},"potentialAction":[{"@type":"SearchAction","target":{"@type":"EntryPoint","urlTemplate":"https:\/\/www.organisator.ch\/?s={search_term_string}"},"query-input":{"@type":"PropertyValueSpecification","valueRequired":true,"valueName":"search_term_string"}}],"inLanguage":"de"},{"@type":"Organization","@id":"https:\/\/www.organisator.ch\/#organization","name":"Organisator","url":"https:\/\/www.organisator.ch\/","logo":{"@type":"ImageObject","inLanguage":"de","@id":"https:\/\/www.organisator.ch\/#\/schema\/logo\/image\/","url":"https:\/\/www.organisator.ch\/wp-content\/uploads\/2022\/01\/Logo_Organisator_Website.png","contentUrl":"https:\/\/www.organisator.ch\/wp-content\/uploads\/2022\/01\/Logo_Organisator_Website.png","width":800,"height":77,"caption":"Organisator"},"image":{"@id":"https:\/\/www.organisator.ch\/#\/schema\/logo\/image\/"},"sameAs":["https:\/\/www.facebook.com\/OrganisatorFachmagazin","https:\/\/www.linkedin.com\/showcase\/organisator-das-magazin-fr-kmu","https:\/\/www.xing.com\/news\/pages\/organisator-ch-695","https:\/\/www.youtube.com\/channel\/UCGP2Sq0iWaZwT3BdIAQFYpw"]},{"@type":"Person","@id":"https:\/\/www.organisator.ch\/#\/schema\/person\/aa2bace6c5c5aad60102004a50c4eb1c","name":"admin","image":{"@type":"ImageObject","inLanguage":"de","@id":"https:\/\/secure.gravatar.com\/avatar\/ae2f4d718e6c49043e314ce431e7e645d646302a24a5ef5a8bc8e3f5a032e319?s=96&d=mm&r=g","url":"https:\/\/secure.gravatar.com\/avatar\/ae2f4d718e6c49043e314ce431e7e645d646302a24a5ef5a8bc8e3f5a032e319?s=96&d=mm&r=g","contentUrl":"https:\/\/secure.gravatar.com\/avatar\/ae2f4d718e6c49043e314ce431e7e645d646302a24a5ef5a8bc8e3f5a032e319?s=96&d=mm&r=g","caption":"admin"},"sameAs":["https:\/\/www.organisator.ch"],"url":"https:\/\/www.organisator.ch\/de\/author\/admin\/"}]}},"_links":{"self":[{"href":"https:\/\/www.organisator.ch\/de\/wp-json\/wp\/v2\/posts\/353","targetHints":{"allow":["GET"]}}],"collection":[{"href":"https:\/\/www.organisator.ch\/de\/wp-json\/wp\/v2\/posts"}],"about":[{"href":"https:\/\/www.organisator.ch\/de\/wp-json\/wp\/v2\/types\/post"}],"author":[{"embeddable":true,"href":"https:\/\/www.organisator.ch\/de\/wp-json\/wp\/v2\/users\/1"}],"replies":[{"embeddable":true,"href":"https:\/\/www.organisator.ch\/de\/wp-json\/wp\/v2\/comments?post=353"}],"version-history":[{"count":0,"href":"https:\/\/www.organisator.ch\/de\/wp-json\/wp\/v2\/posts\/353\/revisions"}],"wp:featuredmedia":[{"embeddable":true,"href":"https:\/\/www.organisator.ch\/de\/wp-json\/wp\/v2\/media\/354"}],"wp:attachment":[{"href":"https:\/\/www.organisator.ch\/de\/wp-json\/wp\/v2\/media?parent=353"}],"wp:term":[{"taxonomy":"category","embeddable":true,"href":"https:\/\/www.organisator.ch\/de\/wp-json\/wp\/v2\/categories?post=353"},{"taxonomy":"post_tag","embeddable":true,"href":"https:\/\/www.organisator.ch\/de\/wp-json\/wp\/v2\/tags?post=353"}],"curies":[{"name":"wp","href":"https:\/\/api.w.org\/{rel}","templated":true}]}}