{"id":3531,"date":"2018-05-02T08:07:31","date_gmt":"2018-05-02T06:07:31","guid":{"rendered":"https:\/\/www.organisator.ch\/?p=3531"},"modified":"2018-05-02T08:07:31","modified_gmt":"2018-05-02T06:07:31","slug":"abschaltwelle-der-swisscom-laesst-internettelefonie-wachsen","status":"publish","type":"post","link":"https:\/\/www.organisator.ch\/de\/management\/it\/2018-05-02\/abschaltwelle-der-swisscom-laesst-internettelefonie-wachsen\/","title":{"rendered":"Abschaltwelle der Swisscom l\u00e4sst Internettelefonie wachsen"},"content":{"rendered":"<figure id=\"attachment_3532\" aria-describedby=\"caption-attachment-3532\" style=\"width: 479px\" class=\"wp-caption alignnone\"><img loading=\"lazy\" decoding=\"async\" class=\"size-full wp-image-3532\" src=\"https:\/\/www.organisator.ch\/wp-content\/uploads\/2018\/05\/Abschaltwelle-der-Swisscom-laesst-Internettelefonie-wachsen_Organisator.jpg\" alt=\"\" width=\"479\" height=\"640\" srcset=\"https:\/\/www.organisator.ch\/wp-content\/uploads\/2018\/05\/Abschaltwelle-der-Swisscom-laesst-Internettelefonie-wachsen_Organisator.jpg 479w, https:\/\/www.organisator.ch\/wp-content\/uploads\/2018\/05\/Abschaltwelle-der-Swisscom-laesst-Internettelefonie-wachsen_Organisator-9x12.jpg 9w, https:\/\/www.organisator.ch\/wp-content\/uploads\/2018\/05\/Abschaltwelle-der-Swisscom-laesst-Internettelefonie-wachsen_Organisator-131x175.jpg 131w, https:\/\/www.organisator.ch\/wp-content\/uploads\/2018\/05\/Abschaltwelle-der-Swisscom-laesst-Internettelefonie-wachsen_Organisator-262x350.jpg 262w, https:\/\/www.organisator.ch\/wp-content\/uploads\/2018\/05\/Abschaltwelle-der-Swisscom-laesst-Internettelefonie-wachsen_Organisator-300x401.jpg 300w\" sizes=\"auto, (max-width: 479px) 100vw, 479px\" \/><figcaption id=\"caption-attachment-3532\" class=\"wp-caption-text\">Matthias Oswald, Gesch\u00e4ftsf\u00fchrer von iWay, rechnet mit weiterhin starkem Wachstum bei der Internettelefonie. (Bild: zVg)<\/figcaption><\/figure>\n<p>iWay AG mit Sitz in Z\u00fcrich geh\u00f6rt zu den f\u00fchrenden Schweizer Internet Service Providern (ISP) f\u00fcr Privatpersonen sowie kleinere und mittlere Unternehmen. Das 1995 gegr\u00fcndete Unternehmen bietet massgeschneiderte L\u00f6sungen in den Bereichen Internet Access, VoIP-Telefonie, E-Mail, Hosting und Datacenter.\u00a0Seit einem Jahr ist iWay eine 100-prozentige Tochter der St.Gallisch-Appenzellischen Kraftwerke SAK. K\u00fcrzlich orientierte das Unternehmen \u00fcber seine aktuellen Wirtschaftszahlen und \u00fcber\u00a0neue Services und Dienstleistungen.<\/p>\n<h2>Internettelefonie als Wachstumsfeld<\/h2>\n<p>Megatrends wie Mobilit\u00e4t und Cloud Computing lasse das Bed\u00fcrfnis nach zuverl\u00e4ssiger Business-Kommunikation auch bei kleineren Unternehmen weiter wachsen, teilte iWay anl\u00e4sslich einer Medienkonferenz Mitte April mit. \u201eDie Akzeptanz f\u00fcr Unified Communication und moderne Zusammenarbeitsformen ist bereits deutlich wahrnehmbar st\u00e4rker geworden und wird insbesondere auch im Bereich der kleineren Unternehmen weiter zunehmen\u201c, sagt Gesch\u00e4ftsf\u00fchrer Matthias\u00a0Oswald. iWay werde deshalb verst\u00e4rkt auch von der Kombination von Telefonie, Meeting-L\u00f6sungen, Messaging und mobilem Verf\u00fcgbarkeits-Management bei K-Unternehmen profitieren. Dar\u00fcber hinaus erwartet Oswald durch den Umstieg auf \u201eAll IP\u201c bei Swisscom noch weit \u00fcber das laufende Jahr hinaus ein starkes Wachstum bei der Internettelefonie\u00a0VoIP. \u201eInternettelefonie wird bei uns auch mittelfristig ein \u00fcberdurchschnittliches Wachstumsfeld bleiben. Einerseits, weil die Abstellwelle bei Swisscom noch l\u00e4ngst nicht abgeschlossen ist. Andererseits, da viele Unternehmen sich momentan gar nicht um die Thematik k\u00fcmmern\u201c, so Oswald. Die Erfahrung zeige aber, dass nach dem \u201egezwungenen\u201c Wechsel auf Voice Over IP in vielen Firmen erst mit der Zeit das Bewusstsein entstehe, dass es bei der Internettelefonie attraktive Alternativen gebe. Spezifisch f\u00fcr KMU bietet iWay ein nach eigenen Angaben einzigartiges Produkt: Einen VoIP-Gateway, der einer bestehenden Telefonzentrale nachgeschaltet wird. Damit\u00a0muss ein Unternehmen seine bestehende Zentrale nicht aufw\u00e4ndig auswechseln, wird aber trotzdem VoIP-f\u00e4hig.<\/p>\n<h2>Einzigartiger Service f\u00fcr IT-Firmen<\/h2>\n<p>Ebenfalls starkes Wachstum verspricht sich iWay von \u201eVirtual ISP\u201c, einem innovativen und in der Schweiz einzigartigen Service f\u00fcr IT-Unternehmen. Als Virtual ISP kann jede IT-Firma f\u00fcr ihre Kunden auf einem speziellen Partnerportal automatisierte Fiber- und DSL-Bestellungen auf allen Stadtnetzen und dem Swisscom-Netz aufsetzen und verwalten. iWay-Wholesale-Partner sind damit in der Lage, ihren Kunden gegen\u00fcber unter eigenem Namen als ISP aufzutreten, ohne daf\u00fcr aufwendige Netzwerkverbindungen aufbauen und teure Vertr\u00e4ge mit Swisscom oder anderen Stadtnetzen abschliessen zu m\u00fcssen. iWay \u00fcbernimmt mit Virtual ISP dabei auf Wunsch von der Konfiguration der Kunden-Router, \u00fcber deren Versand bis hin zur Rechnungsstellung im Namen des Partners den gesamten Gesch\u00e4ftsprozess. \u201eMit Virtual ISP kann ab sofort jede IT-Firma Internetanbieter werden, ohne sich um netzwerktechnische Angelegenheiten k\u00fcmmern zu m\u00fcssen\u201c, sagt Oswald. Mitte des Jahres sollen schliesslich f\u00fcr Virtual ISP auch s\u00e4mtliche IP-Telefonie-Produkte verf\u00fcgbar gemacht werden.<\/p>\n<p><em>Informationen: <a href=\"http:\/\/www.iway.ch\">www.iway.ch<\/a><\/em><\/p>\n<p>&nbsp;<\/p>\n<p>&nbsp;<\/p>\n","protected":false},"excerpt":{"rendered":"<p>iWay AG mit Sitz in Z\u00fcrich geh\u00f6rt zu den f\u00fchrenden Schweizer Internet Service Providern (ISP) f\u00fcr Privatpersonen sowie kleinere und mittlere Unternehmen. Das 1995 gegr\u00fcndete Unternehmen bietet massgeschneiderte L\u00f6sungen in den Bereichen Internet Access, VoIP-Telefonie, E-Mail, Hosting und Datacenter.\u00a0Seit einem Jahr ist iWay eine 100-prozentige Tochter der St.Gallisch-Appenzellischen Kraftwerke SAK. K\u00fcrzlich orientierte das Unternehmen \u00fcber [&hellip;]<\/p>\n","protected":false},"author":4,"featured_media":3532,"comment_status":"open","ping_status":"open","sticky":false,"template":"","format":"standard","meta":{"_acf_changed":false,"_yoast_wpseo_focuskw":"Internettelefonie","_yoast_wpseo_metadesc":"Der Internet Service Provider (ISP) iWay konnte im Gesch\u00e4ftsjahr 2017 seinen Umsatz von 15,9 um 34 Prozent auf 21,3 Millionen Franken steigern. F\u00fcr das laufende Jahr rechnet iWay-Gesch\u00e4ftsf\u00fchrer Matthias Oswald wieder mit einem ausgezeichneten Jahr.","articlekey":"","footnotes":""},"categories":[27],"tags":[123,286,393,492],"class_list":["post-3531","post","type-post","status-publish","format-standard","has-post-thumbnail","hentry","category-it","tag-cloud-computing","tag-it","tag-produkte","tag-unternehmen"],"acf":[],"yoast_head":"<!-- This site is optimized with the Yoast SEO plugin v27.5 - https:\/\/yoast.com\/product\/yoast-seo-wordpress\/ -->\n<title>Abschaltwelle der Swisscom l\u00e4sst Internettelefonie wachsen - Organisator<\/title>\n<meta name=\"description\" content=\"Der Internet Service Provider (ISP) iWay konnte im Gesch\u00e4ftsjahr 2017 seinen Umsatz von 15,9 um 34 Prozent auf 21,3 Millionen Franken steigern. F\u00fcr das laufende Jahr rechnet iWay-Gesch\u00e4ftsf\u00fchrer Matthias Oswald wieder mit einem ausgezeichneten Jahr.\" \/>\n<meta name=\"robots\" content=\"index, follow, max-snippet:-1, max-image-preview:large, max-video-preview:-1\" \/>\n<link rel=\"canonical\" href=\"https:\/\/www.organisator.ch\/de\/management\/it\/2018-05-02\/abschaltwelle-der-swisscom-laesst-internettelefonie-wachsen\/\" \/>\n<meta property=\"og:locale\" content=\"de_DE\" \/>\n<meta property=\"og:type\" content=\"article\" \/>\n<meta property=\"og:title\" content=\"Abschaltwelle der Swisscom l\u00e4sst Internettelefonie wachsen\" \/>\n<meta property=\"og:description\" content=\"Der Internet Service Provider (ISP) #iWay konnte im Gesch\u00e4ftsjahr 2017 seinen Umsatz von 15,9 um 34 Prozent auf 21,3 Millionen Franken steigern. F\u00fcr das laufende Jahr rechnet iWay-Gesch\u00e4ftsf\u00fchrer Matthias Oswald wieder mit einem ausgezeichneten Jahr.\" \/>\n<meta property=\"og:url\" content=\"https:\/\/www.organisator.ch\/de\/management\/it\/2018-05-02\/abschaltwelle-der-swisscom-laesst-internettelefonie-wachsen\/\" \/>\n<meta property=\"og:site_name\" content=\"Organisator\" \/>\n<meta property=\"article:publisher\" content=\"https:\/\/www.facebook.com\/OrganisatorFachmagazin\" \/>\n<meta property=\"article:published_time\" content=\"2018-05-02T06:07:31+00:00\" \/>\n<meta property=\"og:image\" content=\"https:\/\/www.organisator.ch\/wp-content\/uploads\/2018\/05\/Abschaltwelle-der-Swisscom-laesst-Internettelefonie-wachsen_Organisator.jpg\" \/>\n\t<meta property=\"og:image:width\" content=\"479\" \/>\n\t<meta property=\"og:image:height\" content=\"640\" \/>\n\t<meta property=\"og:image:type\" content=\"image\/jpeg\" \/>\n<meta name=\"author\" content=\"thomas.berner\" \/>\n<meta name=\"twitter:card\" content=\"summary_large_image\" \/>\n<meta name=\"twitter:title\" content=\"Abschaltwelle der Swisscom l\u00e4sst #Internettelefonie wachsen\" \/>\n<meta name=\"twitter:description\" content=\"Der Internet Service Provider (ISP) #iWay konnte im Gesch\u00e4ftsjahr 2017 seinen Umsatz von 15,9 um 34 Prozent auf 21,3 Millionen Franken steigern. F\u00fcr das laufende Jahr rechnet iWay-Gesch\u00e4ftsf\u00fchrer Matthias Oswald wieder mit einem ausgezeichneten Jahr.\" \/>\n<meta name=\"twitter:image\" content=\"https:\/\/www.organisator.ch\/wp-content\/uploads\/2018\/05\/Abschaltwelle-der-Swisscom-l\u00e4sst-Internettelefonie-wachsen_Organisator.jpg\" \/>\n<script type=\"application\/ld+json\" class=\"yoast-schema-graph\">{\"@context\":\"https:\\\/\\\/schema.org\",\"@graph\":[{\"@type\":\"Article\",\"@id\":\"https:\\\/\\\/www.organisator.ch\\\/management\\\/it\\\/2018-05-02\\\/abschaltwelle-der-swisscom-laesst-internettelefonie-wachsen\\\/#article\",\"isPartOf\":{\"@id\":\"https:\\\/\\\/www.organisator.ch\\\/management\\\/it\\\/2018-05-02\\\/abschaltwelle-der-swisscom-laesst-internettelefonie-wachsen\\\/\"},\"author\":{\"name\":\"thomas.berner\",\"@id\":\"https:\\\/\\\/www.organisator.ch\\\/#\\\/schema\\\/person\\\/6f650f90b2842cd4c0cc334b4e36f67e\"},\"headline\":\"Abschaltwelle der Swisscom l\u00e4sst Internettelefonie wachsen\",\"datePublished\":\"2018-05-02T06:07:31+00:00\",\"mainEntityOfPage\":{\"@id\":\"https:\\\/\\\/www.organisator.ch\\\/management\\\/it\\\/2018-05-02\\\/abschaltwelle-der-swisscom-laesst-internettelefonie-wachsen\\\/\"},\"wordCount\":481,\"commentCount\":0,\"publisher\":{\"@id\":\"https:\\\/\\\/www.organisator.ch\\\/#organization\"},\"image\":{\"@id\":\"https:\\\/\\\/www.organisator.ch\\\/management\\\/it\\\/2018-05-02\\\/abschaltwelle-der-swisscom-laesst-internettelefonie-wachsen\\\/#primaryimage\"},\"thumbnailUrl\":\"https:\\\/\\\/www.organisator.ch\\\/wp-content\\\/uploads\\\/2018\\\/05\\\/Abschaltwelle-der-Swisscom-laesst-Internettelefonie-wachsen_Organisator.jpg\",\"keywords\":[\"Cloud Computing\",\"IT\",\"Produkte\",\"Unternehmen\"],\"articleSection\":[\"IT\"],\"inLanguage\":\"de\"},{\"@type\":\"WebPage\",\"@id\":\"https:\\\/\\\/www.organisator.ch\\\/management\\\/it\\\/2018-05-02\\\/abschaltwelle-der-swisscom-laesst-internettelefonie-wachsen\\\/\",\"url\":\"https:\\\/\\\/www.organisator.ch\\\/management\\\/it\\\/2018-05-02\\\/abschaltwelle-der-swisscom-laesst-internettelefonie-wachsen\\\/\",\"name\":\"Abschaltwelle der Swisscom l\u00e4sst Internettelefonie wachsen - Organisator\",\"isPartOf\":{\"@id\":\"https:\\\/\\\/www.organisator.ch\\\/#website\"},\"primaryImageOfPage\":{\"@id\":\"https:\\\/\\\/www.organisator.ch\\\/management\\\/it\\\/2018-05-02\\\/abschaltwelle-der-swisscom-laesst-internettelefonie-wachsen\\\/#primaryimage\"},\"image\":{\"@id\":\"https:\\\/\\\/www.organisator.ch\\\/management\\\/it\\\/2018-05-02\\\/abschaltwelle-der-swisscom-laesst-internettelefonie-wachsen\\\/#primaryimage\"},\"thumbnailUrl\":\"https:\\\/\\\/www.organisator.ch\\\/wp-content\\\/uploads\\\/2018\\\/05\\\/Abschaltwelle-der-Swisscom-laesst-Internettelefonie-wachsen_Organisator.jpg\",\"datePublished\":\"2018-05-02T06:07:31+00:00\",\"description\":\"Der Internet Service Provider (ISP) iWay konnte im Gesch\u00e4ftsjahr 2017 seinen Umsatz von 15,9 um 34 Prozent auf 21,3 Millionen Franken steigern. F\u00fcr das laufende Jahr rechnet iWay-Gesch\u00e4ftsf\u00fchrer Matthias Oswald wieder mit einem ausgezeichneten Jahr.\",\"breadcrumb\":{\"@id\":\"https:\\\/\\\/www.organisator.ch\\\/management\\\/it\\\/2018-05-02\\\/abschaltwelle-der-swisscom-laesst-internettelefonie-wachsen\\\/#breadcrumb\"},\"inLanguage\":\"de\",\"potentialAction\":[{\"@type\":\"ReadAction\",\"target\":[\"https:\\\/\\\/www.organisator.ch\\\/management\\\/it\\\/2018-05-02\\\/abschaltwelle-der-swisscom-laesst-internettelefonie-wachsen\\\/\"]}]},{\"@type\":\"ImageObject\",\"inLanguage\":\"de\",\"@id\":\"https:\\\/\\\/www.organisator.ch\\\/management\\\/it\\\/2018-05-02\\\/abschaltwelle-der-swisscom-laesst-internettelefonie-wachsen\\\/#primaryimage\",\"url\":\"https:\\\/\\\/www.organisator.ch\\\/wp-content\\\/uploads\\\/2018\\\/05\\\/Abschaltwelle-der-Swisscom-laesst-Internettelefonie-wachsen_Organisator.jpg\",\"contentUrl\":\"https:\\\/\\\/www.organisator.ch\\\/wp-content\\\/uploads\\\/2018\\\/05\\\/Abschaltwelle-der-Swisscom-laesst-Internettelefonie-wachsen_Organisator.jpg\",\"width\":479,\"height\":640,\"caption\":\"Matthias Oswald, Gesch\u00e4ftsf\u00fchrer von iWay rechnet mit weiterhin starkem Wachstum bei der Internettelefonie. (Bild: zVg)\"},{\"@type\":\"BreadcrumbList\",\"@id\":\"https:\\\/\\\/www.organisator.ch\\\/management\\\/it\\\/2018-05-02\\\/abschaltwelle-der-swisscom-laesst-internettelefonie-wachsen\\\/#breadcrumb\",\"itemListElement\":[{\"@type\":\"ListItem\",\"position\":1,\"name\":\"Home\",\"item\":\"https:\\\/\\\/www.organisator.ch\\\/\"},{\"@type\":\"ListItem\",\"position\":2,\"name\":\"Abschaltwelle der Swisscom l\u00e4sst Internettelefonie wachsen\"}]},{\"@type\":\"WebSite\",\"@id\":\"https:\\\/\\\/www.organisator.ch\\\/#website\",\"url\":\"https:\\\/\\\/www.organisator.ch\\\/\",\"name\":\"Organisator\",\"description\":\"Kompetent. Praxisnah. Der ORGANISATOR bereitet in 10 Ausgaben pro Jahr die wesentlichen Themen f\u00fcr F\u00fchrungskr\u00e4fte von KMU auf.\",\"publisher\":{\"@id\":\"https:\\\/\\\/www.organisator.ch\\\/#organization\"},\"potentialAction\":[{\"@type\":\"SearchAction\",\"target\":{\"@type\":\"EntryPoint\",\"urlTemplate\":\"https:\\\/\\\/www.organisator.ch\\\/?s={search_term_string}\"},\"query-input\":{\"@type\":\"PropertyValueSpecification\",\"valueRequired\":true,\"valueName\":\"search_term_string\"}}],\"inLanguage\":\"de\"},{\"@type\":\"Organization\",\"@id\":\"https:\\\/\\\/www.organisator.ch\\\/#organization\",\"name\":\"Organisator\",\"url\":\"https:\\\/\\\/www.organisator.ch\\\/\",\"logo\":{\"@type\":\"ImageObject\",\"inLanguage\":\"de\",\"@id\":\"https:\\\/\\\/www.organisator.ch\\\/#\\\/schema\\\/logo\\\/image\\\/\",\"url\":\"https:\\\/\\\/www.organisator.ch\\\/wp-content\\\/uploads\\\/2022\\\/01\\\/Logo_Organisator_Website.png\",\"contentUrl\":\"https:\\\/\\\/www.organisator.ch\\\/wp-content\\\/uploads\\\/2022\\\/01\\\/Logo_Organisator_Website.png\",\"width\":800,\"height\":77,\"caption\":\"Organisator\"},\"image\":{\"@id\":\"https:\\\/\\\/www.organisator.ch\\\/#\\\/schema\\\/logo\\\/image\\\/\"},\"sameAs\":[\"https:\\\/\\\/www.facebook.com\\\/OrganisatorFachmagazin\",\"https:\\\/\\\/www.linkedin.com\\\/showcase\\\/organisator-das-magazin-fr-kmu\",\"https:\\\/\\\/www.xing.com\\\/news\\\/pages\\\/organisator-ch-695\",\"https:\\\/\\\/www.youtube.com\\\/channel\\\/UCGP2Sq0iWaZwT3BdIAQFYpw\"]},{\"@type\":\"Person\",\"@id\":\"https:\\\/\\\/www.organisator.ch\\\/#\\\/schema\\\/person\\\/6f650f90b2842cd4c0cc334b4e36f67e\",\"name\":\"thomas.berner\",\"image\":{\"@type\":\"ImageObject\",\"inLanguage\":\"de\",\"@id\":\"https:\\\/\\\/secure.gravatar.com\\\/avatar\\\/ac5001d2a36cb6c6cd3e50789007ffca834b477b74a2144564522e944eabff61?s=96&d=mm&r=g\",\"url\":\"https:\\\/\\\/secure.gravatar.com\\\/avatar\\\/ac5001d2a36cb6c6cd3e50789007ffca834b477b74a2144564522e944eabff61?s=96&d=mm&r=g\",\"contentUrl\":\"https:\\\/\\\/secure.gravatar.com\\\/avatar\\\/ac5001d2a36cb6c6cd3e50789007ffca834b477b74a2144564522e944eabff61?s=96&d=mm&r=g\",\"caption\":\"thomas.berner\"},\"url\":\"https:\\\/\\\/www.organisator.ch\\\/de\\\/author\\\/thomas-berner\\\/\"}]}<\/script>\n<!-- \/ Yoast SEO plugin. -->","yoast_head_json":{"title":"Abschaltwelle der Swisscom l\u00e4sst Internettelefonie wachsen - Organisator","description":"Der Internet Service Provider (ISP) iWay konnte im Gesch\u00e4ftsjahr 2017 seinen Umsatz von 15,9 um 34 Prozent auf 21,3 Millionen Franken steigern. F\u00fcr das laufende Jahr rechnet iWay-Gesch\u00e4ftsf\u00fchrer Matthias Oswald wieder mit einem ausgezeichneten Jahr.","robots":{"index":"index","follow":"follow","max-snippet":"max-snippet:-1","max-image-preview":"max-image-preview:large","max-video-preview":"max-video-preview:-1"},"canonical":"https:\/\/www.organisator.ch\/de\/management\/it\/2018-05-02\/abschaltwelle-der-swisscom-laesst-internettelefonie-wachsen\/","og_locale":"de_DE","og_type":"article","og_title":"Abschaltwelle der Swisscom l\u00e4sst Internettelefonie wachsen","og_description":"Der Internet Service Provider (ISP) #iWay konnte im Gesch\u00e4ftsjahr 2017 seinen Umsatz von 15,9 um 34 Prozent auf 21,3 Millionen Franken steigern. F\u00fcr das laufende Jahr rechnet iWay-Gesch\u00e4ftsf\u00fchrer Matthias Oswald wieder mit einem ausgezeichneten Jahr.","og_url":"https:\/\/www.organisator.ch\/de\/management\/it\/2018-05-02\/abschaltwelle-der-swisscom-laesst-internettelefonie-wachsen\/","og_site_name":"Organisator","article_publisher":"https:\/\/www.facebook.com\/OrganisatorFachmagazin","article_published_time":"2018-05-02T06:07:31+00:00","og_image":[{"width":479,"height":640,"url":"https:\/\/www.organisator.ch\/wp-content\/uploads\/2018\/05\/Abschaltwelle-der-Swisscom-laesst-Internettelefonie-wachsen_Organisator.jpg","type":"image\/jpeg"}],"author":"thomas.berner","twitter_card":"summary_large_image","twitter_title":"Abschaltwelle der Swisscom l\u00e4sst #Internettelefonie wachsen","twitter_description":"Der Internet Service Provider (ISP) #iWay konnte im Gesch\u00e4ftsjahr 2017 seinen Umsatz von 15,9 um 34 Prozent auf 21,3 Millionen Franken steigern. F\u00fcr das laufende Jahr rechnet iWay-Gesch\u00e4ftsf\u00fchrer Matthias Oswald wieder mit einem ausgezeichneten Jahr.","twitter_image":"https:\/\/www.organisator.ch\/wp-content\/uploads\/2018\/05\/Abschaltwelle-der-Swisscom-l\u00e4sst-Internettelefonie-wachsen_Organisator.jpg","schema":{"@context":"https:\/\/schema.org","@graph":[{"@type":"Article","@id":"https:\/\/www.organisator.ch\/management\/it\/2018-05-02\/abschaltwelle-der-swisscom-laesst-internettelefonie-wachsen\/#article","isPartOf":{"@id":"https:\/\/www.organisator.ch\/management\/it\/2018-05-02\/abschaltwelle-der-swisscom-laesst-internettelefonie-wachsen\/"},"author":{"name":"thomas.berner","@id":"https:\/\/www.organisator.ch\/#\/schema\/person\/6f650f90b2842cd4c0cc334b4e36f67e"},"headline":"Abschaltwelle der Swisscom l\u00e4sst Internettelefonie wachsen","datePublished":"2018-05-02T06:07:31+00:00","mainEntityOfPage":{"@id":"https:\/\/www.organisator.ch\/management\/it\/2018-05-02\/abschaltwelle-der-swisscom-laesst-internettelefonie-wachsen\/"},"wordCount":481,"commentCount":0,"publisher":{"@id":"https:\/\/www.organisator.ch\/#organization"},"image":{"@id":"https:\/\/www.organisator.ch\/management\/it\/2018-05-02\/abschaltwelle-der-swisscom-laesst-internettelefonie-wachsen\/#primaryimage"},"thumbnailUrl":"https:\/\/www.organisator.ch\/wp-content\/uploads\/2018\/05\/Abschaltwelle-der-Swisscom-laesst-Internettelefonie-wachsen_Organisator.jpg","keywords":["Cloud Computing","IT","Produkte","Unternehmen"],"articleSection":["IT"],"inLanguage":"de"},{"@type":"WebPage","@id":"https:\/\/www.organisator.ch\/management\/it\/2018-05-02\/abschaltwelle-der-swisscom-laesst-internettelefonie-wachsen\/","url":"https:\/\/www.organisator.ch\/management\/it\/2018-05-02\/abschaltwelle-der-swisscom-laesst-internettelefonie-wachsen\/","name":"Abschaltwelle der Swisscom l\u00e4sst Internettelefonie wachsen - Organisator","isPartOf":{"@id":"https:\/\/www.organisator.ch\/#website"},"primaryImageOfPage":{"@id":"https:\/\/www.organisator.ch\/management\/it\/2018-05-02\/abschaltwelle-der-swisscom-laesst-internettelefonie-wachsen\/#primaryimage"},"image":{"@id":"https:\/\/www.organisator.ch\/management\/it\/2018-05-02\/abschaltwelle-der-swisscom-laesst-internettelefonie-wachsen\/#primaryimage"},"thumbnailUrl":"https:\/\/www.organisator.ch\/wp-content\/uploads\/2018\/05\/Abschaltwelle-der-Swisscom-laesst-Internettelefonie-wachsen_Organisator.jpg","datePublished":"2018-05-02T06:07:31+00:00","description":"Der Internet Service Provider (ISP) iWay konnte im Gesch\u00e4ftsjahr 2017 seinen Umsatz von 15,9 um 34 Prozent auf 21,3 Millionen Franken steigern. F\u00fcr das laufende Jahr rechnet iWay-Gesch\u00e4ftsf\u00fchrer Matthias Oswald wieder mit einem ausgezeichneten Jahr.","breadcrumb":{"@id":"https:\/\/www.organisator.ch\/management\/it\/2018-05-02\/abschaltwelle-der-swisscom-laesst-internettelefonie-wachsen\/#breadcrumb"},"inLanguage":"de","potentialAction":[{"@type":"ReadAction","target":["https:\/\/www.organisator.ch\/management\/it\/2018-05-02\/abschaltwelle-der-swisscom-laesst-internettelefonie-wachsen\/"]}]},{"@type":"ImageObject","inLanguage":"de","@id":"https:\/\/www.organisator.ch\/management\/it\/2018-05-02\/abschaltwelle-der-swisscom-laesst-internettelefonie-wachsen\/#primaryimage","url":"https:\/\/www.organisator.ch\/wp-content\/uploads\/2018\/05\/Abschaltwelle-der-Swisscom-laesst-Internettelefonie-wachsen_Organisator.jpg","contentUrl":"https:\/\/www.organisator.ch\/wp-content\/uploads\/2018\/05\/Abschaltwelle-der-Swisscom-laesst-Internettelefonie-wachsen_Organisator.jpg","width":479,"height":640,"caption":"Matthias Oswald, Gesch\u00e4ftsf\u00fchrer von iWay rechnet mit weiterhin starkem Wachstum bei der Internettelefonie. (Bild: zVg)"},{"@type":"BreadcrumbList","@id":"https:\/\/www.organisator.ch\/management\/it\/2018-05-02\/abschaltwelle-der-swisscom-laesst-internettelefonie-wachsen\/#breadcrumb","itemListElement":[{"@type":"ListItem","position":1,"name":"Home","item":"https:\/\/www.organisator.ch\/"},{"@type":"ListItem","position":2,"name":"Abschaltwelle der Swisscom l\u00e4sst Internettelefonie wachsen"}]},{"@type":"WebSite","@id":"https:\/\/www.organisator.ch\/#website","url":"https:\/\/www.organisator.ch\/","name":"Organisator","description":"Kompetent. Praxisnah. Der ORGANISATOR bereitet in 10 Ausgaben pro Jahr die wesentlichen Themen f\u00fcr F\u00fchrungskr\u00e4fte von KMU auf.","publisher":{"@id":"https:\/\/www.organisator.ch\/#organization"},"potentialAction":[{"@type":"SearchAction","target":{"@type":"EntryPoint","urlTemplate":"https:\/\/www.organisator.ch\/?s={search_term_string}"},"query-input":{"@type":"PropertyValueSpecification","valueRequired":true,"valueName":"search_term_string"}}],"inLanguage":"de"},{"@type":"Organization","@id":"https:\/\/www.organisator.ch\/#organization","name":"Organisator","url":"https:\/\/www.organisator.ch\/","logo":{"@type":"ImageObject","inLanguage":"de","@id":"https:\/\/www.organisator.ch\/#\/schema\/logo\/image\/","url":"https:\/\/www.organisator.ch\/wp-content\/uploads\/2022\/01\/Logo_Organisator_Website.png","contentUrl":"https:\/\/www.organisator.ch\/wp-content\/uploads\/2022\/01\/Logo_Organisator_Website.png","width":800,"height":77,"caption":"Organisator"},"image":{"@id":"https:\/\/www.organisator.ch\/#\/schema\/logo\/image\/"},"sameAs":["https:\/\/www.facebook.com\/OrganisatorFachmagazin","https:\/\/www.linkedin.com\/showcase\/organisator-das-magazin-fr-kmu","https:\/\/www.xing.com\/news\/pages\/organisator-ch-695","https:\/\/www.youtube.com\/channel\/UCGP2Sq0iWaZwT3BdIAQFYpw"]},{"@type":"Person","@id":"https:\/\/www.organisator.ch\/#\/schema\/person\/6f650f90b2842cd4c0cc334b4e36f67e","name":"thomas.berner","image":{"@type":"ImageObject","inLanguage":"de","@id":"https:\/\/secure.gravatar.com\/avatar\/ac5001d2a36cb6c6cd3e50789007ffca834b477b74a2144564522e944eabff61?s=96&d=mm&r=g","url":"https:\/\/secure.gravatar.com\/avatar\/ac5001d2a36cb6c6cd3e50789007ffca834b477b74a2144564522e944eabff61?s=96&d=mm&r=g","contentUrl":"https:\/\/secure.gravatar.com\/avatar\/ac5001d2a36cb6c6cd3e50789007ffca834b477b74a2144564522e944eabff61?s=96&d=mm&r=g","caption":"thomas.berner"},"url":"https:\/\/www.organisator.ch\/de\/author\/thomas-berner\/"}]}},"_links":{"self":[{"href":"https:\/\/www.organisator.ch\/de\/wp-json\/wp\/v2\/posts\/3531","targetHints":{"allow":["GET"]}}],"collection":[{"href":"https:\/\/www.organisator.ch\/de\/wp-json\/wp\/v2\/posts"}],"about":[{"href":"https:\/\/www.organisator.ch\/de\/wp-json\/wp\/v2\/types\/post"}],"author":[{"embeddable":true,"href":"https:\/\/www.organisator.ch\/de\/wp-json\/wp\/v2\/users\/4"}],"replies":[{"embeddable":true,"href":"https:\/\/www.organisator.ch\/de\/wp-json\/wp\/v2\/comments?post=3531"}],"version-history":[{"count":0,"href":"https:\/\/www.organisator.ch\/de\/wp-json\/wp\/v2\/posts\/3531\/revisions"}],"wp:featuredmedia":[{"embeddable":true,"href":"https:\/\/www.organisator.ch\/de\/wp-json\/wp\/v2\/media\/3532"}],"wp:attachment":[{"href":"https:\/\/www.organisator.ch\/de\/wp-json\/wp\/v2\/media?parent=3531"}],"wp:term":[{"taxonomy":"category","embeddable":true,"href":"https:\/\/www.organisator.ch\/de\/wp-json\/wp\/v2\/categories?post=3531"},{"taxonomy":"post_tag","embeddable":true,"href":"https:\/\/www.organisator.ch\/de\/wp-json\/wp\/v2\/tags?post=3531"}],"curies":[{"name":"wp","href":"https:\/\/api.w.org\/{rel}","templated":true}]}}