{"id":3540,"date":"2018-05-03T10:15:48","date_gmt":"2018-05-03T08:15:48","guid":{"rendered":"https:\/\/www.organisator.ch\/?p=3540"},"modified":"2018-05-03T10:15:48","modified_gmt":"2018-05-03T08:15:48","slug":"helmut-reisinger-ist-neuer-ceo-von-orange-business-services","status":"publish","type":"post","link":"https:\/\/www.organisator.ch\/de\/allgemein\/2018-05-03\/helmut-reisinger-ist-neuer-ceo-von-orange-business-services\/","title":{"rendered":"Helmut Reisinger ist neuer CEO von Orange Business Services"},"content":{"rendered":"<figure id=\"attachment_3541\" aria-describedby=\"caption-attachment-3541\" style=\"width: 640px\" class=\"wp-caption alignnone\"><img loading=\"lazy\" decoding=\"async\" class=\"size-full wp-image-3541\" src=\"https:\/\/www.organisator.ch\/wp-content\/uploads\/2018\/05\/Helmut-Reisinger-ist-neuer-CEO-von-Orange-Business-Services_Organisator.jpg\" alt=\"\" width=\"640\" height=\"427\" srcset=\"https:\/\/www.organisator.ch\/wp-content\/uploads\/2018\/05\/Helmut-Reisinger-ist-neuer-CEO-von-Orange-Business-Services_Organisator.jpg 640w, https:\/\/www.organisator.ch\/wp-content\/uploads\/2018\/05\/Helmut-Reisinger-ist-neuer-CEO-von-Orange-Business-Services_Organisator-16x12.jpg 16w, https:\/\/www.organisator.ch\/wp-content\/uploads\/2018\/05\/Helmut-Reisinger-ist-neuer-CEO-von-Orange-Business-Services_Organisator-262x175.jpg 262w, https:\/\/www.organisator.ch\/wp-content\/uploads\/2018\/05\/Helmut-Reisinger-ist-neuer-CEO-von-Orange-Business-Services_Organisator-525x350.jpg 525w, https:\/\/www.organisator.ch\/wp-content\/uploads\/2018\/05\/Helmut-Reisinger-ist-neuer-CEO-von-Orange-Business-Services_Organisator-300x200.jpg 300w\" sizes=\"auto, (max-width: 640px) 100vw, 640px\" \/><figcaption id=\"caption-attachment-3541\" class=\"wp-caption-text\">Dr. Helmut Reisinger, neuer CEO von Orange Business Services. (Bild: OBS)<\/figcaption><\/figure>\n<p>Am 5. M\u00e4rz hat Orange angek\u00fcndigt,\u00a0einen diversifizierteren und internationaleren Vorstand aufbauen zu wollen. Entsprechend wird Helmut Reisinger in seiner neuen Funktion\u00a0an St\u00e9phane Richard, Chairman und CEO von Orange, berichten und Mitglied des Vorstands der Gruppe sein. Zuletzt war Helmut Reisinger als Executive Vice President International bei Orange Business Services f\u00fcr alle internationalen Gesch\u00e4ftsaktivit\u00e4ten mit Ausnahme von Frankreich zust\u00e4ndig. Als CEO wird er die Unternehmensstrategie zur Unterst\u00fctzung der digitalen Transformation von Unternehmenskunden in Frankreich und der ganzen Welt vorgeben.<\/p>\n<p>&#8222;Ich f\u00fchle mich geehrt und freue mich darauf, Orange Business Services in seinem Bestreben, an der Spitze der datengesteuerten Wirtschaft zu stehen, zu f\u00fchren. Ich bin davon \u00fcberzeugt, dass wir durch unser weltweites Netzwerk, unsere Expertise und unsere Assets in der Lage sind, unseren Unternehmenskunden weltweit eine beispiellose Erfahrung zu bieten. Mit einer unerm\u00fcdlichen Kundenorientierung &#8211; verbunden mit der Einbeziehung der Mitarbeiter und dem Einsatz f\u00fcr Innovation &#8211; bin ich zuversichtlich, dass wir sowohl f\u00fcr unsere Kunden als auch f\u00fcr Orange weiterhin Erfolg und Wachstum erzielen werden&#8220;, so Helmut Reisinger, Chief Executive Officer, Orange Business Services.<\/p>\n<p>Mit mehr als 20 Jahren Erfahrung im Unternehmensmarkt und im Bereich der L\u00f6sungen, verf\u00fcgt Helmut Reisinger \u00fcber einen umfangreichen internationalen und kundenorientierten Hintergrund mit zahlreichen F\u00fchrungspositionen. Bevor er 2007 zu Orange Business Services kam, hatte er F\u00fchrungspositionen in ganz Europa bei Avaya Inc, NextiraOne Deutschland und Alcatel \u00d6sterreich inne.<\/p>\n<p><a href=\"http:\/\/www.orange-business.com\"><em>Weitere Informationen<\/em><\/a><\/p>\n","protected":false},"excerpt":{"rendered":"<p>Am 5. M\u00e4rz hat Orange angek\u00fcndigt,\u00a0einen diversifizierteren und internationaleren Vorstand aufbauen zu wollen. Entsprechend wird Helmut Reisinger in seiner neuen Funktion\u00a0an St\u00e9phane Richard, Chairman und CEO von Orange, berichten und Mitglied des Vorstands der Gruppe sein. Zuletzt war Helmut Reisinger als Executive Vice President International bei Orange Business Services f\u00fcr alle internationalen Gesch\u00e4ftsaktivit\u00e4ten mit Ausnahme [&hellip;]<\/p>\n","protected":false},"author":4,"featured_media":3541,"comment_status":"open","ping_status":"open","sticky":false,"template":"","format":"standard","meta":{"_acf_changed":false,"_yoast_wpseo_focuskw":"Helmut Reisinger","_yoast_wpseo_metadesc":"Helmut Reisinger ist seit dem 1. Mai neuer Chief Executive Officer (CEO) von Orange Business Services und tritt damit die Nachfolge von Thierry Bonhomme an.","articlekey":"","footnotes":""},"categories":[1],"tags":[286,381,492,496],"class_list":["post-3540","post","type-post","status-publish","format-standard","has-post-thumbnail","hentry","category-allgemein","tag-it","tag-personalia","tag-unternehmen","tag-unternehmensfuehrung"],"acf":[],"yoast_head":"<!-- This site is optimized with the Yoast SEO plugin v27.4 - https:\/\/yoast.com\/product\/yoast-seo-wordpress\/ -->\n<title>Helmut Reisinger ist neuer CEO von Orange Business Services - Organisator<\/title>\n<meta name=\"description\" content=\"Helmut Reisinger ist seit dem 1. Mai neuer Chief Executive Officer (CEO) von Orange Business Services und tritt damit die Nachfolge von Thierry Bonhomme an.\" \/>\n<meta name=\"robots\" content=\"index, follow, max-snippet:-1, max-image-preview:large, max-video-preview:-1\" \/>\n<link rel=\"canonical\" href=\"https:\/\/www.organisator.ch\/de\/allgemein\/2018-05-03\/helmut-reisinger-ist-neuer-ceo-von-orange-business-services\/\" \/>\n<meta property=\"og:locale\" content=\"de_DE\" \/>\n<meta property=\"og:type\" content=\"article\" \/>\n<meta property=\"og:title\" content=\"Helmut Reisinger ist neuer CEO von Orange Business Services\" \/>\n<meta property=\"og:description\" content=\"Helmut #Reisinger ist seit dem 1. Mai neuer Chief Executive Officer (CEO) von #Orange Business Services und tritt damit die Nachfolge von Thierry Bonhomme an,\" \/>\n<meta property=\"og:url\" content=\"https:\/\/www.organisator.ch\/de\/allgemein\/2018-05-03\/helmut-reisinger-ist-neuer-ceo-von-orange-business-services\/\" \/>\n<meta property=\"og:site_name\" content=\"Organisator\" \/>\n<meta property=\"article:publisher\" content=\"https:\/\/www.facebook.com\/OrganisatorFachmagazin\" \/>\n<meta property=\"article:published_time\" content=\"2018-05-03T08:15:48+00:00\" \/>\n<meta property=\"og:image\" content=\"https:\/\/www.organisator.ch\/wp-content\/uploads\/2018\/05\/Helmut-Reisinger-ist-neuer-CEO-von-Orange-Business-Services_Organisator.jpg\" \/>\n\t<meta property=\"og:image:width\" content=\"640\" \/>\n\t<meta property=\"og:image:height\" content=\"427\" \/>\n\t<meta property=\"og:image:type\" content=\"image\/jpeg\" \/>\n<meta name=\"author\" content=\"thomas.berner\" \/>\n<meta name=\"twitter:card\" content=\"summary_large_image\" \/>\n<meta name=\"twitter:title\" content=\"Helmut #Reisinger ist neuer CEO von #OrangeBusinessServices\" \/>\n<meta name=\"twitter:description\" content=\"Helmut #Reisinger ist seit dem 1. Mai neuer Chief Executive Officer (CEO) von #Orange Business Services und tritt damit die Nachfolge von Thierry Bonhomme an.\" \/>\n<meta name=\"twitter:image\" content=\"https:\/\/www.organisator.ch\/wp-content\/uploads\/2018\/05\/Helmut-Reisinger-ist-neuer-CEO-von-Orange-Business-Services_Organisator.jpg\" \/>\n<script type=\"application\/ld+json\" class=\"yoast-schema-graph\">{\"@context\":\"https:\\\/\\\/schema.org\",\"@graph\":[{\"@type\":\"Article\",\"@id\":\"https:\\\/\\\/www.organisator.ch\\\/it\\\/generale\\\/2018-05-03\\\/helmut-reisinger-ist-neuer-ceo-von-orange-business-services\\\/#article\",\"isPartOf\":{\"@id\":\"https:\\\/\\\/www.organisator.ch\\\/it\\\/generale\\\/2018-05-03\\\/helmut-reisinger-ist-neuer-ceo-von-orange-business-services\\\/\"},\"author\":{\"name\":\"thomas.berner\",\"@id\":\"https:\\\/\\\/www.organisator.ch\\\/#\\\/schema\\\/person\\\/6f650f90b2842cd4c0cc334b4e36f67e\"},\"headline\":\"Helmut Reisinger ist neuer CEO von Orange Business Services\",\"datePublished\":\"2018-05-03T08:15:48+00:00\",\"mainEntityOfPage\":{\"@id\":\"https:\\\/\\\/www.organisator.ch\\\/it\\\/generale\\\/2018-05-03\\\/helmut-reisinger-ist-neuer-ceo-von-orange-business-services\\\/\"},\"wordCount\":269,\"commentCount\":0,\"publisher\":{\"@id\":\"https:\\\/\\\/www.organisator.ch\\\/#organization\"},\"image\":{\"@id\":\"https:\\\/\\\/www.organisator.ch\\\/it\\\/generale\\\/2018-05-03\\\/helmut-reisinger-ist-neuer-ceo-von-orange-business-services\\\/#primaryimage\"},\"thumbnailUrl\":\"https:\\\/\\\/www.organisator.ch\\\/wp-content\\\/uploads\\\/2018\\\/05\\\/Helmut-Reisinger-ist-neuer-CEO-von-Orange-Business-Services_Organisator.jpg\",\"keywords\":[\"IT\",\"Personalia\",\"Unternehmen\",\"Unternehmensf\u00fchrung\"],\"inLanguage\":\"de\"},{\"@type\":\"WebPage\",\"@id\":\"https:\\\/\\\/www.organisator.ch\\\/it\\\/generale\\\/2018-05-03\\\/helmut-reisinger-ist-neuer-ceo-von-orange-business-services\\\/\",\"url\":\"https:\\\/\\\/www.organisator.ch\\\/it\\\/generale\\\/2018-05-03\\\/helmut-reisinger-ist-neuer-ceo-von-orange-business-services\\\/\",\"name\":\"Helmut Reisinger ist neuer CEO von Orange Business Services - Organisator\",\"isPartOf\":{\"@id\":\"https:\\\/\\\/www.organisator.ch\\\/#website\"},\"primaryImageOfPage\":{\"@id\":\"https:\\\/\\\/www.organisator.ch\\\/it\\\/generale\\\/2018-05-03\\\/helmut-reisinger-ist-neuer-ceo-von-orange-business-services\\\/#primaryimage\"},\"image\":{\"@id\":\"https:\\\/\\\/www.organisator.ch\\\/it\\\/generale\\\/2018-05-03\\\/helmut-reisinger-ist-neuer-ceo-von-orange-business-services\\\/#primaryimage\"},\"thumbnailUrl\":\"https:\\\/\\\/www.organisator.ch\\\/wp-content\\\/uploads\\\/2018\\\/05\\\/Helmut-Reisinger-ist-neuer-CEO-von-Orange-Business-Services_Organisator.jpg\",\"datePublished\":\"2018-05-03T08:15:48+00:00\",\"description\":\"Helmut Reisinger ist seit dem 1. Mai neuer Chief Executive Officer (CEO) von Orange Business Services und tritt damit die Nachfolge von Thierry Bonhomme an.\",\"breadcrumb\":{\"@id\":\"https:\\\/\\\/www.organisator.ch\\\/it\\\/generale\\\/2018-05-03\\\/helmut-reisinger-ist-neuer-ceo-von-orange-business-services\\\/#breadcrumb\"},\"inLanguage\":\"de\",\"potentialAction\":[{\"@type\":\"ReadAction\",\"target\":[\"https:\\\/\\\/www.organisator.ch\\\/it\\\/generale\\\/2018-05-03\\\/helmut-reisinger-ist-neuer-ceo-von-orange-business-services\\\/\"]}]},{\"@type\":\"ImageObject\",\"inLanguage\":\"de\",\"@id\":\"https:\\\/\\\/www.organisator.ch\\\/it\\\/generale\\\/2018-05-03\\\/helmut-reisinger-ist-neuer-ceo-von-orange-business-services\\\/#primaryimage\",\"url\":\"https:\\\/\\\/www.organisator.ch\\\/wp-content\\\/uploads\\\/2018\\\/05\\\/Helmut-Reisinger-ist-neuer-CEO-von-Orange-Business-Services_Organisator.jpg\",\"contentUrl\":\"https:\\\/\\\/www.organisator.ch\\\/wp-content\\\/uploads\\\/2018\\\/05\\\/Helmut-Reisinger-ist-neuer-CEO-von-Orange-Business-Services_Organisator.jpg\",\"width\":640,\"height\":427,\"caption\":\"Dr. Helmut Reisinger, neuer CEO von Orange Business Services. (Bild: OBS)\"},{\"@type\":\"BreadcrumbList\",\"@id\":\"https:\\\/\\\/www.organisator.ch\\\/it\\\/generale\\\/2018-05-03\\\/helmut-reisinger-ist-neuer-ceo-von-orange-business-services\\\/#breadcrumb\",\"itemListElement\":[{\"@type\":\"ListItem\",\"position\":1,\"name\":\"Home\",\"item\":\"https:\\\/\\\/www.organisator.ch\\\/\"},{\"@type\":\"ListItem\",\"position\":2,\"name\":\"Helmut Reisinger ist neuer CEO von Orange Business Services\"}]},{\"@type\":\"WebSite\",\"@id\":\"https:\\\/\\\/www.organisator.ch\\\/#website\",\"url\":\"https:\\\/\\\/www.organisator.ch\\\/\",\"name\":\"Organisator\",\"description\":\"Kompetent. Praxisnah. Der ORGANISATOR bereitet in 10 Ausgaben pro Jahr die wesentlichen Themen f\u00fcr F\u00fchrungskr\u00e4fte von KMU auf.\",\"publisher\":{\"@id\":\"https:\\\/\\\/www.organisator.ch\\\/#organization\"},\"potentialAction\":[{\"@type\":\"SearchAction\",\"target\":{\"@type\":\"EntryPoint\",\"urlTemplate\":\"https:\\\/\\\/www.organisator.ch\\\/?s={search_term_string}\"},\"query-input\":{\"@type\":\"PropertyValueSpecification\",\"valueRequired\":true,\"valueName\":\"search_term_string\"}}],\"inLanguage\":\"de\"},{\"@type\":\"Organization\",\"@id\":\"https:\\\/\\\/www.organisator.ch\\\/#organization\",\"name\":\"Organisator\",\"url\":\"https:\\\/\\\/www.organisator.ch\\\/\",\"logo\":{\"@type\":\"ImageObject\",\"inLanguage\":\"de\",\"@id\":\"https:\\\/\\\/www.organisator.ch\\\/#\\\/schema\\\/logo\\\/image\\\/\",\"url\":\"https:\\\/\\\/www.organisator.ch\\\/wp-content\\\/uploads\\\/2022\\\/01\\\/Logo_Organisator_Website.png\",\"contentUrl\":\"https:\\\/\\\/www.organisator.ch\\\/wp-content\\\/uploads\\\/2022\\\/01\\\/Logo_Organisator_Website.png\",\"width\":800,\"height\":77,\"caption\":\"Organisator\"},\"image\":{\"@id\":\"https:\\\/\\\/www.organisator.ch\\\/#\\\/schema\\\/logo\\\/image\\\/\"},\"sameAs\":[\"https:\\\/\\\/www.facebook.com\\\/OrganisatorFachmagazin\",\"https:\\\/\\\/www.linkedin.com\\\/showcase\\\/organisator-das-magazin-fr-kmu\",\"https:\\\/\\\/www.xing.com\\\/news\\\/pages\\\/organisator-ch-695\",\"https:\\\/\\\/www.youtube.com\\\/channel\\\/UCGP2Sq0iWaZwT3BdIAQFYpw\"]},{\"@type\":\"Person\",\"@id\":\"https:\\\/\\\/www.organisator.ch\\\/#\\\/schema\\\/person\\\/6f650f90b2842cd4c0cc334b4e36f67e\",\"name\":\"thomas.berner\",\"image\":{\"@type\":\"ImageObject\",\"inLanguage\":\"de\",\"@id\":\"https:\\\/\\\/secure.gravatar.com\\\/avatar\\\/ac5001d2a36cb6c6cd3e50789007ffca834b477b74a2144564522e944eabff61?s=96&d=mm&r=g\",\"url\":\"https:\\\/\\\/secure.gravatar.com\\\/avatar\\\/ac5001d2a36cb6c6cd3e50789007ffca834b477b74a2144564522e944eabff61?s=96&d=mm&r=g\",\"contentUrl\":\"https:\\\/\\\/secure.gravatar.com\\\/avatar\\\/ac5001d2a36cb6c6cd3e50789007ffca834b477b74a2144564522e944eabff61?s=96&d=mm&r=g\",\"caption\":\"thomas.berner\"},\"url\":\"https:\\\/\\\/www.organisator.ch\\\/de\\\/author\\\/thomas-berner\\\/\"}]}<\/script>\n<!-- \/ Yoast SEO plugin. -->","yoast_head_json":{"title":"Helmut Reisinger ist neuer CEO von Orange Business Services - Organisator","description":"Helmut Reisinger ist seit dem 1. Mai neuer Chief Executive Officer (CEO) von Orange Business Services und tritt damit die Nachfolge von Thierry Bonhomme an.","robots":{"index":"index","follow":"follow","max-snippet":"max-snippet:-1","max-image-preview":"max-image-preview:large","max-video-preview":"max-video-preview:-1"},"canonical":"https:\/\/www.organisator.ch\/de\/allgemein\/2018-05-03\/helmut-reisinger-ist-neuer-ceo-von-orange-business-services\/","og_locale":"de_DE","og_type":"article","og_title":"Helmut Reisinger ist neuer CEO von Orange Business Services","og_description":"Helmut #Reisinger ist seit dem 1. Mai neuer Chief Executive Officer (CEO) von #Orange Business Services und tritt damit die Nachfolge von Thierry Bonhomme an,","og_url":"https:\/\/www.organisator.ch\/de\/allgemein\/2018-05-03\/helmut-reisinger-ist-neuer-ceo-von-orange-business-services\/","og_site_name":"Organisator","article_publisher":"https:\/\/www.facebook.com\/OrganisatorFachmagazin","article_published_time":"2018-05-03T08:15:48+00:00","og_image":[{"width":640,"height":427,"url":"https:\/\/www.organisator.ch\/wp-content\/uploads\/2018\/05\/Helmut-Reisinger-ist-neuer-CEO-von-Orange-Business-Services_Organisator.jpg","type":"image\/jpeg"}],"author":"thomas.berner","twitter_card":"summary_large_image","twitter_title":"Helmut #Reisinger ist neuer CEO von #OrangeBusinessServices","twitter_description":"Helmut #Reisinger ist seit dem 1. Mai neuer Chief Executive Officer (CEO) von #Orange Business Services und tritt damit die Nachfolge von Thierry Bonhomme an.","twitter_image":"https:\/\/www.organisator.ch\/wp-content\/uploads\/2018\/05\/Helmut-Reisinger-ist-neuer-CEO-von-Orange-Business-Services_Organisator.jpg","schema":{"@context":"https:\/\/schema.org","@graph":[{"@type":"Article","@id":"https:\/\/www.organisator.ch\/it\/generale\/2018-05-03\/helmut-reisinger-ist-neuer-ceo-von-orange-business-services\/#article","isPartOf":{"@id":"https:\/\/www.organisator.ch\/it\/generale\/2018-05-03\/helmut-reisinger-ist-neuer-ceo-von-orange-business-services\/"},"author":{"name":"thomas.berner","@id":"https:\/\/www.organisator.ch\/#\/schema\/person\/6f650f90b2842cd4c0cc334b4e36f67e"},"headline":"Helmut Reisinger ist neuer CEO von Orange Business Services","datePublished":"2018-05-03T08:15:48+00:00","mainEntityOfPage":{"@id":"https:\/\/www.organisator.ch\/it\/generale\/2018-05-03\/helmut-reisinger-ist-neuer-ceo-von-orange-business-services\/"},"wordCount":269,"commentCount":0,"publisher":{"@id":"https:\/\/www.organisator.ch\/#organization"},"image":{"@id":"https:\/\/www.organisator.ch\/it\/generale\/2018-05-03\/helmut-reisinger-ist-neuer-ceo-von-orange-business-services\/#primaryimage"},"thumbnailUrl":"https:\/\/www.organisator.ch\/wp-content\/uploads\/2018\/05\/Helmut-Reisinger-ist-neuer-CEO-von-Orange-Business-Services_Organisator.jpg","keywords":["IT","Personalia","Unternehmen","Unternehmensf\u00fchrung"],"inLanguage":"de"},{"@type":"WebPage","@id":"https:\/\/www.organisator.ch\/it\/generale\/2018-05-03\/helmut-reisinger-ist-neuer-ceo-von-orange-business-services\/","url":"https:\/\/www.organisator.ch\/it\/generale\/2018-05-03\/helmut-reisinger-ist-neuer-ceo-von-orange-business-services\/","name":"Helmut Reisinger ist neuer CEO von Orange Business Services - Organisator","isPartOf":{"@id":"https:\/\/www.organisator.ch\/#website"},"primaryImageOfPage":{"@id":"https:\/\/www.organisator.ch\/it\/generale\/2018-05-03\/helmut-reisinger-ist-neuer-ceo-von-orange-business-services\/#primaryimage"},"image":{"@id":"https:\/\/www.organisator.ch\/it\/generale\/2018-05-03\/helmut-reisinger-ist-neuer-ceo-von-orange-business-services\/#primaryimage"},"thumbnailUrl":"https:\/\/www.organisator.ch\/wp-content\/uploads\/2018\/05\/Helmut-Reisinger-ist-neuer-CEO-von-Orange-Business-Services_Organisator.jpg","datePublished":"2018-05-03T08:15:48+00:00","description":"Helmut Reisinger ist seit dem 1. Mai neuer Chief Executive Officer (CEO) von Orange Business Services und tritt damit die Nachfolge von Thierry Bonhomme an.","breadcrumb":{"@id":"https:\/\/www.organisator.ch\/it\/generale\/2018-05-03\/helmut-reisinger-ist-neuer-ceo-von-orange-business-services\/#breadcrumb"},"inLanguage":"de","potentialAction":[{"@type":"ReadAction","target":["https:\/\/www.organisator.ch\/it\/generale\/2018-05-03\/helmut-reisinger-ist-neuer-ceo-von-orange-business-services\/"]}]},{"@type":"ImageObject","inLanguage":"de","@id":"https:\/\/www.organisator.ch\/it\/generale\/2018-05-03\/helmut-reisinger-ist-neuer-ceo-von-orange-business-services\/#primaryimage","url":"https:\/\/www.organisator.ch\/wp-content\/uploads\/2018\/05\/Helmut-Reisinger-ist-neuer-CEO-von-Orange-Business-Services_Organisator.jpg","contentUrl":"https:\/\/www.organisator.ch\/wp-content\/uploads\/2018\/05\/Helmut-Reisinger-ist-neuer-CEO-von-Orange-Business-Services_Organisator.jpg","width":640,"height":427,"caption":"Dr. Helmut Reisinger, neuer CEO von Orange Business Services. (Bild: OBS)"},{"@type":"BreadcrumbList","@id":"https:\/\/www.organisator.ch\/it\/generale\/2018-05-03\/helmut-reisinger-ist-neuer-ceo-von-orange-business-services\/#breadcrumb","itemListElement":[{"@type":"ListItem","position":1,"name":"Home","item":"https:\/\/www.organisator.ch\/"},{"@type":"ListItem","position":2,"name":"Helmut Reisinger ist neuer CEO von Orange Business Services"}]},{"@type":"WebSite","@id":"https:\/\/www.organisator.ch\/#website","url":"https:\/\/www.organisator.ch\/","name":"Organisator","description":"Kompetent. Praxisnah. Der ORGANISATOR bereitet in 10 Ausgaben pro Jahr die wesentlichen Themen f\u00fcr F\u00fchrungskr\u00e4fte von KMU auf.","publisher":{"@id":"https:\/\/www.organisator.ch\/#organization"},"potentialAction":[{"@type":"SearchAction","target":{"@type":"EntryPoint","urlTemplate":"https:\/\/www.organisator.ch\/?s={search_term_string}"},"query-input":{"@type":"PropertyValueSpecification","valueRequired":true,"valueName":"search_term_string"}}],"inLanguage":"de"},{"@type":"Organization","@id":"https:\/\/www.organisator.ch\/#organization","name":"Organisator","url":"https:\/\/www.organisator.ch\/","logo":{"@type":"ImageObject","inLanguage":"de","@id":"https:\/\/www.organisator.ch\/#\/schema\/logo\/image\/","url":"https:\/\/www.organisator.ch\/wp-content\/uploads\/2022\/01\/Logo_Organisator_Website.png","contentUrl":"https:\/\/www.organisator.ch\/wp-content\/uploads\/2022\/01\/Logo_Organisator_Website.png","width":800,"height":77,"caption":"Organisator"},"image":{"@id":"https:\/\/www.organisator.ch\/#\/schema\/logo\/image\/"},"sameAs":["https:\/\/www.facebook.com\/OrganisatorFachmagazin","https:\/\/www.linkedin.com\/showcase\/organisator-das-magazin-fr-kmu","https:\/\/www.xing.com\/news\/pages\/organisator-ch-695","https:\/\/www.youtube.com\/channel\/UCGP2Sq0iWaZwT3BdIAQFYpw"]},{"@type":"Person","@id":"https:\/\/www.organisator.ch\/#\/schema\/person\/6f650f90b2842cd4c0cc334b4e36f67e","name":"thomas.berner","image":{"@type":"ImageObject","inLanguage":"de","@id":"https:\/\/secure.gravatar.com\/avatar\/ac5001d2a36cb6c6cd3e50789007ffca834b477b74a2144564522e944eabff61?s=96&d=mm&r=g","url":"https:\/\/secure.gravatar.com\/avatar\/ac5001d2a36cb6c6cd3e50789007ffca834b477b74a2144564522e944eabff61?s=96&d=mm&r=g","contentUrl":"https:\/\/secure.gravatar.com\/avatar\/ac5001d2a36cb6c6cd3e50789007ffca834b477b74a2144564522e944eabff61?s=96&d=mm&r=g","caption":"thomas.berner"},"url":"https:\/\/www.organisator.ch\/de\/author\/thomas-berner\/"}]}},"_links":{"self":[{"href":"https:\/\/www.organisator.ch\/de\/wp-json\/wp\/v2\/posts\/3540","targetHints":{"allow":["GET"]}}],"collection":[{"href":"https:\/\/www.organisator.ch\/de\/wp-json\/wp\/v2\/posts"}],"about":[{"href":"https:\/\/www.organisator.ch\/de\/wp-json\/wp\/v2\/types\/post"}],"author":[{"embeddable":true,"href":"https:\/\/www.organisator.ch\/de\/wp-json\/wp\/v2\/users\/4"}],"replies":[{"embeddable":true,"href":"https:\/\/www.organisator.ch\/de\/wp-json\/wp\/v2\/comments?post=3540"}],"version-history":[{"count":0,"href":"https:\/\/www.organisator.ch\/de\/wp-json\/wp\/v2\/posts\/3540\/revisions"}],"wp:featuredmedia":[{"embeddable":true,"href":"https:\/\/www.organisator.ch\/de\/wp-json\/wp\/v2\/media\/3541"}],"wp:attachment":[{"href":"https:\/\/www.organisator.ch\/de\/wp-json\/wp\/v2\/media?parent=3540"}],"wp:term":[{"taxonomy":"category","embeddable":true,"href":"https:\/\/www.organisator.ch\/de\/wp-json\/wp\/v2\/categories?post=3540"},{"taxonomy":"post_tag","embeddable":true,"href":"https:\/\/www.organisator.ch\/de\/wp-json\/wp\/v2\/tags?post=3540"}],"curies":[{"name":"wp","href":"https:\/\/api.w.org\/{rel}","templated":true}]}}