{"id":35413,"date":"2025-01-21T10:51:43","date_gmt":"2025-01-21T09:51:43","guid":{"rendered":"https:\/\/www.organisator.ch\/?p=35413"},"modified":"2025-01-21T10:51:43","modified_gmt":"2025-01-21T09:51:43","slug":"universitaet-st-gallen-gruendet-auto-schweiz-lehrstuhl-fuer-mobilitaet","status":"publish","type":"post","link":"https:\/\/www.organisator.ch\/de\/weiterbildung\/2025-01-21\/universitaet-st-gallen-gruendet-auto-schweiz-lehrstuhl-fuer-mobilitaet\/","title":{"rendered":"Universit\u00e4t St.Gallen gr\u00fcndet \u00abAuto-Schweiz Lehrstuhl f\u00fcr Mobilit\u00e4t\u00bb"},"content":{"rendered":"<figure id=\"attachment_35414\" aria-describedby=\"caption-attachment-35414\" style=\"width: 680px\" class=\"wp-caption alignnone\"><img loading=\"lazy\" decoding=\"async\" class=\"size-full wp-image-35414\" src=\"https:\/\/www.organisator.ch\/wp-content\/uploads\/2025\/01\/HSG_Bild1_ps.jpg\" alt=\"\" width=\"680\" height=\"453\" srcset=\"https:\/\/www.organisator.ch\/wp-content\/uploads\/2025\/01\/HSG_Bild1_ps.jpg 680w, https:\/\/www.organisator.ch\/wp-content\/uploads\/2025\/01\/HSG_Bild1_ps-18x12.jpg 18w, https:\/\/www.organisator.ch\/wp-content\/uploads\/2025\/01\/HSG_Bild1_ps-375x250.jpg 375w, https:\/\/www.organisator.ch\/wp-content\/uploads\/2025\/01\/HSG_Bild1_ps-525x350.jpg 525w\" sizes=\"auto, (max-width: 680px) 100vw, 680px\" \/><figcaption id=\"caption-attachment-35414\" class=\"wp-caption-text\">Von links: Thomas R\u00fccker (Direktor Auto-Schweiz), Dr. Peter Gr\u00fcnenfelder (Pr\u00e4sident Auto-Schweiz), Prof. Dr. Manuel Ammann (Rektor der Universit\u00e4t St.Gallen) und Prof. Dr. Andreas Herrmann (Direktor des Instituts f\u00fcr Mobilit\u00e4t). (Bild: Universit\u00e4t St.Gallen \/ Hannes Thalmann)<\/figcaption><\/figure>\n<p>Die Schaffung des \u00abAuto-Schweiz Lehrstuhls f\u00fcr Mobilit\u00e4t\u00bb wird durch einen grossz\u00fcgigen F\u00f6rderbeitrag der Vereinigung Schweizer Automobil-Importeure von 2,68 Millionen Franken an die Stiftung der Universit\u00e4t St.Gallen erm\u00f6glicht. Die Kooperationsvereinbarung sieht eine Laufzeit von acht Jahren vor.<\/p>\n<h3><strong>Transformation in der Automobilindustrie<\/strong><\/h3>\n<p>Die Automobilindustrie steht weltweit vor grossen Herausforderungen und befindet sich mitten im gr\u00f6ssten Transformationsprozess ihrer weit \u00fcber einhundertj\u00e4hrigen Geschichte. Megatrends wie Digitalisierung, Elektrifizierung oder Automation bieten ein enormes Potential f\u00fcr k\u00fcnftige Gesch\u00e4ftsmodelle, bergen gleichzeitig aber auch Risiken f\u00fcr etablierte Strukturen, etwa im Fahrzeughandel oder der Mobilit\u00e4t. Mit einem F\u00f6rderbeitrag \u00fcber insgesamt 2&#8217;680&#8217;000 Schweizer Franken will Auto-Schweiz eine tiefgehende wissenschaftliche Begleitung dieser Themen durch die Universit\u00e4t St.Gallen (HSG) erm\u00f6glichen. Der mit dem F\u00f6rderbeitrag geschaffene \u00abAuto-Schweiz Lehrstuhl f\u00fcr Mobilit\u00e4t\u00bb soll zeitnah gegr\u00fcndet und mithilfe eines Berufungsverfahrens besetzt werden.<\/p>\n<p>\u00abDie HSG ist eine der fortschrittlichsten und innovativsten Wirtschaftsuniversit\u00e4ten in Europa\u00bb, h\u00e4lt Auto-Schweiz-Pr\u00e4sident\u00a0Peter Gr\u00fcnenfelder\u00a0fest. \u00abGleichzeitig ist die Automobilindustrie der Motor der Wirtschaft und investiert mit ihrem unersch\u00fctterlichen Zukunftsglauben jedes Jahr Milliardenbetr\u00e4ge in Forschung und Entwicklung neuer Technologien. Unsere Zusammenarbeit und die Erforschung von Zukunftsthemen durch die HSG ist also nichts als konsequent. Mit dem neuen auto-schweiz-Lehrstuhl f\u00fcr Mobilit\u00e4t erh\u00e4lt die Automobilit\u00e4t als einer der gewichtigsten Schweizer Wirtschaftssektoren eine fundierte wissenschaftliche Begleitung bei der Bew\u00e4ltigung der heutigen und zuk\u00fcnftigen Herausforderungen.\u00bb<\/p>\n<h3><strong>Vielf\u00e4ltige Forschungsthemen am neuen Mobilit\u00e4ts-Lehrstuhl<\/strong><\/h3>\n<p>Mit der Partnerschaft erm\u00f6glicht Auto-Schweiz der HSG den Aufbau zus\u00e4tzlicher Kapazit\u00e4ten und Expertise auf dem Gebiet des Mobilit\u00e4tsmanagements, wo sich wichtige Zukunftsfragen stellen. Zum Lehrstuhl geh\u00f6ren eine Assistenz- sowie eine Sekretariatsstelle (100 respektive 50 Stellenprozent). \u00abWir sind Auto-Schweiz sehr dankbar, dass sie uns unterst\u00fctzen, zukunftstr\u00e4chtige L\u00f6sungen f\u00fcr ein optimales Zusammenspiel aller Mobilit\u00e4tsangebote zu entwickeln\u00bb, so Prof. Dr. Manuel Ammann, Rektor der HSG. Entsprechende Partnerschaften geht die HSG nur ein, wenn die Freiheit von Forschung, Lehre und Publikation jederzeit vollumf\u00e4nglich gew\u00e4hrleistet ist. Entsprechend nimmt Auto-Schweiz keinen Einfluss auf den Berufungsprozess oder die inhaltliche Arbeit am neu zu schaffenden Lehrstuhl.<\/p>\n<p>Die Themenvielfalt, aus welcher der \u00abAuto-Schweiz Lehrstuhl f\u00fcr Mobilit\u00e4t\u00bb der HSG seine k\u00fcnftigen Forschungsgebiete ausw\u00e4hlen kann, ist schier unersch\u00f6pflich. So sei etwa die k\u00fcnftige Entwicklung der Elektromobilit\u00e4t und ihr Beitrag zur Emissionsreduktion derzeit ein zentrales Bet\u00e4tigungsfeld der Automobilwirtschaft, erkl\u00e4rt Auto-Schweiz-Direktor Thomas R\u00fccker. \u00abGleichzeitig werden aber auch andere L\u00f6sungen ihren Platz haben und die Bed\u00fcrfnisunterschiede der verschiedenen Fahrzeugarten im Gesamtsystem Verkehr und Mobilit\u00e4t sind nicht zu untersch\u00e4tzen. Hinzu kommen raumplanerische Herausforderungen, insbesondere beim Zusammenspiel verschiedener Verkehrstr\u00e4ger, sowie Trends von Digitalisierung und Automation.\u00bb Auch die Bezahlbarkeit und die uneingeschr\u00e4nkte Verf\u00fcgbarkeit von Mobilit\u00e4t f\u00fcr die gesamte Gesellschaft stelle eine wichtige Fragestellung der Zukunft dar.<\/p>\n<p><em>Quelle: <\/em><a href=\"https:\/\/www.auto.swiss\/\"><em>www.auto.swiss<\/em><\/a><\/p>\n","protected":false},"excerpt":{"rendered":"<p>Ende 2024 haben die Universit\u00e4t St.Gallen und Auto-Schweiz eine F\u00f6rdervereinbarung zur Finanzierung eines Lehrstuhls f\u00fcr Mobilit\u00e4tsmanagement unterzeichnet. Der Aufbau der Forschungseinrichtung soll zentrale Themen wie die Transformation der Automobilindustrie und die Mobilit\u00e4t der Zukunft wissenschaftlich ergr\u00fcnden und begleiten. <\/p>\n","protected":false},"author":80,"featured_media":35414,"comment_status":"closed","ping_status":"closed","sticky":false,"template":"","format":"standard","meta":{"_acf_changed":false,"_yoast_wpseo_focuskw":"Auto-Schweiz Lehrstuhl","_yoast_wpseo_metadesc":"Auto-Schweiz und die HSG schaffen mit einem F\u00f6rderbeitrag einen Lehrstuhl, um die Zukunft der Mobilit\u00e4t wissenschaftlich zu erforschen.","articlekey":"","footnotes":""},"categories":[30],"tags":[3013,5025,3993,354,2700,5008],"class_list":["post-35413","post","type-post","status-publish","format-standard","has-post-thumbnail","hentry","category-weiterbildung","tag-automobilindustrie","tag-forschungseinrichtung","tag-hsg","tag-mobilitaet","tag-transformation","tag-vereinbarung"],"acf":[],"yoast_head":"<!-- This site is optimized with the Yoast SEO plugin v27.4 - https:\/\/yoast.com\/product\/yoast-seo-wordpress\/ -->\n<title>Universit\u00e4t St.Gallen gr\u00fcndet \u00abAuto-Schweiz Lehrstuhl f\u00fcr Mobilit\u00e4t\u00bb - Organisator<\/title>\n<meta name=\"description\" content=\"Auto-Schweiz und die HSG schaffen mit einem F\u00f6rderbeitrag einen Lehrstuhl, um die Zukunft der Mobilit\u00e4t wissenschaftlich zu erforschen.\" \/>\n<meta name=\"robots\" content=\"index, follow, max-snippet:-1, max-image-preview:large, max-video-preview:-1\" \/>\n<link rel=\"canonical\" href=\"https:\/\/www.organisator.ch\/de\/weiterbildung\/2025-01-21\/universitaet-st-gallen-gruendet-auto-schweiz-lehrstuhl-fuer-mobilitaet\/\" \/>\n<meta property=\"og:locale\" content=\"de_DE\" \/>\n<meta property=\"og:type\" content=\"article\" \/>\n<meta property=\"og:title\" content=\"Universit\u00e4t St.Gallen gr\u00fcndet \u00abAuto-Schweiz Lehrstuhl f\u00fcr Mobilit\u00e4t\u00bb\" \/>\n<meta property=\"og:description\" content=\"Auto-Schweiz und die HSG schaffen mit einem F\u00f6rderbeitrag einen Lehrstuhl, um die Zukunft der Mobilit\u00e4t wissenschaftlich zu erforschen.\" \/>\n<meta property=\"og:url\" content=\"https:\/\/www.organisator.ch\/de\/weiterbildung\/2025-01-21\/universitaet-st-gallen-gruendet-auto-schweiz-lehrstuhl-fuer-mobilitaet\/\" \/>\n<meta property=\"og:site_name\" content=\"Organisator\" \/>\n<meta property=\"article:publisher\" content=\"https:\/\/www.facebook.com\/OrganisatorFachmagazin\" \/>\n<meta property=\"article:published_time\" content=\"2025-01-21T09:51:43+00:00\" \/>\n<meta property=\"og:image\" content=\"https:\/\/www.organisator.ch\/wp-content\/uploads\/2025\/01\/HSG_Bild1_ps.jpg\" \/>\n\t<meta property=\"og:image:width\" content=\"680\" \/>\n\t<meta property=\"og:image:height\" content=\"453\" \/>\n\t<meta property=\"og:image:type\" content=\"image\/jpeg\" \/>\n<meta name=\"author\" content=\"Dzana Muminovic\" \/>\n<meta name=\"twitter:card\" content=\"summary_large_image\" \/>\n<meta name=\"twitter:title\" content=\"Universit\u00e4t St.Gallen gr\u00fcndet \u00abAuto-Schweiz Lehrstuhl f\u00fcr Mobilit\u00e4t\u00bb\" \/>\n<meta name=\"twitter:description\" content=\"#Auto-#Schweiz und die #HSG schaffen mit einem #F\u00f6rderbeitrag einen #Lehrstuhl, um die Zukunft der #Mobilit\u00e4t wissenschaftlich zu erforschen.\" \/>\n<meta name=\"twitter:image\" content=\"https:\/\/www.organisator.ch\/wp-content\/uploads\/2025\/01\/HSG_Bild1_ps.jpg\" \/>\n<script type=\"application\/ld+json\" class=\"yoast-schema-graph\">{\"@context\":\"https:\\\/\\\/schema.org\",\"@graph\":[{\"@type\":\"Article\",\"@id\":\"https:\\\/\\\/www.organisator.ch\\\/weiterbildung\\\/2025-01-21\\\/universitaet-st-gallen-gruendet-auto-schweiz-lehrstuhl-fuer-mobilitaet\\\/#article\",\"isPartOf\":{\"@id\":\"https:\\\/\\\/www.organisator.ch\\\/weiterbildung\\\/2025-01-21\\\/universitaet-st-gallen-gruendet-auto-schweiz-lehrstuhl-fuer-mobilitaet\\\/\"},\"author\":{\"name\":\"Dzana Muminovic\",\"@id\":\"https:\\\/\\\/www.organisator.ch\\\/#\\\/schema\\\/person\\\/afccda3a71c06d4be2ed9100dd163db7\"},\"headline\":\"Universit\u00e4t St.Gallen gr\u00fcndet \u00abAuto-Schweiz Lehrstuhl f\u00fcr Mobilit\u00e4t\u00bb\",\"datePublished\":\"2025-01-21T09:51:43+00:00\",\"mainEntityOfPage\":{\"@id\":\"https:\\\/\\\/www.organisator.ch\\\/weiterbildung\\\/2025-01-21\\\/universitaet-st-gallen-gruendet-auto-schweiz-lehrstuhl-fuer-mobilitaet\\\/\"},\"wordCount\":540,\"publisher\":{\"@id\":\"https:\\\/\\\/www.organisator.ch\\\/#organization\"},\"image\":{\"@id\":\"https:\\\/\\\/www.organisator.ch\\\/weiterbildung\\\/2025-01-21\\\/universitaet-st-gallen-gruendet-auto-schweiz-lehrstuhl-fuer-mobilitaet\\\/#primaryimage\"},\"thumbnailUrl\":\"https:\\\/\\\/www.organisator.ch\\\/wp-content\\\/uploads\\\/2025\\\/01\\\/HSG_Bild1_ps.jpg\",\"keywords\":[\"Automobilindustrie\",\"Forschungseinrichtung\",\"HSG\",\"Mobilit\u00e4t\",\"Transformation\",\"Vereinbarung\"],\"articleSection\":[\"WEITERBILDUNG\"],\"inLanguage\":\"de\"},{\"@type\":\"WebPage\",\"@id\":\"https:\\\/\\\/www.organisator.ch\\\/weiterbildung\\\/2025-01-21\\\/universitaet-st-gallen-gruendet-auto-schweiz-lehrstuhl-fuer-mobilitaet\\\/\",\"url\":\"https:\\\/\\\/www.organisator.ch\\\/weiterbildung\\\/2025-01-21\\\/universitaet-st-gallen-gruendet-auto-schweiz-lehrstuhl-fuer-mobilitaet\\\/\",\"name\":\"Universit\u00e4t St.Gallen gr\u00fcndet \u00abAuto-Schweiz Lehrstuhl f\u00fcr Mobilit\u00e4t\u00bb - Organisator\",\"isPartOf\":{\"@id\":\"https:\\\/\\\/www.organisator.ch\\\/#website\"},\"primaryImageOfPage\":{\"@id\":\"https:\\\/\\\/www.organisator.ch\\\/weiterbildung\\\/2025-01-21\\\/universitaet-st-gallen-gruendet-auto-schweiz-lehrstuhl-fuer-mobilitaet\\\/#primaryimage\"},\"image\":{\"@id\":\"https:\\\/\\\/www.organisator.ch\\\/weiterbildung\\\/2025-01-21\\\/universitaet-st-gallen-gruendet-auto-schweiz-lehrstuhl-fuer-mobilitaet\\\/#primaryimage\"},\"thumbnailUrl\":\"https:\\\/\\\/www.organisator.ch\\\/wp-content\\\/uploads\\\/2025\\\/01\\\/HSG_Bild1_ps.jpg\",\"datePublished\":\"2025-01-21T09:51:43+00:00\",\"description\":\"Auto-Schweiz und die HSG schaffen mit einem F\u00f6rderbeitrag einen Lehrstuhl, um die Zukunft der Mobilit\u00e4t wissenschaftlich zu erforschen.\",\"breadcrumb\":{\"@id\":\"https:\\\/\\\/www.organisator.ch\\\/weiterbildung\\\/2025-01-21\\\/universitaet-st-gallen-gruendet-auto-schweiz-lehrstuhl-fuer-mobilitaet\\\/#breadcrumb\"},\"inLanguage\":\"de\",\"potentialAction\":[{\"@type\":\"ReadAction\",\"target\":[\"https:\\\/\\\/www.organisator.ch\\\/weiterbildung\\\/2025-01-21\\\/universitaet-st-gallen-gruendet-auto-schweiz-lehrstuhl-fuer-mobilitaet\\\/\"]}]},{\"@type\":\"ImageObject\",\"inLanguage\":\"de\",\"@id\":\"https:\\\/\\\/www.organisator.ch\\\/weiterbildung\\\/2025-01-21\\\/universitaet-st-gallen-gruendet-auto-schweiz-lehrstuhl-fuer-mobilitaet\\\/#primaryimage\",\"url\":\"https:\\\/\\\/www.organisator.ch\\\/wp-content\\\/uploads\\\/2025\\\/01\\\/HSG_Bild1_ps.jpg\",\"contentUrl\":\"https:\\\/\\\/www.organisator.ch\\\/wp-content\\\/uploads\\\/2025\\\/01\\\/HSG_Bild1_ps.jpg\",\"width\":680,\"height\":453,\"caption\":\"Von links: Thomas R\u00fccker (Direktor Auto-Schweiz), Dr. Peter Gr\u00fcnenfelder (Pr\u00e4sident Auto-Schweiz), Prof. Dr. Manuel Ammann (Rektor der Universit\u00e4t St.Gallen) und Prof. Dr. Andreas Herrmann (Direktor des Instituts f\u00fcr Mobilit\u00e4t). (Bild: Universit\u00e4t St.Gallen \\\/ Hannes Thalmann)\"},{\"@type\":\"BreadcrumbList\",\"@id\":\"https:\\\/\\\/www.organisator.ch\\\/weiterbildung\\\/2025-01-21\\\/universitaet-st-gallen-gruendet-auto-schweiz-lehrstuhl-fuer-mobilitaet\\\/#breadcrumb\",\"itemListElement\":[{\"@type\":\"ListItem\",\"position\":1,\"name\":\"Home\",\"item\":\"https:\\\/\\\/www.organisator.ch\\\/\"},{\"@type\":\"ListItem\",\"position\":2,\"name\":\"Universit\u00e4t St.Gallen gr\u00fcndet \u00abAuto-Schweiz Lehrstuhl f\u00fcr Mobilit\u00e4t\u00bb\"}]},{\"@type\":\"WebSite\",\"@id\":\"https:\\\/\\\/www.organisator.ch\\\/#website\",\"url\":\"https:\\\/\\\/www.organisator.ch\\\/\",\"name\":\"Organisator\",\"description\":\"Kompetent. Praxisnah. Der ORGANISATOR bereitet in 10 Ausgaben pro Jahr die wesentlichen Themen f\u00fcr F\u00fchrungskr\u00e4fte von KMU auf.\",\"publisher\":{\"@id\":\"https:\\\/\\\/www.organisator.ch\\\/#organization\"},\"potentialAction\":[{\"@type\":\"SearchAction\",\"target\":{\"@type\":\"EntryPoint\",\"urlTemplate\":\"https:\\\/\\\/www.organisator.ch\\\/?s={search_term_string}\"},\"query-input\":{\"@type\":\"PropertyValueSpecification\",\"valueRequired\":true,\"valueName\":\"search_term_string\"}}],\"inLanguage\":\"de\"},{\"@type\":\"Organization\",\"@id\":\"https:\\\/\\\/www.organisator.ch\\\/#organization\",\"name\":\"Organisator\",\"url\":\"https:\\\/\\\/www.organisator.ch\\\/\",\"logo\":{\"@type\":\"ImageObject\",\"inLanguage\":\"de\",\"@id\":\"https:\\\/\\\/www.organisator.ch\\\/#\\\/schema\\\/logo\\\/image\\\/\",\"url\":\"https:\\\/\\\/www.organisator.ch\\\/wp-content\\\/uploads\\\/2022\\\/01\\\/Logo_Organisator_Website.png\",\"contentUrl\":\"https:\\\/\\\/www.organisator.ch\\\/wp-content\\\/uploads\\\/2022\\\/01\\\/Logo_Organisator_Website.png\",\"width\":800,\"height\":77,\"caption\":\"Organisator\"},\"image\":{\"@id\":\"https:\\\/\\\/www.organisator.ch\\\/#\\\/schema\\\/logo\\\/image\\\/\"},\"sameAs\":[\"https:\\\/\\\/www.facebook.com\\\/OrganisatorFachmagazin\",\"https:\\\/\\\/www.linkedin.com\\\/showcase\\\/organisator-das-magazin-fr-kmu\",\"https:\\\/\\\/www.xing.com\\\/news\\\/pages\\\/organisator-ch-695\",\"https:\\\/\\\/www.youtube.com\\\/channel\\\/UCGP2Sq0iWaZwT3BdIAQFYpw\"]},{\"@type\":\"Person\",\"@id\":\"https:\\\/\\\/www.organisator.ch\\\/#\\\/schema\\\/person\\\/afccda3a71c06d4be2ed9100dd163db7\",\"name\":\"Dzana Muminovic\",\"image\":{\"@type\":\"ImageObject\",\"inLanguage\":\"de\",\"@id\":\"https:\\\/\\\/secure.gravatar.com\\\/avatar\\\/909c5c71aff4b38e88686f2ab2f1ba152571f394f41ed8bae431ea56ced93050?s=96&d=mm&r=g\",\"url\":\"https:\\\/\\\/secure.gravatar.com\\\/avatar\\\/909c5c71aff4b38e88686f2ab2f1ba152571f394f41ed8bae431ea56ced93050?s=96&d=mm&r=g\",\"contentUrl\":\"https:\\\/\\\/secure.gravatar.com\\\/avatar\\\/909c5c71aff4b38e88686f2ab2f1ba152571f394f41ed8bae431ea56ced93050?s=96&d=mm&r=g\",\"caption\":\"Dzana Muminovic\"},\"url\":\"https:\\\/\\\/www.organisator.ch\\\/de\\\/author\\\/dzana-muminovic\\\/\"}]}<\/script>\n<!-- \/ Yoast SEO plugin. -->","yoast_head_json":{"title":"Universit\u00e4t St.Gallen gr\u00fcndet \u00abAuto-Schweiz Lehrstuhl f\u00fcr Mobilit\u00e4t\u00bb - Organisator","description":"Auto-Schweiz und die HSG schaffen mit einem F\u00f6rderbeitrag einen Lehrstuhl, um die Zukunft der Mobilit\u00e4t wissenschaftlich zu erforschen.","robots":{"index":"index","follow":"follow","max-snippet":"max-snippet:-1","max-image-preview":"max-image-preview:large","max-video-preview":"max-video-preview:-1"},"canonical":"https:\/\/www.organisator.ch\/de\/weiterbildung\/2025-01-21\/universitaet-st-gallen-gruendet-auto-schweiz-lehrstuhl-fuer-mobilitaet\/","og_locale":"de_DE","og_type":"article","og_title":"Universit\u00e4t St.Gallen gr\u00fcndet \u00abAuto-Schweiz Lehrstuhl f\u00fcr Mobilit\u00e4t\u00bb","og_description":"Auto-Schweiz und die HSG schaffen mit einem F\u00f6rderbeitrag einen Lehrstuhl, um die Zukunft der Mobilit\u00e4t wissenschaftlich zu erforschen.","og_url":"https:\/\/www.organisator.ch\/de\/weiterbildung\/2025-01-21\/universitaet-st-gallen-gruendet-auto-schweiz-lehrstuhl-fuer-mobilitaet\/","og_site_name":"Organisator","article_publisher":"https:\/\/www.facebook.com\/OrganisatorFachmagazin","article_published_time":"2025-01-21T09:51:43+00:00","og_image":[{"width":680,"height":453,"url":"https:\/\/www.organisator.ch\/wp-content\/uploads\/2025\/01\/HSG_Bild1_ps.jpg","type":"image\/jpeg"}],"author":"Dzana Muminovic","twitter_card":"summary_large_image","twitter_title":"Universit\u00e4t St.Gallen gr\u00fcndet \u00abAuto-Schweiz Lehrstuhl f\u00fcr Mobilit\u00e4t\u00bb","twitter_description":"#Auto-#Schweiz und die #HSG schaffen mit einem #F\u00f6rderbeitrag einen #Lehrstuhl, um die Zukunft der #Mobilit\u00e4t wissenschaftlich zu erforschen.","twitter_image":"https:\/\/www.organisator.ch\/wp-content\/uploads\/2025\/01\/HSG_Bild1_ps.jpg","schema":{"@context":"https:\/\/schema.org","@graph":[{"@type":"Article","@id":"https:\/\/www.organisator.ch\/weiterbildung\/2025-01-21\/universitaet-st-gallen-gruendet-auto-schweiz-lehrstuhl-fuer-mobilitaet\/#article","isPartOf":{"@id":"https:\/\/www.organisator.ch\/weiterbildung\/2025-01-21\/universitaet-st-gallen-gruendet-auto-schweiz-lehrstuhl-fuer-mobilitaet\/"},"author":{"name":"Dzana Muminovic","@id":"https:\/\/www.organisator.ch\/#\/schema\/person\/afccda3a71c06d4be2ed9100dd163db7"},"headline":"Universit\u00e4t St.Gallen gr\u00fcndet \u00abAuto-Schweiz Lehrstuhl f\u00fcr Mobilit\u00e4t\u00bb","datePublished":"2025-01-21T09:51:43+00:00","mainEntityOfPage":{"@id":"https:\/\/www.organisator.ch\/weiterbildung\/2025-01-21\/universitaet-st-gallen-gruendet-auto-schweiz-lehrstuhl-fuer-mobilitaet\/"},"wordCount":540,"publisher":{"@id":"https:\/\/www.organisator.ch\/#organization"},"image":{"@id":"https:\/\/www.organisator.ch\/weiterbildung\/2025-01-21\/universitaet-st-gallen-gruendet-auto-schweiz-lehrstuhl-fuer-mobilitaet\/#primaryimage"},"thumbnailUrl":"https:\/\/www.organisator.ch\/wp-content\/uploads\/2025\/01\/HSG_Bild1_ps.jpg","keywords":["Automobilindustrie","Forschungseinrichtung","HSG","Mobilit\u00e4t","Transformation","Vereinbarung"],"articleSection":["WEITERBILDUNG"],"inLanguage":"de"},{"@type":"WebPage","@id":"https:\/\/www.organisator.ch\/weiterbildung\/2025-01-21\/universitaet-st-gallen-gruendet-auto-schweiz-lehrstuhl-fuer-mobilitaet\/","url":"https:\/\/www.organisator.ch\/weiterbildung\/2025-01-21\/universitaet-st-gallen-gruendet-auto-schweiz-lehrstuhl-fuer-mobilitaet\/","name":"Universit\u00e4t St.Gallen gr\u00fcndet \u00abAuto-Schweiz Lehrstuhl f\u00fcr Mobilit\u00e4t\u00bb - Organisator","isPartOf":{"@id":"https:\/\/www.organisator.ch\/#website"},"primaryImageOfPage":{"@id":"https:\/\/www.organisator.ch\/weiterbildung\/2025-01-21\/universitaet-st-gallen-gruendet-auto-schweiz-lehrstuhl-fuer-mobilitaet\/#primaryimage"},"image":{"@id":"https:\/\/www.organisator.ch\/weiterbildung\/2025-01-21\/universitaet-st-gallen-gruendet-auto-schweiz-lehrstuhl-fuer-mobilitaet\/#primaryimage"},"thumbnailUrl":"https:\/\/www.organisator.ch\/wp-content\/uploads\/2025\/01\/HSG_Bild1_ps.jpg","datePublished":"2025-01-21T09:51:43+00:00","description":"Auto-Schweiz und die HSG schaffen mit einem F\u00f6rderbeitrag einen Lehrstuhl, um die Zukunft der Mobilit\u00e4t wissenschaftlich zu erforschen.","breadcrumb":{"@id":"https:\/\/www.organisator.ch\/weiterbildung\/2025-01-21\/universitaet-st-gallen-gruendet-auto-schweiz-lehrstuhl-fuer-mobilitaet\/#breadcrumb"},"inLanguage":"de","potentialAction":[{"@type":"ReadAction","target":["https:\/\/www.organisator.ch\/weiterbildung\/2025-01-21\/universitaet-st-gallen-gruendet-auto-schweiz-lehrstuhl-fuer-mobilitaet\/"]}]},{"@type":"ImageObject","inLanguage":"de","@id":"https:\/\/www.organisator.ch\/weiterbildung\/2025-01-21\/universitaet-st-gallen-gruendet-auto-schweiz-lehrstuhl-fuer-mobilitaet\/#primaryimage","url":"https:\/\/www.organisator.ch\/wp-content\/uploads\/2025\/01\/HSG_Bild1_ps.jpg","contentUrl":"https:\/\/www.organisator.ch\/wp-content\/uploads\/2025\/01\/HSG_Bild1_ps.jpg","width":680,"height":453,"caption":"Von links: Thomas R\u00fccker (Direktor Auto-Schweiz), Dr. Peter Gr\u00fcnenfelder (Pr\u00e4sident Auto-Schweiz), Prof. Dr. Manuel Ammann (Rektor der Universit\u00e4t St.Gallen) und Prof. Dr. Andreas Herrmann (Direktor des Instituts f\u00fcr Mobilit\u00e4t). (Bild: Universit\u00e4t St.Gallen \/ Hannes Thalmann)"},{"@type":"BreadcrumbList","@id":"https:\/\/www.organisator.ch\/weiterbildung\/2025-01-21\/universitaet-st-gallen-gruendet-auto-schweiz-lehrstuhl-fuer-mobilitaet\/#breadcrumb","itemListElement":[{"@type":"ListItem","position":1,"name":"Home","item":"https:\/\/www.organisator.ch\/"},{"@type":"ListItem","position":2,"name":"Universit\u00e4t St.Gallen gr\u00fcndet \u00abAuto-Schweiz Lehrstuhl f\u00fcr Mobilit\u00e4t\u00bb"}]},{"@type":"WebSite","@id":"https:\/\/www.organisator.ch\/#website","url":"https:\/\/www.organisator.ch\/","name":"Organisator","description":"Kompetent. Praxisnah. Der ORGANISATOR bereitet in 10 Ausgaben pro Jahr die wesentlichen Themen f\u00fcr F\u00fchrungskr\u00e4fte von KMU auf.","publisher":{"@id":"https:\/\/www.organisator.ch\/#organization"},"potentialAction":[{"@type":"SearchAction","target":{"@type":"EntryPoint","urlTemplate":"https:\/\/www.organisator.ch\/?s={search_term_string}"},"query-input":{"@type":"PropertyValueSpecification","valueRequired":true,"valueName":"search_term_string"}}],"inLanguage":"de"},{"@type":"Organization","@id":"https:\/\/www.organisator.ch\/#organization","name":"Organisator","url":"https:\/\/www.organisator.ch\/","logo":{"@type":"ImageObject","inLanguage":"de","@id":"https:\/\/www.organisator.ch\/#\/schema\/logo\/image\/","url":"https:\/\/www.organisator.ch\/wp-content\/uploads\/2022\/01\/Logo_Organisator_Website.png","contentUrl":"https:\/\/www.organisator.ch\/wp-content\/uploads\/2022\/01\/Logo_Organisator_Website.png","width":800,"height":77,"caption":"Organisator"},"image":{"@id":"https:\/\/www.organisator.ch\/#\/schema\/logo\/image\/"},"sameAs":["https:\/\/www.facebook.com\/OrganisatorFachmagazin","https:\/\/www.linkedin.com\/showcase\/organisator-das-magazin-fr-kmu","https:\/\/www.xing.com\/news\/pages\/organisator-ch-695","https:\/\/www.youtube.com\/channel\/UCGP2Sq0iWaZwT3BdIAQFYpw"]},{"@type":"Person","@id":"https:\/\/www.organisator.ch\/#\/schema\/person\/afccda3a71c06d4be2ed9100dd163db7","name":"Dzana Muminovic","image":{"@type":"ImageObject","inLanguage":"de","@id":"https:\/\/secure.gravatar.com\/avatar\/909c5c71aff4b38e88686f2ab2f1ba152571f394f41ed8bae431ea56ced93050?s=96&d=mm&r=g","url":"https:\/\/secure.gravatar.com\/avatar\/909c5c71aff4b38e88686f2ab2f1ba152571f394f41ed8bae431ea56ced93050?s=96&d=mm&r=g","contentUrl":"https:\/\/secure.gravatar.com\/avatar\/909c5c71aff4b38e88686f2ab2f1ba152571f394f41ed8bae431ea56ced93050?s=96&d=mm&r=g","caption":"Dzana Muminovic"},"url":"https:\/\/www.organisator.ch\/de\/author\/dzana-muminovic\/"}]}},"_links":{"self":[{"href":"https:\/\/www.organisator.ch\/de\/wp-json\/wp\/v2\/posts\/35413","targetHints":{"allow":["GET"]}}],"collection":[{"href":"https:\/\/www.organisator.ch\/de\/wp-json\/wp\/v2\/posts"}],"about":[{"href":"https:\/\/www.organisator.ch\/de\/wp-json\/wp\/v2\/types\/post"}],"author":[{"embeddable":true,"href":"https:\/\/www.organisator.ch\/de\/wp-json\/wp\/v2\/users\/80"}],"replies":[{"embeddable":true,"href":"https:\/\/www.organisator.ch\/de\/wp-json\/wp\/v2\/comments?post=35413"}],"version-history":[{"count":4,"href":"https:\/\/www.organisator.ch\/de\/wp-json\/wp\/v2\/posts\/35413\/revisions"}],"predecessor-version":[{"id":35456,"href":"https:\/\/www.organisator.ch\/de\/wp-json\/wp\/v2\/posts\/35413\/revisions\/35456"}],"wp:featuredmedia":[{"embeddable":true,"href":"https:\/\/www.organisator.ch\/de\/wp-json\/wp\/v2\/media\/35414"}],"wp:attachment":[{"href":"https:\/\/www.organisator.ch\/de\/wp-json\/wp\/v2\/media?parent=35413"}],"wp:term":[{"taxonomy":"category","embeddable":true,"href":"https:\/\/www.organisator.ch\/de\/wp-json\/wp\/v2\/categories?post=35413"},{"taxonomy":"post_tag","embeddable":true,"href":"https:\/\/www.organisator.ch\/de\/wp-json\/wp\/v2\/tags?post=35413"}],"curies":[{"name":"wp","href":"https:\/\/api.w.org\/{rel}","templated":true}]}}