{"id":3545,"date":"2020-12-01T16:48:51","date_gmt":"2020-12-01T15:48:51","guid":{"rendered":"https:\/\/www.umweltperspektiven.ch\/?p=3545"},"modified":"2022-02-09T11:06:12","modified_gmt":"2022-02-09T10:06:12","slug":"ueber-60-sprachen-sich-gegen-windenergieverbot-aus","status":"publish","type":"post","link":"https:\/\/www.organisator.ch\/de\/sustainability\/2020-12-01\/ueber-60-sprachen-sich-gegen-windenergieverbot-aus\/","title":{"rendered":"\u00dcber 60% sprachen sich gegen Windenergieverbot aus"},"content":{"rendered":"<figure id=\"attachment_3546\" aria-describedby=\"caption-attachment-3546\" style=\"width: 680px\" class=\"wp-caption aligncenter\"><img loading=\"lazy\" decoding=\"async\" class=\"size-medium wp-image-3546\" src=\"\/\/www.umweltperspektiven.ch\/wp-content\/uploads\/2020\/12\/Windenergie.jpg\" alt=\"\" width=\"680\" height=\"816\" srcset=\"https:\/\/www.organisator.ch\/wp-content\/uploads\/2020\/12\/Windenergie.jpg 788w, https:\/\/www.organisator.ch\/wp-content\/uploads\/2020\/12\/Windenergie-680x816.jpg 680w, https:\/\/www.organisator.ch\/wp-content\/uploads\/2020\/12\/Windenergie-768x922.jpg 768w, https:\/\/www.organisator.ch\/wp-content\/uploads\/2020\/12\/Windenergie-10x12.jpg 10w, https:\/\/www.organisator.ch\/wp-content\/uploads\/2020\/12\/Windenergie-146x175.jpg 146w, https:\/\/www.organisator.ch\/wp-content\/uploads\/2020\/12\/Windenergie-292x350.jpg 292w, https:\/\/www.organisator.ch\/wp-content\/uploads\/2020\/12\/Windenergie-666x800.jpg 666w, https:\/\/www.organisator.ch\/wp-content\/uploads\/2020\/12\/Windenergie-300x360.jpg 300w\" sizes=\"auto, (max-width: 680px) 100vw, 680px\" \/><figcaption id=\"caption-attachment-3546\" class=\"wp-caption-text\">Eine Windenergieanlage GE 5.3-158, wie sie in Hitzkirch geplant ist.<br \/>Quelle: GE Renewable Energy<\/figcaption><\/figure>\n<p>Auf dem Lindenberg in Hitzkirch ist ein Windpark mit f\u00fcnf Anlagen in Planung: vier Windenergieanlagen im aargauischen Beinwil im Freiamt, eine auf Luzerner Seite (vgl. <a href=\"\/\/www.windpark-lindenberg.ch\/\">hier<\/a>). In Hitzkirch hatte der Verein Pro Lindenberg eine Gemeindeinitiative lanciert, die die Nutzung der Windenergie auf der Luzerner Seite des Lindenbergs verbieten w\u00fcrde. Knapp 60% der Bev\u00f6lkerung folgten dem Gemeinderat und haben sich am Sonntag, dem 29.11.20, an der Urne gegen ein Windenergieverbot in der Gemeinde ausgesprochen.<\/p>\n<p><strong>Generelles Verbot abgeschmettert<\/strong><\/p>\n<p>Der Gemeinderat bef\u00fcrwortet eine sachliche Pr\u00fcfung eines Windparks, sobald konkrete Projektunterlagen inklusive Umweltvertr\u00e4glichkeitsbericht vorliegen. Er argumentierte, erst dann lasse sich beantworten, ob der Lindenberg f\u00fcr Windenergie geeignet sei oder nicht. Die Gemeindeinitiative forderte ein generelles Verbot der Windenergienutzung. Sie wollte damit verhindern, dass \u00fcber den Teil des Windparks Lindenberg, der die Gemeinde Hitzkirch betrifft, auf Grund von Fakten fundiert und sachlich entschieden werden kann.<\/p>\n<p><strong>Umweltvertr\u00e4glichkeitspr\u00fcfung steht noch aus<\/strong><\/p>\n<p>Die Stimmb\u00fcrgerinnen und Stimmb\u00fcrger der Gemeinden von Beinwil und Hitzkirch werden dar\u00fcber entscheiden, ob auf dem Lindenberg ein Windpark realisiert werden kann oder nicht. Nach gut schweizerischer Tradition tun sie dies erst dann, wenn im Rahmen der notwendigen Zonenplan\u00e4nderung alle Vor- und Nachteile auf dem Tisch liegen. Dies wird voraussichtlich 2022 soweit sein. Dann wird unter anderem auch eine detaillierte Umweltvertr\u00e4glichkeitspr\u00fcfung vorliegen, die das Projekt auf Herz und Nieren pr\u00fcft. Ein Nein an der Urne in Hitzkirch w\u00e4re nicht nur ein voreiliges Nein zur Nutzung erneuerbarer Energien in der Region, sondern auch gegen\u00fcber den lokalen Initianten des Projektes, die seit 2007 engagiert und seri\u00f6s planen, unw\u00fcrdig gewesen.<\/p>\n<p><em>Quelle: Suisse Eole<\/em><\/p>\n<p>&nbsp;<\/p>\n<p>&nbsp;<\/p>\n<p>&nbsp;<\/p>\n","protected":false},"excerpt":{"rendered":"<p>Auf dem Lindenberg in Hitzkirch ist ein Windpark mit f\u00fcnf Anlagen in Planung: vier Windenergieanlagen im aargauischen Beinwil im Freiamt, eine auf Luzerner Seite (vgl. hier). In Hitzkirch hatte der Verein Pro Lindenberg eine Gemeindeinitiative lanciert, die die Nutzung der Windenergie auf der Luzerner Seite des Lindenbergs verbieten w\u00fcrde. Knapp 60% der Bev\u00f6lkerung folgten dem [&hellip;]<\/p>\n","protected":false},"author":6,"featured_media":3546,"comment_status":"closed","ping_status":"closed","sticky":false,"template":"","format":"standard","meta":{"_acf_changed":false,"_yoast_wpseo_focuskw":"Windpark","_yoast_wpseo_metadesc":"Der Ausbau von erneuerbaren Energien st\u00f6sst nicht selten auf Widerstand. Nicht so in Hitzkirch - ein generelles Windenergieverbot wurde dort abgelehnt.","articlekey":"","footnotes":""},"categories":[580],"tags":[1363,2236,2568,2569],"class_list":["post-3545","post","type-post","status-publish","format-standard","has-post-thumbnail","hentry","category-sustainability","tag-hitzkirch","tag-suisse-eole","tag-windanlage","tag-windenergie"],"acf":[],"yoast_head":"<!-- This site is optimized with the Yoast SEO plugin v27.4 - https:\/\/yoast.com\/product\/yoast-seo-wordpress\/ -->\n<title>\u00dcber 60% sprachen sich gegen Windenergieverbot aus - Organisator<\/title>\n<meta name=\"description\" content=\"Der Ausbau von erneuerbaren Energien st\u00f6sst nicht selten auf Widerstand. Nicht so in Hitzkirch - ein generelles Windenergieverbot wurde dort abgelehnt.\" \/>\n<meta name=\"robots\" content=\"index, follow, max-snippet:-1, max-image-preview:large, max-video-preview:-1\" \/>\n<link rel=\"canonical\" href=\"https:\/\/www.organisator.ch\/de\/sustainability\/2020-12-01\/ueber-60-sprachen-sich-gegen-windenergieverbot-aus\/\" \/>\n<meta property=\"og:locale\" content=\"de_DE\" \/>\n<meta property=\"og:type\" content=\"article\" \/>\n<meta property=\"og:title\" content=\"\u00dcber 60% sprachen sich gegen Windenergieverbot aus - Organisator\" \/>\n<meta property=\"og:description\" content=\"Der Ausbau von erneuerbaren Energien st\u00f6sst nicht selten auf Widerstand. Nicht so in Hitzkirch - ein generelles Windenergieverbot wurde dort abgelehnt.\" \/>\n<meta property=\"og:url\" content=\"https:\/\/www.organisator.ch\/de\/sustainability\/2020-12-01\/ueber-60-sprachen-sich-gegen-windenergieverbot-aus\/\" \/>\n<meta property=\"og:site_name\" content=\"Organisator\" \/>\n<meta property=\"article:publisher\" content=\"https:\/\/www.facebook.com\/OrganisatorFachmagazin\" \/>\n<meta property=\"article:published_time\" content=\"2020-12-01T15:48:51+00:00\" \/>\n<meta property=\"article:modified_time\" content=\"2022-02-09T10:06:12+00:00\" \/>\n<meta property=\"og:image\" content=\"https:\/\/www.organisator.ch\/wp-content\/uploads\/2020\/12\/Windenergie.jpg\" \/>\n\t<meta property=\"og:image:width\" content=\"788\" \/>\n\t<meta property=\"og:image:height\" content=\"946\" \/>\n\t<meta property=\"og:image:type\" content=\"image\/jpeg\" \/>\n<meta name=\"author\" content=\"roger.straessle\" \/>\n<meta name=\"twitter:card\" content=\"summary_large_image\" \/>\n<script type=\"application\/ld+json\" class=\"yoast-schema-graph\">{\"@context\":\"https:\\\/\\\/schema.org\",\"@graph\":[{\"@type\":\"Article\",\"@id\":\"https:\\\/\\\/www.organisator.ch\\\/sustainability\\\/2020-12-01\\\/ueber-60-sprachen-sich-gegen-windenergieverbot-aus\\\/#article\",\"isPartOf\":{\"@id\":\"https:\\\/\\\/www.organisator.ch\\\/sustainability\\\/2020-12-01\\\/ueber-60-sprachen-sich-gegen-windenergieverbot-aus\\\/\"},\"author\":{\"name\":\"roger.straessle\",\"@id\":\"https:\\\/\\\/www.organisator.ch\\\/#\\\/schema\\\/person\\\/a800b8c54e208b160517a7dcc323161d\"},\"headline\":\"\u00dcber 60% sprachen sich gegen Windenergieverbot aus\",\"datePublished\":\"2020-12-01T15:48:51+00:00\",\"dateModified\":\"2022-02-09T10:06:12+00:00\",\"mainEntityOfPage\":{\"@id\":\"https:\\\/\\\/www.organisator.ch\\\/sustainability\\\/2020-12-01\\\/ueber-60-sprachen-sich-gegen-windenergieverbot-aus\\\/\"},\"wordCount\":300,\"publisher\":{\"@id\":\"https:\\\/\\\/www.organisator.ch\\\/#organization\"},\"image\":{\"@id\":\"https:\\\/\\\/www.organisator.ch\\\/sustainability\\\/2020-12-01\\\/ueber-60-sprachen-sich-gegen-windenergieverbot-aus\\\/#primaryimage\"},\"thumbnailUrl\":\"https:\\\/\\\/www.organisator.ch\\\/wp-content\\\/uploads\\\/2020\\\/12\\\/Windenergie.jpg\",\"keywords\":[\"Hitzkirch\",\"Suisse Eole\",\"Windanlage\",\"Windenergie\"],\"articleSection\":[\"SUSTAINABILITY\"],\"inLanguage\":\"de\"},{\"@type\":\"WebPage\",\"@id\":\"https:\\\/\\\/www.organisator.ch\\\/sustainability\\\/2020-12-01\\\/ueber-60-sprachen-sich-gegen-windenergieverbot-aus\\\/\",\"url\":\"https:\\\/\\\/www.organisator.ch\\\/sustainability\\\/2020-12-01\\\/ueber-60-sprachen-sich-gegen-windenergieverbot-aus\\\/\",\"name\":\"\u00dcber 60% sprachen sich gegen Windenergieverbot aus - Organisator\",\"isPartOf\":{\"@id\":\"https:\\\/\\\/www.organisator.ch\\\/#website\"},\"primaryImageOfPage\":{\"@id\":\"https:\\\/\\\/www.organisator.ch\\\/sustainability\\\/2020-12-01\\\/ueber-60-sprachen-sich-gegen-windenergieverbot-aus\\\/#primaryimage\"},\"image\":{\"@id\":\"https:\\\/\\\/www.organisator.ch\\\/sustainability\\\/2020-12-01\\\/ueber-60-sprachen-sich-gegen-windenergieverbot-aus\\\/#primaryimage\"},\"thumbnailUrl\":\"https:\\\/\\\/www.organisator.ch\\\/wp-content\\\/uploads\\\/2020\\\/12\\\/Windenergie.jpg\",\"datePublished\":\"2020-12-01T15:48:51+00:00\",\"dateModified\":\"2022-02-09T10:06:12+00:00\",\"description\":\"Der Ausbau von erneuerbaren Energien st\u00f6sst nicht selten auf Widerstand. Nicht so in Hitzkirch - ein generelles Windenergieverbot wurde dort abgelehnt.\",\"breadcrumb\":{\"@id\":\"https:\\\/\\\/www.organisator.ch\\\/sustainability\\\/2020-12-01\\\/ueber-60-sprachen-sich-gegen-windenergieverbot-aus\\\/#breadcrumb\"},\"inLanguage\":\"de\",\"potentialAction\":[{\"@type\":\"ReadAction\",\"target\":[\"https:\\\/\\\/www.organisator.ch\\\/sustainability\\\/2020-12-01\\\/ueber-60-sprachen-sich-gegen-windenergieverbot-aus\\\/\"]}]},{\"@type\":\"ImageObject\",\"inLanguage\":\"de\",\"@id\":\"https:\\\/\\\/www.organisator.ch\\\/sustainability\\\/2020-12-01\\\/ueber-60-sprachen-sich-gegen-windenergieverbot-aus\\\/#primaryimage\",\"url\":\"https:\\\/\\\/www.organisator.ch\\\/wp-content\\\/uploads\\\/2020\\\/12\\\/Windenergie.jpg\",\"contentUrl\":\"https:\\\/\\\/www.organisator.ch\\\/wp-content\\\/uploads\\\/2020\\\/12\\\/Windenergie.jpg\",\"width\":788,\"height\":946,\"caption\":\"Eine Windenergieanlage GE 5.3-158, wie sie in Hitzkirch geplant ist. Quelle: GE Renewable Energy\"},{\"@type\":\"BreadcrumbList\",\"@id\":\"https:\\\/\\\/www.organisator.ch\\\/sustainability\\\/2020-12-01\\\/ueber-60-sprachen-sich-gegen-windenergieverbot-aus\\\/#breadcrumb\",\"itemListElement\":[{\"@type\":\"ListItem\",\"position\":1,\"name\":\"Home\",\"item\":\"https:\\\/\\\/www.organisator.ch\\\/\"},{\"@type\":\"ListItem\",\"position\":2,\"name\":\"\u00dcber 60% sprachen sich gegen Windenergieverbot aus\"}]},{\"@type\":\"WebSite\",\"@id\":\"https:\\\/\\\/www.organisator.ch\\\/#website\",\"url\":\"https:\\\/\\\/www.organisator.ch\\\/\",\"name\":\"Organisator\",\"description\":\"Kompetent. Praxisnah. Der ORGANISATOR bereitet in 10 Ausgaben pro Jahr die wesentlichen Themen f\u00fcr F\u00fchrungskr\u00e4fte von KMU auf.\",\"publisher\":{\"@id\":\"https:\\\/\\\/www.organisator.ch\\\/#organization\"},\"potentialAction\":[{\"@type\":\"SearchAction\",\"target\":{\"@type\":\"EntryPoint\",\"urlTemplate\":\"https:\\\/\\\/www.organisator.ch\\\/?s={search_term_string}\"},\"query-input\":{\"@type\":\"PropertyValueSpecification\",\"valueRequired\":true,\"valueName\":\"search_term_string\"}}],\"inLanguage\":\"de\"},{\"@type\":\"Organization\",\"@id\":\"https:\\\/\\\/www.organisator.ch\\\/#organization\",\"name\":\"Organisator\",\"url\":\"https:\\\/\\\/www.organisator.ch\\\/\",\"logo\":{\"@type\":\"ImageObject\",\"inLanguage\":\"de\",\"@id\":\"https:\\\/\\\/www.organisator.ch\\\/#\\\/schema\\\/logo\\\/image\\\/\",\"url\":\"https:\\\/\\\/www.organisator.ch\\\/wp-content\\\/uploads\\\/2022\\\/01\\\/Logo_Organisator_Website.png\",\"contentUrl\":\"https:\\\/\\\/www.organisator.ch\\\/wp-content\\\/uploads\\\/2022\\\/01\\\/Logo_Organisator_Website.png\",\"width\":800,\"height\":77,\"caption\":\"Organisator\"},\"image\":{\"@id\":\"https:\\\/\\\/www.organisator.ch\\\/#\\\/schema\\\/logo\\\/image\\\/\"},\"sameAs\":[\"https:\\\/\\\/www.facebook.com\\\/OrganisatorFachmagazin\",\"https:\\\/\\\/www.linkedin.com\\\/showcase\\\/organisator-das-magazin-fr-kmu\",\"https:\\\/\\\/www.xing.com\\\/news\\\/pages\\\/organisator-ch-695\",\"https:\\\/\\\/www.youtube.com\\\/channel\\\/UCGP2Sq0iWaZwT3BdIAQFYpw\"]},{\"@type\":\"Person\",\"@id\":\"https:\\\/\\\/www.organisator.ch\\\/#\\\/schema\\\/person\\\/a800b8c54e208b160517a7dcc323161d\",\"name\":\"roger.straessle\",\"image\":{\"@type\":\"ImageObject\",\"inLanguage\":\"de\",\"@id\":\"https:\\\/\\\/secure.gravatar.com\\\/avatar\\\/?s=96&d=mm&r=g\",\"url\":\"https:\\\/\\\/secure.gravatar.com\\\/avatar\\\/?s=96&d=mm&r=g\",\"contentUrl\":\"https:\\\/\\\/secure.gravatar.com\\\/avatar\\\/?s=96&d=mm&r=g\",\"caption\":\"roger.straessle\"},\"url\":\"https:\\\/\\\/www.organisator.ch\\\/de\\\/author\\\/roger-straessle\\\/\"}]}<\/script>\n<!-- \/ Yoast SEO plugin. -->","yoast_head_json":{"title":"\u00dcber 60% sprachen sich gegen Windenergieverbot aus - Organisator","description":"Der Ausbau von erneuerbaren Energien st\u00f6sst nicht selten auf Widerstand. Nicht so in Hitzkirch - ein generelles Windenergieverbot wurde dort abgelehnt.","robots":{"index":"index","follow":"follow","max-snippet":"max-snippet:-1","max-image-preview":"max-image-preview:large","max-video-preview":"max-video-preview:-1"},"canonical":"https:\/\/www.organisator.ch\/de\/sustainability\/2020-12-01\/ueber-60-sprachen-sich-gegen-windenergieverbot-aus\/","og_locale":"de_DE","og_type":"article","og_title":"\u00dcber 60% sprachen sich gegen Windenergieverbot aus - Organisator","og_description":"Der Ausbau von erneuerbaren Energien st\u00f6sst nicht selten auf Widerstand. Nicht so in Hitzkirch - ein generelles Windenergieverbot wurde dort abgelehnt.","og_url":"https:\/\/www.organisator.ch\/de\/sustainability\/2020-12-01\/ueber-60-sprachen-sich-gegen-windenergieverbot-aus\/","og_site_name":"Organisator","article_publisher":"https:\/\/www.facebook.com\/OrganisatorFachmagazin","article_published_time":"2020-12-01T15:48:51+00:00","article_modified_time":"2022-02-09T10:06:12+00:00","og_image":[{"width":788,"height":946,"url":"https:\/\/www.organisator.ch\/wp-content\/uploads\/2020\/12\/Windenergie.jpg","type":"image\/jpeg"}],"author":"roger.straessle","twitter_card":"summary_large_image","schema":{"@context":"https:\/\/schema.org","@graph":[{"@type":"Article","@id":"https:\/\/www.organisator.ch\/sustainability\/2020-12-01\/ueber-60-sprachen-sich-gegen-windenergieverbot-aus\/#article","isPartOf":{"@id":"https:\/\/www.organisator.ch\/sustainability\/2020-12-01\/ueber-60-sprachen-sich-gegen-windenergieverbot-aus\/"},"author":{"name":"roger.straessle","@id":"https:\/\/www.organisator.ch\/#\/schema\/person\/a800b8c54e208b160517a7dcc323161d"},"headline":"\u00dcber 60% sprachen sich gegen Windenergieverbot aus","datePublished":"2020-12-01T15:48:51+00:00","dateModified":"2022-02-09T10:06:12+00:00","mainEntityOfPage":{"@id":"https:\/\/www.organisator.ch\/sustainability\/2020-12-01\/ueber-60-sprachen-sich-gegen-windenergieverbot-aus\/"},"wordCount":300,"publisher":{"@id":"https:\/\/www.organisator.ch\/#organization"},"image":{"@id":"https:\/\/www.organisator.ch\/sustainability\/2020-12-01\/ueber-60-sprachen-sich-gegen-windenergieverbot-aus\/#primaryimage"},"thumbnailUrl":"https:\/\/www.organisator.ch\/wp-content\/uploads\/2020\/12\/Windenergie.jpg","keywords":["Hitzkirch","Suisse Eole","Windanlage","Windenergie"],"articleSection":["SUSTAINABILITY"],"inLanguage":"de"},{"@type":"WebPage","@id":"https:\/\/www.organisator.ch\/sustainability\/2020-12-01\/ueber-60-sprachen-sich-gegen-windenergieverbot-aus\/","url":"https:\/\/www.organisator.ch\/sustainability\/2020-12-01\/ueber-60-sprachen-sich-gegen-windenergieverbot-aus\/","name":"\u00dcber 60% sprachen sich gegen Windenergieverbot aus - Organisator","isPartOf":{"@id":"https:\/\/www.organisator.ch\/#website"},"primaryImageOfPage":{"@id":"https:\/\/www.organisator.ch\/sustainability\/2020-12-01\/ueber-60-sprachen-sich-gegen-windenergieverbot-aus\/#primaryimage"},"image":{"@id":"https:\/\/www.organisator.ch\/sustainability\/2020-12-01\/ueber-60-sprachen-sich-gegen-windenergieverbot-aus\/#primaryimage"},"thumbnailUrl":"https:\/\/www.organisator.ch\/wp-content\/uploads\/2020\/12\/Windenergie.jpg","datePublished":"2020-12-01T15:48:51+00:00","dateModified":"2022-02-09T10:06:12+00:00","description":"Der Ausbau von erneuerbaren Energien st\u00f6sst nicht selten auf Widerstand. Nicht so in Hitzkirch - ein generelles Windenergieverbot wurde dort abgelehnt.","breadcrumb":{"@id":"https:\/\/www.organisator.ch\/sustainability\/2020-12-01\/ueber-60-sprachen-sich-gegen-windenergieverbot-aus\/#breadcrumb"},"inLanguage":"de","potentialAction":[{"@type":"ReadAction","target":["https:\/\/www.organisator.ch\/sustainability\/2020-12-01\/ueber-60-sprachen-sich-gegen-windenergieverbot-aus\/"]}]},{"@type":"ImageObject","inLanguage":"de","@id":"https:\/\/www.organisator.ch\/sustainability\/2020-12-01\/ueber-60-sprachen-sich-gegen-windenergieverbot-aus\/#primaryimage","url":"https:\/\/www.organisator.ch\/wp-content\/uploads\/2020\/12\/Windenergie.jpg","contentUrl":"https:\/\/www.organisator.ch\/wp-content\/uploads\/2020\/12\/Windenergie.jpg","width":788,"height":946,"caption":"Eine Windenergieanlage GE 5.3-158, wie sie in Hitzkirch geplant ist. Quelle: GE Renewable Energy"},{"@type":"BreadcrumbList","@id":"https:\/\/www.organisator.ch\/sustainability\/2020-12-01\/ueber-60-sprachen-sich-gegen-windenergieverbot-aus\/#breadcrumb","itemListElement":[{"@type":"ListItem","position":1,"name":"Home","item":"https:\/\/www.organisator.ch\/"},{"@type":"ListItem","position":2,"name":"\u00dcber 60% sprachen sich gegen Windenergieverbot aus"}]},{"@type":"WebSite","@id":"https:\/\/www.organisator.ch\/#website","url":"https:\/\/www.organisator.ch\/","name":"Organisator","description":"Kompetent. Praxisnah. Der ORGANISATOR bereitet in 10 Ausgaben pro Jahr die wesentlichen Themen f\u00fcr F\u00fchrungskr\u00e4fte von KMU auf.","publisher":{"@id":"https:\/\/www.organisator.ch\/#organization"},"potentialAction":[{"@type":"SearchAction","target":{"@type":"EntryPoint","urlTemplate":"https:\/\/www.organisator.ch\/?s={search_term_string}"},"query-input":{"@type":"PropertyValueSpecification","valueRequired":true,"valueName":"search_term_string"}}],"inLanguage":"de"},{"@type":"Organization","@id":"https:\/\/www.organisator.ch\/#organization","name":"Organisator","url":"https:\/\/www.organisator.ch\/","logo":{"@type":"ImageObject","inLanguage":"de","@id":"https:\/\/www.organisator.ch\/#\/schema\/logo\/image\/","url":"https:\/\/www.organisator.ch\/wp-content\/uploads\/2022\/01\/Logo_Organisator_Website.png","contentUrl":"https:\/\/www.organisator.ch\/wp-content\/uploads\/2022\/01\/Logo_Organisator_Website.png","width":800,"height":77,"caption":"Organisator"},"image":{"@id":"https:\/\/www.organisator.ch\/#\/schema\/logo\/image\/"},"sameAs":["https:\/\/www.facebook.com\/OrganisatorFachmagazin","https:\/\/www.linkedin.com\/showcase\/organisator-das-magazin-fr-kmu","https:\/\/www.xing.com\/news\/pages\/organisator-ch-695","https:\/\/www.youtube.com\/channel\/UCGP2Sq0iWaZwT3BdIAQFYpw"]},{"@type":"Person","@id":"https:\/\/www.organisator.ch\/#\/schema\/person\/a800b8c54e208b160517a7dcc323161d","name":"roger.straessle","image":{"@type":"ImageObject","inLanguage":"de","@id":"https:\/\/secure.gravatar.com\/avatar\/?s=96&d=mm&r=g","url":"https:\/\/secure.gravatar.com\/avatar\/?s=96&d=mm&r=g","contentUrl":"https:\/\/secure.gravatar.com\/avatar\/?s=96&d=mm&r=g","caption":"roger.straessle"},"url":"https:\/\/www.organisator.ch\/de\/author\/roger-straessle\/"}]}},"_links":{"self":[{"href":"https:\/\/www.organisator.ch\/de\/wp-json\/wp\/v2\/posts\/3545","targetHints":{"allow":["GET"]}}],"collection":[{"href":"https:\/\/www.organisator.ch\/de\/wp-json\/wp\/v2\/posts"}],"about":[{"href":"https:\/\/www.organisator.ch\/de\/wp-json\/wp\/v2\/types\/post"}],"author":[{"embeddable":true,"href":"https:\/\/www.organisator.ch\/de\/wp-json\/wp\/v2\/users\/6"}],"replies":[{"embeddable":true,"href":"https:\/\/www.organisator.ch\/de\/wp-json\/wp\/v2\/comments?post=3545"}],"version-history":[{"count":1,"href":"https:\/\/www.organisator.ch\/de\/wp-json\/wp\/v2\/posts\/3545\/revisions"}],"predecessor-version":[{"id":10508,"href":"https:\/\/www.organisator.ch\/de\/wp-json\/wp\/v2\/posts\/3545\/revisions\/10508"}],"wp:featuredmedia":[{"embeddable":true,"href":"https:\/\/www.organisator.ch\/de\/wp-json\/wp\/v2\/media\/3546"}],"wp:attachment":[{"href":"https:\/\/www.organisator.ch\/de\/wp-json\/wp\/v2\/media?parent=3545"}],"wp:term":[{"taxonomy":"category","embeddable":true,"href":"https:\/\/www.organisator.ch\/de\/wp-json\/wp\/v2\/categories?post=3545"},{"taxonomy":"post_tag","embeddable":true,"href":"https:\/\/www.organisator.ch\/de\/wp-json\/wp\/v2\/tags?post=3545"}],"curies":[{"name":"wp","href":"https:\/\/api.w.org\/{rel}","templated":true}]}}