{"id":3550,"date":"2018-05-04T08:18:42","date_gmt":"2018-05-04T06:18:42","guid":{"rendered":"https:\/\/www.organisator.ch\/?p=3550"},"modified":"2018-05-04T08:18:42","modified_gmt":"2018-05-04T06:18:42","slug":"eu-korrigiert-ihre-dsgvo-kurz-vor-dem-stichtag","status":"publish","type":"post","link":"https:\/\/www.organisator.ch\/de\/management\/finanzen_recht\/2018-05-04\/eu-korrigiert-ihre-dsgvo-kurz-vor-dem-stichtag\/","title":{"rendered":"EU korrigiert ihre DSGVO kurz vor dem Stichtag"},"content":{"rendered":"<figure id=\"attachment_3551\" aria-describedby=\"caption-attachment-3551\" style=\"width: 480px\" class=\"wp-caption alignnone\"><img loading=\"lazy\" decoding=\"async\" class=\"size-full wp-image-3551\" src=\"https:\/\/www.organisator.ch\/wp-content\/uploads\/2018\/05\/EU-korrigiert-ihre-DSGVO-kurz-vor-dem-Stichtag_Organisator.jpg\" alt=\"\" width=\"480\" height=\"579\" srcset=\"https:\/\/www.organisator.ch\/wp-content\/uploads\/2018\/05\/EU-korrigiert-ihre-DSGVO-kurz-vor-dem-Stichtag_Organisator.jpg 480w, https:\/\/www.organisator.ch\/wp-content\/uploads\/2018\/05\/EU-korrigiert-ihre-DSGVO-kurz-vor-dem-Stichtag_Organisator-10x12.jpg 10w, https:\/\/www.organisator.ch\/wp-content\/uploads\/2018\/05\/EU-korrigiert-ihre-DSGVO-kurz-vor-dem-Stichtag_Organisator-145x175.jpg 145w, https:\/\/www.organisator.ch\/wp-content\/uploads\/2018\/05\/EU-korrigiert-ihre-DSGVO-kurz-vor-dem-Stichtag_Organisator-290x350.jpg 290w, https:\/\/www.organisator.ch\/wp-content\/uploads\/2018\/05\/EU-korrigiert-ihre-DSGVO-kurz-vor-dem-Stichtag_Organisator-300x362.jpg 300w\" sizes=\"auto, (max-width: 480px) 100vw, 480px\" \/><figcaption id=\"caption-attachment-3551\" class=\"wp-caption-text\">Die DSGVO der EU erf\u00e4hrt kurz vor dem Stichtag noch eine kleine, aber (un)feine \u00c4nderung. (Bild: Thorben Wengert \/ pixelio.de)<\/figcaption><\/figure>\n<p>Es ist nicht ungew\u00f6hnlich, dass es in der Schlussredaktion von umfangreichen Gesetzes-Werken noch das eine oder andere klarzustellen gilt. Deshalb ist die Ver\u00f6ffentlichung einer 386 Seiten starken <a href=\"http:\/\/data.consilium.europa.eu\/doc\/document\/ST-8088-2018-INIT\/en\/pdf\">Erg\u00e4nzung und Klarstellung zur Datenschutz-Grundverordnung<\/a> keine \u00dcberraschung. Neben diversen ganz \u201enormalen\u201c Korrekturen wie etwa berichtigte Seitenverweise, Kl\u00e4rung missverst\u00e4ndlicher Formulierungen und \u00e4hnlichem, findet sich aber auch ein Passus, der in der neuen Fassung \u2013 juristisch gesehen \u2013 die Sachlage ver\u00e4ndert. In Art. 25, Abs. 2, S. 1 heisst es n\u00e4mlich urspr\u00fcnglich: \u201eDer Verantwortliche trifft geeignete technische und organisatorische Ma\u00dfnahmen, die sicherstellen, dass durch Voreinstellung <strong>grunds\u00e4tzlich<\/strong> nur personenbezogene Daten, deren Verarbeitung f\u00fcr den jeweiligen bestimmten Verarbeitungszweck erforderlich ist, verarbeitet werden\u201c. In der \u00fcberarbeiteten Fassung fehlt nun das Wort \u201egrunds\u00e4tzlich\u201c. Der springende Punkt: \u201eGrunds\u00e4tzlich\u201c bedeutet in der Rechtssprechung, dass es auch Ausnahmen gibt, die von einem Grundsatz abweichen k\u00f6nnen.<\/p>\n<p>Konkret bedeutet die neue Formulierung ohne \u201egrunds\u00e4tzlich\u201c folgendes: Wer Kunden-E-Mails oder Newsletters verschickt, ben\u00f6tigt daf\u00fcr nur eine E-Mail-Adresse. F\u00fcr eine individuelle Anrede wie \u201eLieber Herr \u2026\u201c oder \u201eSehr geehrte Frau\u2026\u201c ben\u00f6tigt man personenbezogene Daten, wie etwa Name und Vorname. Dies w\u00e4re in der urspr\u00fcnglichen Fassung gerade noch zul\u00e4ssig gewesen. Die neue Formulierung geht nun aber so weit, dass in Zukunft nur noch die E-Mail-Adresse selbst abgefragt werden darf. In der urspr\u00fcnglichen Variante h\u00e4tte man noch weitere Daten auf freiwilliger Basis abfragen d\u00fcrfen. Das entfallene \u201egrunds\u00e4tzlich\u201c beschert nun auch Betreibern von E-Commerce-Plattformen in der Schweiz, aber auch andere Unternehmen, welche Kunden in der EU\u00a0regelm\u00e4ssig per E-Mail ansprechen wollen, erneut Mehrarbeit bei der Anpassung von Kontaktformularen etc.\u00a0Die kurzfristige \u00c4nderung der DSGVO\u00a0ist Wasser auf die M\u00fchlen all jener, welche Kritik am zunehmenden Regulierungsdruck &#8211; nicht nur seitens der EU &#8211; \u00fcben; ganz zu schweigen von zus\u00e4tzlichem Juristenfutter&#8230;<\/p>\n<p><em>Weitere Informationen einschliesslich Link zu einem\u00a0EU-DSGVO-Leitfaden\u00a0gibt es in <a href=\"https:\/\/t3n.de\/news\/dsgvo-eu-gesetz-stichtag-datenschutz-1076238\/\">diesem Artikel<\/a>.<\/em><\/p>\n","protected":false},"excerpt":{"rendered":"<p>Es ist nicht ungew\u00f6hnlich, dass es in der Schlussredaktion von umfangreichen Gesetzes-Werken noch das eine oder andere klarzustellen gilt. Deshalb ist die Ver\u00f6ffentlichung einer 386 Seiten starken Erg\u00e4nzung und Klarstellung zur Datenschutz-Grundverordnung keine \u00dcberraschung. Neben diversen ganz \u201enormalen\u201c Korrekturen wie etwa berichtigte Seitenverweise, Kl\u00e4rung missverst\u00e4ndlicher Formulierungen und \u00e4hnlichem, findet sich aber auch ein Passus, der [&hellip;]<\/p>\n","protected":false},"author":4,"featured_media":3551,"comment_status":"open","ping_status":"open","sticky":false,"template":"","format":"standard","meta":{"_acf_changed":false,"_yoast_wpseo_focuskw":"DSGVO","_yoast_wpseo_metadesc":"Die EU-DSGVO, die am 25. Mai in Kraft tritt, treibt derzeit viele Unternehmen um. Vor dem Stichtag hat der EU-Rat ein Korrigendum ver\u00f6ffentlicht. Darin verbirgt sich eine kleine, aber nicht ganz triviale \u00c4nderung.","articlekey":"","footnotes":""},"categories":[24],"tags":[146,184,202,531],"class_list":["post-3550","post","type-post","status-publish","format-standard","has-post-thumbnail","hentry","category-finanzen_recht","tag-datenschutz","tag-eu-dsgvo","tag-finanzenrecht","tag-wirtschaftspolitik"],"acf":[],"yoast_head":"<!-- This site is optimized with the Yoast SEO plugin v27.4 - https:\/\/yoast.com\/product\/yoast-seo-wordpress\/ -->\n<title>EU korrigiert ihre DSGVO kurz vor dem Stichtag - Organisator<\/title>\n<meta name=\"description\" content=\"Die EU-DSGVO, die am 25. Mai in Kraft tritt, treibt derzeit viele Unternehmen um. Vor dem Stichtag hat der EU-Rat ein Korrigendum ver\u00f6ffentlicht. Darin verbirgt sich eine kleine, aber nicht ganz triviale \u00c4nderung.\" \/>\n<meta name=\"robots\" content=\"index, follow, max-snippet:-1, max-image-preview:large, max-video-preview:-1\" \/>\n<link rel=\"canonical\" href=\"https:\/\/www.organisator.ch\/de\/management\/finanzen_recht\/2018-05-04\/eu-korrigiert-ihre-dsgvo-kurz-vor-dem-stichtag\/\" \/>\n<meta property=\"og:locale\" content=\"de_DE\" \/>\n<meta property=\"og:type\" content=\"article\" \/>\n<meta property=\"og:title\" content=\"EU korrigiert ihre DSGVO kurz vor dem Stichtag\" \/>\n<meta property=\"og:description\" content=\"Die #EU-DSGVO, die am 25. Mai in Kraft tritt, treibt derzeit viele Unternehmen um. Vor dem Stichtag hat der EU-Rat ein Korrigendum ver\u00f6ffentlicht. Darin verbirgt sich eine kleine, aber nicht ganz triviale \u00c4nderung.\" \/>\n<meta property=\"og:url\" content=\"https:\/\/www.organisator.ch\/de\/management\/finanzen_recht\/2018-05-04\/eu-korrigiert-ihre-dsgvo-kurz-vor-dem-stichtag\/\" \/>\n<meta property=\"og:site_name\" content=\"Organisator\" \/>\n<meta property=\"article:publisher\" content=\"https:\/\/www.facebook.com\/OrganisatorFachmagazin\" \/>\n<meta property=\"article:published_time\" content=\"2018-05-04T06:18:42+00:00\" \/>\n<meta property=\"og:image\" content=\"https:\/\/www.organisator.ch\/wp-content\/uploads\/2018\/05\/EU-korrigiert-ihre-DSGVO-kurz-vor-dem-Stichtag_Organisator.jpg\" \/>\n\t<meta property=\"og:image:width\" content=\"480\" \/>\n\t<meta property=\"og:image:height\" content=\"579\" \/>\n\t<meta property=\"og:image:type\" content=\"image\/jpeg\" \/>\n<meta name=\"author\" content=\"thomas.berner\" \/>\n<meta name=\"twitter:card\" content=\"summary_large_image\" \/>\n<meta name=\"twitter:title\" content=\"EU korrigiert ihre #DSGVO kurz vor dem Stichtag\" \/>\n<meta name=\"twitter:description\" content=\"Die #EU-DSGVO, die am 25. Mai in Kraft tritt, treibt derzeit viele Unternehmen um. Vor dem Stichtag hat der EU-Rat ein Korrigendum ver\u00f6ffentlicht. Darin verbirgt sich eine kleine, aber nicht ganz triviale \u00c4nderung.\" \/>\n<meta name=\"twitter:image\" content=\"https:\/\/www.organisator.ch\/wp-content\/uploads\/2018\/05\/EU-korrigiert-ihre-DSGVO-kurz-vor-dem-Stichtag_Organisator.jpg\" \/>\n<script type=\"application\/ld+json\" class=\"yoast-schema-graph\">{\"@context\":\"https:\\\/\\\/schema.org\",\"@graph\":[{\"@type\":\"Article\",\"@id\":\"https:\\\/\\\/www.organisator.ch\\\/management\\\/finanzen_recht\\\/2018-05-04\\\/eu-korrigiert-ihre-dsgvo-kurz-vor-dem-stichtag\\\/#article\",\"isPartOf\":{\"@id\":\"https:\\\/\\\/www.organisator.ch\\\/management\\\/finanzen_recht\\\/2018-05-04\\\/eu-korrigiert-ihre-dsgvo-kurz-vor-dem-stichtag\\\/\"},\"author\":{\"name\":\"thomas.berner\",\"@id\":\"https:\\\/\\\/www.organisator.ch\\\/#\\\/schema\\\/person\\\/6f650f90b2842cd4c0cc334b4e36f67e\"},\"headline\":\"EU korrigiert ihre DSGVO kurz vor dem Stichtag\",\"datePublished\":\"2018-05-04T06:18:42+00:00\",\"mainEntityOfPage\":{\"@id\":\"https:\\\/\\\/www.organisator.ch\\\/management\\\/finanzen_recht\\\/2018-05-04\\\/eu-korrigiert-ihre-dsgvo-kurz-vor-dem-stichtag\\\/\"},\"wordCount\":351,\"commentCount\":0,\"publisher\":{\"@id\":\"https:\\\/\\\/www.organisator.ch\\\/#organization\"},\"image\":{\"@id\":\"https:\\\/\\\/www.organisator.ch\\\/management\\\/finanzen_recht\\\/2018-05-04\\\/eu-korrigiert-ihre-dsgvo-kurz-vor-dem-stichtag\\\/#primaryimage\"},\"thumbnailUrl\":\"https:\\\/\\\/www.organisator.ch\\\/wp-content\\\/uploads\\\/2018\\\/05\\\/EU-korrigiert-ihre-DSGVO-kurz-vor-dem-Stichtag_Organisator.jpg\",\"keywords\":[\"Datenschutz\",\"EU-DSGVO\",\"Finanzen\\\/Recht\",\"Wirtschaftspolitik\"],\"articleSection\":[\"FINANZEN\\\/RECHT\"],\"inLanguage\":\"de\"},{\"@type\":\"WebPage\",\"@id\":\"https:\\\/\\\/www.organisator.ch\\\/management\\\/finanzen_recht\\\/2018-05-04\\\/eu-korrigiert-ihre-dsgvo-kurz-vor-dem-stichtag\\\/\",\"url\":\"https:\\\/\\\/www.organisator.ch\\\/management\\\/finanzen_recht\\\/2018-05-04\\\/eu-korrigiert-ihre-dsgvo-kurz-vor-dem-stichtag\\\/\",\"name\":\"EU korrigiert ihre DSGVO kurz vor dem Stichtag - Organisator\",\"isPartOf\":{\"@id\":\"https:\\\/\\\/www.organisator.ch\\\/#website\"},\"primaryImageOfPage\":{\"@id\":\"https:\\\/\\\/www.organisator.ch\\\/management\\\/finanzen_recht\\\/2018-05-04\\\/eu-korrigiert-ihre-dsgvo-kurz-vor-dem-stichtag\\\/#primaryimage\"},\"image\":{\"@id\":\"https:\\\/\\\/www.organisator.ch\\\/management\\\/finanzen_recht\\\/2018-05-04\\\/eu-korrigiert-ihre-dsgvo-kurz-vor-dem-stichtag\\\/#primaryimage\"},\"thumbnailUrl\":\"https:\\\/\\\/www.organisator.ch\\\/wp-content\\\/uploads\\\/2018\\\/05\\\/EU-korrigiert-ihre-DSGVO-kurz-vor-dem-Stichtag_Organisator.jpg\",\"datePublished\":\"2018-05-04T06:18:42+00:00\",\"description\":\"Die EU-DSGVO, die am 25. Mai in Kraft tritt, treibt derzeit viele Unternehmen um. Vor dem Stichtag hat der EU-Rat ein Korrigendum ver\u00f6ffentlicht. Darin verbirgt sich eine kleine, aber nicht ganz triviale \u00c4nderung.\",\"breadcrumb\":{\"@id\":\"https:\\\/\\\/www.organisator.ch\\\/management\\\/finanzen_recht\\\/2018-05-04\\\/eu-korrigiert-ihre-dsgvo-kurz-vor-dem-stichtag\\\/#breadcrumb\"},\"inLanguage\":\"de\",\"potentialAction\":[{\"@type\":\"ReadAction\",\"target\":[\"https:\\\/\\\/www.organisator.ch\\\/management\\\/finanzen_recht\\\/2018-05-04\\\/eu-korrigiert-ihre-dsgvo-kurz-vor-dem-stichtag\\\/\"]}]},{\"@type\":\"ImageObject\",\"inLanguage\":\"de\",\"@id\":\"https:\\\/\\\/www.organisator.ch\\\/management\\\/finanzen_recht\\\/2018-05-04\\\/eu-korrigiert-ihre-dsgvo-kurz-vor-dem-stichtag\\\/#primaryimage\",\"url\":\"https:\\\/\\\/www.organisator.ch\\\/wp-content\\\/uploads\\\/2018\\\/05\\\/EU-korrigiert-ihre-DSGVO-kurz-vor-dem-Stichtag_Organisator.jpg\",\"contentUrl\":\"https:\\\/\\\/www.organisator.ch\\\/wp-content\\\/uploads\\\/2018\\\/05\\\/EU-korrigiert-ihre-DSGVO-kurz-vor-dem-Stichtag_Organisator.jpg\",\"width\":480,\"height\":579,\"caption\":\"Die DSGVO der EU erf\u00e4hrt kurz vor dem Stichtag noch eine kleine, aber (un)feine \u00c4nderung. (Bild: Thorben Wengert \\\/ pixelio.de)\"},{\"@type\":\"BreadcrumbList\",\"@id\":\"https:\\\/\\\/www.organisator.ch\\\/management\\\/finanzen_recht\\\/2018-05-04\\\/eu-korrigiert-ihre-dsgvo-kurz-vor-dem-stichtag\\\/#breadcrumb\",\"itemListElement\":[{\"@type\":\"ListItem\",\"position\":1,\"name\":\"Home\",\"item\":\"https:\\\/\\\/www.organisator.ch\\\/\"},{\"@type\":\"ListItem\",\"position\":2,\"name\":\"EU korrigiert ihre DSGVO kurz vor dem Stichtag\"}]},{\"@type\":\"WebSite\",\"@id\":\"https:\\\/\\\/www.organisator.ch\\\/#website\",\"url\":\"https:\\\/\\\/www.organisator.ch\\\/\",\"name\":\"Organisator\",\"description\":\"Kompetent. Praxisnah. Der ORGANISATOR bereitet in 10 Ausgaben pro Jahr die wesentlichen Themen f\u00fcr F\u00fchrungskr\u00e4fte von KMU auf.\",\"publisher\":{\"@id\":\"https:\\\/\\\/www.organisator.ch\\\/#organization\"},\"potentialAction\":[{\"@type\":\"SearchAction\",\"target\":{\"@type\":\"EntryPoint\",\"urlTemplate\":\"https:\\\/\\\/www.organisator.ch\\\/?s={search_term_string}\"},\"query-input\":{\"@type\":\"PropertyValueSpecification\",\"valueRequired\":true,\"valueName\":\"search_term_string\"}}],\"inLanguage\":\"de\"},{\"@type\":\"Organization\",\"@id\":\"https:\\\/\\\/www.organisator.ch\\\/#organization\",\"name\":\"Organisator\",\"url\":\"https:\\\/\\\/www.organisator.ch\\\/\",\"logo\":{\"@type\":\"ImageObject\",\"inLanguage\":\"de\",\"@id\":\"https:\\\/\\\/www.organisator.ch\\\/#\\\/schema\\\/logo\\\/image\\\/\",\"url\":\"https:\\\/\\\/www.organisator.ch\\\/wp-content\\\/uploads\\\/2022\\\/01\\\/Logo_Organisator_Website.png\",\"contentUrl\":\"https:\\\/\\\/www.organisator.ch\\\/wp-content\\\/uploads\\\/2022\\\/01\\\/Logo_Organisator_Website.png\",\"width\":800,\"height\":77,\"caption\":\"Organisator\"},\"image\":{\"@id\":\"https:\\\/\\\/www.organisator.ch\\\/#\\\/schema\\\/logo\\\/image\\\/\"},\"sameAs\":[\"https:\\\/\\\/www.facebook.com\\\/OrganisatorFachmagazin\",\"https:\\\/\\\/www.linkedin.com\\\/showcase\\\/organisator-das-magazin-fr-kmu\",\"https:\\\/\\\/www.xing.com\\\/news\\\/pages\\\/organisator-ch-695\",\"https:\\\/\\\/www.youtube.com\\\/channel\\\/UCGP2Sq0iWaZwT3BdIAQFYpw\"]},{\"@type\":\"Person\",\"@id\":\"https:\\\/\\\/www.organisator.ch\\\/#\\\/schema\\\/person\\\/6f650f90b2842cd4c0cc334b4e36f67e\",\"name\":\"thomas.berner\",\"image\":{\"@type\":\"ImageObject\",\"inLanguage\":\"de\",\"@id\":\"https:\\\/\\\/secure.gravatar.com\\\/avatar\\\/ac5001d2a36cb6c6cd3e50789007ffca834b477b74a2144564522e944eabff61?s=96&d=mm&r=g\",\"url\":\"https:\\\/\\\/secure.gravatar.com\\\/avatar\\\/ac5001d2a36cb6c6cd3e50789007ffca834b477b74a2144564522e944eabff61?s=96&d=mm&r=g\",\"contentUrl\":\"https:\\\/\\\/secure.gravatar.com\\\/avatar\\\/ac5001d2a36cb6c6cd3e50789007ffca834b477b74a2144564522e944eabff61?s=96&d=mm&r=g\",\"caption\":\"thomas.berner\"},\"url\":\"https:\\\/\\\/www.organisator.ch\\\/de\\\/author\\\/thomas-berner\\\/\"}]}<\/script>\n<!-- \/ Yoast SEO plugin. -->","yoast_head_json":{"title":"EU korrigiert ihre DSGVO kurz vor dem Stichtag - Organisator","description":"Die EU-DSGVO, die am 25. Mai in Kraft tritt, treibt derzeit viele Unternehmen um. Vor dem Stichtag hat der EU-Rat ein Korrigendum ver\u00f6ffentlicht. Darin verbirgt sich eine kleine, aber nicht ganz triviale \u00c4nderung.","robots":{"index":"index","follow":"follow","max-snippet":"max-snippet:-1","max-image-preview":"max-image-preview:large","max-video-preview":"max-video-preview:-1"},"canonical":"https:\/\/www.organisator.ch\/de\/management\/finanzen_recht\/2018-05-04\/eu-korrigiert-ihre-dsgvo-kurz-vor-dem-stichtag\/","og_locale":"de_DE","og_type":"article","og_title":"EU korrigiert ihre DSGVO kurz vor dem Stichtag","og_description":"Die #EU-DSGVO, die am 25. Mai in Kraft tritt, treibt derzeit viele Unternehmen um. Vor dem Stichtag hat der EU-Rat ein Korrigendum ver\u00f6ffentlicht. Darin verbirgt sich eine kleine, aber nicht ganz triviale \u00c4nderung.","og_url":"https:\/\/www.organisator.ch\/de\/management\/finanzen_recht\/2018-05-04\/eu-korrigiert-ihre-dsgvo-kurz-vor-dem-stichtag\/","og_site_name":"Organisator","article_publisher":"https:\/\/www.facebook.com\/OrganisatorFachmagazin","article_published_time":"2018-05-04T06:18:42+00:00","og_image":[{"width":480,"height":579,"url":"https:\/\/www.organisator.ch\/wp-content\/uploads\/2018\/05\/EU-korrigiert-ihre-DSGVO-kurz-vor-dem-Stichtag_Organisator.jpg","type":"image\/jpeg"}],"author":"thomas.berner","twitter_card":"summary_large_image","twitter_title":"EU korrigiert ihre #DSGVO kurz vor dem Stichtag","twitter_description":"Die #EU-DSGVO, die am 25. Mai in Kraft tritt, treibt derzeit viele Unternehmen um. Vor dem Stichtag hat der EU-Rat ein Korrigendum ver\u00f6ffentlicht. Darin verbirgt sich eine kleine, aber nicht ganz triviale \u00c4nderung.","twitter_image":"https:\/\/www.organisator.ch\/wp-content\/uploads\/2018\/05\/EU-korrigiert-ihre-DSGVO-kurz-vor-dem-Stichtag_Organisator.jpg","schema":{"@context":"https:\/\/schema.org","@graph":[{"@type":"Article","@id":"https:\/\/www.organisator.ch\/management\/finanzen_recht\/2018-05-04\/eu-korrigiert-ihre-dsgvo-kurz-vor-dem-stichtag\/#article","isPartOf":{"@id":"https:\/\/www.organisator.ch\/management\/finanzen_recht\/2018-05-04\/eu-korrigiert-ihre-dsgvo-kurz-vor-dem-stichtag\/"},"author":{"name":"thomas.berner","@id":"https:\/\/www.organisator.ch\/#\/schema\/person\/6f650f90b2842cd4c0cc334b4e36f67e"},"headline":"EU korrigiert ihre DSGVO kurz vor dem Stichtag","datePublished":"2018-05-04T06:18:42+00:00","mainEntityOfPage":{"@id":"https:\/\/www.organisator.ch\/management\/finanzen_recht\/2018-05-04\/eu-korrigiert-ihre-dsgvo-kurz-vor-dem-stichtag\/"},"wordCount":351,"commentCount":0,"publisher":{"@id":"https:\/\/www.organisator.ch\/#organization"},"image":{"@id":"https:\/\/www.organisator.ch\/management\/finanzen_recht\/2018-05-04\/eu-korrigiert-ihre-dsgvo-kurz-vor-dem-stichtag\/#primaryimage"},"thumbnailUrl":"https:\/\/www.organisator.ch\/wp-content\/uploads\/2018\/05\/EU-korrigiert-ihre-DSGVO-kurz-vor-dem-Stichtag_Organisator.jpg","keywords":["Datenschutz","EU-DSGVO","Finanzen\/Recht","Wirtschaftspolitik"],"articleSection":["FINANZEN\/RECHT"],"inLanguage":"de"},{"@type":"WebPage","@id":"https:\/\/www.organisator.ch\/management\/finanzen_recht\/2018-05-04\/eu-korrigiert-ihre-dsgvo-kurz-vor-dem-stichtag\/","url":"https:\/\/www.organisator.ch\/management\/finanzen_recht\/2018-05-04\/eu-korrigiert-ihre-dsgvo-kurz-vor-dem-stichtag\/","name":"EU korrigiert ihre DSGVO kurz vor dem Stichtag - Organisator","isPartOf":{"@id":"https:\/\/www.organisator.ch\/#website"},"primaryImageOfPage":{"@id":"https:\/\/www.organisator.ch\/management\/finanzen_recht\/2018-05-04\/eu-korrigiert-ihre-dsgvo-kurz-vor-dem-stichtag\/#primaryimage"},"image":{"@id":"https:\/\/www.organisator.ch\/management\/finanzen_recht\/2018-05-04\/eu-korrigiert-ihre-dsgvo-kurz-vor-dem-stichtag\/#primaryimage"},"thumbnailUrl":"https:\/\/www.organisator.ch\/wp-content\/uploads\/2018\/05\/EU-korrigiert-ihre-DSGVO-kurz-vor-dem-Stichtag_Organisator.jpg","datePublished":"2018-05-04T06:18:42+00:00","description":"Die EU-DSGVO, die am 25. Mai in Kraft tritt, treibt derzeit viele Unternehmen um. Vor dem Stichtag hat der EU-Rat ein Korrigendum ver\u00f6ffentlicht. Darin verbirgt sich eine kleine, aber nicht ganz triviale \u00c4nderung.","breadcrumb":{"@id":"https:\/\/www.organisator.ch\/management\/finanzen_recht\/2018-05-04\/eu-korrigiert-ihre-dsgvo-kurz-vor-dem-stichtag\/#breadcrumb"},"inLanguage":"de","potentialAction":[{"@type":"ReadAction","target":["https:\/\/www.organisator.ch\/management\/finanzen_recht\/2018-05-04\/eu-korrigiert-ihre-dsgvo-kurz-vor-dem-stichtag\/"]}]},{"@type":"ImageObject","inLanguage":"de","@id":"https:\/\/www.organisator.ch\/management\/finanzen_recht\/2018-05-04\/eu-korrigiert-ihre-dsgvo-kurz-vor-dem-stichtag\/#primaryimage","url":"https:\/\/www.organisator.ch\/wp-content\/uploads\/2018\/05\/EU-korrigiert-ihre-DSGVO-kurz-vor-dem-Stichtag_Organisator.jpg","contentUrl":"https:\/\/www.organisator.ch\/wp-content\/uploads\/2018\/05\/EU-korrigiert-ihre-DSGVO-kurz-vor-dem-Stichtag_Organisator.jpg","width":480,"height":579,"caption":"Die DSGVO der EU erf\u00e4hrt kurz vor dem Stichtag noch eine kleine, aber (un)feine \u00c4nderung. (Bild: Thorben Wengert \/ pixelio.de)"},{"@type":"BreadcrumbList","@id":"https:\/\/www.organisator.ch\/management\/finanzen_recht\/2018-05-04\/eu-korrigiert-ihre-dsgvo-kurz-vor-dem-stichtag\/#breadcrumb","itemListElement":[{"@type":"ListItem","position":1,"name":"Home","item":"https:\/\/www.organisator.ch\/"},{"@type":"ListItem","position":2,"name":"EU korrigiert ihre DSGVO kurz vor dem Stichtag"}]},{"@type":"WebSite","@id":"https:\/\/www.organisator.ch\/#website","url":"https:\/\/www.organisator.ch\/","name":"Organisator","description":"Kompetent. Praxisnah. Der ORGANISATOR bereitet in 10 Ausgaben pro Jahr die wesentlichen Themen f\u00fcr F\u00fchrungskr\u00e4fte von KMU auf.","publisher":{"@id":"https:\/\/www.organisator.ch\/#organization"},"potentialAction":[{"@type":"SearchAction","target":{"@type":"EntryPoint","urlTemplate":"https:\/\/www.organisator.ch\/?s={search_term_string}"},"query-input":{"@type":"PropertyValueSpecification","valueRequired":true,"valueName":"search_term_string"}}],"inLanguage":"de"},{"@type":"Organization","@id":"https:\/\/www.organisator.ch\/#organization","name":"Organisator","url":"https:\/\/www.organisator.ch\/","logo":{"@type":"ImageObject","inLanguage":"de","@id":"https:\/\/www.organisator.ch\/#\/schema\/logo\/image\/","url":"https:\/\/www.organisator.ch\/wp-content\/uploads\/2022\/01\/Logo_Organisator_Website.png","contentUrl":"https:\/\/www.organisator.ch\/wp-content\/uploads\/2022\/01\/Logo_Organisator_Website.png","width":800,"height":77,"caption":"Organisator"},"image":{"@id":"https:\/\/www.organisator.ch\/#\/schema\/logo\/image\/"},"sameAs":["https:\/\/www.facebook.com\/OrganisatorFachmagazin","https:\/\/www.linkedin.com\/showcase\/organisator-das-magazin-fr-kmu","https:\/\/www.xing.com\/news\/pages\/organisator-ch-695","https:\/\/www.youtube.com\/channel\/UCGP2Sq0iWaZwT3BdIAQFYpw"]},{"@type":"Person","@id":"https:\/\/www.organisator.ch\/#\/schema\/person\/6f650f90b2842cd4c0cc334b4e36f67e","name":"thomas.berner","image":{"@type":"ImageObject","inLanguage":"de","@id":"https:\/\/secure.gravatar.com\/avatar\/ac5001d2a36cb6c6cd3e50789007ffca834b477b74a2144564522e944eabff61?s=96&d=mm&r=g","url":"https:\/\/secure.gravatar.com\/avatar\/ac5001d2a36cb6c6cd3e50789007ffca834b477b74a2144564522e944eabff61?s=96&d=mm&r=g","contentUrl":"https:\/\/secure.gravatar.com\/avatar\/ac5001d2a36cb6c6cd3e50789007ffca834b477b74a2144564522e944eabff61?s=96&d=mm&r=g","caption":"thomas.berner"},"url":"https:\/\/www.organisator.ch\/de\/author\/thomas-berner\/"}]}},"_links":{"self":[{"href":"https:\/\/www.organisator.ch\/de\/wp-json\/wp\/v2\/posts\/3550","targetHints":{"allow":["GET"]}}],"collection":[{"href":"https:\/\/www.organisator.ch\/de\/wp-json\/wp\/v2\/posts"}],"about":[{"href":"https:\/\/www.organisator.ch\/de\/wp-json\/wp\/v2\/types\/post"}],"author":[{"embeddable":true,"href":"https:\/\/www.organisator.ch\/de\/wp-json\/wp\/v2\/users\/4"}],"replies":[{"embeddable":true,"href":"https:\/\/www.organisator.ch\/de\/wp-json\/wp\/v2\/comments?post=3550"}],"version-history":[{"count":0,"href":"https:\/\/www.organisator.ch\/de\/wp-json\/wp\/v2\/posts\/3550\/revisions"}],"wp:featuredmedia":[{"embeddable":true,"href":"https:\/\/www.organisator.ch\/de\/wp-json\/wp\/v2\/media\/3551"}],"wp:attachment":[{"href":"https:\/\/www.organisator.ch\/de\/wp-json\/wp\/v2\/media?parent=3550"}],"wp:term":[{"taxonomy":"category","embeddable":true,"href":"https:\/\/www.organisator.ch\/de\/wp-json\/wp\/v2\/categories?post=3550"},{"taxonomy":"post_tag","embeddable":true,"href":"https:\/\/www.organisator.ch\/de\/wp-json\/wp\/v2\/tags?post=3550"}],"curies":[{"name":"wp","href":"https:\/\/api.w.org\/{rel}","templated":true}]}}