{"id":3554,"date":"2020-12-03T15:02:39","date_gmt":"2020-12-03T14:02:39","guid":{"rendered":"https:\/\/www.umweltperspektiven.ch\/?p=3554"},"modified":"2020-12-03T15:02:39","modified_gmt":"2020-12-03T14:02:39","slug":"mit-einer-laermstrategie-die-lebensqualitaet-verbessern","status":"publish","type":"post","link":"https:\/\/www.organisator.ch\/de\/allgemein\/2020-12-03\/mit-einer-laermstrategie-die-lebensqualitaet-verbessern\/","title":{"rendered":"Mit einer L\u00e4rmstrategie die Lebensqualit\u00e4t verbessern"},"content":{"rendered":"<figure id=\"attachment_3555\" aria-describedby=\"caption-attachment-3555\" style=\"width: 680px\" class=\"wp-caption aligncenter\"><img loading=\"lazy\" decoding=\"async\" class=\"size-medium wp-image-3555\" src=\"\/\/www.umweltperspektiven.ch\/wp-content\/uploads\/2020\/12\/Depositphotos_64915445_s-2019.jpg\" alt=\"\" width=\"680\" height=\"451\" \/><figcaption id=\"caption-attachment-3555\" class=\"wp-caption-text\">\u00a9 depositphotos, pxhidalgo<\/figcaption><\/figure>\n<p>In den n\u00e4chsten 20 Jahren wird die Bev\u00f6lkerungszahl in der Stadt Z\u00fcrich von heute mehr als 435&#8217;000 auf \u00fcber eine halbe Million anwachsen. Der heutige Bauboom wird also weiter zunehmen und damit steigt auch das Risiko zus\u00e4tzlicher L\u00e4rmbelastung. Klar ist: L\u00e4rm beeintr\u00e4chtigt die Lebens- und Umweltqualit\u00e4t. Gem\u00e4ss Angaben leben und arbeiten bereits heute etwa ein Drittel der Z\u00fcrcher Bev\u00f6lkerung in Geb\u00e4uden, die \u00fcberm\u00e4ssigem Strassenverkehrsl\u00e4rm ausgesetzt sind. Daneben existieren weitere L\u00e4rmquellen. Nebst Baustellen und dem Gewerbe sind es auch Veranstaltungen. Insbesondere der Trend hin zu einer 24-Stunden-Gesellschaft l\u00e4uft dem Faktor Ruhe zuwider.<\/p>\n<p><strong>L\u00e4rmschutz in der wachsenden Stadt <\/strong><\/p>\n<p>Um eine hohe Lebensqualit\u00e4t zu erhalten und auch die Gesundheit der hier lebenden Menschen zu erhalten, fokussiert die Stadt Z\u00fcrich in ihrer L\u00e4rmschutzstrategie auf drei Bereiche mit grossem Wirkungspotenzial: Strassenverkehrsl\u00e4rm, L\u00e4rmvorsorge beim Planen und Bauen sowie Alltagsl\u00e4rm. Die Strategie definiert Ziele und Leitprinzipien, legt die Handlungsfelder fest und adressiert die wichtigsten Akteurinnen und Akteure. \u00abGuter L\u00e4rmschutz ist ein Schl\u00fcsselfaktor f\u00fcr die Lebensqualit\u00e4t in unserer Stadt\u00bb, sagt Stadtrat Andreas Hauri, Vorsteher des Gesundheits- und Umweltdepartements. \u00abDie L\u00e4rmschutzstrategie strebt einen Interessensausgleich zwischen lebendiger Stadt und Ruhebed\u00fcrfnissen der Bev\u00f6lkerung an\u00bb. Die neue Strategie benennt bestehende Zielkonflikte und schl\u00e4gt L\u00f6sungen vor.<\/p>\n<p><strong>Verbindlichen Absenkpfad verfolgen und Synergien nutzen <\/strong><\/p>\n<p>In der Stadt bestehen sowohl Handlungsbedarf als auch Potenzial beim L\u00e4rmschutz im Strassenverkehr. Zus\u00e4tzlich zum Ziel des Projektes Stadtverkehr 2025, das den Anteil von \u00d6V, Fuss- und Veloverkehr am gesamten Verkehrsaufkommen zu erh\u00f6hen versucht, sollen vor allem weitere Massnahmen an der Quelle Abhilfe schaffen. Die Wirkungsanalyse zeige, dass die Kombination aus Temporeduktion, neuen Bel\u00e4gen, leisen Reifen sowie Elektromobilit\u00e4t einen klaren R\u00fcckgang bei der Anzahl \u00fcberm\u00e4ssig l\u00e4rmbelasteter Personen bewirken k\u00f6nne, heisst es bei der Stadt. Die L\u00e4rmschutzstrategie wolle dieses Potenzial \u00fcber einen \u2013 noch zu definierenden \u2013 Absenkpfad nutzen.<\/p>\n<p>Der L\u00e4rmschutz soll zudem verst\u00e4rkt von der Siedlungs- und Nutzungsplanung \u00fcber alle Planungsebenen bis hin zu den Bauprojekten einfliessen. Denn die Siedlungsentwicklung nach innen d\u00fcrfe nicht zu einer Verschlechterung bei der L\u00e4rmsituation f\u00fcr Bewohnerinnen und Bewohner f\u00fchren. Auch f\u00fcr diesen Bereich \u2013 die L\u00e4rmvorsorge beim Planen und Bauen \u2013 macht die st\u00e4dtische Strategie Vorgaben. Zum Alltagsl\u00e4rm geh\u00f6ren wie genannt Immissionen durch die Ausgehszene oder Veranstaltungen. Wichtig sei der Stadt, dass die zunehmend st\u00e4rker durchmischten Nutzungen nicht zu mehr L\u00e4rmklagen f\u00fchren, betont sie.<\/p>\n<p>Interessenkonflikten soll mit den im Strategieschwerpunkt Nachtleben erarbeiteten und bew\u00e4hrten Massnahmen und mit neuen Ans\u00e4tzen begegnet werden, um das Bed\u00fcrfnis nach einer lebendigen Stadt mit demjenigen nach Ruhe in Einklang zu bringen.<\/p>\n<p><a href=\"\/\/www.stadt-zuerich.ch\/laermschutzstrategie\"><em>Hier geht\u2019s zur L\u00e4rmschutzstrategie und weiteren Informationen<\/em>.<\/a><\/p>\n","protected":false},"excerpt":{"rendered":"<p>In den n\u00e4chsten 20 Jahren wird die Bev\u00f6lkerungszahl in der Stadt Z\u00fcrich von heute mehr als 435&#8217;000 auf \u00fcber eine halbe Million anwachsen. Der heutige Bauboom wird also weiter zunehmen und damit steigt auch das Risiko zus\u00e4tzlicher L\u00e4rmbelastung. Klar ist: L\u00e4rm beeintr\u00e4chtigt die Lebens- und Umweltqualit\u00e4t. Gem\u00e4ss Angaben leben und arbeiten bereits heute etwa ein [&hellip;]<\/p>\n","protected":false},"author":6,"featured_media":9741,"comment_status":"closed","ping_status":"closed","sticky":false,"template":"","format":"standard","meta":{"_acf_changed":false,"_yoast_wpseo_focuskw":"L\u00e4rmschutzstrategie","_yoast_wpseo_metadesc":"Damit die hohe Lebensqualit\u00e4t erhalten bleibt, braucht es einen wirkungsvollen L\u00e4rmschutz. Die Stadt Z\u00fcrich arbeitet deshalb mit einer L\u00e4rmschutzstrategie.","articlekey":"","footnotes":""},"categories":[1],"tags":[1038,1598,1621],"class_list":["post-3554","post","type-post","status-publish","format-standard","has-post-thumbnail","hentry","category-allgemein","tag-elektromobilitaet","tag-laermschutzstrategie","tag-leise-reifen"],"acf":[],"yoast_head":"<!-- This site is optimized with the Yoast SEO plugin v27.5 - https:\/\/yoast.com\/product\/yoast-seo-wordpress\/ -->\n<title>Mit einer L\u00e4rmstrategie die Lebensqualit\u00e4t verbessern - Organisator<\/title>\n<meta name=\"description\" content=\"Damit die hohe Lebensqualit\u00e4t erhalten bleibt, braucht es einen wirkungsvollen L\u00e4rmschutz. Die Stadt Z\u00fcrich arbeitet deshalb mit einer L\u00e4rmschutzstrategie.\" \/>\n<meta name=\"robots\" content=\"index, follow, max-snippet:-1, max-image-preview:large, max-video-preview:-1\" \/>\n<link rel=\"canonical\" href=\"https:\/\/www.organisator.ch\/de\/allgemein\/2020-12-03\/mit-einer-laermstrategie-die-lebensqualitaet-verbessern\/\" \/>\n<meta property=\"og:locale\" content=\"de_DE\" \/>\n<meta property=\"og:type\" content=\"article\" \/>\n<meta property=\"og:title\" content=\"Mit einer L\u00e4rmstrategie die Lebensqualit\u00e4t verbessern - Organisator\" \/>\n<meta property=\"og:description\" content=\"Damit die hohe Lebensqualit\u00e4t erhalten bleibt, braucht es einen wirkungsvollen L\u00e4rmschutz. Die Stadt Z\u00fcrich arbeitet deshalb mit einer L\u00e4rmschutzstrategie.\" \/>\n<meta property=\"og:url\" content=\"https:\/\/www.organisator.ch\/de\/allgemein\/2020-12-03\/mit-einer-laermstrategie-die-lebensqualitaet-verbessern\/\" \/>\n<meta property=\"og:site_name\" content=\"Organisator\" \/>\n<meta property=\"article:publisher\" content=\"https:\/\/www.facebook.com\/OrganisatorFachmagazin\" \/>\n<meta property=\"article:published_time\" content=\"2020-12-03T14:02:39+00:00\" \/>\n<meta property=\"og:image\" content=\"https:\/\/www.organisator.ch\/wp-content\/uploads\/2020\/12\/Depositphotos_64915445_s-2019.jpg\" \/>\n\t<meta property=\"og:image:width\" content=\"999\" \/>\n\t<meta property=\"og:image:height\" content=\"662\" \/>\n\t<meta property=\"og:image:type\" content=\"image\/jpeg\" \/>\n<meta name=\"author\" content=\"roger.straessle\" \/>\n<meta name=\"twitter:card\" content=\"summary_large_image\" \/>\n<script type=\"application\/ld+json\" class=\"yoast-schema-graph\">{\"@context\":\"https:\\\/\\\/schema.org\",\"@graph\":[{\"@type\":\"Article\",\"@id\":\"https:\\\/\\\/www.organisator.ch\\\/fr\\\/general\\\/2020-12-03\\\/mit-einer-laermstrategie-die-lebensqualitaet-verbessern\\\/#article\",\"isPartOf\":{\"@id\":\"https:\\\/\\\/www.organisator.ch\\\/fr\\\/general\\\/2020-12-03\\\/mit-einer-laermstrategie-die-lebensqualitaet-verbessern\\\/\"},\"author\":{\"name\":\"roger.straessle\",\"@id\":\"https:\\\/\\\/www.organisator.ch\\\/#\\\/schema\\\/person\\\/a800b8c54e208b160517a7dcc323161d\"},\"headline\":\"Mit einer L\u00e4rmstrategie die Lebensqualit\u00e4t verbessern\",\"datePublished\":\"2020-12-03T14:02:39+00:00\",\"mainEntityOfPage\":{\"@id\":\"https:\\\/\\\/www.organisator.ch\\\/fr\\\/general\\\/2020-12-03\\\/mit-einer-laermstrategie-die-lebensqualitaet-verbessern\\\/\"},\"wordCount\":479,\"publisher\":{\"@id\":\"https:\\\/\\\/www.organisator.ch\\\/#organization\"},\"image\":{\"@id\":\"https:\\\/\\\/www.organisator.ch\\\/fr\\\/general\\\/2020-12-03\\\/mit-einer-laermstrategie-die-lebensqualitaet-verbessern\\\/#primaryimage\"},\"thumbnailUrl\":\"https:\\\/\\\/www.organisator.ch\\\/wp-content\\\/uploads\\\/2020\\\/12\\\/Depositphotos_64915445_s-2019.jpg\",\"keywords\":[\"Elektromobilit\u00e4t\",\"L\u00e4rmschutzstrategie\",\"leise Reifen\"],\"inLanguage\":\"de\"},{\"@type\":\"WebPage\",\"@id\":\"https:\\\/\\\/www.organisator.ch\\\/fr\\\/general\\\/2020-12-03\\\/mit-einer-laermstrategie-die-lebensqualitaet-verbessern\\\/\",\"url\":\"https:\\\/\\\/www.organisator.ch\\\/fr\\\/general\\\/2020-12-03\\\/mit-einer-laermstrategie-die-lebensqualitaet-verbessern\\\/\",\"name\":\"Mit einer L\u00e4rmstrategie die Lebensqualit\u00e4t verbessern - Organisator\",\"isPartOf\":{\"@id\":\"https:\\\/\\\/www.organisator.ch\\\/#website\"},\"primaryImageOfPage\":{\"@id\":\"https:\\\/\\\/www.organisator.ch\\\/fr\\\/general\\\/2020-12-03\\\/mit-einer-laermstrategie-die-lebensqualitaet-verbessern\\\/#primaryimage\"},\"image\":{\"@id\":\"https:\\\/\\\/www.organisator.ch\\\/fr\\\/general\\\/2020-12-03\\\/mit-einer-laermstrategie-die-lebensqualitaet-verbessern\\\/#primaryimage\"},\"thumbnailUrl\":\"https:\\\/\\\/www.organisator.ch\\\/wp-content\\\/uploads\\\/2020\\\/12\\\/Depositphotos_64915445_s-2019.jpg\",\"datePublished\":\"2020-12-03T14:02:39+00:00\",\"description\":\"Damit die hohe Lebensqualit\u00e4t erhalten bleibt, braucht es einen wirkungsvollen L\u00e4rmschutz. Die Stadt Z\u00fcrich arbeitet deshalb mit einer L\u00e4rmschutzstrategie.\",\"breadcrumb\":{\"@id\":\"https:\\\/\\\/www.organisator.ch\\\/fr\\\/general\\\/2020-12-03\\\/mit-einer-laermstrategie-die-lebensqualitaet-verbessern\\\/#breadcrumb\"},\"inLanguage\":\"de\",\"potentialAction\":[{\"@type\":\"ReadAction\",\"target\":[\"https:\\\/\\\/www.organisator.ch\\\/fr\\\/general\\\/2020-12-03\\\/mit-einer-laermstrategie-die-lebensqualitaet-verbessern\\\/\"]}]},{\"@type\":\"ImageObject\",\"inLanguage\":\"de\",\"@id\":\"https:\\\/\\\/www.organisator.ch\\\/fr\\\/general\\\/2020-12-03\\\/mit-einer-laermstrategie-die-lebensqualitaet-verbessern\\\/#primaryimage\",\"url\":\"https:\\\/\\\/www.organisator.ch\\\/wp-content\\\/uploads\\\/2020\\\/12\\\/Depositphotos_64915445_s-2019.jpg\",\"contentUrl\":\"https:\\\/\\\/www.organisator.ch\\\/wp-content\\\/uploads\\\/2020\\\/12\\\/Depositphotos_64915445_s-2019.jpg\",\"width\":999,\"height\":662,\"caption\":\"\u00a9 depositphotos, pxhidalgo\"},{\"@type\":\"BreadcrumbList\",\"@id\":\"https:\\\/\\\/www.organisator.ch\\\/fr\\\/general\\\/2020-12-03\\\/mit-einer-laermstrategie-die-lebensqualitaet-verbessern\\\/#breadcrumb\",\"itemListElement\":[{\"@type\":\"ListItem\",\"position\":1,\"name\":\"Home\",\"item\":\"https:\\\/\\\/www.organisator.ch\\\/\"},{\"@type\":\"ListItem\",\"position\":2,\"name\":\"Mit einer L\u00e4rmstrategie die Lebensqualit\u00e4t verbessern\"}]},{\"@type\":\"WebSite\",\"@id\":\"https:\\\/\\\/www.organisator.ch\\\/#website\",\"url\":\"https:\\\/\\\/www.organisator.ch\\\/\",\"name\":\"Organisator\",\"description\":\"Kompetent. Praxisnah. Der ORGANISATOR bereitet in 10 Ausgaben pro Jahr die wesentlichen Themen f\u00fcr F\u00fchrungskr\u00e4fte von KMU auf.\",\"publisher\":{\"@id\":\"https:\\\/\\\/www.organisator.ch\\\/#organization\"},\"potentialAction\":[{\"@type\":\"SearchAction\",\"target\":{\"@type\":\"EntryPoint\",\"urlTemplate\":\"https:\\\/\\\/www.organisator.ch\\\/?s={search_term_string}\"},\"query-input\":{\"@type\":\"PropertyValueSpecification\",\"valueRequired\":true,\"valueName\":\"search_term_string\"}}],\"inLanguage\":\"de\"},{\"@type\":\"Organization\",\"@id\":\"https:\\\/\\\/www.organisator.ch\\\/#organization\",\"name\":\"Organisator\",\"url\":\"https:\\\/\\\/www.organisator.ch\\\/\",\"logo\":{\"@type\":\"ImageObject\",\"inLanguage\":\"de\",\"@id\":\"https:\\\/\\\/www.organisator.ch\\\/#\\\/schema\\\/logo\\\/image\\\/\",\"url\":\"https:\\\/\\\/www.organisator.ch\\\/wp-content\\\/uploads\\\/2022\\\/01\\\/Logo_Organisator_Website.png\",\"contentUrl\":\"https:\\\/\\\/www.organisator.ch\\\/wp-content\\\/uploads\\\/2022\\\/01\\\/Logo_Organisator_Website.png\",\"width\":800,\"height\":77,\"caption\":\"Organisator\"},\"image\":{\"@id\":\"https:\\\/\\\/www.organisator.ch\\\/#\\\/schema\\\/logo\\\/image\\\/\"},\"sameAs\":[\"https:\\\/\\\/www.facebook.com\\\/OrganisatorFachmagazin\",\"https:\\\/\\\/www.linkedin.com\\\/showcase\\\/organisator-das-magazin-fr-kmu\",\"https:\\\/\\\/www.xing.com\\\/news\\\/pages\\\/organisator-ch-695\",\"https:\\\/\\\/www.youtube.com\\\/channel\\\/UCGP2Sq0iWaZwT3BdIAQFYpw\"]},{\"@type\":\"Person\",\"@id\":\"https:\\\/\\\/www.organisator.ch\\\/#\\\/schema\\\/person\\\/a800b8c54e208b160517a7dcc323161d\",\"name\":\"roger.straessle\",\"image\":{\"@type\":\"ImageObject\",\"inLanguage\":\"de\",\"@id\":\"https:\\\/\\\/secure.gravatar.com\\\/avatar\\\/?s=96&d=mm&r=g\",\"url\":\"https:\\\/\\\/secure.gravatar.com\\\/avatar\\\/?s=96&d=mm&r=g\",\"contentUrl\":\"https:\\\/\\\/secure.gravatar.com\\\/avatar\\\/?s=96&d=mm&r=g\",\"caption\":\"roger.straessle\"},\"url\":\"https:\\\/\\\/www.organisator.ch\\\/de\\\/author\\\/roger-straessle\\\/\"}]}<\/script>\n<!-- \/ Yoast SEO plugin. -->","yoast_head_json":{"title":"Mit einer L\u00e4rmstrategie die Lebensqualit\u00e4t verbessern - Organisator","description":"Damit die hohe Lebensqualit\u00e4t erhalten bleibt, braucht es einen wirkungsvollen L\u00e4rmschutz. Die Stadt Z\u00fcrich arbeitet deshalb mit einer L\u00e4rmschutzstrategie.","robots":{"index":"index","follow":"follow","max-snippet":"max-snippet:-1","max-image-preview":"max-image-preview:large","max-video-preview":"max-video-preview:-1"},"canonical":"https:\/\/www.organisator.ch\/de\/allgemein\/2020-12-03\/mit-einer-laermstrategie-die-lebensqualitaet-verbessern\/","og_locale":"de_DE","og_type":"article","og_title":"Mit einer L\u00e4rmstrategie die Lebensqualit\u00e4t verbessern - Organisator","og_description":"Damit die hohe Lebensqualit\u00e4t erhalten bleibt, braucht es einen wirkungsvollen L\u00e4rmschutz. Die Stadt Z\u00fcrich arbeitet deshalb mit einer L\u00e4rmschutzstrategie.","og_url":"https:\/\/www.organisator.ch\/de\/allgemein\/2020-12-03\/mit-einer-laermstrategie-die-lebensqualitaet-verbessern\/","og_site_name":"Organisator","article_publisher":"https:\/\/www.facebook.com\/OrganisatorFachmagazin","article_published_time":"2020-12-03T14:02:39+00:00","og_image":[{"width":999,"height":662,"url":"https:\/\/www.organisator.ch\/wp-content\/uploads\/2020\/12\/Depositphotos_64915445_s-2019.jpg","type":"image\/jpeg"}],"author":"roger.straessle","twitter_card":"summary_large_image","schema":{"@context":"https:\/\/schema.org","@graph":[{"@type":"Article","@id":"https:\/\/www.organisator.ch\/fr\/general\/2020-12-03\/mit-einer-laermstrategie-die-lebensqualitaet-verbessern\/#article","isPartOf":{"@id":"https:\/\/www.organisator.ch\/fr\/general\/2020-12-03\/mit-einer-laermstrategie-die-lebensqualitaet-verbessern\/"},"author":{"name":"roger.straessle","@id":"https:\/\/www.organisator.ch\/#\/schema\/person\/a800b8c54e208b160517a7dcc323161d"},"headline":"Mit einer L\u00e4rmstrategie die Lebensqualit\u00e4t verbessern","datePublished":"2020-12-03T14:02:39+00:00","mainEntityOfPage":{"@id":"https:\/\/www.organisator.ch\/fr\/general\/2020-12-03\/mit-einer-laermstrategie-die-lebensqualitaet-verbessern\/"},"wordCount":479,"publisher":{"@id":"https:\/\/www.organisator.ch\/#organization"},"image":{"@id":"https:\/\/www.organisator.ch\/fr\/general\/2020-12-03\/mit-einer-laermstrategie-die-lebensqualitaet-verbessern\/#primaryimage"},"thumbnailUrl":"https:\/\/www.organisator.ch\/wp-content\/uploads\/2020\/12\/Depositphotos_64915445_s-2019.jpg","keywords":["Elektromobilit\u00e4t","L\u00e4rmschutzstrategie","leise Reifen"],"inLanguage":"de"},{"@type":"WebPage","@id":"https:\/\/www.organisator.ch\/fr\/general\/2020-12-03\/mit-einer-laermstrategie-die-lebensqualitaet-verbessern\/","url":"https:\/\/www.organisator.ch\/fr\/general\/2020-12-03\/mit-einer-laermstrategie-die-lebensqualitaet-verbessern\/","name":"Mit einer L\u00e4rmstrategie die Lebensqualit\u00e4t verbessern - Organisator","isPartOf":{"@id":"https:\/\/www.organisator.ch\/#website"},"primaryImageOfPage":{"@id":"https:\/\/www.organisator.ch\/fr\/general\/2020-12-03\/mit-einer-laermstrategie-die-lebensqualitaet-verbessern\/#primaryimage"},"image":{"@id":"https:\/\/www.organisator.ch\/fr\/general\/2020-12-03\/mit-einer-laermstrategie-die-lebensqualitaet-verbessern\/#primaryimage"},"thumbnailUrl":"https:\/\/www.organisator.ch\/wp-content\/uploads\/2020\/12\/Depositphotos_64915445_s-2019.jpg","datePublished":"2020-12-03T14:02:39+00:00","description":"Damit die hohe Lebensqualit\u00e4t erhalten bleibt, braucht es einen wirkungsvollen L\u00e4rmschutz. Die Stadt Z\u00fcrich arbeitet deshalb mit einer L\u00e4rmschutzstrategie.","breadcrumb":{"@id":"https:\/\/www.organisator.ch\/fr\/general\/2020-12-03\/mit-einer-laermstrategie-die-lebensqualitaet-verbessern\/#breadcrumb"},"inLanguage":"de","potentialAction":[{"@type":"ReadAction","target":["https:\/\/www.organisator.ch\/fr\/general\/2020-12-03\/mit-einer-laermstrategie-die-lebensqualitaet-verbessern\/"]}]},{"@type":"ImageObject","inLanguage":"de","@id":"https:\/\/www.organisator.ch\/fr\/general\/2020-12-03\/mit-einer-laermstrategie-die-lebensqualitaet-verbessern\/#primaryimage","url":"https:\/\/www.organisator.ch\/wp-content\/uploads\/2020\/12\/Depositphotos_64915445_s-2019.jpg","contentUrl":"https:\/\/www.organisator.ch\/wp-content\/uploads\/2020\/12\/Depositphotos_64915445_s-2019.jpg","width":999,"height":662,"caption":"\u00a9 depositphotos, pxhidalgo"},{"@type":"BreadcrumbList","@id":"https:\/\/www.organisator.ch\/fr\/general\/2020-12-03\/mit-einer-laermstrategie-die-lebensqualitaet-verbessern\/#breadcrumb","itemListElement":[{"@type":"ListItem","position":1,"name":"Home","item":"https:\/\/www.organisator.ch\/"},{"@type":"ListItem","position":2,"name":"Mit einer L\u00e4rmstrategie die Lebensqualit\u00e4t verbessern"}]},{"@type":"WebSite","@id":"https:\/\/www.organisator.ch\/#website","url":"https:\/\/www.organisator.ch\/","name":"Organisator","description":"Kompetent. Praxisnah. Der ORGANISATOR bereitet in 10 Ausgaben pro Jahr die wesentlichen Themen f\u00fcr F\u00fchrungskr\u00e4fte von KMU auf.","publisher":{"@id":"https:\/\/www.organisator.ch\/#organization"},"potentialAction":[{"@type":"SearchAction","target":{"@type":"EntryPoint","urlTemplate":"https:\/\/www.organisator.ch\/?s={search_term_string}"},"query-input":{"@type":"PropertyValueSpecification","valueRequired":true,"valueName":"search_term_string"}}],"inLanguage":"de"},{"@type":"Organization","@id":"https:\/\/www.organisator.ch\/#organization","name":"Organisator","url":"https:\/\/www.organisator.ch\/","logo":{"@type":"ImageObject","inLanguage":"de","@id":"https:\/\/www.organisator.ch\/#\/schema\/logo\/image\/","url":"https:\/\/www.organisator.ch\/wp-content\/uploads\/2022\/01\/Logo_Organisator_Website.png","contentUrl":"https:\/\/www.organisator.ch\/wp-content\/uploads\/2022\/01\/Logo_Organisator_Website.png","width":800,"height":77,"caption":"Organisator"},"image":{"@id":"https:\/\/www.organisator.ch\/#\/schema\/logo\/image\/"},"sameAs":["https:\/\/www.facebook.com\/OrganisatorFachmagazin","https:\/\/www.linkedin.com\/showcase\/organisator-das-magazin-fr-kmu","https:\/\/www.xing.com\/news\/pages\/organisator-ch-695","https:\/\/www.youtube.com\/channel\/UCGP2Sq0iWaZwT3BdIAQFYpw"]},{"@type":"Person","@id":"https:\/\/www.organisator.ch\/#\/schema\/person\/a800b8c54e208b160517a7dcc323161d","name":"roger.straessle","image":{"@type":"ImageObject","inLanguage":"de","@id":"https:\/\/secure.gravatar.com\/avatar\/?s=96&d=mm&r=g","url":"https:\/\/secure.gravatar.com\/avatar\/?s=96&d=mm&r=g","contentUrl":"https:\/\/secure.gravatar.com\/avatar\/?s=96&d=mm&r=g","caption":"roger.straessle"},"url":"https:\/\/www.organisator.ch\/de\/author\/roger-straessle\/"}]}},"_links":{"self":[{"href":"https:\/\/www.organisator.ch\/de\/wp-json\/wp\/v2\/posts\/3554","targetHints":{"allow":["GET"]}}],"collection":[{"href":"https:\/\/www.organisator.ch\/de\/wp-json\/wp\/v2\/posts"}],"about":[{"href":"https:\/\/www.organisator.ch\/de\/wp-json\/wp\/v2\/types\/post"}],"author":[{"embeddable":true,"href":"https:\/\/www.organisator.ch\/de\/wp-json\/wp\/v2\/users\/6"}],"replies":[{"embeddable":true,"href":"https:\/\/www.organisator.ch\/de\/wp-json\/wp\/v2\/comments?post=3554"}],"version-history":[{"count":0,"href":"https:\/\/www.organisator.ch\/de\/wp-json\/wp\/v2\/posts\/3554\/revisions"}],"wp:featuredmedia":[{"embeddable":true,"href":"https:\/\/www.organisator.ch\/de\/wp-json\/wp\/v2\/media\/9741"}],"wp:attachment":[{"href":"https:\/\/www.organisator.ch\/de\/wp-json\/wp\/v2\/media?parent=3554"}],"wp:term":[{"taxonomy":"category","embeddable":true,"href":"https:\/\/www.organisator.ch\/de\/wp-json\/wp\/v2\/categories?post=3554"},{"taxonomy":"post_tag","embeddable":true,"href":"https:\/\/www.organisator.ch\/de\/wp-json\/wp\/v2\/tags?post=3554"}],"curies":[{"name":"wp","href":"https:\/\/api.w.org\/{rel}","templated":true}]}}