{"id":3555,"date":"2018-05-09T10:30:36","date_gmt":"2018-05-09T08:30:36","guid":{"rendered":"https:\/\/www.organisator.ch\/?p=3555"},"modified":"2018-05-09T10:30:36","modified_gmt":"2018-05-09T08:30:36","slug":"digital-workplace-mobil-arbeiten-mit-citrix-aus-der-gia-cloud","status":"publish","type":"post","link":"https:\/\/www.organisator.ch\/de\/management\/it\/2018-05-09\/digital-workplace-mobil-arbeiten-mit-citrix-aus-der-gia-cloud\/","title":{"rendered":"Digital Workplace: Mobil arbeiten mit Citrix aus der GIA-Cloud"},"content":{"rendered":"<figure id=\"attachment_3556\" aria-describedby=\"caption-attachment-3556\" style=\"width: 640px\" class=\"wp-caption alignnone\"><img loading=\"lazy\" decoding=\"async\" class=\"size-full wp-image-3556\" src=\"https:\/\/www.organisator.ch\/wp-content\/uploads\/2018\/05\/Digital-Workplace-Mobil-arbeiten-mit-Citrix-aus-der-GIA-Cloud-1_Organisator.jpg\" alt=\"\" width=\"640\" height=\"427\" srcset=\"https:\/\/www.organisator.ch\/wp-content\/uploads\/2018\/05\/Digital-Workplace-Mobil-arbeiten-mit-Citrix-aus-der-GIA-Cloud-1_Organisator.jpg 640w, https:\/\/www.organisator.ch\/wp-content\/uploads\/2018\/05\/Digital-Workplace-Mobil-arbeiten-mit-Citrix-aus-der-GIA-Cloud-1_Organisator-16x12.jpg 16w, https:\/\/www.organisator.ch\/wp-content\/uploads\/2018\/05\/Digital-Workplace-Mobil-arbeiten-mit-Citrix-aus-der-GIA-Cloud-1_Organisator-262x175.jpg 262w, https:\/\/www.organisator.ch\/wp-content\/uploads\/2018\/05\/Digital-Workplace-Mobil-arbeiten-mit-Citrix-aus-der-GIA-Cloud-1_Organisator-525x350.jpg 525w, https:\/\/www.organisator.ch\/wp-content\/uploads\/2018\/05\/Digital-Workplace-Mobil-arbeiten-mit-Citrix-aus-der-GIA-Cloud-1_Organisator-300x200.jpg 300w\" sizes=\"auto, (max-width: 640px) 100vw, 640px\" \/><figcaption id=\"caption-attachment-3556\" class=\"wp-caption-text\">Andreas Siegrist (links) und Thomas Bossard, Produktmarketingmanager Citrix GIA Informatik AG, sind mit den Anforderungen an einen mobilen digital Workplace vertraut. (Bild: Martin Baur)<\/figcaption><\/figure>\n<p>Die Anforderungen von Grossfirmen und KMU bez\u00fcglich eines modernen und mobilen Workplace steigen: Immer mehr Mitarbeitende arbeiten unterwegs oder mittels Remote-Verbindung im Home Office. Anwendungen und Daten m\u00fcssen weltweit sicher und leicht zug\u00e4nglich sein. Deshalb baute die <a href=\"https:\/\/gia.ch\/services\/it-services\/\">Cloud<\/a>-Spezialistin <a href=\"https:\/\/gia.ch\/profil\/\">GIA Informatik AG<\/a> aus Oftringen in ihren Datacentern in der Schweiz eine eigene Citrix Cloud auf. Mit dem Citrix Netscaler als Load Balancer stellt sie die Hochverf\u00fcgbarkeit der Infrastruktur sicher.<\/p>\n<h2><strong>Grafikunterst\u00fctzter Desktop f\u00fcr CAD-Applikationen<\/strong><\/h2>\n<p>Unternehmen k\u00f6nnen standardisierte Desktops verwenden. Oder sie streben eine virtuelle Desktop-L\u00f6sung (VDI) an, bei der jeder User einen dedizierten, virtuellen Arbeitsplatz erh\u00e4lt. Speziell dabei sind grafikunterst\u00fctzte Desktops f\u00fcr CAD-Applikationen, wobei die Daten durch Grafikkarten mit Nvidia-Grid-Technologie erm\u00f6glicht werden: Bei der herk\u00f6mmlichen Form befindet sich die Grafikpower direkt im Client \u2013 dies bedingt jedoch relativ teure Workstations. Citrix bietet diese Leistung neu auch im geteilten Umfeld an, in dem die grafikintensiven Applikationen laufen.<\/p>\n<h2><strong>Interessantes Verrechnungsmodell<\/strong><\/h2>\n<p>KMU, die Interesse an Citrix haben, sollen sich zuerst die \u00dcberlegung machen, ob der Ausbau ihrer IT-Infrastruktur ihre Kernkompetenz ist. Ist dies nicht der Fall, empfiehlt es sich, einen Partner zu suchen, der flexible IT-Services und modulare Verrechnungsmodelle mit einem Preis pro Monat und Benutzer anbietet. Die Services lassen sich jederzeit gegen oben oder unten skalieren.<\/p>\n<ul>\n<li>Ein weiterer Vorteil ist die Mitgliedschaft von GIA im \u00abQualified Multitenant Hoster Program\u00bb: Wer schon \u00fcber Laptops verf\u00fcgt und daf\u00fcr Office- und Windows-Lizenzen bezahlt, muss diese \u2013 f\u00fcr die VDI-Maschinen \u2013 nicht ein zweites Mal begleichen.<\/li>\n<li>Zudem verl\u00e4ngert Citrix die Benutzungszeit der bestehenden Hardware. Ein drei- bis vierj\u00e4hriger, langsamer Laptop hat keinen Einfluss mehr auf die Performance, da f\u00fcr diese der Server verantwortlich ist.<\/li>\n<li>\u00dcberdies gibt es mit \u00abIgel Thin Stick\u00bb oder \u00abUD Pocket Stick\u00bb zwei USB-Sticks, die Unternehmen an einem x-beliebigen Device einstecken, die Citrix-Applikationen starten \u2013 und schon befinden sie sich auf ihrem firmeneigenen Desktop. Da die Leistung vom Stick respektive von der Citrix-Umgebung kommt, ist sie von der zur Verf\u00fcgung stehenden Hardware unabh\u00e4ngig.<\/li>\n<\/ul>\n<h2><strong>Einfacher Wechsel in die Citrix Cloud<\/strong><\/h2>\n<p>Wie l\u00e4uft ein Wechsel eines KMU in die Citrix Cloud ab? In der Regel gibt es zwei Ans\u00e4tze f\u00fcr die Anforderungen:<\/p>\n<ol>\n<li>Die Mitarbeitenden sollen mobil arbeiten k\u00f6nnen.<\/li>\n<li>Es bestehen spezielle Applikationen, die die Firma nur f\u00fcr gewisse Mitarbeitende auf den Devices installieren will.<\/li>\n<\/ol>\n<figure id=\"attachment_3557\" aria-describedby=\"caption-attachment-3557\" style=\"width: 640px\" class=\"wp-caption alignnone\"><img loading=\"lazy\" decoding=\"async\" class=\"size-full wp-image-3557\" src=\"https:\/\/www.organisator.ch\/wp-content\/uploads\/2018\/05\/Digital-Workplace-Mobil-arbeiten-mit-Citrix-aus-der-GIA-Cloud-2_Organisator.jpg\" alt=\"\" width=\"640\" height=\"427\" srcset=\"https:\/\/www.organisator.ch\/wp-content\/uploads\/2018\/05\/Digital-Workplace-Mobil-arbeiten-mit-Citrix-aus-der-GIA-Cloud-2_Organisator.jpg 640w, https:\/\/www.organisator.ch\/wp-content\/uploads\/2018\/05\/Digital-Workplace-Mobil-arbeiten-mit-Citrix-aus-der-GIA-Cloud-2_Organisator-16x12.jpg 16w, https:\/\/www.organisator.ch\/wp-content\/uploads\/2018\/05\/Digital-Workplace-Mobil-arbeiten-mit-Citrix-aus-der-GIA-Cloud-2_Organisator-262x175.jpg 262w, https:\/\/www.organisator.ch\/wp-content\/uploads\/2018\/05\/Digital-Workplace-Mobil-arbeiten-mit-Citrix-aus-der-GIA-Cloud-2_Organisator-525x350.jpg 525w, https:\/\/www.organisator.ch\/wp-content\/uploads\/2018\/05\/Digital-Workplace-Mobil-arbeiten-mit-Citrix-aus-der-GIA-Cloud-2_Organisator-300x200.jpg 300w\" sizes=\"auto, (max-width: 640px) 100vw, 640px\" \/><figcaption id=\"caption-attachment-3557\" class=\"wp-caption-text\">Die IT-Dienstleisterin GIA Informatik AG baute in ihren Datacentern in Oftringen und Zofingen eine eigene Citrix Cloud auf. \u00abDurch Citrix k\u00f6nnen CAD-Desktops als Service bereitgestellt werden\u00bb, sagt dazu Andreas Siegrist, Lead ICT Architect und Leader Solution-Architect-Team GIA Informatik AG. (Bild: Martin Baur)<\/figcaption><\/figure>\n<p>Um das Bed\u00fcrfnis stillen zu k\u00f6nnen, baut das vierk\u00f6pfige Citrix-Team von GIA eine VPN-Verbindung zum Kunden und ben\u00f6tigt einen Zugriff auf sein Identit\u00e4tsmanagement \u2013 im Normalfall sind dies AD-Dienste (Windows). Die restlichen Aufgaben laufen standardisiert ab:<\/p>\n<ul>\n<li>In die Kundenumgebung werden Terminalserver (virtuelle Maschinen) installiert.<\/li>\n<li>Der Zugriff auf die Infrastruktur, das Login und das Gew\u00e4hrleisten der Verf\u00fcgbarkeit sind bereits vorhanden.<\/li>\n<li>Danach definieren die Cloud-Spezialisten von GIA die Gruppen der User.<\/li>\n<li>F\u00fcr diese ist eine Zwei-Faktor-Authentifizierung zu empfehlen.<\/li>\n<li>Final melden sie sich auf der Cloud an und arbeiten wie gewohnt mit ihrem Desktop.<\/li>\n<\/ul>\n<p>&nbsp;<\/p>\n<p><em>Autor: Andreas Siegrist ist bei der GIA Informatik AG Lead ICT Architect und Leader des Solution-Architect-Teams. Sein T\u00e4tigkeitsgebiet erstreckt sich von strategischer IT-Planung \u00fcber Innovation Management und Projektmanagement bis zu Presales. <a href=\"http:\/\/www.gia.ch\">www.gia.ch<\/a><\/em><\/p>\n<p>&nbsp;<\/p>\n","protected":false},"excerpt":{"rendered":"<p>Die Anforderungen von Grossfirmen und KMU bez\u00fcglich eines modernen und mobilen Workplace steigen: Immer mehr Mitarbeitende arbeiten unterwegs oder mittels Remote-Verbindung im Home Office. Anwendungen und Daten m\u00fcssen weltweit sicher und leicht zug\u00e4nglich sein. Deshalb baute die Cloud-Spezialistin GIA Informatik AG aus Oftringen in ihren Datacentern in der Schweiz eine eigene Citrix Cloud auf. Mit [&hellip;]<\/p>\n","protected":false},"author":4,"featured_media":3556,"comment_status":"open","ping_status":"open","sticky":false,"template":"","format":"standard","meta":{"_acf_changed":false,"_yoast_wpseo_focuskw":"Citrix","_yoast_wpseo_metadesc":"Die digitale Revolution findet am Arbeitsplatz statt. Ein zentrales Element ist dabei das technische Umstellen des \u00abDigital Workplace\u00bb. Die GIA Informatik AG ging deshalb eine strategische Partnerschaft mit Citrix ein.","articlekey":"","footnotes":""},"categories":[27],"tags":[123,156,286,393],"class_list":["post-3555","post","type-post","status-publish","format-standard","has-post-thumbnail","hentry","category-it","tag-cloud-computing","tag-digitalisierung","tag-it","tag-produkte"],"acf":[],"yoast_head":"<!-- This site is optimized with the Yoast SEO plugin v27.5 - https:\/\/yoast.com\/product\/yoast-seo-wordpress\/ -->\n<title>Digital Workplace: Mobil arbeiten mit Citrix aus der GIA-Cloud - Organisator<\/title>\n<meta name=\"description\" content=\"Die digitale Revolution findet am Arbeitsplatz statt. Ein zentrales Element ist dabei das technische Umstellen des \u00abDigital Workplace\u00bb. Die GIA Informatik AG ging deshalb eine strategische Partnerschaft mit Citrix ein.\" \/>\n<meta name=\"robots\" content=\"index, follow, max-snippet:-1, max-image-preview:large, max-video-preview:-1\" \/>\n<link rel=\"canonical\" href=\"https:\/\/www.organisator.ch\/de\/management\/it\/2018-05-09\/digital-workplace-mobil-arbeiten-mit-citrix-aus-der-gia-cloud\/\" \/>\n<meta property=\"og:locale\" content=\"de_DE\" \/>\n<meta property=\"og:type\" content=\"article\" \/>\n<meta property=\"og:title\" content=\"Digital Workplace: Mobil arbeiten mit Citrix aus der GIA-Cloud\" \/>\n<meta property=\"og:description\" content=\"Die digitale Revolution findet am Arbeitsplatz statt. Ein zentrales Element ist dabei das technische Umstellen des \u00abDigital Workplace\u00bb. Die #GIA Informatik AG ging deshalb eine strategische Partnerschaft mit #Citrix ein.\" \/>\n<meta property=\"og:url\" content=\"https:\/\/www.organisator.ch\/de\/management\/it\/2018-05-09\/digital-workplace-mobil-arbeiten-mit-citrix-aus-der-gia-cloud\/\" \/>\n<meta property=\"og:site_name\" content=\"Organisator\" \/>\n<meta property=\"article:publisher\" content=\"https:\/\/www.facebook.com\/OrganisatorFachmagazin\" \/>\n<meta property=\"article:published_time\" content=\"2018-05-09T08:30:36+00:00\" \/>\n<meta property=\"og:image\" content=\"https:\/\/www.organisator.ch\/wp-content\/uploads\/2018\/05\/Digital-Workplace-Mobil-arbeiten-mit-Citrix-aus-der-GIA-Cloud-1_Organisator.jpg\" \/>\n\t<meta property=\"og:image:width\" content=\"640\" \/>\n\t<meta property=\"og:image:height\" content=\"427\" \/>\n\t<meta property=\"og:image:type\" content=\"image\/jpeg\" \/>\n<meta name=\"author\" content=\"thomas.berner\" \/>\n<meta name=\"twitter:card\" content=\"summary_large_image\" \/>\n<meta name=\"twitter:title\" content=\"Digital Workplace: Mobil arbeiten mit #Citrix aus der GIA-Cloud\" \/>\n<meta name=\"twitter:description\" content=\"Die digitale Revolution findet am Arbeitsplatz statt. Ein zentrales Element ist dabei das technische Umstellen des \u00abDigital Workplace\u00bb. Die #GIA Informatik AG ging deshalb eine strategische Partnerschaft mit #Citrix ein.\" \/>\n<meta name=\"twitter:image\" content=\"https:\/\/www.organisator.ch\/wp-content\/uploads\/2018\/05\/Digital-Workplace-Mobil-arbeiten-mit-Citrix-aus-der-GIA-Cloud-1_Organisator.jpg\" \/>\n<script type=\"application\/ld+json\" class=\"yoast-schema-graph\">{\"@context\":\"https:\\\/\\\/schema.org\",\"@graph\":[{\"@type\":\"Article\",\"@id\":\"https:\\\/\\\/www.organisator.ch\\\/management\\\/it\\\/2018-05-09\\\/digital-workplace-mobil-arbeiten-mit-citrix-aus-der-gia-cloud\\\/#article\",\"isPartOf\":{\"@id\":\"https:\\\/\\\/www.organisator.ch\\\/management\\\/it\\\/2018-05-09\\\/digital-workplace-mobil-arbeiten-mit-citrix-aus-der-gia-cloud\\\/\"},\"author\":{\"name\":\"thomas.berner\",\"@id\":\"https:\\\/\\\/www.organisator.ch\\\/#\\\/schema\\\/person\\\/6f650f90b2842cd4c0cc334b4e36f67e\"},\"headline\":\"Digital Workplace: Mobil arbeiten mit Citrix aus der GIA-Cloud\",\"datePublished\":\"2018-05-09T08:30:36+00:00\",\"mainEntityOfPage\":{\"@id\":\"https:\\\/\\\/www.organisator.ch\\\/management\\\/it\\\/2018-05-09\\\/digital-workplace-mobil-arbeiten-mit-citrix-aus-der-gia-cloud\\\/\"},\"wordCount\":614,\"commentCount\":0,\"publisher\":{\"@id\":\"https:\\\/\\\/www.organisator.ch\\\/#organization\"},\"image\":{\"@id\":\"https:\\\/\\\/www.organisator.ch\\\/management\\\/it\\\/2018-05-09\\\/digital-workplace-mobil-arbeiten-mit-citrix-aus-der-gia-cloud\\\/#primaryimage\"},\"thumbnailUrl\":\"https:\\\/\\\/www.organisator.ch\\\/wp-content\\\/uploads\\\/2018\\\/05\\\/Digital-Workplace-Mobil-arbeiten-mit-Citrix-aus-der-GIA-Cloud-1_Organisator.jpg\",\"keywords\":[\"Cloud Computing\",\"Digitalisierung\",\"IT\",\"Produkte\"],\"articleSection\":[\"IT\"],\"inLanguage\":\"de\"},{\"@type\":\"WebPage\",\"@id\":\"https:\\\/\\\/www.organisator.ch\\\/management\\\/it\\\/2018-05-09\\\/digital-workplace-mobil-arbeiten-mit-citrix-aus-der-gia-cloud\\\/\",\"url\":\"https:\\\/\\\/www.organisator.ch\\\/management\\\/it\\\/2018-05-09\\\/digital-workplace-mobil-arbeiten-mit-citrix-aus-der-gia-cloud\\\/\",\"name\":\"Digital Workplace: Mobil arbeiten mit Citrix aus der GIA-Cloud - Organisator\",\"isPartOf\":{\"@id\":\"https:\\\/\\\/www.organisator.ch\\\/#website\"},\"primaryImageOfPage\":{\"@id\":\"https:\\\/\\\/www.organisator.ch\\\/management\\\/it\\\/2018-05-09\\\/digital-workplace-mobil-arbeiten-mit-citrix-aus-der-gia-cloud\\\/#primaryimage\"},\"image\":{\"@id\":\"https:\\\/\\\/www.organisator.ch\\\/management\\\/it\\\/2018-05-09\\\/digital-workplace-mobil-arbeiten-mit-citrix-aus-der-gia-cloud\\\/#primaryimage\"},\"thumbnailUrl\":\"https:\\\/\\\/www.organisator.ch\\\/wp-content\\\/uploads\\\/2018\\\/05\\\/Digital-Workplace-Mobil-arbeiten-mit-Citrix-aus-der-GIA-Cloud-1_Organisator.jpg\",\"datePublished\":\"2018-05-09T08:30:36+00:00\",\"description\":\"Die digitale Revolution findet am Arbeitsplatz statt. Ein zentrales Element ist dabei das technische Umstellen des \u00abDigital Workplace\u00bb. Die GIA Informatik AG ging deshalb eine strategische Partnerschaft mit Citrix ein.\",\"breadcrumb\":{\"@id\":\"https:\\\/\\\/www.organisator.ch\\\/management\\\/it\\\/2018-05-09\\\/digital-workplace-mobil-arbeiten-mit-citrix-aus-der-gia-cloud\\\/#breadcrumb\"},\"inLanguage\":\"de\",\"potentialAction\":[{\"@type\":\"ReadAction\",\"target\":[\"https:\\\/\\\/www.organisator.ch\\\/management\\\/it\\\/2018-05-09\\\/digital-workplace-mobil-arbeiten-mit-citrix-aus-der-gia-cloud\\\/\"]}]},{\"@type\":\"ImageObject\",\"inLanguage\":\"de\",\"@id\":\"https:\\\/\\\/www.organisator.ch\\\/management\\\/it\\\/2018-05-09\\\/digital-workplace-mobil-arbeiten-mit-citrix-aus-der-gia-cloud\\\/#primaryimage\",\"url\":\"https:\\\/\\\/www.organisator.ch\\\/wp-content\\\/uploads\\\/2018\\\/05\\\/Digital-Workplace-Mobil-arbeiten-mit-Citrix-aus-der-GIA-Cloud-1_Organisator.jpg\",\"contentUrl\":\"https:\\\/\\\/www.organisator.ch\\\/wp-content\\\/uploads\\\/2018\\\/05\\\/Digital-Workplace-Mobil-arbeiten-mit-Citrix-aus-der-GIA-Cloud-1_Organisator.jpg\",\"width\":640,\"height\":427,\"caption\":\"Andreas Siegrist (links) und Thomas Bossard, Produktmarketingmanager Citrix GIA Informatik AG, sind mit den Anforderungen an einen mobilen digital Workplace vertraut. (Bild: Martin Baur)\"},{\"@type\":\"BreadcrumbList\",\"@id\":\"https:\\\/\\\/www.organisator.ch\\\/management\\\/it\\\/2018-05-09\\\/digital-workplace-mobil-arbeiten-mit-citrix-aus-der-gia-cloud\\\/#breadcrumb\",\"itemListElement\":[{\"@type\":\"ListItem\",\"position\":1,\"name\":\"Home\",\"item\":\"https:\\\/\\\/www.organisator.ch\\\/\"},{\"@type\":\"ListItem\",\"position\":2,\"name\":\"Digital Workplace: Mobil arbeiten mit Citrix aus der GIA-Cloud\"}]},{\"@type\":\"WebSite\",\"@id\":\"https:\\\/\\\/www.organisator.ch\\\/#website\",\"url\":\"https:\\\/\\\/www.organisator.ch\\\/\",\"name\":\"Organisator\",\"description\":\"Kompetent. Praxisnah. Der ORGANISATOR bereitet in 10 Ausgaben pro Jahr die wesentlichen Themen f\u00fcr F\u00fchrungskr\u00e4fte von KMU auf.\",\"publisher\":{\"@id\":\"https:\\\/\\\/www.organisator.ch\\\/#organization\"},\"potentialAction\":[{\"@type\":\"SearchAction\",\"target\":{\"@type\":\"EntryPoint\",\"urlTemplate\":\"https:\\\/\\\/www.organisator.ch\\\/?s={search_term_string}\"},\"query-input\":{\"@type\":\"PropertyValueSpecification\",\"valueRequired\":true,\"valueName\":\"search_term_string\"}}],\"inLanguage\":\"de\"},{\"@type\":\"Organization\",\"@id\":\"https:\\\/\\\/www.organisator.ch\\\/#organization\",\"name\":\"Organisator\",\"url\":\"https:\\\/\\\/www.organisator.ch\\\/\",\"logo\":{\"@type\":\"ImageObject\",\"inLanguage\":\"de\",\"@id\":\"https:\\\/\\\/www.organisator.ch\\\/#\\\/schema\\\/logo\\\/image\\\/\",\"url\":\"https:\\\/\\\/www.organisator.ch\\\/wp-content\\\/uploads\\\/2022\\\/01\\\/Logo_Organisator_Website.png\",\"contentUrl\":\"https:\\\/\\\/www.organisator.ch\\\/wp-content\\\/uploads\\\/2022\\\/01\\\/Logo_Organisator_Website.png\",\"width\":800,\"height\":77,\"caption\":\"Organisator\"},\"image\":{\"@id\":\"https:\\\/\\\/www.organisator.ch\\\/#\\\/schema\\\/logo\\\/image\\\/\"},\"sameAs\":[\"https:\\\/\\\/www.facebook.com\\\/OrganisatorFachmagazin\",\"https:\\\/\\\/www.linkedin.com\\\/showcase\\\/organisator-das-magazin-fr-kmu\",\"https:\\\/\\\/www.xing.com\\\/news\\\/pages\\\/organisator-ch-695\",\"https:\\\/\\\/www.youtube.com\\\/channel\\\/UCGP2Sq0iWaZwT3BdIAQFYpw\"]},{\"@type\":\"Person\",\"@id\":\"https:\\\/\\\/www.organisator.ch\\\/#\\\/schema\\\/person\\\/6f650f90b2842cd4c0cc334b4e36f67e\",\"name\":\"thomas.berner\",\"image\":{\"@type\":\"ImageObject\",\"inLanguage\":\"de\",\"@id\":\"https:\\\/\\\/secure.gravatar.com\\\/avatar\\\/ac5001d2a36cb6c6cd3e50789007ffca834b477b74a2144564522e944eabff61?s=96&d=mm&r=g\",\"url\":\"https:\\\/\\\/secure.gravatar.com\\\/avatar\\\/ac5001d2a36cb6c6cd3e50789007ffca834b477b74a2144564522e944eabff61?s=96&d=mm&r=g\",\"contentUrl\":\"https:\\\/\\\/secure.gravatar.com\\\/avatar\\\/ac5001d2a36cb6c6cd3e50789007ffca834b477b74a2144564522e944eabff61?s=96&d=mm&r=g\",\"caption\":\"thomas.berner\"},\"url\":\"https:\\\/\\\/www.organisator.ch\\\/de\\\/author\\\/thomas-berner\\\/\"}]}<\/script>\n<!-- \/ Yoast SEO plugin. -->","yoast_head_json":{"title":"Digital Workplace: Mobil arbeiten mit Citrix aus der GIA-Cloud - Organisator","description":"Die digitale Revolution findet am Arbeitsplatz statt. Ein zentrales Element ist dabei das technische Umstellen des \u00abDigital Workplace\u00bb. Die GIA Informatik AG ging deshalb eine strategische Partnerschaft mit Citrix ein.","robots":{"index":"index","follow":"follow","max-snippet":"max-snippet:-1","max-image-preview":"max-image-preview:large","max-video-preview":"max-video-preview:-1"},"canonical":"https:\/\/www.organisator.ch\/de\/management\/it\/2018-05-09\/digital-workplace-mobil-arbeiten-mit-citrix-aus-der-gia-cloud\/","og_locale":"de_DE","og_type":"article","og_title":"Digital Workplace: Mobil arbeiten mit Citrix aus der GIA-Cloud","og_description":"Die digitale Revolution findet am Arbeitsplatz statt. Ein zentrales Element ist dabei das technische Umstellen des \u00abDigital Workplace\u00bb. Die #GIA Informatik AG ging deshalb eine strategische Partnerschaft mit #Citrix ein.","og_url":"https:\/\/www.organisator.ch\/de\/management\/it\/2018-05-09\/digital-workplace-mobil-arbeiten-mit-citrix-aus-der-gia-cloud\/","og_site_name":"Organisator","article_publisher":"https:\/\/www.facebook.com\/OrganisatorFachmagazin","article_published_time":"2018-05-09T08:30:36+00:00","og_image":[{"width":640,"height":427,"url":"https:\/\/www.organisator.ch\/wp-content\/uploads\/2018\/05\/Digital-Workplace-Mobil-arbeiten-mit-Citrix-aus-der-GIA-Cloud-1_Organisator.jpg","type":"image\/jpeg"}],"author":"thomas.berner","twitter_card":"summary_large_image","twitter_title":"Digital Workplace: Mobil arbeiten mit #Citrix aus der GIA-Cloud","twitter_description":"Die digitale Revolution findet am Arbeitsplatz statt. Ein zentrales Element ist dabei das technische Umstellen des \u00abDigital Workplace\u00bb. Die #GIA Informatik AG ging deshalb eine strategische Partnerschaft mit #Citrix ein.","twitter_image":"https:\/\/www.organisator.ch\/wp-content\/uploads\/2018\/05\/Digital-Workplace-Mobil-arbeiten-mit-Citrix-aus-der-GIA-Cloud-1_Organisator.jpg","schema":{"@context":"https:\/\/schema.org","@graph":[{"@type":"Article","@id":"https:\/\/www.organisator.ch\/management\/it\/2018-05-09\/digital-workplace-mobil-arbeiten-mit-citrix-aus-der-gia-cloud\/#article","isPartOf":{"@id":"https:\/\/www.organisator.ch\/management\/it\/2018-05-09\/digital-workplace-mobil-arbeiten-mit-citrix-aus-der-gia-cloud\/"},"author":{"name":"thomas.berner","@id":"https:\/\/www.organisator.ch\/#\/schema\/person\/6f650f90b2842cd4c0cc334b4e36f67e"},"headline":"Digital Workplace: Mobil arbeiten mit Citrix aus der GIA-Cloud","datePublished":"2018-05-09T08:30:36+00:00","mainEntityOfPage":{"@id":"https:\/\/www.organisator.ch\/management\/it\/2018-05-09\/digital-workplace-mobil-arbeiten-mit-citrix-aus-der-gia-cloud\/"},"wordCount":614,"commentCount":0,"publisher":{"@id":"https:\/\/www.organisator.ch\/#organization"},"image":{"@id":"https:\/\/www.organisator.ch\/management\/it\/2018-05-09\/digital-workplace-mobil-arbeiten-mit-citrix-aus-der-gia-cloud\/#primaryimage"},"thumbnailUrl":"https:\/\/www.organisator.ch\/wp-content\/uploads\/2018\/05\/Digital-Workplace-Mobil-arbeiten-mit-Citrix-aus-der-GIA-Cloud-1_Organisator.jpg","keywords":["Cloud Computing","Digitalisierung","IT","Produkte"],"articleSection":["IT"],"inLanguage":"de"},{"@type":"WebPage","@id":"https:\/\/www.organisator.ch\/management\/it\/2018-05-09\/digital-workplace-mobil-arbeiten-mit-citrix-aus-der-gia-cloud\/","url":"https:\/\/www.organisator.ch\/management\/it\/2018-05-09\/digital-workplace-mobil-arbeiten-mit-citrix-aus-der-gia-cloud\/","name":"Digital Workplace: Mobil arbeiten mit Citrix aus der GIA-Cloud - Organisator","isPartOf":{"@id":"https:\/\/www.organisator.ch\/#website"},"primaryImageOfPage":{"@id":"https:\/\/www.organisator.ch\/management\/it\/2018-05-09\/digital-workplace-mobil-arbeiten-mit-citrix-aus-der-gia-cloud\/#primaryimage"},"image":{"@id":"https:\/\/www.organisator.ch\/management\/it\/2018-05-09\/digital-workplace-mobil-arbeiten-mit-citrix-aus-der-gia-cloud\/#primaryimage"},"thumbnailUrl":"https:\/\/www.organisator.ch\/wp-content\/uploads\/2018\/05\/Digital-Workplace-Mobil-arbeiten-mit-Citrix-aus-der-GIA-Cloud-1_Organisator.jpg","datePublished":"2018-05-09T08:30:36+00:00","description":"Die digitale Revolution findet am Arbeitsplatz statt. Ein zentrales Element ist dabei das technische Umstellen des \u00abDigital Workplace\u00bb. Die GIA Informatik AG ging deshalb eine strategische Partnerschaft mit Citrix ein.","breadcrumb":{"@id":"https:\/\/www.organisator.ch\/management\/it\/2018-05-09\/digital-workplace-mobil-arbeiten-mit-citrix-aus-der-gia-cloud\/#breadcrumb"},"inLanguage":"de","potentialAction":[{"@type":"ReadAction","target":["https:\/\/www.organisator.ch\/management\/it\/2018-05-09\/digital-workplace-mobil-arbeiten-mit-citrix-aus-der-gia-cloud\/"]}]},{"@type":"ImageObject","inLanguage":"de","@id":"https:\/\/www.organisator.ch\/management\/it\/2018-05-09\/digital-workplace-mobil-arbeiten-mit-citrix-aus-der-gia-cloud\/#primaryimage","url":"https:\/\/www.organisator.ch\/wp-content\/uploads\/2018\/05\/Digital-Workplace-Mobil-arbeiten-mit-Citrix-aus-der-GIA-Cloud-1_Organisator.jpg","contentUrl":"https:\/\/www.organisator.ch\/wp-content\/uploads\/2018\/05\/Digital-Workplace-Mobil-arbeiten-mit-Citrix-aus-der-GIA-Cloud-1_Organisator.jpg","width":640,"height":427,"caption":"Andreas Siegrist (links) und Thomas Bossard, Produktmarketingmanager Citrix GIA Informatik AG, sind mit den Anforderungen an einen mobilen digital Workplace vertraut. (Bild: Martin Baur)"},{"@type":"BreadcrumbList","@id":"https:\/\/www.organisator.ch\/management\/it\/2018-05-09\/digital-workplace-mobil-arbeiten-mit-citrix-aus-der-gia-cloud\/#breadcrumb","itemListElement":[{"@type":"ListItem","position":1,"name":"Home","item":"https:\/\/www.organisator.ch\/"},{"@type":"ListItem","position":2,"name":"Digital Workplace: Mobil arbeiten mit Citrix aus der GIA-Cloud"}]},{"@type":"WebSite","@id":"https:\/\/www.organisator.ch\/#website","url":"https:\/\/www.organisator.ch\/","name":"Organisator","description":"Kompetent. Praxisnah. Der ORGANISATOR bereitet in 10 Ausgaben pro Jahr die wesentlichen Themen f\u00fcr F\u00fchrungskr\u00e4fte von KMU auf.","publisher":{"@id":"https:\/\/www.organisator.ch\/#organization"},"potentialAction":[{"@type":"SearchAction","target":{"@type":"EntryPoint","urlTemplate":"https:\/\/www.organisator.ch\/?s={search_term_string}"},"query-input":{"@type":"PropertyValueSpecification","valueRequired":true,"valueName":"search_term_string"}}],"inLanguage":"de"},{"@type":"Organization","@id":"https:\/\/www.organisator.ch\/#organization","name":"Organisator","url":"https:\/\/www.organisator.ch\/","logo":{"@type":"ImageObject","inLanguage":"de","@id":"https:\/\/www.organisator.ch\/#\/schema\/logo\/image\/","url":"https:\/\/www.organisator.ch\/wp-content\/uploads\/2022\/01\/Logo_Organisator_Website.png","contentUrl":"https:\/\/www.organisator.ch\/wp-content\/uploads\/2022\/01\/Logo_Organisator_Website.png","width":800,"height":77,"caption":"Organisator"},"image":{"@id":"https:\/\/www.organisator.ch\/#\/schema\/logo\/image\/"},"sameAs":["https:\/\/www.facebook.com\/OrganisatorFachmagazin","https:\/\/www.linkedin.com\/showcase\/organisator-das-magazin-fr-kmu","https:\/\/www.xing.com\/news\/pages\/organisator-ch-695","https:\/\/www.youtube.com\/channel\/UCGP2Sq0iWaZwT3BdIAQFYpw"]},{"@type":"Person","@id":"https:\/\/www.organisator.ch\/#\/schema\/person\/6f650f90b2842cd4c0cc334b4e36f67e","name":"thomas.berner","image":{"@type":"ImageObject","inLanguage":"de","@id":"https:\/\/secure.gravatar.com\/avatar\/ac5001d2a36cb6c6cd3e50789007ffca834b477b74a2144564522e944eabff61?s=96&d=mm&r=g","url":"https:\/\/secure.gravatar.com\/avatar\/ac5001d2a36cb6c6cd3e50789007ffca834b477b74a2144564522e944eabff61?s=96&d=mm&r=g","contentUrl":"https:\/\/secure.gravatar.com\/avatar\/ac5001d2a36cb6c6cd3e50789007ffca834b477b74a2144564522e944eabff61?s=96&d=mm&r=g","caption":"thomas.berner"},"url":"https:\/\/www.organisator.ch\/de\/author\/thomas-berner\/"}]}},"_links":{"self":[{"href":"https:\/\/www.organisator.ch\/de\/wp-json\/wp\/v2\/posts\/3555","targetHints":{"allow":["GET"]}}],"collection":[{"href":"https:\/\/www.organisator.ch\/de\/wp-json\/wp\/v2\/posts"}],"about":[{"href":"https:\/\/www.organisator.ch\/de\/wp-json\/wp\/v2\/types\/post"}],"author":[{"embeddable":true,"href":"https:\/\/www.organisator.ch\/de\/wp-json\/wp\/v2\/users\/4"}],"replies":[{"embeddable":true,"href":"https:\/\/www.organisator.ch\/de\/wp-json\/wp\/v2\/comments?post=3555"}],"version-history":[{"count":0,"href":"https:\/\/www.organisator.ch\/de\/wp-json\/wp\/v2\/posts\/3555\/revisions"}],"wp:featuredmedia":[{"embeddable":true,"href":"https:\/\/www.organisator.ch\/de\/wp-json\/wp\/v2\/media\/3556"}],"wp:attachment":[{"href":"https:\/\/www.organisator.ch\/de\/wp-json\/wp\/v2\/media?parent=3555"}],"wp:term":[{"taxonomy":"category","embeddable":true,"href":"https:\/\/www.organisator.ch\/de\/wp-json\/wp\/v2\/categories?post=3555"},{"taxonomy":"post_tag","embeddable":true,"href":"https:\/\/www.organisator.ch\/de\/wp-json\/wp\/v2\/tags?post=3555"}],"curies":[{"name":"wp","href":"https:\/\/api.w.org\/{rel}","templated":true}]}}