{"id":35553,"date":"2025-01-27T08:50:18","date_gmt":"2025-01-27T07:50:18","guid":{"rendered":"https:\/\/www.markt-kom.com\/?p=229505"},"modified":"2025-01-27T09:27:00","modified_gmt":"2025-01-27T08:27:00","slug":"bcm-award-2025-buehne-frei-fuer-exzellentes-content-marketing","status":"publish","type":"post","link":"https:\/\/www.organisator.ch\/de\/marketing\/2025-01-27\/bcm-award-2025-buehne-frei-fuer-exzellentes-content-marketing\/","title":{"rendered":"BCM-Award 2025: B\u00fchne frei f\u00fcr exzellentes Content Marketing"},"content":{"rendered":"<p>&nbsp;<\/p>\r\n<figure id=\"attachment_229508\" class=\"wp-caption alignnone\" style=\"width: 1024px;\" aria-describedby=\"caption-attachment-229508\"><a href=\"https:\/\/www.markt-kom.com\/wp-content\/uploads\/2025\/01\/Best-of-Content-Marketing-Award.png\"><img class=\"size-full wp-image-229508\" src=\"https:\/\/www.markt-kom.com\/wp-content\/uploads\/2025\/01\/Best-of-Content-Marketing-Award.png\" sizes=\"(max-width: 1024px) 100vw, 1024px\" srcset=\"https:\/\/www.markt-kom.com\/wp-content\/uploads\/2025\/01\/Best-of-Content-Marketing-Award.png 1024w, https:\/\/www.markt-kom.com\/wp-content\/uploads\/2025\/01\/Best-of-Content-Marketing-Award-600x450.png 600w, https:\/\/www.markt-kom.com\/wp-content\/uploads\/2025\/01\/Best-of-Content-Marketing-Award-768x576.png 768w, https:\/\/www.markt-kom.com\/wp-content\/uploads\/2025\/01\/Best-of-Content-Marketing-Award-16x12.png 16w, https:\/\/www.markt-kom.com\/wp-content\/uploads\/2025\/01\/Best-of-Content-Marketing-Award-233x175.png 233w, https:\/\/www.markt-kom.com\/wp-content\/uploads\/2025\/01\/Best-of-Content-Marketing-Award-467x350.png 467w, https:\/\/www.markt-kom.com\/wp-content\/uploads\/2025\/01\/Best-of-Content-Marketing-Award-1000x750.png 1000w\" alt=\"\" width=\"1024\" height=\"768\" \/><\/a>\r\n<figcaption id=\"caption-attachment-229508\" class=\"wp-caption-text\">Best of Content Marketing Award<\/figcaption>\r\n<\/figure>\r\n<p>Der Wettbewerb <a href=\"https:\/\/bestofcontentmarketing.com\/\" rel=\"noopener\">\u00abBest of Content Marketing\u00bb (BCM)<\/a> startet in die Saison 2025. Ab dem 1. Februar k\u00f6nnen Content Marketing-Projekte aller Art auf der Plattform bestofcontentmarketing.com eingereicht werden. Der BCM-Award gilt als gr\u00f6sster Wettbewerb seiner Art im deutschsprachigen Raum und stellt Inhalte konsequent in den Mittelpunkt der Bewertung.<\/p>\r\n<p>Peter Matz, BCM-Beauftragter im Vorstand des Veranstalters Content Marketing Forum e.V. (CMF), erkl\u00e4rt: \u00abEbenso wie Content Marketing sich st\u00e4ndig weiterentwickelt, bekommt auch unser Award in jedem Jahr einen kleinen Refresh.\u00bb Neu in diesem Jahr ist die Unterscheidung zwischen Regelkommunikation und Kampagnen. Olaf Wolff, Vorsitzender des CMF, unterstreicht: \u00abEine Kampagne funktioniert einfach anders als Regelkommunikation. Beides ist unerl\u00e4sslich im Marketing Mix, und durch die neue Differenzierung geben wir beidem die B\u00fchne, die es verdient.\u00bb<\/p>\r\n<figure id=\"attachment_229507\" class=\"wp-caption alignnone\" style=\"width: 1400px;\" aria-describedby=\"caption-attachment-229507\"><a href=\"https:\/\/www.markt-kom.com\/wp-content\/uploads\/2025\/01\/Matz_Peter_CMF_by_PictureAlliance_1AG_8366-scaled.jpg\"><img class=\"size-full wp-image-229507\" src=\"https:\/\/www.markt-kom.com\/wp-content\/uploads\/2025\/01\/Matz_Peter_CMF_by_PictureAlliance_1AG_8366-scaled.jpg\" sizes=\"(max-width: 1400px) 100vw, 1400px\" srcset=\"https:\/\/www.markt-kom.com\/wp-content\/uploads\/2025\/01\/Matz_Peter_CMF_by_PictureAlliance_1AG_8366-scaled.jpg 1300w, https:\/\/www.markt-kom.com\/wp-content\/uploads\/2025\/01\/Matz_Peter_CMF_by_PictureAlliance_1AG_8366-600x400.jpg 600w, https:\/\/www.markt-kom.com\/wp-content\/uploads\/2025\/01\/Matz_Peter_CMF_by_PictureAlliance_1AG_8366-1024x683.jpg 1024w, https:\/\/www.markt-kom.com\/wp-content\/uploads\/2025\/01\/Matz_Peter_CMF_by_PictureAlliance_1AG_8366-768x512.jpg 768w, https:\/\/www.markt-kom.com\/wp-content\/uploads\/2025\/01\/Matz_Peter_CMF_by_PictureAlliance_1AG_8366-1536x1024.jpg 1536w, https:\/\/www.markt-kom.com\/wp-content\/uploads\/2025\/01\/Matz_Peter_CMF_by_PictureAlliance_1AG_8366-2048x1365.jpg 2048w, https:\/\/www.markt-kom.com\/wp-content\/uploads\/2025\/01\/Matz_Peter_CMF_by_PictureAlliance_1AG_8366-18x12.jpg 18w, https:\/\/www.markt-kom.com\/wp-content\/uploads\/2025\/01\/Matz_Peter_CMF_by_PictureAlliance_1AG_8366-263x175.jpg 263w, https:\/\/www.markt-kom.com\/wp-content\/uploads\/2025\/01\/Matz_Peter_CMF_by_PictureAlliance_1AG_8366-525x350.jpg 525w, https:\/\/www.markt-kom.com\/wp-content\/uploads\/2025\/01\/Matz_Peter_CMF_by_PictureAlliance_1AG_8366-1000x667.jpg 1000w\" alt=\"\" width=\"1400\" height=\"933\" \/><\/a>\r\n<figcaption id=\"caption-attachment-229507\" class=\"wp-caption-text\">Peter Matz, BCM-Beauftragter im Vorstand des Award-Ausrichters Content Marketing Forum e.V. (CMF<\/figcaption>\r\n<\/figure>\r\n<p>Die neuen Kategorien spiegeln aktuelle Trends wider: \u00abArt of Storytelling \u2013 Tech-driven Storytelling\u00bb ersetzt den letztj\u00e4hrigen Sonderpreis \u00abBest of KI\u00bb und fokussiert auf kreative Anwendungen generativer Technologien. Zudem beleuchtet die Kategorie \u00abContent Operations \/ Newsroom\u00bb die Organisation und Tools hinter erfolgreichen Content Marketing-Strategien. Ein neuer Sonderpreis, \u00abBest of efficient Creation Excellence\u00bb, w\u00fcrdigt Projekte, die Exzellenz und Effizienz verbinden \u2013 ein wichtiges Signal in wirtschaftlich anspruchsvollen Zeiten.<\/p>\r\n<p>Besonders gest\u00e4rkt werden die B2B-Kategorien durch die Zusammenarbeit mit dem Bundesverband Industrie Kommunikation e.V. (bvik). Die Einreichung f\u00fcr den BCM-Award ist bis zum 30. April m\u00f6glich. Parallel laufen weitere Wettbewerbe der BCM-Familie, darunter der BCP und der BICC-Award. Die Preisverleihung findet am 9. Oktober in M\u00fcnchen statt.<\/p>","protected":false},"excerpt":{"rendered":"<p>Der BCM-Award 2025 \u00f6ffnet sein Einreichportal. Mit neuen Kategorien und Schwerpunkten bietet der Wettbewerb noch mehr Raum f\u00fcr innovative und effiziente Content Marketing-L\u00f6sungen.<\/p>\n","protected":false},"author":8,"featured_media":0,"comment_status":"closed","ping_status":"closed","sticky":false,"template":"","format":"standard","meta":{"_acf_changed":false,"_yoast_wpseo_focuskw":"BCM-Award 2025","_yoast_wpseo_metadesc":"Ab 1. Februar einreichen! Neue Kategorien, Schwerpunkte und Chancen f\u00fcr innovative Content Marketing-L\u00f6sungen.","articlekey":"","footnotes":""},"categories":[29],"tags":[66,4609],"class_list":["post-35553","post","type-post","status-publish","format-standard","hentry","category-marketing","tag-awards","tag-bcm-award"],"acf":[],"yoast_head":"<!-- This site is optimized with the Yoast SEO plugin v27.5 - https:\/\/yoast.com\/product\/yoast-seo-wordpress\/ -->\n<title>BCM-Award 2025: B\u00fchne frei f\u00fcr exzellentes Content Marketing - Organisator<\/title>\n<meta name=\"description\" content=\"Ab 1. Februar einreichen! Neue Kategorien, Schwerpunkte und Chancen f\u00fcr innovative Content Marketing-L\u00f6sungen.\" \/>\n<meta name=\"robots\" content=\"index, follow, max-snippet:-1, max-image-preview:large, max-video-preview:-1\" \/>\n<link rel=\"canonical\" href=\"https:\/\/www.organisator.ch\/de\/marketing\/2025-01-27\/bcm-award-2025-buehne-frei-fuer-exzellentes-content-marketing\/\" \/>\n<meta property=\"og:locale\" content=\"de_DE\" \/>\n<meta property=\"og:type\" content=\"article\" \/>\n<meta property=\"og:title\" content=\"BCM-Award 2025: B\u00fchne frei f\u00fcr exzellentes Content Marketing - Organisator\" \/>\n<meta property=\"og:description\" content=\"Ab 1. Februar einreichen! Neue Kategorien, Schwerpunkte und Chancen f\u00fcr innovative Content Marketing-L\u00f6sungen.\" \/>\n<meta property=\"og:url\" content=\"https:\/\/www.organisator.ch\/de\/marketing\/2025-01-27\/bcm-award-2025-buehne-frei-fuer-exzellentes-content-marketing\/\" \/>\n<meta property=\"og:site_name\" content=\"Organisator\" \/>\n<meta property=\"article:publisher\" content=\"https:\/\/www.facebook.com\/OrganisatorFachmagazin\" \/>\n<meta property=\"article:published_time\" content=\"2025-01-27T07:50:18+00:00\" \/>\n<meta property=\"article:modified_time\" content=\"2025-01-27T08:27:00+00:00\" \/>\n<meta name=\"author\" content=\"galledia\" \/>\n<meta name=\"twitter:card\" content=\"summary_large_image\" \/>\n<meta name=\"twitter:creator\" content=\"@admin\" \/>\n<script type=\"application\/ld+json\" class=\"yoast-schema-graph\">{\"@context\":\"https:\\\/\\\/schema.org\",\"@graph\":[{\"@type\":\"Article\",\"@id\":\"https:\\\/\\\/www.organisator.ch\\\/marketing\\\/2025-01-27\\\/bcm-award-2025-buehne-frei-fuer-exzellentes-content-marketing\\\/#article\",\"isPartOf\":{\"@id\":\"https:\\\/\\\/www.organisator.ch\\\/marketing\\\/2025-01-27\\\/bcm-award-2025-buehne-frei-fuer-exzellentes-content-marketing\\\/\"},\"author\":{\"name\":\"galledia\",\"@id\":\"https:\\\/\\\/www.organisator.ch\\\/#\\\/schema\\\/person\\\/4e51799071cd2dd1232ac003643ef5f0\"},\"headline\":\"BCM-Award 2025: B\u00fchne frei f\u00fcr exzellentes Content Marketing\",\"datePublished\":\"2025-01-27T07:50:18+00:00\",\"dateModified\":\"2025-01-27T08:27:00+00:00\",\"mainEntityOfPage\":{\"@id\":\"https:\\\/\\\/www.organisator.ch\\\/marketing\\\/2025-01-27\\\/bcm-award-2025-buehne-frei-fuer-exzellentes-content-marketing\\\/\"},\"wordCount\":270,\"publisher\":{\"@id\":\"https:\\\/\\\/www.organisator.ch\\\/#organization\"},\"image\":{\"@id\":\"https:\\\/\\\/www.organisator.ch\\\/marketing\\\/2025-01-27\\\/bcm-award-2025-buehne-frei-fuer-exzellentes-content-marketing\\\/#primaryimage\"},\"thumbnailUrl\":\"https:\\\/\\\/www.markt-kom.com\\\/wp-content\\\/uploads\\\/2025\\\/01\\\/Best-of-Content-Marketing-Award.png\",\"keywords\":[\"Awards\",\"BCM Award\"],\"articleSection\":[\"MARKETING\"],\"inLanguage\":\"de\"},{\"@type\":\"WebPage\",\"@id\":\"https:\\\/\\\/www.organisator.ch\\\/marketing\\\/2025-01-27\\\/bcm-award-2025-buehne-frei-fuer-exzellentes-content-marketing\\\/\",\"url\":\"https:\\\/\\\/www.organisator.ch\\\/marketing\\\/2025-01-27\\\/bcm-award-2025-buehne-frei-fuer-exzellentes-content-marketing\\\/\",\"name\":\"BCM-Award 2025: B\u00fchne frei f\u00fcr exzellentes Content Marketing - Organisator\",\"isPartOf\":{\"@id\":\"https:\\\/\\\/www.organisator.ch\\\/#website\"},\"primaryImageOfPage\":{\"@id\":\"https:\\\/\\\/www.organisator.ch\\\/marketing\\\/2025-01-27\\\/bcm-award-2025-buehne-frei-fuer-exzellentes-content-marketing\\\/#primaryimage\"},\"image\":{\"@id\":\"https:\\\/\\\/www.organisator.ch\\\/marketing\\\/2025-01-27\\\/bcm-award-2025-buehne-frei-fuer-exzellentes-content-marketing\\\/#primaryimage\"},\"thumbnailUrl\":\"https:\\\/\\\/www.markt-kom.com\\\/wp-content\\\/uploads\\\/2025\\\/01\\\/Best-of-Content-Marketing-Award.png\",\"datePublished\":\"2025-01-27T07:50:18+00:00\",\"dateModified\":\"2025-01-27T08:27:00+00:00\",\"description\":\"Ab 1. Februar einreichen! Neue Kategorien, Schwerpunkte und Chancen f\u00fcr innovative Content Marketing-L\u00f6sungen.\",\"breadcrumb\":{\"@id\":\"https:\\\/\\\/www.organisator.ch\\\/marketing\\\/2025-01-27\\\/bcm-award-2025-buehne-frei-fuer-exzellentes-content-marketing\\\/#breadcrumb\"},\"inLanguage\":\"de\",\"potentialAction\":[{\"@type\":\"ReadAction\",\"target\":[\"https:\\\/\\\/www.organisator.ch\\\/marketing\\\/2025-01-27\\\/bcm-award-2025-buehne-frei-fuer-exzellentes-content-marketing\\\/\"]}]},{\"@type\":\"ImageObject\",\"inLanguage\":\"de\",\"@id\":\"https:\\\/\\\/www.organisator.ch\\\/marketing\\\/2025-01-27\\\/bcm-award-2025-buehne-frei-fuer-exzellentes-content-marketing\\\/#primaryimage\",\"url\":\"https:\\\/\\\/www.markt-kom.com\\\/wp-content\\\/uploads\\\/2025\\\/01\\\/Best-of-Content-Marketing-Award.png\",\"contentUrl\":\"https:\\\/\\\/www.markt-kom.com\\\/wp-content\\\/uploads\\\/2025\\\/01\\\/Best-of-Content-Marketing-Award.png\"},{\"@type\":\"BreadcrumbList\",\"@id\":\"https:\\\/\\\/www.organisator.ch\\\/marketing\\\/2025-01-27\\\/bcm-award-2025-buehne-frei-fuer-exzellentes-content-marketing\\\/#breadcrumb\",\"itemListElement\":[{\"@type\":\"ListItem\",\"position\":1,\"name\":\"Home\",\"item\":\"https:\\\/\\\/www.organisator.ch\\\/\"},{\"@type\":\"ListItem\",\"position\":2,\"name\":\"BCM-Award 2025: B\u00fchne frei f\u00fcr exzellentes Content Marketing\"}]},{\"@type\":\"WebSite\",\"@id\":\"https:\\\/\\\/www.organisator.ch\\\/#website\",\"url\":\"https:\\\/\\\/www.organisator.ch\\\/\",\"name\":\"Organisator\",\"description\":\"Kompetent. Praxisnah. Der ORGANISATOR bereitet in 10 Ausgaben pro Jahr die wesentlichen Themen f\u00fcr F\u00fchrungskr\u00e4fte von KMU auf.\",\"publisher\":{\"@id\":\"https:\\\/\\\/www.organisator.ch\\\/#organization\"},\"potentialAction\":[{\"@type\":\"SearchAction\",\"target\":{\"@type\":\"EntryPoint\",\"urlTemplate\":\"https:\\\/\\\/www.organisator.ch\\\/?s={search_term_string}\"},\"query-input\":{\"@type\":\"PropertyValueSpecification\",\"valueRequired\":true,\"valueName\":\"search_term_string\"}}],\"inLanguage\":\"de\"},{\"@type\":\"Organization\",\"@id\":\"https:\\\/\\\/www.organisator.ch\\\/#organization\",\"name\":\"Organisator\",\"url\":\"https:\\\/\\\/www.organisator.ch\\\/\",\"logo\":{\"@type\":\"ImageObject\",\"inLanguage\":\"de\",\"@id\":\"https:\\\/\\\/www.organisator.ch\\\/#\\\/schema\\\/logo\\\/image\\\/\",\"url\":\"https:\\\/\\\/www.organisator.ch\\\/wp-content\\\/uploads\\\/2022\\\/01\\\/Logo_Organisator_Website.png\",\"contentUrl\":\"https:\\\/\\\/www.organisator.ch\\\/wp-content\\\/uploads\\\/2022\\\/01\\\/Logo_Organisator_Website.png\",\"width\":800,\"height\":77,\"caption\":\"Organisator\"},\"image\":{\"@id\":\"https:\\\/\\\/www.organisator.ch\\\/#\\\/schema\\\/logo\\\/image\\\/\"},\"sameAs\":[\"https:\\\/\\\/www.facebook.com\\\/OrganisatorFachmagazin\",\"https:\\\/\\\/www.linkedin.com\\\/showcase\\\/organisator-das-magazin-fr-kmu\",\"https:\\\/\\\/www.xing.com\\\/news\\\/pages\\\/organisator-ch-695\",\"https:\\\/\\\/www.youtube.com\\\/channel\\\/UCGP2Sq0iWaZwT3BdIAQFYpw\"]},{\"@type\":\"Person\",\"@id\":\"https:\\\/\\\/www.organisator.ch\\\/#\\\/schema\\\/person\\\/4e51799071cd2dd1232ac003643ef5f0\",\"name\":\"galledia\",\"image\":{\"@type\":\"ImageObject\",\"inLanguage\":\"de\",\"@id\":\"https:\\\/\\\/secure.gravatar.com\\\/avatar\\\/78a7f90c01fc2bfc875782a0d4922b37cde2cf184ce347b91316d23cd7f69a36?s=96&d=mm&r=g\",\"url\":\"https:\\\/\\\/secure.gravatar.com\\\/avatar\\\/78a7f90c01fc2bfc875782a0d4922b37cde2cf184ce347b91316d23cd7f69a36?s=96&d=mm&r=g\",\"contentUrl\":\"https:\\\/\\\/secure.gravatar.com\\\/avatar\\\/78a7f90c01fc2bfc875782a0d4922b37cde2cf184ce347b91316d23cd7f69a36?s=96&d=mm&r=g\",\"caption\":\"galledia\"},\"sameAs\":[\"https:\\\/\\\/x.com\\\/admin\"],\"url\":\"https:\\\/\\\/www.organisator.ch\\\/de\\\/author\\\/galledia\\\/\"}]}<\/script>\n<!-- \/ Yoast SEO plugin. -->","yoast_head_json":{"title":"BCM-Award 2025: B\u00fchne frei f\u00fcr exzellentes Content Marketing - Organisator","description":"Ab 1. Februar einreichen! Neue Kategorien, Schwerpunkte und Chancen f\u00fcr innovative Content Marketing-L\u00f6sungen.","robots":{"index":"index","follow":"follow","max-snippet":"max-snippet:-1","max-image-preview":"max-image-preview:large","max-video-preview":"max-video-preview:-1"},"canonical":"https:\/\/www.organisator.ch\/de\/marketing\/2025-01-27\/bcm-award-2025-buehne-frei-fuer-exzellentes-content-marketing\/","og_locale":"de_DE","og_type":"article","og_title":"BCM-Award 2025: B\u00fchne frei f\u00fcr exzellentes Content Marketing - Organisator","og_description":"Ab 1. Februar einreichen! Neue Kategorien, Schwerpunkte und Chancen f\u00fcr innovative Content Marketing-L\u00f6sungen.","og_url":"https:\/\/www.organisator.ch\/de\/marketing\/2025-01-27\/bcm-award-2025-buehne-frei-fuer-exzellentes-content-marketing\/","og_site_name":"Organisator","article_publisher":"https:\/\/www.facebook.com\/OrganisatorFachmagazin","article_published_time":"2025-01-27T07:50:18+00:00","article_modified_time":"2025-01-27T08:27:00+00:00","author":"galledia","twitter_card":"summary_large_image","twitter_creator":"@admin","schema":{"@context":"https:\/\/schema.org","@graph":[{"@type":"Article","@id":"https:\/\/www.organisator.ch\/marketing\/2025-01-27\/bcm-award-2025-buehne-frei-fuer-exzellentes-content-marketing\/#article","isPartOf":{"@id":"https:\/\/www.organisator.ch\/marketing\/2025-01-27\/bcm-award-2025-buehne-frei-fuer-exzellentes-content-marketing\/"},"author":{"name":"galledia","@id":"https:\/\/www.organisator.ch\/#\/schema\/person\/4e51799071cd2dd1232ac003643ef5f0"},"headline":"BCM-Award 2025: B\u00fchne frei f\u00fcr exzellentes Content Marketing","datePublished":"2025-01-27T07:50:18+00:00","dateModified":"2025-01-27T08:27:00+00:00","mainEntityOfPage":{"@id":"https:\/\/www.organisator.ch\/marketing\/2025-01-27\/bcm-award-2025-buehne-frei-fuer-exzellentes-content-marketing\/"},"wordCount":270,"publisher":{"@id":"https:\/\/www.organisator.ch\/#organization"},"image":{"@id":"https:\/\/www.organisator.ch\/marketing\/2025-01-27\/bcm-award-2025-buehne-frei-fuer-exzellentes-content-marketing\/#primaryimage"},"thumbnailUrl":"https:\/\/www.markt-kom.com\/wp-content\/uploads\/2025\/01\/Best-of-Content-Marketing-Award.png","keywords":["Awards","BCM Award"],"articleSection":["MARKETING"],"inLanguage":"de"},{"@type":"WebPage","@id":"https:\/\/www.organisator.ch\/marketing\/2025-01-27\/bcm-award-2025-buehne-frei-fuer-exzellentes-content-marketing\/","url":"https:\/\/www.organisator.ch\/marketing\/2025-01-27\/bcm-award-2025-buehne-frei-fuer-exzellentes-content-marketing\/","name":"BCM-Award 2025: B\u00fchne frei f\u00fcr exzellentes Content Marketing - Organisator","isPartOf":{"@id":"https:\/\/www.organisator.ch\/#website"},"primaryImageOfPage":{"@id":"https:\/\/www.organisator.ch\/marketing\/2025-01-27\/bcm-award-2025-buehne-frei-fuer-exzellentes-content-marketing\/#primaryimage"},"image":{"@id":"https:\/\/www.organisator.ch\/marketing\/2025-01-27\/bcm-award-2025-buehne-frei-fuer-exzellentes-content-marketing\/#primaryimage"},"thumbnailUrl":"https:\/\/www.markt-kom.com\/wp-content\/uploads\/2025\/01\/Best-of-Content-Marketing-Award.png","datePublished":"2025-01-27T07:50:18+00:00","dateModified":"2025-01-27T08:27:00+00:00","description":"Ab 1. Februar einreichen! Neue Kategorien, Schwerpunkte und Chancen f\u00fcr innovative Content Marketing-L\u00f6sungen.","breadcrumb":{"@id":"https:\/\/www.organisator.ch\/marketing\/2025-01-27\/bcm-award-2025-buehne-frei-fuer-exzellentes-content-marketing\/#breadcrumb"},"inLanguage":"de","potentialAction":[{"@type":"ReadAction","target":["https:\/\/www.organisator.ch\/marketing\/2025-01-27\/bcm-award-2025-buehne-frei-fuer-exzellentes-content-marketing\/"]}]},{"@type":"ImageObject","inLanguage":"de","@id":"https:\/\/www.organisator.ch\/marketing\/2025-01-27\/bcm-award-2025-buehne-frei-fuer-exzellentes-content-marketing\/#primaryimage","url":"https:\/\/www.markt-kom.com\/wp-content\/uploads\/2025\/01\/Best-of-Content-Marketing-Award.png","contentUrl":"https:\/\/www.markt-kom.com\/wp-content\/uploads\/2025\/01\/Best-of-Content-Marketing-Award.png"},{"@type":"BreadcrumbList","@id":"https:\/\/www.organisator.ch\/marketing\/2025-01-27\/bcm-award-2025-buehne-frei-fuer-exzellentes-content-marketing\/#breadcrumb","itemListElement":[{"@type":"ListItem","position":1,"name":"Home","item":"https:\/\/www.organisator.ch\/"},{"@type":"ListItem","position":2,"name":"BCM-Award 2025: B\u00fchne frei f\u00fcr exzellentes Content Marketing"}]},{"@type":"WebSite","@id":"https:\/\/www.organisator.ch\/#website","url":"https:\/\/www.organisator.ch\/","name":"Organisator","description":"Kompetent. Praxisnah. Der ORGANISATOR bereitet in 10 Ausgaben pro Jahr die wesentlichen Themen f\u00fcr F\u00fchrungskr\u00e4fte von KMU auf.","publisher":{"@id":"https:\/\/www.organisator.ch\/#organization"},"potentialAction":[{"@type":"SearchAction","target":{"@type":"EntryPoint","urlTemplate":"https:\/\/www.organisator.ch\/?s={search_term_string}"},"query-input":{"@type":"PropertyValueSpecification","valueRequired":true,"valueName":"search_term_string"}}],"inLanguage":"de"},{"@type":"Organization","@id":"https:\/\/www.organisator.ch\/#organization","name":"Organisator","url":"https:\/\/www.organisator.ch\/","logo":{"@type":"ImageObject","inLanguage":"de","@id":"https:\/\/www.organisator.ch\/#\/schema\/logo\/image\/","url":"https:\/\/www.organisator.ch\/wp-content\/uploads\/2022\/01\/Logo_Organisator_Website.png","contentUrl":"https:\/\/www.organisator.ch\/wp-content\/uploads\/2022\/01\/Logo_Organisator_Website.png","width":800,"height":77,"caption":"Organisator"},"image":{"@id":"https:\/\/www.organisator.ch\/#\/schema\/logo\/image\/"},"sameAs":["https:\/\/www.facebook.com\/OrganisatorFachmagazin","https:\/\/www.linkedin.com\/showcase\/organisator-das-magazin-fr-kmu","https:\/\/www.xing.com\/news\/pages\/organisator-ch-695","https:\/\/www.youtube.com\/channel\/UCGP2Sq0iWaZwT3BdIAQFYpw"]},{"@type":"Person","@id":"https:\/\/www.organisator.ch\/#\/schema\/person\/4e51799071cd2dd1232ac003643ef5f0","name":"galledia","image":{"@type":"ImageObject","inLanguage":"de","@id":"https:\/\/secure.gravatar.com\/avatar\/78a7f90c01fc2bfc875782a0d4922b37cde2cf184ce347b91316d23cd7f69a36?s=96&d=mm&r=g","url":"https:\/\/secure.gravatar.com\/avatar\/78a7f90c01fc2bfc875782a0d4922b37cde2cf184ce347b91316d23cd7f69a36?s=96&d=mm&r=g","contentUrl":"https:\/\/secure.gravatar.com\/avatar\/78a7f90c01fc2bfc875782a0d4922b37cde2cf184ce347b91316d23cd7f69a36?s=96&d=mm&r=g","caption":"galledia"},"sameAs":["https:\/\/x.com\/admin"],"url":"https:\/\/www.organisator.ch\/de\/author\/galledia\/"}]}},"_links":{"self":[{"href":"https:\/\/www.organisator.ch\/de\/wp-json\/wp\/v2\/posts\/35553","targetHints":{"allow":["GET"]}}],"collection":[{"href":"https:\/\/www.organisator.ch\/de\/wp-json\/wp\/v2\/posts"}],"about":[{"href":"https:\/\/www.organisator.ch\/de\/wp-json\/wp\/v2\/types\/post"}],"author":[{"embeddable":true,"href":"https:\/\/www.organisator.ch\/de\/wp-json\/wp\/v2\/users\/8"}],"replies":[{"embeddable":true,"href":"https:\/\/www.organisator.ch\/de\/wp-json\/wp\/v2\/comments?post=35553"}],"version-history":[{"count":4,"href":"https:\/\/www.organisator.ch\/de\/wp-json\/wp\/v2\/posts\/35553\/revisions"}],"predecessor-version":[{"id":35556,"href":"https:\/\/www.organisator.ch\/de\/wp-json\/wp\/v2\/posts\/35553\/revisions\/35556"}],"wp:attachment":[{"href":"https:\/\/www.organisator.ch\/de\/wp-json\/wp\/v2\/media?parent=35553"}],"wp:term":[{"taxonomy":"category","embeddable":true,"href":"https:\/\/www.organisator.ch\/de\/wp-json\/wp\/v2\/categories?post=35553"},{"taxonomy":"post_tag","embeddable":true,"href":"https:\/\/www.organisator.ch\/de\/wp-json\/wp\/v2\/tags?post=35553"}],"curies":[{"name":"wp","href":"https:\/\/api.w.org\/{rel}","templated":true}]}}