{"id":35566,"date":"2025-01-27T13:13:08","date_gmt":"2025-01-27T12:13:08","guid":{"rendered":"https:\/\/www.organisator.ch\/?p=35566"},"modified":"2025-01-27T13:13:08","modified_gmt":"2025-01-27T12:13:08","slug":"fuenf-finalisten-fuer-den-prix-svc-zentralschweiz-2025-nominiert","status":"publish","type":"post","link":"https:\/\/www.organisator.ch\/de\/management\/2025-01-27\/fuenf-finalisten-fuer-den-prix-svc-zentralschweiz-2025-nominiert\/","title":{"rendered":"F\u00fcnf Finalisten f\u00fcr den Prix SVC Zentralschweiz 2025 nominiert"},"content":{"rendered":"<figure id=\"attachment_35568\" aria-describedby=\"caption-attachment-35568\" style=\"width: 680px\" class=\"wp-caption alignnone\"><img loading=\"lazy\" decoding=\"async\" class=\"wp-image-35568 size-full\" src=\"https:\/\/www.organisator.ch\/wp-content\/uploads\/2025\/01\/Prix-SVC_Bild1_ps.jpg\" alt=\"\" width=\"680\" height=\"537\" srcset=\"https:\/\/www.organisator.ch\/wp-content\/uploads\/2025\/01\/Prix-SVC_Bild1_ps.jpg 680w, https:\/\/www.organisator.ch\/wp-content\/uploads\/2025\/01\/Prix-SVC_Bild1_ps-15x12.jpg 15w, https:\/\/www.organisator.ch\/wp-content\/uploads\/2025\/01\/Prix-SVC_Bild1_ps-375x296.jpg 375w, https:\/\/www.organisator.ch\/wp-content\/uploads\/2025\/01\/Prix-SVC_Bild1_ps-443x350.jpg 443w\" sizes=\"auto, (max-width: 680px) 100vw, 680px\" \/><figcaption id=\"caption-attachment-35568\" class=\"wp-caption-text\">2023 ging der Prix SVC Zentralschweiz an Marianne und Pirmin Jung. (Bild: Thomas Berner)<\/figcaption><\/figure>\n<p>Tr\u00e4ger und Initiant der Prix SVC Verleihungen ist der SVC. Ein unabh\u00e4ngiger Verein zur F\u00f6rderung und Unterst\u00fctzung von KMU in der Schweiz, welcher 2001 gegr\u00fcndet wurde. Mit dem Prix SVC Zentralschweiz zeichnet er vorbildliche Unternehmen aus, die durch ihre innovativen Produkte und Dienstleistungen, ihre Firmenkultur, die Qualit\u00e4t der Mitarbeitenden und des Managements sowie durch einen nachhaltigen Erfolgsausweis \u00fcberzeugen.<\/p>\n<p>Den KMU selbst ist es nicht m\u00f6glich, sich um eine Nomination f\u00fcr den Prix SVC zu bewerben. Die Selektion der Firmen und die Nominationen f\u00fcr den Prix SVC erfolgen ausschliesslich durch eine unabh\u00e4ngige, regional stark verankerte Expertenjury.<\/p>\n<p>Die Preisverleihung findet am Donnerstag, 22. Mai 2025, im Kultur- und Kongresszentrum KKL in Luzern statt. Erwartet werden rund 1&#8217;100 G\u00e4ste aus Wirtschaft, Wissenschaft, Politik und Kultur. Der Prix SVC Zentralschweiz wurde erstmals 2006 verliehen und 2025 steht ein Jubil\u00e4um an \u2013 zum zehnten Mal darf ein erfolgreiches KMU aus der Region den Siegerpreis des Prix SVC entgegennehmen.<\/p>\n<h3><strong>Die Finalisten 2025: F\u00fcnf Erfolgsgeschichten aus der Zentralschweiz<\/strong><\/h3>\n<h3><strong>Axon Active Gruppe, Luzern <\/strong><\/h3>\n<p>Die <a href=\"https:\/\/www.axonactive.group\/\">Axon Active Gruppe<\/a> entwickelt L\u00f6sungen und Produkte, die Kunden weltweit die T\u00fcren f\u00fcr eine erfolgreiche digitale Transformation \u00f6ffnen. Hoch \u00fcber Luzern auf der Wilhelmsh\u00f6he liegt der Hauptsitz des Unternehmens. Im historischen Schl\u00f6ssli Sch\u00f6negg entsteht eine Art \u00abSilicon Valley der Zentralschweiz\u00bb. Mit interdisziplin\u00e4ren Teams unterst\u00fctzt Axon Active Unternehmen und Organisationen in verschiedenen Branchen \u2013 von Mobilit\u00e4tsanbietern \u00fcber Finanzdienstleister bis zu Energieversorgern \u2013 bei der Transformierung und der Optimierung ihrer Gesch\u00e4ftsprozesse mit innovativen und skalierbaren digitalen L\u00f6sungen. Agilit\u00e4t, Nachhaltigkeit und Kundenn\u00e4he zeichnen das Unternehmen aus.<\/p>\n<h3><strong>Impact Acoustic AG, Luzern <\/strong><\/h3>\n<p>Die <a href=\"https:\/\/impactacoustic.com\/en\">Impact Acoustic AG ist<\/a> auf innovative Akustikl\u00f6sungen und Raumgestaltung spezialisiert. Seit seiner Gr\u00fcndung im Jahr 2019 entwickelt das Luzerner Unternehmen kreislauff\u00e4hige Produkte, die die Raumakustik in B\u00fcros, Restaurants, Hotels, und \u00f6ffentlichen Geb\u00e4uden verbessern. Impact Acoustic kombiniert Nachhaltigkeit, Design und hohe Funktionalit\u00e4t, um optimale akustische Umgebungen zu schaffen. Durch die Entwicklung umweltfreundlicher, wiederverwendbarer Materialien und kreativer Gestaltungselemente sorgt das Unternehmen f\u00fcr eine effektive Schallabsorption und Klangqualit\u00e4t, die das Wohlbefinden und die Produktivit\u00e4t f\u00f6rdert.\u00a0<\/p>\n<h3><strong>Obrist interior AG, Inwil<\/strong><\/h3>\n<p>Die <a href=\"https:\/\/www.obrist-interior.ch\/home\">Obrist interior AG<\/a> aus Inwil entwickelt und realisiert weltweit hochwertige Laden- und Innenausbauten. Das Unternehmen legt grossen Wert auf Design, Qualit\u00e4t und Funktionalit\u00e4t und setzt exklusive Projekte um, die exakt auf die W\u00fcnsche und Bed\u00fcrfnisse der Kunden abgestimmt sind. Vom Konzept \u00fcber die Umsetzung bis hin zur M\u00f6belproduktion kombiniert Obrist interior traditionelles Handwerk mit modernen Technologien und Dienstleistungen, um \u00e4sthetische, funktionale und nachhaltige Raumkonzepte zu schaffen \u2013 dies gelingt seit 130 Jahren mit grossem Erfolg.<\/p>\n<h3><strong>Schiltrac Fahrzeugbau GmbH, Buochs<\/strong><\/h3>\n<p>Die <a href=\"https:\/\/www.schiltrac.ch\/\">Schiltrac Fahrzeugbau GmbH<\/a> hat sich auf die Entwicklung und den Bau von Spezialtransportern f\u00fcr verschiedene Branchen spezialisiert. Mit langj\u00e4hriger Erfahrung bietet Schiltrac massgeschneiderte L\u00f6sungen f\u00fcr unterschiedlichste Einsatzzwecke von der Landwirtschaft, \u00fcber Kommunalfahrzeuge bis hin zu Feuerwehrautos. Die Transporter des Nidwaldner Unternehmens k\u00f6nnen dank innovativer Technik auch in Gebieten eingesetzt werden, wo klassische Fahrzeuge kapitulieren m\u00fcssen. Schiltrac ist bekannt f\u00fcr eine hohe Fertigungsqualit\u00e4t und Flexibilit\u00e4t, wodurch individuell auf die Anforderungen der Kunden eingegangen werden kann, und realisiert effiziente, langlebige und leistungsstarke Fahrzeuge, die den h\u00f6chsten Anspr\u00fcchen gerecht werden.<\/p>\n<h3><strong>Stadler Form AG, Zug <\/strong><\/h3>\n<p>Die <a href=\"https:\/\/www.stadlerform.com\/de-ch\">Stadler Form AG<\/a> mit Sitz in Zug ist ein f\u00fchrendes Unternehmen im Bereich der Haushaltsger\u00e4te zur Optimierung des Raumklimas. Seit der Gr\u00fcndung 1998 entwickelt und produziert Stadler Form innovative Produkte, die durch zeitloses Design und hochwertige Technologie \u00fcberzeugen. Das Unternehmen ist bekannt f\u00fcr seine Luftbefeuchter, Aroma Diffuser und Entfeuchter, die sowohl \u00e4sthetisch ansprechend als auch energieeffizient sind. Mit einem klaren Fokus auf Nachhaltigkeit und Benutzerfreundlichkeit bietet Stadler Form L\u00f6sungen, die das Raumklima verbessern und den Komfort der Kundschaft steigern. Qualit\u00e4t und Innovation stehen dabei stets im Mittelpunkt.<\/p>\n<p><em>Quelle: <a href=\"http:\/\/www.svc.swiss\">www.svc.swiss<\/a><\/em><\/p>\n","protected":false},"excerpt":{"rendered":"<p>Bereits zum zehnten Mal vergibt das KMU-Netzwerk SVC (Swiss Venture Club) am 22. Mai 2025 den Prix SVC Zentralschweiz. F\u00fcnf erfolgreiche Unternehmen aus der Region sind von der SVC Expertenjury f\u00fcr das Finale nominiert worden und d\u00fcrfen auf den Gewinn des renommierten Preises hoffen: Die Axon Active Gruppe aus Luzern, die Impact Acoustic AG ebenfalls aus Luzern, die Obrist interior AG aus Inwil, die Schiltrac Fahrzeugbau GmbH aus Buochs sowie die Stadler Form AG aus Zug.<\/p>\n","protected":false},"author":80,"featured_media":35568,"comment_status":"closed","ping_status":"closed","sticky":false,"template":"","format":"standard","meta":{"_acf_changed":false,"_yoast_wpseo_focuskw":"Prix SVC Zentralschweiz","_yoast_wpseo_metadesc":"Am 22. Mai 2025 wird der Prix SVC Zentralschweiz zum 10. Mal verliehen. F\u00fcnf innovative Unternehmen hoffen auf den renommierten Preis.","articlekey":"","footnotes":""},"categories":[28],"tags":[66,390,492,2856],"class_list":["post-35566","post","type-post","status-publish","format-standard","has-post-thumbnail","hentry","category-management","tag-awards","tag-prix-svc","tag-unternehmen","tag-zentralschweiz"],"acf":[],"yoast_head":"<!-- This site is optimized with the Yoast SEO plugin v27.4 - https:\/\/yoast.com\/product\/yoast-seo-wordpress\/ -->\n<title>F\u00fcnf Finalisten f\u00fcr den Prix SVC Zentralschweiz 2025 nominiert - Organisator<\/title>\n<meta name=\"description\" content=\"Am 22. Mai 2025 wird der Prix SVC Zentralschweiz zum 10. Mal verliehen. F\u00fcnf innovative Unternehmen hoffen auf den renommierten Preis.\" \/>\n<meta name=\"robots\" content=\"index, follow, max-snippet:-1, max-image-preview:large, max-video-preview:-1\" \/>\n<link rel=\"canonical\" href=\"https:\/\/www.organisator.ch\/de\/management\/2025-01-27\/fuenf-finalisten-fuer-den-prix-svc-zentralschweiz-2025-nominiert\/\" \/>\n<meta property=\"og:locale\" content=\"de_DE\" \/>\n<meta property=\"og:type\" content=\"article\" \/>\n<meta property=\"og:title\" content=\"F\u00fcnf Finalisten f\u00fcr den Prix SVC Zentralschweiz 2025 nominiert\" \/>\n<meta property=\"og:description\" content=\"Am 22. Mai 2025 wird der Prix SVC Zentralschweiz zum 10. Mal verliehen. F\u00fcnf innovative Unternehmen hoffen auf den renommierten Preis.\" \/>\n<meta property=\"og:url\" content=\"https:\/\/www.organisator.ch\/de\/management\/2025-01-27\/fuenf-finalisten-fuer-den-prix-svc-zentralschweiz-2025-nominiert\/\" \/>\n<meta property=\"og:site_name\" content=\"Organisator\" \/>\n<meta property=\"article:publisher\" content=\"https:\/\/www.facebook.com\/OrganisatorFachmagazin\" \/>\n<meta property=\"article:published_time\" content=\"2025-01-27T12:13:08+00:00\" \/>\n<meta property=\"og:image\" content=\"https:\/\/www.organisator.ch\/wp-content\/uploads\/2025\/01\/Prix-SVC_Bild1_ps.jpg\" \/>\n\t<meta property=\"og:image:width\" content=\"680\" \/>\n\t<meta property=\"og:image:height\" content=\"537\" \/>\n\t<meta property=\"og:image:type\" content=\"image\/jpeg\" \/>\n<meta name=\"author\" content=\"Dzana Muminovic\" \/>\n<meta name=\"twitter:card\" content=\"summary_large_image\" \/>\n<meta name=\"twitter:title\" content=\"F\u00fcnf Finalisten f\u00fcr den Prix SVC Zentralschweiz 2025 nominiert\" \/>\n<meta name=\"twitter:description\" content=\"Am 22. Mai 2025 wird der #Prix #SVC #Zentralschweiz zum 10. Mal verliehen. F\u00fcnf innovative #Unternehmen hoffen auf den renommierten #Preis.\" \/>\n<meta name=\"twitter:image\" content=\"https:\/\/www.organisator.ch\/wp-content\/uploads\/2025\/01\/Prix-SVC_Bild1_ps.jpg\" \/>\n<script type=\"application\/ld+json\" class=\"yoast-schema-graph\">{\"@context\":\"https:\\\/\\\/schema.org\",\"@graph\":[{\"@type\":\"Article\",\"@id\":\"https:\\\/\\\/www.organisator.ch\\\/management\\\/2025-01-27\\\/fuenf-finalisten-fuer-den-prix-svc-zentralschweiz-2025-nominiert\\\/#article\",\"isPartOf\":{\"@id\":\"https:\\\/\\\/www.organisator.ch\\\/management\\\/2025-01-27\\\/fuenf-finalisten-fuer-den-prix-svc-zentralschweiz-2025-nominiert\\\/\"},\"author\":{\"name\":\"Dzana Muminovic\",\"@id\":\"https:\\\/\\\/www.organisator.ch\\\/#\\\/schema\\\/person\\\/afccda3a71c06d4be2ed9100dd163db7\"},\"headline\":\"F\u00fcnf Finalisten f\u00fcr den Prix SVC Zentralschweiz 2025 nominiert\",\"datePublished\":\"2025-01-27T12:13:08+00:00\",\"mainEntityOfPage\":{\"@id\":\"https:\\\/\\\/www.organisator.ch\\\/management\\\/2025-01-27\\\/fuenf-finalisten-fuer-den-prix-svc-zentralschweiz-2025-nominiert\\\/\"},\"wordCount\":668,\"publisher\":{\"@id\":\"https:\\\/\\\/www.organisator.ch\\\/#organization\"},\"image\":{\"@id\":\"https:\\\/\\\/www.organisator.ch\\\/management\\\/2025-01-27\\\/fuenf-finalisten-fuer-den-prix-svc-zentralschweiz-2025-nominiert\\\/#primaryimage\"},\"thumbnailUrl\":\"https:\\\/\\\/www.organisator.ch\\\/wp-content\\\/uploads\\\/2025\\\/01\\\/Prix-SVC_Bild1_ps.jpg\",\"keywords\":[\"Awards\",\"Prix SVC\",\"Unternehmen\",\"Zentralschweiz\"],\"articleSection\":[\"MANAGEMENT\"],\"inLanguage\":\"de\"},{\"@type\":\"WebPage\",\"@id\":\"https:\\\/\\\/www.organisator.ch\\\/management\\\/2025-01-27\\\/fuenf-finalisten-fuer-den-prix-svc-zentralschweiz-2025-nominiert\\\/\",\"url\":\"https:\\\/\\\/www.organisator.ch\\\/management\\\/2025-01-27\\\/fuenf-finalisten-fuer-den-prix-svc-zentralschweiz-2025-nominiert\\\/\",\"name\":\"F\u00fcnf Finalisten f\u00fcr den Prix SVC Zentralschweiz 2025 nominiert - Organisator\",\"isPartOf\":{\"@id\":\"https:\\\/\\\/www.organisator.ch\\\/#website\"},\"primaryImageOfPage\":{\"@id\":\"https:\\\/\\\/www.organisator.ch\\\/management\\\/2025-01-27\\\/fuenf-finalisten-fuer-den-prix-svc-zentralschweiz-2025-nominiert\\\/#primaryimage\"},\"image\":{\"@id\":\"https:\\\/\\\/www.organisator.ch\\\/management\\\/2025-01-27\\\/fuenf-finalisten-fuer-den-prix-svc-zentralschweiz-2025-nominiert\\\/#primaryimage\"},\"thumbnailUrl\":\"https:\\\/\\\/www.organisator.ch\\\/wp-content\\\/uploads\\\/2025\\\/01\\\/Prix-SVC_Bild1_ps.jpg\",\"datePublished\":\"2025-01-27T12:13:08+00:00\",\"description\":\"Am 22. Mai 2025 wird der Prix SVC Zentralschweiz zum 10. Mal verliehen. F\u00fcnf innovative Unternehmen hoffen auf den renommierten Preis.\",\"breadcrumb\":{\"@id\":\"https:\\\/\\\/www.organisator.ch\\\/management\\\/2025-01-27\\\/fuenf-finalisten-fuer-den-prix-svc-zentralschweiz-2025-nominiert\\\/#breadcrumb\"},\"inLanguage\":\"de\",\"potentialAction\":[{\"@type\":\"ReadAction\",\"target\":[\"https:\\\/\\\/www.organisator.ch\\\/management\\\/2025-01-27\\\/fuenf-finalisten-fuer-den-prix-svc-zentralschweiz-2025-nominiert\\\/\"]}]},{\"@type\":\"ImageObject\",\"inLanguage\":\"de\",\"@id\":\"https:\\\/\\\/www.organisator.ch\\\/management\\\/2025-01-27\\\/fuenf-finalisten-fuer-den-prix-svc-zentralschweiz-2025-nominiert\\\/#primaryimage\",\"url\":\"https:\\\/\\\/www.organisator.ch\\\/wp-content\\\/uploads\\\/2025\\\/01\\\/Prix-SVC_Bild1_ps.jpg\",\"contentUrl\":\"https:\\\/\\\/www.organisator.ch\\\/wp-content\\\/uploads\\\/2025\\\/01\\\/Prix-SVC_Bild1_ps.jpg\",\"width\":680,\"height\":537,\"caption\":\"2023 ging der Prix SVC Zentralschweiz an Marianne und Pirmin Jung. (Bild: Thomas Berner)\"},{\"@type\":\"BreadcrumbList\",\"@id\":\"https:\\\/\\\/www.organisator.ch\\\/management\\\/2025-01-27\\\/fuenf-finalisten-fuer-den-prix-svc-zentralschweiz-2025-nominiert\\\/#breadcrumb\",\"itemListElement\":[{\"@type\":\"ListItem\",\"position\":1,\"name\":\"Home\",\"item\":\"https:\\\/\\\/www.organisator.ch\\\/\"},{\"@type\":\"ListItem\",\"position\":2,\"name\":\"F\u00fcnf Finalisten f\u00fcr den Prix SVC Zentralschweiz 2025 nominiert\"}]},{\"@type\":\"WebSite\",\"@id\":\"https:\\\/\\\/www.organisator.ch\\\/#website\",\"url\":\"https:\\\/\\\/www.organisator.ch\\\/\",\"name\":\"Organisator\",\"description\":\"Kompetent. Praxisnah. Der ORGANISATOR bereitet in 10 Ausgaben pro Jahr die wesentlichen Themen f\u00fcr F\u00fchrungskr\u00e4fte von KMU auf.\",\"publisher\":{\"@id\":\"https:\\\/\\\/www.organisator.ch\\\/#organization\"},\"potentialAction\":[{\"@type\":\"SearchAction\",\"target\":{\"@type\":\"EntryPoint\",\"urlTemplate\":\"https:\\\/\\\/www.organisator.ch\\\/?s={search_term_string}\"},\"query-input\":{\"@type\":\"PropertyValueSpecification\",\"valueRequired\":true,\"valueName\":\"search_term_string\"}}],\"inLanguage\":\"de\"},{\"@type\":\"Organization\",\"@id\":\"https:\\\/\\\/www.organisator.ch\\\/#organization\",\"name\":\"Organisator\",\"url\":\"https:\\\/\\\/www.organisator.ch\\\/\",\"logo\":{\"@type\":\"ImageObject\",\"inLanguage\":\"de\",\"@id\":\"https:\\\/\\\/www.organisator.ch\\\/#\\\/schema\\\/logo\\\/image\\\/\",\"url\":\"https:\\\/\\\/www.organisator.ch\\\/wp-content\\\/uploads\\\/2022\\\/01\\\/Logo_Organisator_Website.png\",\"contentUrl\":\"https:\\\/\\\/www.organisator.ch\\\/wp-content\\\/uploads\\\/2022\\\/01\\\/Logo_Organisator_Website.png\",\"width\":800,\"height\":77,\"caption\":\"Organisator\"},\"image\":{\"@id\":\"https:\\\/\\\/www.organisator.ch\\\/#\\\/schema\\\/logo\\\/image\\\/\"},\"sameAs\":[\"https:\\\/\\\/www.facebook.com\\\/OrganisatorFachmagazin\",\"https:\\\/\\\/www.linkedin.com\\\/showcase\\\/organisator-das-magazin-fr-kmu\",\"https:\\\/\\\/www.xing.com\\\/news\\\/pages\\\/organisator-ch-695\",\"https:\\\/\\\/www.youtube.com\\\/channel\\\/UCGP2Sq0iWaZwT3BdIAQFYpw\"]},{\"@type\":\"Person\",\"@id\":\"https:\\\/\\\/www.organisator.ch\\\/#\\\/schema\\\/person\\\/afccda3a71c06d4be2ed9100dd163db7\",\"name\":\"Dzana Muminovic\",\"image\":{\"@type\":\"ImageObject\",\"inLanguage\":\"de\",\"@id\":\"https:\\\/\\\/secure.gravatar.com\\\/avatar\\\/909c5c71aff4b38e88686f2ab2f1ba152571f394f41ed8bae431ea56ced93050?s=96&d=mm&r=g\",\"url\":\"https:\\\/\\\/secure.gravatar.com\\\/avatar\\\/909c5c71aff4b38e88686f2ab2f1ba152571f394f41ed8bae431ea56ced93050?s=96&d=mm&r=g\",\"contentUrl\":\"https:\\\/\\\/secure.gravatar.com\\\/avatar\\\/909c5c71aff4b38e88686f2ab2f1ba152571f394f41ed8bae431ea56ced93050?s=96&d=mm&r=g\",\"caption\":\"Dzana Muminovic\"},\"url\":\"https:\\\/\\\/www.organisator.ch\\\/de\\\/author\\\/dzana-muminovic\\\/\"}]}<\/script>\n<!-- \/ Yoast SEO plugin. -->","yoast_head_json":{"title":"F\u00fcnf Finalisten f\u00fcr den Prix SVC Zentralschweiz 2025 nominiert - Organisator","description":"Am 22. Mai 2025 wird der Prix SVC Zentralschweiz zum 10. Mal verliehen. F\u00fcnf innovative Unternehmen hoffen auf den renommierten Preis.","robots":{"index":"index","follow":"follow","max-snippet":"max-snippet:-1","max-image-preview":"max-image-preview:large","max-video-preview":"max-video-preview:-1"},"canonical":"https:\/\/www.organisator.ch\/de\/management\/2025-01-27\/fuenf-finalisten-fuer-den-prix-svc-zentralschweiz-2025-nominiert\/","og_locale":"de_DE","og_type":"article","og_title":"F\u00fcnf Finalisten f\u00fcr den Prix SVC Zentralschweiz 2025 nominiert","og_description":"Am 22. Mai 2025 wird der Prix SVC Zentralschweiz zum 10. Mal verliehen. F\u00fcnf innovative Unternehmen hoffen auf den renommierten Preis.","og_url":"https:\/\/www.organisator.ch\/de\/management\/2025-01-27\/fuenf-finalisten-fuer-den-prix-svc-zentralschweiz-2025-nominiert\/","og_site_name":"Organisator","article_publisher":"https:\/\/www.facebook.com\/OrganisatorFachmagazin","article_published_time":"2025-01-27T12:13:08+00:00","og_image":[{"width":680,"height":537,"url":"https:\/\/www.organisator.ch\/wp-content\/uploads\/2025\/01\/Prix-SVC_Bild1_ps.jpg","type":"image\/jpeg"}],"author":"Dzana Muminovic","twitter_card":"summary_large_image","twitter_title":"F\u00fcnf Finalisten f\u00fcr den Prix SVC Zentralschweiz 2025 nominiert","twitter_description":"Am 22. Mai 2025 wird der #Prix #SVC #Zentralschweiz zum 10. Mal verliehen. F\u00fcnf innovative #Unternehmen hoffen auf den renommierten #Preis.","twitter_image":"https:\/\/www.organisator.ch\/wp-content\/uploads\/2025\/01\/Prix-SVC_Bild1_ps.jpg","schema":{"@context":"https:\/\/schema.org","@graph":[{"@type":"Article","@id":"https:\/\/www.organisator.ch\/management\/2025-01-27\/fuenf-finalisten-fuer-den-prix-svc-zentralschweiz-2025-nominiert\/#article","isPartOf":{"@id":"https:\/\/www.organisator.ch\/management\/2025-01-27\/fuenf-finalisten-fuer-den-prix-svc-zentralschweiz-2025-nominiert\/"},"author":{"name":"Dzana Muminovic","@id":"https:\/\/www.organisator.ch\/#\/schema\/person\/afccda3a71c06d4be2ed9100dd163db7"},"headline":"F\u00fcnf Finalisten f\u00fcr den Prix SVC Zentralschweiz 2025 nominiert","datePublished":"2025-01-27T12:13:08+00:00","mainEntityOfPage":{"@id":"https:\/\/www.organisator.ch\/management\/2025-01-27\/fuenf-finalisten-fuer-den-prix-svc-zentralschweiz-2025-nominiert\/"},"wordCount":668,"publisher":{"@id":"https:\/\/www.organisator.ch\/#organization"},"image":{"@id":"https:\/\/www.organisator.ch\/management\/2025-01-27\/fuenf-finalisten-fuer-den-prix-svc-zentralschweiz-2025-nominiert\/#primaryimage"},"thumbnailUrl":"https:\/\/www.organisator.ch\/wp-content\/uploads\/2025\/01\/Prix-SVC_Bild1_ps.jpg","keywords":["Awards","Prix SVC","Unternehmen","Zentralschweiz"],"articleSection":["MANAGEMENT"],"inLanguage":"de"},{"@type":"WebPage","@id":"https:\/\/www.organisator.ch\/management\/2025-01-27\/fuenf-finalisten-fuer-den-prix-svc-zentralschweiz-2025-nominiert\/","url":"https:\/\/www.organisator.ch\/management\/2025-01-27\/fuenf-finalisten-fuer-den-prix-svc-zentralschweiz-2025-nominiert\/","name":"F\u00fcnf Finalisten f\u00fcr den Prix SVC Zentralschweiz 2025 nominiert - Organisator","isPartOf":{"@id":"https:\/\/www.organisator.ch\/#website"},"primaryImageOfPage":{"@id":"https:\/\/www.organisator.ch\/management\/2025-01-27\/fuenf-finalisten-fuer-den-prix-svc-zentralschweiz-2025-nominiert\/#primaryimage"},"image":{"@id":"https:\/\/www.organisator.ch\/management\/2025-01-27\/fuenf-finalisten-fuer-den-prix-svc-zentralschweiz-2025-nominiert\/#primaryimage"},"thumbnailUrl":"https:\/\/www.organisator.ch\/wp-content\/uploads\/2025\/01\/Prix-SVC_Bild1_ps.jpg","datePublished":"2025-01-27T12:13:08+00:00","description":"Am 22. Mai 2025 wird der Prix SVC Zentralschweiz zum 10. Mal verliehen. F\u00fcnf innovative Unternehmen hoffen auf den renommierten Preis.","breadcrumb":{"@id":"https:\/\/www.organisator.ch\/management\/2025-01-27\/fuenf-finalisten-fuer-den-prix-svc-zentralschweiz-2025-nominiert\/#breadcrumb"},"inLanguage":"de","potentialAction":[{"@type":"ReadAction","target":["https:\/\/www.organisator.ch\/management\/2025-01-27\/fuenf-finalisten-fuer-den-prix-svc-zentralschweiz-2025-nominiert\/"]}]},{"@type":"ImageObject","inLanguage":"de","@id":"https:\/\/www.organisator.ch\/management\/2025-01-27\/fuenf-finalisten-fuer-den-prix-svc-zentralschweiz-2025-nominiert\/#primaryimage","url":"https:\/\/www.organisator.ch\/wp-content\/uploads\/2025\/01\/Prix-SVC_Bild1_ps.jpg","contentUrl":"https:\/\/www.organisator.ch\/wp-content\/uploads\/2025\/01\/Prix-SVC_Bild1_ps.jpg","width":680,"height":537,"caption":"2023 ging der Prix SVC Zentralschweiz an Marianne und Pirmin Jung. (Bild: Thomas Berner)"},{"@type":"BreadcrumbList","@id":"https:\/\/www.organisator.ch\/management\/2025-01-27\/fuenf-finalisten-fuer-den-prix-svc-zentralschweiz-2025-nominiert\/#breadcrumb","itemListElement":[{"@type":"ListItem","position":1,"name":"Home","item":"https:\/\/www.organisator.ch\/"},{"@type":"ListItem","position":2,"name":"F\u00fcnf Finalisten f\u00fcr den Prix SVC Zentralschweiz 2025 nominiert"}]},{"@type":"WebSite","@id":"https:\/\/www.organisator.ch\/#website","url":"https:\/\/www.organisator.ch\/","name":"Organisator","description":"Kompetent. Praxisnah. Der ORGANISATOR bereitet in 10 Ausgaben pro Jahr die wesentlichen Themen f\u00fcr F\u00fchrungskr\u00e4fte von KMU auf.","publisher":{"@id":"https:\/\/www.organisator.ch\/#organization"},"potentialAction":[{"@type":"SearchAction","target":{"@type":"EntryPoint","urlTemplate":"https:\/\/www.organisator.ch\/?s={search_term_string}"},"query-input":{"@type":"PropertyValueSpecification","valueRequired":true,"valueName":"search_term_string"}}],"inLanguage":"de"},{"@type":"Organization","@id":"https:\/\/www.organisator.ch\/#organization","name":"Organisator","url":"https:\/\/www.organisator.ch\/","logo":{"@type":"ImageObject","inLanguage":"de","@id":"https:\/\/www.organisator.ch\/#\/schema\/logo\/image\/","url":"https:\/\/www.organisator.ch\/wp-content\/uploads\/2022\/01\/Logo_Organisator_Website.png","contentUrl":"https:\/\/www.organisator.ch\/wp-content\/uploads\/2022\/01\/Logo_Organisator_Website.png","width":800,"height":77,"caption":"Organisator"},"image":{"@id":"https:\/\/www.organisator.ch\/#\/schema\/logo\/image\/"},"sameAs":["https:\/\/www.facebook.com\/OrganisatorFachmagazin","https:\/\/www.linkedin.com\/showcase\/organisator-das-magazin-fr-kmu","https:\/\/www.xing.com\/news\/pages\/organisator-ch-695","https:\/\/www.youtube.com\/channel\/UCGP2Sq0iWaZwT3BdIAQFYpw"]},{"@type":"Person","@id":"https:\/\/www.organisator.ch\/#\/schema\/person\/afccda3a71c06d4be2ed9100dd163db7","name":"Dzana Muminovic","image":{"@type":"ImageObject","inLanguage":"de","@id":"https:\/\/secure.gravatar.com\/avatar\/909c5c71aff4b38e88686f2ab2f1ba152571f394f41ed8bae431ea56ced93050?s=96&d=mm&r=g","url":"https:\/\/secure.gravatar.com\/avatar\/909c5c71aff4b38e88686f2ab2f1ba152571f394f41ed8bae431ea56ced93050?s=96&d=mm&r=g","contentUrl":"https:\/\/secure.gravatar.com\/avatar\/909c5c71aff4b38e88686f2ab2f1ba152571f394f41ed8bae431ea56ced93050?s=96&d=mm&r=g","caption":"Dzana Muminovic"},"url":"https:\/\/www.organisator.ch\/de\/author\/dzana-muminovic\/"}]}},"_links":{"self":[{"href":"https:\/\/www.organisator.ch\/de\/wp-json\/wp\/v2\/posts\/35566","targetHints":{"allow":["GET"]}}],"collection":[{"href":"https:\/\/www.organisator.ch\/de\/wp-json\/wp\/v2\/posts"}],"about":[{"href":"https:\/\/www.organisator.ch\/de\/wp-json\/wp\/v2\/types\/post"}],"author":[{"embeddable":true,"href":"https:\/\/www.organisator.ch\/de\/wp-json\/wp\/v2\/users\/80"}],"replies":[{"embeddable":true,"href":"https:\/\/www.organisator.ch\/de\/wp-json\/wp\/v2\/comments?post=35566"}],"version-history":[{"count":3,"href":"https:\/\/www.organisator.ch\/de\/wp-json\/wp\/v2\/posts\/35566\/revisions"}],"predecessor-version":[{"id":35582,"href":"https:\/\/www.organisator.ch\/de\/wp-json\/wp\/v2\/posts\/35566\/revisions\/35582"}],"wp:featuredmedia":[{"embeddable":true,"href":"https:\/\/www.organisator.ch\/de\/wp-json\/wp\/v2\/media\/35568"}],"wp:attachment":[{"href":"https:\/\/www.organisator.ch\/de\/wp-json\/wp\/v2\/media?parent=35566"}],"wp:term":[{"taxonomy":"category","embeddable":true,"href":"https:\/\/www.organisator.ch\/de\/wp-json\/wp\/v2\/categories?post=35566"},{"taxonomy":"post_tag","embeddable":true,"href":"https:\/\/www.organisator.ch\/de\/wp-json\/wp\/v2\/tags?post=35566"}],"curies":[{"name":"wp","href":"https:\/\/api.w.org\/{rel}","templated":true}]}}