{"id":35598,"date":"2025-01-29T07:15:04","date_gmt":"2025-01-29T06:15:04","guid":{"rendered":"https:\/\/www.organisator.ch\/?p=35598"},"modified":"2025-01-28T11:08:44","modified_gmt":"2025-01-28T10:08:44","slug":"schweizer-unternehmen-stemmen-sich-gegen-die-konjunkturkrise","status":"publish","type":"post","link":"https:\/\/www.organisator.ch\/de\/management\/2025-01-29\/schweizer-unternehmen-stemmen-sich-gegen-die-konjunkturkrise\/","title":{"rendered":"Schweizer Unternehmen stemmen sich gegen die Konjunkturkrise"},"content":{"rendered":"<figure id=\"attachment_35599\" aria-describedby=\"caption-attachment-35599\" style=\"width: 680px\" class=\"wp-caption alignnone\"><img loading=\"lazy\" decoding=\"async\" class=\"size-full wp-image-35599\" src=\"https:\/\/www.organisator.ch\/wp-content\/uploads\/2025\/01\/Industrie-Studie_Bild1_ps.jpg\" alt=\"\" width=\"680\" height=\"454\" srcset=\"https:\/\/www.organisator.ch\/wp-content\/uploads\/2025\/01\/Industrie-Studie_Bild1_ps.jpg 680w, https:\/\/www.organisator.ch\/wp-content\/uploads\/2025\/01\/Industrie-Studie_Bild1_ps-18x12.jpg 18w, https:\/\/www.organisator.ch\/wp-content\/uploads\/2025\/01\/Industrie-Studie_Bild1_ps-375x250.jpg 375w, https:\/\/www.organisator.ch\/wp-content\/uploads\/2025\/01\/Industrie-Studie_Bild1_ps-524x350.jpg 524w\" sizes=\"auto, (max-width: 680px) 100vw, 680px\" \/><figcaption id=\"caption-attachment-35599\" class=\"wp-caption-text\">Die Schweizer Industrie zeigt St\u00e4rke: Resilienz, Effizienz und Innovation sichern Wettbewerbsvorteile gegen\u00fcber Deutschland und der Welt. (Bild: www.depositphotos.com)<\/figcaption><\/figure>\n<p>\u00abDie Schweizer Industrieunternehmen haben ihre Widerstandsf\u00e4higkeit durch permanente Anpassung und Innovation kontinuierlich gest\u00e4rkt. Das zahlt sich jetzt aus. Sie blicken daher optimistischer ins Jahr 2025 als die deutsche Konkurrenz\u00bb, sagt J\u00fcrg Hodel, Gesch\u00e4ftsf\u00fchrer der Unternehmensberatung Staufen Inova AG. \u00abHinzu kommt, dass die Schweizer Wirtschaft insgesamt bereits deutlich vielschichtiger aufgestellt ist, w\u00e4hrend in Deutschland Krisen wie jetzt in der Automobilindustrie nicht nur Zulieferer, sondern auch die angrenzenden Dienstleister hart treffen\u00bb, so Hodel weiter.<\/p>\n<p>Deutliche Unterschiede zwischen der Schweiz und Deutschland zeigen sich auch bei der Einsch\u00e4tzung, welche Herausforderungen die Industrie derzeit am st\u00e4rksten belasten. W\u00e4hrend 54 Prozent der deutschen Befragten die schwierige konjunkturelle Lage nennen, sind es auf Schweizer Seite nur 47 Prozent. Auch bei anderen Faktoren sind die Schweizer Unternehmen positiver gestimmt: Die \u00fcberbordende B\u00fcrokratie empfinden in Deutschland 42 Prozent als Belastung, in der Schweiz sind es nur 28 Prozent. Auff\u00e4llig auch die Diskrepanz bei den Energiekosten: In Deutschland werden die Energiepreise als zweitgr\u00f6sste Belastung empfunden (43 Prozent), in der Schweiz nennt nur jedes vierte Unternehmen diesen Faktor.<\/p>\n<h3><strong>Starker Franken als Effizienz-Turbo<\/strong><\/h3>\n<p>Die Resilienz der Schweizer Industrie ist auch eine Folge des starken Frankens. \u00abUm trotz dessen Aufwertung wettbewerbsf\u00e4hig zu bleiben, waren die Unternehmen schon in der Vergangenheit gezwungen, Massnahmen zur Effizienzsteigerung und Digitalisierung zu ergreifen\u00bb, erkl\u00e4rt Staufen Inova-Gesch\u00e4ftsf\u00fchrer Hodel. Dies habe dazu gef\u00fchrt, dass preisintensive Produkte entweder durch optimierte Prozesse g\u00fcnstiger geworden seien oder die Produktion ins Ausland verlagert worden sei. Deutsche Unternehmen, die jahrelang vom schwachen Euro sowie billiger Energie aus Russland profitiert h\u00e4tten, seien diesem Druck nicht ausgesetzt gewesen und litten nun unter den ver\u00e4nderten Rahmenbedingungen.<\/p>\n<p>Dennoch sagt gut jedes zweite Unternehmen (56 Prozent) in der Schweiz, dass der heimische Standort im internationalen Vergleich eher an Wettbewerbsf\u00e4higkeit verliert. Und auch Standortschliessungen oder -verlagerungen sind f\u00fcr vier von zehn Schweizer Betrieben kein Tabu mehr. \u00abAuch wenn die Zahlen in Deutschland mit 70 bzw. 52 Prozent noch schlechter ausfallen, \u00e4ndert das nichts an der grunds\u00e4tzlichen Herausforderung, langfristig gegen\u00fcber der asiatischen und der amerikanischen Konkurrenz bestehen zu k\u00f6nnen\u00bb, mahnt Industrieexperte Hodel.<\/p>\n<p>Er ist davon \u00fcberzeugt, dass sich die Schweiz trotz der momentanen St\u00e4rke keinen Stillstand leisten kann: \u00abOb wir wollen oder nicht, wir bleiben eine Hochlohn- und Hochpreis-Insel.\u00bb Die Antwort kann daher aus seiner Sicht nur konsequente Digitalisierung lauten. \u00abEgal ob KMU oder Konzern \u2013 mit dem konsequenten Einsatz digitaler End-to-End-Plattformen sind sicherlich nochmal 20 bis 30 Prozent mehr Produktivit\u00e4t drin.\u00bb<\/p>\n<h3><strong>\u00dcber die Industrie-Studie \u00abZukunft gestalten\u00bb<\/strong><\/h3>\n<p>F\u00fcr die Studie \u00abZukunft gestalten\u00bb hat die Staufen Inova AG Ende 2024 insgesamt 313 Industrieunternehmen in Deutschland, \u00d6sterreich und der Schweiz befragt. Parallel wurden 280 Unternehmen in den USA befragt, um auch transatlantische Vergleiche zu erm\u00f6glichen.<\/p>\n<p><em>Quelle: <a href=\"http:\/\/www.staufen-inova.ch\">www.staufen-inova.ch<\/a><\/em><\/p>\n","protected":false},"excerpt":{"rendered":"<p>Selten war der Druck auf die Unternehmen so hoch wie heute: 84 Prozent der Industrieunternehmen in der DACH-Region berichten in der aktuellen Industrie-Studie \u00abZukunft gestalten\u00bb von noch nie dagewesenen Herausforderungen. Der Blick in die einzelnen L\u00e4nder zeigt in vielen Punkten aber auch ein differenziertes Bild. Besonders bemerkenswert ist der Vergleich zwischen Schweizer und deutschen Unternehmen: Egal ob Energiekosten oder belastende B\u00fcrokratie \u2013 der Himmel in Deutschland ist deutlich dunkler. <\/p>\n","protected":false},"author":80,"featured_media":35599,"comment_status":"closed","ping_status":"closed","sticky":false,"template":"","format":"standard","meta":{"_acf_changed":false,"_yoast_wpseo_focuskw":"Schweizer Industrie","_yoast_wpseo_metadesc":"Die Schweizer Industrie zeigt St\u00e4rke: Resilienz, Effizienz und Innovation sichern Wettbewerbsvorteile gegen\u00fcber Deutschland und der Welt.","articlekey":"","footnotes":""},"categories":[28],"tags":[4299,4914,266,416,459,492,3199],"class_list":["post-35598","post","type-post","status-publish","format-standard","has-post-thumbnail","hentry","category-management","tag-dach-region","tag-herausforderungen","tag-industrie","tag-resilienz","tag-studie","tag-unternehmen","tag-zukunft"],"acf":[],"yoast_head":"<!-- This site is optimized with the Yoast SEO plugin v27.5 - https:\/\/yoast.com\/product\/yoast-seo-wordpress\/ -->\n<title>Schweizer Unternehmen stemmen sich gegen die Konjunkturkrise - Organisator<\/title>\n<meta name=\"description\" content=\"Die Schweizer Industrie zeigt St\u00e4rke: Resilienz, Effizienz und Innovation sichern Wettbewerbsvorteile gegen\u00fcber Deutschland und der Welt.\" \/>\n<meta name=\"robots\" content=\"index, follow, max-snippet:-1, max-image-preview:large, max-video-preview:-1\" \/>\n<link rel=\"canonical\" href=\"https:\/\/www.organisator.ch\/de\/management\/2025-01-29\/schweizer-unternehmen-stemmen-sich-gegen-die-konjunkturkrise\/\" \/>\n<meta property=\"og:locale\" content=\"de_DE\" \/>\n<meta property=\"og:type\" content=\"article\" \/>\n<meta property=\"og:title\" content=\"Schweizer Unternehmen stemmen sich gegen die Konjunkturkrise\" \/>\n<meta property=\"og:description\" content=\"Die Schweizer Industrie zeigt St\u00e4rke: Resilienz, Effizienz und Innovation sichern Wettbewerbsvorteile gegen\u00fcber Deutschland und der Welt.\" \/>\n<meta property=\"og:url\" content=\"https:\/\/www.organisator.ch\/de\/management\/2025-01-29\/schweizer-unternehmen-stemmen-sich-gegen-die-konjunkturkrise\/\" \/>\n<meta property=\"og:site_name\" content=\"Organisator\" \/>\n<meta property=\"article:publisher\" content=\"https:\/\/www.facebook.com\/OrganisatorFachmagazin\" \/>\n<meta property=\"article:published_time\" content=\"2025-01-29T06:15:04+00:00\" \/>\n<meta property=\"og:image\" content=\"https:\/\/www.organisator.ch\/wp-content\/uploads\/2025\/01\/Industrie-Studie_Bild1_ps.jpg\" \/>\n\t<meta property=\"og:image:width\" content=\"680\" \/>\n\t<meta property=\"og:image:height\" content=\"454\" \/>\n\t<meta property=\"og:image:type\" content=\"image\/jpeg\" \/>\n<meta name=\"author\" content=\"Dzana Muminovic\" \/>\n<meta name=\"twitter:card\" content=\"summary_large_image\" \/>\n<meta name=\"twitter:title\" content=\"Schweizer Unternehmen stemmen sich gegen die Konjunkturkrise\" \/>\n<meta name=\"twitter:description\" content=\"Die #Schweizer #Industrie zeigt #St\u00e4rke: #Resilienz, #Effizienz und #Innovation sichern #Wettbewerbsvorteile gegen\u00fcber #Deutschland und der #Welt.\" \/>\n<meta name=\"twitter:image\" content=\"https:\/\/www.organisator.ch\/wp-content\/uploads\/2025\/01\/Industrie-Studie_Bild1_ps.jpg\" \/>\n<script type=\"application\/ld+json\" class=\"yoast-schema-graph\">{\"@context\":\"https:\\\/\\\/schema.org\",\"@graph\":[{\"@type\":\"Article\",\"@id\":\"https:\\\/\\\/www.organisator.ch\\\/management\\\/2025-01-29\\\/schweizer-unternehmen-stemmen-sich-gegen-die-konjunkturkrise\\\/#article\",\"isPartOf\":{\"@id\":\"https:\\\/\\\/www.organisator.ch\\\/management\\\/2025-01-29\\\/schweizer-unternehmen-stemmen-sich-gegen-die-konjunkturkrise\\\/\"},\"author\":{\"name\":\"Dzana Muminovic\",\"@id\":\"https:\\\/\\\/www.organisator.ch\\\/#\\\/schema\\\/person\\\/afccda3a71c06d4be2ed9100dd163db7\"},\"headline\":\"Schweizer Unternehmen stemmen sich gegen die Konjunkturkrise\",\"datePublished\":\"2025-01-29T06:15:04+00:00\",\"mainEntityOfPage\":{\"@id\":\"https:\\\/\\\/www.organisator.ch\\\/management\\\/2025-01-29\\\/schweizer-unternehmen-stemmen-sich-gegen-die-konjunkturkrise\\\/\"},\"wordCount\":486,\"publisher\":{\"@id\":\"https:\\\/\\\/www.organisator.ch\\\/#organization\"},\"image\":{\"@id\":\"https:\\\/\\\/www.organisator.ch\\\/management\\\/2025-01-29\\\/schweizer-unternehmen-stemmen-sich-gegen-die-konjunkturkrise\\\/#primaryimage\"},\"thumbnailUrl\":\"https:\\\/\\\/www.organisator.ch\\\/wp-content\\\/uploads\\\/2025\\\/01\\\/Industrie-Studie_Bild1_ps.jpg\",\"keywords\":[\"DACH-Region\",\"Herausforderungen\",\"Industrie\",\"Resilienz\",\"Studie\",\"Unternehmen\",\"Zukunft\"],\"articleSection\":[\"MANAGEMENT\"],\"inLanguage\":\"de\"},{\"@type\":\"WebPage\",\"@id\":\"https:\\\/\\\/www.organisator.ch\\\/management\\\/2025-01-29\\\/schweizer-unternehmen-stemmen-sich-gegen-die-konjunkturkrise\\\/\",\"url\":\"https:\\\/\\\/www.organisator.ch\\\/management\\\/2025-01-29\\\/schweizer-unternehmen-stemmen-sich-gegen-die-konjunkturkrise\\\/\",\"name\":\"Schweizer Unternehmen stemmen sich gegen die Konjunkturkrise - Organisator\",\"isPartOf\":{\"@id\":\"https:\\\/\\\/www.organisator.ch\\\/#website\"},\"primaryImageOfPage\":{\"@id\":\"https:\\\/\\\/www.organisator.ch\\\/management\\\/2025-01-29\\\/schweizer-unternehmen-stemmen-sich-gegen-die-konjunkturkrise\\\/#primaryimage\"},\"image\":{\"@id\":\"https:\\\/\\\/www.organisator.ch\\\/management\\\/2025-01-29\\\/schweizer-unternehmen-stemmen-sich-gegen-die-konjunkturkrise\\\/#primaryimage\"},\"thumbnailUrl\":\"https:\\\/\\\/www.organisator.ch\\\/wp-content\\\/uploads\\\/2025\\\/01\\\/Industrie-Studie_Bild1_ps.jpg\",\"datePublished\":\"2025-01-29T06:15:04+00:00\",\"description\":\"Die Schweizer Industrie zeigt St\u00e4rke: Resilienz, Effizienz und Innovation sichern Wettbewerbsvorteile gegen\u00fcber Deutschland und der Welt.\",\"breadcrumb\":{\"@id\":\"https:\\\/\\\/www.organisator.ch\\\/management\\\/2025-01-29\\\/schweizer-unternehmen-stemmen-sich-gegen-die-konjunkturkrise\\\/#breadcrumb\"},\"inLanguage\":\"de\",\"potentialAction\":[{\"@type\":\"ReadAction\",\"target\":[\"https:\\\/\\\/www.organisator.ch\\\/management\\\/2025-01-29\\\/schweizer-unternehmen-stemmen-sich-gegen-die-konjunkturkrise\\\/\"]}]},{\"@type\":\"ImageObject\",\"inLanguage\":\"de\",\"@id\":\"https:\\\/\\\/www.organisator.ch\\\/management\\\/2025-01-29\\\/schweizer-unternehmen-stemmen-sich-gegen-die-konjunkturkrise\\\/#primaryimage\",\"url\":\"https:\\\/\\\/www.organisator.ch\\\/wp-content\\\/uploads\\\/2025\\\/01\\\/Industrie-Studie_Bild1_ps.jpg\",\"contentUrl\":\"https:\\\/\\\/www.organisator.ch\\\/wp-content\\\/uploads\\\/2025\\\/01\\\/Industrie-Studie_Bild1_ps.jpg\",\"width\":680,\"height\":454,\"caption\":\"Die Schweizer Industrie zeigt St\u00e4rke: Resilienz, Effizienz und Innovation sichern Wettbewerbsvorteile gegen\u00fcber Deutschland und der Welt. (Bild: www.depositphotos.com)\"},{\"@type\":\"BreadcrumbList\",\"@id\":\"https:\\\/\\\/www.organisator.ch\\\/management\\\/2025-01-29\\\/schweizer-unternehmen-stemmen-sich-gegen-die-konjunkturkrise\\\/#breadcrumb\",\"itemListElement\":[{\"@type\":\"ListItem\",\"position\":1,\"name\":\"Home\",\"item\":\"https:\\\/\\\/www.organisator.ch\\\/\"},{\"@type\":\"ListItem\",\"position\":2,\"name\":\"Schweizer Unternehmen stemmen sich gegen die Konjunkturkrise\"}]},{\"@type\":\"WebSite\",\"@id\":\"https:\\\/\\\/www.organisator.ch\\\/#website\",\"url\":\"https:\\\/\\\/www.organisator.ch\\\/\",\"name\":\"Organisator\",\"description\":\"Kompetent. Praxisnah. Der ORGANISATOR bereitet in 10 Ausgaben pro Jahr die wesentlichen Themen f\u00fcr F\u00fchrungskr\u00e4fte von KMU auf.\",\"publisher\":{\"@id\":\"https:\\\/\\\/www.organisator.ch\\\/#organization\"},\"potentialAction\":[{\"@type\":\"SearchAction\",\"target\":{\"@type\":\"EntryPoint\",\"urlTemplate\":\"https:\\\/\\\/www.organisator.ch\\\/?s={search_term_string}\"},\"query-input\":{\"@type\":\"PropertyValueSpecification\",\"valueRequired\":true,\"valueName\":\"search_term_string\"}}],\"inLanguage\":\"de\"},{\"@type\":\"Organization\",\"@id\":\"https:\\\/\\\/www.organisator.ch\\\/#organization\",\"name\":\"Organisator\",\"url\":\"https:\\\/\\\/www.organisator.ch\\\/\",\"logo\":{\"@type\":\"ImageObject\",\"inLanguage\":\"de\",\"@id\":\"https:\\\/\\\/www.organisator.ch\\\/#\\\/schema\\\/logo\\\/image\\\/\",\"url\":\"https:\\\/\\\/www.organisator.ch\\\/wp-content\\\/uploads\\\/2022\\\/01\\\/Logo_Organisator_Website.png\",\"contentUrl\":\"https:\\\/\\\/www.organisator.ch\\\/wp-content\\\/uploads\\\/2022\\\/01\\\/Logo_Organisator_Website.png\",\"width\":800,\"height\":77,\"caption\":\"Organisator\"},\"image\":{\"@id\":\"https:\\\/\\\/www.organisator.ch\\\/#\\\/schema\\\/logo\\\/image\\\/\"},\"sameAs\":[\"https:\\\/\\\/www.facebook.com\\\/OrganisatorFachmagazin\",\"https:\\\/\\\/www.linkedin.com\\\/showcase\\\/organisator-das-magazin-fr-kmu\",\"https:\\\/\\\/www.xing.com\\\/news\\\/pages\\\/organisator-ch-695\",\"https:\\\/\\\/www.youtube.com\\\/channel\\\/UCGP2Sq0iWaZwT3BdIAQFYpw\"]},{\"@type\":\"Person\",\"@id\":\"https:\\\/\\\/www.organisator.ch\\\/#\\\/schema\\\/person\\\/afccda3a71c06d4be2ed9100dd163db7\",\"name\":\"Dzana Muminovic\",\"image\":{\"@type\":\"ImageObject\",\"inLanguage\":\"de\",\"@id\":\"https:\\\/\\\/secure.gravatar.com\\\/avatar\\\/909c5c71aff4b38e88686f2ab2f1ba152571f394f41ed8bae431ea56ced93050?s=96&d=mm&r=g\",\"url\":\"https:\\\/\\\/secure.gravatar.com\\\/avatar\\\/909c5c71aff4b38e88686f2ab2f1ba152571f394f41ed8bae431ea56ced93050?s=96&d=mm&r=g\",\"contentUrl\":\"https:\\\/\\\/secure.gravatar.com\\\/avatar\\\/909c5c71aff4b38e88686f2ab2f1ba152571f394f41ed8bae431ea56ced93050?s=96&d=mm&r=g\",\"caption\":\"Dzana Muminovic\"},\"url\":\"https:\\\/\\\/www.organisator.ch\\\/de\\\/author\\\/dzana-muminovic\\\/\"}]}<\/script>\n<!-- \/ Yoast SEO plugin. -->","yoast_head_json":{"title":"Schweizer Unternehmen stemmen sich gegen die Konjunkturkrise - Organisator","description":"Die Schweizer Industrie zeigt St\u00e4rke: Resilienz, Effizienz und Innovation sichern Wettbewerbsvorteile gegen\u00fcber Deutschland und der Welt.","robots":{"index":"index","follow":"follow","max-snippet":"max-snippet:-1","max-image-preview":"max-image-preview:large","max-video-preview":"max-video-preview:-1"},"canonical":"https:\/\/www.organisator.ch\/de\/management\/2025-01-29\/schweizer-unternehmen-stemmen-sich-gegen-die-konjunkturkrise\/","og_locale":"de_DE","og_type":"article","og_title":"Schweizer Unternehmen stemmen sich gegen die Konjunkturkrise","og_description":"Die Schweizer Industrie zeigt St\u00e4rke: Resilienz, Effizienz und Innovation sichern Wettbewerbsvorteile gegen\u00fcber Deutschland und der Welt.","og_url":"https:\/\/www.organisator.ch\/de\/management\/2025-01-29\/schweizer-unternehmen-stemmen-sich-gegen-die-konjunkturkrise\/","og_site_name":"Organisator","article_publisher":"https:\/\/www.facebook.com\/OrganisatorFachmagazin","article_published_time":"2025-01-29T06:15:04+00:00","og_image":[{"width":680,"height":454,"url":"https:\/\/www.organisator.ch\/wp-content\/uploads\/2025\/01\/Industrie-Studie_Bild1_ps.jpg","type":"image\/jpeg"}],"author":"Dzana Muminovic","twitter_card":"summary_large_image","twitter_title":"Schweizer Unternehmen stemmen sich gegen die Konjunkturkrise","twitter_description":"Die #Schweizer #Industrie zeigt #St\u00e4rke: #Resilienz, #Effizienz und #Innovation sichern #Wettbewerbsvorteile gegen\u00fcber #Deutschland und der #Welt.","twitter_image":"https:\/\/www.organisator.ch\/wp-content\/uploads\/2025\/01\/Industrie-Studie_Bild1_ps.jpg","schema":{"@context":"https:\/\/schema.org","@graph":[{"@type":"Article","@id":"https:\/\/www.organisator.ch\/management\/2025-01-29\/schweizer-unternehmen-stemmen-sich-gegen-die-konjunkturkrise\/#article","isPartOf":{"@id":"https:\/\/www.organisator.ch\/management\/2025-01-29\/schweizer-unternehmen-stemmen-sich-gegen-die-konjunkturkrise\/"},"author":{"name":"Dzana Muminovic","@id":"https:\/\/www.organisator.ch\/#\/schema\/person\/afccda3a71c06d4be2ed9100dd163db7"},"headline":"Schweizer Unternehmen stemmen sich gegen die Konjunkturkrise","datePublished":"2025-01-29T06:15:04+00:00","mainEntityOfPage":{"@id":"https:\/\/www.organisator.ch\/management\/2025-01-29\/schweizer-unternehmen-stemmen-sich-gegen-die-konjunkturkrise\/"},"wordCount":486,"publisher":{"@id":"https:\/\/www.organisator.ch\/#organization"},"image":{"@id":"https:\/\/www.organisator.ch\/management\/2025-01-29\/schweizer-unternehmen-stemmen-sich-gegen-die-konjunkturkrise\/#primaryimage"},"thumbnailUrl":"https:\/\/www.organisator.ch\/wp-content\/uploads\/2025\/01\/Industrie-Studie_Bild1_ps.jpg","keywords":["DACH-Region","Herausforderungen","Industrie","Resilienz","Studie","Unternehmen","Zukunft"],"articleSection":["MANAGEMENT"],"inLanguage":"de"},{"@type":"WebPage","@id":"https:\/\/www.organisator.ch\/management\/2025-01-29\/schweizer-unternehmen-stemmen-sich-gegen-die-konjunkturkrise\/","url":"https:\/\/www.organisator.ch\/management\/2025-01-29\/schweizer-unternehmen-stemmen-sich-gegen-die-konjunkturkrise\/","name":"Schweizer Unternehmen stemmen sich gegen die Konjunkturkrise - Organisator","isPartOf":{"@id":"https:\/\/www.organisator.ch\/#website"},"primaryImageOfPage":{"@id":"https:\/\/www.organisator.ch\/management\/2025-01-29\/schweizer-unternehmen-stemmen-sich-gegen-die-konjunkturkrise\/#primaryimage"},"image":{"@id":"https:\/\/www.organisator.ch\/management\/2025-01-29\/schweizer-unternehmen-stemmen-sich-gegen-die-konjunkturkrise\/#primaryimage"},"thumbnailUrl":"https:\/\/www.organisator.ch\/wp-content\/uploads\/2025\/01\/Industrie-Studie_Bild1_ps.jpg","datePublished":"2025-01-29T06:15:04+00:00","description":"Die Schweizer Industrie zeigt St\u00e4rke: Resilienz, Effizienz und Innovation sichern Wettbewerbsvorteile gegen\u00fcber Deutschland und der Welt.","breadcrumb":{"@id":"https:\/\/www.organisator.ch\/management\/2025-01-29\/schweizer-unternehmen-stemmen-sich-gegen-die-konjunkturkrise\/#breadcrumb"},"inLanguage":"de","potentialAction":[{"@type":"ReadAction","target":["https:\/\/www.organisator.ch\/management\/2025-01-29\/schweizer-unternehmen-stemmen-sich-gegen-die-konjunkturkrise\/"]}]},{"@type":"ImageObject","inLanguage":"de","@id":"https:\/\/www.organisator.ch\/management\/2025-01-29\/schweizer-unternehmen-stemmen-sich-gegen-die-konjunkturkrise\/#primaryimage","url":"https:\/\/www.organisator.ch\/wp-content\/uploads\/2025\/01\/Industrie-Studie_Bild1_ps.jpg","contentUrl":"https:\/\/www.organisator.ch\/wp-content\/uploads\/2025\/01\/Industrie-Studie_Bild1_ps.jpg","width":680,"height":454,"caption":"Die Schweizer Industrie zeigt St\u00e4rke: Resilienz, Effizienz und Innovation sichern Wettbewerbsvorteile gegen\u00fcber Deutschland und der Welt. (Bild: www.depositphotos.com)"},{"@type":"BreadcrumbList","@id":"https:\/\/www.organisator.ch\/management\/2025-01-29\/schweizer-unternehmen-stemmen-sich-gegen-die-konjunkturkrise\/#breadcrumb","itemListElement":[{"@type":"ListItem","position":1,"name":"Home","item":"https:\/\/www.organisator.ch\/"},{"@type":"ListItem","position":2,"name":"Schweizer Unternehmen stemmen sich gegen die Konjunkturkrise"}]},{"@type":"WebSite","@id":"https:\/\/www.organisator.ch\/#website","url":"https:\/\/www.organisator.ch\/","name":"Organisator","description":"Kompetent. Praxisnah. Der ORGANISATOR bereitet in 10 Ausgaben pro Jahr die wesentlichen Themen f\u00fcr F\u00fchrungskr\u00e4fte von KMU auf.","publisher":{"@id":"https:\/\/www.organisator.ch\/#organization"},"potentialAction":[{"@type":"SearchAction","target":{"@type":"EntryPoint","urlTemplate":"https:\/\/www.organisator.ch\/?s={search_term_string}"},"query-input":{"@type":"PropertyValueSpecification","valueRequired":true,"valueName":"search_term_string"}}],"inLanguage":"de"},{"@type":"Organization","@id":"https:\/\/www.organisator.ch\/#organization","name":"Organisator","url":"https:\/\/www.organisator.ch\/","logo":{"@type":"ImageObject","inLanguage":"de","@id":"https:\/\/www.organisator.ch\/#\/schema\/logo\/image\/","url":"https:\/\/www.organisator.ch\/wp-content\/uploads\/2022\/01\/Logo_Organisator_Website.png","contentUrl":"https:\/\/www.organisator.ch\/wp-content\/uploads\/2022\/01\/Logo_Organisator_Website.png","width":800,"height":77,"caption":"Organisator"},"image":{"@id":"https:\/\/www.organisator.ch\/#\/schema\/logo\/image\/"},"sameAs":["https:\/\/www.facebook.com\/OrganisatorFachmagazin","https:\/\/www.linkedin.com\/showcase\/organisator-das-magazin-fr-kmu","https:\/\/www.xing.com\/news\/pages\/organisator-ch-695","https:\/\/www.youtube.com\/channel\/UCGP2Sq0iWaZwT3BdIAQFYpw"]},{"@type":"Person","@id":"https:\/\/www.organisator.ch\/#\/schema\/person\/afccda3a71c06d4be2ed9100dd163db7","name":"Dzana Muminovic","image":{"@type":"ImageObject","inLanguage":"de","@id":"https:\/\/secure.gravatar.com\/avatar\/909c5c71aff4b38e88686f2ab2f1ba152571f394f41ed8bae431ea56ced93050?s=96&d=mm&r=g","url":"https:\/\/secure.gravatar.com\/avatar\/909c5c71aff4b38e88686f2ab2f1ba152571f394f41ed8bae431ea56ced93050?s=96&d=mm&r=g","contentUrl":"https:\/\/secure.gravatar.com\/avatar\/909c5c71aff4b38e88686f2ab2f1ba152571f394f41ed8bae431ea56ced93050?s=96&d=mm&r=g","caption":"Dzana Muminovic"},"url":"https:\/\/www.organisator.ch\/de\/author\/dzana-muminovic\/"}]}},"_links":{"self":[{"href":"https:\/\/www.organisator.ch\/de\/wp-json\/wp\/v2\/posts\/35598","targetHints":{"allow":["GET"]}}],"collection":[{"href":"https:\/\/www.organisator.ch\/de\/wp-json\/wp\/v2\/posts"}],"about":[{"href":"https:\/\/www.organisator.ch\/de\/wp-json\/wp\/v2\/types\/post"}],"author":[{"embeddable":true,"href":"https:\/\/www.organisator.ch\/de\/wp-json\/wp\/v2\/users\/80"}],"replies":[{"embeddable":true,"href":"https:\/\/www.organisator.ch\/de\/wp-json\/wp\/v2\/comments?post=35598"}],"version-history":[{"count":4,"href":"https:\/\/www.organisator.ch\/de\/wp-json\/wp\/v2\/posts\/35598\/revisions"}],"predecessor-version":[{"id":35636,"href":"https:\/\/www.organisator.ch\/de\/wp-json\/wp\/v2\/posts\/35598\/revisions\/35636"}],"wp:featuredmedia":[{"embeddable":true,"href":"https:\/\/www.organisator.ch\/de\/wp-json\/wp\/v2\/media\/35599"}],"wp:attachment":[{"href":"https:\/\/www.organisator.ch\/de\/wp-json\/wp\/v2\/media?parent=35598"}],"wp:term":[{"taxonomy":"category","embeddable":true,"href":"https:\/\/www.organisator.ch\/de\/wp-json\/wp\/v2\/categories?post=35598"},{"taxonomy":"post_tag","embeddable":true,"href":"https:\/\/www.organisator.ch\/de\/wp-json\/wp\/v2\/tags?post=35598"}],"curies":[{"name":"wp","href":"https:\/\/api.w.org\/{rel}","templated":true}]}}