{"id":35617,"date":"2025-01-29T13:12:32","date_gmt":"2025-01-29T12:12:32","guid":{"rendered":"https:\/\/www.organisator.ch\/?p=35617"},"modified":"2025-01-29T10:54:50","modified_gmt":"2025-01-29T09:54:50","slug":"schweizer-firmen-weniger-optimistisch","status":"publish","type":"post","link":"https:\/\/www.organisator.ch\/de\/management\/2025-01-29\/schweizer-firmen-weniger-optimistisch\/","title":{"rendered":"Schweizer Firmen weniger optimistisch"},"content":{"rendered":"<figure id=\"attachment_35618\" aria-describedby=\"caption-attachment-35618\" style=\"width: 680px\" class=\"wp-caption alignnone\"><img loading=\"lazy\" decoding=\"async\" class=\"size-full wp-image-35618\" src=\"https:\/\/www.organisator.ch\/wp-content\/uploads\/2025\/01\/Dun-Bradstreet_Bild1_ps.jpg\" alt=\"\" width=\"680\" height=\"532\" srcset=\"https:\/\/www.organisator.ch\/wp-content\/uploads\/2025\/01\/Dun-Bradstreet_Bild1_ps.jpg 680w, https:\/\/www.organisator.ch\/wp-content\/uploads\/2025\/01\/Dun-Bradstreet_Bild1_ps-15x12.jpg 15w, https:\/\/www.organisator.ch\/wp-content\/uploads\/2025\/01\/Dun-Bradstreet_Bild1_ps-375x293.jpg 375w, https:\/\/www.organisator.ch\/wp-content\/uploads\/2025\/01\/Dun-Bradstreet_Bild1_ps-447x350.jpg 447w\" sizes=\"auto, (max-width: 680px) 100vw, 680px\" \/><figcaption id=\"caption-attachment-35618\" class=\"wp-caption-text\">Gesch\u00e4ftserwartungen in der Schweiz sinken: Der Global Business Optimism Index f\u00e4llt um 14 %. Unternehmen zeigen sich zur\u00fcckhaltend bei Investitionen. (Bild: www.depositphotos.com)<\/figcaption><\/figure>\n<p>Der Global Business Optimism Index ist in allen 32 untersuchten L\u00e4ndern gesunken. In 26 davon sind die Exportauftr\u00e4ge zur\u00fcckgegangen. Besonders stark betroffen sind die USA und da Chinesische-festland mit einem Minus von 10 Prozent. Hauptgr\u00fcnde daf\u00fcr sind wachsende Bedenken \u00fcber eine schw\u00e4chelnde Wirtschaft, steigende geopolitische Spannungen und Unsicherheiten in der Handelspolitik.<\/p>\n<p>Die Unternehmen zeigen sich skeptischer gegen\u00fcber der Lieferkettenstabilit\u00e4t und halten sich bei Investitionen zur\u00fcck. Die angek\u00fcndigten politischen \u00c4nderungen der neuen US-Administration verst\u00e4rken diese Zur\u00fcckhaltung. Der Trend deutet jedoch eher auf eine Korrektur des zuvor erh\u00f6hten Optimismus hin als auf eine Verschlechterung der Aussichten.<\/p>\n<h3><strong>Schweiz: Gesch\u00e4ftserwartungen auf breiter Front r\u00fcckl\u00e4ufig<\/strong><\/h3>\n<ul>\n<li><strong>Gesch\u00e4ftsoptimismus:<\/strong> Der R\u00fcckgang des Global Business Optimismus Index in der Schweiz ist leicht \u00fcber dem weltweiten Minus von 13 Prozent geblieben. In Deutschland (-23 Prozent), Kenia (-25 Prozent) sowie \u00c4gypten und Ungarn mit jeweils -23 Prozent ist der Indexwert am st\u00e4rksten eingebrochen. Die niedrigsten Verluste verzeichnen Polen (-1 Prozent), Schweden (-2 Prozent) und Australien (-3 Prozent).<\/li>\n<li><strong>Finanzielle Zuversicht:<\/strong> Der Global Business Financial Confidence Index ist um 17 Prozent auf 116 Punkte gefallen. Die Schweiz liegt damit bei einem der h\u00f6chsten R\u00fcckg\u00e4nge in Europa. Die st\u00e4rksten Verluste verzeichnen Ungarn (-27 Prozent), Deutschland (-24 Prozent) und Tschechien (-21 Prozent).<\/li>\n<li><strong>Investitionsbereitschaft:<\/strong> Der Global Business Investment Confidence Index ist um 9 Prozent auf 127 Punkte gefallen. Damit liegt er einen Punkt unter dem globalen Durchschnitt von 128 Punkten. Europaweit verzeichnet Polen (+4 Prozent) mit 134 Punkten den h\u00f6chsten, Deutschland (-17 Prozent) mit 110 Punkten den niedrigsten Wert.<\/li>\n<li><strong>Lieferkettenstabilit\u00e4t:<\/strong> Der Global Supply Chain Continuity Index ist um 15 Prozent auf 105 Punkte gefallen. In Europa verzeichnen Ungarn (-30 Prozent), die Niederlande (-29 Prozent) und Tschechien (-26 Prozent) die st\u00e4rksten R\u00fcckg\u00e4nge. Gr\u00fcnde daf\u00fcr sind hohe Frachtkosten, fehlende Container, geopolitische Konflikte und verz\u00f6gerte Zahlungen.<\/li>\n<li><strong>ESG-Fokus:<\/strong> Der Global Business ESG Index in der Schweiz verbesserte sich um 2 Prozent. Den weltweit h\u00f6chsten Anstieg verzeichnet Australien mit 26 Prozent, gefolgt von den Niederlanden (24 Prozent) und Italien (19 Prozent). Im Gegensatz dazu verzeichnet Deutschland mit -15 Prozent den st\u00e4rksten R\u00fcckgang.<\/li>\n<\/ul>\n<h3><strong>Globaler Ausblick: Risiken nehmen deutlich zu<\/strong><\/h3>\n<p>Arun Singh, Globaler Chef\u00f6konom bei Dun &amp; Bradstreet, erkl\u00e4rt:\u00a0 \u00abWeltweit starten Unternehmen verhalten ins erste Quartal 2025. Besonders die hohe Lieferantenkonzentration bereitet Sorgen &#8211; nur 51 Prozent der Firmen \u00e4ussern sich zuversichtlich, diese zu bew\u00e4ltigen. Im Vorquartal waren es noch 59 Prozent. Parallel dazu bleiben die Kapitalkosten trotz sinkender Zentralbankzinsen hoch \u2013 ein Warnsignal f\u00fcr steigende Kreditausfallrisiken. Die verhaltenen Umsatz- und Rentabilit\u00e4tserwartungen versch\u00e4rfen die Lage zus\u00e4tzlich.\u00bb<\/p>\n<p><em>Quelle: <a href=\"http:\/\/www.dnb.com\">www.dnb.com<\/a><\/em><\/p>\n","protected":false},"excerpt":{"rendered":"<p>Der Global Business Optimism Index ist in der Schweiz im ersten Quartal 2025 auf 121 Punkte gesunken (-14 Prozent). Der R\u00fcckgang liegt damit leicht \u00fcber dem weltweiten Minus von 13 Prozent (von 131 auf 114 Punkte). Zu diesem Ergebnis kommt der aktuelle Global Business Optimism Insights Report von Dun &#038; Bradstreet. F\u00fcr die Studie wurden 10\u2019000 Unternehmen aus 32 L\u00e4ndern und 17 Branchen zu ihren Gesch\u00e4ftserwartungen befragt.<\/p>\n","protected":false},"author":80,"featured_media":35618,"comment_status":"closed","ping_status":"closed","sticky":false,"template":"","format":"standard","meta":{"_acf_changed":false,"_yoast_wpseo_focuskw":"Business Optimism Index Schweiz","_yoast_wpseo_metadesc":"Der Business Optimism Index in der Schweiz f\u00e4llt um 14 %. Unternehmen sind bei Investitionen zur\u00fcckhaltend, Lieferketten bleiben unsicher.","articlekey":"","footnotes":""},"categories":[28],"tags":[5048,5049,412,424,492],"class_list":["post-35617","post","type-post","status-publish","format-standard","has-post-thumbnail","hentry","category-management","tag-geschaeftserwartungen","tag-global-business-optimism-inde","tag-report","tag-schweiz","tag-unternehmen"],"acf":[],"yoast_head":"<!-- This site is optimized with the Yoast SEO plugin v27.5 - https:\/\/yoast.com\/product\/yoast-seo-wordpress\/ -->\n<title>Schweizer Firmen weniger optimistisch - Organisator<\/title>\n<meta name=\"description\" content=\"Der Business Optimism Index in der Schweiz f\u00e4llt um 14 %. Unternehmen sind bei Investitionen zur\u00fcckhaltend, Lieferketten bleiben unsicher.\" \/>\n<meta name=\"robots\" content=\"index, follow, max-snippet:-1, max-image-preview:large, max-video-preview:-1\" \/>\n<link rel=\"canonical\" href=\"https:\/\/www.organisator.ch\/de\/management\/2025-01-29\/schweizer-firmen-weniger-optimistisch\/\" \/>\n<meta property=\"og:locale\" content=\"de_DE\" \/>\n<meta property=\"og:type\" content=\"article\" \/>\n<meta property=\"og:title\" content=\"Optimismus in der Schweiz sinkt\" \/>\n<meta property=\"og:description\" content=\"Gesch\u00e4ftserwartungen in der Schweiz sinken: Der Global Business Optimism Index f\u00e4llt um 14 %. Unternehmen zeigen sich zur\u00fcckhaltend bei Investitionen.\" \/>\n<meta property=\"og:url\" content=\"https:\/\/www.organisator.ch\/de\/management\/2025-01-29\/schweizer-firmen-weniger-optimistisch\/\" \/>\n<meta property=\"og:site_name\" content=\"Organisator\" \/>\n<meta property=\"article:publisher\" content=\"https:\/\/www.facebook.com\/OrganisatorFachmagazin\" \/>\n<meta property=\"article:published_time\" content=\"2025-01-29T12:12:32+00:00\" \/>\n<meta property=\"og:image\" content=\"https:\/\/www.organisator.ch\/wp-content\/uploads\/2025\/01\/Dun-Bradstreet_Bild1_ps.jpg\" \/>\n\t<meta property=\"og:image:width\" content=\"680\" \/>\n\t<meta property=\"og:image:height\" content=\"532\" \/>\n\t<meta property=\"og:image:type\" content=\"image\/jpeg\" \/>\n<meta name=\"author\" content=\"Dzana Muminovic\" \/>\n<meta name=\"twitter:card\" content=\"summary_large_image\" \/>\n<meta name=\"twitter:title\" content=\"Optimismus in der Schweiz sinkt\" \/>\n<meta name=\"twitter:description\" content=\"#Gesch\u00e4ftserwartungen in der #Schweiz sinken: Der #Global #Business #Optimism #Index f\u00e4llt um 14 %. #Unternehmen zeigen sich zur\u00fcckhaltend bei #Investitionen.\" \/>\n<meta name=\"twitter:image\" content=\"https:\/\/www.organisator.ch\/wp-content\/uploads\/2025\/01\/Dun-Bradstreet_Bild1_ps.jpg\" \/>\n<script type=\"application\/ld+json\" class=\"yoast-schema-graph\">{\"@context\":\"https:\\\/\\\/schema.org\",\"@graph\":[{\"@type\":\"Article\",\"@id\":\"https:\\\/\\\/www.organisator.ch\\\/management\\\/2025-01-29\\\/schweizer-firmen-weniger-optimistisch\\\/#article\",\"isPartOf\":{\"@id\":\"https:\\\/\\\/www.organisator.ch\\\/management\\\/2025-01-29\\\/schweizer-firmen-weniger-optimistisch\\\/\"},\"author\":{\"name\":\"Dzana Muminovic\",\"@id\":\"https:\\\/\\\/www.organisator.ch\\\/#\\\/schema\\\/person\\\/afccda3a71c06d4be2ed9100dd163db7\"},\"headline\":\"Schweizer Firmen weniger optimistisch\",\"datePublished\":\"2025-01-29T12:12:32+00:00\",\"mainEntityOfPage\":{\"@id\":\"https:\\\/\\\/www.organisator.ch\\\/management\\\/2025-01-29\\\/schweizer-firmen-weniger-optimistisch\\\/\"},\"wordCount\":462,\"publisher\":{\"@id\":\"https:\\\/\\\/www.organisator.ch\\\/#organization\"},\"image\":{\"@id\":\"https:\\\/\\\/www.organisator.ch\\\/management\\\/2025-01-29\\\/schweizer-firmen-weniger-optimistisch\\\/#primaryimage\"},\"thumbnailUrl\":\"https:\\\/\\\/www.organisator.ch\\\/wp-content\\\/uploads\\\/2025\\\/01\\\/Dun-Bradstreet_Bild1_ps.jpg\",\"keywords\":[\"Gesch\u00e4ftserwartungen\",\"Global Business Optimism Inde\",\"Report\",\"Schweiz\",\"Unternehmen\"],\"articleSection\":[\"MANAGEMENT\"],\"inLanguage\":\"de\"},{\"@type\":\"WebPage\",\"@id\":\"https:\\\/\\\/www.organisator.ch\\\/management\\\/2025-01-29\\\/schweizer-firmen-weniger-optimistisch\\\/\",\"url\":\"https:\\\/\\\/www.organisator.ch\\\/management\\\/2025-01-29\\\/schweizer-firmen-weniger-optimistisch\\\/\",\"name\":\"Schweizer Firmen weniger optimistisch - Organisator\",\"isPartOf\":{\"@id\":\"https:\\\/\\\/www.organisator.ch\\\/#website\"},\"primaryImageOfPage\":{\"@id\":\"https:\\\/\\\/www.organisator.ch\\\/management\\\/2025-01-29\\\/schweizer-firmen-weniger-optimistisch\\\/#primaryimage\"},\"image\":{\"@id\":\"https:\\\/\\\/www.organisator.ch\\\/management\\\/2025-01-29\\\/schweizer-firmen-weniger-optimistisch\\\/#primaryimage\"},\"thumbnailUrl\":\"https:\\\/\\\/www.organisator.ch\\\/wp-content\\\/uploads\\\/2025\\\/01\\\/Dun-Bradstreet_Bild1_ps.jpg\",\"datePublished\":\"2025-01-29T12:12:32+00:00\",\"description\":\"Der Business Optimism Index in der Schweiz f\u00e4llt um 14 %. Unternehmen sind bei Investitionen zur\u00fcckhaltend, Lieferketten bleiben unsicher.\",\"breadcrumb\":{\"@id\":\"https:\\\/\\\/www.organisator.ch\\\/management\\\/2025-01-29\\\/schweizer-firmen-weniger-optimistisch\\\/#breadcrumb\"},\"inLanguage\":\"de\",\"potentialAction\":[{\"@type\":\"ReadAction\",\"target\":[\"https:\\\/\\\/www.organisator.ch\\\/management\\\/2025-01-29\\\/schweizer-firmen-weniger-optimistisch\\\/\"]}]},{\"@type\":\"ImageObject\",\"inLanguage\":\"de\",\"@id\":\"https:\\\/\\\/www.organisator.ch\\\/management\\\/2025-01-29\\\/schweizer-firmen-weniger-optimistisch\\\/#primaryimage\",\"url\":\"https:\\\/\\\/www.organisator.ch\\\/wp-content\\\/uploads\\\/2025\\\/01\\\/Dun-Bradstreet_Bild1_ps.jpg\",\"contentUrl\":\"https:\\\/\\\/www.organisator.ch\\\/wp-content\\\/uploads\\\/2025\\\/01\\\/Dun-Bradstreet_Bild1_ps.jpg\",\"width\":680,\"height\":532,\"caption\":\"Gesch\u00e4ftserwartungen in der Schweiz sinken: Der Global Business Optimism Index f\u00e4llt um 14 %. Unternehmen zeigen sich zur\u00fcckhaltend bei Investitionen. (Bild: www.depositphotos.com)\"},{\"@type\":\"BreadcrumbList\",\"@id\":\"https:\\\/\\\/www.organisator.ch\\\/management\\\/2025-01-29\\\/schweizer-firmen-weniger-optimistisch\\\/#breadcrumb\",\"itemListElement\":[{\"@type\":\"ListItem\",\"position\":1,\"name\":\"Home\",\"item\":\"https:\\\/\\\/www.organisator.ch\\\/\"},{\"@type\":\"ListItem\",\"position\":2,\"name\":\"Schweizer Firmen weniger optimistisch\"}]},{\"@type\":\"WebSite\",\"@id\":\"https:\\\/\\\/www.organisator.ch\\\/#website\",\"url\":\"https:\\\/\\\/www.organisator.ch\\\/\",\"name\":\"Organisator\",\"description\":\"Kompetent. Praxisnah. Der ORGANISATOR bereitet in 10 Ausgaben pro Jahr die wesentlichen Themen f\u00fcr F\u00fchrungskr\u00e4fte von KMU auf.\",\"publisher\":{\"@id\":\"https:\\\/\\\/www.organisator.ch\\\/#organization\"},\"potentialAction\":[{\"@type\":\"SearchAction\",\"target\":{\"@type\":\"EntryPoint\",\"urlTemplate\":\"https:\\\/\\\/www.organisator.ch\\\/?s={search_term_string}\"},\"query-input\":{\"@type\":\"PropertyValueSpecification\",\"valueRequired\":true,\"valueName\":\"search_term_string\"}}],\"inLanguage\":\"de\"},{\"@type\":\"Organization\",\"@id\":\"https:\\\/\\\/www.organisator.ch\\\/#organization\",\"name\":\"Organisator\",\"url\":\"https:\\\/\\\/www.organisator.ch\\\/\",\"logo\":{\"@type\":\"ImageObject\",\"inLanguage\":\"de\",\"@id\":\"https:\\\/\\\/www.organisator.ch\\\/#\\\/schema\\\/logo\\\/image\\\/\",\"url\":\"https:\\\/\\\/www.organisator.ch\\\/wp-content\\\/uploads\\\/2022\\\/01\\\/Logo_Organisator_Website.png\",\"contentUrl\":\"https:\\\/\\\/www.organisator.ch\\\/wp-content\\\/uploads\\\/2022\\\/01\\\/Logo_Organisator_Website.png\",\"width\":800,\"height\":77,\"caption\":\"Organisator\"},\"image\":{\"@id\":\"https:\\\/\\\/www.organisator.ch\\\/#\\\/schema\\\/logo\\\/image\\\/\"},\"sameAs\":[\"https:\\\/\\\/www.facebook.com\\\/OrganisatorFachmagazin\",\"https:\\\/\\\/www.linkedin.com\\\/showcase\\\/organisator-das-magazin-fr-kmu\",\"https:\\\/\\\/www.xing.com\\\/news\\\/pages\\\/organisator-ch-695\",\"https:\\\/\\\/www.youtube.com\\\/channel\\\/UCGP2Sq0iWaZwT3BdIAQFYpw\"]},{\"@type\":\"Person\",\"@id\":\"https:\\\/\\\/www.organisator.ch\\\/#\\\/schema\\\/person\\\/afccda3a71c06d4be2ed9100dd163db7\",\"name\":\"Dzana Muminovic\",\"image\":{\"@type\":\"ImageObject\",\"inLanguage\":\"de\",\"@id\":\"https:\\\/\\\/secure.gravatar.com\\\/avatar\\\/909c5c71aff4b38e88686f2ab2f1ba152571f394f41ed8bae431ea56ced93050?s=96&d=mm&r=g\",\"url\":\"https:\\\/\\\/secure.gravatar.com\\\/avatar\\\/909c5c71aff4b38e88686f2ab2f1ba152571f394f41ed8bae431ea56ced93050?s=96&d=mm&r=g\",\"contentUrl\":\"https:\\\/\\\/secure.gravatar.com\\\/avatar\\\/909c5c71aff4b38e88686f2ab2f1ba152571f394f41ed8bae431ea56ced93050?s=96&d=mm&r=g\",\"caption\":\"Dzana Muminovic\"},\"url\":\"https:\\\/\\\/www.organisator.ch\\\/de\\\/author\\\/dzana-muminovic\\\/\"}]}<\/script>\n<!-- \/ Yoast SEO plugin. -->","yoast_head_json":{"title":"Schweizer Firmen weniger optimistisch - Organisator","description":"Der Business Optimism Index in der Schweiz f\u00e4llt um 14 %. Unternehmen sind bei Investitionen zur\u00fcckhaltend, Lieferketten bleiben unsicher.","robots":{"index":"index","follow":"follow","max-snippet":"max-snippet:-1","max-image-preview":"max-image-preview:large","max-video-preview":"max-video-preview:-1"},"canonical":"https:\/\/www.organisator.ch\/de\/management\/2025-01-29\/schweizer-firmen-weniger-optimistisch\/","og_locale":"de_DE","og_type":"article","og_title":"Optimismus in der Schweiz sinkt","og_description":"Gesch\u00e4ftserwartungen in der Schweiz sinken: Der Global Business Optimism Index f\u00e4llt um 14 %. Unternehmen zeigen sich zur\u00fcckhaltend bei Investitionen.","og_url":"https:\/\/www.organisator.ch\/de\/management\/2025-01-29\/schweizer-firmen-weniger-optimistisch\/","og_site_name":"Organisator","article_publisher":"https:\/\/www.facebook.com\/OrganisatorFachmagazin","article_published_time":"2025-01-29T12:12:32+00:00","og_image":[{"width":680,"height":532,"url":"https:\/\/www.organisator.ch\/wp-content\/uploads\/2025\/01\/Dun-Bradstreet_Bild1_ps.jpg","type":"image\/jpeg"}],"author":"Dzana Muminovic","twitter_card":"summary_large_image","twitter_title":"Optimismus in der Schweiz sinkt","twitter_description":"#Gesch\u00e4ftserwartungen in der #Schweiz sinken: Der #Global #Business #Optimism #Index f\u00e4llt um 14 %. #Unternehmen zeigen sich zur\u00fcckhaltend bei #Investitionen.","twitter_image":"https:\/\/www.organisator.ch\/wp-content\/uploads\/2025\/01\/Dun-Bradstreet_Bild1_ps.jpg","schema":{"@context":"https:\/\/schema.org","@graph":[{"@type":"Article","@id":"https:\/\/www.organisator.ch\/management\/2025-01-29\/schweizer-firmen-weniger-optimistisch\/#article","isPartOf":{"@id":"https:\/\/www.organisator.ch\/management\/2025-01-29\/schweizer-firmen-weniger-optimistisch\/"},"author":{"name":"Dzana Muminovic","@id":"https:\/\/www.organisator.ch\/#\/schema\/person\/afccda3a71c06d4be2ed9100dd163db7"},"headline":"Schweizer Firmen weniger optimistisch","datePublished":"2025-01-29T12:12:32+00:00","mainEntityOfPage":{"@id":"https:\/\/www.organisator.ch\/management\/2025-01-29\/schweizer-firmen-weniger-optimistisch\/"},"wordCount":462,"publisher":{"@id":"https:\/\/www.organisator.ch\/#organization"},"image":{"@id":"https:\/\/www.organisator.ch\/management\/2025-01-29\/schweizer-firmen-weniger-optimistisch\/#primaryimage"},"thumbnailUrl":"https:\/\/www.organisator.ch\/wp-content\/uploads\/2025\/01\/Dun-Bradstreet_Bild1_ps.jpg","keywords":["Gesch\u00e4ftserwartungen","Global Business Optimism Inde","Report","Schweiz","Unternehmen"],"articleSection":["MANAGEMENT"],"inLanguage":"de"},{"@type":"WebPage","@id":"https:\/\/www.organisator.ch\/management\/2025-01-29\/schweizer-firmen-weniger-optimistisch\/","url":"https:\/\/www.organisator.ch\/management\/2025-01-29\/schweizer-firmen-weniger-optimistisch\/","name":"Schweizer Firmen weniger optimistisch - Organisator","isPartOf":{"@id":"https:\/\/www.organisator.ch\/#website"},"primaryImageOfPage":{"@id":"https:\/\/www.organisator.ch\/management\/2025-01-29\/schweizer-firmen-weniger-optimistisch\/#primaryimage"},"image":{"@id":"https:\/\/www.organisator.ch\/management\/2025-01-29\/schweizer-firmen-weniger-optimistisch\/#primaryimage"},"thumbnailUrl":"https:\/\/www.organisator.ch\/wp-content\/uploads\/2025\/01\/Dun-Bradstreet_Bild1_ps.jpg","datePublished":"2025-01-29T12:12:32+00:00","description":"Der Business Optimism Index in der Schweiz f\u00e4llt um 14 %. Unternehmen sind bei Investitionen zur\u00fcckhaltend, Lieferketten bleiben unsicher.","breadcrumb":{"@id":"https:\/\/www.organisator.ch\/management\/2025-01-29\/schweizer-firmen-weniger-optimistisch\/#breadcrumb"},"inLanguage":"de","potentialAction":[{"@type":"ReadAction","target":["https:\/\/www.organisator.ch\/management\/2025-01-29\/schweizer-firmen-weniger-optimistisch\/"]}]},{"@type":"ImageObject","inLanguage":"de","@id":"https:\/\/www.organisator.ch\/management\/2025-01-29\/schweizer-firmen-weniger-optimistisch\/#primaryimage","url":"https:\/\/www.organisator.ch\/wp-content\/uploads\/2025\/01\/Dun-Bradstreet_Bild1_ps.jpg","contentUrl":"https:\/\/www.organisator.ch\/wp-content\/uploads\/2025\/01\/Dun-Bradstreet_Bild1_ps.jpg","width":680,"height":532,"caption":"Gesch\u00e4ftserwartungen in der Schweiz sinken: Der Global Business Optimism Index f\u00e4llt um 14 %. Unternehmen zeigen sich zur\u00fcckhaltend bei Investitionen. (Bild: www.depositphotos.com)"},{"@type":"BreadcrumbList","@id":"https:\/\/www.organisator.ch\/management\/2025-01-29\/schweizer-firmen-weniger-optimistisch\/#breadcrumb","itemListElement":[{"@type":"ListItem","position":1,"name":"Home","item":"https:\/\/www.organisator.ch\/"},{"@type":"ListItem","position":2,"name":"Schweizer Firmen weniger optimistisch"}]},{"@type":"WebSite","@id":"https:\/\/www.organisator.ch\/#website","url":"https:\/\/www.organisator.ch\/","name":"Organisator","description":"Kompetent. Praxisnah. Der ORGANISATOR bereitet in 10 Ausgaben pro Jahr die wesentlichen Themen f\u00fcr F\u00fchrungskr\u00e4fte von KMU auf.","publisher":{"@id":"https:\/\/www.organisator.ch\/#organization"},"potentialAction":[{"@type":"SearchAction","target":{"@type":"EntryPoint","urlTemplate":"https:\/\/www.organisator.ch\/?s={search_term_string}"},"query-input":{"@type":"PropertyValueSpecification","valueRequired":true,"valueName":"search_term_string"}}],"inLanguage":"de"},{"@type":"Organization","@id":"https:\/\/www.organisator.ch\/#organization","name":"Organisator","url":"https:\/\/www.organisator.ch\/","logo":{"@type":"ImageObject","inLanguage":"de","@id":"https:\/\/www.organisator.ch\/#\/schema\/logo\/image\/","url":"https:\/\/www.organisator.ch\/wp-content\/uploads\/2022\/01\/Logo_Organisator_Website.png","contentUrl":"https:\/\/www.organisator.ch\/wp-content\/uploads\/2022\/01\/Logo_Organisator_Website.png","width":800,"height":77,"caption":"Organisator"},"image":{"@id":"https:\/\/www.organisator.ch\/#\/schema\/logo\/image\/"},"sameAs":["https:\/\/www.facebook.com\/OrganisatorFachmagazin","https:\/\/www.linkedin.com\/showcase\/organisator-das-magazin-fr-kmu","https:\/\/www.xing.com\/news\/pages\/organisator-ch-695","https:\/\/www.youtube.com\/channel\/UCGP2Sq0iWaZwT3BdIAQFYpw"]},{"@type":"Person","@id":"https:\/\/www.organisator.ch\/#\/schema\/person\/afccda3a71c06d4be2ed9100dd163db7","name":"Dzana Muminovic","image":{"@type":"ImageObject","inLanguage":"de","@id":"https:\/\/secure.gravatar.com\/avatar\/909c5c71aff4b38e88686f2ab2f1ba152571f394f41ed8bae431ea56ced93050?s=96&d=mm&r=g","url":"https:\/\/secure.gravatar.com\/avatar\/909c5c71aff4b38e88686f2ab2f1ba152571f394f41ed8bae431ea56ced93050?s=96&d=mm&r=g","contentUrl":"https:\/\/secure.gravatar.com\/avatar\/909c5c71aff4b38e88686f2ab2f1ba152571f394f41ed8bae431ea56ced93050?s=96&d=mm&r=g","caption":"Dzana Muminovic"},"url":"https:\/\/www.organisator.ch\/de\/author\/dzana-muminovic\/"}]}},"_links":{"self":[{"href":"https:\/\/www.organisator.ch\/de\/wp-json\/wp\/v2\/posts\/35617","targetHints":{"allow":["GET"]}}],"collection":[{"href":"https:\/\/www.organisator.ch\/de\/wp-json\/wp\/v2\/posts"}],"about":[{"href":"https:\/\/www.organisator.ch\/de\/wp-json\/wp\/v2\/types\/post"}],"author":[{"embeddable":true,"href":"https:\/\/www.organisator.ch\/de\/wp-json\/wp\/v2\/users\/80"}],"replies":[{"embeddable":true,"href":"https:\/\/www.organisator.ch\/de\/wp-json\/wp\/v2\/comments?post=35617"}],"version-history":[{"count":4,"href":"https:\/\/www.organisator.ch\/de\/wp-json\/wp\/v2\/posts\/35617\/revisions"}],"predecessor-version":[{"id":35685,"href":"https:\/\/www.organisator.ch\/de\/wp-json\/wp\/v2\/posts\/35617\/revisions\/35685"}],"wp:featuredmedia":[{"embeddable":true,"href":"https:\/\/www.organisator.ch\/de\/wp-json\/wp\/v2\/media\/35618"}],"wp:attachment":[{"href":"https:\/\/www.organisator.ch\/de\/wp-json\/wp\/v2\/media?parent=35617"}],"wp:term":[{"taxonomy":"category","embeddable":true,"href":"https:\/\/www.organisator.ch\/de\/wp-json\/wp\/v2\/categories?post=35617"},{"taxonomy":"post_tag","embeddable":true,"href":"https:\/\/www.organisator.ch\/de\/wp-json\/wp\/v2\/tags?post=35617"}],"curies":[{"name":"wp","href":"https:\/\/api.w.org\/{rel}","templated":true}]}}