{"id":35653,"date":"2025-01-30T13:00:05","date_gmt":"2025-01-30T12:00:05","guid":{"rendered":"https:\/\/www.organisator.ch\/?p=35653"},"modified":"2025-01-30T11:32:17","modified_gmt":"2025-01-30T10:32:17","slug":"schweizer-kmu-exporte-2025-vorsichtiger-optimismus-trotz-globaler-unsicherheiten","status":"publish","type":"post","link":"https:\/\/www.organisator.ch\/de\/management\/2025-01-30\/schweizer-kmu-exporte-2025-vorsichtiger-optimismus-trotz-globaler-unsicherheiten\/","title":{"rendered":"Schweizer KMU-Exporte 2025: Vorsichtiger Optimismus trotz globaler Unsicherheiten"},"content":{"rendered":"<figure id=\"attachment_35654\" aria-describedby=\"caption-attachment-35654\" style=\"width: 680px\" class=\"wp-caption alignnone\"><img loading=\"lazy\" decoding=\"async\" class=\"size-full wp-image-35654\" src=\"https:\/\/www.organisator.ch\/wp-content\/uploads\/2025\/01\/KMU-Exporte_Bild1_ps.jpg\" alt=\"\" width=\"680\" height=\"310\" srcset=\"https:\/\/www.organisator.ch\/wp-content\/uploads\/2025\/01\/KMU-Exporte_Bild1_ps.jpg 680w, https:\/\/www.organisator.ch\/wp-content\/uploads\/2025\/01\/KMU-Exporte_Bild1_ps-18x8.jpg 18w, https:\/\/www.organisator.ch\/wp-content\/uploads\/2025\/01\/KMU-Exporte_Bild1_ps-375x171.jpg 375w\" sizes=\"auto, (max-width: 680px) 100vw, 680px\" \/><figcaption id=\"caption-attachment-35654\" class=\"wp-caption-text\">Schweizer KMU-Exporte 2025: Vorsichtiger Optimismus trotz globaler Unsicherheiten (Foto Christian Flierl)<\/figcaption><\/figure>\n<p>Die Schweizer KMU blicken verhalten optimistisch in die Zukunft. Die Exportstimmung, die von Switzerland Global Enterprise in einer halbj\u00e4hrlichen Umfrage unter den exportorientieren Schweizer KMU ermittelt wird, ist im letzten Halbjahr zwar minimal von 62.8 auf 57.1 Punkte abgesunken, liegt damit aber weiterhin deutlich \u00fcber der Wachstumsschwelle von 50 Punkten. Nach einer Phase der grossen Zuversicht, die auf den kurzen, aber heftigen pandemiebedingten Einbruch gefolgt war, pendelt sich der Stimmungswert seit zweieinhalb Jahren rund um die 60-Punkte-Marke ein.<\/p>\n<h3><strong>Erwartete Exportsteigerung im Verlauf des Jahres<\/strong><\/h3>\n<p>F\u00fcr das kommende Halbjahr rechnet knapp jedes zweite befragte Unternehmen (48%) mit einem Exportwachstum, jedes dritte (33%) mit einer Stagnierung und 19% mit einem R\u00fcckgang. F\u00fcr das Gesamtjahr 2025 beurteilen die KMU die Wachstumschancen noch etwas h\u00f6her: 59% rechnen mit einem Wachstum, nur 11% mit einem R\u00fcckgang. Jedes sechste Unternehmen geht von einem Wachstum von \u00fcber 10% aus.<\/p>\n<h3><strong>W\u00e4hrungsrisiken als weitaus gr\u00f6sste Sorge <\/strong><\/h3>\n<p>Zu den wachstumshemmenden Faktoren d\u00fcrften im n\u00e4chsten Halbjahr vor allem die W\u00e4hrungsrisiken z\u00e4hlen, die aktuell 56% der Firmen besch\u00e4ftigen. Auf Rang 2 folgt neu das Verh\u00e4ltnis zur EU, das mit dem Abschluss der bilateralen Vertragsverhandlungen wieder st\u00e4rkere Beachtung findet (40%).<\/p>\n<p>Des Weiteren bereiten Handelsh\u00fcrden und Protektionismus (36%), Spannungen zwischen den USA und China (34%) sowie der Konflikt zwischen Russland und der Ukraine (33%) die gr\u00f6ssten Sorgen. Damit zeigt sich, dass die weltweit herrschende Ungewissheit \u00fcber die Folgen des Pr\u00e4sidentenwechsels in den USA auch vor der Schweiz nicht Halt macht. Erfreulich ist, dass sich \u00fcber die H\u00e4lfte der Firmen als flexibel genug betrachtet, um auf entsprechende allf\u00e4llige politische und wirtschaftliche Ver\u00e4nderungen reagieren zu k\u00f6nnen.<\/p>\n<p>Demgegen\u00fcber verlieren die Energie- und Rohstoffpreise, der Fachkr\u00e4ftemangel und die Inflation deutlich an Bedeutung.<\/p>\n<h3><strong>Europa wird f\u00fcr die Schweiz noch wichtiger <\/strong><\/h3>\n<p>Deutschland bleibt das wichtigste Exportziel, in das 81% der KMU in den n\u00e4chsten sechs Monaten Waren liefern wollen. Es folgen die anderen Nachbarl\u00e4nder Frankreich, Italien und \u00d6sterreich sowie die USA mit jeweils zwischen 55% und 60%. Gleichzeitig legen auf den weiteren R\u00e4ngen einige europ\u00e4ische Absatzm\u00e4rkte deutlich zu, womit die Dominanz Europas weiter zunimmt. Die USA und China sind die einzigen nicht-europ\u00e4ischen M\u00e4rkte unter den Top 12. Zu den am st\u00e4rksten aufstrebenden aussereurop\u00e4ischen M\u00e4rkten geh\u00f6ren Indien, Japan und die ASEAN-Staaten.<\/p>\n<h3><strong>Indien liegt im Trend<\/strong><\/h3>\n<p>Angesichts dieser globalen Unsicherheiten wollen satte 41% der befragten Unternehmen in den n\u00e4chsten Monaten nicht in neuen L\u00e4ndern aktiv werden. Firmen, die dennoch expandieren wollen, haben vermehrt Indien im Blick: Neu ist der Subkontinent der aktuell weltweit wichtigste neue Markt f\u00fcr die Schweiz, was zu guten Teilen auf das ausgehandelte Freihandelsabkommen zur\u00fcckzuf\u00fchren sein d\u00fcrfte. Hinter Indien folgen die USA und die Golfstaaten.<\/p>\n<p><em><a href=\"https:\/\/www.s-ge.com\/de\/article\/medienmitteilungen\/exportstimmung\">Weitere Informationen<\/a><\/em><\/p>\n","protected":false},"excerpt":{"rendered":"<p>Die Exportstimmung unter den Schweizer KMU liegt nach wie vor \u00fcber der Wachstumsschwelle und zeigt sich damit weiterhin \u00abvorsichtig optimistisch\u00bb. Am meisten besch\u00e4ftigen derzeit die W\u00e4hrungsrisiken, das zu kl\u00e4rende Verh\u00e4ltnis zur EU sowie die ungewissen Auswirkungen des Pr\u00e4sidentenwechsels in den USA. In dieser Phase wird das f\u00fcr die Exportwirtschaft ohnehin erfolgsentscheidende Europa noch wichtiger, w\u00e4hrend die Erschliessung neuer M\u00e4rkte eine eher untergeordnete Rolle spielt.<\/p>\n","protected":false},"author":80,"featured_media":35654,"comment_status":"closed","ping_status":"closed","sticky":false,"template":"","format":"standard","meta":{"_acf_changed":false,"_yoast_wpseo_focuskw":"Exportstimmung Schweizer KMU 2025","_yoast_wpseo_metadesc":"Schweizer KMU blicken trotz globaler Unsicherheiten vorsichtig optimistisch in die Zukunft. Europa bleibt dabei der Schl\u00fcsselmarkt.","articlekey":"","footnotes":""},"categories":[28],"tags":[1138,189,301,424,5051,2643],"class_list":["post-35653","post","type-post","status-publish","format-standard","has-post-thumbnail","hentry","category-management","tag-europa","tag-export","tag-kmu","tag-schweiz","tag-unsicherheit","tag-wachstum"],"acf":[],"yoast_head":"<!-- This site is optimized with the Yoast SEO plugin v27.5 - https:\/\/yoast.com\/product\/yoast-seo-wordpress\/ -->\n<title>Schweizer KMU-Exporte 2025: Vorsichtiger Optimismus trotz globaler Unsicherheiten - Organisator<\/title>\n<meta name=\"description\" content=\"Schweizer KMU blicken trotz globaler Unsicherheiten vorsichtig optimistisch in die Zukunft. Europa bleibt dabei der Schl\u00fcsselmarkt.\" \/>\n<meta name=\"robots\" content=\"index, follow, max-snippet:-1, max-image-preview:large, max-video-preview:-1\" \/>\n<link rel=\"canonical\" href=\"https:\/\/www.organisator.ch\/de\/management\/2025-01-30\/schweizer-kmu-exporte-2025-vorsichtiger-optimismus-trotz-globaler-unsicherheiten\/\" \/>\n<meta property=\"og:locale\" content=\"de_DE\" \/>\n<meta property=\"og:type\" content=\"article\" \/>\n<meta property=\"og:title\" content=\"Schweizer KMU-Exporte 2025\" \/>\n<meta property=\"og:description\" content=\"Schweizer KMU blicken trotz globaler Unsicherheiten vorsichtig optimistisch in die Zukunft. Europa bleibt dabei der Schl\u00fcsselmarkt.\" \/>\n<meta property=\"og:url\" content=\"https:\/\/www.organisator.ch\/de\/management\/2025-01-30\/schweizer-kmu-exporte-2025-vorsichtiger-optimismus-trotz-globaler-unsicherheiten\/\" \/>\n<meta property=\"og:site_name\" content=\"Organisator\" \/>\n<meta property=\"article:publisher\" content=\"https:\/\/www.facebook.com\/OrganisatorFachmagazin\" \/>\n<meta property=\"article:published_time\" content=\"2025-01-30T12:00:05+00:00\" \/>\n<meta property=\"og:image\" content=\"https:\/\/www.organisator.ch\/wp-content\/uploads\/2025\/01\/KMU-Exporte_Bild1_ps.jpg\" \/>\n\t<meta property=\"og:image:width\" content=\"680\" \/>\n\t<meta property=\"og:image:height\" content=\"310\" \/>\n\t<meta property=\"og:image:type\" content=\"image\/jpeg\" \/>\n<meta name=\"author\" content=\"Dzana Muminovic\" \/>\n<meta name=\"twitter:card\" content=\"summary_large_image\" \/>\n<meta name=\"twitter:title\" content=\"Schweizer KMU-Exporte 2025\" \/>\n<meta name=\"twitter:description\" content=\"#Schweizer #KMU blicken trotz globaler #Unsicherheiten vorsichtig optimistisch in die #Zukunft. #Europa bleibt dabei der #Schl\u00fcsselmarkt.\" \/>\n<meta name=\"twitter:image\" content=\"https:\/\/www.organisator.ch\/wp-content\/uploads\/2025\/01\/KMU-Exporte_Bild1_ps.jpg\" \/>\n<script type=\"application\/ld+json\" class=\"yoast-schema-graph\">{\"@context\":\"https:\\\/\\\/schema.org\",\"@graph\":[{\"@type\":\"Article\",\"@id\":\"https:\\\/\\\/www.organisator.ch\\\/management\\\/2025-01-30\\\/schweizer-kmu-exporte-2025-vorsichtiger-optimismus-trotz-globaler-unsicherheiten\\\/#article\",\"isPartOf\":{\"@id\":\"https:\\\/\\\/www.organisator.ch\\\/management\\\/2025-01-30\\\/schweizer-kmu-exporte-2025-vorsichtiger-optimismus-trotz-globaler-unsicherheiten\\\/\"},\"author\":{\"name\":\"Dzana Muminovic\",\"@id\":\"https:\\\/\\\/www.organisator.ch\\\/#\\\/schema\\\/person\\\/afccda3a71c06d4be2ed9100dd163db7\"},\"headline\":\"Schweizer KMU-Exporte 2025: Vorsichtiger Optimismus trotz globaler Unsicherheiten\",\"datePublished\":\"2025-01-30T12:00:05+00:00\",\"mainEntityOfPage\":{\"@id\":\"https:\\\/\\\/www.organisator.ch\\\/management\\\/2025-01-30\\\/schweizer-kmu-exporte-2025-vorsichtiger-optimismus-trotz-globaler-unsicherheiten\\\/\"},\"wordCount\":473,\"publisher\":{\"@id\":\"https:\\\/\\\/www.organisator.ch\\\/#organization\"},\"image\":{\"@id\":\"https:\\\/\\\/www.organisator.ch\\\/management\\\/2025-01-30\\\/schweizer-kmu-exporte-2025-vorsichtiger-optimismus-trotz-globaler-unsicherheiten\\\/#primaryimage\"},\"thumbnailUrl\":\"https:\\\/\\\/www.organisator.ch\\\/wp-content\\\/uploads\\\/2025\\\/01\\\/KMU-Exporte_Bild1_ps.jpg\",\"keywords\":[\"Europa\",\"Export\",\"KMU\",\"Schweiz\",\"Unsicherheit\",\"Wachstum\"],\"articleSection\":[\"MANAGEMENT\"],\"inLanguage\":\"de\"},{\"@type\":\"WebPage\",\"@id\":\"https:\\\/\\\/www.organisator.ch\\\/management\\\/2025-01-30\\\/schweizer-kmu-exporte-2025-vorsichtiger-optimismus-trotz-globaler-unsicherheiten\\\/\",\"url\":\"https:\\\/\\\/www.organisator.ch\\\/management\\\/2025-01-30\\\/schweizer-kmu-exporte-2025-vorsichtiger-optimismus-trotz-globaler-unsicherheiten\\\/\",\"name\":\"Schweizer KMU-Exporte 2025: Vorsichtiger Optimismus trotz globaler Unsicherheiten - Organisator\",\"isPartOf\":{\"@id\":\"https:\\\/\\\/www.organisator.ch\\\/#website\"},\"primaryImageOfPage\":{\"@id\":\"https:\\\/\\\/www.organisator.ch\\\/management\\\/2025-01-30\\\/schweizer-kmu-exporte-2025-vorsichtiger-optimismus-trotz-globaler-unsicherheiten\\\/#primaryimage\"},\"image\":{\"@id\":\"https:\\\/\\\/www.organisator.ch\\\/management\\\/2025-01-30\\\/schweizer-kmu-exporte-2025-vorsichtiger-optimismus-trotz-globaler-unsicherheiten\\\/#primaryimage\"},\"thumbnailUrl\":\"https:\\\/\\\/www.organisator.ch\\\/wp-content\\\/uploads\\\/2025\\\/01\\\/KMU-Exporte_Bild1_ps.jpg\",\"datePublished\":\"2025-01-30T12:00:05+00:00\",\"description\":\"Schweizer KMU blicken trotz globaler Unsicherheiten vorsichtig optimistisch in die Zukunft. Europa bleibt dabei der Schl\u00fcsselmarkt.\",\"breadcrumb\":{\"@id\":\"https:\\\/\\\/www.organisator.ch\\\/management\\\/2025-01-30\\\/schweizer-kmu-exporte-2025-vorsichtiger-optimismus-trotz-globaler-unsicherheiten\\\/#breadcrumb\"},\"inLanguage\":\"de\",\"potentialAction\":[{\"@type\":\"ReadAction\",\"target\":[\"https:\\\/\\\/www.organisator.ch\\\/management\\\/2025-01-30\\\/schweizer-kmu-exporte-2025-vorsichtiger-optimismus-trotz-globaler-unsicherheiten\\\/\"]}]},{\"@type\":\"ImageObject\",\"inLanguage\":\"de\",\"@id\":\"https:\\\/\\\/www.organisator.ch\\\/management\\\/2025-01-30\\\/schweizer-kmu-exporte-2025-vorsichtiger-optimismus-trotz-globaler-unsicherheiten\\\/#primaryimage\",\"url\":\"https:\\\/\\\/www.organisator.ch\\\/wp-content\\\/uploads\\\/2025\\\/01\\\/KMU-Exporte_Bild1_ps.jpg\",\"contentUrl\":\"https:\\\/\\\/www.organisator.ch\\\/wp-content\\\/uploads\\\/2025\\\/01\\\/KMU-Exporte_Bild1_ps.jpg\",\"width\":680,\"height\":310,\"caption\":\"Schweizer KMU-Exporte 2025: Vorsichtiger Optimismus trotz globaler Unsicherheiten (Foto Christian Flierl)\"},{\"@type\":\"BreadcrumbList\",\"@id\":\"https:\\\/\\\/www.organisator.ch\\\/management\\\/2025-01-30\\\/schweizer-kmu-exporte-2025-vorsichtiger-optimismus-trotz-globaler-unsicherheiten\\\/#breadcrumb\",\"itemListElement\":[{\"@type\":\"ListItem\",\"position\":1,\"name\":\"Home\",\"item\":\"https:\\\/\\\/www.organisator.ch\\\/\"},{\"@type\":\"ListItem\",\"position\":2,\"name\":\"Schweizer KMU-Exporte 2025: Vorsichtiger Optimismus trotz globaler Unsicherheiten\"}]},{\"@type\":\"WebSite\",\"@id\":\"https:\\\/\\\/www.organisator.ch\\\/#website\",\"url\":\"https:\\\/\\\/www.organisator.ch\\\/\",\"name\":\"Organisator\",\"description\":\"Kompetent. Praxisnah. Der ORGANISATOR bereitet in 10 Ausgaben pro Jahr die wesentlichen Themen f\u00fcr F\u00fchrungskr\u00e4fte von KMU auf.\",\"publisher\":{\"@id\":\"https:\\\/\\\/www.organisator.ch\\\/#organization\"},\"potentialAction\":[{\"@type\":\"SearchAction\",\"target\":{\"@type\":\"EntryPoint\",\"urlTemplate\":\"https:\\\/\\\/www.organisator.ch\\\/?s={search_term_string}\"},\"query-input\":{\"@type\":\"PropertyValueSpecification\",\"valueRequired\":true,\"valueName\":\"search_term_string\"}}],\"inLanguage\":\"de\"},{\"@type\":\"Organization\",\"@id\":\"https:\\\/\\\/www.organisator.ch\\\/#organization\",\"name\":\"Organisator\",\"url\":\"https:\\\/\\\/www.organisator.ch\\\/\",\"logo\":{\"@type\":\"ImageObject\",\"inLanguage\":\"de\",\"@id\":\"https:\\\/\\\/www.organisator.ch\\\/#\\\/schema\\\/logo\\\/image\\\/\",\"url\":\"https:\\\/\\\/www.organisator.ch\\\/wp-content\\\/uploads\\\/2022\\\/01\\\/Logo_Organisator_Website.png\",\"contentUrl\":\"https:\\\/\\\/www.organisator.ch\\\/wp-content\\\/uploads\\\/2022\\\/01\\\/Logo_Organisator_Website.png\",\"width\":800,\"height\":77,\"caption\":\"Organisator\"},\"image\":{\"@id\":\"https:\\\/\\\/www.organisator.ch\\\/#\\\/schema\\\/logo\\\/image\\\/\"},\"sameAs\":[\"https:\\\/\\\/www.facebook.com\\\/OrganisatorFachmagazin\",\"https:\\\/\\\/www.linkedin.com\\\/showcase\\\/organisator-das-magazin-fr-kmu\",\"https:\\\/\\\/www.xing.com\\\/news\\\/pages\\\/organisator-ch-695\",\"https:\\\/\\\/www.youtube.com\\\/channel\\\/UCGP2Sq0iWaZwT3BdIAQFYpw\"]},{\"@type\":\"Person\",\"@id\":\"https:\\\/\\\/www.organisator.ch\\\/#\\\/schema\\\/person\\\/afccda3a71c06d4be2ed9100dd163db7\",\"name\":\"Dzana Muminovic\",\"image\":{\"@type\":\"ImageObject\",\"inLanguage\":\"de\",\"@id\":\"https:\\\/\\\/secure.gravatar.com\\\/avatar\\\/909c5c71aff4b38e88686f2ab2f1ba152571f394f41ed8bae431ea56ced93050?s=96&d=mm&r=g\",\"url\":\"https:\\\/\\\/secure.gravatar.com\\\/avatar\\\/909c5c71aff4b38e88686f2ab2f1ba152571f394f41ed8bae431ea56ced93050?s=96&d=mm&r=g\",\"contentUrl\":\"https:\\\/\\\/secure.gravatar.com\\\/avatar\\\/909c5c71aff4b38e88686f2ab2f1ba152571f394f41ed8bae431ea56ced93050?s=96&d=mm&r=g\",\"caption\":\"Dzana Muminovic\"},\"url\":\"https:\\\/\\\/www.organisator.ch\\\/de\\\/author\\\/dzana-muminovic\\\/\"}]}<\/script>\n<!-- \/ Yoast SEO plugin. -->","yoast_head_json":{"title":"Schweizer KMU-Exporte 2025: Vorsichtiger Optimismus trotz globaler Unsicherheiten - Organisator","description":"Schweizer KMU blicken trotz globaler Unsicherheiten vorsichtig optimistisch in die Zukunft. Europa bleibt dabei der Schl\u00fcsselmarkt.","robots":{"index":"index","follow":"follow","max-snippet":"max-snippet:-1","max-image-preview":"max-image-preview:large","max-video-preview":"max-video-preview:-1"},"canonical":"https:\/\/www.organisator.ch\/de\/management\/2025-01-30\/schweizer-kmu-exporte-2025-vorsichtiger-optimismus-trotz-globaler-unsicherheiten\/","og_locale":"de_DE","og_type":"article","og_title":"Schweizer KMU-Exporte 2025","og_description":"Schweizer KMU blicken trotz globaler Unsicherheiten vorsichtig optimistisch in die Zukunft. Europa bleibt dabei der Schl\u00fcsselmarkt.","og_url":"https:\/\/www.organisator.ch\/de\/management\/2025-01-30\/schweizer-kmu-exporte-2025-vorsichtiger-optimismus-trotz-globaler-unsicherheiten\/","og_site_name":"Organisator","article_publisher":"https:\/\/www.facebook.com\/OrganisatorFachmagazin","article_published_time":"2025-01-30T12:00:05+00:00","og_image":[{"width":680,"height":310,"url":"https:\/\/www.organisator.ch\/wp-content\/uploads\/2025\/01\/KMU-Exporte_Bild1_ps.jpg","type":"image\/jpeg"}],"author":"Dzana Muminovic","twitter_card":"summary_large_image","twitter_title":"Schweizer KMU-Exporte 2025","twitter_description":"#Schweizer #KMU blicken trotz globaler #Unsicherheiten vorsichtig optimistisch in die #Zukunft. #Europa bleibt dabei der #Schl\u00fcsselmarkt.","twitter_image":"https:\/\/www.organisator.ch\/wp-content\/uploads\/2025\/01\/KMU-Exporte_Bild1_ps.jpg","schema":{"@context":"https:\/\/schema.org","@graph":[{"@type":"Article","@id":"https:\/\/www.organisator.ch\/management\/2025-01-30\/schweizer-kmu-exporte-2025-vorsichtiger-optimismus-trotz-globaler-unsicherheiten\/#article","isPartOf":{"@id":"https:\/\/www.organisator.ch\/management\/2025-01-30\/schweizer-kmu-exporte-2025-vorsichtiger-optimismus-trotz-globaler-unsicherheiten\/"},"author":{"name":"Dzana Muminovic","@id":"https:\/\/www.organisator.ch\/#\/schema\/person\/afccda3a71c06d4be2ed9100dd163db7"},"headline":"Schweizer KMU-Exporte 2025: Vorsichtiger Optimismus trotz globaler Unsicherheiten","datePublished":"2025-01-30T12:00:05+00:00","mainEntityOfPage":{"@id":"https:\/\/www.organisator.ch\/management\/2025-01-30\/schweizer-kmu-exporte-2025-vorsichtiger-optimismus-trotz-globaler-unsicherheiten\/"},"wordCount":473,"publisher":{"@id":"https:\/\/www.organisator.ch\/#organization"},"image":{"@id":"https:\/\/www.organisator.ch\/management\/2025-01-30\/schweizer-kmu-exporte-2025-vorsichtiger-optimismus-trotz-globaler-unsicherheiten\/#primaryimage"},"thumbnailUrl":"https:\/\/www.organisator.ch\/wp-content\/uploads\/2025\/01\/KMU-Exporte_Bild1_ps.jpg","keywords":["Europa","Export","KMU","Schweiz","Unsicherheit","Wachstum"],"articleSection":["MANAGEMENT"],"inLanguage":"de"},{"@type":"WebPage","@id":"https:\/\/www.organisator.ch\/management\/2025-01-30\/schweizer-kmu-exporte-2025-vorsichtiger-optimismus-trotz-globaler-unsicherheiten\/","url":"https:\/\/www.organisator.ch\/management\/2025-01-30\/schweizer-kmu-exporte-2025-vorsichtiger-optimismus-trotz-globaler-unsicherheiten\/","name":"Schweizer KMU-Exporte 2025: Vorsichtiger Optimismus trotz globaler Unsicherheiten - Organisator","isPartOf":{"@id":"https:\/\/www.organisator.ch\/#website"},"primaryImageOfPage":{"@id":"https:\/\/www.organisator.ch\/management\/2025-01-30\/schweizer-kmu-exporte-2025-vorsichtiger-optimismus-trotz-globaler-unsicherheiten\/#primaryimage"},"image":{"@id":"https:\/\/www.organisator.ch\/management\/2025-01-30\/schweizer-kmu-exporte-2025-vorsichtiger-optimismus-trotz-globaler-unsicherheiten\/#primaryimage"},"thumbnailUrl":"https:\/\/www.organisator.ch\/wp-content\/uploads\/2025\/01\/KMU-Exporte_Bild1_ps.jpg","datePublished":"2025-01-30T12:00:05+00:00","description":"Schweizer KMU blicken trotz globaler Unsicherheiten vorsichtig optimistisch in die Zukunft. Europa bleibt dabei der Schl\u00fcsselmarkt.","breadcrumb":{"@id":"https:\/\/www.organisator.ch\/management\/2025-01-30\/schweizer-kmu-exporte-2025-vorsichtiger-optimismus-trotz-globaler-unsicherheiten\/#breadcrumb"},"inLanguage":"de","potentialAction":[{"@type":"ReadAction","target":["https:\/\/www.organisator.ch\/management\/2025-01-30\/schweizer-kmu-exporte-2025-vorsichtiger-optimismus-trotz-globaler-unsicherheiten\/"]}]},{"@type":"ImageObject","inLanguage":"de","@id":"https:\/\/www.organisator.ch\/management\/2025-01-30\/schweizer-kmu-exporte-2025-vorsichtiger-optimismus-trotz-globaler-unsicherheiten\/#primaryimage","url":"https:\/\/www.organisator.ch\/wp-content\/uploads\/2025\/01\/KMU-Exporte_Bild1_ps.jpg","contentUrl":"https:\/\/www.organisator.ch\/wp-content\/uploads\/2025\/01\/KMU-Exporte_Bild1_ps.jpg","width":680,"height":310,"caption":"Schweizer KMU-Exporte 2025: Vorsichtiger Optimismus trotz globaler Unsicherheiten (Foto Christian Flierl)"},{"@type":"BreadcrumbList","@id":"https:\/\/www.organisator.ch\/management\/2025-01-30\/schweizer-kmu-exporte-2025-vorsichtiger-optimismus-trotz-globaler-unsicherheiten\/#breadcrumb","itemListElement":[{"@type":"ListItem","position":1,"name":"Home","item":"https:\/\/www.organisator.ch\/"},{"@type":"ListItem","position":2,"name":"Schweizer KMU-Exporte 2025: Vorsichtiger Optimismus trotz globaler Unsicherheiten"}]},{"@type":"WebSite","@id":"https:\/\/www.organisator.ch\/#website","url":"https:\/\/www.organisator.ch\/","name":"Organisator","description":"Kompetent. Praxisnah. Der ORGANISATOR bereitet in 10 Ausgaben pro Jahr die wesentlichen Themen f\u00fcr F\u00fchrungskr\u00e4fte von KMU auf.","publisher":{"@id":"https:\/\/www.organisator.ch\/#organization"},"potentialAction":[{"@type":"SearchAction","target":{"@type":"EntryPoint","urlTemplate":"https:\/\/www.organisator.ch\/?s={search_term_string}"},"query-input":{"@type":"PropertyValueSpecification","valueRequired":true,"valueName":"search_term_string"}}],"inLanguage":"de"},{"@type":"Organization","@id":"https:\/\/www.organisator.ch\/#organization","name":"Organisator","url":"https:\/\/www.organisator.ch\/","logo":{"@type":"ImageObject","inLanguage":"de","@id":"https:\/\/www.organisator.ch\/#\/schema\/logo\/image\/","url":"https:\/\/www.organisator.ch\/wp-content\/uploads\/2022\/01\/Logo_Organisator_Website.png","contentUrl":"https:\/\/www.organisator.ch\/wp-content\/uploads\/2022\/01\/Logo_Organisator_Website.png","width":800,"height":77,"caption":"Organisator"},"image":{"@id":"https:\/\/www.organisator.ch\/#\/schema\/logo\/image\/"},"sameAs":["https:\/\/www.facebook.com\/OrganisatorFachmagazin","https:\/\/www.linkedin.com\/showcase\/organisator-das-magazin-fr-kmu","https:\/\/www.xing.com\/news\/pages\/organisator-ch-695","https:\/\/www.youtube.com\/channel\/UCGP2Sq0iWaZwT3BdIAQFYpw"]},{"@type":"Person","@id":"https:\/\/www.organisator.ch\/#\/schema\/person\/afccda3a71c06d4be2ed9100dd163db7","name":"Dzana Muminovic","image":{"@type":"ImageObject","inLanguage":"de","@id":"https:\/\/secure.gravatar.com\/avatar\/909c5c71aff4b38e88686f2ab2f1ba152571f394f41ed8bae431ea56ced93050?s=96&d=mm&r=g","url":"https:\/\/secure.gravatar.com\/avatar\/909c5c71aff4b38e88686f2ab2f1ba152571f394f41ed8bae431ea56ced93050?s=96&d=mm&r=g","contentUrl":"https:\/\/secure.gravatar.com\/avatar\/909c5c71aff4b38e88686f2ab2f1ba152571f394f41ed8bae431ea56ced93050?s=96&d=mm&r=g","caption":"Dzana Muminovic"},"url":"https:\/\/www.organisator.ch\/de\/author\/dzana-muminovic\/"}]}},"_links":{"self":[{"href":"https:\/\/www.organisator.ch\/de\/wp-json\/wp\/v2\/posts\/35653","targetHints":{"allow":["GET"]}}],"collection":[{"href":"https:\/\/www.organisator.ch\/de\/wp-json\/wp\/v2\/posts"}],"about":[{"href":"https:\/\/www.organisator.ch\/de\/wp-json\/wp\/v2\/types\/post"}],"author":[{"embeddable":true,"href":"https:\/\/www.organisator.ch\/de\/wp-json\/wp\/v2\/users\/80"}],"replies":[{"embeddable":true,"href":"https:\/\/www.organisator.ch\/de\/wp-json\/wp\/v2\/comments?post=35653"}],"version-history":[{"count":4,"href":"https:\/\/www.organisator.ch\/de\/wp-json\/wp\/v2\/posts\/35653\/revisions"}],"predecessor-version":[{"id":35703,"href":"https:\/\/www.organisator.ch\/de\/wp-json\/wp\/v2\/posts\/35653\/revisions\/35703"}],"wp:featuredmedia":[{"embeddable":true,"href":"https:\/\/www.organisator.ch\/de\/wp-json\/wp\/v2\/media\/35654"}],"wp:attachment":[{"href":"https:\/\/www.organisator.ch\/de\/wp-json\/wp\/v2\/media?parent=35653"}],"wp:term":[{"taxonomy":"category","embeddable":true,"href":"https:\/\/www.organisator.ch\/de\/wp-json\/wp\/v2\/categories?post=35653"},{"taxonomy":"post_tag","embeddable":true,"href":"https:\/\/www.organisator.ch\/de\/wp-json\/wp\/v2\/tags?post=35653"}],"curies":[{"name":"wp","href":"https:\/\/api.w.org\/{rel}","templated":true}]}}