{"id":35672,"date":"2025-01-31T07:15:35","date_gmt":"2025-01-31T06:15:35","guid":{"rendered":"https:\/\/www.markt-kom.com\/?p=229712"},"modified":"2025-01-31T07:14:38","modified_gmt":"2025-01-31T06:14:38","slug":"martin-nellen-wird-leiter-kommunikation-der-universitaet-zuerich","status":"publish","type":"post","link":"https:\/\/www.organisator.ch\/de\/marketing\/2025-01-31\/martin-nellen-wird-leiter-kommunikation-der-universitaet-zuerich\/","title":{"rendered":"Martin Nellen wird Leiter Kommunikation der Universit\u00e4t Z\u00fcrich"},"content":{"rendered":"<figure id=\"attachment_229713\" class=\"wp-caption aligncenter\" style=\"width: 1200px;\" aria-describedby=\"caption-attachment-229713\"><a href=\"https:\/\/www.markt-kom.com\/wp-content\/uploads\/2025\/01\/UZH-Leiter-Kommunikation_Nellen_Martin.jpg\"><img class=\"size-full wp-image-229713\" src=\"https:\/\/www.markt-kom.com\/wp-content\/uploads\/2025\/01\/UZH-Leiter-Kommunikation_Nellen_Martin.jpg\" sizes=\"(max-width: 1200px) 100vw, 1200px\" srcset=\"https:\/\/www.markt-kom.com\/wp-content\/uploads\/2025\/01\/UZH-Leiter-Kommunikation_Nellen_Martin.jpg 1200w, https:\/\/www.markt-kom.com\/wp-content\/uploads\/2025\/01\/UZH-Leiter-Kommunikation_Nellen_Martin-600x450.jpg 600w, https:\/\/www.markt-kom.com\/wp-content\/uploads\/2025\/01\/UZH-Leiter-Kommunikation_Nellen_Martin-1024x768.jpg 1024w, https:\/\/www.markt-kom.com\/wp-content\/uploads\/2025\/01\/UZH-Leiter-Kommunikation_Nellen_Martin-768x576.jpg 768w, https:\/\/www.markt-kom.com\/wp-content\/uploads\/2025\/01\/UZH-Leiter-Kommunikation_Nellen_Martin-16x12.jpg 16w, https:\/\/www.markt-kom.com\/wp-content\/uploads\/2025\/01\/UZH-Leiter-Kommunikation_Nellen_Martin-233x175.jpg 233w, https:\/\/www.markt-kom.com\/wp-content\/uploads\/2025\/01\/UZH-Leiter-Kommunikation_Nellen_Martin-467x350.jpg 467w, https:\/\/www.markt-kom.com\/wp-content\/uploads\/2025\/01\/UZH-Leiter-Kommunikation_Nellen_Martin-1000x750.jpg 1000w\" alt=\"\" width=\"1200\" height=\"900\" \/><\/a>\r\n<figcaption id=\"caption-attachment-229713\" class=\"wp-caption-text\">(Bild: zVg.)<\/figcaption>\r\n<\/figure>\r\n<p>Die Universit\u00e4tsleitung hat Martin Nellen zum neuen Leiter Kommunikation ernannt. Der 59-J\u00e4hrige wechselt von Hochdorf Swiss Nutrition, wo er als Senior Berater die externe und interne Kommunikation sowie die Investor Relations verantwortete. Davor war er w\u00e4hrend rund vier Jahren als Leiter der Direktion Kommunikation und Medien des MGB t\u00e4tig, nachdem er zwei Jahre lang die Unternehmenskommunikation der Suva gef\u00fchrt hatte.<\/p>\r\n<p>Seine berufliche Laufbahn startete Martin Nellen bei der Credit Suisse, wo er verschiedene Funktionen in Kommunikation und Marketing innehatte. 2007 wechselte er zur Helvetia-Gruppe und leitete dort bis 2017 den Bereich Corporate Communications and Brand Management. Der Kommunikationsexperte studierte an der Universit\u00e4t Bern Volkswirtschaftslehre, Politik- und Medienwissenschaft. Er ist verheiratet und Vater von zwei S\u00f6hnen.<\/p>","protected":false},"excerpt":{"rendered":"<p>Martin Nellen \u00fcbernimmt per Anfang M\u00e4rz als neuer Leiter Kommunikation der Universit\u00e4t Z\u00fcrich UZH. Er folgt auf Beat M\u00fcller, der die Abteilung seit Februar 2024 interimistisch leitet.<\/p>\n","protected":false},"author":8,"featured_media":0,"comment_status":"closed","ping_status":"closed","sticky":false,"template":"","format":"standard","meta":{"_acf_changed":false,"_yoast_wpseo_focuskw":"Martin Nellen","_yoast_wpseo_metadesc":"Martin Nellen wird neuer Leiter Kommunikation der Universit\u00e4t Z\u00fcrich UZH. Er \u00fcbernimmt im M\u00e4rz die Nachfolge von Beat M\u00fcller.","articlekey":"","footnotes":""},"categories":[29],"tags":[2853,4343,2407],"class_list":["post-35672","post","type-post","status-publish","format-standard","hentry","category-marketing","tag-jobchange","tag-markom","tag-universitaet-zuerich"],"acf":[],"yoast_head":"<!-- This site is optimized with the Yoast SEO plugin v27.5 - https:\/\/yoast.com\/product\/yoast-seo-wordpress\/ -->\n<title>Martin Nellen wird Leiter Kommunikation der Universit\u00e4t Z\u00fcrich - Organisator<\/title>\n<meta name=\"description\" content=\"Martin Nellen wird neuer Leiter Kommunikation der Universit\u00e4t Z\u00fcrich UZH. Er \u00fcbernimmt im M\u00e4rz die Nachfolge von Beat M\u00fcller.\" \/>\n<meta name=\"robots\" content=\"index, follow, max-snippet:-1, max-image-preview:large, max-video-preview:-1\" \/>\n<link rel=\"canonical\" href=\"https:\/\/www.organisator.ch\/de\/marketing\/2025-01-31\/martin-nellen-wird-leiter-kommunikation-der-universitaet-zuerich\/\" \/>\n<meta property=\"og:locale\" content=\"de_DE\" \/>\n<meta property=\"og:type\" content=\"article\" \/>\n<meta property=\"og:title\" content=\"Martin Nellen wird Leiter Kommunikation der Universit\u00e4t Z\u00fcrich - Organisator\" \/>\n<meta property=\"og:description\" content=\"Martin Nellen wird neuer Leiter Kommunikation der Universit\u00e4t Z\u00fcrich UZH. Er \u00fcbernimmt im M\u00e4rz die Nachfolge von Beat M\u00fcller.\" \/>\n<meta property=\"og:url\" content=\"https:\/\/www.organisator.ch\/de\/marketing\/2025-01-31\/martin-nellen-wird-leiter-kommunikation-der-universitaet-zuerich\/\" \/>\n<meta property=\"og:site_name\" content=\"Organisator\" \/>\n<meta property=\"article:publisher\" content=\"https:\/\/www.facebook.com\/OrganisatorFachmagazin\" \/>\n<meta property=\"article:published_time\" content=\"2025-01-31T06:15:35+00:00\" \/>\n<meta name=\"author\" content=\"galledia\" \/>\n<meta name=\"twitter:card\" content=\"summary_large_image\" \/>\n<meta name=\"twitter:creator\" content=\"@admin\" \/>\n<script type=\"application\/ld+json\" class=\"yoast-schema-graph\">{\"@context\":\"https:\\\/\\\/schema.org\",\"@graph\":[{\"@type\":\"Article\",\"@id\":\"https:\\\/\\\/www.organisator.ch\\\/marketing\\\/2025-01-31\\\/martin-nellen-wird-leiter-kommunikation-der-universitaet-zuerich\\\/#article\",\"isPartOf\":{\"@id\":\"https:\\\/\\\/www.organisator.ch\\\/marketing\\\/2025-01-31\\\/martin-nellen-wird-leiter-kommunikation-der-universitaet-zuerich\\\/\"},\"author\":{\"name\":\"galledia\",\"@id\":\"https:\\\/\\\/www.organisator.ch\\\/#\\\/schema\\\/person\\\/4e51799071cd2dd1232ac003643ef5f0\"},\"headline\":\"Martin Nellen wird Leiter Kommunikation der Universit\u00e4t Z\u00fcrich\",\"datePublished\":\"2025-01-31T06:15:35+00:00\",\"mainEntityOfPage\":{\"@id\":\"https:\\\/\\\/www.organisator.ch\\\/marketing\\\/2025-01-31\\\/martin-nellen-wird-leiter-kommunikation-der-universitaet-zuerich\\\/\"},\"wordCount\":132,\"publisher\":{\"@id\":\"https:\\\/\\\/www.organisator.ch\\\/#organization\"},\"image\":{\"@id\":\"https:\\\/\\\/www.organisator.ch\\\/marketing\\\/2025-01-31\\\/martin-nellen-wird-leiter-kommunikation-der-universitaet-zuerich\\\/#primaryimage\"},\"thumbnailUrl\":\"https:\\\/\\\/www.markt-kom.com\\\/wp-content\\\/uploads\\\/2025\\\/01\\\/UZH-Leiter-Kommunikation_Nellen_Martin.jpg\",\"keywords\":[\"Jobchange\",\"MarKom\",\"Universit\u00e4t Z\u00fcrich\"],\"articleSection\":[\"MARKETING\"],\"inLanguage\":\"de\"},{\"@type\":\"WebPage\",\"@id\":\"https:\\\/\\\/www.organisator.ch\\\/marketing\\\/2025-01-31\\\/martin-nellen-wird-leiter-kommunikation-der-universitaet-zuerich\\\/\",\"url\":\"https:\\\/\\\/www.organisator.ch\\\/marketing\\\/2025-01-31\\\/martin-nellen-wird-leiter-kommunikation-der-universitaet-zuerich\\\/\",\"name\":\"Martin Nellen wird Leiter Kommunikation der Universit\u00e4t Z\u00fcrich - Organisator\",\"isPartOf\":{\"@id\":\"https:\\\/\\\/www.organisator.ch\\\/#website\"},\"primaryImageOfPage\":{\"@id\":\"https:\\\/\\\/www.organisator.ch\\\/marketing\\\/2025-01-31\\\/martin-nellen-wird-leiter-kommunikation-der-universitaet-zuerich\\\/#primaryimage\"},\"image\":{\"@id\":\"https:\\\/\\\/www.organisator.ch\\\/marketing\\\/2025-01-31\\\/martin-nellen-wird-leiter-kommunikation-der-universitaet-zuerich\\\/#primaryimage\"},\"thumbnailUrl\":\"https:\\\/\\\/www.markt-kom.com\\\/wp-content\\\/uploads\\\/2025\\\/01\\\/UZH-Leiter-Kommunikation_Nellen_Martin.jpg\",\"datePublished\":\"2025-01-31T06:15:35+00:00\",\"description\":\"Martin Nellen wird neuer Leiter Kommunikation der Universit\u00e4t Z\u00fcrich UZH. Er \u00fcbernimmt im M\u00e4rz die Nachfolge von Beat M\u00fcller.\",\"breadcrumb\":{\"@id\":\"https:\\\/\\\/www.organisator.ch\\\/marketing\\\/2025-01-31\\\/martin-nellen-wird-leiter-kommunikation-der-universitaet-zuerich\\\/#breadcrumb\"},\"inLanguage\":\"de\",\"potentialAction\":[{\"@type\":\"ReadAction\",\"target\":[\"https:\\\/\\\/www.organisator.ch\\\/marketing\\\/2025-01-31\\\/martin-nellen-wird-leiter-kommunikation-der-universitaet-zuerich\\\/\"]}]},{\"@type\":\"ImageObject\",\"inLanguage\":\"de\",\"@id\":\"https:\\\/\\\/www.organisator.ch\\\/marketing\\\/2025-01-31\\\/martin-nellen-wird-leiter-kommunikation-der-universitaet-zuerich\\\/#primaryimage\",\"url\":\"https:\\\/\\\/www.markt-kom.com\\\/wp-content\\\/uploads\\\/2025\\\/01\\\/UZH-Leiter-Kommunikation_Nellen_Martin.jpg\",\"contentUrl\":\"https:\\\/\\\/www.markt-kom.com\\\/wp-content\\\/uploads\\\/2025\\\/01\\\/UZH-Leiter-Kommunikation_Nellen_Martin.jpg\"},{\"@type\":\"BreadcrumbList\",\"@id\":\"https:\\\/\\\/www.organisator.ch\\\/marketing\\\/2025-01-31\\\/martin-nellen-wird-leiter-kommunikation-der-universitaet-zuerich\\\/#breadcrumb\",\"itemListElement\":[{\"@type\":\"ListItem\",\"position\":1,\"name\":\"Home\",\"item\":\"https:\\\/\\\/www.organisator.ch\\\/\"},{\"@type\":\"ListItem\",\"position\":2,\"name\":\"Martin Nellen wird Leiter Kommunikation der Universit\u00e4t Z\u00fcrich\"}]},{\"@type\":\"WebSite\",\"@id\":\"https:\\\/\\\/www.organisator.ch\\\/#website\",\"url\":\"https:\\\/\\\/www.organisator.ch\\\/\",\"name\":\"Organisator\",\"description\":\"Kompetent. Praxisnah. Der ORGANISATOR bereitet in 10 Ausgaben pro Jahr die wesentlichen Themen f\u00fcr F\u00fchrungskr\u00e4fte von KMU auf.\",\"publisher\":{\"@id\":\"https:\\\/\\\/www.organisator.ch\\\/#organization\"},\"potentialAction\":[{\"@type\":\"SearchAction\",\"target\":{\"@type\":\"EntryPoint\",\"urlTemplate\":\"https:\\\/\\\/www.organisator.ch\\\/?s={search_term_string}\"},\"query-input\":{\"@type\":\"PropertyValueSpecification\",\"valueRequired\":true,\"valueName\":\"search_term_string\"}}],\"inLanguage\":\"de\"},{\"@type\":\"Organization\",\"@id\":\"https:\\\/\\\/www.organisator.ch\\\/#organization\",\"name\":\"Organisator\",\"url\":\"https:\\\/\\\/www.organisator.ch\\\/\",\"logo\":{\"@type\":\"ImageObject\",\"inLanguage\":\"de\",\"@id\":\"https:\\\/\\\/www.organisator.ch\\\/#\\\/schema\\\/logo\\\/image\\\/\",\"url\":\"https:\\\/\\\/www.organisator.ch\\\/wp-content\\\/uploads\\\/2022\\\/01\\\/Logo_Organisator_Website.png\",\"contentUrl\":\"https:\\\/\\\/www.organisator.ch\\\/wp-content\\\/uploads\\\/2022\\\/01\\\/Logo_Organisator_Website.png\",\"width\":800,\"height\":77,\"caption\":\"Organisator\"},\"image\":{\"@id\":\"https:\\\/\\\/www.organisator.ch\\\/#\\\/schema\\\/logo\\\/image\\\/\"},\"sameAs\":[\"https:\\\/\\\/www.facebook.com\\\/OrganisatorFachmagazin\",\"https:\\\/\\\/www.linkedin.com\\\/showcase\\\/organisator-das-magazin-fr-kmu\",\"https:\\\/\\\/www.xing.com\\\/news\\\/pages\\\/organisator-ch-695\",\"https:\\\/\\\/www.youtube.com\\\/channel\\\/UCGP2Sq0iWaZwT3BdIAQFYpw\"]},{\"@type\":\"Person\",\"@id\":\"https:\\\/\\\/www.organisator.ch\\\/#\\\/schema\\\/person\\\/4e51799071cd2dd1232ac003643ef5f0\",\"name\":\"galledia\",\"image\":{\"@type\":\"ImageObject\",\"inLanguage\":\"de\",\"@id\":\"https:\\\/\\\/secure.gravatar.com\\\/avatar\\\/78a7f90c01fc2bfc875782a0d4922b37cde2cf184ce347b91316d23cd7f69a36?s=96&d=mm&r=g\",\"url\":\"https:\\\/\\\/secure.gravatar.com\\\/avatar\\\/78a7f90c01fc2bfc875782a0d4922b37cde2cf184ce347b91316d23cd7f69a36?s=96&d=mm&r=g\",\"contentUrl\":\"https:\\\/\\\/secure.gravatar.com\\\/avatar\\\/78a7f90c01fc2bfc875782a0d4922b37cde2cf184ce347b91316d23cd7f69a36?s=96&d=mm&r=g\",\"caption\":\"galledia\"},\"sameAs\":[\"https:\\\/\\\/x.com\\\/admin\"],\"url\":\"https:\\\/\\\/www.organisator.ch\\\/de\\\/author\\\/galledia\\\/\"}]}<\/script>\n<!-- \/ Yoast SEO plugin. -->","yoast_head_json":{"title":"Martin Nellen wird Leiter Kommunikation der Universit\u00e4t Z\u00fcrich - Organisator","description":"Martin Nellen wird neuer Leiter Kommunikation der Universit\u00e4t Z\u00fcrich UZH. Er \u00fcbernimmt im M\u00e4rz die Nachfolge von Beat M\u00fcller.","robots":{"index":"index","follow":"follow","max-snippet":"max-snippet:-1","max-image-preview":"max-image-preview:large","max-video-preview":"max-video-preview:-1"},"canonical":"https:\/\/www.organisator.ch\/de\/marketing\/2025-01-31\/martin-nellen-wird-leiter-kommunikation-der-universitaet-zuerich\/","og_locale":"de_DE","og_type":"article","og_title":"Martin Nellen wird Leiter Kommunikation der Universit\u00e4t Z\u00fcrich - Organisator","og_description":"Martin Nellen wird neuer Leiter Kommunikation der Universit\u00e4t Z\u00fcrich UZH. Er \u00fcbernimmt im M\u00e4rz die Nachfolge von Beat M\u00fcller.","og_url":"https:\/\/www.organisator.ch\/de\/marketing\/2025-01-31\/martin-nellen-wird-leiter-kommunikation-der-universitaet-zuerich\/","og_site_name":"Organisator","article_publisher":"https:\/\/www.facebook.com\/OrganisatorFachmagazin","article_published_time":"2025-01-31T06:15:35+00:00","author":"galledia","twitter_card":"summary_large_image","twitter_creator":"@admin","schema":{"@context":"https:\/\/schema.org","@graph":[{"@type":"Article","@id":"https:\/\/www.organisator.ch\/marketing\/2025-01-31\/martin-nellen-wird-leiter-kommunikation-der-universitaet-zuerich\/#article","isPartOf":{"@id":"https:\/\/www.organisator.ch\/marketing\/2025-01-31\/martin-nellen-wird-leiter-kommunikation-der-universitaet-zuerich\/"},"author":{"name":"galledia","@id":"https:\/\/www.organisator.ch\/#\/schema\/person\/4e51799071cd2dd1232ac003643ef5f0"},"headline":"Martin Nellen wird Leiter Kommunikation der Universit\u00e4t Z\u00fcrich","datePublished":"2025-01-31T06:15:35+00:00","mainEntityOfPage":{"@id":"https:\/\/www.organisator.ch\/marketing\/2025-01-31\/martin-nellen-wird-leiter-kommunikation-der-universitaet-zuerich\/"},"wordCount":132,"publisher":{"@id":"https:\/\/www.organisator.ch\/#organization"},"image":{"@id":"https:\/\/www.organisator.ch\/marketing\/2025-01-31\/martin-nellen-wird-leiter-kommunikation-der-universitaet-zuerich\/#primaryimage"},"thumbnailUrl":"https:\/\/www.markt-kom.com\/wp-content\/uploads\/2025\/01\/UZH-Leiter-Kommunikation_Nellen_Martin.jpg","keywords":["Jobchange","MarKom","Universit\u00e4t Z\u00fcrich"],"articleSection":["MARKETING"],"inLanguage":"de"},{"@type":"WebPage","@id":"https:\/\/www.organisator.ch\/marketing\/2025-01-31\/martin-nellen-wird-leiter-kommunikation-der-universitaet-zuerich\/","url":"https:\/\/www.organisator.ch\/marketing\/2025-01-31\/martin-nellen-wird-leiter-kommunikation-der-universitaet-zuerich\/","name":"Martin Nellen wird Leiter Kommunikation der Universit\u00e4t Z\u00fcrich - Organisator","isPartOf":{"@id":"https:\/\/www.organisator.ch\/#website"},"primaryImageOfPage":{"@id":"https:\/\/www.organisator.ch\/marketing\/2025-01-31\/martin-nellen-wird-leiter-kommunikation-der-universitaet-zuerich\/#primaryimage"},"image":{"@id":"https:\/\/www.organisator.ch\/marketing\/2025-01-31\/martin-nellen-wird-leiter-kommunikation-der-universitaet-zuerich\/#primaryimage"},"thumbnailUrl":"https:\/\/www.markt-kom.com\/wp-content\/uploads\/2025\/01\/UZH-Leiter-Kommunikation_Nellen_Martin.jpg","datePublished":"2025-01-31T06:15:35+00:00","description":"Martin Nellen wird neuer Leiter Kommunikation der Universit\u00e4t Z\u00fcrich UZH. Er \u00fcbernimmt im M\u00e4rz die Nachfolge von Beat M\u00fcller.","breadcrumb":{"@id":"https:\/\/www.organisator.ch\/marketing\/2025-01-31\/martin-nellen-wird-leiter-kommunikation-der-universitaet-zuerich\/#breadcrumb"},"inLanguage":"de","potentialAction":[{"@type":"ReadAction","target":["https:\/\/www.organisator.ch\/marketing\/2025-01-31\/martin-nellen-wird-leiter-kommunikation-der-universitaet-zuerich\/"]}]},{"@type":"ImageObject","inLanguage":"de","@id":"https:\/\/www.organisator.ch\/marketing\/2025-01-31\/martin-nellen-wird-leiter-kommunikation-der-universitaet-zuerich\/#primaryimage","url":"https:\/\/www.markt-kom.com\/wp-content\/uploads\/2025\/01\/UZH-Leiter-Kommunikation_Nellen_Martin.jpg","contentUrl":"https:\/\/www.markt-kom.com\/wp-content\/uploads\/2025\/01\/UZH-Leiter-Kommunikation_Nellen_Martin.jpg"},{"@type":"BreadcrumbList","@id":"https:\/\/www.organisator.ch\/marketing\/2025-01-31\/martin-nellen-wird-leiter-kommunikation-der-universitaet-zuerich\/#breadcrumb","itemListElement":[{"@type":"ListItem","position":1,"name":"Home","item":"https:\/\/www.organisator.ch\/"},{"@type":"ListItem","position":2,"name":"Martin Nellen wird Leiter Kommunikation der Universit\u00e4t Z\u00fcrich"}]},{"@type":"WebSite","@id":"https:\/\/www.organisator.ch\/#website","url":"https:\/\/www.organisator.ch\/","name":"Organisator","description":"Kompetent. Praxisnah. Der ORGANISATOR bereitet in 10 Ausgaben pro Jahr die wesentlichen Themen f\u00fcr F\u00fchrungskr\u00e4fte von KMU auf.","publisher":{"@id":"https:\/\/www.organisator.ch\/#organization"},"potentialAction":[{"@type":"SearchAction","target":{"@type":"EntryPoint","urlTemplate":"https:\/\/www.organisator.ch\/?s={search_term_string}"},"query-input":{"@type":"PropertyValueSpecification","valueRequired":true,"valueName":"search_term_string"}}],"inLanguage":"de"},{"@type":"Organization","@id":"https:\/\/www.organisator.ch\/#organization","name":"Organisator","url":"https:\/\/www.organisator.ch\/","logo":{"@type":"ImageObject","inLanguage":"de","@id":"https:\/\/www.organisator.ch\/#\/schema\/logo\/image\/","url":"https:\/\/www.organisator.ch\/wp-content\/uploads\/2022\/01\/Logo_Organisator_Website.png","contentUrl":"https:\/\/www.organisator.ch\/wp-content\/uploads\/2022\/01\/Logo_Organisator_Website.png","width":800,"height":77,"caption":"Organisator"},"image":{"@id":"https:\/\/www.organisator.ch\/#\/schema\/logo\/image\/"},"sameAs":["https:\/\/www.facebook.com\/OrganisatorFachmagazin","https:\/\/www.linkedin.com\/showcase\/organisator-das-magazin-fr-kmu","https:\/\/www.xing.com\/news\/pages\/organisator-ch-695","https:\/\/www.youtube.com\/channel\/UCGP2Sq0iWaZwT3BdIAQFYpw"]},{"@type":"Person","@id":"https:\/\/www.organisator.ch\/#\/schema\/person\/4e51799071cd2dd1232ac003643ef5f0","name":"galledia","image":{"@type":"ImageObject","inLanguage":"de","@id":"https:\/\/secure.gravatar.com\/avatar\/78a7f90c01fc2bfc875782a0d4922b37cde2cf184ce347b91316d23cd7f69a36?s=96&d=mm&r=g","url":"https:\/\/secure.gravatar.com\/avatar\/78a7f90c01fc2bfc875782a0d4922b37cde2cf184ce347b91316d23cd7f69a36?s=96&d=mm&r=g","contentUrl":"https:\/\/secure.gravatar.com\/avatar\/78a7f90c01fc2bfc875782a0d4922b37cde2cf184ce347b91316d23cd7f69a36?s=96&d=mm&r=g","caption":"galledia"},"sameAs":["https:\/\/x.com\/admin"],"url":"https:\/\/www.organisator.ch\/de\/author\/galledia\/"}]}},"_links":{"self":[{"href":"https:\/\/www.organisator.ch\/de\/wp-json\/wp\/v2\/posts\/35672","targetHints":{"allow":["GET"]}}],"collection":[{"href":"https:\/\/www.organisator.ch\/de\/wp-json\/wp\/v2\/posts"}],"about":[{"href":"https:\/\/www.organisator.ch\/de\/wp-json\/wp\/v2\/types\/post"}],"author":[{"embeddable":true,"href":"https:\/\/www.organisator.ch\/de\/wp-json\/wp\/v2\/users\/8"}],"replies":[{"embeddable":true,"href":"https:\/\/www.organisator.ch\/de\/wp-json\/wp\/v2\/comments?post=35672"}],"version-history":[{"count":3,"href":"https:\/\/www.organisator.ch\/de\/wp-json\/wp\/v2\/posts\/35672\/revisions"}],"predecessor-version":[{"id":35701,"href":"https:\/\/www.organisator.ch\/de\/wp-json\/wp\/v2\/posts\/35672\/revisions\/35701"}],"wp:attachment":[{"href":"https:\/\/www.organisator.ch\/de\/wp-json\/wp\/v2\/media?parent=35672"}],"wp:term":[{"taxonomy":"category","embeddable":true,"href":"https:\/\/www.organisator.ch\/de\/wp-json\/wp\/v2\/categories?post=35672"},{"taxonomy":"post_tag","embeddable":true,"href":"https:\/\/www.organisator.ch\/de\/wp-json\/wp\/v2\/tags?post=35672"}],"curies":[{"name":"wp","href":"https:\/\/api.w.org\/{rel}","templated":true}]}}