{"id":3574,"date":"2018-05-14T09:34:11","date_gmt":"2018-05-14T07:34:11","guid":{"rendered":"https:\/\/www.organisator.ch\/?p=3574"},"modified":"2018-05-14T09:34:11","modified_gmt":"2018-05-14T07:34:11","slug":"unbeliebte-lehrberufe-image-offensiven-von-branchenverbaenden-zahlen-sich-aus","status":"publish","type":"post","link":"https:\/\/www.organisator.ch\/de\/human-resources\/hrm\/2018-05-14\/unbeliebte-lehrberufe-image-offensiven-von-branchenverbaenden-zahlen-sich-aus\/","title":{"rendered":"&#8222;Unbeliebte&#8220; Lehrberufe: Image-Offensiven von Branchenverb\u00e4nden zahlen sich aus"},"content":{"rendered":"<figure id=\"attachment_3576\" aria-describedby=\"caption-attachment-3576\" style=\"width: 640px\" class=\"wp-caption alignnone\"><img loading=\"lazy\" decoding=\"async\" class=\"size-full wp-image-3576\" src=\"https:\/\/www.organisator.ch\/wp-content\/uploads\/2018\/05\/Unbeliebte-Lehrberufe-Image-Offensiven-von-Branchenverbaenden-zahlen-sich-aus_Organisator.jpg\" alt=\"\" width=\"640\" height=\"427\" srcset=\"https:\/\/www.organisator.ch\/wp-content\/uploads\/2018\/05\/Unbeliebte-Lehrberufe-Image-Offensiven-von-Branchenverbaenden-zahlen-sich-aus_Organisator.jpg 640w, https:\/\/www.organisator.ch\/wp-content\/uploads\/2018\/05\/Unbeliebte-Lehrberufe-Image-Offensiven-von-Branchenverbaenden-zahlen-sich-aus_Organisator-16x12.jpg 16w, https:\/\/www.organisator.ch\/wp-content\/uploads\/2018\/05\/Unbeliebte-Lehrberufe-Image-Offensiven-von-Branchenverbaenden-zahlen-sich-aus_Organisator-262x175.jpg 262w, https:\/\/www.organisator.ch\/wp-content\/uploads\/2018\/05\/Unbeliebte-Lehrberufe-Image-Offensiven-von-Branchenverbaenden-zahlen-sich-aus_Organisator-525x350.jpg 525w, https:\/\/www.organisator.ch\/wp-content\/uploads\/2018\/05\/Unbeliebte-Lehrberufe-Image-Offensiven-von-Branchenverbaenden-zahlen-sich-aus_Organisator-300x200.jpg 300w\" sizes=\"auto, (max-width: 640px) 100vw, 640px\" \/><figcaption id=\"caption-attachment-3576\" class=\"wp-caption-text\">Von wegen &#8222;unbeliebte Lehrberufe&#8220;: Marcel Z\u00fcger, Felix Tschirky, Lucas Z\u00fcger, Diana Niggli, Walter R\u00e4ss, Jennifer Meier und Stefan Gasser beweisen, dass der Beruf des Milchtechnologen nach wie vor Zukunft hat. (Foto: Pressedienst SMV)<\/figcaption><\/figure>\n<p>Nach den Sommerferien werden wieder Tausende von Schulabg\u00e4nger ihre berufliche Grundbildung starten. Noch konnten nicht alle Ausbildungsbetriebe ihre Lehrstellen erfolgreich besetzen. Schwer haben es Lehrberufe\u00a0insbesondere\u00a0in Branchen, in denen noch viel Handwerk gefragt ist. In der aktuellen Print-Ausgabe des ORGANISATOR berichten wir \u00fcber <a href=\"https:\/\/www.organisator.ch\/wp-content\/uploads\/2018\/05\/2018_05_16-17.pdf\">&#8222;beliebte&#8220; und &#8222;weniger beliebte&#8220; Lehrberufe<\/a> und \u00fcber Massnahmen, mit denen Branchenverb\u00e4nde f\u00fcr berufliche Karrieren in Handwerk und Gewerbe werben.<\/p>\n<h2>Kampagne f\u00fcr Lehrberufe in der Milchwirtschaft<\/h2>\n<p align=\"LEFT\">Ebenfalls um beruflichen Nachwuchs k\u00e4mpfen muss die Schweizer Milchwirtschaft. Sie\u00a0hat deshalb\u00a0in den vergangenen zwei Jahren ihre Anstrengungen f\u00fcr die Nachwuchswerbung in den Berufen Milchtechnologe\/in und Milchpraktiker\/in deutlich verst\u00e4rkt. So ist nicht nur der gesamte Auftritt mit Logo, Website, Social Media und Berufsmessen neu. Immer mehr werden auch die Produkte als Werbetr\u00e4ger f\u00fcr den Beruf eingesetzt. Nachdem bereits im November 2016 das Schwyzer Milchhuus und Migros 100&#8217;000 Milchflaschen mit Nachwuchswerbung ausger\u00fcstet haben, hat\u00a0im Herbst 2017\u00a0die gr\u00f6sste Schweizer Milchverarbeiterin Emmi ihre Milchverpackungen mit einer Werbefl\u00e4che f\u00fcr den Beruf des Milchtechnologen ausger\u00fcstet. 1,8 Mio. Verpackungen kamen so in den\u00a0Handel und motivierten zu &#8222;Mix Natur mit Technik und etwas Magie&#8220;. Die Werbung verwies auf einen Online-Wettbewerb: Wer hier ein paar Fragen beantwortete,\u00a0konnte mit etwas Gl\u00fcck ein Schweizer K\u00e4semesser von Victorinox gewinnen.<\/p>\n<h2 align=\"LEFT\">Junge Menschen in ihrem\u00a0Alltag &#8222;abholen&#8220;<\/h2>\n<p align=\"LEFT\">Hinter der Aktion steht der Gedanke, dass &#8222;die wichtigsten Berufsentscheidungen von Jugendlichen im pers\u00f6nlichen Umfeld getroffen werden, wie eine Berufswahlstudie unter 1&#8217;000 Personen gezeigt hat,&#8220; erkl\u00e4rt Hans Aschwanden, Pr\u00e4sident des Schweizerischen Milchwirtschaftlichen Vereins, der die Nachwuchsf\u00f6rderung in der Milchwirtschaft f\u00fcr 500 K\u00e4sereien und 20 Industriebetriebe leitet. &#8222;Wenn Eltern und Jugendliche sich \u00fcber die Produkte mit dem Beruf Milchtechnologe\/in auseinandersetzen, so stellen sie den Bezug zum Genuss her, den sie oft t\u00e4glich erfahren \u2013 ob sie nun Milch, K\u00e4se, Joghurt, Glace, Milch-Shake oder Caff\u00e8 Latte konsumieren.&#8220;<\/p>\n<p align=\"LEFT\">Die Kampagne schien Wirkung zu zeigen: Nach kurzer Zeit konnten gem\u00e4ss Angaben des Verbands acht Prozent mehr neue Lernende verzeichnet werden. Doch Pr\u00e4sident Hans Aschwanden ist sich bewusst, dass es einen langen Atem braucht f\u00fcr einen nachhaltige Wirkung. &#8222;Wir haben das ambiti\u00f6se Ziel von 500 Lernenden gesetzt. Es ist uns jedoch bewusst, dass dem die demographische Entwicklung zuwider l\u00e4uft. Immer mehr Branchen m\u00fcssen einen Verlust von 20% bis 40% weniger Lernenden hinnehmen, obwohl immer mehr Geld in die Nachwuchswerbung investiert wird. Umso mehr freut es uns, dass in der Milchwirtschaft die vereinten Anstrengungen der K\u00e4sereien und der Industrie erste Fr\u00fcchte tragen und wir einen Aufw\u00e4rtstrend beobachten.&#8220;<\/p>\n<h2 align=\"LEFT\">Digitalisierung erfasst auch milchwirtschaftliche Lehrberufe<\/h2>\n<p align=\"LEFT\">Und man kann es durchaus weit bringen als ausgebildeter Milchtechnologe. Etwa Isidor Lauber. Der Standortleiter bei Emmi Ostermundigen begann vor 30 Jahren bei Emmi als Molkereimeister und f\u00fchrt seit 2003 den Standort Ostermundigen mit 600 Mitarbeitenden und 35 Lernenden. Und erst k\u00fcrzlich haben 24 junge Nachwuchstalente aus den Kantonen St. Gallen, Z\u00fcrich, Thurgau, Schaffhausen, Appenzell-Ausserrhoden und Graub\u00fcnden an der dritten Ostschweizer Berufsmeisterschaft der Milchtechnologen am BZWU in Flawil bewiesen, dass sie aus Milch Genuss produzieren k\u00f6nnen. Auf die Siegerposten haben es zum ersten Mal zwei weibliche Lernende geschafft. Sie zeigen, dass in K\u00e4sereien und milchwirtschaftlichen Industriebetrieben Frauen genauso gute Leistungen erbringen wie die m\u00e4nnlichen Kollegen. Dank der zunehmenden Digitalisierung kommt es immer weniger auf K\u00f6rperkraft als auf Motivation, pr\u00e4zises Arbeiten und Kenntnisse in der Mikrobiologie und Chemie an.<\/p>\n<p align=\"LEFT\"><em>Weitere Informationen: <a href=\"http:\/\/www.milchtechnologe.ch\">www.milchtechnologe.ch<\/a><\/em><\/p>\n<p>&nbsp;<\/p>\n","protected":false},"excerpt":{"rendered":"<p>Nach den Sommerferien werden wieder Tausende von Schulabg\u00e4nger ihre berufliche Grundbildung starten. Noch konnten nicht alle Ausbildungsbetriebe ihre Lehrstellen erfolgreich besetzen. Schwer haben es Lehrberufe\u00a0insbesondere\u00a0in Branchen, in denen noch viel Handwerk gefragt ist. In der aktuellen Print-Ausgabe des ORGANISATOR berichten wir \u00fcber &#8222;beliebte&#8220; und &#8222;weniger beliebte&#8220; Lehrberufe und \u00fcber Massnahmen, mit denen Branchenverb\u00e4nde f\u00fcr berufliche [&hellip;]<\/p>\n","protected":false},"author":4,"featured_media":3576,"comment_status":"open","ping_status":"open","sticky":false,"template":"","format":"standard","meta":{"_acf_changed":false,"_yoast_wpseo_focuskw":"Lehrberufe","_yoast_wpseo_metadesc":"Berufe wie Fleischfachmann oder Milchtechnologen haben es schwer, Nachwuchs zu finden. Doch Branchenverb\u00e4nde geben Gegensteuer und setzen auf Image-Kampagnen f\u00fcr ihre Lehrberufe, so etwa auch der Schweizerische Milchwirtschaftliche Verein SMV.","articlekey":"","footnotes":""},"categories":[26],"tags":[62,75,172,294],"class_list":["post-3574","post","type-post","status-publish","format-standard","has-post-thumbnail","hentry","category-hrm","tag-aus-weiterbildung","tag-berufswahl","tag-employer-branding","tag-karriere"],"acf":[],"yoast_head":"<!-- This site is optimized with the Yoast SEO plugin v27.4 - https:\/\/yoast.com\/product\/yoast-seo-wordpress\/ -->\n<title>&quot;Unbeliebte&quot; Lehrberufe: Image-Offensiven von Branchenverb\u00e4nden zahlen sich aus - Organisator<\/title>\n<meta name=\"description\" content=\"Berufe wie Fleischfachmann oder Milchtechnologen haben es schwer, Nachwuchs zu finden. Doch Branchenverb\u00e4nde geben Gegensteuer und setzen auf Image-Kampagnen f\u00fcr ihre Lehrberufe, so etwa auch der Schweizerische Milchwirtschaftliche Verein SMV.\" \/>\n<meta name=\"robots\" content=\"index, follow, max-snippet:-1, max-image-preview:large, max-video-preview:-1\" \/>\n<link rel=\"canonical\" href=\"https:\/\/www.organisator.ch\/de\/human-resources\/hrm\/2018-05-14\/unbeliebte-lehrberufe-image-offensiven-von-branchenverbaenden-zahlen-sich-aus\/\" \/>\n<meta property=\"og:locale\" content=\"de_DE\" \/>\n<meta property=\"og:type\" content=\"article\" \/>\n<meta property=\"og:title\" content=\"&quot;Unbeliebte&quot; Lehrberufe: Image-Offensiven von Branchenverb\u00e4nden zahlen sich aus - Organisator\" \/>\n<meta property=\"og:description\" content=\"Berufe wie #Fleischfachmann oder #Milchtechnologen haben es schwer, Nachwuchs zu finden. Doch Branchenverb\u00e4nde geben Gegensteuer und setzen auf Image-Kampagnen f\u00fcr ihre #Lehrberufe, so etwa auch der Schweizerische Milchwirtschaftliche Verein #SMV.\" \/>\n<meta property=\"og:url\" content=\"https:\/\/www.organisator.ch\/de\/human-resources\/hrm\/2018-05-14\/unbeliebte-lehrberufe-image-offensiven-von-branchenverbaenden-zahlen-sich-aus\/\" \/>\n<meta property=\"og:site_name\" content=\"Organisator\" \/>\n<meta property=\"article:publisher\" content=\"https:\/\/www.facebook.com\/OrganisatorFachmagazin\" \/>\n<meta property=\"article:published_time\" content=\"2018-05-14T07:34:11+00:00\" \/>\n<meta property=\"og:image\" content=\"https:\/\/www.organisator.ch\/wp-content\/uploads\/2018\/05\/Unbeliebte-Lehrberufe-Image-Offensiven-von-Branchenverbaenden-zahlen-sich-aus_Organisator.jpg\" \/>\n\t<meta property=\"og:image:width\" content=\"640\" \/>\n\t<meta property=\"og:image:height\" content=\"427\" \/>\n\t<meta property=\"og:image:type\" content=\"image\/jpeg\" \/>\n<meta name=\"author\" content=\"thomas.berner\" \/>\n<meta name=\"twitter:card\" content=\"summary_large_image\" \/>\n<meta name=\"twitter:title\" content=\"&quot;Unbeliebte&quot; #Lehrberufe: Image-Offensiven von #Branchenverb\u00e4nden zahlen sich aus\" \/>\n<meta name=\"twitter:description\" content=\"Berufe wie #Fleischfachmann oder #Milchtechnologen haben es schwer, Nachwuchs zu finden. Doch Branchenverb\u00e4nde geben Gegensteuer und setzen auf Image-Kampagnen f\u00fcr ihre #Lehrberufe, so etwa auch der Schweizerische Milchwirtschaftliche Verein #SMV.\" \/>\n<meta name=\"twitter:image\" content=\"https:\/\/www.organisator.ch\/wp-content\/uploads\/2018\/05\/Unbeliebte-Lehrberufe-Image-Offensiven-von-Branchenverb\u00e4nden-zahlen-sich-aus_Organisator.jpg\" \/>\n<script type=\"application\/ld+json\" class=\"yoast-schema-graph\">{\"@context\":\"https:\\\/\\\/schema.org\",\"@graph\":[{\"@type\":\"Article\",\"@id\":\"https:\\\/\\\/www.organisator.ch\\\/human-resources\\\/hrm\\\/2018-05-14\\\/unbeliebte-lehrberufe-image-offensiven-von-branchenverbaenden-zahlen-sich-aus\\\/#article\",\"isPartOf\":{\"@id\":\"https:\\\/\\\/www.organisator.ch\\\/human-resources\\\/hrm\\\/2018-05-14\\\/unbeliebte-lehrberufe-image-offensiven-von-branchenverbaenden-zahlen-sich-aus\\\/\"},\"author\":{\"name\":\"thomas.berner\",\"@id\":\"https:\\\/\\\/www.organisator.ch\\\/#\\\/schema\\\/person\\\/6f650f90b2842cd4c0cc334b4e36f67e\"},\"headline\":\"&#8222;Unbeliebte&#8220; Lehrberufe: Image-Offensiven von Branchenverb\u00e4nden zahlen sich aus\",\"datePublished\":\"2018-05-14T07:34:11+00:00\",\"mainEntityOfPage\":{\"@id\":\"https:\\\/\\\/www.organisator.ch\\\/human-resources\\\/hrm\\\/2018-05-14\\\/unbeliebte-lehrberufe-image-offensiven-von-branchenverbaenden-zahlen-sich-aus\\\/\"},\"wordCount\":619,\"commentCount\":0,\"publisher\":{\"@id\":\"https:\\\/\\\/www.organisator.ch\\\/#organization\"},\"image\":{\"@id\":\"https:\\\/\\\/www.organisator.ch\\\/human-resources\\\/hrm\\\/2018-05-14\\\/unbeliebte-lehrberufe-image-offensiven-von-branchenverbaenden-zahlen-sich-aus\\\/#primaryimage\"},\"thumbnailUrl\":\"https:\\\/\\\/www.organisator.ch\\\/wp-content\\\/uploads\\\/2018\\\/05\\\/Unbeliebte-Lehrberufe-Image-Offensiven-von-Branchenverbaenden-zahlen-sich-aus_Organisator.jpg\",\"keywords\":[\"Aus-\\\/Weiterbildung\",\"Berufswahl\",\"Employer Branding\",\"Karriere\"],\"articleSection\":[\"HRM\"],\"inLanguage\":\"de\"},{\"@type\":\"WebPage\",\"@id\":\"https:\\\/\\\/www.organisator.ch\\\/human-resources\\\/hrm\\\/2018-05-14\\\/unbeliebte-lehrberufe-image-offensiven-von-branchenverbaenden-zahlen-sich-aus\\\/\",\"url\":\"https:\\\/\\\/www.organisator.ch\\\/human-resources\\\/hrm\\\/2018-05-14\\\/unbeliebte-lehrberufe-image-offensiven-von-branchenverbaenden-zahlen-sich-aus\\\/\",\"name\":\"\\\"Unbeliebte\\\" Lehrberufe: Image-Offensiven von Branchenverb\u00e4nden zahlen sich aus - Organisator\",\"isPartOf\":{\"@id\":\"https:\\\/\\\/www.organisator.ch\\\/#website\"},\"primaryImageOfPage\":{\"@id\":\"https:\\\/\\\/www.organisator.ch\\\/human-resources\\\/hrm\\\/2018-05-14\\\/unbeliebte-lehrberufe-image-offensiven-von-branchenverbaenden-zahlen-sich-aus\\\/#primaryimage\"},\"image\":{\"@id\":\"https:\\\/\\\/www.organisator.ch\\\/human-resources\\\/hrm\\\/2018-05-14\\\/unbeliebte-lehrberufe-image-offensiven-von-branchenverbaenden-zahlen-sich-aus\\\/#primaryimage\"},\"thumbnailUrl\":\"https:\\\/\\\/www.organisator.ch\\\/wp-content\\\/uploads\\\/2018\\\/05\\\/Unbeliebte-Lehrberufe-Image-Offensiven-von-Branchenverbaenden-zahlen-sich-aus_Organisator.jpg\",\"datePublished\":\"2018-05-14T07:34:11+00:00\",\"description\":\"Berufe wie Fleischfachmann oder Milchtechnologen haben es schwer, Nachwuchs zu finden. Doch Branchenverb\u00e4nde geben Gegensteuer und setzen auf Image-Kampagnen f\u00fcr ihre Lehrberufe, so etwa auch der Schweizerische Milchwirtschaftliche Verein SMV.\",\"breadcrumb\":{\"@id\":\"https:\\\/\\\/www.organisator.ch\\\/human-resources\\\/hrm\\\/2018-05-14\\\/unbeliebte-lehrberufe-image-offensiven-von-branchenverbaenden-zahlen-sich-aus\\\/#breadcrumb\"},\"inLanguage\":\"de\",\"potentialAction\":[{\"@type\":\"ReadAction\",\"target\":[\"https:\\\/\\\/www.organisator.ch\\\/human-resources\\\/hrm\\\/2018-05-14\\\/unbeliebte-lehrberufe-image-offensiven-von-branchenverbaenden-zahlen-sich-aus\\\/\"]}]},{\"@type\":\"ImageObject\",\"inLanguage\":\"de\",\"@id\":\"https:\\\/\\\/www.organisator.ch\\\/human-resources\\\/hrm\\\/2018-05-14\\\/unbeliebte-lehrberufe-image-offensiven-von-branchenverbaenden-zahlen-sich-aus\\\/#primaryimage\",\"url\":\"https:\\\/\\\/www.organisator.ch\\\/wp-content\\\/uploads\\\/2018\\\/05\\\/Unbeliebte-Lehrberufe-Image-Offensiven-von-Branchenverbaenden-zahlen-sich-aus_Organisator.jpg\",\"contentUrl\":\"https:\\\/\\\/www.organisator.ch\\\/wp-content\\\/uploads\\\/2018\\\/05\\\/Unbeliebte-Lehrberufe-Image-Offensiven-von-Branchenverbaenden-zahlen-sich-aus_Organisator.jpg\",\"width\":640,\"height\":427,\"caption\":\"Von wegen \\\"unbeliebte Lehrberufe\\\": Marcel Z\u00fcger, Felix Tschirky, Lucas Z\u00fcger, Diana Niggli, Walter R\u00e4ss, Jennifer Meier und Stefan Gasser beweisen, dass der Beruf des Milchtechnologen nach wie vor Zukunft hat. (Foto: Pressedienst SMV)\"},{\"@type\":\"BreadcrumbList\",\"@id\":\"https:\\\/\\\/www.organisator.ch\\\/human-resources\\\/hrm\\\/2018-05-14\\\/unbeliebte-lehrberufe-image-offensiven-von-branchenverbaenden-zahlen-sich-aus\\\/#breadcrumb\",\"itemListElement\":[{\"@type\":\"ListItem\",\"position\":1,\"name\":\"Home\",\"item\":\"https:\\\/\\\/www.organisator.ch\\\/\"},{\"@type\":\"ListItem\",\"position\":2,\"name\":\"&#8222;Unbeliebte&#8220; Lehrberufe: Image-Offensiven von Branchenverb\u00e4nden zahlen sich aus\"}]},{\"@type\":\"WebSite\",\"@id\":\"https:\\\/\\\/www.organisator.ch\\\/#website\",\"url\":\"https:\\\/\\\/www.organisator.ch\\\/\",\"name\":\"Organisator\",\"description\":\"Kompetent. Praxisnah. Der ORGANISATOR bereitet in 10 Ausgaben pro Jahr die wesentlichen Themen f\u00fcr F\u00fchrungskr\u00e4fte von KMU auf.\",\"publisher\":{\"@id\":\"https:\\\/\\\/www.organisator.ch\\\/#organization\"},\"potentialAction\":[{\"@type\":\"SearchAction\",\"target\":{\"@type\":\"EntryPoint\",\"urlTemplate\":\"https:\\\/\\\/www.organisator.ch\\\/?s={search_term_string}\"},\"query-input\":{\"@type\":\"PropertyValueSpecification\",\"valueRequired\":true,\"valueName\":\"search_term_string\"}}],\"inLanguage\":\"de\"},{\"@type\":\"Organization\",\"@id\":\"https:\\\/\\\/www.organisator.ch\\\/#organization\",\"name\":\"Organisator\",\"url\":\"https:\\\/\\\/www.organisator.ch\\\/\",\"logo\":{\"@type\":\"ImageObject\",\"inLanguage\":\"de\",\"@id\":\"https:\\\/\\\/www.organisator.ch\\\/#\\\/schema\\\/logo\\\/image\\\/\",\"url\":\"https:\\\/\\\/www.organisator.ch\\\/wp-content\\\/uploads\\\/2022\\\/01\\\/Logo_Organisator_Website.png\",\"contentUrl\":\"https:\\\/\\\/www.organisator.ch\\\/wp-content\\\/uploads\\\/2022\\\/01\\\/Logo_Organisator_Website.png\",\"width\":800,\"height\":77,\"caption\":\"Organisator\"},\"image\":{\"@id\":\"https:\\\/\\\/www.organisator.ch\\\/#\\\/schema\\\/logo\\\/image\\\/\"},\"sameAs\":[\"https:\\\/\\\/www.facebook.com\\\/OrganisatorFachmagazin\",\"https:\\\/\\\/www.linkedin.com\\\/showcase\\\/organisator-das-magazin-fr-kmu\",\"https:\\\/\\\/www.xing.com\\\/news\\\/pages\\\/organisator-ch-695\",\"https:\\\/\\\/www.youtube.com\\\/channel\\\/UCGP2Sq0iWaZwT3BdIAQFYpw\"]},{\"@type\":\"Person\",\"@id\":\"https:\\\/\\\/www.organisator.ch\\\/#\\\/schema\\\/person\\\/6f650f90b2842cd4c0cc334b4e36f67e\",\"name\":\"thomas.berner\",\"image\":{\"@type\":\"ImageObject\",\"inLanguage\":\"de\",\"@id\":\"https:\\\/\\\/secure.gravatar.com\\\/avatar\\\/ac5001d2a36cb6c6cd3e50789007ffca834b477b74a2144564522e944eabff61?s=96&d=mm&r=g\",\"url\":\"https:\\\/\\\/secure.gravatar.com\\\/avatar\\\/ac5001d2a36cb6c6cd3e50789007ffca834b477b74a2144564522e944eabff61?s=96&d=mm&r=g\",\"contentUrl\":\"https:\\\/\\\/secure.gravatar.com\\\/avatar\\\/ac5001d2a36cb6c6cd3e50789007ffca834b477b74a2144564522e944eabff61?s=96&d=mm&r=g\",\"caption\":\"thomas.berner\"},\"url\":\"https:\\\/\\\/www.organisator.ch\\\/de\\\/author\\\/thomas-berner\\\/\"}]}<\/script>\n<!-- \/ Yoast SEO plugin. -->","yoast_head_json":{"title":"\"Unbeliebte\" Lehrberufe: Image-Offensiven von Branchenverb\u00e4nden zahlen sich aus - Organisator","description":"Berufe wie Fleischfachmann oder Milchtechnologen haben es schwer, Nachwuchs zu finden. Doch Branchenverb\u00e4nde geben Gegensteuer und setzen auf Image-Kampagnen f\u00fcr ihre Lehrberufe, so etwa auch der Schweizerische Milchwirtschaftliche Verein SMV.","robots":{"index":"index","follow":"follow","max-snippet":"max-snippet:-1","max-image-preview":"max-image-preview:large","max-video-preview":"max-video-preview:-1"},"canonical":"https:\/\/www.organisator.ch\/de\/human-resources\/hrm\/2018-05-14\/unbeliebte-lehrberufe-image-offensiven-von-branchenverbaenden-zahlen-sich-aus\/","og_locale":"de_DE","og_type":"article","og_title":"\"Unbeliebte\" Lehrberufe: Image-Offensiven von Branchenverb\u00e4nden zahlen sich aus - Organisator","og_description":"Berufe wie #Fleischfachmann oder #Milchtechnologen haben es schwer, Nachwuchs zu finden. Doch Branchenverb\u00e4nde geben Gegensteuer und setzen auf Image-Kampagnen f\u00fcr ihre #Lehrberufe, so etwa auch der Schweizerische Milchwirtschaftliche Verein #SMV.","og_url":"https:\/\/www.organisator.ch\/de\/human-resources\/hrm\/2018-05-14\/unbeliebte-lehrberufe-image-offensiven-von-branchenverbaenden-zahlen-sich-aus\/","og_site_name":"Organisator","article_publisher":"https:\/\/www.facebook.com\/OrganisatorFachmagazin","article_published_time":"2018-05-14T07:34:11+00:00","og_image":[{"width":640,"height":427,"url":"https:\/\/www.organisator.ch\/wp-content\/uploads\/2018\/05\/Unbeliebte-Lehrberufe-Image-Offensiven-von-Branchenverbaenden-zahlen-sich-aus_Organisator.jpg","type":"image\/jpeg"}],"author":"thomas.berner","twitter_card":"summary_large_image","twitter_title":"\"Unbeliebte\" #Lehrberufe: Image-Offensiven von #Branchenverb\u00e4nden zahlen sich aus","twitter_description":"Berufe wie #Fleischfachmann oder #Milchtechnologen haben es schwer, Nachwuchs zu finden. Doch Branchenverb\u00e4nde geben Gegensteuer und setzen auf Image-Kampagnen f\u00fcr ihre #Lehrberufe, so etwa auch der Schweizerische Milchwirtschaftliche Verein #SMV.","twitter_image":"https:\/\/www.organisator.ch\/wp-content\/uploads\/2018\/05\/Unbeliebte-Lehrberufe-Image-Offensiven-von-Branchenverb\u00e4nden-zahlen-sich-aus_Organisator.jpg","schema":{"@context":"https:\/\/schema.org","@graph":[{"@type":"Article","@id":"https:\/\/www.organisator.ch\/human-resources\/hrm\/2018-05-14\/unbeliebte-lehrberufe-image-offensiven-von-branchenverbaenden-zahlen-sich-aus\/#article","isPartOf":{"@id":"https:\/\/www.organisator.ch\/human-resources\/hrm\/2018-05-14\/unbeliebte-lehrberufe-image-offensiven-von-branchenverbaenden-zahlen-sich-aus\/"},"author":{"name":"thomas.berner","@id":"https:\/\/www.organisator.ch\/#\/schema\/person\/6f650f90b2842cd4c0cc334b4e36f67e"},"headline":"&#8222;Unbeliebte&#8220; Lehrberufe: Image-Offensiven von Branchenverb\u00e4nden zahlen sich aus","datePublished":"2018-05-14T07:34:11+00:00","mainEntityOfPage":{"@id":"https:\/\/www.organisator.ch\/human-resources\/hrm\/2018-05-14\/unbeliebte-lehrberufe-image-offensiven-von-branchenverbaenden-zahlen-sich-aus\/"},"wordCount":619,"commentCount":0,"publisher":{"@id":"https:\/\/www.organisator.ch\/#organization"},"image":{"@id":"https:\/\/www.organisator.ch\/human-resources\/hrm\/2018-05-14\/unbeliebte-lehrberufe-image-offensiven-von-branchenverbaenden-zahlen-sich-aus\/#primaryimage"},"thumbnailUrl":"https:\/\/www.organisator.ch\/wp-content\/uploads\/2018\/05\/Unbeliebte-Lehrberufe-Image-Offensiven-von-Branchenverbaenden-zahlen-sich-aus_Organisator.jpg","keywords":["Aus-\/Weiterbildung","Berufswahl","Employer Branding","Karriere"],"articleSection":["HRM"],"inLanguage":"de"},{"@type":"WebPage","@id":"https:\/\/www.organisator.ch\/human-resources\/hrm\/2018-05-14\/unbeliebte-lehrberufe-image-offensiven-von-branchenverbaenden-zahlen-sich-aus\/","url":"https:\/\/www.organisator.ch\/human-resources\/hrm\/2018-05-14\/unbeliebte-lehrberufe-image-offensiven-von-branchenverbaenden-zahlen-sich-aus\/","name":"\"Unbeliebte\" Lehrberufe: Image-Offensiven von Branchenverb\u00e4nden zahlen sich aus - Organisator","isPartOf":{"@id":"https:\/\/www.organisator.ch\/#website"},"primaryImageOfPage":{"@id":"https:\/\/www.organisator.ch\/human-resources\/hrm\/2018-05-14\/unbeliebte-lehrberufe-image-offensiven-von-branchenverbaenden-zahlen-sich-aus\/#primaryimage"},"image":{"@id":"https:\/\/www.organisator.ch\/human-resources\/hrm\/2018-05-14\/unbeliebte-lehrberufe-image-offensiven-von-branchenverbaenden-zahlen-sich-aus\/#primaryimage"},"thumbnailUrl":"https:\/\/www.organisator.ch\/wp-content\/uploads\/2018\/05\/Unbeliebte-Lehrberufe-Image-Offensiven-von-Branchenverbaenden-zahlen-sich-aus_Organisator.jpg","datePublished":"2018-05-14T07:34:11+00:00","description":"Berufe wie Fleischfachmann oder Milchtechnologen haben es schwer, Nachwuchs zu finden. Doch Branchenverb\u00e4nde geben Gegensteuer und setzen auf Image-Kampagnen f\u00fcr ihre Lehrberufe, so etwa auch der Schweizerische Milchwirtschaftliche Verein SMV.","breadcrumb":{"@id":"https:\/\/www.organisator.ch\/human-resources\/hrm\/2018-05-14\/unbeliebte-lehrberufe-image-offensiven-von-branchenverbaenden-zahlen-sich-aus\/#breadcrumb"},"inLanguage":"de","potentialAction":[{"@type":"ReadAction","target":["https:\/\/www.organisator.ch\/human-resources\/hrm\/2018-05-14\/unbeliebte-lehrberufe-image-offensiven-von-branchenverbaenden-zahlen-sich-aus\/"]}]},{"@type":"ImageObject","inLanguage":"de","@id":"https:\/\/www.organisator.ch\/human-resources\/hrm\/2018-05-14\/unbeliebte-lehrberufe-image-offensiven-von-branchenverbaenden-zahlen-sich-aus\/#primaryimage","url":"https:\/\/www.organisator.ch\/wp-content\/uploads\/2018\/05\/Unbeliebte-Lehrberufe-Image-Offensiven-von-Branchenverbaenden-zahlen-sich-aus_Organisator.jpg","contentUrl":"https:\/\/www.organisator.ch\/wp-content\/uploads\/2018\/05\/Unbeliebte-Lehrberufe-Image-Offensiven-von-Branchenverbaenden-zahlen-sich-aus_Organisator.jpg","width":640,"height":427,"caption":"Von wegen \"unbeliebte Lehrberufe\": Marcel Z\u00fcger, Felix Tschirky, Lucas Z\u00fcger, Diana Niggli, Walter R\u00e4ss, Jennifer Meier und Stefan Gasser beweisen, dass der Beruf des Milchtechnologen nach wie vor Zukunft hat. (Foto: Pressedienst SMV)"},{"@type":"BreadcrumbList","@id":"https:\/\/www.organisator.ch\/human-resources\/hrm\/2018-05-14\/unbeliebte-lehrberufe-image-offensiven-von-branchenverbaenden-zahlen-sich-aus\/#breadcrumb","itemListElement":[{"@type":"ListItem","position":1,"name":"Home","item":"https:\/\/www.organisator.ch\/"},{"@type":"ListItem","position":2,"name":"&#8222;Unbeliebte&#8220; Lehrberufe: Image-Offensiven von Branchenverb\u00e4nden zahlen sich aus"}]},{"@type":"WebSite","@id":"https:\/\/www.organisator.ch\/#website","url":"https:\/\/www.organisator.ch\/","name":"Organisator","description":"Kompetent. Praxisnah. Der ORGANISATOR bereitet in 10 Ausgaben pro Jahr die wesentlichen Themen f\u00fcr F\u00fchrungskr\u00e4fte von KMU auf.","publisher":{"@id":"https:\/\/www.organisator.ch\/#organization"},"potentialAction":[{"@type":"SearchAction","target":{"@type":"EntryPoint","urlTemplate":"https:\/\/www.organisator.ch\/?s={search_term_string}"},"query-input":{"@type":"PropertyValueSpecification","valueRequired":true,"valueName":"search_term_string"}}],"inLanguage":"de"},{"@type":"Organization","@id":"https:\/\/www.organisator.ch\/#organization","name":"Organisator","url":"https:\/\/www.organisator.ch\/","logo":{"@type":"ImageObject","inLanguage":"de","@id":"https:\/\/www.organisator.ch\/#\/schema\/logo\/image\/","url":"https:\/\/www.organisator.ch\/wp-content\/uploads\/2022\/01\/Logo_Organisator_Website.png","contentUrl":"https:\/\/www.organisator.ch\/wp-content\/uploads\/2022\/01\/Logo_Organisator_Website.png","width":800,"height":77,"caption":"Organisator"},"image":{"@id":"https:\/\/www.organisator.ch\/#\/schema\/logo\/image\/"},"sameAs":["https:\/\/www.facebook.com\/OrganisatorFachmagazin","https:\/\/www.linkedin.com\/showcase\/organisator-das-magazin-fr-kmu","https:\/\/www.xing.com\/news\/pages\/organisator-ch-695","https:\/\/www.youtube.com\/channel\/UCGP2Sq0iWaZwT3BdIAQFYpw"]},{"@type":"Person","@id":"https:\/\/www.organisator.ch\/#\/schema\/person\/6f650f90b2842cd4c0cc334b4e36f67e","name":"thomas.berner","image":{"@type":"ImageObject","inLanguage":"de","@id":"https:\/\/secure.gravatar.com\/avatar\/ac5001d2a36cb6c6cd3e50789007ffca834b477b74a2144564522e944eabff61?s=96&d=mm&r=g","url":"https:\/\/secure.gravatar.com\/avatar\/ac5001d2a36cb6c6cd3e50789007ffca834b477b74a2144564522e944eabff61?s=96&d=mm&r=g","contentUrl":"https:\/\/secure.gravatar.com\/avatar\/ac5001d2a36cb6c6cd3e50789007ffca834b477b74a2144564522e944eabff61?s=96&d=mm&r=g","caption":"thomas.berner"},"url":"https:\/\/www.organisator.ch\/de\/author\/thomas-berner\/"}]}},"_links":{"self":[{"href":"https:\/\/www.organisator.ch\/de\/wp-json\/wp\/v2\/posts\/3574","targetHints":{"allow":["GET"]}}],"collection":[{"href":"https:\/\/www.organisator.ch\/de\/wp-json\/wp\/v2\/posts"}],"about":[{"href":"https:\/\/www.organisator.ch\/de\/wp-json\/wp\/v2\/types\/post"}],"author":[{"embeddable":true,"href":"https:\/\/www.organisator.ch\/de\/wp-json\/wp\/v2\/users\/4"}],"replies":[{"embeddable":true,"href":"https:\/\/www.organisator.ch\/de\/wp-json\/wp\/v2\/comments?post=3574"}],"version-history":[{"count":0,"href":"https:\/\/www.organisator.ch\/de\/wp-json\/wp\/v2\/posts\/3574\/revisions"}],"wp:featuredmedia":[{"embeddable":true,"href":"https:\/\/www.organisator.ch\/de\/wp-json\/wp\/v2\/media\/3576"}],"wp:attachment":[{"href":"https:\/\/www.organisator.ch\/de\/wp-json\/wp\/v2\/media?parent=3574"}],"wp:term":[{"taxonomy":"category","embeddable":true,"href":"https:\/\/www.organisator.ch\/de\/wp-json\/wp\/v2\/categories?post=3574"},{"taxonomy":"post_tag","embeddable":true,"href":"https:\/\/www.organisator.ch\/de\/wp-json\/wp\/v2\/tags?post=3574"}],"curies":[{"name":"wp","href":"https:\/\/api.w.org\/{rel}","templated":true}]}}