{"id":3577,"date":"2020-12-10T11:59:21","date_gmt":"2020-12-10T10:59:21","guid":{"rendered":"https:\/\/www.umweltperspektiven.ch\/?p=3577"},"modified":"2020-12-10T11:59:21","modified_gmt":"2020-12-10T10:59:21","slug":"oekobilanz-von-corona-masken-einweg-oder-stoff","status":"publish","type":"post","link":"https:\/\/www.organisator.ch\/de\/allgemein\/2020-12-10\/oekobilanz-von-corona-masken-einweg-oder-stoff\/","title":{"rendered":"\u00d6kobilanz von Corona-Masken \u2013 Einweg oder Stoff?"},"content":{"rendered":"<figure id=\"attachment_3578\" aria-describedby=\"caption-attachment-3578\" style=\"width: 680px\" class=\"wp-caption aligncenter\"><img loading=\"lazy\" decoding=\"async\" class=\"wp-image-3578 size-medium\" src=\"\/\/www.umweltperspektiven.ch\/wp-content\/uploads\/2020\/12\/maske-1.jpg\" alt=\"\u00d6kobilanz Masken\" width=\"680\" height=\"506\" \/><figcaption id=\"caption-attachment-3578\" class=\"wp-caption-text\">\u00a9 Depositphotos, Dragana Stock<\/figcaption><\/figure>\n<p>&nbsp;<\/p>\n<p>W\u00e4hrend der Coronavirus-Pandemie tragen wir sie st\u00e4ndig im Gesicht \u2013 Einwegmasken in weiss und blau oder Stoffmasken, so genannte Community Masken, in diversen Ausf\u00fchrungen. Millionenfach sind sie t\u00e4glich in Gebrauch. Sie landen je nach Typus danach direkt im Abfall oder k\u00f6nnen in der Waschmaschine gereinigt und wiederverwendet werden. Neben der Schutzfunktion der Masken ist deshalb auch ihre Umweltvertr\u00e4glichkeit ein Thema. Sind Einwegmasken eine Verschwendung von Material und belasten die Umwelt? Welche Faktoren beinflussen die Umweltbelastung am st\u00e4rksten und wie k\u00f6nnen Masken \u00f6kologisch nachhaltiger gestaltet werden? Forschende der Empa sind in einem interdisziplin\u00e4ren Team diesen Fragen auf den Grund gegangen und haben ihre Ergebnisse nun publiziert.<\/p>\n<p><strong>13 Masken pro Woche<\/strong><\/p>\n<p>F\u00fcr die Umweltbilanz haben die Forschenden chirurgische Einwegmasken mit Stoffmasken aus Baumwolle verglichen. \u00abEs handelt sich um eine erste, einfache \u00d6kobilanz, mit der wir die relevanten \u00f6kologischen Faktoren identifizieren konnten\u00bb, sagt Empa-Forscherin und Studienkoordinatorin Claudia Som von der Abteilung \u00abTechnologie und Gesellschaft\u00bb in St. Gallen. \u00abUnser Ziel war es, eine erste Grundlage zu schaffen, mit der sich Masken bereits in der Designphase bez\u00fcglich Nachhaltigkeit optimieren lassen\u00bb, so Som.<\/p>\n<p>Berechnet wurden dazu die Treibhausgasbilanz, der Energieverbrauch, der Wasserverbrauch sowie die Gesamtumweltbelastung (ausgedr\u00fcckt in sogenannten Umweltbelastungspunkten, UBP) von Produktion, Nutzung und Entsorgung der Masken. Dabei wurden die Effekte f\u00fcr eine Person betrachtet, die w\u00e4hrend einer Woche t\u00e4glich mit den \u00f6ffentlichen Verkehrsmitteln zur Arbeit f\u00e4hrt und dreimal Eink\u00e4ufe erledigt. Basierend auf den Empfehlungen der \u00abSwiss National Covid-19 Science Task Force\u00bb (<a href=\"\/\/www.ncs-tf.ch\">www.ncs-tf.ch<\/a>), nutzt diese Person pro Woche entweder zwei\u00a0 Stoffmasken, die nach Gebrauch bei 60\u00b0C gewaschen und nach f\u00fcnf Mal Waschen entsorgt werden, oder 13 chirurgische Einwegmasken aus Polypropylen.<\/p>\n<p><strong>Entscheidend: Nutzungsdauer einer Stoffmaske<br \/>\n<\/strong><br \/>\nDie Berechnungen zeigen, dass die Baumwoll-Stoffmasken bez\u00fcglich Energieverbrauch und Treibhausgasbilanz besser abschneiden als die chirurgischen Masken. Demgegen\u00fcber schneidet die chirurgische Maske bez\u00fcglich Wasserverbrauch und Gesamtumweltbelastung besser ab als das Pendant aus Baumwolle. \u00abDer Grund daf\u00fcr ist die wenig nachhaltige, ressourcen-intensive Baumwollproduktion\u00bb, sagt Empa-Forscher Roland Hischier.<\/p>\n<p>Die benutzten Datens\u00e4tze repr\u00e4sentieren die globale Durchschnittsproduktion. Im globalen Durchschnitt ist der Wasserverbrauch aufgrund der Bew\u00e4sserung, D\u00fcngung und Pestizidverwendung f\u00fcr die Baumwolle enorm hoch. \u00abW\u00fcrde man bei der Produktion auf Regionen mit hohem Anteil an Regen-Bew\u00e4sserung und auf Biobaumwolle oder gar auf rezyklierte Baumwolle setzen, s\u00e4he der sogenannte Wasserfussabdruck von Baumwollmasken sehr wahrscheinlich deutlich besser aus\u00bb, so Hischier.<\/p>\n<p>Das Waschen der Stoffmasken f\u00e4llt gegen\u00fcber der Produktion dagegen kaum ins Gewicht. \u00abDas heisst, dass die st\u00e4rkste Hebelwirkung bei der Nutzungsdauer der Stoffmasken liegt, da der gr\u00f6sste Teil der Umweltbelastung bei der Herstellung dieser Maske anf\u00e4llt.\u00bb<\/p>\n<p><strong>Spielraum f\u00fcr nachhaltiges Design<br \/>\n<\/strong><br \/>\nIn einem zweiten Schritt analysierten die Forschenden im Rahmen einer Sensitivit\u00e4tsanalyse die Auswirkungen von diversen Optionen im Design der Masken, die die Umweltbelastung reduzieren k\u00f6nnen. Dabei zeigte es sich, dass die Nutzungsdauer der Stoffmasken den gr\u00f6ssten Einfluss hat. Ab einer Gr\u00f6ssenordnung von etwa 20 Mal Waschen liegt die Stoffmaske aus Baumwolle nicht nur bez\u00fcglich dem Energieverbrauch und der Treibhausgasbilanz, sondern auch bez\u00fcglich der Gesamtumweltbelastung vorn. \u00abEs gibt Hersteller, die bereits heute 20 oder mehr Waschg\u00e4nge pro Maske erm\u00f6glichen\u00bb, sagt Melanie Schmutz, Hauptautorin der Studie.<\/p>\n<p>Weitere Faktoren, welche untersucht wurden, waren das Gewicht und die Waschtemperatur. Beim Gewicht zeigte es sich, dass eine Reduktion auf rund neun Gramm \u2013 statt zw\u00f6lf Gramm, wie in der urspr\u00fcnglichen Analyse \u2013 zu einer weiteren deutlichen Verringerung der Umweltbelastung f\u00fchrt. Eine Absenkung der Waschtemperaturen, zum Beispiel von 60 auf 40 oder 30 Grad, beeinflusst hingegen die Umweltbelastung kaum.<\/p>\n<p>Manche der gem\u00e4ss den Anforderungen der \u00abSwiss National Covid-19 Science Task Force\u00bb zertifizierten Stoffmasken bestehen aus anderen Materialien, zum Beispiel Polyester, die einen anderen Einfluss auf die Umwelt haben werden als Baumwolle. Zu diesen Masken kann diese erste \u00d6kobilanz-Studie keine Aussagen machen.<\/p>\n<p><strong>\u00d6ko-Littering und kompostierbare Einwegmasken<br \/>\n<\/strong><br \/>\nAls n\u00e4chstes planen die Forschenden zus\u00e4tzliche Faktoren in die \u00d6kobilanz einfliessen zu lassen, etwa weitere Materialien f\u00fcr Stoffmasken, antivirale und\/oder antibakterielle Beschichtungen, die auch die Tragedauer zwischen den Waschg\u00e4ngen erh\u00f6hen und somit deren \u00f6kologische Nachhaltigkeit weiter stark verbessern k\u00f6nnen, oder die Verpackung, die bei einzeln verkauften chirurgischen Masken einen anderen Stellenwert hat als bei Grosspackungen.<\/p>\n<p>\u00abEin weiterer oft diskutierter Punkt ist zudem die Umweltverschmutzung durch nicht korrekt entsorgte Masken\u00bb, sagt Empa-Forscherin Som. Wie relevant diese Eintragungen in die Umwelt sind, und ob zum Beispiel bio-kompostierbare Masken dabei helfen, die Umweltbelastung zu reduzieren, muss gekl\u00e4rt werden. Und bei all dem muss mitber\u00fccksichtigt werden, dass die Masken vor allem eines k\u00f6nnen m\u00fcssen: die Virus\u00fcbertragung wirksam unterbinden.<\/p>\n<p><em>Quelle: Empa<\/em><\/p>\n<p><em>Literatur: M Schmutz, R Hischier, T Batt, P Wick, B Nowack, P W\u00e4ger and C Som; Cotton and Surgical Masks \u2013 What Ecological Factors Are Relevant for Their Sustainability? Sustainability (2020); doi: 10.3390\/su122410245<\/em><\/p>\n<p>&nbsp;<\/p>\n","protected":false},"excerpt":{"rendered":"<p>&nbsp; W\u00e4hrend der Coronavirus-Pandemie tragen wir sie st\u00e4ndig im Gesicht \u2013 Einwegmasken in weiss und blau oder Stoffmasken, so genannte Community Masken, in diversen Ausf\u00fchrungen. Millionenfach sind sie t\u00e4glich in Gebrauch. Sie landen je nach Typus danach direkt im Abfall oder k\u00f6nnen in der Waschmaschine gereinigt und wiederverwendet werden. Neben der Schutzfunktion der Masken ist [&hellip;]<\/p>\n","protected":false},"author":6,"featured_media":9744,"comment_status":"closed","ping_status":"closed","sticky":false,"template":"","format":"standard","meta":{"_acf_changed":false,"_yoast_wpseo_focuskw":"\u00d6kobilanz Masken","_yoast_wpseo_metadesc":"Umweltbelastung von Covid-Masken: Empa-Forschende sind dieser Fragen am Beispiel von Baumwoll- und Einwegmasken mittels \u00d6kobilanzanalysen nachgegangen.","articlekey":"","footnotes":""},"categories":[1],"tags":[948,1052,1865],"class_list":["post-3577","post","type-post","status-publish","format-standard","has-post-thumbnail","hentry","category-allgemein","tag-corona-masken","tag-empa","tag-oekobilanz"],"acf":[],"yoast_head":"<!-- This site is optimized with the Yoast SEO plugin v27.5 - https:\/\/yoast.com\/product\/yoast-seo-wordpress\/ -->\n<title>\u00d6kobilanz von Corona-Masken \u2013 Einweg oder Stoff? - Organisator<\/title>\n<meta name=\"description\" content=\"Umweltbelastung von Covid-Masken: Empa-Forschende sind dieser Fragen am Beispiel von Baumwoll- und Einwegmasken mittels \u00d6kobilanzanalysen nachgegangen.\" \/>\n<meta name=\"robots\" content=\"index, follow, max-snippet:-1, max-image-preview:large, max-video-preview:-1\" \/>\n<link rel=\"canonical\" href=\"https:\/\/www.organisator.ch\/de\/allgemein\/2020-12-10\/oekobilanz-von-corona-masken-einweg-oder-stoff\/\" \/>\n<meta property=\"og:locale\" content=\"de_DE\" \/>\n<meta property=\"og:type\" content=\"article\" \/>\n<meta property=\"og:title\" content=\"\u00d6kobilanz von Corona-Masken \u2013 Einweg oder Stoff? - Organisator\" \/>\n<meta property=\"og:description\" content=\"Umweltbelastung von Covid-Masken: Empa-Forschende sind dieser Fragen am Beispiel von Baumwoll- und Einwegmasken mittels \u00d6kobilanzanalysen nachgegangen.\" \/>\n<meta property=\"og:url\" content=\"https:\/\/www.organisator.ch\/de\/allgemein\/2020-12-10\/oekobilanz-von-corona-masken-einweg-oder-stoff\/\" \/>\n<meta property=\"og:site_name\" content=\"Organisator\" \/>\n<meta property=\"article:publisher\" content=\"https:\/\/www.facebook.com\/OrganisatorFachmagazin\" \/>\n<meta property=\"article:published_time\" content=\"2020-12-10T10:59:21+00:00\" \/>\n<meta property=\"og:image\" content=\"https:\/\/www.organisator.ch\/wp-content\/uploads\/2020\/12\/maske-1.jpg\" \/>\n\t<meta property=\"og:image:width\" content=\"791\" \/>\n\t<meta property=\"og:image:height\" content=\"589\" \/>\n\t<meta property=\"og:image:type\" content=\"image\/jpeg\" \/>\n<meta name=\"author\" content=\"roger.straessle\" \/>\n<meta name=\"twitter:card\" content=\"summary_large_image\" \/>\n<script type=\"application\/ld+json\" class=\"yoast-schema-graph\">{\"@context\":\"https:\\\/\\\/schema.org\",\"@graph\":[{\"@type\":\"Article\",\"@id\":\"https:\\\/\\\/www.organisator.ch\\\/en\\\/general\\\/2020-12-10\\\/oekobilanz-von-corona-masken-einweg-oder-stoff\\\/#article\",\"isPartOf\":{\"@id\":\"https:\\\/\\\/www.organisator.ch\\\/en\\\/general\\\/2020-12-10\\\/oekobilanz-von-corona-masken-einweg-oder-stoff\\\/\"},\"author\":{\"name\":\"roger.straessle\",\"@id\":\"https:\\\/\\\/www.organisator.ch\\\/#\\\/schema\\\/person\\\/a800b8c54e208b160517a7dcc323161d\"},\"headline\":\"\u00d6kobilanz von Corona-Masken \u2013 Einweg oder Stoff?\",\"datePublished\":\"2020-12-10T10:59:21+00:00\",\"mainEntityOfPage\":{\"@id\":\"https:\\\/\\\/www.organisator.ch\\\/en\\\/general\\\/2020-12-10\\\/oekobilanz-von-corona-masken-einweg-oder-stoff\\\/\"},\"wordCount\":818,\"publisher\":{\"@id\":\"https:\\\/\\\/www.organisator.ch\\\/#organization\"},\"image\":{\"@id\":\"https:\\\/\\\/www.organisator.ch\\\/en\\\/general\\\/2020-12-10\\\/oekobilanz-von-corona-masken-einweg-oder-stoff\\\/#primaryimage\"},\"thumbnailUrl\":\"https:\\\/\\\/www.organisator.ch\\\/wp-content\\\/uploads\\\/2020\\\/12\\\/maske-1.jpg\",\"keywords\":[\"Corona-Masken\",\"Empa\",\"\u00d6kobilanz\"],\"inLanguage\":\"de\"},{\"@type\":\"WebPage\",\"@id\":\"https:\\\/\\\/www.organisator.ch\\\/en\\\/general\\\/2020-12-10\\\/oekobilanz-von-corona-masken-einweg-oder-stoff\\\/\",\"url\":\"https:\\\/\\\/www.organisator.ch\\\/en\\\/general\\\/2020-12-10\\\/oekobilanz-von-corona-masken-einweg-oder-stoff\\\/\",\"name\":\"\u00d6kobilanz von Corona-Masken \u2013 Einweg oder Stoff? - Organisator\",\"isPartOf\":{\"@id\":\"https:\\\/\\\/www.organisator.ch\\\/#website\"},\"primaryImageOfPage\":{\"@id\":\"https:\\\/\\\/www.organisator.ch\\\/en\\\/general\\\/2020-12-10\\\/oekobilanz-von-corona-masken-einweg-oder-stoff\\\/#primaryimage\"},\"image\":{\"@id\":\"https:\\\/\\\/www.organisator.ch\\\/en\\\/general\\\/2020-12-10\\\/oekobilanz-von-corona-masken-einweg-oder-stoff\\\/#primaryimage\"},\"thumbnailUrl\":\"https:\\\/\\\/www.organisator.ch\\\/wp-content\\\/uploads\\\/2020\\\/12\\\/maske-1.jpg\",\"datePublished\":\"2020-12-10T10:59:21+00:00\",\"description\":\"Umweltbelastung von Covid-Masken: Empa-Forschende sind dieser Fragen am Beispiel von Baumwoll- und Einwegmasken mittels \u00d6kobilanzanalysen nachgegangen.\",\"breadcrumb\":{\"@id\":\"https:\\\/\\\/www.organisator.ch\\\/en\\\/general\\\/2020-12-10\\\/oekobilanz-von-corona-masken-einweg-oder-stoff\\\/#breadcrumb\"},\"inLanguage\":\"de\",\"potentialAction\":[{\"@type\":\"ReadAction\",\"target\":[\"https:\\\/\\\/www.organisator.ch\\\/en\\\/general\\\/2020-12-10\\\/oekobilanz-von-corona-masken-einweg-oder-stoff\\\/\"]}]},{\"@type\":\"ImageObject\",\"inLanguage\":\"de\",\"@id\":\"https:\\\/\\\/www.organisator.ch\\\/en\\\/general\\\/2020-12-10\\\/oekobilanz-von-corona-masken-einweg-oder-stoff\\\/#primaryimage\",\"url\":\"https:\\\/\\\/www.organisator.ch\\\/wp-content\\\/uploads\\\/2020\\\/12\\\/maske-1.jpg\",\"contentUrl\":\"https:\\\/\\\/www.organisator.ch\\\/wp-content\\\/uploads\\\/2020\\\/12\\\/maske-1.jpg\",\"width\":791,\"height\":589,\"caption\":\"\u00a9 Depositphotos, Dragana Stock\"},{\"@type\":\"BreadcrumbList\",\"@id\":\"https:\\\/\\\/www.organisator.ch\\\/en\\\/general\\\/2020-12-10\\\/oekobilanz-von-corona-masken-einweg-oder-stoff\\\/#breadcrumb\",\"itemListElement\":[{\"@type\":\"ListItem\",\"position\":1,\"name\":\"Home\",\"item\":\"https:\\\/\\\/www.organisator.ch\\\/\"},{\"@type\":\"ListItem\",\"position\":2,\"name\":\"\u00d6kobilanz von Corona-Masken \u2013 Einweg oder Stoff?\"}]},{\"@type\":\"WebSite\",\"@id\":\"https:\\\/\\\/www.organisator.ch\\\/#website\",\"url\":\"https:\\\/\\\/www.organisator.ch\\\/\",\"name\":\"Organisator\",\"description\":\"Kompetent. Praxisnah. Der ORGANISATOR bereitet in 10 Ausgaben pro Jahr die wesentlichen Themen f\u00fcr F\u00fchrungskr\u00e4fte von KMU auf.\",\"publisher\":{\"@id\":\"https:\\\/\\\/www.organisator.ch\\\/#organization\"},\"potentialAction\":[{\"@type\":\"SearchAction\",\"target\":{\"@type\":\"EntryPoint\",\"urlTemplate\":\"https:\\\/\\\/www.organisator.ch\\\/?s={search_term_string}\"},\"query-input\":{\"@type\":\"PropertyValueSpecification\",\"valueRequired\":true,\"valueName\":\"search_term_string\"}}],\"inLanguage\":\"de\"},{\"@type\":\"Organization\",\"@id\":\"https:\\\/\\\/www.organisator.ch\\\/#organization\",\"name\":\"Organisator\",\"url\":\"https:\\\/\\\/www.organisator.ch\\\/\",\"logo\":{\"@type\":\"ImageObject\",\"inLanguage\":\"de\",\"@id\":\"https:\\\/\\\/www.organisator.ch\\\/#\\\/schema\\\/logo\\\/image\\\/\",\"url\":\"https:\\\/\\\/www.organisator.ch\\\/wp-content\\\/uploads\\\/2022\\\/01\\\/Logo_Organisator_Website.png\",\"contentUrl\":\"https:\\\/\\\/www.organisator.ch\\\/wp-content\\\/uploads\\\/2022\\\/01\\\/Logo_Organisator_Website.png\",\"width\":800,\"height\":77,\"caption\":\"Organisator\"},\"image\":{\"@id\":\"https:\\\/\\\/www.organisator.ch\\\/#\\\/schema\\\/logo\\\/image\\\/\"},\"sameAs\":[\"https:\\\/\\\/www.facebook.com\\\/OrganisatorFachmagazin\",\"https:\\\/\\\/www.linkedin.com\\\/showcase\\\/organisator-das-magazin-fr-kmu\",\"https:\\\/\\\/www.xing.com\\\/news\\\/pages\\\/organisator-ch-695\",\"https:\\\/\\\/www.youtube.com\\\/channel\\\/UCGP2Sq0iWaZwT3BdIAQFYpw\"]},{\"@type\":\"Person\",\"@id\":\"https:\\\/\\\/www.organisator.ch\\\/#\\\/schema\\\/person\\\/a800b8c54e208b160517a7dcc323161d\",\"name\":\"roger.straessle\",\"image\":{\"@type\":\"ImageObject\",\"inLanguage\":\"de\",\"@id\":\"https:\\\/\\\/secure.gravatar.com\\\/avatar\\\/?s=96&d=mm&r=g\",\"url\":\"https:\\\/\\\/secure.gravatar.com\\\/avatar\\\/?s=96&d=mm&r=g\",\"contentUrl\":\"https:\\\/\\\/secure.gravatar.com\\\/avatar\\\/?s=96&d=mm&r=g\",\"caption\":\"roger.straessle\"},\"url\":\"https:\\\/\\\/www.organisator.ch\\\/de\\\/author\\\/roger-straessle\\\/\"}]}<\/script>\n<!-- \/ Yoast SEO plugin. -->","yoast_head_json":{"title":"\u00d6kobilanz von Corona-Masken \u2013 Einweg oder Stoff? - Organisator","description":"Umweltbelastung von Covid-Masken: Empa-Forschende sind dieser Fragen am Beispiel von Baumwoll- und Einwegmasken mittels \u00d6kobilanzanalysen nachgegangen.","robots":{"index":"index","follow":"follow","max-snippet":"max-snippet:-1","max-image-preview":"max-image-preview:large","max-video-preview":"max-video-preview:-1"},"canonical":"https:\/\/www.organisator.ch\/de\/allgemein\/2020-12-10\/oekobilanz-von-corona-masken-einweg-oder-stoff\/","og_locale":"de_DE","og_type":"article","og_title":"\u00d6kobilanz von Corona-Masken \u2013 Einweg oder Stoff? - Organisator","og_description":"Umweltbelastung von Covid-Masken: Empa-Forschende sind dieser Fragen am Beispiel von Baumwoll- und Einwegmasken mittels \u00d6kobilanzanalysen nachgegangen.","og_url":"https:\/\/www.organisator.ch\/de\/allgemein\/2020-12-10\/oekobilanz-von-corona-masken-einweg-oder-stoff\/","og_site_name":"Organisator","article_publisher":"https:\/\/www.facebook.com\/OrganisatorFachmagazin","article_published_time":"2020-12-10T10:59:21+00:00","og_image":[{"width":791,"height":589,"url":"https:\/\/www.organisator.ch\/wp-content\/uploads\/2020\/12\/maske-1.jpg","type":"image\/jpeg"}],"author":"roger.straessle","twitter_card":"summary_large_image","schema":{"@context":"https:\/\/schema.org","@graph":[{"@type":"Article","@id":"https:\/\/www.organisator.ch\/en\/general\/2020-12-10\/oekobilanz-von-corona-masken-einweg-oder-stoff\/#article","isPartOf":{"@id":"https:\/\/www.organisator.ch\/en\/general\/2020-12-10\/oekobilanz-von-corona-masken-einweg-oder-stoff\/"},"author":{"name":"roger.straessle","@id":"https:\/\/www.organisator.ch\/#\/schema\/person\/a800b8c54e208b160517a7dcc323161d"},"headline":"\u00d6kobilanz von Corona-Masken \u2013 Einweg oder Stoff?","datePublished":"2020-12-10T10:59:21+00:00","mainEntityOfPage":{"@id":"https:\/\/www.organisator.ch\/en\/general\/2020-12-10\/oekobilanz-von-corona-masken-einweg-oder-stoff\/"},"wordCount":818,"publisher":{"@id":"https:\/\/www.organisator.ch\/#organization"},"image":{"@id":"https:\/\/www.organisator.ch\/en\/general\/2020-12-10\/oekobilanz-von-corona-masken-einweg-oder-stoff\/#primaryimage"},"thumbnailUrl":"https:\/\/www.organisator.ch\/wp-content\/uploads\/2020\/12\/maske-1.jpg","keywords":["Corona-Masken","Empa","\u00d6kobilanz"],"inLanguage":"de"},{"@type":"WebPage","@id":"https:\/\/www.organisator.ch\/en\/general\/2020-12-10\/oekobilanz-von-corona-masken-einweg-oder-stoff\/","url":"https:\/\/www.organisator.ch\/en\/general\/2020-12-10\/oekobilanz-von-corona-masken-einweg-oder-stoff\/","name":"\u00d6kobilanz von Corona-Masken \u2013 Einweg oder Stoff? - Organisator","isPartOf":{"@id":"https:\/\/www.organisator.ch\/#website"},"primaryImageOfPage":{"@id":"https:\/\/www.organisator.ch\/en\/general\/2020-12-10\/oekobilanz-von-corona-masken-einweg-oder-stoff\/#primaryimage"},"image":{"@id":"https:\/\/www.organisator.ch\/en\/general\/2020-12-10\/oekobilanz-von-corona-masken-einweg-oder-stoff\/#primaryimage"},"thumbnailUrl":"https:\/\/www.organisator.ch\/wp-content\/uploads\/2020\/12\/maske-1.jpg","datePublished":"2020-12-10T10:59:21+00:00","description":"Umweltbelastung von Covid-Masken: Empa-Forschende sind dieser Fragen am Beispiel von Baumwoll- und Einwegmasken mittels \u00d6kobilanzanalysen nachgegangen.","breadcrumb":{"@id":"https:\/\/www.organisator.ch\/en\/general\/2020-12-10\/oekobilanz-von-corona-masken-einweg-oder-stoff\/#breadcrumb"},"inLanguage":"de","potentialAction":[{"@type":"ReadAction","target":["https:\/\/www.organisator.ch\/en\/general\/2020-12-10\/oekobilanz-von-corona-masken-einweg-oder-stoff\/"]}]},{"@type":"ImageObject","inLanguage":"de","@id":"https:\/\/www.organisator.ch\/en\/general\/2020-12-10\/oekobilanz-von-corona-masken-einweg-oder-stoff\/#primaryimage","url":"https:\/\/www.organisator.ch\/wp-content\/uploads\/2020\/12\/maske-1.jpg","contentUrl":"https:\/\/www.organisator.ch\/wp-content\/uploads\/2020\/12\/maske-1.jpg","width":791,"height":589,"caption":"\u00a9 Depositphotos, Dragana Stock"},{"@type":"BreadcrumbList","@id":"https:\/\/www.organisator.ch\/en\/general\/2020-12-10\/oekobilanz-von-corona-masken-einweg-oder-stoff\/#breadcrumb","itemListElement":[{"@type":"ListItem","position":1,"name":"Home","item":"https:\/\/www.organisator.ch\/"},{"@type":"ListItem","position":2,"name":"\u00d6kobilanz von Corona-Masken \u2013 Einweg oder Stoff?"}]},{"@type":"WebSite","@id":"https:\/\/www.organisator.ch\/#website","url":"https:\/\/www.organisator.ch\/","name":"Organisator","description":"Kompetent. Praxisnah. Der ORGANISATOR bereitet in 10 Ausgaben pro Jahr die wesentlichen Themen f\u00fcr F\u00fchrungskr\u00e4fte von KMU auf.","publisher":{"@id":"https:\/\/www.organisator.ch\/#organization"},"potentialAction":[{"@type":"SearchAction","target":{"@type":"EntryPoint","urlTemplate":"https:\/\/www.organisator.ch\/?s={search_term_string}"},"query-input":{"@type":"PropertyValueSpecification","valueRequired":true,"valueName":"search_term_string"}}],"inLanguage":"de"},{"@type":"Organization","@id":"https:\/\/www.organisator.ch\/#organization","name":"Organisator","url":"https:\/\/www.organisator.ch\/","logo":{"@type":"ImageObject","inLanguage":"de","@id":"https:\/\/www.organisator.ch\/#\/schema\/logo\/image\/","url":"https:\/\/www.organisator.ch\/wp-content\/uploads\/2022\/01\/Logo_Organisator_Website.png","contentUrl":"https:\/\/www.organisator.ch\/wp-content\/uploads\/2022\/01\/Logo_Organisator_Website.png","width":800,"height":77,"caption":"Organisator"},"image":{"@id":"https:\/\/www.organisator.ch\/#\/schema\/logo\/image\/"},"sameAs":["https:\/\/www.facebook.com\/OrganisatorFachmagazin","https:\/\/www.linkedin.com\/showcase\/organisator-das-magazin-fr-kmu","https:\/\/www.xing.com\/news\/pages\/organisator-ch-695","https:\/\/www.youtube.com\/channel\/UCGP2Sq0iWaZwT3BdIAQFYpw"]},{"@type":"Person","@id":"https:\/\/www.organisator.ch\/#\/schema\/person\/a800b8c54e208b160517a7dcc323161d","name":"roger.straessle","image":{"@type":"ImageObject","inLanguage":"de","@id":"https:\/\/secure.gravatar.com\/avatar\/?s=96&d=mm&r=g","url":"https:\/\/secure.gravatar.com\/avatar\/?s=96&d=mm&r=g","contentUrl":"https:\/\/secure.gravatar.com\/avatar\/?s=96&d=mm&r=g","caption":"roger.straessle"},"url":"https:\/\/www.organisator.ch\/de\/author\/roger-straessle\/"}]}},"_links":{"self":[{"href":"https:\/\/www.organisator.ch\/de\/wp-json\/wp\/v2\/posts\/3577","targetHints":{"allow":["GET"]}}],"collection":[{"href":"https:\/\/www.organisator.ch\/de\/wp-json\/wp\/v2\/posts"}],"about":[{"href":"https:\/\/www.organisator.ch\/de\/wp-json\/wp\/v2\/types\/post"}],"author":[{"embeddable":true,"href":"https:\/\/www.organisator.ch\/de\/wp-json\/wp\/v2\/users\/6"}],"replies":[{"embeddable":true,"href":"https:\/\/www.organisator.ch\/de\/wp-json\/wp\/v2\/comments?post=3577"}],"version-history":[{"count":0,"href":"https:\/\/www.organisator.ch\/de\/wp-json\/wp\/v2\/posts\/3577\/revisions"}],"wp:featuredmedia":[{"embeddable":true,"href":"https:\/\/www.organisator.ch\/de\/wp-json\/wp\/v2\/media\/9744"}],"wp:attachment":[{"href":"https:\/\/www.organisator.ch\/de\/wp-json\/wp\/v2\/media?parent=3577"}],"wp:term":[{"taxonomy":"category","embeddable":true,"href":"https:\/\/www.organisator.ch\/de\/wp-json\/wp\/v2\/categories?post=3577"},{"taxonomy":"post_tag","embeddable":true,"href":"https:\/\/www.organisator.ch\/de\/wp-json\/wp\/v2\/tags?post=3577"}],"curies":[{"name":"wp","href":"https:\/\/api.w.org\/{rel}","templated":true}]}}