{"id":35775,"date":"2025-02-04T16:08:14","date_gmt":"2025-02-04T15:08:14","guid":{"rendered":"https:\/\/www.organisator.ch\/?p=35775"},"modified":"2025-02-04T16:08:14","modified_gmt":"2025-02-04T15:08:14","slug":"wettbewerbsfaehigkeit-und-sicherheit-staerken","status":"publish","type":"post","link":"https:\/\/www.organisator.ch\/de\/management\/2025-02-04\/wettbewerbsfaehigkeit-und-sicherheit-staerken\/","title":{"rendered":"Wettbewerbsf\u00e4higkeit und Sicherheit st\u00e4rken"},"content":{"rendered":"<figure id=\"attachment_35776\" aria-describedby=\"caption-attachment-35776\" style=\"width: 680px\" class=\"wp-caption alignnone\"><img loading=\"lazy\" decoding=\"async\" class=\"size-full wp-image-35776\" src=\"https:\/\/www.organisator.ch\/wp-content\/uploads\/2025\/02\/Economiesuisse_Bild1_ps.jpg\" alt=\"\" width=\"680\" height=\"408\" srcset=\"https:\/\/www.organisator.ch\/wp-content\/uploads\/2025\/02\/Economiesuisse_Bild1_ps.jpg 680w, https:\/\/www.organisator.ch\/wp-content\/uploads\/2025\/02\/Economiesuisse_Bild1_ps-18x12.jpg 18w, https:\/\/www.organisator.ch\/wp-content\/uploads\/2025\/02\/Economiesuisse_Bild1_ps-375x225.jpg 375w, https:\/\/www.organisator.ch\/wp-content\/uploads\/2025\/02\/Economiesuisse_Bild1_ps-583x350.jpg 583w\" sizes=\"auto, (max-width: 680px) 100vw, 680px\" \/><figcaption id=\"caption-attachment-35776\" class=\"wp-caption-text\">Die Schweiz muss wichtige Reformen vorantreiben, um im internationalen Wettbewerb zu bestehen und ihre Attraktivit\u00e4t zu st\u00e4rken. (Bild: www.depositphotos.com)<\/figcaption><\/figure>\n<p>Der neue US-Pr\u00e4sident Donald Trump setzt klare Zeichen: Steuern sollen gesenkt, die Regulierung entschlackt und Z\u00f6lle erh\u00f6ht werden. Von Europa fordert der US-Pr\u00e4sident, mehr f\u00fcr die Sicherheit zu tun. Die Schweiz muss in diesem geopolitisch und weltwirtschaftlich anspruchsvollen Umfeld bestm\u00f6glich navigieren und ihre eigene Attraktivit\u00e4t st\u00e4rken. Die heutige Jahresmedienkonferenz des Wirtschaftsdachverbands Economiesuisse steht entsprechend ganz im Zeichen der grossen Reformprojekte.<\/p>\n<p>\u00a0\u00abWir m\u00fcssen Blockaden und Partikularinteressen \u00fcberwinden. Um Wohlstand und Sicherheit zu gew\u00e4hrleisten, braucht es jetzt Gemeinsinn und mutige Entscheide\u00bb, betont Christoph M\u00e4der, Pr\u00e4sident von Economiesuisse. Mit dem Entlastungspaket stehen die Bundesfinanzen vor der Bew\u00e4hrungsprobe. F\u00fcr die Wirtschaft ist zentral, dass der Finanzhaushalt langfristig auf ein solides Fundament gestellt wird. Nur so kann auch Spielraum geschaffen werden, um in die Sicherheit und Verteidigungsf\u00e4higkeit investieren zu k\u00f6nnen.<\/p>\n<h3><strong>Europapolitik: Innenpolitische Umsetzung ist des Pudels Kern<\/strong><\/h3>\n<p>F\u00fcr den Standort Schweiz ist es essenziell, dass der bilaterale Weg mit der Europ\u00e4ischen Union (EU) stabilisiert wird. \u00abWir sind \u00fcberzeugt, dass der bilaterale Weg der massgeschneiderte Weg f\u00fcr die Schweiz ist: Dort, wo wir Marktzugang oder eine Zusammenarbeit m\u00f6chten, schliessen wir Vertr\u00e4ge ab und einigen uns auf gemeinsame Spielregeln. In jenen Bereichen wiederum, in denen wir keine Vertr\u00e4ge m\u00f6chten, lassen wir es sein\u00bb, sagt Monika R\u00fchl, Vorsitzende der Gesch\u00e4ftsleitung. Soweit die Inhalte des aussenpolitisch ausgehandelten Vertragspakets bekannt sind, kann aus Sicht der Wirtschaft ein erstes positives Fazit zum Paket gezogen werden: Mit der Aktualisierung der bestehenden Binnenmarktabkommen kann der Zugang zum EU-Binnenmarkt langfristig auf solide Beine gestellt werden.<\/p>\n<p>Die Programme zur Zusammenarbeit in ausgew\u00e4hlten Bereichen, insbesondere in der Forschung und Entwicklung \u00fcber Horizon Europe, bewertet Economiesuisse ausdr\u00fccklich positiv. Die Wirtschaft begr\u00fcsst auch, dass im Abkommen \u00fcber die Personenfreiz\u00fcgigkeit die Schutzklausel konkretisiert werden konnte. Diese bildet die Grundlage, um bei schwerwiegenden Problemen Massnahmen ergreifen zu k\u00f6nnen. Nun steht die innenpolitische Umsetzung an. Die konkreten Vorschl\u00e4ge zur Umsetzung des Vertragspakets sind f\u00fcr die abschliessende Gesamtbeurteilung des Pakets entscheidend. Diese liegen derzeit noch nicht vor. Klar ist jedoch: Der flexible Arbeitsmarkt steht nicht zur Disposition.<\/p>\n<h3><strong>Bankenregulierung: Gemeinsam sind wir stark<\/strong><\/h3>\n<p>Die Schweiz braucht eine starke UBS. Die Exportwirtschaft ist darauf angewiesen, dass eine international bestens vernetzte globale Bank ihre Gesch\u00e4ftst\u00e4tigkeiten im Ausland begleiten, finanzieren und unterst\u00fctzen kann. Es ist in unser aller Interesse, dass die UBS wettbewerbsf\u00e4hig ist. Es w\u00e4re deshalb falsch, die UBS mit Auflagen zu belasten, die sie im internationalen Wettbewerb behindern. Das bedeutet aber nicht, dass die bestehende Bankenregulierung nicht optimiert werden muss.<\/p>\n<p>Wichtig ist, dass das Richtige getan wird und dort angesetzt wird, wo effektiv Handlungsbedarf besteht. Der Bericht der Parlamentarischen Untersuchungskommission (PUK) hat gezeigt, dass in erster Linie das unzureichende Management der Credit Suisse, die nicht ausgesch\u00f6pften Aufsichtsinstrumente der FINMA und die ungen\u00fcgende Zusammenarbeit der Beh\u00f6rden die Hauptprobleme waren. Hinsichtlich der regulatorischen Rahmenbedingungen ist aus Sicht der Wirtschaft eine international abgestimmte Vorgehensweise zentral, um die Wettbewerbsf\u00e4higkeit des Finanzplatzes zu sichern.<\/p>\n<h3><strong>Umweltverantwortungsinitiative: Klares Nein<\/strong><\/h3>\n<p>Am 9. Februar stimmt die Schweizer Bev\u00f6lkerung \u00fcber die Umweltverantwortungsinitiative der Jungen Gr\u00fcnen ab. Die Folgen bei einer Annahme w\u00e4ren h\u00f6here Preise, Konsumverbote und umfassende regulatorische Vorschriften. Die Initiative ist ein Beispiel neben vielen weiteren, die aufzeigen: Anstatt an tragf\u00e4higen Kompromissen zu arbeiten, werden utopische Ziele gesetzt und der Standort Schweiz gef\u00e4hrdet. Economiesuisse lehnt die Initiative klar ab und engagiert sich im Rahmen der Kampagne f\u00fcr ein Nein.<\/p>\n<p><em>Quelle: <a href=\"http:\/\/www.economiesuisse.ch\">www.economiesuisse.ch<\/a><\/em><\/p>\n","protected":false},"excerpt":{"rendered":"<p>Die USA fordern die Welt heraus. Der Standortwettbewerb wird sich deutlich intensivieren. Die Schweiz ist gefordert, wichtige wirtschaftspolitische Reformen voranzubringen. Dazu braucht es Gemeinsinn und mutige Entscheide. Ohne breiten politischen Schulterschluss gelingt es nicht, die Bundesfinanzen auf ein solides Fundament zu stellen. Einen breiten Schulterschluss braucht es auch, um den bilateralen Weg zu sichern. <\/p>\n","protected":false},"author":80,"featured_media":35776,"comment_status":"closed","ping_status":"closed","sticky":false,"template":"","format":"standard","meta":{"_acf_changed":false,"_yoast_wpseo_focuskw":"Standortwettbewerb Schweiz","_yoast_wpseo_metadesc":"Die Schweiz muss wichtige Reformen vorantreiben, um im internationalen Wettbewerb zu bestehen und ihre Attraktivit\u00e4t zu st\u00e4rken.","articlekey":"","footnotes":""},"categories":[28],"tags":[386,424,434,5064,2421,522],"class_list":["post-35775","post","type-post","status-publish","format-standard","has-post-thumbnail","hentry","category-management","tag-politik","tag-schweiz","tag-sicherheit","tag-standortwettbewerb","tag-usa","tag-wettbewerb"],"acf":[],"yoast_head":"<!-- This site is optimized with the Yoast SEO plugin v27.4 - https:\/\/yoast.com\/product\/yoast-seo-wordpress\/ -->\n<title>Wettbewerbsf\u00e4higkeit und Sicherheit st\u00e4rken - Organisator<\/title>\n<meta name=\"description\" content=\"Die Schweiz muss wichtige Reformen vorantreiben, um im internationalen Wettbewerb zu bestehen und ihre Attraktivit\u00e4t zu st\u00e4rken.\" \/>\n<meta name=\"robots\" content=\"index, follow, max-snippet:-1, max-image-preview:large, max-video-preview:-1\" \/>\n<link rel=\"canonical\" href=\"https:\/\/www.organisator.ch\/de\/management\/2025-02-04\/wettbewerbsfaehigkeit-und-sicherheit-staerken\/\" \/>\n<meta property=\"og:locale\" content=\"de_DE\" \/>\n<meta property=\"og:type\" content=\"article\" \/>\n<meta property=\"og:title\" content=\"Wettbewerbsf\u00e4higkeit und Sicherheit st\u00e4rken\" \/>\n<meta property=\"og:description\" content=\"Die Schweiz muss wichtige Reformen vorantreiben, um im internationalen Wettbewerb zu bestehen und ihre Attraktivit\u00e4t zu st\u00e4rken.\" \/>\n<meta property=\"og:url\" content=\"https:\/\/www.organisator.ch\/de\/management\/2025-02-04\/wettbewerbsfaehigkeit-und-sicherheit-staerken\/\" \/>\n<meta property=\"og:site_name\" content=\"Organisator\" \/>\n<meta property=\"article:publisher\" content=\"https:\/\/www.facebook.com\/OrganisatorFachmagazin\" \/>\n<meta property=\"article:published_time\" content=\"2025-02-04T15:08:14+00:00\" \/>\n<meta property=\"og:image\" content=\"https:\/\/www.organisator.ch\/wp-content\/uploads\/2025\/02\/Economiesuisse_Bild1_ps.jpg\" \/>\n\t<meta property=\"og:image:width\" content=\"680\" \/>\n\t<meta property=\"og:image:height\" content=\"408\" \/>\n\t<meta property=\"og:image:type\" content=\"image\/jpeg\" \/>\n<meta name=\"author\" content=\"Dzana Muminovic\" \/>\n<meta name=\"twitter:card\" content=\"summary_large_image\" \/>\n<meta name=\"twitter:title\" content=\"Wettbewerbsf\u00e4higkeit und Sicherheit st\u00e4rken\" \/>\n<meta name=\"twitter:description\" content=\"Die #Schweiz muss wichtige #Reformen vorantreiben, um im internationalen #Wettbewerb zu bestehen und ihre #Attraktivit\u00e4t zu st\u00e4rken.\" \/>\n<meta name=\"twitter:image\" content=\"https:\/\/www.organisator.ch\/wp-content\/uploads\/2025\/02\/Economiesuisse_Bild1_ps.jpg\" \/>\n<script type=\"application\/ld+json\" class=\"yoast-schema-graph\">{\"@context\":\"https:\\\/\\\/schema.org\",\"@graph\":[{\"@type\":\"Article\",\"@id\":\"https:\\\/\\\/www.organisator.ch\\\/management\\\/2025-02-04\\\/wettbewerbsfaehigkeit-und-sicherheit-staerken\\\/#article\",\"isPartOf\":{\"@id\":\"https:\\\/\\\/www.organisator.ch\\\/management\\\/2025-02-04\\\/wettbewerbsfaehigkeit-und-sicherheit-staerken\\\/\"},\"author\":{\"name\":\"Dzana Muminovic\",\"@id\":\"https:\\\/\\\/www.organisator.ch\\\/#\\\/schema\\\/person\\\/afccda3a71c06d4be2ed9100dd163db7\"},\"headline\":\"Wettbewerbsf\u00e4higkeit und Sicherheit st\u00e4rken\",\"datePublished\":\"2025-02-04T15:08:14+00:00\",\"mainEntityOfPage\":{\"@id\":\"https:\\\/\\\/www.organisator.ch\\\/management\\\/2025-02-04\\\/wettbewerbsfaehigkeit-und-sicherheit-staerken\\\/\"},\"wordCount\":623,\"publisher\":{\"@id\":\"https:\\\/\\\/www.organisator.ch\\\/#organization\"},\"image\":{\"@id\":\"https:\\\/\\\/www.organisator.ch\\\/management\\\/2025-02-04\\\/wettbewerbsfaehigkeit-und-sicherheit-staerken\\\/#primaryimage\"},\"thumbnailUrl\":\"https:\\\/\\\/www.organisator.ch\\\/wp-content\\\/uploads\\\/2025\\\/02\\\/Economiesuisse_Bild1_ps.jpg\",\"keywords\":[\"Politik\",\"Schweiz\",\"Sicherheit\",\"Standortwettbewerb\",\"USA\",\"Wettbewerb\"],\"articleSection\":[\"MANAGEMENT\"],\"inLanguage\":\"de\"},{\"@type\":\"WebPage\",\"@id\":\"https:\\\/\\\/www.organisator.ch\\\/management\\\/2025-02-04\\\/wettbewerbsfaehigkeit-und-sicherheit-staerken\\\/\",\"url\":\"https:\\\/\\\/www.organisator.ch\\\/management\\\/2025-02-04\\\/wettbewerbsfaehigkeit-und-sicherheit-staerken\\\/\",\"name\":\"Wettbewerbsf\u00e4higkeit und Sicherheit st\u00e4rken - Organisator\",\"isPartOf\":{\"@id\":\"https:\\\/\\\/www.organisator.ch\\\/#website\"},\"primaryImageOfPage\":{\"@id\":\"https:\\\/\\\/www.organisator.ch\\\/management\\\/2025-02-04\\\/wettbewerbsfaehigkeit-und-sicherheit-staerken\\\/#primaryimage\"},\"image\":{\"@id\":\"https:\\\/\\\/www.organisator.ch\\\/management\\\/2025-02-04\\\/wettbewerbsfaehigkeit-und-sicherheit-staerken\\\/#primaryimage\"},\"thumbnailUrl\":\"https:\\\/\\\/www.organisator.ch\\\/wp-content\\\/uploads\\\/2025\\\/02\\\/Economiesuisse_Bild1_ps.jpg\",\"datePublished\":\"2025-02-04T15:08:14+00:00\",\"description\":\"Die Schweiz muss wichtige Reformen vorantreiben, um im internationalen Wettbewerb zu bestehen und ihre Attraktivit\u00e4t zu st\u00e4rken.\",\"breadcrumb\":{\"@id\":\"https:\\\/\\\/www.organisator.ch\\\/management\\\/2025-02-04\\\/wettbewerbsfaehigkeit-und-sicherheit-staerken\\\/#breadcrumb\"},\"inLanguage\":\"de\",\"potentialAction\":[{\"@type\":\"ReadAction\",\"target\":[\"https:\\\/\\\/www.organisator.ch\\\/management\\\/2025-02-04\\\/wettbewerbsfaehigkeit-und-sicherheit-staerken\\\/\"]}]},{\"@type\":\"ImageObject\",\"inLanguage\":\"de\",\"@id\":\"https:\\\/\\\/www.organisator.ch\\\/management\\\/2025-02-04\\\/wettbewerbsfaehigkeit-und-sicherheit-staerken\\\/#primaryimage\",\"url\":\"https:\\\/\\\/www.organisator.ch\\\/wp-content\\\/uploads\\\/2025\\\/02\\\/Economiesuisse_Bild1_ps.jpg\",\"contentUrl\":\"https:\\\/\\\/www.organisator.ch\\\/wp-content\\\/uploads\\\/2025\\\/02\\\/Economiesuisse_Bild1_ps.jpg\",\"width\":680,\"height\":408,\"caption\":\"Die Schweiz muss wichtige Reformen vorantreiben, um im internationalen Wettbewerb zu bestehen und ihre Attraktivit\u00e4t zu st\u00e4rken. (Bild: www.depositphotos.com)\"},{\"@type\":\"BreadcrumbList\",\"@id\":\"https:\\\/\\\/www.organisator.ch\\\/management\\\/2025-02-04\\\/wettbewerbsfaehigkeit-und-sicherheit-staerken\\\/#breadcrumb\",\"itemListElement\":[{\"@type\":\"ListItem\",\"position\":1,\"name\":\"Home\",\"item\":\"https:\\\/\\\/www.organisator.ch\\\/\"},{\"@type\":\"ListItem\",\"position\":2,\"name\":\"Wettbewerbsf\u00e4higkeit und Sicherheit st\u00e4rken\"}]},{\"@type\":\"WebSite\",\"@id\":\"https:\\\/\\\/www.organisator.ch\\\/#website\",\"url\":\"https:\\\/\\\/www.organisator.ch\\\/\",\"name\":\"Organisator\",\"description\":\"Kompetent. Praxisnah. Der ORGANISATOR bereitet in 10 Ausgaben pro Jahr die wesentlichen Themen f\u00fcr F\u00fchrungskr\u00e4fte von KMU auf.\",\"publisher\":{\"@id\":\"https:\\\/\\\/www.organisator.ch\\\/#organization\"},\"potentialAction\":[{\"@type\":\"SearchAction\",\"target\":{\"@type\":\"EntryPoint\",\"urlTemplate\":\"https:\\\/\\\/www.organisator.ch\\\/?s={search_term_string}\"},\"query-input\":{\"@type\":\"PropertyValueSpecification\",\"valueRequired\":true,\"valueName\":\"search_term_string\"}}],\"inLanguage\":\"de\"},{\"@type\":\"Organization\",\"@id\":\"https:\\\/\\\/www.organisator.ch\\\/#organization\",\"name\":\"Organisator\",\"url\":\"https:\\\/\\\/www.organisator.ch\\\/\",\"logo\":{\"@type\":\"ImageObject\",\"inLanguage\":\"de\",\"@id\":\"https:\\\/\\\/www.organisator.ch\\\/#\\\/schema\\\/logo\\\/image\\\/\",\"url\":\"https:\\\/\\\/www.organisator.ch\\\/wp-content\\\/uploads\\\/2022\\\/01\\\/Logo_Organisator_Website.png\",\"contentUrl\":\"https:\\\/\\\/www.organisator.ch\\\/wp-content\\\/uploads\\\/2022\\\/01\\\/Logo_Organisator_Website.png\",\"width\":800,\"height\":77,\"caption\":\"Organisator\"},\"image\":{\"@id\":\"https:\\\/\\\/www.organisator.ch\\\/#\\\/schema\\\/logo\\\/image\\\/\"},\"sameAs\":[\"https:\\\/\\\/www.facebook.com\\\/OrganisatorFachmagazin\",\"https:\\\/\\\/www.linkedin.com\\\/showcase\\\/organisator-das-magazin-fr-kmu\",\"https:\\\/\\\/www.xing.com\\\/news\\\/pages\\\/organisator-ch-695\",\"https:\\\/\\\/www.youtube.com\\\/channel\\\/UCGP2Sq0iWaZwT3BdIAQFYpw\"]},{\"@type\":\"Person\",\"@id\":\"https:\\\/\\\/www.organisator.ch\\\/#\\\/schema\\\/person\\\/afccda3a71c06d4be2ed9100dd163db7\",\"name\":\"Dzana Muminovic\",\"image\":{\"@type\":\"ImageObject\",\"inLanguage\":\"de\",\"@id\":\"https:\\\/\\\/secure.gravatar.com\\\/avatar\\\/909c5c71aff4b38e88686f2ab2f1ba152571f394f41ed8bae431ea56ced93050?s=96&d=mm&r=g\",\"url\":\"https:\\\/\\\/secure.gravatar.com\\\/avatar\\\/909c5c71aff4b38e88686f2ab2f1ba152571f394f41ed8bae431ea56ced93050?s=96&d=mm&r=g\",\"contentUrl\":\"https:\\\/\\\/secure.gravatar.com\\\/avatar\\\/909c5c71aff4b38e88686f2ab2f1ba152571f394f41ed8bae431ea56ced93050?s=96&d=mm&r=g\",\"caption\":\"Dzana Muminovic\"},\"url\":\"https:\\\/\\\/www.organisator.ch\\\/de\\\/author\\\/dzana-muminovic\\\/\"}]}<\/script>\n<!-- \/ Yoast SEO plugin. -->","yoast_head_json":{"title":"Wettbewerbsf\u00e4higkeit und Sicherheit st\u00e4rken - Organisator","description":"Die Schweiz muss wichtige Reformen vorantreiben, um im internationalen Wettbewerb zu bestehen und ihre Attraktivit\u00e4t zu st\u00e4rken.","robots":{"index":"index","follow":"follow","max-snippet":"max-snippet:-1","max-image-preview":"max-image-preview:large","max-video-preview":"max-video-preview:-1"},"canonical":"https:\/\/www.organisator.ch\/de\/management\/2025-02-04\/wettbewerbsfaehigkeit-und-sicherheit-staerken\/","og_locale":"de_DE","og_type":"article","og_title":"Wettbewerbsf\u00e4higkeit und Sicherheit st\u00e4rken","og_description":"Die Schweiz muss wichtige Reformen vorantreiben, um im internationalen Wettbewerb zu bestehen und ihre Attraktivit\u00e4t zu st\u00e4rken.","og_url":"https:\/\/www.organisator.ch\/de\/management\/2025-02-04\/wettbewerbsfaehigkeit-und-sicherheit-staerken\/","og_site_name":"Organisator","article_publisher":"https:\/\/www.facebook.com\/OrganisatorFachmagazin","article_published_time":"2025-02-04T15:08:14+00:00","og_image":[{"width":680,"height":408,"url":"https:\/\/www.organisator.ch\/wp-content\/uploads\/2025\/02\/Economiesuisse_Bild1_ps.jpg","type":"image\/jpeg"}],"author":"Dzana Muminovic","twitter_card":"summary_large_image","twitter_title":"Wettbewerbsf\u00e4higkeit und Sicherheit st\u00e4rken","twitter_description":"Die #Schweiz muss wichtige #Reformen vorantreiben, um im internationalen #Wettbewerb zu bestehen und ihre #Attraktivit\u00e4t zu st\u00e4rken.","twitter_image":"https:\/\/www.organisator.ch\/wp-content\/uploads\/2025\/02\/Economiesuisse_Bild1_ps.jpg","schema":{"@context":"https:\/\/schema.org","@graph":[{"@type":"Article","@id":"https:\/\/www.organisator.ch\/management\/2025-02-04\/wettbewerbsfaehigkeit-und-sicherheit-staerken\/#article","isPartOf":{"@id":"https:\/\/www.organisator.ch\/management\/2025-02-04\/wettbewerbsfaehigkeit-und-sicherheit-staerken\/"},"author":{"name":"Dzana Muminovic","@id":"https:\/\/www.organisator.ch\/#\/schema\/person\/afccda3a71c06d4be2ed9100dd163db7"},"headline":"Wettbewerbsf\u00e4higkeit und Sicherheit st\u00e4rken","datePublished":"2025-02-04T15:08:14+00:00","mainEntityOfPage":{"@id":"https:\/\/www.organisator.ch\/management\/2025-02-04\/wettbewerbsfaehigkeit-und-sicherheit-staerken\/"},"wordCount":623,"publisher":{"@id":"https:\/\/www.organisator.ch\/#organization"},"image":{"@id":"https:\/\/www.organisator.ch\/management\/2025-02-04\/wettbewerbsfaehigkeit-und-sicherheit-staerken\/#primaryimage"},"thumbnailUrl":"https:\/\/www.organisator.ch\/wp-content\/uploads\/2025\/02\/Economiesuisse_Bild1_ps.jpg","keywords":["Politik","Schweiz","Sicherheit","Standortwettbewerb","USA","Wettbewerb"],"articleSection":["MANAGEMENT"],"inLanguage":"de"},{"@type":"WebPage","@id":"https:\/\/www.organisator.ch\/management\/2025-02-04\/wettbewerbsfaehigkeit-und-sicherheit-staerken\/","url":"https:\/\/www.organisator.ch\/management\/2025-02-04\/wettbewerbsfaehigkeit-und-sicherheit-staerken\/","name":"Wettbewerbsf\u00e4higkeit und Sicherheit st\u00e4rken - Organisator","isPartOf":{"@id":"https:\/\/www.organisator.ch\/#website"},"primaryImageOfPage":{"@id":"https:\/\/www.organisator.ch\/management\/2025-02-04\/wettbewerbsfaehigkeit-und-sicherheit-staerken\/#primaryimage"},"image":{"@id":"https:\/\/www.organisator.ch\/management\/2025-02-04\/wettbewerbsfaehigkeit-und-sicherheit-staerken\/#primaryimage"},"thumbnailUrl":"https:\/\/www.organisator.ch\/wp-content\/uploads\/2025\/02\/Economiesuisse_Bild1_ps.jpg","datePublished":"2025-02-04T15:08:14+00:00","description":"Die Schweiz muss wichtige Reformen vorantreiben, um im internationalen Wettbewerb zu bestehen und ihre Attraktivit\u00e4t zu st\u00e4rken.","breadcrumb":{"@id":"https:\/\/www.organisator.ch\/management\/2025-02-04\/wettbewerbsfaehigkeit-und-sicherheit-staerken\/#breadcrumb"},"inLanguage":"de","potentialAction":[{"@type":"ReadAction","target":["https:\/\/www.organisator.ch\/management\/2025-02-04\/wettbewerbsfaehigkeit-und-sicherheit-staerken\/"]}]},{"@type":"ImageObject","inLanguage":"de","@id":"https:\/\/www.organisator.ch\/management\/2025-02-04\/wettbewerbsfaehigkeit-und-sicherheit-staerken\/#primaryimage","url":"https:\/\/www.organisator.ch\/wp-content\/uploads\/2025\/02\/Economiesuisse_Bild1_ps.jpg","contentUrl":"https:\/\/www.organisator.ch\/wp-content\/uploads\/2025\/02\/Economiesuisse_Bild1_ps.jpg","width":680,"height":408,"caption":"Die Schweiz muss wichtige Reformen vorantreiben, um im internationalen Wettbewerb zu bestehen und ihre Attraktivit\u00e4t zu st\u00e4rken. (Bild: www.depositphotos.com)"},{"@type":"BreadcrumbList","@id":"https:\/\/www.organisator.ch\/management\/2025-02-04\/wettbewerbsfaehigkeit-und-sicherheit-staerken\/#breadcrumb","itemListElement":[{"@type":"ListItem","position":1,"name":"Home","item":"https:\/\/www.organisator.ch\/"},{"@type":"ListItem","position":2,"name":"Wettbewerbsf\u00e4higkeit und Sicherheit st\u00e4rken"}]},{"@type":"WebSite","@id":"https:\/\/www.organisator.ch\/#website","url":"https:\/\/www.organisator.ch\/","name":"Organisator","description":"Kompetent. Praxisnah. Der ORGANISATOR bereitet in 10 Ausgaben pro Jahr die wesentlichen Themen f\u00fcr F\u00fchrungskr\u00e4fte von KMU auf.","publisher":{"@id":"https:\/\/www.organisator.ch\/#organization"},"potentialAction":[{"@type":"SearchAction","target":{"@type":"EntryPoint","urlTemplate":"https:\/\/www.organisator.ch\/?s={search_term_string}"},"query-input":{"@type":"PropertyValueSpecification","valueRequired":true,"valueName":"search_term_string"}}],"inLanguage":"de"},{"@type":"Organization","@id":"https:\/\/www.organisator.ch\/#organization","name":"Organisator","url":"https:\/\/www.organisator.ch\/","logo":{"@type":"ImageObject","inLanguage":"de","@id":"https:\/\/www.organisator.ch\/#\/schema\/logo\/image\/","url":"https:\/\/www.organisator.ch\/wp-content\/uploads\/2022\/01\/Logo_Organisator_Website.png","contentUrl":"https:\/\/www.organisator.ch\/wp-content\/uploads\/2022\/01\/Logo_Organisator_Website.png","width":800,"height":77,"caption":"Organisator"},"image":{"@id":"https:\/\/www.organisator.ch\/#\/schema\/logo\/image\/"},"sameAs":["https:\/\/www.facebook.com\/OrganisatorFachmagazin","https:\/\/www.linkedin.com\/showcase\/organisator-das-magazin-fr-kmu","https:\/\/www.xing.com\/news\/pages\/organisator-ch-695","https:\/\/www.youtube.com\/channel\/UCGP2Sq0iWaZwT3BdIAQFYpw"]},{"@type":"Person","@id":"https:\/\/www.organisator.ch\/#\/schema\/person\/afccda3a71c06d4be2ed9100dd163db7","name":"Dzana Muminovic","image":{"@type":"ImageObject","inLanguage":"de","@id":"https:\/\/secure.gravatar.com\/avatar\/909c5c71aff4b38e88686f2ab2f1ba152571f394f41ed8bae431ea56ced93050?s=96&d=mm&r=g","url":"https:\/\/secure.gravatar.com\/avatar\/909c5c71aff4b38e88686f2ab2f1ba152571f394f41ed8bae431ea56ced93050?s=96&d=mm&r=g","contentUrl":"https:\/\/secure.gravatar.com\/avatar\/909c5c71aff4b38e88686f2ab2f1ba152571f394f41ed8bae431ea56ced93050?s=96&d=mm&r=g","caption":"Dzana Muminovic"},"url":"https:\/\/www.organisator.ch\/de\/author\/dzana-muminovic\/"}]}},"_links":{"self":[{"href":"https:\/\/www.organisator.ch\/de\/wp-json\/wp\/v2\/posts\/35775","targetHints":{"allow":["GET"]}}],"collection":[{"href":"https:\/\/www.organisator.ch\/de\/wp-json\/wp\/v2\/posts"}],"about":[{"href":"https:\/\/www.organisator.ch\/de\/wp-json\/wp\/v2\/types\/post"}],"author":[{"embeddable":true,"href":"https:\/\/www.organisator.ch\/de\/wp-json\/wp\/v2\/users\/80"}],"replies":[{"embeddable":true,"href":"https:\/\/www.organisator.ch\/de\/wp-json\/wp\/v2\/comments?post=35775"}],"version-history":[{"count":4,"href":"https:\/\/www.organisator.ch\/de\/wp-json\/wp\/v2\/posts\/35775\/revisions"}],"predecessor-version":[{"id":35822,"href":"https:\/\/www.organisator.ch\/de\/wp-json\/wp\/v2\/posts\/35775\/revisions\/35822"}],"wp:featuredmedia":[{"embeddable":true,"href":"https:\/\/www.organisator.ch\/de\/wp-json\/wp\/v2\/media\/35776"}],"wp:attachment":[{"href":"https:\/\/www.organisator.ch\/de\/wp-json\/wp\/v2\/media?parent=35775"}],"wp:term":[{"taxonomy":"category","embeddable":true,"href":"https:\/\/www.organisator.ch\/de\/wp-json\/wp\/v2\/categories?post=35775"},{"taxonomy":"post_tag","embeddable":true,"href":"https:\/\/www.organisator.ch\/de\/wp-json\/wp\/v2\/tags?post=35775"}],"curies":[{"name":"wp","href":"https:\/\/api.w.org\/{rel}","templated":true}]}}