{"id":3581,"date":"2018-05-15T14:45:43","date_gmt":"2018-05-15T12:45:43","guid":{"rendered":"https:\/\/www.organisator.ch\/?p=3581"},"modified":"2018-05-15T14:45:43","modified_gmt":"2018-05-15T12:45:43","slug":"konzentration-in-der-ict-und-online-branche-simsa-und-swico-wollen-fusionieren","status":"publish","type":"post","link":"https:\/\/www.organisator.ch\/de\/management\/it\/2018-05-15\/konzentration-in-der-ict-und-online-branche-simsa-und-swico-wollen-fusionieren\/","title":{"rendered":"Konzentration in der ICT- und Online-Branche: Simsa und Swico wollen fusionieren"},"content":{"rendered":"<p>Die ICT- und die Online-Branche r\u00fccken immer n\u00e4her zusammen, Wertsch\u00f6pfungsketten und Businessmodelle \u00fcberlagern sich. Diese Konvergenz soll sich auch bei der Interessenvertretung in Politik und Wirtschaft sowie bei den Dienstleistungen f\u00fcr Firmen der Branche widerspiegeln. Vor diesem Hintergrund haben die F\u00fchrungsgremien der beiden relevanten Verb\u00e4nde von ICT und Digitalwirtschaft beschlossen, ihre Aktivit\u00e4ten zusammenzulegen: Die Vorst\u00e4nde von Simsa und Swico haben einen Fusionsvertrag unterzeichnet, der am 18. Juni 2018 im Rahmen von ausserordentlichen Generalversammlungen durch die Mitglieder ratifiziert werden soll.<\/p>\n<h2>Synergien schon lange genutzt<\/h2>\n<p>Simsa und Swico stehen seit mehreren Jahren in einem engen Austausch, sprechen sich bei politischen Positionsbez\u00fcgen ab und nutzen Synergien bei ihrem Dienstleistungsangebot. \u00a0Im Rahmen einer Lagebeurteilung sind die beiden Vorst\u00e4nde zum Schluss gekommen, dass ein einheitlicher und schlagkr\u00e4ftiger Auftritt der Internet- und Digitalwirtschaft immer wichtiger wird. Daher sollen die Kr\u00e4fte unter einem Dach geb\u00fcndelt werden. Ziel ist ein h\u00f6herer Mitgliedernutzen sowie ein st\u00e4rkerer Einfluss in Politik und Wirtschaft. Beide Organisationen sind finanziell gut aufgestellt, daher stehen Synergien auf Kostenseite nicht im Vordergrund.<\/p>\n<h2>Der Name Simsa verschwindet<\/h2>\n<p>Die neue Organisation, rechtlich weiterhin als Verein konstituiert, wird unter dem Namen Swico firmieren. Sie wird alle Aktivit\u00e4ten von Simsa und Swico \u00fcbernehmen und weiterf\u00fchren. Von Seiten Simsa werden insbesondere der Code of Conduct Hosting und das Collaboration Framework sowie die Ausbildungsg\u00e4nge wie der eidgen\u00f6ssisch diplomierte Web Project Manager integriert. Swico bringt unter anderem sein umfassendes Issue Management, sein Start-up-Programm sowie die Branchenl\u00f6sung f\u00fcr Arbeitssicherheit und Gesundheitsschutz ein.<\/p>\n<p>Neu geschaffen werden sollen\u00a0ein Fachgremium f\u00fcr den Bereich Hosting unter der Leitung von Hostpoint-CEO Claudius R\u00f6llin und eines f\u00fcr die Webagenturen unter der Leitung von Imre Sinka, CEO von Dotpulse. Beide Fachgremien werden im Rahmen von Swico selbstst\u00e4ndig und mit eigenem Budget Projekte und Issues dieser beiden Mitgliedersegmente bearbeiten sowie eigene Aktivit\u00e4ten entwickeln, wie es schon andere Fachgremien von Swico tun, wie es heisst. Im neuen Swico-Vorstand Einsitz nehmen sollen der bisherige Pr\u00e4sident von Simsa, Andrej Vckovski, CEO von Netcetera, sowie eine weitere Person aus dem Bereich Webagenturen.<\/p>\n<h2><strong>Eine starke Stimme f\u00fcr die ICT- und Online-Branche<\/strong><\/h2>\n<p>Mit diesem Schritt entwickelt sich Swico noch st\u00e4rker zum Wirtschaftsverband der Schweizer ICT- und Online-Branche. Die Grenzen zwischen Anbietern und Anwendern wie auch die Grenzen zwischen ICT- und Kreativwirtschaft werden weiter verschmelzen \u2013 die verschiedenen Parteien noch enger zusammen r\u00fccken. F\u00fcr Andrej Vckovski, Pr\u00e4sident von Simsa, ist klar: \u00abMit dem geplanten Zusammenschluss st\u00e4rken wir die Branche ganz entscheidend und sorgen daf\u00fcr, dass sich die Online-Branche im politischen Meinungsbildungsprozess intensiver einbringen kann und noch mehr politisches Gewicht erh\u00e4lt.\u00bb Dazu Swico-Pr\u00e4sident Andreas Kn\u00f6pfli: \u00abDie beiden Verb\u00e4nde haben heute hochstehende und komplement\u00e4re Angebote. Mit der vorgesehenen Fusion werden alle Mitglieder von einer breiteren Palette an kosteng\u00fcnstigen Dienstleistungen profitieren.\u00bb<\/p>\n<p>Sofern die rund 100 Simsa- und die 500 Swico-Mitglieder am 18. Juni den Zusammenschluss ratifizieren, wird die Fusion formell auf den 30. Juni 2018 vollzogen. Das Zusammenwachsen im Alltag wird voraussichtlich bis Ende 2018 dauern. Die Vorst\u00e4nde von Simsa und Swico sind \u00fcberzeugt, mit diesem Zusammenschluss einen wichtigen Schritt f\u00fcr eine kompaktere Verbandslandschaft im Bereich ICT und Online zu leisten und damit die Branche gut f\u00fcr die Zukunft zu r\u00fcsten.<\/p>\n<p><em>Weitere Informationen: <a href=\"https:\/\/swico.us7.list-manage.com\/track\/click?u=04612cfcc7c2a1d40b4229878&amp;id=b75a096b0c&amp;e=b74ab90633\">www.swico.ch<\/a><\/em><\/p>\n","protected":false},"excerpt":{"rendered":"<p>Die ICT- und die Online-Branche r\u00fccken immer n\u00e4her zusammen, Wertsch\u00f6pfungsketten und Businessmodelle \u00fcberlagern sich. Diese Konvergenz soll sich auch bei der Interessenvertretung in Politik und Wirtschaft sowie bei den Dienstleistungen f\u00fcr Firmen der Branche widerspiegeln. Vor diesem Hintergrund haben die F\u00fchrungsgremien der beiden relevanten Verb\u00e4nde von ICT und Digitalwirtschaft beschlossen, ihre Aktivit\u00e4ten zusammenzulegen: Die Vorst\u00e4nde [&hellip;]<\/p>\n","protected":false},"author":4,"featured_media":3584,"comment_status":"open","ping_status":"open","sticky":false,"template":"","format":"standard","meta":{"_acf_changed":false,"_yoast_wpseo_focuskw":"ICT- und Online-Branche","_yoast_wpseo_metadesc":"Die Vorst\u00e4nde von Simsa und Swico haben beschlossen, zu fusionieren. Damit wollen sie die zunehmend volkswirtschaftlich relevante ICT- und Online-Branche auf der politischen B\u00fchne noch wirksamer vertreten.","articlekey":"","footnotes":""},"categories":[27],"tags":[90,286,503,531],"class_list":["post-3581","post","type-post","status-publish","format-standard","has-post-thumbnail","hentry","category-it","tag-branchen","tag-it","tag-verbaende","tag-wirtschaftspolitik"],"acf":[],"yoast_head":"<!-- This site is optimized with the Yoast SEO plugin v27.5 - https:\/\/yoast.com\/product\/yoast-seo-wordpress\/ -->\n<title>Konzentration in der ICT- und Online-Branche: Simsa und Swico wollen fusionieren - Organisator<\/title>\n<meta name=\"description\" content=\"Die Vorst\u00e4nde von Simsa und Swico haben beschlossen, zu fusionieren. Damit wollen sie die zunehmend volkswirtschaftlich relevante ICT- und Online-Branche auf der politischen B\u00fchne noch wirksamer vertreten.\" \/>\n<meta name=\"robots\" content=\"index, follow, max-snippet:-1, max-image-preview:large, max-video-preview:-1\" \/>\n<link rel=\"canonical\" href=\"https:\/\/www.organisator.ch\/de\/management\/it\/2018-05-15\/konzentration-in-der-ict-und-online-branche-simsa-und-swico-wollen-fusionieren\/\" \/>\n<meta property=\"og:locale\" content=\"de_DE\" \/>\n<meta property=\"og:type\" content=\"article\" \/>\n<meta property=\"og:title\" content=\"Konzentration in der ICT- und Online-Branche: Simsa und Swico wollen fusionieren\" \/>\n<meta property=\"og:description\" content=\"Die Vorst\u00e4nde von #Simsa und #Swico haben beschlossen, zu fusionieren. Damit wollen sie die zunehmend volkswirtschaftlich relevante #ICT- und #Online-Branche auf der politischen B\u00fchne noch wirksamer vertreten.\" \/>\n<meta property=\"og:url\" content=\"https:\/\/www.organisator.ch\/de\/management\/it\/2018-05-15\/konzentration-in-der-ict-und-online-branche-simsa-und-swico-wollen-fusionieren\/\" \/>\n<meta property=\"og:site_name\" content=\"Organisator\" \/>\n<meta property=\"article:publisher\" content=\"https:\/\/www.facebook.com\/OrganisatorFachmagazin\" \/>\n<meta property=\"article:published_time\" content=\"2018-05-15T12:45:43+00:00\" \/>\n<meta property=\"og:image\" content=\"https:\/\/www.organisator.ch\/wp-content\/uploads\/2018\/05\/Konzentration-in-der-ICT-und-Online-Branche-Simsa-und-Swico-wollen-fusionieren-2_Organisator.jpg\" \/>\n\t<meta property=\"og:image:width\" content=\"448\" \/>\n\t<meta property=\"og:image:height\" content=\"267\" \/>\n\t<meta property=\"og:image:type\" content=\"image\/jpeg\" \/>\n<meta name=\"author\" content=\"thomas.berner\" \/>\n<meta name=\"twitter:card\" content=\"summary_large_image\" \/>\n<meta name=\"twitter:title\" content=\"Konzentration in der #ICT- und #Online-Branche: #Simsa und #Swico wollen fusionieren\" \/>\n<meta name=\"twitter:description\" content=\"Die Vorst\u00e4nde von #Simsa und #Swico haben beschlossen, zu fusionieren. Damit wollen sie die zunehmend volkswirtschaftlich relevante #ICT- und #Online-Branche auf der politischen B\u00fchne noch wirksamer vertreten.\" \/>\n<meta name=\"twitter:image\" content=\"https:\/\/www.organisator.ch\/wp-content\/uploads\/2018\/05\/Konzentration-in-der-ICT-und-Online-Branche-Simsa-und-Swico-wollen-fusionieren-2_Organisator.jpg\" \/>\n<script type=\"application\/ld+json\" class=\"yoast-schema-graph\">{\"@context\":\"https:\\\/\\\/schema.org\",\"@graph\":[{\"@type\":\"Article\",\"@id\":\"https:\\\/\\\/www.organisator.ch\\\/management\\\/it\\\/2018-05-15\\\/konzentration-in-der-ict-und-online-branche-simsa-und-swico-wollen-fusionieren\\\/#article\",\"isPartOf\":{\"@id\":\"https:\\\/\\\/www.organisator.ch\\\/management\\\/it\\\/2018-05-15\\\/konzentration-in-der-ict-und-online-branche-simsa-und-swico-wollen-fusionieren\\\/\"},\"author\":{\"name\":\"thomas.berner\",\"@id\":\"https:\\\/\\\/www.organisator.ch\\\/#\\\/schema\\\/person\\\/6f650f90b2842cd4c0cc334b4e36f67e\"},\"headline\":\"Konzentration in der ICT- und Online-Branche: Simsa und Swico wollen fusionieren\",\"datePublished\":\"2018-05-15T12:45:43+00:00\",\"mainEntityOfPage\":{\"@id\":\"https:\\\/\\\/www.organisator.ch\\\/management\\\/it\\\/2018-05-15\\\/konzentration-in-der-ict-und-online-branche-simsa-und-swico-wollen-fusionieren\\\/\"},\"wordCount\":561,\"commentCount\":1,\"publisher\":{\"@id\":\"https:\\\/\\\/www.organisator.ch\\\/#organization\"},\"image\":{\"@id\":\"https:\\\/\\\/www.organisator.ch\\\/management\\\/it\\\/2018-05-15\\\/konzentration-in-der-ict-und-online-branche-simsa-und-swico-wollen-fusionieren\\\/#primaryimage\"},\"thumbnailUrl\":\"https:\\\/\\\/www.organisator.ch\\\/wp-content\\\/uploads\\\/2018\\\/05\\\/Konzentration-in-der-ICT-und-Online-Branche-Simsa-und-Swico-wollen-fusionieren-2_Organisator.jpg\",\"keywords\":[\"Branchen\",\"IT\",\"Verb\u00e4nde\",\"Wirtschaftspolitik\"],\"articleSection\":[\"IT\"],\"inLanguage\":\"de\"},{\"@type\":\"WebPage\",\"@id\":\"https:\\\/\\\/www.organisator.ch\\\/management\\\/it\\\/2018-05-15\\\/konzentration-in-der-ict-und-online-branche-simsa-und-swico-wollen-fusionieren\\\/\",\"url\":\"https:\\\/\\\/www.organisator.ch\\\/management\\\/it\\\/2018-05-15\\\/konzentration-in-der-ict-und-online-branche-simsa-und-swico-wollen-fusionieren\\\/\",\"name\":\"Konzentration in der ICT- und Online-Branche: Simsa und Swico wollen fusionieren - Organisator\",\"isPartOf\":{\"@id\":\"https:\\\/\\\/www.organisator.ch\\\/#website\"},\"primaryImageOfPage\":{\"@id\":\"https:\\\/\\\/www.organisator.ch\\\/management\\\/it\\\/2018-05-15\\\/konzentration-in-der-ict-und-online-branche-simsa-und-swico-wollen-fusionieren\\\/#primaryimage\"},\"image\":{\"@id\":\"https:\\\/\\\/www.organisator.ch\\\/management\\\/it\\\/2018-05-15\\\/konzentration-in-der-ict-und-online-branche-simsa-und-swico-wollen-fusionieren\\\/#primaryimage\"},\"thumbnailUrl\":\"https:\\\/\\\/www.organisator.ch\\\/wp-content\\\/uploads\\\/2018\\\/05\\\/Konzentration-in-der-ICT-und-Online-Branche-Simsa-und-Swico-wollen-fusionieren-2_Organisator.jpg\",\"datePublished\":\"2018-05-15T12:45:43+00:00\",\"description\":\"Die Vorst\u00e4nde von Simsa und Swico haben beschlossen, zu fusionieren. Damit wollen sie die zunehmend volkswirtschaftlich relevante ICT- und Online-Branche auf der politischen B\u00fchne noch wirksamer vertreten.\",\"breadcrumb\":{\"@id\":\"https:\\\/\\\/www.organisator.ch\\\/management\\\/it\\\/2018-05-15\\\/konzentration-in-der-ict-und-online-branche-simsa-und-swico-wollen-fusionieren\\\/#breadcrumb\"},\"inLanguage\":\"de\",\"potentialAction\":[{\"@type\":\"ReadAction\",\"target\":[\"https:\\\/\\\/www.organisator.ch\\\/management\\\/it\\\/2018-05-15\\\/konzentration-in-der-ict-und-online-branche-simsa-und-swico-wollen-fusionieren\\\/\"]}]},{\"@type\":\"ImageObject\",\"inLanguage\":\"de\",\"@id\":\"https:\\\/\\\/www.organisator.ch\\\/management\\\/it\\\/2018-05-15\\\/konzentration-in-der-ict-und-online-branche-simsa-und-swico-wollen-fusionieren\\\/#primaryimage\",\"url\":\"https:\\\/\\\/www.organisator.ch\\\/wp-content\\\/uploads\\\/2018\\\/05\\\/Konzentration-in-der-ICT-und-Online-Branche-Simsa-und-Swico-wollen-fusionieren-2_Organisator.jpg\",\"contentUrl\":\"https:\\\/\\\/www.organisator.ch\\\/wp-content\\\/uploads\\\/2018\\\/05\\\/Konzentration-in-der-ICT-und-Online-Branche-Simsa-und-Swico-wollen-fusionieren-2_Organisator.jpg\",\"width\":448,\"height\":267,\"caption\":\"Simsa und Swico haben nun offiziell fusioniert. Die Mitglieder der beiden Verb\u00e4nde haben dem Zusammenschluss zugestimmt.\"},{\"@type\":\"BreadcrumbList\",\"@id\":\"https:\\\/\\\/www.organisator.ch\\\/management\\\/it\\\/2018-05-15\\\/konzentration-in-der-ict-und-online-branche-simsa-und-swico-wollen-fusionieren\\\/#breadcrumb\",\"itemListElement\":[{\"@type\":\"ListItem\",\"position\":1,\"name\":\"Home\",\"item\":\"https:\\\/\\\/www.organisator.ch\\\/\"},{\"@type\":\"ListItem\",\"position\":2,\"name\":\"Konzentration in der ICT- und Online-Branche: Simsa und Swico wollen fusionieren\"}]},{\"@type\":\"WebSite\",\"@id\":\"https:\\\/\\\/www.organisator.ch\\\/#website\",\"url\":\"https:\\\/\\\/www.organisator.ch\\\/\",\"name\":\"Organisator\",\"description\":\"Kompetent. Praxisnah. Der ORGANISATOR bereitet in 10 Ausgaben pro Jahr die wesentlichen Themen f\u00fcr F\u00fchrungskr\u00e4fte von KMU auf.\",\"publisher\":{\"@id\":\"https:\\\/\\\/www.organisator.ch\\\/#organization\"},\"potentialAction\":[{\"@type\":\"SearchAction\",\"target\":{\"@type\":\"EntryPoint\",\"urlTemplate\":\"https:\\\/\\\/www.organisator.ch\\\/?s={search_term_string}\"},\"query-input\":{\"@type\":\"PropertyValueSpecification\",\"valueRequired\":true,\"valueName\":\"search_term_string\"}}],\"inLanguage\":\"de\"},{\"@type\":\"Organization\",\"@id\":\"https:\\\/\\\/www.organisator.ch\\\/#organization\",\"name\":\"Organisator\",\"url\":\"https:\\\/\\\/www.organisator.ch\\\/\",\"logo\":{\"@type\":\"ImageObject\",\"inLanguage\":\"de\",\"@id\":\"https:\\\/\\\/www.organisator.ch\\\/#\\\/schema\\\/logo\\\/image\\\/\",\"url\":\"https:\\\/\\\/www.organisator.ch\\\/wp-content\\\/uploads\\\/2022\\\/01\\\/Logo_Organisator_Website.png\",\"contentUrl\":\"https:\\\/\\\/www.organisator.ch\\\/wp-content\\\/uploads\\\/2022\\\/01\\\/Logo_Organisator_Website.png\",\"width\":800,\"height\":77,\"caption\":\"Organisator\"},\"image\":{\"@id\":\"https:\\\/\\\/www.organisator.ch\\\/#\\\/schema\\\/logo\\\/image\\\/\"},\"sameAs\":[\"https:\\\/\\\/www.facebook.com\\\/OrganisatorFachmagazin\",\"https:\\\/\\\/www.linkedin.com\\\/showcase\\\/organisator-das-magazin-fr-kmu\",\"https:\\\/\\\/www.xing.com\\\/news\\\/pages\\\/organisator-ch-695\",\"https:\\\/\\\/www.youtube.com\\\/channel\\\/UCGP2Sq0iWaZwT3BdIAQFYpw\"]},{\"@type\":\"Person\",\"@id\":\"https:\\\/\\\/www.organisator.ch\\\/#\\\/schema\\\/person\\\/6f650f90b2842cd4c0cc334b4e36f67e\",\"name\":\"thomas.berner\",\"image\":{\"@type\":\"ImageObject\",\"inLanguage\":\"de\",\"@id\":\"https:\\\/\\\/secure.gravatar.com\\\/avatar\\\/ac5001d2a36cb6c6cd3e50789007ffca834b477b74a2144564522e944eabff61?s=96&d=mm&r=g\",\"url\":\"https:\\\/\\\/secure.gravatar.com\\\/avatar\\\/ac5001d2a36cb6c6cd3e50789007ffca834b477b74a2144564522e944eabff61?s=96&d=mm&r=g\",\"contentUrl\":\"https:\\\/\\\/secure.gravatar.com\\\/avatar\\\/ac5001d2a36cb6c6cd3e50789007ffca834b477b74a2144564522e944eabff61?s=96&d=mm&r=g\",\"caption\":\"thomas.berner\"},\"url\":\"https:\\\/\\\/www.organisator.ch\\\/de\\\/author\\\/thomas-berner\\\/\"}]}<\/script>\n<!-- \/ Yoast SEO plugin. -->","yoast_head_json":{"title":"Konzentration in der ICT- und Online-Branche: Simsa und Swico wollen fusionieren - Organisator","description":"Die Vorst\u00e4nde von Simsa und Swico haben beschlossen, zu fusionieren. Damit wollen sie die zunehmend volkswirtschaftlich relevante ICT- und Online-Branche auf der politischen B\u00fchne noch wirksamer vertreten.","robots":{"index":"index","follow":"follow","max-snippet":"max-snippet:-1","max-image-preview":"max-image-preview:large","max-video-preview":"max-video-preview:-1"},"canonical":"https:\/\/www.organisator.ch\/de\/management\/it\/2018-05-15\/konzentration-in-der-ict-und-online-branche-simsa-und-swico-wollen-fusionieren\/","og_locale":"de_DE","og_type":"article","og_title":"Konzentration in der ICT- und Online-Branche: Simsa und Swico wollen fusionieren","og_description":"Die Vorst\u00e4nde von #Simsa und #Swico haben beschlossen, zu fusionieren. Damit wollen sie die zunehmend volkswirtschaftlich relevante #ICT- und #Online-Branche auf der politischen B\u00fchne noch wirksamer vertreten.","og_url":"https:\/\/www.organisator.ch\/de\/management\/it\/2018-05-15\/konzentration-in-der-ict-und-online-branche-simsa-und-swico-wollen-fusionieren\/","og_site_name":"Organisator","article_publisher":"https:\/\/www.facebook.com\/OrganisatorFachmagazin","article_published_time":"2018-05-15T12:45:43+00:00","og_image":[{"width":448,"height":267,"url":"https:\/\/www.organisator.ch\/wp-content\/uploads\/2018\/05\/Konzentration-in-der-ICT-und-Online-Branche-Simsa-und-Swico-wollen-fusionieren-2_Organisator.jpg","type":"image\/jpeg"}],"author":"thomas.berner","twitter_card":"summary_large_image","twitter_title":"Konzentration in der #ICT- und #Online-Branche: #Simsa und #Swico wollen fusionieren","twitter_description":"Die Vorst\u00e4nde von #Simsa und #Swico haben beschlossen, zu fusionieren. Damit wollen sie die zunehmend volkswirtschaftlich relevante #ICT- und #Online-Branche auf der politischen B\u00fchne noch wirksamer vertreten.","twitter_image":"https:\/\/www.organisator.ch\/wp-content\/uploads\/2018\/05\/Konzentration-in-der-ICT-und-Online-Branche-Simsa-und-Swico-wollen-fusionieren-2_Organisator.jpg","schema":{"@context":"https:\/\/schema.org","@graph":[{"@type":"Article","@id":"https:\/\/www.organisator.ch\/management\/it\/2018-05-15\/konzentration-in-der-ict-und-online-branche-simsa-und-swico-wollen-fusionieren\/#article","isPartOf":{"@id":"https:\/\/www.organisator.ch\/management\/it\/2018-05-15\/konzentration-in-der-ict-und-online-branche-simsa-und-swico-wollen-fusionieren\/"},"author":{"name":"thomas.berner","@id":"https:\/\/www.organisator.ch\/#\/schema\/person\/6f650f90b2842cd4c0cc334b4e36f67e"},"headline":"Konzentration in der ICT- und Online-Branche: Simsa und Swico wollen fusionieren","datePublished":"2018-05-15T12:45:43+00:00","mainEntityOfPage":{"@id":"https:\/\/www.organisator.ch\/management\/it\/2018-05-15\/konzentration-in-der-ict-und-online-branche-simsa-und-swico-wollen-fusionieren\/"},"wordCount":561,"commentCount":1,"publisher":{"@id":"https:\/\/www.organisator.ch\/#organization"},"image":{"@id":"https:\/\/www.organisator.ch\/management\/it\/2018-05-15\/konzentration-in-der-ict-und-online-branche-simsa-und-swico-wollen-fusionieren\/#primaryimage"},"thumbnailUrl":"https:\/\/www.organisator.ch\/wp-content\/uploads\/2018\/05\/Konzentration-in-der-ICT-und-Online-Branche-Simsa-und-Swico-wollen-fusionieren-2_Organisator.jpg","keywords":["Branchen","IT","Verb\u00e4nde","Wirtschaftspolitik"],"articleSection":["IT"],"inLanguage":"de"},{"@type":"WebPage","@id":"https:\/\/www.organisator.ch\/management\/it\/2018-05-15\/konzentration-in-der-ict-und-online-branche-simsa-und-swico-wollen-fusionieren\/","url":"https:\/\/www.organisator.ch\/management\/it\/2018-05-15\/konzentration-in-der-ict-und-online-branche-simsa-und-swico-wollen-fusionieren\/","name":"Konzentration in der ICT- und Online-Branche: Simsa und Swico wollen fusionieren - Organisator","isPartOf":{"@id":"https:\/\/www.organisator.ch\/#website"},"primaryImageOfPage":{"@id":"https:\/\/www.organisator.ch\/management\/it\/2018-05-15\/konzentration-in-der-ict-und-online-branche-simsa-und-swico-wollen-fusionieren\/#primaryimage"},"image":{"@id":"https:\/\/www.organisator.ch\/management\/it\/2018-05-15\/konzentration-in-der-ict-und-online-branche-simsa-und-swico-wollen-fusionieren\/#primaryimage"},"thumbnailUrl":"https:\/\/www.organisator.ch\/wp-content\/uploads\/2018\/05\/Konzentration-in-der-ICT-und-Online-Branche-Simsa-und-Swico-wollen-fusionieren-2_Organisator.jpg","datePublished":"2018-05-15T12:45:43+00:00","description":"Die Vorst\u00e4nde von Simsa und Swico haben beschlossen, zu fusionieren. Damit wollen sie die zunehmend volkswirtschaftlich relevante ICT- und Online-Branche auf der politischen B\u00fchne noch wirksamer vertreten.","breadcrumb":{"@id":"https:\/\/www.organisator.ch\/management\/it\/2018-05-15\/konzentration-in-der-ict-und-online-branche-simsa-und-swico-wollen-fusionieren\/#breadcrumb"},"inLanguage":"de","potentialAction":[{"@type":"ReadAction","target":["https:\/\/www.organisator.ch\/management\/it\/2018-05-15\/konzentration-in-der-ict-und-online-branche-simsa-und-swico-wollen-fusionieren\/"]}]},{"@type":"ImageObject","inLanguage":"de","@id":"https:\/\/www.organisator.ch\/management\/it\/2018-05-15\/konzentration-in-der-ict-und-online-branche-simsa-und-swico-wollen-fusionieren\/#primaryimage","url":"https:\/\/www.organisator.ch\/wp-content\/uploads\/2018\/05\/Konzentration-in-der-ICT-und-Online-Branche-Simsa-und-Swico-wollen-fusionieren-2_Organisator.jpg","contentUrl":"https:\/\/www.organisator.ch\/wp-content\/uploads\/2018\/05\/Konzentration-in-der-ICT-und-Online-Branche-Simsa-und-Swico-wollen-fusionieren-2_Organisator.jpg","width":448,"height":267,"caption":"Simsa und Swico haben nun offiziell fusioniert. Die Mitglieder der beiden Verb\u00e4nde haben dem Zusammenschluss zugestimmt."},{"@type":"BreadcrumbList","@id":"https:\/\/www.organisator.ch\/management\/it\/2018-05-15\/konzentration-in-der-ict-und-online-branche-simsa-und-swico-wollen-fusionieren\/#breadcrumb","itemListElement":[{"@type":"ListItem","position":1,"name":"Home","item":"https:\/\/www.organisator.ch\/"},{"@type":"ListItem","position":2,"name":"Konzentration in der ICT- und Online-Branche: Simsa und Swico wollen fusionieren"}]},{"@type":"WebSite","@id":"https:\/\/www.organisator.ch\/#website","url":"https:\/\/www.organisator.ch\/","name":"Organisator","description":"Kompetent. Praxisnah. Der ORGANISATOR bereitet in 10 Ausgaben pro Jahr die wesentlichen Themen f\u00fcr F\u00fchrungskr\u00e4fte von KMU auf.","publisher":{"@id":"https:\/\/www.organisator.ch\/#organization"},"potentialAction":[{"@type":"SearchAction","target":{"@type":"EntryPoint","urlTemplate":"https:\/\/www.organisator.ch\/?s={search_term_string}"},"query-input":{"@type":"PropertyValueSpecification","valueRequired":true,"valueName":"search_term_string"}}],"inLanguage":"de"},{"@type":"Organization","@id":"https:\/\/www.organisator.ch\/#organization","name":"Organisator","url":"https:\/\/www.organisator.ch\/","logo":{"@type":"ImageObject","inLanguage":"de","@id":"https:\/\/www.organisator.ch\/#\/schema\/logo\/image\/","url":"https:\/\/www.organisator.ch\/wp-content\/uploads\/2022\/01\/Logo_Organisator_Website.png","contentUrl":"https:\/\/www.organisator.ch\/wp-content\/uploads\/2022\/01\/Logo_Organisator_Website.png","width":800,"height":77,"caption":"Organisator"},"image":{"@id":"https:\/\/www.organisator.ch\/#\/schema\/logo\/image\/"},"sameAs":["https:\/\/www.facebook.com\/OrganisatorFachmagazin","https:\/\/www.linkedin.com\/showcase\/organisator-das-magazin-fr-kmu","https:\/\/www.xing.com\/news\/pages\/organisator-ch-695","https:\/\/www.youtube.com\/channel\/UCGP2Sq0iWaZwT3BdIAQFYpw"]},{"@type":"Person","@id":"https:\/\/www.organisator.ch\/#\/schema\/person\/6f650f90b2842cd4c0cc334b4e36f67e","name":"thomas.berner","image":{"@type":"ImageObject","inLanguage":"de","@id":"https:\/\/secure.gravatar.com\/avatar\/ac5001d2a36cb6c6cd3e50789007ffca834b477b74a2144564522e944eabff61?s=96&d=mm&r=g","url":"https:\/\/secure.gravatar.com\/avatar\/ac5001d2a36cb6c6cd3e50789007ffca834b477b74a2144564522e944eabff61?s=96&d=mm&r=g","contentUrl":"https:\/\/secure.gravatar.com\/avatar\/ac5001d2a36cb6c6cd3e50789007ffca834b477b74a2144564522e944eabff61?s=96&d=mm&r=g","caption":"thomas.berner"},"url":"https:\/\/www.organisator.ch\/de\/author\/thomas-berner\/"}]}},"_links":{"self":[{"href":"https:\/\/www.organisator.ch\/de\/wp-json\/wp\/v2\/posts\/3581","targetHints":{"allow":["GET"]}}],"collection":[{"href":"https:\/\/www.organisator.ch\/de\/wp-json\/wp\/v2\/posts"}],"about":[{"href":"https:\/\/www.organisator.ch\/de\/wp-json\/wp\/v2\/types\/post"}],"author":[{"embeddable":true,"href":"https:\/\/www.organisator.ch\/de\/wp-json\/wp\/v2\/users\/4"}],"replies":[{"embeddable":true,"href":"https:\/\/www.organisator.ch\/de\/wp-json\/wp\/v2\/comments?post=3581"}],"version-history":[{"count":0,"href":"https:\/\/www.organisator.ch\/de\/wp-json\/wp\/v2\/posts\/3581\/revisions"}],"wp:featuredmedia":[{"embeddable":true,"href":"https:\/\/www.organisator.ch\/de\/wp-json\/wp\/v2\/media\/3584"}],"wp:attachment":[{"href":"https:\/\/www.organisator.ch\/de\/wp-json\/wp\/v2\/media?parent=3581"}],"wp:term":[{"taxonomy":"category","embeddable":true,"href":"https:\/\/www.organisator.ch\/de\/wp-json\/wp\/v2\/categories?post=3581"},{"taxonomy":"post_tag","embeddable":true,"href":"https:\/\/www.organisator.ch\/de\/wp-json\/wp\/v2\/tags?post=3581"}],"curies":[{"name":"wp","href":"https:\/\/api.w.org\/{rel}","templated":true}]}}