{"id":35827,"date":"2025-02-05T13:52:27","date_gmt":"2025-02-05T12:52:27","guid":{"rendered":"https:\/\/www.organisator.ch\/?p=35827"},"modified":"2025-02-05T13:52:27","modified_gmt":"2025-02-05T12:52:27","slug":"wirtschaft-und-gesellschaft-in-kreislaeufen-gestalten-und-nachhaltig-werden","status":"publish","type":"post","link":"https:\/\/www.organisator.ch\/de\/sustainability\/2025-02-05\/wirtschaft-und-gesellschaft-in-kreislaeufen-gestalten-und-nachhaltig-werden\/","title":{"rendered":"Wirtschaft und Gesellschaft in Kreisl\u00e4ufen gestalten und nachhaltig werden"},"content":{"rendered":"<figure id=\"attachment_35828\" aria-describedby=\"caption-attachment-35828\" style=\"width: 448px\" class=\"wp-caption alignnone\"><img loading=\"lazy\" decoding=\"async\" class=\"size-full wp-image-35828\" src=\"https:\/\/www.organisator.ch\/wp-content\/uploads\/2025\/02\/FHNW_Bild1_ps.jpg\" alt=\"\" width=\"448\" height=\"227\" srcset=\"https:\/\/www.organisator.ch\/wp-content\/uploads\/2025\/02\/FHNW_Bild1_ps.jpg 448w, https:\/\/www.organisator.ch\/wp-content\/uploads\/2025\/02\/FHNW_Bild1_ps-18x9.jpg 18w, https:\/\/www.organisator.ch\/wp-content\/uploads\/2025\/02\/FHNW_Bild1_ps-375x190.jpg 375w\" sizes=\"auto, (max-width: 448px) 100vw, 448px\" \/><figcaption id=\"caption-attachment-35828\" class=\"wp-caption-text\">Innovationen f\u00f6rdern: Das Symposium \u00abFull Circle\u00bb der FHNW vernetzt Akteure f\u00fcr Kreislaufwirtschaft und Nachhaltigkeit. (Bild: FHNW)<\/figcaption><\/figure>\n<p>Die wirtschaftlichen Rahmenbedingungen mit Klimawandel und zunehmender Ressourcenknappheit ver\u00e4ndern sich. Um Lebensqualit\u00e4t und Standortvorteile zu sichern, braucht es innovative L\u00f6sungen in der Wirtschafts- und Regionalentwicklung. Die Innovationskraft steigt, wenn sich Akteure vernetzen und austauschen, das zeigt eine aktuelle Studie der Fachhochschule Nordwestschweiz FHNW.<\/p>\n<p>Studien-Autorin und Co-Organisatorin des Symposiums Tina Haisch, Professorin f\u00fcr Innovation und Raum an der Hochschule f\u00fcr Wirtschaft FHNW, sagt: \u00abInnovation und Nachhaltigkeit in der sozialen, \u00f6kologischen und wirtschaftlichen Entwicklung geschieht immer \u00f6fter zwischen Sektoren. Die Kreislaufwirtschaft schafft Synergien zwischen verschiedenen Bed\u00fcrfnissen und bietet einen Weg in die Zukunft.\u00bb<\/p>\n<h3><strong>Perspektivenwechsel und Austausch f\u00fcr mehr Innovation<\/strong><\/h3>\n<p>Die Veranstaltung richtet sich an drei Gruppen: Politik und Verwaltung (Gemeinde bis Bund) und an Schweizer Unternehmen. Mit ihrem Blick f\u00fcr die langfristigen, gesamtgesellschaftlichen Bed\u00fcrfnisse auf der einen und den Anforderungen der Umweltbedingungen auf der anderen Seite schaffen Politik und Verwaltung die politischen Rahmenbedingungen der Wirtschafts- und Regionalentwicklung. Am Symposium \u00abFull Circle\u00bb treffen sie auf Akteure aus Wirtschaft, Forschung und Bildung sowie Zivilgesellschaft. Diese Akteure pr\u00e4sentieren dort ihre individuellen Bed\u00fcrfnisse und Herangehensweisen.<\/p>\n<p>Co-Organisator Ralf Michel, Dozent an der Hochschule f\u00fcr Gestaltung und Kunst Basel FHNW, ist \u00fcberzeugt: \u00abUnsere Referent:innen pr\u00e4sentieren innovative Perspektivenwechsel und erfolgversprechende Einblicke aus ihrer Praxis. Dank den interaktiven Formaten und M\u00f6glichkeiten zum Austausch werden die Teilnehmenden tief in die Aspekte Nachhaltigkeit und Zirkularwirtschaft eintauchen und Inspirationen f\u00fcr ihr Arbeitsumfeld erhalten.\u00bb<\/p>\n<h3><strong>Internationale Referent:innen und inspirierende Keynotes<\/strong><\/h3>\n<p>Das Programm befasst sich mit den Themen Ressourceneffizienz, Klimaschutz- und Anpassungen, zirkul\u00e4re Innovationen im Kontext von Regulierungen und diversen Sektoren. Die Teilnehmenden erwartet eine Vielzahl spannender Programmpunkte. Dazu geh\u00f6ren thematische \u00abDeep Dives\u00bb zu ausgew\u00e4hlten Schwerpunkten unter Anleitung von Expert:innen sowie Impulsreferate von Schl\u00fcsselakteuren aus Forschung, Regionalentwicklung und Wirtschaft. Ein besonderes Highlight ist die Keynote von Lukas B\u00e4rfuss.<\/p>\n<p><a href=\"https:\/\/www.fullcirclebasel.ch\/\">Mehr Informationen<\/a><\/p>\n","protected":false},"excerpt":{"rendered":"<p>Die Hochschule f\u00fcr Wirtschaft und die Hochschule f\u00fcr Gestaltung und Kunst Basel der Fachhochschule Nordwestschweiz FHNW organisieren Ende M\u00e4rz 2025 erstmals das Symposium Kreislaufwirtschaft \u00abFull Circle\u00bb. Die Teilnehmenden aus diversen Sektoren zwischen Wirtschaft und Regionalentwicklung legen die Grundlage f\u00fcr die \u00abBasler Erkl\u00e4rung Kreislaufwirtschaft\u00bb.<\/p>\n","protected":false},"author":80,"featured_media":35828,"comment_status":"closed","ping_status":"closed","sticky":false,"template":"","format":"standard","meta":{"_acf_changed":false,"_yoast_wpseo_focuskw":"Symposium Kreislaufwirtschaft","_yoast_wpseo_metadesc":"Innovationen f\u00f6rdern: Das Symposium \u00abFull Circle\u00bb der FHNW vernetzt Akteure f\u00fcr Kreislaufwirtschaft und Nachhaltigkeit.","articlekey":"","footnotes":""},"categories":[580],"tags":[1168,274,594,1787,2276],"class_list":["post-35827","post","type-post","status-publish","format-standard","has-post-thumbnail","hentry","category-sustainability","tag-fhnw","tag-innovation","tag-kreislaufwirtschaft","tag-nachhaltigkeit","tag-symposium"],"acf":[],"yoast_head":"<!-- This site is optimized with the Yoast SEO plugin v27.5 - https:\/\/yoast.com\/product\/yoast-seo-wordpress\/ -->\n<title>Wirtschaft und Gesellschaft in Kreisl\u00e4ufen gestalten und nachhaltig werden - Organisator<\/title>\n<meta name=\"description\" content=\"Innovationen f\u00f6rdern: Das Symposium \u00abFull Circle\u00bb der FHNW vernetzt Akteure f\u00fcr Kreislaufwirtschaft und Nachhaltigkeit.\" \/>\n<meta name=\"robots\" content=\"index, follow, max-snippet:-1, max-image-preview:large, max-video-preview:-1\" \/>\n<link rel=\"canonical\" href=\"https:\/\/www.organisator.ch\/de\/sustainability\/2025-02-05\/wirtschaft-und-gesellschaft-in-kreislaeufen-gestalten-und-nachhaltig-werden\/\" \/>\n<meta property=\"og:locale\" content=\"de_DE\" \/>\n<meta property=\"og:type\" content=\"article\" \/>\n<meta property=\"og:title\" content=\"Wirtschaft und Gesellschaft in Kreisl\u00e4ufen gestalten und nachhaltig werden\" \/>\n<meta property=\"og:description\" content=\"Innovationen f\u00f6rdern: Das Symposium \u00abFull Circle\u00bb der FHNW vernetzt Akteure f\u00fcr Kreislaufwirtschaft und Nachhaltigkeit.\" \/>\n<meta property=\"og:url\" content=\"https:\/\/www.organisator.ch\/de\/sustainability\/2025-02-05\/wirtschaft-und-gesellschaft-in-kreislaeufen-gestalten-und-nachhaltig-werden\/\" \/>\n<meta property=\"og:site_name\" content=\"Organisator\" \/>\n<meta property=\"article:publisher\" content=\"https:\/\/www.facebook.com\/OrganisatorFachmagazin\" \/>\n<meta property=\"article:published_time\" content=\"2025-02-05T12:52:27+00:00\" \/>\n<meta property=\"og:image\" content=\"https:\/\/www.organisator.ch\/wp-content\/uploads\/2025\/02\/FHNW_Bild1_ps.jpg\" \/>\n\t<meta property=\"og:image:width\" content=\"448\" \/>\n\t<meta property=\"og:image:height\" content=\"227\" \/>\n\t<meta property=\"og:image:type\" content=\"image\/jpeg\" \/>\n<meta name=\"author\" content=\"Dzana Muminovic\" \/>\n<meta name=\"twitter:card\" content=\"summary_large_image\" \/>\n<meta name=\"twitter:title\" content=\"Wirtschaft und Gesellschaft in Kreisl\u00e4ufen gestalten und nachhaltig werden\" \/>\n<meta name=\"twitter:description\" content=\"#Innovationen f\u00f6rdern: Das #Symposium \u00abFull Circle\u00bb der #FHNW vernetzt Akteure f\u00fcr #Kreislaufwirtschaft und #Nachhaltigkeit.\" \/>\n<meta name=\"twitter:image\" content=\"https:\/\/www.organisator.ch\/wp-content\/uploads\/2025\/02\/FHNW_Bild1_ps.jpg\" \/>\n<script type=\"application\/ld+json\" class=\"yoast-schema-graph\">{\"@context\":\"https:\\\/\\\/schema.org\",\"@graph\":[{\"@type\":\"Article\",\"@id\":\"https:\\\/\\\/www.organisator.ch\\\/sustainability\\\/2025-02-05\\\/wirtschaft-und-gesellschaft-in-kreislaeufen-gestalten-und-nachhaltig-werden\\\/#article\",\"isPartOf\":{\"@id\":\"https:\\\/\\\/www.organisator.ch\\\/sustainability\\\/2025-02-05\\\/wirtschaft-und-gesellschaft-in-kreislaeufen-gestalten-und-nachhaltig-werden\\\/\"},\"author\":{\"name\":\"Dzana Muminovic\",\"@id\":\"https:\\\/\\\/www.organisator.ch\\\/#\\\/schema\\\/person\\\/afccda3a71c06d4be2ed9100dd163db7\"},\"headline\":\"Wirtschaft und Gesellschaft in Kreisl\u00e4ufen gestalten und nachhaltig werden\",\"datePublished\":\"2025-02-05T12:52:27+00:00\",\"mainEntityOfPage\":{\"@id\":\"https:\\\/\\\/www.organisator.ch\\\/sustainability\\\/2025-02-05\\\/wirtschaft-und-gesellschaft-in-kreislaeufen-gestalten-und-nachhaltig-werden\\\/\"},\"wordCount\":342,\"publisher\":{\"@id\":\"https:\\\/\\\/www.organisator.ch\\\/#organization\"},\"image\":{\"@id\":\"https:\\\/\\\/www.organisator.ch\\\/sustainability\\\/2025-02-05\\\/wirtschaft-und-gesellschaft-in-kreislaeufen-gestalten-und-nachhaltig-werden\\\/#primaryimage\"},\"thumbnailUrl\":\"https:\\\/\\\/www.organisator.ch\\\/wp-content\\\/uploads\\\/2025\\\/02\\\/FHNW_Bild1_ps.jpg\",\"keywords\":[\"FHNW\",\"Innovation\",\"Kreislaufwirtschaft\",\"Nachhaltigkeit\",\"Symposium\"],\"articleSection\":[\"SUSTAINABILITY\"],\"inLanguage\":\"de\"},{\"@type\":\"WebPage\",\"@id\":\"https:\\\/\\\/www.organisator.ch\\\/sustainability\\\/2025-02-05\\\/wirtschaft-und-gesellschaft-in-kreislaeufen-gestalten-und-nachhaltig-werden\\\/\",\"url\":\"https:\\\/\\\/www.organisator.ch\\\/sustainability\\\/2025-02-05\\\/wirtschaft-und-gesellschaft-in-kreislaeufen-gestalten-und-nachhaltig-werden\\\/\",\"name\":\"Wirtschaft und Gesellschaft in Kreisl\u00e4ufen gestalten und nachhaltig werden - Organisator\",\"isPartOf\":{\"@id\":\"https:\\\/\\\/www.organisator.ch\\\/#website\"},\"primaryImageOfPage\":{\"@id\":\"https:\\\/\\\/www.organisator.ch\\\/sustainability\\\/2025-02-05\\\/wirtschaft-und-gesellschaft-in-kreislaeufen-gestalten-und-nachhaltig-werden\\\/#primaryimage\"},\"image\":{\"@id\":\"https:\\\/\\\/www.organisator.ch\\\/sustainability\\\/2025-02-05\\\/wirtschaft-und-gesellschaft-in-kreislaeufen-gestalten-und-nachhaltig-werden\\\/#primaryimage\"},\"thumbnailUrl\":\"https:\\\/\\\/www.organisator.ch\\\/wp-content\\\/uploads\\\/2025\\\/02\\\/FHNW_Bild1_ps.jpg\",\"datePublished\":\"2025-02-05T12:52:27+00:00\",\"description\":\"Innovationen f\u00f6rdern: Das Symposium \u00abFull Circle\u00bb der FHNW vernetzt Akteure f\u00fcr Kreislaufwirtschaft und Nachhaltigkeit.\",\"breadcrumb\":{\"@id\":\"https:\\\/\\\/www.organisator.ch\\\/sustainability\\\/2025-02-05\\\/wirtschaft-und-gesellschaft-in-kreislaeufen-gestalten-und-nachhaltig-werden\\\/#breadcrumb\"},\"inLanguage\":\"de\",\"potentialAction\":[{\"@type\":\"ReadAction\",\"target\":[\"https:\\\/\\\/www.organisator.ch\\\/sustainability\\\/2025-02-05\\\/wirtschaft-und-gesellschaft-in-kreislaeufen-gestalten-und-nachhaltig-werden\\\/\"]}]},{\"@type\":\"ImageObject\",\"inLanguage\":\"de\",\"@id\":\"https:\\\/\\\/www.organisator.ch\\\/sustainability\\\/2025-02-05\\\/wirtschaft-und-gesellschaft-in-kreislaeufen-gestalten-und-nachhaltig-werden\\\/#primaryimage\",\"url\":\"https:\\\/\\\/www.organisator.ch\\\/wp-content\\\/uploads\\\/2025\\\/02\\\/FHNW_Bild1_ps.jpg\",\"contentUrl\":\"https:\\\/\\\/www.organisator.ch\\\/wp-content\\\/uploads\\\/2025\\\/02\\\/FHNW_Bild1_ps.jpg\",\"width\":448,\"height\":227,\"caption\":\"Innovationen f\u00f6rdern: Das Symposium \u00abFull Circle\u00bb der FHNW vernetzt Akteure f\u00fcr Kreislaufwirtschaft und Nachhaltigkeit. (Bild: FHNW)\"},{\"@type\":\"BreadcrumbList\",\"@id\":\"https:\\\/\\\/www.organisator.ch\\\/sustainability\\\/2025-02-05\\\/wirtschaft-und-gesellschaft-in-kreislaeufen-gestalten-und-nachhaltig-werden\\\/#breadcrumb\",\"itemListElement\":[{\"@type\":\"ListItem\",\"position\":1,\"name\":\"Home\",\"item\":\"https:\\\/\\\/www.organisator.ch\\\/\"},{\"@type\":\"ListItem\",\"position\":2,\"name\":\"Wirtschaft und Gesellschaft in Kreisl\u00e4ufen gestalten und nachhaltig werden\"}]},{\"@type\":\"WebSite\",\"@id\":\"https:\\\/\\\/www.organisator.ch\\\/#website\",\"url\":\"https:\\\/\\\/www.organisator.ch\\\/\",\"name\":\"Organisator\",\"description\":\"Kompetent. Praxisnah. Der ORGANISATOR bereitet in 10 Ausgaben pro Jahr die wesentlichen Themen f\u00fcr F\u00fchrungskr\u00e4fte von KMU auf.\",\"publisher\":{\"@id\":\"https:\\\/\\\/www.organisator.ch\\\/#organization\"},\"potentialAction\":[{\"@type\":\"SearchAction\",\"target\":{\"@type\":\"EntryPoint\",\"urlTemplate\":\"https:\\\/\\\/www.organisator.ch\\\/?s={search_term_string}\"},\"query-input\":{\"@type\":\"PropertyValueSpecification\",\"valueRequired\":true,\"valueName\":\"search_term_string\"}}],\"inLanguage\":\"de\"},{\"@type\":\"Organization\",\"@id\":\"https:\\\/\\\/www.organisator.ch\\\/#organization\",\"name\":\"Organisator\",\"url\":\"https:\\\/\\\/www.organisator.ch\\\/\",\"logo\":{\"@type\":\"ImageObject\",\"inLanguage\":\"de\",\"@id\":\"https:\\\/\\\/www.organisator.ch\\\/#\\\/schema\\\/logo\\\/image\\\/\",\"url\":\"https:\\\/\\\/www.organisator.ch\\\/wp-content\\\/uploads\\\/2022\\\/01\\\/Logo_Organisator_Website.png\",\"contentUrl\":\"https:\\\/\\\/www.organisator.ch\\\/wp-content\\\/uploads\\\/2022\\\/01\\\/Logo_Organisator_Website.png\",\"width\":800,\"height\":77,\"caption\":\"Organisator\"},\"image\":{\"@id\":\"https:\\\/\\\/www.organisator.ch\\\/#\\\/schema\\\/logo\\\/image\\\/\"},\"sameAs\":[\"https:\\\/\\\/www.facebook.com\\\/OrganisatorFachmagazin\",\"https:\\\/\\\/www.linkedin.com\\\/showcase\\\/organisator-das-magazin-fr-kmu\",\"https:\\\/\\\/www.xing.com\\\/news\\\/pages\\\/organisator-ch-695\",\"https:\\\/\\\/www.youtube.com\\\/channel\\\/UCGP2Sq0iWaZwT3BdIAQFYpw\"]},{\"@type\":\"Person\",\"@id\":\"https:\\\/\\\/www.organisator.ch\\\/#\\\/schema\\\/person\\\/afccda3a71c06d4be2ed9100dd163db7\",\"name\":\"Dzana Muminovic\",\"image\":{\"@type\":\"ImageObject\",\"inLanguage\":\"de\",\"@id\":\"https:\\\/\\\/secure.gravatar.com\\\/avatar\\\/909c5c71aff4b38e88686f2ab2f1ba152571f394f41ed8bae431ea56ced93050?s=96&d=mm&r=g\",\"url\":\"https:\\\/\\\/secure.gravatar.com\\\/avatar\\\/909c5c71aff4b38e88686f2ab2f1ba152571f394f41ed8bae431ea56ced93050?s=96&d=mm&r=g\",\"contentUrl\":\"https:\\\/\\\/secure.gravatar.com\\\/avatar\\\/909c5c71aff4b38e88686f2ab2f1ba152571f394f41ed8bae431ea56ced93050?s=96&d=mm&r=g\",\"caption\":\"Dzana Muminovic\"},\"url\":\"https:\\\/\\\/www.organisator.ch\\\/de\\\/author\\\/dzana-muminovic\\\/\"}]}<\/script>\n<!-- \/ Yoast SEO plugin. -->","yoast_head_json":{"title":"Wirtschaft und Gesellschaft in Kreisl\u00e4ufen gestalten und nachhaltig werden - Organisator","description":"Innovationen f\u00f6rdern: Das Symposium \u00abFull Circle\u00bb der FHNW vernetzt Akteure f\u00fcr Kreislaufwirtschaft und Nachhaltigkeit.","robots":{"index":"index","follow":"follow","max-snippet":"max-snippet:-1","max-image-preview":"max-image-preview:large","max-video-preview":"max-video-preview:-1"},"canonical":"https:\/\/www.organisator.ch\/de\/sustainability\/2025-02-05\/wirtschaft-und-gesellschaft-in-kreislaeufen-gestalten-und-nachhaltig-werden\/","og_locale":"de_DE","og_type":"article","og_title":"Wirtschaft und Gesellschaft in Kreisl\u00e4ufen gestalten und nachhaltig werden","og_description":"Innovationen f\u00f6rdern: Das Symposium \u00abFull Circle\u00bb der FHNW vernetzt Akteure f\u00fcr Kreislaufwirtschaft und Nachhaltigkeit.","og_url":"https:\/\/www.organisator.ch\/de\/sustainability\/2025-02-05\/wirtschaft-und-gesellschaft-in-kreislaeufen-gestalten-und-nachhaltig-werden\/","og_site_name":"Organisator","article_publisher":"https:\/\/www.facebook.com\/OrganisatorFachmagazin","article_published_time":"2025-02-05T12:52:27+00:00","og_image":[{"width":448,"height":227,"url":"https:\/\/www.organisator.ch\/wp-content\/uploads\/2025\/02\/FHNW_Bild1_ps.jpg","type":"image\/jpeg"}],"author":"Dzana Muminovic","twitter_card":"summary_large_image","twitter_title":"Wirtschaft und Gesellschaft in Kreisl\u00e4ufen gestalten und nachhaltig werden","twitter_description":"#Innovationen f\u00f6rdern: Das #Symposium \u00abFull Circle\u00bb der #FHNW vernetzt Akteure f\u00fcr #Kreislaufwirtschaft und #Nachhaltigkeit.","twitter_image":"https:\/\/www.organisator.ch\/wp-content\/uploads\/2025\/02\/FHNW_Bild1_ps.jpg","schema":{"@context":"https:\/\/schema.org","@graph":[{"@type":"Article","@id":"https:\/\/www.organisator.ch\/sustainability\/2025-02-05\/wirtschaft-und-gesellschaft-in-kreislaeufen-gestalten-und-nachhaltig-werden\/#article","isPartOf":{"@id":"https:\/\/www.organisator.ch\/sustainability\/2025-02-05\/wirtschaft-und-gesellschaft-in-kreislaeufen-gestalten-und-nachhaltig-werden\/"},"author":{"name":"Dzana Muminovic","@id":"https:\/\/www.organisator.ch\/#\/schema\/person\/afccda3a71c06d4be2ed9100dd163db7"},"headline":"Wirtschaft und Gesellschaft in Kreisl\u00e4ufen gestalten und nachhaltig werden","datePublished":"2025-02-05T12:52:27+00:00","mainEntityOfPage":{"@id":"https:\/\/www.organisator.ch\/sustainability\/2025-02-05\/wirtschaft-und-gesellschaft-in-kreislaeufen-gestalten-und-nachhaltig-werden\/"},"wordCount":342,"publisher":{"@id":"https:\/\/www.organisator.ch\/#organization"},"image":{"@id":"https:\/\/www.organisator.ch\/sustainability\/2025-02-05\/wirtschaft-und-gesellschaft-in-kreislaeufen-gestalten-und-nachhaltig-werden\/#primaryimage"},"thumbnailUrl":"https:\/\/www.organisator.ch\/wp-content\/uploads\/2025\/02\/FHNW_Bild1_ps.jpg","keywords":["FHNW","Innovation","Kreislaufwirtschaft","Nachhaltigkeit","Symposium"],"articleSection":["SUSTAINABILITY"],"inLanguage":"de"},{"@type":"WebPage","@id":"https:\/\/www.organisator.ch\/sustainability\/2025-02-05\/wirtschaft-und-gesellschaft-in-kreislaeufen-gestalten-und-nachhaltig-werden\/","url":"https:\/\/www.organisator.ch\/sustainability\/2025-02-05\/wirtschaft-und-gesellschaft-in-kreislaeufen-gestalten-und-nachhaltig-werden\/","name":"Wirtschaft und Gesellschaft in Kreisl\u00e4ufen gestalten und nachhaltig werden - Organisator","isPartOf":{"@id":"https:\/\/www.organisator.ch\/#website"},"primaryImageOfPage":{"@id":"https:\/\/www.organisator.ch\/sustainability\/2025-02-05\/wirtschaft-und-gesellschaft-in-kreislaeufen-gestalten-und-nachhaltig-werden\/#primaryimage"},"image":{"@id":"https:\/\/www.organisator.ch\/sustainability\/2025-02-05\/wirtschaft-und-gesellschaft-in-kreislaeufen-gestalten-und-nachhaltig-werden\/#primaryimage"},"thumbnailUrl":"https:\/\/www.organisator.ch\/wp-content\/uploads\/2025\/02\/FHNW_Bild1_ps.jpg","datePublished":"2025-02-05T12:52:27+00:00","description":"Innovationen f\u00f6rdern: Das Symposium \u00abFull Circle\u00bb der FHNW vernetzt Akteure f\u00fcr Kreislaufwirtschaft und Nachhaltigkeit.","breadcrumb":{"@id":"https:\/\/www.organisator.ch\/sustainability\/2025-02-05\/wirtschaft-und-gesellschaft-in-kreislaeufen-gestalten-und-nachhaltig-werden\/#breadcrumb"},"inLanguage":"de","potentialAction":[{"@type":"ReadAction","target":["https:\/\/www.organisator.ch\/sustainability\/2025-02-05\/wirtschaft-und-gesellschaft-in-kreislaeufen-gestalten-und-nachhaltig-werden\/"]}]},{"@type":"ImageObject","inLanguage":"de","@id":"https:\/\/www.organisator.ch\/sustainability\/2025-02-05\/wirtschaft-und-gesellschaft-in-kreislaeufen-gestalten-und-nachhaltig-werden\/#primaryimage","url":"https:\/\/www.organisator.ch\/wp-content\/uploads\/2025\/02\/FHNW_Bild1_ps.jpg","contentUrl":"https:\/\/www.organisator.ch\/wp-content\/uploads\/2025\/02\/FHNW_Bild1_ps.jpg","width":448,"height":227,"caption":"Innovationen f\u00f6rdern: Das Symposium \u00abFull Circle\u00bb der FHNW vernetzt Akteure f\u00fcr Kreislaufwirtschaft und Nachhaltigkeit. (Bild: FHNW)"},{"@type":"BreadcrumbList","@id":"https:\/\/www.organisator.ch\/sustainability\/2025-02-05\/wirtschaft-und-gesellschaft-in-kreislaeufen-gestalten-und-nachhaltig-werden\/#breadcrumb","itemListElement":[{"@type":"ListItem","position":1,"name":"Home","item":"https:\/\/www.organisator.ch\/"},{"@type":"ListItem","position":2,"name":"Wirtschaft und Gesellschaft in Kreisl\u00e4ufen gestalten und nachhaltig werden"}]},{"@type":"WebSite","@id":"https:\/\/www.organisator.ch\/#website","url":"https:\/\/www.organisator.ch\/","name":"Organisator","description":"Kompetent. Praxisnah. Der ORGANISATOR bereitet in 10 Ausgaben pro Jahr die wesentlichen Themen f\u00fcr F\u00fchrungskr\u00e4fte von KMU auf.","publisher":{"@id":"https:\/\/www.organisator.ch\/#organization"},"potentialAction":[{"@type":"SearchAction","target":{"@type":"EntryPoint","urlTemplate":"https:\/\/www.organisator.ch\/?s={search_term_string}"},"query-input":{"@type":"PropertyValueSpecification","valueRequired":true,"valueName":"search_term_string"}}],"inLanguage":"de"},{"@type":"Organization","@id":"https:\/\/www.organisator.ch\/#organization","name":"Organisator","url":"https:\/\/www.organisator.ch\/","logo":{"@type":"ImageObject","inLanguage":"de","@id":"https:\/\/www.organisator.ch\/#\/schema\/logo\/image\/","url":"https:\/\/www.organisator.ch\/wp-content\/uploads\/2022\/01\/Logo_Organisator_Website.png","contentUrl":"https:\/\/www.organisator.ch\/wp-content\/uploads\/2022\/01\/Logo_Organisator_Website.png","width":800,"height":77,"caption":"Organisator"},"image":{"@id":"https:\/\/www.organisator.ch\/#\/schema\/logo\/image\/"},"sameAs":["https:\/\/www.facebook.com\/OrganisatorFachmagazin","https:\/\/www.linkedin.com\/showcase\/organisator-das-magazin-fr-kmu","https:\/\/www.xing.com\/news\/pages\/organisator-ch-695","https:\/\/www.youtube.com\/channel\/UCGP2Sq0iWaZwT3BdIAQFYpw"]},{"@type":"Person","@id":"https:\/\/www.organisator.ch\/#\/schema\/person\/afccda3a71c06d4be2ed9100dd163db7","name":"Dzana Muminovic","image":{"@type":"ImageObject","inLanguage":"de","@id":"https:\/\/secure.gravatar.com\/avatar\/909c5c71aff4b38e88686f2ab2f1ba152571f394f41ed8bae431ea56ced93050?s=96&d=mm&r=g","url":"https:\/\/secure.gravatar.com\/avatar\/909c5c71aff4b38e88686f2ab2f1ba152571f394f41ed8bae431ea56ced93050?s=96&d=mm&r=g","contentUrl":"https:\/\/secure.gravatar.com\/avatar\/909c5c71aff4b38e88686f2ab2f1ba152571f394f41ed8bae431ea56ced93050?s=96&d=mm&r=g","caption":"Dzana Muminovic"},"url":"https:\/\/www.organisator.ch\/de\/author\/dzana-muminovic\/"}]}},"_links":{"self":[{"href":"https:\/\/www.organisator.ch\/de\/wp-json\/wp\/v2\/posts\/35827","targetHints":{"allow":["GET"]}}],"collection":[{"href":"https:\/\/www.organisator.ch\/de\/wp-json\/wp\/v2\/posts"}],"about":[{"href":"https:\/\/www.organisator.ch\/de\/wp-json\/wp\/v2\/types\/post"}],"author":[{"embeddable":true,"href":"https:\/\/www.organisator.ch\/de\/wp-json\/wp\/v2\/users\/80"}],"replies":[{"embeddable":true,"href":"https:\/\/www.organisator.ch\/de\/wp-json\/wp\/v2\/comments?post=35827"}],"version-history":[{"count":5,"href":"https:\/\/www.organisator.ch\/de\/wp-json\/wp\/v2\/posts\/35827\/revisions"}],"predecessor-version":[{"id":35855,"href":"https:\/\/www.organisator.ch\/de\/wp-json\/wp\/v2\/posts\/35827\/revisions\/35855"}],"wp:featuredmedia":[{"embeddable":true,"href":"https:\/\/www.organisator.ch\/de\/wp-json\/wp\/v2\/media\/35828"}],"wp:attachment":[{"href":"https:\/\/www.organisator.ch\/de\/wp-json\/wp\/v2\/media?parent=35827"}],"wp:term":[{"taxonomy":"category","embeddable":true,"href":"https:\/\/www.organisator.ch\/de\/wp-json\/wp\/v2\/categories?post=35827"},{"taxonomy":"post_tag","embeddable":true,"href":"https:\/\/www.organisator.ch\/de\/wp-json\/wp\/v2\/tags?post=35827"}],"curies":[{"name":"wp","href":"https:\/\/api.w.org\/{rel}","templated":true}]}}