{"id":35909,"date":"2025-02-11T13:48:29","date_gmt":"2025-02-11T12:48:29","guid":{"rendered":"https:\/\/www.m-q.ch\/?p=21064"},"modified":"2025-02-11T13:48:17","modified_gmt":"2025-02-11T12:48:17","slug":"suva-unfallzahlen-bleiben-gesamthaft-stabil","status":"publish","type":"post","link":"https:\/\/www.organisator.ch\/de\/operational-excellence\/2025-02-11\/suva-unfallzahlen-bleiben-gesamthaft-stabil\/","title":{"rendered":"Suva-Unfallzahlen bleiben gesamthaft stabil"},"content":{"rendered":"<figure id=\"attachment_21065\" class=\"wp-caption alignnone\" style=\"width: 680px;\" aria-describedby=\"caption-attachment-21065\"><img class=\"wp-image-21065 size-full\" src=\"https:\/\/www.m-q.ch\/wp-content\/uploads\/2025\/02\/Suva_Bild1_ps.jpg\" sizes=\"(max-width: 680px) 100vw, 680px\" srcset=\"https:\/\/www.m-q.ch\/wp-content\/uploads\/2025\/02\/Suva_Bild1_ps.jpg 680w, https:\/\/www.m-q.ch\/wp-content\/uploads\/2025\/02\/Suva_Bild1_ps-18x9.jpg 18w, https:\/\/www.m-q.ch\/wp-content\/uploads\/2025\/02\/Suva_Bild1_ps-375x195.jpg 375w, https:\/\/www.m-q.ch\/wp-content\/uploads\/2025\/02\/Suva_Bild1_ps-674x350.jpg 674w\" alt=\"\" width=\"680\" height=\"353\" \/>\r\n<figcaption id=\"caption-attachment-21065\" class=\"wp-caption-text\">Die Suva verzeichnet 2024 495\u2019000 Unf\u00e4lle, mit weniger Arbeitsunf\u00e4llen, mehr Freizeitunf\u00e4llen und einem klaren Fokus auf Pr\u00e4vention. (Bild: Suva)<\/figcaption>\r\n<\/figure>\r\n<p>Im vergangenen Jahr meldeten die Suva-Versicherten rund 495\u2019000 Unf\u00e4lle und Berufskrankheiten. Der Unterschied zum Vorjahr ist mit einer gesamthaften Zunahme von 0,2 Prozent gering. Die Arbeitsunf\u00e4lle und Berufskrankheiten gingen um 3,7 Prozent auf knapp 180\u2019000 F\u00e4lle zur\u00fcck. Die Freizeitunf\u00e4lle stiegen hingegen um 2,2 Prozent auf rund 298\u202f000 F\u00e4lle. Bei den als arbeitslos gemeldeten Personen sowie bei Personen in IV-Massnahmen hat die Zahl der Unf\u00e4lle um 10,9 Prozent zugenommen. Dies kann weitestgehend mit der im Vergleich zum Vorjahr h\u00f6heren Zahl von Arbeitslosen erkl\u00e4rt werden.<\/p>\r\n<figure id=\"attachment_21066\" class=\"wp-caption alignnone\" style=\"width: 680px;\" aria-describedby=\"caption-attachment-21066\"><img class=\"size-full wp-image-21066\" src=\"https:\/\/www.m-q.ch\/wp-content\/uploads\/2025\/02\/Suva_Bild2_ps.jpg\" sizes=\"(max-width: 680px) 100vw, 680px\" srcset=\"https:\/\/www.m-q.ch\/wp-content\/uploads\/2025\/02\/Suva_Bild2_ps.jpg 680w, https:\/\/www.m-q.ch\/wp-content\/uploads\/2025\/02\/Suva_Bild2_ps-18x12.jpg 18w, https:\/\/www.m-q.ch\/wp-content\/uploads\/2025\/02\/Suva_Bild2_ps-375x266.jpg 375w, https:\/\/www.m-q.ch\/wp-content\/uploads\/2025\/02\/Suva_Bild2_ps-494x350.jpg 494w\" alt=\"\" width=\"680\" height=\"482\" \/>\r\n<figcaption id=\"caption-attachment-21066\" class=\"wp-caption-text\">Bei der Suva in der obligatorischen Unfallversicherung registrierte F\u00e4lle. (Bild: Suva)<\/figcaption>\r\n<\/figure>\r\n<h3><strong>Anteil der Arbeitsunf\u00e4lle geht weiter zur\u00fcck<\/strong><\/h3>\r\n<p>\u00abDie Unfallzahlen insgesamt sind gegen\u00fcber dem Vorjahr praktisch stabil geblieben\u00bb, sagt Alois F\u00e4ssler, Statistiker bei der Suva. \u00abInsbesondere der R\u00fcckgang bei den Berufsunf\u00e4llen ist erfreulich.\u00bb W\u00e4hrend Arbeitsunf\u00e4lle fr\u00fcher den gr\u00f6ssten Teil der gemeldeten Unf\u00e4lle ausmachten, registriert die Suva seit Anfang der 1990er Jahren deutlich mehr Unf\u00e4lle in der Freizeit als bei der Arbeit. Im vergangenen Jahr lag das Verh\u00e4ltnis bei 62 Prozent Freizeitunf\u00e4llen zu 38 Prozent Arbeitsunf\u00e4llen.<\/p>\r\n<p>\u00abDie Sicherheit bei der Arbeit hat in den letzten Jahrzehnten stark zugenommen, sei es durch kontinuierliche Pr\u00e4ventionsarbeit oder durch den R\u00fcckgang von Arbeitspl\u00e4tzen mit hohem Unfallrisiko, beispielsweise durch zunehmend automatisierte Abl\u00e4ufe\u00bb, so Alois F\u00e4ssler. \u00abDie Unfallzahlen fallen im Freizeitbereich h\u00f6her aus, weil die Menschen heute mehr Zeit in ihre aktive Freizeit und Outdoor-Aktivit\u00e4ten investieren\u00bb.<\/p>\r\n<h3><strong>Bei diesen Sportarten gab es am meisten Unf\u00e4lle<\/strong><\/h3>\r\n<p>\u00dcber das ganze Jahr 2024 betrachtet, registrierte die Suva die meisten Sportunf\u00e4lle beim Fussballspielen (29\u2019000 \/ 26 % aller Sportunf\u00e4lle), beim Skifahren (14\u2019000 \/ 13 %) sowie beim Biken\/Mountainbiken (5000 \/ 4,6 %). Dabei gibt es geschlechtsspezifische Unterschiede. Bei den M\u00e4nnern entspricht die Reihenfolge der h\u00e4ufigsten Sportunf\u00e4lle dem Gesamtergebnis (Fussball (31 %), Skifahren (11 %), Biken (5 %)), w\u00e4hrend bei den Frauen die meisten Unf\u00e4lle beim Skifahren (19 %) passierten, gefolgt vom Bergwandern (8 %) und Fussballspielen (7 %, v.a. bei Frauen unter 30 Jahren). Die h\u00e4ufigsten Verletzungen betrafen Knie, Fussgelenke und Schultern.<\/p>\r\n<h3><strong>Unfallpr\u00e4vention zahlt sich aus<\/strong><\/h3>\r\n<p>Unf\u00e4lle verursachen neben menschlichem Leid auch hohe Kosten. Deshalb ist die Pr\u00e4vention \u2013 neben der Versicherung und der Rehabilitation \u2013 ein wichtiger Bestandteil der Leistungen der Suva. Die Suva bietet verschiedene Pr\u00e4ventionsprogramme und Beratungen im Bereich der Arbeits- und Freizeitsicherheit an, die dazu beitragen, Unf\u00e4lle und Berufskrankheiten zu verhindern. Gleichzeitig f\u00f6rdern die Massnahmen die Sicherheitskultur in Unternehmen, sensibilisieren f\u00fcr Gefahren und motivieren zur Eigenverantwortung.<\/p>\r\n<p>Detaillierte Angaben zum Gesch\u00e4ftsjahr 2024 und zum Einfluss der aktuellen Unfallzahlen auf die Pr\u00e4mienentwicklung pr\u00e4sentiert die Suva an ihrer Bilanzmedienkonferenz am 13. Juni 2025 in Luzern.<\/p>\r\n<p><em>Quelle: <a href=\"http:\/\/www.suva.ch\/\">www.suva.ch<\/a><\/em><\/p>\n<p class=\"syndicated-attribution\">Dieser Beitrag erschien urspr\u00fcnglich auf m-q.ch - <a href=\"https:\/\/www.m-q.ch\/de\/suva-unfallzahlen-bleiben-gesamthaft-stabil\/\" target=\"_blank\">https:\/\/www.m-q.ch\/de\/suva-unfallzahlen-bleiben-gesamthaft-stabil\/<\/a><\/p>","protected":false},"excerpt":{"rendered":"<p>Die Suva als gr\u00f6sste Unfallversicherung der Schweiz versichert rund die H\u00e4lfte aller berufst\u00e4tigen Personen gegen Unf\u00e4lle und Berufskrankheiten. 2024 wurden der Suva rund 495\u2019000 F\u00e4lle gemeldet. Der Unterschied zum Vorjahr ist insgesamt gering. Der Anteil der Arbeitsunf\u00e4lle ging weiter zur\u00fcck. Mit aktiver Pr\u00e4vention lassen sich viele Unf\u00e4lle vermeiden.<\/p>\n","protected":false},"author":80,"featured_media":0,"comment_status":"closed","ping_status":"closed","sticky":false,"template":"","format":"standard","meta":{"_acf_changed":false,"_yoast_wpseo_focuskw":"Suva Unfallstatistik 2024","_yoast_wpseo_metadesc":"Die Suva verzeichnet 2024 495'000 Unf\u00e4lle, mit weniger Arbeitsunf\u00e4llen, mehr Freizeitunf\u00e4llen und einem klaren Fokus auf Pr\u00e4vention.","articlekey":"","footnotes":""},"categories":[582],"tags":[388,418,424,463,3820],"class_list":["post-35909","post","type-post","status-publish","format-standard","hentry","category-operational-excellence","tag-praevention","tag-risikomanagement","tag-schweiz","tag-suva","tag-unfallversicherung"],"acf":[],"yoast_head":"<!-- This site is optimized with the Yoast SEO plugin v27.4 - https:\/\/yoast.com\/product\/yoast-seo-wordpress\/ -->\n<title>Suva-Unfallzahlen bleiben gesamthaft stabil - Organisator<\/title>\n<meta name=\"description\" content=\"Die Suva verzeichnet 2024 495&#039;000 Unf\u00e4lle, mit weniger Arbeitsunf\u00e4llen, mehr Freizeitunf\u00e4llen und einem klaren Fokus auf Pr\u00e4vention.\" \/>\n<meta name=\"robots\" content=\"index, follow, max-snippet:-1, max-image-preview:large, max-video-preview:-1\" \/>\n<link rel=\"canonical\" href=\"https:\/\/www.organisator.ch\/de\/operational-excellence\/2025-02-11\/suva-unfallzahlen-bleiben-gesamthaft-stabil\/\" \/>\n<meta property=\"og:locale\" content=\"de_DE\" \/>\n<meta property=\"og:type\" content=\"article\" \/>\n<meta property=\"og:title\" content=\"Suva-Unfallzahlen bleiben gesamthaft stabil - Organisator\" \/>\n<meta property=\"og:description\" content=\"Die Suva verzeichnet 2024 495&#039;000 Unf\u00e4lle, mit weniger Arbeitsunf\u00e4llen, mehr Freizeitunf\u00e4llen und einem klaren Fokus auf Pr\u00e4vention.\" \/>\n<meta property=\"og:url\" content=\"https:\/\/www.organisator.ch\/de\/operational-excellence\/2025-02-11\/suva-unfallzahlen-bleiben-gesamthaft-stabil\/\" \/>\n<meta property=\"og:site_name\" content=\"Organisator\" \/>\n<meta property=\"article:publisher\" content=\"https:\/\/www.facebook.com\/OrganisatorFachmagazin\" \/>\n<meta property=\"article:published_time\" content=\"2025-02-11T12:48:29+00:00\" \/>\n<meta name=\"author\" content=\"Dzana Muminovic\" \/>\n<meta name=\"twitter:card\" content=\"summary_large_image\" \/>\n<script type=\"application\/ld+json\" class=\"yoast-schema-graph\">{\"@context\":\"https:\\\/\\\/schema.org\",\"@graph\":[{\"@type\":\"Article\",\"@id\":\"https:\\\/\\\/www.organisator.ch\\\/operational-excellence\\\/2025-02-11\\\/suva-unfallzahlen-bleiben-gesamthaft-stabil\\\/#article\",\"isPartOf\":{\"@id\":\"https:\\\/\\\/www.organisator.ch\\\/operational-excellence\\\/2025-02-11\\\/suva-unfallzahlen-bleiben-gesamthaft-stabil\\\/\"},\"author\":{\"name\":\"Dzana Muminovic\",\"@id\":\"https:\\\/\\\/www.organisator.ch\\\/#\\\/schema\\\/person\\\/afccda3a71c06d4be2ed9100dd163db7\"},\"headline\":\"Suva-Unfallzahlen bleiben gesamthaft stabil\",\"datePublished\":\"2025-02-11T12:48:29+00:00\",\"mainEntityOfPage\":{\"@id\":\"https:\\\/\\\/www.organisator.ch\\\/operational-excellence\\\/2025-02-11\\\/suva-unfallzahlen-bleiben-gesamthaft-stabil\\\/\"},\"wordCount\":458,\"publisher\":{\"@id\":\"https:\\\/\\\/www.organisator.ch\\\/#organization\"},\"image\":{\"@id\":\"https:\\\/\\\/www.organisator.ch\\\/operational-excellence\\\/2025-02-11\\\/suva-unfallzahlen-bleiben-gesamthaft-stabil\\\/#primaryimage\"},\"thumbnailUrl\":\"https:\\\/\\\/www.m-q.ch\\\/wp-content\\\/uploads\\\/2025\\\/02\\\/Suva_Bild1_ps.jpg\",\"keywords\":[\"Pr\u00e4vention\",\"Risikomanagement\",\"Schweiz\",\"SUVA\",\"Unfallversicherung\"],\"articleSection\":[\"OPERATIONAL EXCELLENCE\"],\"inLanguage\":\"de\"},{\"@type\":\"WebPage\",\"@id\":\"https:\\\/\\\/www.organisator.ch\\\/operational-excellence\\\/2025-02-11\\\/suva-unfallzahlen-bleiben-gesamthaft-stabil\\\/\",\"url\":\"https:\\\/\\\/www.organisator.ch\\\/operational-excellence\\\/2025-02-11\\\/suva-unfallzahlen-bleiben-gesamthaft-stabil\\\/\",\"name\":\"Suva-Unfallzahlen bleiben gesamthaft stabil - Organisator\",\"isPartOf\":{\"@id\":\"https:\\\/\\\/www.organisator.ch\\\/#website\"},\"primaryImageOfPage\":{\"@id\":\"https:\\\/\\\/www.organisator.ch\\\/operational-excellence\\\/2025-02-11\\\/suva-unfallzahlen-bleiben-gesamthaft-stabil\\\/#primaryimage\"},\"image\":{\"@id\":\"https:\\\/\\\/www.organisator.ch\\\/operational-excellence\\\/2025-02-11\\\/suva-unfallzahlen-bleiben-gesamthaft-stabil\\\/#primaryimage\"},\"thumbnailUrl\":\"https:\\\/\\\/www.m-q.ch\\\/wp-content\\\/uploads\\\/2025\\\/02\\\/Suva_Bild1_ps.jpg\",\"datePublished\":\"2025-02-11T12:48:29+00:00\",\"description\":\"Die Suva verzeichnet 2024 495'000 Unf\u00e4lle, mit weniger Arbeitsunf\u00e4llen, mehr Freizeitunf\u00e4llen und einem klaren Fokus auf Pr\u00e4vention.\",\"breadcrumb\":{\"@id\":\"https:\\\/\\\/www.organisator.ch\\\/operational-excellence\\\/2025-02-11\\\/suva-unfallzahlen-bleiben-gesamthaft-stabil\\\/#breadcrumb\"},\"inLanguage\":\"de\",\"potentialAction\":[{\"@type\":\"ReadAction\",\"target\":[\"https:\\\/\\\/www.organisator.ch\\\/operational-excellence\\\/2025-02-11\\\/suva-unfallzahlen-bleiben-gesamthaft-stabil\\\/\"]}]},{\"@type\":\"ImageObject\",\"inLanguage\":\"de\",\"@id\":\"https:\\\/\\\/www.organisator.ch\\\/operational-excellence\\\/2025-02-11\\\/suva-unfallzahlen-bleiben-gesamthaft-stabil\\\/#primaryimage\",\"url\":\"https:\\\/\\\/www.m-q.ch\\\/wp-content\\\/uploads\\\/2025\\\/02\\\/Suva_Bild1_ps.jpg\",\"contentUrl\":\"https:\\\/\\\/www.m-q.ch\\\/wp-content\\\/uploads\\\/2025\\\/02\\\/Suva_Bild1_ps.jpg\"},{\"@type\":\"BreadcrumbList\",\"@id\":\"https:\\\/\\\/www.organisator.ch\\\/operational-excellence\\\/2025-02-11\\\/suva-unfallzahlen-bleiben-gesamthaft-stabil\\\/#breadcrumb\",\"itemListElement\":[{\"@type\":\"ListItem\",\"position\":1,\"name\":\"Home\",\"item\":\"https:\\\/\\\/www.organisator.ch\\\/\"},{\"@type\":\"ListItem\",\"position\":2,\"name\":\"Suva-Unfallzahlen bleiben gesamthaft stabil\"}]},{\"@type\":\"WebSite\",\"@id\":\"https:\\\/\\\/www.organisator.ch\\\/#website\",\"url\":\"https:\\\/\\\/www.organisator.ch\\\/\",\"name\":\"Organisator\",\"description\":\"Kompetent. Praxisnah. Der ORGANISATOR bereitet in 10 Ausgaben pro Jahr die wesentlichen Themen f\u00fcr F\u00fchrungskr\u00e4fte von KMU auf.\",\"publisher\":{\"@id\":\"https:\\\/\\\/www.organisator.ch\\\/#organization\"},\"potentialAction\":[{\"@type\":\"SearchAction\",\"target\":{\"@type\":\"EntryPoint\",\"urlTemplate\":\"https:\\\/\\\/www.organisator.ch\\\/?s={search_term_string}\"},\"query-input\":{\"@type\":\"PropertyValueSpecification\",\"valueRequired\":true,\"valueName\":\"search_term_string\"}}],\"inLanguage\":\"de\"},{\"@type\":\"Organization\",\"@id\":\"https:\\\/\\\/www.organisator.ch\\\/#organization\",\"name\":\"Organisator\",\"url\":\"https:\\\/\\\/www.organisator.ch\\\/\",\"logo\":{\"@type\":\"ImageObject\",\"inLanguage\":\"de\",\"@id\":\"https:\\\/\\\/www.organisator.ch\\\/#\\\/schema\\\/logo\\\/image\\\/\",\"url\":\"https:\\\/\\\/www.organisator.ch\\\/wp-content\\\/uploads\\\/2022\\\/01\\\/Logo_Organisator_Website.png\",\"contentUrl\":\"https:\\\/\\\/www.organisator.ch\\\/wp-content\\\/uploads\\\/2022\\\/01\\\/Logo_Organisator_Website.png\",\"width\":800,\"height\":77,\"caption\":\"Organisator\"},\"image\":{\"@id\":\"https:\\\/\\\/www.organisator.ch\\\/#\\\/schema\\\/logo\\\/image\\\/\"},\"sameAs\":[\"https:\\\/\\\/www.facebook.com\\\/OrganisatorFachmagazin\",\"https:\\\/\\\/www.linkedin.com\\\/showcase\\\/organisator-das-magazin-fr-kmu\",\"https:\\\/\\\/www.xing.com\\\/news\\\/pages\\\/organisator-ch-695\",\"https:\\\/\\\/www.youtube.com\\\/channel\\\/UCGP2Sq0iWaZwT3BdIAQFYpw\"]},{\"@type\":\"Person\",\"@id\":\"https:\\\/\\\/www.organisator.ch\\\/#\\\/schema\\\/person\\\/afccda3a71c06d4be2ed9100dd163db7\",\"name\":\"Dzana Muminovic\",\"image\":{\"@type\":\"ImageObject\",\"inLanguage\":\"de\",\"@id\":\"https:\\\/\\\/secure.gravatar.com\\\/avatar\\\/909c5c71aff4b38e88686f2ab2f1ba152571f394f41ed8bae431ea56ced93050?s=96&d=mm&r=g\",\"url\":\"https:\\\/\\\/secure.gravatar.com\\\/avatar\\\/909c5c71aff4b38e88686f2ab2f1ba152571f394f41ed8bae431ea56ced93050?s=96&d=mm&r=g\",\"contentUrl\":\"https:\\\/\\\/secure.gravatar.com\\\/avatar\\\/909c5c71aff4b38e88686f2ab2f1ba152571f394f41ed8bae431ea56ced93050?s=96&d=mm&r=g\",\"caption\":\"Dzana Muminovic\"},\"url\":\"https:\\\/\\\/www.organisator.ch\\\/de\\\/author\\\/dzana-muminovic\\\/\"}]}<\/script>\n<!-- \/ Yoast SEO plugin. -->","yoast_head_json":{"title":"Suva-Unfallzahlen bleiben gesamthaft stabil - Organisator","description":"Die Suva verzeichnet 2024 495'000 Unf\u00e4lle, mit weniger Arbeitsunf\u00e4llen, mehr Freizeitunf\u00e4llen und einem klaren Fokus auf Pr\u00e4vention.","robots":{"index":"index","follow":"follow","max-snippet":"max-snippet:-1","max-image-preview":"max-image-preview:large","max-video-preview":"max-video-preview:-1"},"canonical":"https:\/\/www.organisator.ch\/de\/operational-excellence\/2025-02-11\/suva-unfallzahlen-bleiben-gesamthaft-stabil\/","og_locale":"de_DE","og_type":"article","og_title":"Suva-Unfallzahlen bleiben gesamthaft stabil - Organisator","og_description":"Die Suva verzeichnet 2024 495'000 Unf\u00e4lle, mit weniger Arbeitsunf\u00e4llen, mehr Freizeitunf\u00e4llen und einem klaren Fokus auf Pr\u00e4vention.","og_url":"https:\/\/www.organisator.ch\/de\/operational-excellence\/2025-02-11\/suva-unfallzahlen-bleiben-gesamthaft-stabil\/","og_site_name":"Organisator","article_publisher":"https:\/\/www.facebook.com\/OrganisatorFachmagazin","article_published_time":"2025-02-11T12:48:29+00:00","author":"Dzana Muminovic","twitter_card":"summary_large_image","schema":{"@context":"https:\/\/schema.org","@graph":[{"@type":"Article","@id":"https:\/\/www.organisator.ch\/operational-excellence\/2025-02-11\/suva-unfallzahlen-bleiben-gesamthaft-stabil\/#article","isPartOf":{"@id":"https:\/\/www.organisator.ch\/operational-excellence\/2025-02-11\/suva-unfallzahlen-bleiben-gesamthaft-stabil\/"},"author":{"name":"Dzana Muminovic","@id":"https:\/\/www.organisator.ch\/#\/schema\/person\/afccda3a71c06d4be2ed9100dd163db7"},"headline":"Suva-Unfallzahlen bleiben gesamthaft stabil","datePublished":"2025-02-11T12:48:29+00:00","mainEntityOfPage":{"@id":"https:\/\/www.organisator.ch\/operational-excellence\/2025-02-11\/suva-unfallzahlen-bleiben-gesamthaft-stabil\/"},"wordCount":458,"publisher":{"@id":"https:\/\/www.organisator.ch\/#organization"},"image":{"@id":"https:\/\/www.organisator.ch\/operational-excellence\/2025-02-11\/suva-unfallzahlen-bleiben-gesamthaft-stabil\/#primaryimage"},"thumbnailUrl":"https:\/\/www.m-q.ch\/wp-content\/uploads\/2025\/02\/Suva_Bild1_ps.jpg","keywords":["Pr\u00e4vention","Risikomanagement","Schweiz","SUVA","Unfallversicherung"],"articleSection":["OPERATIONAL EXCELLENCE"],"inLanguage":"de"},{"@type":"WebPage","@id":"https:\/\/www.organisator.ch\/operational-excellence\/2025-02-11\/suva-unfallzahlen-bleiben-gesamthaft-stabil\/","url":"https:\/\/www.organisator.ch\/operational-excellence\/2025-02-11\/suva-unfallzahlen-bleiben-gesamthaft-stabil\/","name":"Suva-Unfallzahlen bleiben gesamthaft stabil - Organisator","isPartOf":{"@id":"https:\/\/www.organisator.ch\/#website"},"primaryImageOfPage":{"@id":"https:\/\/www.organisator.ch\/operational-excellence\/2025-02-11\/suva-unfallzahlen-bleiben-gesamthaft-stabil\/#primaryimage"},"image":{"@id":"https:\/\/www.organisator.ch\/operational-excellence\/2025-02-11\/suva-unfallzahlen-bleiben-gesamthaft-stabil\/#primaryimage"},"thumbnailUrl":"https:\/\/www.m-q.ch\/wp-content\/uploads\/2025\/02\/Suva_Bild1_ps.jpg","datePublished":"2025-02-11T12:48:29+00:00","description":"Die Suva verzeichnet 2024 495'000 Unf\u00e4lle, mit weniger Arbeitsunf\u00e4llen, mehr Freizeitunf\u00e4llen und einem klaren Fokus auf Pr\u00e4vention.","breadcrumb":{"@id":"https:\/\/www.organisator.ch\/operational-excellence\/2025-02-11\/suva-unfallzahlen-bleiben-gesamthaft-stabil\/#breadcrumb"},"inLanguage":"de","potentialAction":[{"@type":"ReadAction","target":["https:\/\/www.organisator.ch\/operational-excellence\/2025-02-11\/suva-unfallzahlen-bleiben-gesamthaft-stabil\/"]}]},{"@type":"ImageObject","inLanguage":"de","@id":"https:\/\/www.organisator.ch\/operational-excellence\/2025-02-11\/suva-unfallzahlen-bleiben-gesamthaft-stabil\/#primaryimage","url":"https:\/\/www.m-q.ch\/wp-content\/uploads\/2025\/02\/Suva_Bild1_ps.jpg","contentUrl":"https:\/\/www.m-q.ch\/wp-content\/uploads\/2025\/02\/Suva_Bild1_ps.jpg"},{"@type":"BreadcrumbList","@id":"https:\/\/www.organisator.ch\/operational-excellence\/2025-02-11\/suva-unfallzahlen-bleiben-gesamthaft-stabil\/#breadcrumb","itemListElement":[{"@type":"ListItem","position":1,"name":"Home","item":"https:\/\/www.organisator.ch\/"},{"@type":"ListItem","position":2,"name":"Suva-Unfallzahlen bleiben gesamthaft stabil"}]},{"@type":"WebSite","@id":"https:\/\/www.organisator.ch\/#website","url":"https:\/\/www.organisator.ch\/","name":"Organisator","description":"Kompetent. Praxisnah. Der ORGANISATOR bereitet in 10 Ausgaben pro Jahr die wesentlichen Themen f\u00fcr F\u00fchrungskr\u00e4fte von KMU auf.","publisher":{"@id":"https:\/\/www.organisator.ch\/#organization"},"potentialAction":[{"@type":"SearchAction","target":{"@type":"EntryPoint","urlTemplate":"https:\/\/www.organisator.ch\/?s={search_term_string}"},"query-input":{"@type":"PropertyValueSpecification","valueRequired":true,"valueName":"search_term_string"}}],"inLanguage":"de"},{"@type":"Organization","@id":"https:\/\/www.organisator.ch\/#organization","name":"Organisator","url":"https:\/\/www.organisator.ch\/","logo":{"@type":"ImageObject","inLanguage":"de","@id":"https:\/\/www.organisator.ch\/#\/schema\/logo\/image\/","url":"https:\/\/www.organisator.ch\/wp-content\/uploads\/2022\/01\/Logo_Organisator_Website.png","contentUrl":"https:\/\/www.organisator.ch\/wp-content\/uploads\/2022\/01\/Logo_Organisator_Website.png","width":800,"height":77,"caption":"Organisator"},"image":{"@id":"https:\/\/www.organisator.ch\/#\/schema\/logo\/image\/"},"sameAs":["https:\/\/www.facebook.com\/OrganisatorFachmagazin","https:\/\/www.linkedin.com\/showcase\/organisator-das-magazin-fr-kmu","https:\/\/www.xing.com\/news\/pages\/organisator-ch-695","https:\/\/www.youtube.com\/channel\/UCGP2Sq0iWaZwT3BdIAQFYpw"]},{"@type":"Person","@id":"https:\/\/www.organisator.ch\/#\/schema\/person\/afccda3a71c06d4be2ed9100dd163db7","name":"Dzana Muminovic","image":{"@type":"ImageObject","inLanguage":"de","@id":"https:\/\/secure.gravatar.com\/avatar\/909c5c71aff4b38e88686f2ab2f1ba152571f394f41ed8bae431ea56ced93050?s=96&d=mm&r=g","url":"https:\/\/secure.gravatar.com\/avatar\/909c5c71aff4b38e88686f2ab2f1ba152571f394f41ed8bae431ea56ced93050?s=96&d=mm&r=g","contentUrl":"https:\/\/secure.gravatar.com\/avatar\/909c5c71aff4b38e88686f2ab2f1ba152571f394f41ed8bae431ea56ced93050?s=96&d=mm&r=g","caption":"Dzana Muminovic"},"url":"https:\/\/www.organisator.ch\/de\/author\/dzana-muminovic\/"}]}},"_links":{"self":[{"href":"https:\/\/www.organisator.ch\/de\/wp-json\/wp\/v2\/posts\/35909","targetHints":{"allow":["GET"]}}],"collection":[{"href":"https:\/\/www.organisator.ch\/de\/wp-json\/wp\/v2\/posts"}],"about":[{"href":"https:\/\/www.organisator.ch\/de\/wp-json\/wp\/v2\/types\/post"}],"author":[{"embeddable":true,"href":"https:\/\/www.organisator.ch\/de\/wp-json\/wp\/v2\/users\/80"}],"replies":[{"embeddable":true,"href":"https:\/\/www.organisator.ch\/de\/wp-json\/wp\/v2\/comments?post=35909"}],"version-history":[{"count":6,"href":"https:\/\/www.organisator.ch\/de\/wp-json\/wp\/v2\/posts\/35909\/revisions"}],"predecessor-version":[{"id":35918,"href":"https:\/\/www.organisator.ch\/de\/wp-json\/wp\/v2\/posts\/35909\/revisions\/35918"}],"wp:attachment":[{"href":"https:\/\/www.organisator.ch\/de\/wp-json\/wp\/v2\/media?parent=35909"}],"wp:term":[{"taxonomy":"category","embeddable":true,"href":"https:\/\/www.organisator.ch\/de\/wp-json\/wp\/v2\/categories?post=35909"},{"taxonomy":"post_tag","embeddable":true,"href":"https:\/\/www.organisator.ch\/de\/wp-json\/wp\/v2\/tags?post=35909"}],"curies":[{"name":"wp","href":"https:\/\/api.w.org\/{rel}","templated":true}]}}