{"id":3596,"date":"2021-01-04T06:20:31","date_gmt":"2021-01-04T05:20:31","guid":{"rendered":"https:\/\/www.umweltperspektiven.ch\/?p=3596"},"modified":"2022-02-09T11:06:47","modified_gmt":"2022-02-09T10:06:47","slug":"nachhaltige-investments-ethos-gibt-den-tarif-durch","status":"publish","type":"post","link":"https:\/\/www.organisator.ch\/de\/sustainability\/2021-01-04\/nachhaltige-investments-ethos-gibt-den-tarif-durch\/","title":{"rendered":"Nachhaltige Investments: Ethos gibt den Tarif durch"},"content":{"rendered":"<figure id=\"attachment_3597\" aria-describedby=\"caption-attachment-3597\" style=\"width: 680px\" class=\"wp-caption aligncenter\"><img loading=\"lazy\" decoding=\"async\" class=\"size-medium wp-image-3597\" src=\"\/\/www.umweltperspektiven.ch\/wp-content\/uploads\/2020\/12\/Depositphotos_5927198_s-2019.jpg\" alt=\"\" width=\"680\" height=\"464\" \/><figcaption id=\"caption-attachment-3597\" class=\"wp-caption-text\">\u00a9 Depositphotos, leeser<\/figcaption><\/figure>\n<p>Die Ethos-Richtlinien, auf denen die Abstimmungsempfehlungen f\u00fcr die Generalversammlungen von schweizerischen und ausl\u00e4ndischen Unternehmen basieren, werden j\u00e4hrlich \u00fcberarbeitet, um den j\u00fcngsten Entwicklungen im Bereich Corporate Governance Rechnung zu tragen. In dieser 20. Ausgabe f\u00fchrt Ethos ein neues Kapitel (Punkt 1.2) betreffend die Genehmigung der Berichte zur Klimastrategie der Unternehmen ein.<\/p>\n<p>\u00abDiese \u00c4nderung unserer Richtlinien veranschaulicht, wie wichtig die Klimastrategie der Unternehmen f\u00fcr die Anleger heute ist\u00bb, betont der Direktor von Ethos, Vincent Kaufmann. \u00abDie Anleger wollen wissen, welche konkreten Massnahmen zur CO2e-Reduktion umgesetzt werden, welche Reduktionsziele festgelegt werden und welche Fortschritte die Unternehmen erzielen. Die Angaben sollten auch von externen Pr\u00fcfern kontrolliert und best\u00e4tigt worden sein.\u00bb<\/p>\n<p><strong>Bericht zur Klimastrategie wird f\u00fcr Unternehmen immer wichtiger<\/strong><\/p>\n<p>Auch wenn bisher noch kein Schweizer Unternehmen angek\u00fcndigt hat, dass es seinen Aktion\u00e4ren freiwillig einen solchen Bericht zur Klimastrategie zur Abstimmung vorlegen wird, haben sich schon mehrere internationale Unternehmen dazu entschlossen. Die in der Initiative\u00a0<a href=\"\/\/www.climateaction100.org\/\">Climate Action 100+<\/a>\u00a0zusammengeschlossenen Anleger bef\u00fcrworten die zuk\u00fcnftige Durchf\u00fchrung solcher Abstimmungen, insbesondere durch die Unternehmen, die hohe Treibhausgasemissionen verursachen. Es ist deshalb unerl\u00e4sslich, dass die Ethos-Richtlinien zur Aus\u00fcbung der Stimmrechte bereits jetzt objektive Kriterien zur Genehmigung solcher Berichte vorsehen, wie der Investor schreibt.<\/p>\n<p>Im Falle einer Abstimmung werde Ethos mehrere Aspekte \u00fcberpr\u00fcfen: Zun\u00e4chst sollte der Bericht die wichtigsten Herausforderungen des Klimawandels gem\u00e4ss den Empfehlungen der\u00a0<a href=\"\/\/www.fsb-tcfd.org\/\">TCFD<\/a>\u00a0(Governance, Strategie, Risiken, Kennzahlen und Ziele) abdecken. Dann sollte das Unternehmen Reduktionsziele, einschliesslich Zwischenziele, f\u00fcr die CO2e-Emissionen festgelegt und ver\u00f6ffentlicht haben. Die Ziele sollten mit einer Erw\u00e4rmung der Atmosph\u00e4re auf maximal 1,5\u00b0 vereinbar sein und s\u00e4mtliche direkten und indirekten Emissionen (Scope 1, 2 und mehr als 90% der Scope 3 Emissionen) abdecken. Schliesslich sollte das Unternehmen Angaben bez\u00fcglich Fortschritte bei der Erreichung der Ziele bereitstellen und geeignete Massnahmen zur Senkung seiner CO2e-Emissionen umsetzen. Andernfalls wird Ethos die Ablehnung des Berichts zur Klimastrategie empfehlen, wie die Stiftung betont.<\/p>\n<p><strong>Diversit\u00e4t in den F\u00fchrungsinstanzen<\/strong><\/p>\n<p>Im Jahr 2021 werde sich Ethos auch intensiv mit der Diversit\u00e4t in den Verwaltungsr\u00e4ten der b\u00f6rsenkotierten Unternehmen in der Schweiz befassen. Das Thema sei der Stiftung seit langem wichtig. \u00abGem\u00e4ss einer neuen Bestimmung des Obligationenrechts, die am 1. Januar 2021 in Kraft treten wird, haben Unternehmen mit Sitz in der Schweiz f\u00fcnf Jahre Zeit (bis 2026), um sich dem Geschlechterrichtwert von 30% Frauen in den Verwaltungsr\u00e4ten anzupassen und zehn Jahre (bis 2031) f\u00fcr denjenigen von 20% in den Gesch\u00e4ftsleitungen\u00bb, erl\u00e4utert Vincent Kaufmann. \u00abGegenw\u00e4rtig z\u00e4hlen nur 21% der Unternehmen im SPI mindestens 30% Frauen in ihren Verwaltungsr\u00e4ten.\u00bb<\/p>\n<p>Man werde auch weiterhin einen konstruktiven Dialog mit den Unternehmen f\u00fchren und sie auffordern, die Vielfalt in ihren F\u00fchrungsinstanzen zu verst\u00e4rken, so Ethos. Der Stiftungsrat habe aber bereits jetzt die Einf\u00fchrung einer neuen Bestimmung in den Ethos-Richtlinien f\u00fcr 2022 genehmigt. Gem\u00e4ss Ethos wird die Stiftung an den Generalversammlungen 2022 sich demnach gegen die Wiederwahl der Vorsitzenden der Nominierungsaussch\u00fcsse, oder der Verwaltungsratspr\u00e4sidenten falls es keinen solchen Ausschuss gibt, aussprechen, wenn die Unternehmen nicht mindestens 20% Frauen in ihren Verwaltungsr\u00e4ten haben. \u00ab2021 wird daher ein \u00dcbergangsjahr sein, w\u00e4hrend dem wir die Unternehmen \u00fcber die im Jahr 2022 bevorstehende \u00c4nderung informieren k\u00f6nnen\u00bb, erkl\u00e4rt Vincent Kaufmann.<strong>\u00a0<\/strong><\/p>\n<p><strong>Verteidigung der Aktion\u00e4rsrechte<\/strong><\/p>\n<p>Ethos wird in den n\u00e4chsten Jahren ebenfalls besonders darauf achten, dass die Statuten\u00e4nderungen, welche im Zusammenhang mit der Revision des Obligationenrechts anstehen, bestimmte Aktion\u00e4rsrechte nicht schw\u00e4chen, wie die Stiftung schreibt. Insbesondere sehe das revidierte Obligationenrecht vor, dass ab 2022 Aktion\u00e4re, welche 0,5% des Kapitals halten, einen Punkt an der Generalversammlung traktandieren k\u00f6nnten. Der Schwellenwert werde heute als Nennwert des Kapitals angegeben. Von den 48 Unternehmen des SMI Expanded haben gegenw\u00e4rtig\u00a0<a href=\"\/\/www.ethosfund.ch\/sites\/default\/files\/2020-12\/20201210_DocSeuil_DE.pdf\">23 einen Schwellenwert, der unter 0,5% des Kapitals liege<\/a>. Ethos werde sich deshalb gegen jede Statuten\u00e4nderung aussprechen, welche den bisherigen Wert erh\u00f6hen w\u00fcrde.<em>\u00a0<\/em><\/p>\n<p><em>Quelle: <a href=\"\/\/ethosfund.ch\">Ethos<\/a><\/em><\/p>\n","protected":false},"excerpt":{"rendered":"<p>Die Ethos-Richtlinien, auf denen die Abstimmungsempfehlungen f\u00fcr die Generalversammlungen von schweizerischen und ausl\u00e4ndischen Unternehmen basieren, werden j\u00e4hrlich \u00fcberarbeitet, um den j\u00fcngsten Entwicklungen im Bereich Corporate Governance Rechnung zu tragen. In dieser 20. Ausgabe f\u00fchrt Ethos ein neues Kapitel (Punkt 1.2) betreffend die Genehmigung der Berichte zur Klimastrategie der Unternehmen ein. \u00abDiese \u00c4nderung unserer Richtlinien veranschaulicht, [&hellip;]<\/p>\n","protected":false},"author":6,"featured_media":9748,"comment_status":"closed","ping_status":"closed","sticky":false,"template":"","format":"standard","meta":{"_acf_changed":false,"_yoast_wpseo_focuskw":"Ethos","_yoast_wpseo_metadesc":"Ethos hat k\u00fcrzlich ihre Richtlinien zur Aus\u00fcbung der Stimmrechte und ihrer Grunds\u00e4tze f\u00fcr Corporate Governance f\u00fcr die GV 2021 ver\u00f6ffentlicht","articlekey":"","footnotes":""},"categories":[580],"tags":[950,1131,1264,1527,1756],"class_list":["post-3596","post","type-post","status-publish","format-standard","has-post-thumbnail","hentry","category-sustainability","tag-corporate-governance","tag-ethos","tag-generalversammlung","tag-klimastrategie","tag-nachhaltige-anlagen"],"acf":[],"yoast_head":"<!-- This site is optimized with the Yoast SEO plugin v27.5 - https:\/\/yoast.com\/product\/yoast-seo-wordpress\/ -->\n<title>Nachhaltige Investments: Ethos gibt den Tarif durch - Organisator<\/title>\n<meta name=\"description\" content=\"Ethos hat k\u00fcrzlich ihre Richtlinien zur Aus\u00fcbung der Stimmrechte und ihrer Grunds\u00e4tze f\u00fcr Corporate Governance f\u00fcr die GV 2021 ver\u00f6ffentlicht\" \/>\n<meta name=\"robots\" content=\"index, follow, max-snippet:-1, max-image-preview:large, max-video-preview:-1\" \/>\n<link rel=\"canonical\" href=\"https:\/\/www.organisator.ch\/de\/sustainability\/2021-01-04\/nachhaltige-investments-ethos-gibt-den-tarif-durch\/\" \/>\n<meta property=\"og:locale\" content=\"de_DE\" \/>\n<meta property=\"og:type\" content=\"article\" \/>\n<meta property=\"og:title\" content=\"Nachhaltige Investments: Ethos gibt den Tarif durch - Organisator\" \/>\n<meta property=\"og:description\" content=\"Ethos hat k\u00fcrzlich ihre Richtlinien zur Aus\u00fcbung der Stimmrechte und ihrer Grunds\u00e4tze f\u00fcr Corporate Governance f\u00fcr die GV 2021 ver\u00f6ffentlicht\" \/>\n<meta property=\"og:url\" content=\"https:\/\/www.organisator.ch\/de\/sustainability\/2021-01-04\/nachhaltige-investments-ethos-gibt-den-tarif-durch\/\" \/>\n<meta property=\"og:site_name\" content=\"Organisator\" \/>\n<meta property=\"article:publisher\" content=\"https:\/\/www.facebook.com\/OrganisatorFachmagazin\" \/>\n<meta property=\"article:published_time\" content=\"2021-01-04T05:20:31+00:00\" \/>\n<meta property=\"article:modified_time\" content=\"2022-02-09T10:06:47+00:00\" \/>\n<meta property=\"og:image\" content=\"https:\/\/www.organisator.ch\/wp-content\/uploads\/2020\/12\/Depositphotos_5927198_s-2019.jpg\" \/>\n\t<meta property=\"og:image:width\" content=\"1000\" \/>\n\t<meta property=\"og:image:height\" content=\"682\" \/>\n\t<meta property=\"og:image:type\" content=\"image\/jpeg\" \/>\n<meta name=\"author\" content=\"roger.straessle\" \/>\n<meta name=\"twitter:card\" content=\"summary_large_image\" \/>\n<script type=\"application\/ld+json\" class=\"yoast-schema-graph\">{\"@context\":\"https:\\\/\\\/schema.org\",\"@graph\":[{\"@type\":\"Article\",\"@id\":\"https:\\\/\\\/www.organisator.ch\\\/sustainability\\\/2021-01-04\\\/nachhaltige-investments-ethos-gibt-den-tarif-durch\\\/#article\",\"isPartOf\":{\"@id\":\"https:\\\/\\\/www.organisator.ch\\\/sustainability\\\/2021-01-04\\\/nachhaltige-investments-ethos-gibt-den-tarif-durch\\\/\"},\"author\":{\"name\":\"roger.straessle\",\"@id\":\"https:\\\/\\\/www.organisator.ch\\\/#\\\/schema\\\/person\\\/a800b8c54e208b160517a7dcc323161d\"},\"headline\":\"Nachhaltige Investments: Ethos gibt den Tarif durch\",\"datePublished\":\"2021-01-04T05:20:31+00:00\",\"dateModified\":\"2022-02-09T10:06:47+00:00\",\"mainEntityOfPage\":{\"@id\":\"https:\\\/\\\/www.organisator.ch\\\/sustainability\\\/2021-01-04\\\/nachhaltige-investments-ethos-gibt-den-tarif-durch\\\/\"},\"wordCount\":656,\"publisher\":{\"@id\":\"https:\\\/\\\/www.organisator.ch\\\/#organization\"},\"image\":{\"@id\":\"https:\\\/\\\/www.organisator.ch\\\/sustainability\\\/2021-01-04\\\/nachhaltige-investments-ethos-gibt-den-tarif-durch\\\/#primaryimage\"},\"thumbnailUrl\":\"https:\\\/\\\/www.organisator.ch\\\/wp-content\\\/uploads\\\/2020\\\/12\\\/Depositphotos_5927198_s-2019.jpg\",\"keywords\":[\"Corporate Governance\",\"Ethos\",\"Generalversammlung\",\"Klimastrategie\",\"nachhaltige Anlagen\"],\"articleSection\":[\"SUSTAINABILITY\"],\"inLanguage\":\"de\"},{\"@type\":\"WebPage\",\"@id\":\"https:\\\/\\\/www.organisator.ch\\\/sustainability\\\/2021-01-04\\\/nachhaltige-investments-ethos-gibt-den-tarif-durch\\\/\",\"url\":\"https:\\\/\\\/www.organisator.ch\\\/sustainability\\\/2021-01-04\\\/nachhaltige-investments-ethos-gibt-den-tarif-durch\\\/\",\"name\":\"Nachhaltige Investments: Ethos gibt den Tarif durch - Organisator\",\"isPartOf\":{\"@id\":\"https:\\\/\\\/www.organisator.ch\\\/#website\"},\"primaryImageOfPage\":{\"@id\":\"https:\\\/\\\/www.organisator.ch\\\/sustainability\\\/2021-01-04\\\/nachhaltige-investments-ethos-gibt-den-tarif-durch\\\/#primaryimage\"},\"image\":{\"@id\":\"https:\\\/\\\/www.organisator.ch\\\/sustainability\\\/2021-01-04\\\/nachhaltige-investments-ethos-gibt-den-tarif-durch\\\/#primaryimage\"},\"thumbnailUrl\":\"https:\\\/\\\/www.organisator.ch\\\/wp-content\\\/uploads\\\/2020\\\/12\\\/Depositphotos_5927198_s-2019.jpg\",\"datePublished\":\"2021-01-04T05:20:31+00:00\",\"dateModified\":\"2022-02-09T10:06:47+00:00\",\"description\":\"Ethos hat k\u00fcrzlich ihre Richtlinien zur Aus\u00fcbung der Stimmrechte und ihrer Grunds\u00e4tze f\u00fcr Corporate Governance f\u00fcr die GV 2021 ver\u00f6ffentlicht\",\"breadcrumb\":{\"@id\":\"https:\\\/\\\/www.organisator.ch\\\/sustainability\\\/2021-01-04\\\/nachhaltige-investments-ethos-gibt-den-tarif-durch\\\/#breadcrumb\"},\"inLanguage\":\"de\",\"potentialAction\":[{\"@type\":\"ReadAction\",\"target\":[\"https:\\\/\\\/www.organisator.ch\\\/sustainability\\\/2021-01-04\\\/nachhaltige-investments-ethos-gibt-den-tarif-durch\\\/\"]}]},{\"@type\":\"ImageObject\",\"inLanguage\":\"de\",\"@id\":\"https:\\\/\\\/www.organisator.ch\\\/sustainability\\\/2021-01-04\\\/nachhaltige-investments-ethos-gibt-den-tarif-durch\\\/#primaryimage\",\"url\":\"https:\\\/\\\/www.organisator.ch\\\/wp-content\\\/uploads\\\/2020\\\/12\\\/Depositphotos_5927198_s-2019.jpg\",\"contentUrl\":\"https:\\\/\\\/www.organisator.ch\\\/wp-content\\\/uploads\\\/2020\\\/12\\\/Depositphotos_5927198_s-2019.jpg\",\"width\":1000,\"height\":682,\"caption\":\"\u00a9 Depositphotos, leeser\"},{\"@type\":\"BreadcrumbList\",\"@id\":\"https:\\\/\\\/www.organisator.ch\\\/sustainability\\\/2021-01-04\\\/nachhaltige-investments-ethos-gibt-den-tarif-durch\\\/#breadcrumb\",\"itemListElement\":[{\"@type\":\"ListItem\",\"position\":1,\"name\":\"Home\",\"item\":\"https:\\\/\\\/www.organisator.ch\\\/\"},{\"@type\":\"ListItem\",\"position\":2,\"name\":\"Nachhaltige Investments: Ethos gibt den Tarif durch\"}]},{\"@type\":\"WebSite\",\"@id\":\"https:\\\/\\\/www.organisator.ch\\\/#website\",\"url\":\"https:\\\/\\\/www.organisator.ch\\\/\",\"name\":\"Organisator\",\"description\":\"Kompetent. Praxisnah. Der ORGANISATOR bereitet in 10 Ausgaben pro Jahr die wesentlichen Themen f\u00fcr F\u00fchrungskr\u00e4fte von KMU auf.\",\"publisher\":{\"@id\":\"https:\\\/\\\/www.organisator.ch\\\/#organization\"},\"potentialAction\":[{\"@type\":\"SearchAction\",\"target\":{\"@type\":\"EntryPoint\",\"urlTemplate\":\"https:\\\/\\\/www.organisator.ch\\\/?s={search_term_string}\"},\"query-input\":{\"@type\":\"PropertyValueSpecification\",\"valueRequired\":true,\"valueName\":\"search_term_string\"}}],\"inLanguage\":\"de\"},{\"@type\":\"Organization\",\"@id\":\"https:\\\/\\\/www.organisator.ch\\\/#organization\",\"name\":\"Organisator\",\"url\":\"https:\\\/\\\/www.organisator.ch\\\/\",\"logo\":{\"@type\":\"ImageObject\",\"inLanguage\":\"de\",\"@id\":\"https:\\\/\\\/www.organisator.ch\\\/#\\\/schema\\\/logo\\\/image\\\/\",\"url\":\"https:\\\/\\\/www.organisator.ch\\\/wp-content\\\/uploads\\\/2022\\\/01\\\/Logo_Organisator_Website.png\",\"contentUrl\":\"https:\\\/\\\/www.organisator.ch\\\/wp-content\\\/uploads\\\/2022\\\/01\\\/Logo_Organisator_Website.png\",\"width\":800,\"height\":77,\"caption\":\"Organisator\"},\"image\":{\"@id\":\"https:\\\/\\\/www.organisator.ch\\\/#\\\/schema\\\/logo\\\/image\\\/\"},\"sameAs\":[\"https:\\\/\\\/www.facebook.com\\\/OrganisatorFachmagazin\",\"https:\\\/\\\/www.linkedin.com\\\/showcase\\\/organisator-das-magazin-fr-kmu\",\"https:\\\/\\\/www.xing.com\\\/news\\\/pages\\\/organisator-ch-695\",\"https:\\\/\\\/www.youtube.com\\\/channel\\\/UCGP2Sq0iWaZwT3BdIAQFYpw\"]},{\"@type\":\"Person\",\"@id\":\"https:\\\/\\\/www.organisator.ch\\\/#\\\/schema\\\/person\\\/a800b8c54e208b160517a7dcc323161d\",\"name\":\"roger.straessle\",\"image\":{\"@type\":\"ImageObject\",\"inLanguage\":\"de\",\"@id\":\"https:\\\/\\\/secure.gravatar.com\\\/avatar\\\/?s=96&d=mm&r=g\",\"url\":\"https:\\\/\\\/secure.gravatar.com\\\/avatar\\\/?s=96&d=mm&r=g\",\"contentUrl\":\"https:\\\/\\\/secure.gravatar.com\\\/avatar\\\/?s=96&d=mm&r=g\",\"caption\":\"roger.straessle\"},\"url\":\"https:\\\/\\\/www.organisator.ch\\\/de\\\/author\\\/roger-straessle\\\/\"}]}<\/script>\n<!-- \/ Yoast SEO plugin. -->","yoast_head_json":{"title":"Nachhaltige Investments: Ethos gibt den Tarif durch - Organisator","description":"Ethos hat k\u00fcrzlich ihre Richtlinien zur Aus\u00fcbung der Stimmrechte und ihrer Grunds\u00e4tze f\u00fcr Corporate Governance f\u00fcr die GV 2021 ver\u00f6ffentlicht","robots":{"index":"index","follow":"follow","max-snippet":"max-snippet:-1","max-image-preview":"max-image-preview:large","max-video-preview":"max-video-preview:-1"},"canonical":"https:\/\/www.organisator.ch\/de\/sustainability\/2021-01-04\/nachhaltige-investments-ethos-gibt-den-tarif-durch\/","og_locale":"de_DE","og_type":"article","og_title":"Nachhaltige Investments: Ethos gibt den Tarif durch - Organisator","og_description":"Ethos hat k\u00fcrzlich ihre Richtlinien zur Aus\u00fcbung der Stimmrechte und ihrer Grunds\u00e4tze f\u00fcr Corporate Governance f\u00fcr die GV 2021 ver\u00f6ffentlicht","og_url":"https:\/\/www.organisator.ch\/de\/sustainability\/2021-01-04\/nachhaltige-investments-ethos-gibt-den-tarif-durch\/","og_site_name":"Organisator","article_publisher":"https:\/\/www.facebook.com\/OrganisatorFachmagazin","article_published_time":"2021-01-04T05:20:31+00:00","article_modified_time":"2022-02-09T10:06:47+00:00","og_image":[{"width":1000,"height":682,"url":"https:\/\/www.organisator.ch\/wp-content\/uploads\/2020\/12\/Depositphotos_5927198_s-2019.jpg","type":"image\/jpeg"}],"author":"roger.straessle","twitter_card":"summary_large_image","schema":{"@context":"https:\/\/schema.org","@graph":[{"@type":"Article","@id":"https:\/\/www.organisator.ch\/sustainability\/2021-01-04\/nachhaltige-investments-ethos-gibt-den-tarif-durch\/#article","isPartOf":{"@id":"https:\/\/www.organisator.ch\/sustainability\/2021-01-04\/nachhaltige-investments-ethos-gibt-den-tarif-durch\/"},"author":{"name":"roger.straessle","@id":"https:\/\/www.organisator.ch\/#\/schema\/person\/a800b8c54e208b160517a7dcc323161d"},"headline":"Nachhaltige Investments: Ethos gibt den Tarif durch","datePublished":"2021-01-04T05:20:31+00:00","dateModified":"2022-02-09T10:06:47+00:00","mainEntityOfPage":{"@id":"https:\/\/www.organisator.ch\/sustainability\/2021-01-04\/nachhaltige-investments-ethos-gibt-den-tarif-durch\/"},"wordCount":656,"publisher":{"@id":"https:\/\/www.organisator.ch\/#organization"},"image":{"@id":"https:\/\/www.organisator.ch\/sustainability\/2021-01-04\/nachhaltige-investments-ethos-gibt-den-tarif-durch\/#primaryimage"},"thumbnailUrl":"https:\/\/www.organisator.ch\/wp-content\/uploads\/2020\/12\/Depositphotos_5927198_s-2019.jpg","keywords":["Corporate Governance","Ethos","Generalversammlung","Klimastrategie","nachhaltige Anlagen"],"articleSection":["SUSTAINABILITY"],"inLanguage":"de"},{"@type":"WebPage","@id":"https:\/\/www.organisator.ch\/sustainability\/2021-01-04\/nachhaltige-investments-ethos-gibt-den-tarif-durch\/","url":"https:\/\/www.organisator.ch\/sustainability\/2021-01-04\/nachhaltige-investments-ethos-gibt-den-tarif-durch\/","name":"Nachhaltige Investments: Ethos gibt den Tarif durch - Organisator","isPartOf":{"@id":"https:\/\/www.organisator.ch\/#website"},"primaryImageOfPage":{"@id":"https:\/\/www.organisator.ch\/sustainability\/2021-01-04\/nachhaltige-investments-ethos-gibt-den-tarif-durch\/#primaryimage"},"image":{"@id":"https:\/\/www.organisator.ch\/sustainability\/2021-01-04\/nachhaltige-investments-ethos-gibt-den-tarif-durch\/#primaryimage"},"thumbnailUrl":"https:\/\/www.organisator.ch\/wp-content\/uploads\/2020\/12\/Depositphotos_5927198_s-2019.jpg","datePublished":"2021-01-04T05:20:31+00:00","dateModified":"2022-02-09T10:06:47+00:00","description":"Ethos hat k\u00fcrzlich ihre Richtlinien zur Aus\u00fcbung der Stimmrechte und ihrer Grunds\u00e4tze f\u00fcr Corporate Governance f\u00fcr die GV 2021 ver\u00f6ffentlicht","breadcrumb":{"@id":"https:\/\/www.organisator.ch\/sustainability\/2021-01-04\/nachhaltige-investments-ethos-gibt-den-tarif-durch\/#breadcrumb"},"inLanguage":"de","potentialAction":[{"@type":"ReadAction","target":["https:\/\/www.organisator.ch\/sustainability\/2021-01-04\/nachhaltige-investments-ethos-gibt-den-tarif-durch\/"]}]},{"@type":"ImageObject","inLanguage":"de","@id":"https:\/\/www.organisator.ch\/sustainability\/2021-01-04\/nachhaltige-investments-ethos-gibt-den-tarif-durch\/#primaryimage","url":"https:\/\/www.organisator.ch\/wp-content\/uploads\/2020\/12\/Depositphotos_5927198_s-2019.jpg","contentUrl":"https:\/\/www.organisator.ch\/wp-content\/uploads\/2020\/12\/Depositphotos_5927198_s-2019.jpg","width":1000,"height":682,"caption":"\u00a9 Depositphotos, leeser"},{"@type":"BreadcrumbList","@id":"https:\/\/www.organisator.ch\/sustainability\/2021-01-04\/nachhaltige-investments-ethos-gibt-den-tarif-durch\/#breadcrumb","itemListElement":[{"@type":"ListItem","position":1,"name":"Home","item":"https:\/\/www.organisator.ch\/"},{"@type":"ListItem","position":2,"name":"Nachhaltige Investments: Ethos gibt den Tarif durch"}]},{"@type":"WebSite","@id":"https:\/\/www.organisator.ch\/#website","url":"https:\/\/www.organisator.ch\/","name":"Organisator","description":"Kompetent. Praxisnah. Der ORGANISATOR bereitet in 10 Ausgaben pro Jahr die wesentlichen Themen f\u00fcr F\u00fchrungskr\u00e4fte von KMU auf.","publisher":{"@id":"https:\/\/www.organisator.ch\/#organization"},"potentialAction":[{"@type":"SearchAction","target":{"@type":"EntryPoint","urlTemplate":"https:\/\/www.organisator.ch\/?s={search_term_string}"},"query-input":{"@type":"PropertyValueSpecification","valueRequired":true,"valueName":"search_term_string"}}],"inLanguage":"de"},{"@type":"Organization","@id":"https:\/\/www.organisator.ch\/#organization","name":"Organisator","url":"https:\/\/www.organisator.ch\/","logo":{"@type":"ImageObject","inLanguage":"de","@id":"https:\/\/www.organisator.ch\/#\/schema\/logo\/image\/","url":"https:\/\/www.organisator.ch\/wp-content\/uploads\/2022\/01\/Logo_Organisator_Website.png","contentUrl":"https:\/\/www.organisator.ch\/wp-content\/uploads\/2022\/01\/Logo_Organisator_Website.png","width":800,"height":77,"caption":"Organisator"},"image":{"@id":"https:\/\/www.organisator.ch\/#\/schema\/logo\/image\/"},"sameAs":["https:\/\/www.facebook.com\/OrganisatorFachmagazin","https:\/\/www.linkedin.com\/showcase\/organisator-das-magazin-fr-kmu","https:\/\/www.xing.com\/news\/pages\/organisator-ch-695","https:\/\/www.youtube.com\/channel\/UCGP2Sq0iWaZwT3BdIAQFYpw"]},{"@type":"Person","@id":"https:\/\/www.organisator.ch\/#\/schema\/person\/a800b8c54e208b160517a7dcc323161d","name":"roger.straessle","image":{"@type":"ImageObject","inLanguage":"de","@id":"https:\/\/secure.gravatar.com\/avatar\/?s=96&d=mm&r=g","url":"https:\/\/secure.gravatar.com\/avatar\/?s=96&d=mm&r=g","contentUrl":"https:\/\/secure.gravatar.com\/avatar\/?s=96&d=mm&r=g","caption":"roger.straessle"},"url":"https:\/\/www.organisator.ch\/de\/author\/roger-straessle\/"}]}},"_links":{"self":[{"href":"https:\/\/www.organisator.ch\/de\/wp-json\/wp\/v2\/posts\/3596","targetHints":{"allow":["GET"]}}],"collection":[{"href":"https:\/\/www.organisator.ch\/de\/wp-json\/wp\/v2\/posts"}],"about":[{"href":"https:\/\/www.organisator.ch\/de\/wp-json\/wp\/v2\/types\/post"}],"author":[{"embeddable":true,"href":"https:\/\/www.organisator.ch\/de\/wp-json\/wp\/v2\/users\/6"}],"replies":[{"embeddable":true,"href":"https:\/\/www.organisator.ch\/de\/wp-json\/wp\/v2\/comments?post=3596"}],"version-history":[{"count":1,"href":"https:\/\/www.organisator.ch\/de\/wp-json\/wp\/v2\/posts\/3596\/revisions"}],"predecessor-version":[{"id":10662,"href":"https:\/\/www.organisator.ch\/de\/wp-json\/wp\/v2\/posts\/3596\/revisions\/10662"}],"wp:featuredmedia":[{"embeddable":true,"href":"https:\/\/www.organisator.ch\/de\/wp-json\/wp\/v2\/media\/9748"}],"wp:attachment":[{"href":"https:\/\/www.organisator.ch\/de\/wp-json\/wp\/v2\/media?parent=3596"}],"wp:term":[{"taxonomy":"category","embeddable":true,"href":"https:\/\/www.organisator.ch\/de\/wp-json\/wp\/v2\/categories?post=3596"},{"taxonomy":"post_tag","embeddable":true,"href":"https:\/\/www.organisator.ch\/de\/wp-json\/wp\/v2\/tags?post=3596"}],"curies":[{"name":"wp","href":"https:\/\/api.w.org\/{rel}","templated":true}]}}