{"id":35974,"date":"2025-02-14T10:36:12","date_gmt":"2025-02-14T09:36:12","guid":{"rendered":"https:\/\/www.m-q.ch\/?p=21104"},"modified":"2025-02-14T15:31:02","modified_gmt":"2025-02-14T14:31:02","slug":"lohntransparenz-noch-etliche-defizite","status":"publish","type":"post","link":"https:\/\/www.organisator.ch\/de\/management\/2025-02-14\/lohntransparenz-noch-etliche-defizite\/","title":{"rendered":"Lohntransparenz: Noch etliche Defizite"},"content":{"rendered":"<figure id=\"attachment_21106\" class=\"wp-caption alignnone\" style=\"width: 680px;\" aria-describedby=\"caption-attachment-21106\"><img class=\"size-full wp-image-21106\" src=\"https:\/\/www.m-q.ch\/wp-content\/uploads\/2025\/02\/Lohntransparenz-Noch-etliche-Defizite_MQ.jpg\" sizes=\"(max-width: 680px) 100vw, 680px\" srcset=\"https:\/\/www.m-q.ch\/wp-content\/uploads\/2025\/02\/Lohntransparenz-Noch-etliche-Defizite_MQ.jpg 680w, https:\/\/www.m-q.ch\/wp-content\/uploads\/2025\/02\/Lohntransparenz-Noch-etliche-Defizite_MQ-18x12.jpg 18w, https:\/\/www.m-q.ch\/wp-content\/uploads\/2025\/02\/Lohntransparenz-Noch-etliche-Defizite_MQ-375x258.jpg 375w, https:\/\/www.m-q.ch\/wp-content\/uploads\/2025\/02\/Lohntransparenz-Noch-etliche-Defizite_MQ-510x350.jpg 510w\" alt=\"\" width=\"680\" height=\"467\" \/>\r\n<figcaption id=\"caption-attachment-21106\" class=\"wp-caption-text\">Der Global Pay Transparency Report von Mercer sieht noch einigen Nachholbedarf bei der Lohntransparenz, besonders auch in der Schweiz. (Bild: Depositphotos.com)<\/figcaption>\r\n<\/figure>\r\n<p>Der von Mercer ver\u00f6ffentlichte \u201eGlobal Pay Transparency Report\u201c beruht auf \u00a0Antworten von mehr als 1\u2018000 Unternehmen weltweit. Er kommt im Wesentlichen zum Schluss, dass die Lohntransparenz f\u00fcr Unternehmen auf der ganzen Welt immer wichtiger wird \u2013 nicht nur, um die lokalen Vorschriften in bestimmten L\u00e4ndern einzuhalten, sondern auch, um Mitarbeitende zu gewinnen und zu halten.<\/p>\r\n<h3><strong>Lohntransparenz nur auf regulatorischen Druck?<\/strong><\/h3>\r\n<p>Laut der Umfrage ist f\u00fcr 77 Prozent der Unternehmen global die Einhaltung von Vorschriften der Hauptgrund f\u00fcr ihre Strategie der Lohntransparenz. Mehr als 50 Prozent sehen die Verbesserung der Mitarbeiterzufriedenheit und die \u00dcbereinstimmung mit den Unternehmenswerten als wichtige Aspekte. Die Werte f\u00fcr Schweizer Unternehmen decken sich weitestgehend mit den globalen Ergebnissen.<\/p>\r\n<p>\u00abEs ist an der Zeit, dass die Unternehmen in Sachen Lohntransparenz aktiv werden. Da eine faire Entlohnung der zweitwichtigste Grund ist, warum sich Mitarbeitende f\u00fcr ein Unternehmen entscheiden. Diesem Fakt sollten Arbeitgeber Priorit\u00e4t einr\u00e4umen, um weiterhin erfolgreich zu wirtschaften\u00bb, sagt Mikolaj Jaszczuk, Principal Consultant Rewards bei Mercer Schweiz.<\/p>\r\n<h3><strong>Erhebliche Defizite<\/strong><\/h3>\r\n<p>Obwohl die Arbeitgeber die steigenden Erwartungen in Bezug auf die Lohntransparenz anerkennen, bleibt noch immer ein erhebliches Defizit in der Umsetzung. Weniger als ein Drittel (32 Prozent) der Unternehmen gaben an, dass sie auf die Erf\u00fcllung der globalen Transparenzanforderungen vorbereitet sind. In der Schweiz waren es 50 Prozent.<\/p>\r\n<p>Trotz der unterschiedlichen Gesetzgebung zur Lohntransparenz sind US-amerikanische Unternehmen f\u00fchrend, und jedes f\u00fcnfte Unternehmen hat eine Strategie zur Lohntransparenz eingef\u00fchrt. In Europa (mit Ausnahme des Vereinigten K\u00f6nigreichs und Irlands) haben nur 7 Prozent der Unternehmen eine Strategie zur Entgelttransparenz eingef\u00fchrt, obwohl die Rechtsvorschriften zur Entgelttransparenz in der EU 2026 in Kraft treten werden.<\/p>\r\n<h3><strong>Hauptunterschiede und Grenzen der aktuellen Lohngleichheitsanforderungen <\/strong><\/h3>\r\n<p>Die schweizerische Forderung nach Lohngleichheit, die Teil des revidierten Gleichstellungsgesetzes ist, stellt zwar einen Schritt in die richtige Richtung dar, aber ihr einmaliger Charakter und der Mangel an erforderlicher Transparenz k\u00f6nnen die Wirksamkeit erheblich einschr\u00e4nken. In einem Artikel beleuchten Mikolaj Jaszczuk und Stefanie Schweitzer, Managing Consultant Rewards and Pay Equity, die Unterschiede zwischen dem Schweizer Lohngleichheitsgesetz und der EU-Richtlinie zur Lohngleichheit und Lohngerechtigkeit. W\u00e4hrend die Schweiz eine einmalige Lohngleichheitsanalyse vorschreibt, setzt die EU auf eine kontinuierliche \u00dcberpr\u00fcfung, um langfristige Gleichstellung zu gew\u00e4hrleisten.<\/p>\r\n<p>Das 2020 revidierte Schweizer Gleichstellungsgesetz verlangt von Unternehmen mit \u00fcber 100 Mitarbeitenden eine einmalige Lohngleichheitsanalyse. Diese muss mit einer wissenschaftlich validierten Methode durchgef\u00fchrt und extern gepr\u00fcft werden. Unternehmen, die die Pr\u00fcfung bestehen, m\u00fcssen keine weiteren Analysen durchf\u00fchren. Damit fehlt ein Mechanismus zur regelm\u00e4\u00dfigen Kontrolle und Weiterentwicklung, wodurch das Gesetz an Wirksamkeit verliert.<\/p>\r\n<p>Im Gegensatz dazu verpflichtet die EU-Richtlinie Unternehmen zu regelm\u00e4ssigen Analysen \u2013 je nach Unternehmensgr\u00f6sse j\u00e4hrlich oder alle drei Jahre. Zudem f\u00f6rdert sie Transparenz, indem Unternehmen Gehaltsinformationen offenlegen m\u00fcssen, was zu einer faireren Lohnstruktur f\u00fchren soll. Auch Bewerber haben ein Anrecht auf Informationen zu Gehaltsstrukturen, w\u00e4hrend Arbeitgeber nicht nach Gehaltsvergangenheiten fragen d\u00fcrfen. Dies reduziert Informationsasymmetrien zwischen Unternehmen und Mitarbeitenden.<\/p>\r\n<h3><strong>Sollte die Schweiz ihr Modell \u00fcberarbeiten?<\/strong><\/h3>\r\n<p>Der Artikel aus dem Hause Mercer ortet die folgenden vier Hauptunterschiede zwischen der Schweizer Regelung und der EU-Richtlinie:<\/p>\r\n<ol>\r\n\t<li><strong>Frequenz der Analysen:<\/strong> W\u00e4hrend die Schweiz eine einmalige Pr\u00fcfung verlangt, setzt die EU auf kontinuierliche \u00dcberwachung.<\/li>\r\n\t<li><strong>Methode der Analyse:<\/strong> Die Schweiz verlangt eine wissenschaftlich validierte Regressionsanalyse, w\u00e4hrend die EU eine allgemeinere Lohngleichheitspr\u00fcfung vorschreibt.<\/li>\r\n\t<li><strong>Umfang und Transparenz:<\/strong> Die EU legt grossen Wert auf Transparenz, indem sie Unternehmen verpflichtet, Gehaltsinformationen offenzulegen. Die Schweiz verlangt lediglich eine interne Kommunikation der Ergebnisse.<\/li>\r\n\t<li><strong>Monitoring und Kontrolle:<\/strong> In der Schweiz gibt es keine offizielle \u00dcberwachungsstelle. Die EU hingegen verpflichtet Mitgliedsstaaten zur Einrichtung von \u00dcberwachungsstellen, die die Einhaltung der Vorschriften sicherstellen.<\/li>\r\n<\/ol>\r\n<p>Die Autoren kommen zu dem Schluss, dass die einmalige Analyse in der Schweiz nicht ausreicht, um nachhaltige Lohngleichheit zu gew\u00e4hrleisten. W\u00e4hrend die EU-Richtlinie eine tiefgreifende \u00c4nderung der Gehaltsstruktur bewirken kann, bleibt das Schweizer Modell ein punktuelles Instrument ohne langfristige Wirkung. Eine Anpassung der Schweizer Regelungen k\u00f6nnte daher notwendig sein, um mit den internationalen Standards Schritt zu halten und eine gerechtere Entlohnung zu gew\u00e4hrleisten.<\/p>\r\n<p><em>Quelle: <a href=\"https:\/\/www.mercer.com\/en-ch\/\">Mercer<\/a><\/em><\/p>\n<p class=\"syndicated-attribution\">Dieser Beitrag erschien urspr\u00fcnglich auf m-q.ch - <a href=\"https:\/\/www.m-q.ch\/de\/lohntransparenz-noch-etliche-defizite\/\" target=\"_blank\">https:\/\/www.m-q.ch\/de\/lohntransparenz-noch-etliche-defizite\/<\/a><\/p>","protected":false},"excerpt":{"rendered":"<p>Anl\u00e4sslich des Equal Pay Day vom 15. Februar 2025 hat das weltweit t\u00e4tige Beratungsunternehmen Mercer den \u201eGlobal Pay Transparency Report\u201c ver\u00f6ffentlicht. Der Report kommt zum Schluss, dass Lohntransparenz zwar immer wichtiger wird, die Umsetzung der Transparenzanforderungen gerade in der Schweiz aber immer noch viel Nachholbedarf hat.<\/p>\n","protected":false},"author":8,"featured_media":0,"comment_status":"closed","ping_status":"closed","sticky":false,"template":"","format":"standard","meta":{"_acf_changed":false,"_yoast_wpseo_focuskw":"Lohntransparenz","_yoast_wpseo_metadesc":"Anl\u00e4sslich des Equal Pay Day vom 15. Februar 2025 hat das Beratungsunternehmen Mercer eine Studie zur Lohntransparenz ver\u00f6ffentlicht.","articlekey":"","footnotes":""},"categories":[28],"tags":[103,330,5085,335,459],"class_list":["post-35974","post","type-post","status-publish","format-standard","hentry","category-management","tag-business-excellence","tag-lohngleichheit","tag-lohntransparenz","tag-management-und-unternehmensfuehrung","tag-studie"],"acf":[],"yoast_head":"<!-- This site is optimized with the Yoast SEO plugin v27.5 - https:\/\/yoast.com\/product\/yoast-seo-wordpress\/ -->\n<title>Lohntransparenz: Noch etliche Defizite - Organisator<\/title>\n<meta name=\"description\" content=\"Anl\u00e4sslich des Equal Pay Day vom 15. Februar 2025 hat das Beratungsunternehmen Mercer eine Studie zur Lohntransparenz ver\u00f6ffentlicht.\" \/>\n<meta name=\"robots\" content=\"index, follow, max-snippet:-1, max-image-preview:large, max-video-preview:-1\" \/>\n<link rel=\"canonical\" href=\"https:\/\/www.organisator.ch\/de\/management\/2025-02-14\/lohntransparenz-noch-etliche-defizite\/\" \/>\n<meta property=\"og:locale\" content=\"de_DE\" \/>\n<meta property=\"og:type\" content=\"article\" \/>\n<meta property=\"og:title\" content=\"Lohntransparenz: Noch etliche Defizite - Organisator\" \/>\n<meta property=\"og:description\" content=\"Anl\u00e4sslich des Equal Pay Day vom 15. Februar 2025 hat das Beratungsunternehmen Mercer eine Studie zur Lohntransparenz ver\u00f6ffentlicht.\" \/>\n<meta property=\"og:url\" content=\"https:\/\/www.organisator.ch\/de\/management\/2025-02-14\/lohntransparenz-noch-etliche-defizite\/\" \/>\n<meta property=\"og:site_name\" content=\"Organisator\" \/>\n<meta property=\"article:publisher\" content=\"https:\/\/www.facebook.com\/OrganisatorFachmagazin\" \/>\n<meta property=\"article:published_time\" content=\"2025-02-14T09:36:12+00:00\" \/>\n<meta property=\"article:modified_time\" content=\"2025-02-14T14:31:02+00:00\" \/>\n<meta property=\"og:image\" content=\"https:\/\/www.organisator.ch\/wp-content\/uploads\/2023\/08\/Buchtipp-Von-Kopf-bis-Fuss-munter-und-humorvoll-im-Business_Organisator.jpg\" \/>\n\t<meta property=\"og:image:width\" content=\"680\" \/>\n\t<meta property=\"og:image:height\" content=\"446\" \/>\n\t<meta property=\"og:image:type\" content=\"image\/jpeg\" \/>\n<meta name=\"author\" content=\"galledia\" \/>\n<meta name=\"twitter:card\" content=\"summary_large_image\" \/>\n<meta name=\"twitter:creator\" content=\"@admin\" \/>\n<script type=\"application\/ld+json\" class=\"yoast-schema-graph\">{\"@context\":\"https:\\\/\\\/schema.org\",\"@graph\":[{\"@type\":\"Article\",\"@id\":\"https:\\\/\\\/www.organisator.ch\\\/management\\\/2025-02-14\\\/lohntransparenz-noch-etliche-defizite\\\/#article\",\"isPartOf\":{\"@id\":\"https:\\\/\\\/www.organisator.ch\\\/management\\\/2025-02-14\\\/lohntransparenz-noch-etliche-defizite\\\/\"},\"author\":{\"name\":\"galledia\",\"@id\":\"https:\\\/\\\/www.organisator.ch\\\/#\\\/schema\\\/person\\\/4e51799071cd2dd1232ac003643ef5f0\"},\"headline\":\"Lohntransparenz: Noch etliche Defizite\",\"datePublished\":\"2025-02-14T09:36:12+00:00\",\"dateModified\":\"2025-02-14T14:31:02+00:00\",\"mainEntityOfPage\":{\"@id\":\"https:\\\/\\\/www.organisator.ch\\\/management\\\/2025-02-14\\\/lohntransparenz-noch-etliche-defizite\\\/\"},\"wordCount\":690,\"publisher\":{\"@id\":\"https:\\\/\\\/www.organisator.ch\\\/#organization\"},\"image\":{\"@id\":\"https:\\\/\\\/www.organisator.ch\\\/management\\\/2025-02-14\\\/lohntransparenz-noch-etliche-defizite\\\/#primaryimage\"},\"thumbnailUrl\":\"https:\\\/\\\/www.m-q.ch\\\/wp-content\\\/uploads\\\/2025\\\/02\\\/Lohntransparenz-Noch-etliche-Defizite_MQ.jpg\",\"keywords\":[\"Business Excellence\",\"Lohngleichheit\",\"Lohntransparenz\",\"Management und Unternehmensf\u00fchrung\",\"Studie\"],\"articleSection\":[\"MANAGEMENT\"],\"inLanguage\":\"de\"},{\"@type\":\"WebPage\",\"@id\":\"https:\\\/\\\/www.organisator.ch\\\/management\\\/2025-02-14\\\/lohntransparenz-noch-etliche-defizite\\\/\",\"url\":\"https:\\\/\\\/www.organisator.ch\\\/management\\\/2025-02-14\\\/lohntransparenz-noch-etliche-defizite\\\/\",\"name\":\"Lohntransparenz: Noch etliche Defizite - Organisator\",\"isPartOf\":{\"@id\":\"https:\\\/\\\/www.organisator.ch\\\/#website\"},\"primaryImageOfPage\":{\"@id\":\"https:\\\/\\\/www.organisator.ch\\\/management\\\/2025-02-14\\\/lohntransparenz-noch-etliche-defizite\\\/#primaryimage\"},\"image\":{\"@id\":\"https:\\\/\\\/www.organisator.ch\\\/management\\\/2025-02-14\\\/lohntransparenz-noch-etliche-defizite\\\/#primaryimage\"},\"thumbnailUrl\":\"https:\\\/\\\/www.m-q.ch\\\/wp-content\\\/uploads\\\/2025\\\/02\\\/Lohntransparenz-Noch-etliche-Defizite_MQ.jpg\",\"datePublished\":\"2025-02-14T09:36:12+00:00\",\"dateModified\":\"2025-02-14T14:31:02+00:00\",\"description\":\"Anl\u00e4sslich des Equal Pay Day vom 15. Februar 2025 hat das Beratungsunternehmen Mercer eine Studie zur Lohntransparenz ver\u00f6ffentlicht.\",\"breadcrumb\":{\"@id\":\"https:\\\/\\\/www.organisator.ch\\\/management\\\/2025-02-14\\\/lohntransparenz-noch-etliche-defizite\\\/#breadcrumb\"},\"inLanguage\":\"de\",\"potentialAction\":[{\"@type\":\"ReadAction\",\"target\":[\"https:\\\/\\\/www.organisator.ch\\\/management\\\/2025-02-14\\\/lohntransparenz-noch-etliche-defizite\\\/\"]}]},{\"@type\":\"ImageObject\",\"inLanguage\":\"de\",\"@id\":\"https:\\\/\\\/www.organisator.ch\\\/management\\\/2025-02-14\\\/lohntransparenz-noch-etliche-defizite\\\/#primaryimage\",\"url\":\"https:\\\/\\\/www.m-q.ch\\\/wp-content\\\/uploads\\\/2025\\\/02\\\/Lohntransparenz-Noch-etliche-Defizite_MQ.jpg\",\"contentUrl\":\"https:\\\/\\\/www.m-q.ch\\\/wp-content\\\/uploads\\\/2025\\\/02\\\/Lohntransparenz-Noch-etliche-Defizite_MQ.jpg\"},{\"@type\":\"BreadcrumbList\",\"@id\":\"https:\\\/\\\/www.organisator.ch\\\/management\\\/2025-02-14\\\/lohntransparenz-noch-etliche-defizite\\\/#breadcrumb\",\"itemListElement\":[{\"@type\":\"ListItem\",\"position\":1,\"name\":\"Home\",\"item\":\"https:\\\/\\\/www.organisator.ch\\\/\"},{\"@type\":\"ListItem\",\"position\":2,\"name\":\"Lohntransparenz: Noch etliche Defizite\"}]},{\"@type\":\"WebSite\",\"@id\":\"https:\\\/\\\/www.organisator.ch\\\/#website\",\"url\":\"https:\\\/\\\/www.organisator.ch\\\/\",\"name\":\"Organisator\",\"description\":\"Kompetent. Praxisnah. Der ORGANISATOR bereitet in 10 Ausgaben pro Jahr die wesentlichen Themen f\u00fcr F\u00fchrungskr\u00e4fte von KMU auf.\",\"publisher\":{\"@id\":\"https:\\\/\\\/www.organisator.ch\\\/#organization\"},\"potentialAction\":[{\"@type\":\"SearchAction\",\"target\":{\"@type\":\"EntryPoint\",\"urlTemplate\":\"https:\\\/\\\/www.organisator.ch\\\/?s={search_term_string}\"},\"query-input\":{\"@type\":\"PropertyValueSpecification\",\"valueRequired\":true,\"valueName\":\"search_term_string\"}}],\"inLanguage\":\"de\"},{\"@type\":\"Organization\",\"@id\":\"https:\\\/\\\/www.organisator.ch\\\/#organization\",\"name\":\"Organisator\",\"url\":\"https:\\\/\\\/www.organisator.ch\\\/\",\"logo\":{\"@type\":\"ImageObject\",\"inLanguage\":\"de\",\"@id\":\"https:\\\/\\\/www.organisator.ch\\\/#\\\/schema\\\/logo\\\/image\\\/\",\"url\":\"https:\\\/\\\/www.organisator.ch\\\/wp-content\\\/uploads\\\/2022\\\/01\\\/Logo_Organisator_Website.png\",\"contentUrl\":\"https:\\\/\\\/www.organisator.ch\\\/wp-content\\\/uploads\\\/2022\\\/01\\\/Logo_Organisator_Website.png\",\"width\":800,\"height\":77,\"caption\":\"Organisator\"},\"image\":{\"@id\":\"https:\\\/\\\/www.organisator.ch\\\/#\\\/schema\\\/logo\\\/image\\\/\"},\"sameAs\":[\"https:\\\/\\\/www.facebook.com\\\/OrganisatorFachmagazin\",\"https:\\\/\\\/www.linkedin.com\\\/showcase\\\/organisator-das-magazin-fr-kmu\",\"https:\\\/\\\/www.xing.com\\\/news\\\/pages\\\/organisator-ch-695\",\"https:\\\/\\\/www.youtube.com\\\/channel\\\/UCGP2Sq0iWaZwT3BdIAQFYpw\"]},{\"@type\":\"Person\",\"@id\":\"https:\\\/\\\/www.organisator.ch\\\/#\\\/schema\\\/person\\\/4e51799071cd2dd1232ac003643ef5f0\",\"name\":\"galledia\",\"image\":{\"@type\":\"ImageObject\",\"inLanguage\":\"de\",\"@id\":\"https:\\\/\\\/secure.gravatar.com\\\/avatar\\\/78a7f90c01fc2bfc875782a0d4922b37cde2cf184ce347b91316d23cd7f69a36?s=96&d=mm&r=g\",\"url\":\"https:\\\/\\\/secure.gravatar.com\\\/avatar\\\/78a7f90c01fc2bfc875782a0d4922b37cde2cf184ce347b91316d23cd7f69a36?s=96&d=mm&r=g\",\"contentUrl\":\"https:\\\/\\\/secure.gravatar.com\\\/avatar\\\/78a7f90c01fc2bfc875782a0d4922b37cde2cf184ce347b91316d23cd7f69a36?s=96&d=mm&r=g\",\"caption\":\"galledia\"},\"sameAs\":[\"https:\\\/\\\/x.com\\\/admin\"],\"url\":\"https:\\\/\\\/www.organisator.ch\\\/de\\\/author\\\/galledia\\\/\"}]}<\/script>\n<!-- \/ Yoast SEO plugin. -->","yoast_head_json":{"title":"Lohntransparenz: Noch etliche Defizite - Organisator","description":"Anl\u00e4sslich des Equal Pay Day vom 15. Februar 2025 hat das Beratungsunternehmen Mercer eine Studie zur Lohntransparenz ver\u00f6ffentlicht.","robots":{"index":"index","follow":"follow","max-snippet":"max-snippet:-1","max-image-preview":"max-image-preview:large","max-video-preview":"max-video-preview:-1"},"canonical":"https:\/\/www.organisator.ch\/de\/management\/2025-02-14\/lohntransparenz-noch-etliche-defizite\/","og_locale":"de_DE","og_type":"article","og_title":"Lohntransparenz: Noch etliche Defizite - Organisator","og_description":"Anl\u00e4sslich des Equal Pay Day vom 15. Februar 2025 hat das Beratungsunternehmen Mercer eine Studie zur Lohntransparenz ver\u00f6ffentlicht.","og_url":"https:\/\/www.organisator.ch\/de\/management\/2025-02-14\/lohntransparenz-noch-etliche-defizite\/","og_site_name":"Organisator","article_publisher":"https:\/\/www.facebook.com\/OrganisatorFachmagazin","article_published_time":"2025-02-14T09:36:12+00:00","article_modified_time":"2025-02-14T14:31:02+00:00","og_image":[{"width":680,"height":446,"url":"https:\/\/www.organisator.ch\/wp-content\/uploads\/2023\/08\/Buchtipp-Von-Kopf-bis-Fuss-munter-und-humorvoll-im-Business_Organisator.jpg","type":"image\/jpeg"}],"author":"galledia","twitter_card":"summary_large_image","twitter_creator":"@admin","schema":{"@context":"https:\/\/schema.org","@graph":[{"@type":"Article","@id":"https:\/\/www.organisator.ch\/management\/2025-02-14\/lohntransparenz-noch-etliche-defizite\/#article","isPartOf":{"@id":"https:\/\/www.organisator.ch\/management\/2025-02-14\/lohntransparenz-noch-etliche-defizite\/"},"author":{"name":"galledia","@id":"https:\/\/www.organisator.ch\/#\/schema\/person\/4e51799071cd2dd1232ac003643ef5f0"},"headline":"Lohntransparenz: Noch etliche Defizite","datePublished":"2025-02-14T09:36:12+00:00","dateModified":"2025-02-14T14:31:02+00:00","mainEntityOfPage":{"@id":"https:\/\/www.organisator.ch\/management\/2025-02-14\/lohntransparenz-noch-etliche-defizite\/"},"wordCount":690,"publisher":{"@id":"https:\/\/www.organisator.ch\/#organization"},"image":{"@id":"https:\/\/www.organisator.ch\/management\/2025-02-14\/lohntransparenz-noch-etliche-defizite\/#primaryimage"},"thumbnailUrl":"https:\/\/www.m-q.ch\/wp-content\/uploads\/2025\/02\/Lohntransparenz-Noch-etliche-Defizite_MQ.jpg","keywords":["Business Excellence","Lohngleichheit","Lohntransparenz","Management und Unternehmensf\u00fchrung","Studie"],"articleSection":["MANAGEMENT"],"inLanguage":"de"},{"@type":"WebPage","@id":"https:\/\/www.organisator.ch\/management\/2025-02-14\/lohntransparenz-noch-etliche-defizite\/","url":"https:\/\/www.organisator.ch\/management\/2025-02-14\/lohntransparenz-noch-etliche-defizite\/","name":"Lohntransparenz: Noch etliche Defizite - Organisator","isPartOf":{"@id":"https:\/\/www.organisator.ch\/#website"},"primaryImageOfPage":{"@id":"https:\/\/www.organisator.ch\/management\/2025-02-14\/lohntransparenz-noch-etliche-defizite\/#primaryimage"},"image":{"@id":"https:\/\/www.organisator.ch\/management\/2025-02-14\/lohntransparenz-noch-etliche-defizite\/#primaryimage"},"thumbnailUrl":"https:\/\/www.m-q.ch\/wp-content\/uploads\/2025\/02\/Lohntransparenz-Noch-etliche-Defizite_MQ.jpg","datePublished":"2025-02-14T09:36:12+00:00","dateModified":"2025-02-14T14:31:02+00:00","description":"Anl\u00e4sslich des Equal Pay Day vom 15. Februar 2025 hat das Beratungsunternehmen Mercer eine Studie zur Lohntransparenz ver\u00f6ffentlicht.","breadcrumb":{"@id":"https:\/\/www.organisator.ch\/management\/2025-02-14\/lohntransparenz-noch-etliche-defizite\/#breadcrumb"},"inLanguage":"de","potentialAction":[{"@type":"ReadAction","target":["https:\/\/www.organisator.ch\/management\/2025-02-14\/lohntransparenz-noch-etliche-defizite\/"]}]},{"@type":"ImageObject","inLanguage":"de","@id":"https:\/\/www.organisator.ch\/management\/2025-02-14\/lohntransparenz-noch-etliche-defizite\/#primaryimage","url":"https:\/\/www.m-q.ch\/wp-content\/uploads\/2025\/02\/Lohntransparenz-Noch-etliche-Defizite_MQ.jpg","contentUrl":"https:\/\/www.m-q.ch\/wp-content\/uploads\/2025\/02\/Lohntransparenz-Noch-etliche-Defizite_MQ.jpg"},{"@type":"BreadcrumbList","@id":"https:\/\/www.organisator.ch\/management\/2025-02-14\/lohntransparenz-noch-etliche-defizite\/#breadcrumb","itemListElement":[{"@type":"ListItem","position":1,"name":"Home","item":"https:\/\/www.organisator.ch\/"},{"@type":"ListItem","position":2,"name":"Lohntransparenz: Noch etliche Defizite"}]},{"@type":"WebSite","@id":"https:\/\/www.organisator.ch\/#website","url":"https:\/\/www.organisator.ch\/","name":"Organisator","description":"Kompetent. Praxisnah. Der ORGANISATOR bereitet in 10 Ausgaben pro Jahr die wesentlichen Themen f\u00fcr F\u00fchrungskr\u00e4fte von KMU auf.","publisher":{"@id":"https:\/\/www.organisator.ch\/#organization"},"potentialAction":[{"@type":"SearchAction","target":{"@type":"EntryPoint","urlTemplate":"https:\/\/www.organisator.ch\/?s={search_term_string}"},"query-input":{"@type":"PropertyValueSpecification","valueRequired":true,"valueName":"search_term_string"}}],"inLanguage":"de"},{"@type":"Organization","@id":"https:\/\/www.organisator.ch\/#organization","name":"Organisator","url":"https:\/\/www.organisator.ch\/","logo":{"@type":"ImageObject","inLanguage":"de","@id":"https:\/\/www.organisator.ch\/#\/schema\/logo\/image\/","url":"https:\/\/www.organisator.ch\/wp-content\/uploads\/2022\/01\/Logo_Organisator_Website.png","contentUrl":"https:\/\/www.organisator.ch\/wp-content\/uploads\/2022\/01\/Logo_Organisator_Website.png","width":800,"height":77,"caption":"Organisator"},"image":{"@id":"https:\/\/www.organisator.ch\/#\/schema\/logo\/image\/"},"sameAs":["https:\/\/www.facebook.com\/OrganisatorFachmagazin","https:\/\/www.linkedin.com\/showcase\/organisator-das-magazin-fr-kmu","https:\/\/www.xing.com\/news\/pages\/organisator-ch-695","https:\/\/www.youtube.com\/channel\/UCGP2Sq0iWaZwT3BdIAQFYpw"]},{"@type":"Person","@id":"https:\/\/www.organisator.ch\/#\/schema\/person\/4e51799071cd2dd1232ac003643ef5f0","name":"galledia","image":{"@type":"ImageObject","inLanguage":"de","@id":"https:\/\/secure.gravatar.com\/avatar\/78a7f90c01fc2bfc875782a0d4922b37cde2cf184ce347b91316d23cd7f69a36?s=96&d=mm&r=g","url":"https:\/\/secure.gravatar.com\/avatar\/78a7f90c01fc2bfc875782a0d4922b37cde2cf184ce347b91316d23cd7f69a36?s=96&d=mm&r=g","contentUrl":"https:\/\/secure.gravatar.com\/avatar\/78a7f90c01fc2bfc875782a0d4922b37cde2cf184ce347b91316d23cd7f69a36?s=96&d=mm&r=g","caption":"galledia"},"sameAs":["https:\/\/x.com\/admin"],"url":"https:\/\/www.organisator.ch\/de\/author\/galledia\/"}]}},"_links":{"self":[{"href":"https:\/\/www.organisator.ch\/de\/wp-json\/wp\/v2\/posts\/35974","targetHints":{"allow":["GET"]}}],"collection":[{"href":"https:\/\/www.organisator.ch\/de\/wp-json\/wp\/v2\/posts"}],"about":[{"href":"https:\/\/www.organisator.ch\/de\/wp-json\/wp\/v2\/types\/post"}],"author":[{"embeddable":true,"href":"https:\/\/www.organisator.ch\/de\/wp-json\/wp\/v2\/users\/8"}],"replies":[{"embeddable":true,"href":"https:\/\/www.organisator.ch\/de\/wp-json\/wp\/v2\/comments?post=35974"}],"version-history":[{"count":5,"href":"https:\/\/www.organisator.ch\/de\/wp-json\/wp\/v2\/posts\/35974\/revisions"}],"predecessor-version":[{"id":35986,"href":"https:\/\/www.organisator.ch\/de\/wp-json\/wp\/v2\/posts\/35974\/revisions\/35986"}],"wp:attachment":[{"href":"https:\/\/www.organisator.ch\/de\/wp-json\/wp\/v2\/media?parent=35974"}],"wp:term":[{"taxonomy":"category","embeddable":true,"href":"https:\/\/www.organisator.ch\/de\/wp-json\/wp\/v2\/categories?post=35974"},{"taxonomy":"post_tag","embeddable":true,"href":"https:\/\/www.organisator.ch\/de\/wp-json\/wp\/v2\/tags?post=35974"}],"curies":[{"name":"wp","href":"https:\/\/api.w.org\/{rel}","templated":true}]}}