{"id":35989,"date":"2025-02-16T16:53:43","date_gmt":"2025-02-16T15:53:43","guid":{"rendered":"https:\/\/www.markt-kom.com\/?p=230486"},"modified":"2025-02-17T09:41:04","modified_gmt":"2025-02-17T08:41:04","slug":"sdv-award-2025-einreichungen-gestartet","status":"publish","type":"post","link":"https:\/\/www.organisator.ch\/de\/marketing\/2025-02-16\/sdv-award-2025-einreichungen-gestartet\/","title":{"rendered":"SDV Award 2025: Einreichungen gestartet"},"content":{"rendered":"<p><a href=\"https:\/\/www.markt-kom.com\/wp-content\/uploads\/2025\/02\/SDV-Einreichungen.jpg\"><img class=\"aligncenter size-full wp-image-230487\" src=\"https:\/\/www.markt-kom.com\/wp-content\/uploads\/2025\/02\/SDV-Einreichungen.jpg\" sizes=\"(max-width: 746px) 100vw, 746px\" srcset=\"https:\/\/www.markt-kom.com\/wp-content\/uploads\/2025\/02\/SDV-Einreichungen.jpg 746w, https:\/\/www.markt-kom.com\/wp-content\/uploads\/2025\/02\/SDV-Einreichungen-600x302.jpg 600w, https:\/\/www.markt-kom.com\/wp-content\/uploads\/2025\/02\/SDV-Einreichungen-18x9.jpg 18w, https:\/\/www.markt-kom.com\/wp-content\/uploads\/2025\/02\/SDV-Einreichungen-347x175.jpg 347w, https:\/\/www.markt-kom.com\/wp-content\/uploads\/2025\/02\/SDV-Einreichungen-694x350.jpg 694w\" alt=\"\" width=\"746\" height=\"376\" \/><\/a><\/p>\r\n<p>Auch in diesem Jahr pr\u00e4miert der Schweizer Dialogmarketing Verband SDV innovative, kreative und strategisch durchdachte Arbeiten aus dem Bereich Dialogmarketing.<\/p>\r\n<p>Seit Freitag l\u00e4uft die Eingabe. Eingereicht werden k\u00f6nnen Kampagnen, die zwischen dem 1. Januar 2024 und dem 31. Januar 2025 realisiert und ver\u00f6ffentlicht wurden.<\/p>\r\n<p>Die <a href=\"https:\/\/sdv25.alpha-awards.com\/auth\/login\" rel=\"noopener\">Anmeldung erfolgt online<\/a>. In einer <a href=\"https:\/\/ausstellung.sdv-award.ch\/landing\" rel=\"noopener\">virtuellen \u00abVernissage\u00bb<\/a> zeigt der SDV zudem die Gewinner-Kampagnen aus dem vergangenen Jahr, wo sich Teilnehmende inspirieren lassen k\u00f6nnen.<\/p>","protected":false},"excerpt":{"rendered":"<p>Die Ausschreibung f\u00fcr den SDV Award 2025 l\u00e4uft. Gesucht werden herausragende Dialogmarketing-Kampagnen aus dem Jahr 2024. Einsendeschluss ist der 24. M\u00e4rz 2025.<\/p>\n","protected":false},"author":8,"featured_media":0,"comment_status":"closed","ping_status":"closed","sticky":false,"template":"","format":"standard","meta":{"_acf_changed":false,"_yoast_wpseo_focuskw":"SDV Award 2025","_yoast_wpseo_metadesc":"Die Ausschreibung f\u00fcr den SDV Award 2025 l\u00e4uft. Gesucht werden herausragende Dialogmarketing-Kampagnen aus dem Jahr 2024.","articlekey":"","footnotes":""},"categories":[29],"tags":[66,5086,4419],"class_list":["post-35989","post","type-post","status-publish","format-standard","hentry","category-marketing","tag-awards","tag-schweizer-dialogmarketing-verband-sdv","tag-sdv-award"],"acf":[],"yoast_head":"<!-- This site is optimized with the Yoast SEO plugin v27.5 - https:\/\/yoast.com\/product\/yoast-seo-wordpress\/ -->\n<title>SDV Award 2025: Einreichungen gestartet - Organisator<\/title>\n<meta name=\"description\" content=\"Die Ausschreibung f\u00fcr den SDV Award 2025 l\u00e4uft. Gesucht werden herausragende Dialogmarketing-Kampagnen aus dem Jahr 2024.\" \/>\n<meta name=\"robots\" content=\"index, follow, max-snippet:-1, max-image-preview:large, max-video-preview:-1\" \/>\n<link rel=\"canonical\" href=\"https:\/\/www.organisator.ch\/de\/marketing\/2025-02-16\/sdv-award-2025-einreichungen-gestartet\/\" \/>\n<meta property=\"og:locale\" content=\"de_DE\" \/>\n<meta property=\"og:type\" content=\"article\" \/>\n<meta property=\"og:title\" content=\"SDV Award 2025: Einreichungen gestartet - Organisator\" \/>\n<meta property=\"og:description\" content=\"Die Ausschreibung f\u00fcr den SDV Award 2025 l\u00e4uft. Gesucht werden herausragende Dialogmarketing-Kampagnen aus dem Jahr 2024.\" \/>\n<meta property=\"og:url\" content=\"https:\/\/www.organisator.ch\/de\/marketing\/2025-02-16\/sdv-award-2025-einreichungen-gestartet\/\" \/>\n<meta property=\"og:site_name\" content=\"Organisator\" \/>\n<meta property=\"article:publisher\" content=\"https:\/\/www.facebook.com\/OrganisatorFachmagazin\" \/>\n<meta property=\"article:published_time\" content=\"2025-02-16T15:53:43+00:00\" \/>\n<meta property=\"article:modified_time\" content=\"2025-02-17T08:41:04+00:00\" \/>\n<meta name=\"author\" content=\"galledia\" \/>\n<meta name=\"twitter:card\" content=\"summary_large_image\" \/>\n<meta name=\"twitter:creator\" content=\"@admin\" \/>\n<script type=\"application\/ld+json\" class=\"yoast-schema-graph\">{\"@context\":\"https:\\\/\\\/schema.org\",\"@graph\":[{\"@type\":\"Article\",\"@id\":\"https:\\\/\\\/www.organisator.ch\\\/marketing\\\/2025-02-16\\\/sdv-award-2025-einreichungen-gestartet\\\/#article\",\"isPartOf\":{\"@id\":\"https:\\\/\\\/www.organisator.ch\\\/marketing\\\/2025-02-16\\\/sdv-award-2025-einreichungen-gestartet\\\/\"},\"author\":{\"name\":\"galledia\",\"@id\":\"https:\\\/\\\/www.organisator.ch\\\/#\\\/schema\\\/person\\\/4e51799071cd2dd1232ac003643ef5f0\"},\"headline\":\"SDV Award 2025: Einreichungen gestartet\",\"datePublished\":\"2025-02-16T15:53:43+00:00\",\"dateModified\":\"2025-02-17T08:41:04+00:00\",\"mainEntityOfPage\":{\"@id\":\"https:\\\/\\\/www.organisator.ch\\\/marketing\\\/2025-02-16\\\/sdv-award-2025-einreichungen-gestartet\\\/\"},\"wordCount\":73,\"publisher\":{\"@id\":\"https:\\\/\\\/www.organisator.ch\\\/#organization\"},\"image\":{\"@id\":\"https:\\\/\\\/www.organisator.ch\\\/marketing\\\/2025-02-16\\\/sdv-award-2025-einreichungen-gestartet\\\/#primaryimage\"},\"thumbnailUrl\":\"https:\\\/\\\/www.markt-kom.com\\\/wp-content\\\/uploads\\\/2025\\\/02\\\/SDV-Einreichungen.jpg\",\"keywords\":[\"Awards\",\"Schweizer Dialogmarketing Verband SDV\",\"SDV-Award\"],\"articleSection\":[\"MARKETING\"],\"inLanguage\":\"de\"},{\"@type\":\"WebPage\",\"@id\":\"https:\\\/\\\/www.organisator.ch\\\/marketing\\\/2025-02-16\\\/sdv-award-2025-einreichungen-gestartet\\\/\",\"url\":\"https:\\\/\\\/www.organisator.ch\\\/marketing\\\/2025-02-16\\\/sdv-award-2025-einreichungen-gestartet\\\/\",\"name\":\"SDV Award 2025: Einreichungen gestartet - Organisator\",\"isPartOf\":{\"@id\":\"https:\\\/\\\/www.organisator.ch\\\/#website\"},\"primaryImageOfPage\":{\"@id\":\"https:\\\/\\\/www.organisator.ch\\\/marketing\\\/2025-02-16\\\/sdv-award-2025-einreichungen-gestartet\\\/#primaryimage\"},\"image\":{\"@id\":\"https:\\\/\\\/www.organisator.ch\\\/marketing\\\/2025-02-16\\\/sdv-award-2025-einreichungen-gestartet\\\/#primaryimage\"},\"thumbnailUrl\":\"https:\\\/\\\/www.markt-kom.com\\\/wp-content\\\/uploads\\\/2025\\\/02\\\/SDV-Einreichungen.jpg\",\"datePublished\":\"2025-02-16T15:53:43+00:00\",\"dateModified\":\"2025-02-17T08:41:04+00:00\",\"description\":\"Die Ausschreibung f\u00fcr den SDV Award 2025 l\u00e4uft. Gesucht werden herausragende Dialogmarketing-Kampagnen aus dem Jahr 2024.\",\"breadcrumb\":{\"@id\":\"https:\\\/\\\/www.organisator.ch\\\/marketing\\\/2025-02-16\\\/sdv-award-2025-einreichungen-gestartet\\\/#breadcrumb\"},\"inLanguage\":\"de\",\"potentialAction\":[{\"@type\":\"ReadAction\",\"target\":[\"https:\\\/\\\/www.organisator.ch\\\/marketing\\\/2025-02-16\\\/sdv-award-2025-einreichungen-gestartet\\\/\"]}]},{\"@type\":\"ImageObject\",\"inLanguage\":\"de\",\"@id\":\"https:\\\/\\\/www.organisator.ch\\\/marketing\\\/2025-02-16\\\/sdv-award-2025-einreichungen-gestartet\\\/#primaryimage\",\"url\":\"https:\\\/\\\/www.markt-kom.com\\\/wp-content\\\/uploads\\\/2025\\\/02\\\/SDV-Einreichungen.jpg\",\"contentUrl\":\"https:\\\/\\\/www.markt-kom.com\\\/wp-content\\\/uploads\\\/2025\\\/02\\\/SDV-Einreichungen.jpg\"},{\"@type\":\"BreadcrumbList\",\"@id\":\"https:\\\/\\\/www.organisator.ch\\\/marketing\\\/2025-02-16\\\/sdv-award-2025-einreichungen-gestartet\\\/#breadcrumb\",\"itemListElement\":[{\"@type\":\"ListItem\",\"position\":1,\"name\":\"Home\",\"item\":\"https:\\\/\\\/www.organisator.ch\\\/\"},{\"@type\":\"ListItem\",\"position\":2,\"name\":\"SDV Award 2025: Einreichungen gestartet\"}]},{\"@type\":\"WebSite\",\"@id\":\"https:\\\/\\\/www.organisator.ch\\\/#website\",\"url\":\"https:\\\/\\\/www.organisator.ch\\\/\",\"name\":\"Organisator\",\"description\":\"Kompetent. Praxisnah. Der ORGANISATOR bereitet in 10 Ausgaben pro Jahr die wesentlichen Themen f\u00fcr F\u00fchrungskr\u00e4fte von KMU auf.\",\"publisher\":{\"@id\":\"https:\\\/\\\/www.organisator.ch\\\/#organization\"},\"potentialAction\":[{\"@type\":\"SearchAction\",\"target\":{\"@type\":\"EntryPoint\",\"urlTemplate\":\"https:\\\/\\\/www.organisator.ch\\\/?s={search_term_string}\"},\"query-input\":{\"@type\":\"PropertyValueSpecification\",\"valueRequired\":true,\"valueName\":\"search_term_string\"}}],\"inLanguage\":\"de\"},{\"@type\":\"Organization\",\"@id\":\"https:\\\/\\\/www.organisator.ch\\\/#organization\",\"name\":\"Organisator\",\"url\":\"https:\\\/\\\/www.organisator.ch\\\/\",\"logo\":{\"@type\":\"ImageObject\",\"inLanguage\":\"de\",\"@id\":\"https:\\\/\\\/www.organisator.ch\\\/#\\\/schema\\\/logo\\\/image\\\/\",\"url\":\"https:\\\/\\\/www.organisator.ch\\\/wp-content\\\/uploads\\\/2022\\\/01\\\/Logo_Organisator_Website.png\",\"contentUrl\":\"https:\\\/\\\/www.organisator.ch\\\/wp-content\\\/uploads\\\/2022\\\/01\\\/Logo_Organisator_Website.png\",\"width\":800,\"height\":77,\"caption\":\"Organisator\"},\"image\":{\"@id\":\"https:\\\/\\\/www.organisator.ch\\\/#\\\/schema\\\/logo\\\/image\\\/\"},\"sameAs\":[\"https:\\\/\\\/www.facebook.com\\\/OrganisatorFachmagazin\",\"https:\\\/\\\/www.linkedin.com\\\/showcase\\\/organisator-das-magazin-fr-kmu\",\"https:\\\/\\\/www.xing.com\\\/news\\\/pages\\\/organisator-ch-695\",\"https:\\\/\\\/www.youtube.com\\\/channel\\\/UCGP2Sq0iWaZwT3BdIAQFYpw\"]},{\"@type\":\"Person\",\"@id\":\"https:\\\/\\\/www.organisator.ch\\\/#\\\/schema\\\/person\\\/4e51799071cd2dd1232ac003643ef5f0\",\"name\":\"galledia\",\"image\":{\"@type\":\"ImageObject\",\"inLanguage\":\"de\",\"@id\":\"https:\\\/\\\/secure.gravatar.com\\\/avatar\\\/78a7f90c01fc2bfc875782a0d4922b37cde2cf184ce347b91316d23cd7f69a36?s=96&d=mm&r=g\",\"url\":\"https:\\\/\\\/secure.gravatar.com\\\/avatar\\\/78a7f90c01fc2bfc875782a0d4922b37cde2cf184ce347b91316d23cd7f69a36?s=96&d=mm&r=g\",\"contentUrl\":\"https:\\\/\\\/secure.gravatar.com\\\/avatar\\\/78a7f90c01fc2bfc875782a0d4922b37cde2cf184ce347b91316d23cd7f69a36?s=96&d=mm&r=g\",\"caption\":\"galledia\"},\"sameAs\":[\"https:\\\/\\\/x.com\\\/admin\"],\"url\":\"https:\\\/\\\/www.organisator.ch\\\/de\\\/author\\\/galledia\\\/\"}]}<\/script>\n<!-- \/ Yoast SEO plugin. -->","yoast_head_json":{"title":"SDV Award 2025: Einreichungen gestartet - Organisator","description":"Die Ausschreibung f\u00fcr den SDV Award 2025 l\u00e4uft. Gesucht werden herausragende Dialogmarketing-Kampagnen aus dem Jahr 2024.","robots":{"index":"index","follow":"follow","max-snippet":"max-snippet:-1","max-image-preview":"max-image-preview:large","max-video-preview":"max-video-preview:-1"},"canonical":"https:\/\/www.organisator.ch\/de\/marketing\/2025-02-16\/sdv-award-2025-einreichungen-gestartet\/","og_locale":"de_DE","og_type":"article","og_title":"SDV Award 2025: Einreichungen gestartet - Organisator","og_description":"Die Ausschreibung f\u00fcr den SDV Award 2025 l\u00e4uft. Gesucht werden herausragende Dialogmarketing-Kampagnen aus dem Jahr 2024.","og_url":"https:\/\/www.organisator.ch\/de\/marketing\/2025-02-16\/sdv-award-2025-einreichungen-gestartet\/","og_site_name":"Organisator","article_publisher":"https:\/\/www.facebook.com\/OrganisatorFachmagazin","article_published_time":"2025-02-16T15:53:43+00:00","article_modified_time":"2025-02-17T08:41:04+00:00","author":"galledia","twitter_card":"summary_large_image","twitter_creator":"@admin","schema":{"@context":"https:\/\/schema.org","@graph":[{"@type":"Article","@id":"https:\/\/www.organisator.ch\/marketing\/2025-02-16\/sdv-award-2025-einreichungen-gestartet\/#article","isPartOf":{"@id":"https:\/\/www.organisator.ch\/marketing\/2025-02-16\/sdv-award-2025-einreichungen-gestartet\/"},"author":{"name":"galledia","@id":"https:\/\/www.organisator.ch\/#\/schema\/person\/4e51799071cd2dd1232ac003643ef5f0"},"headline":"SDV Award 2025: Einreichungen gestartet","datePublished":"2025-02-16T15:53:43+00:00","dateModified":"2025-02-17T08:41:04+00:00","mainEntityOfPage":{"@id":"https:\/\/www.organisator.ch\/marketing\/2025-02-16\/sdv-award-2025-einreichungen-gestartet\/"},"wordCount":73,"publisher":{"@id":"https:\/\/www.organisator.ch\/#organization"},"image":{"@id":"https:\/\/www.organisator.ch\/marketing\/2025-02-16\/sdv-award-2025-einreichungen-gestartet\/#primaryimage"},"thumbnailUrl":"https:\/\/www.markt-kom.com\/wp-content\/uploads\/2025\/02\/SDV-Einreichungen.jpg","keywords":["Awards","Schweizer Dialogmarketing Verband SDV","SDV-Award"],"articleSection":["MARKETING"],"inLanguage":"de"},{"@type":"WebPage","@id":"https:\/\/www.organisator.ch\/marketing\/2025-02-16\/sdv-award-2025-einreichungen-gestartet\/","url":"https:\/\/www.organisator.ch\/marketing\/2025-02-16\/sdv-award-2025-einreichungen-gestartet\/","name":"SDV Award 2025: Einreichungen gestartet - Organisator","isPartOf":{"@id":"https:\/\/www.organisator.ch\/#website"},"primaryImageOfPage":{"@id":"https:\/\/www.organisator.ch\/marketing\/2025-02-16\/sdv-award-2025-einreichungen-gestartet\/#primaryimage"},"image":{"@id":"https:\/\/www.organisator.ch\/marketing\/2025-02-16\/sdv-award-2025-einreichungen-gestartet\/#primaryimage"},"thumbnailUrl":"https:\/\/www.markt-kom.com\/wp-content\/uploads\/2025\/02\/SDV-Einreichungen.jpg","datePublished":"2025-02-16T15:53:43+00:00","dateModified":"2025-02-17T08:41:04+00:00","description":"Die Ausschreibung f\u00fcr den SDV Award 2025 l\u00e4uft. Gesucht werden herausragende Dialogmarketing-Kampagnen aus dem Jahr 2024.","breadcrumb":{"@id":"https:\/\/www.organisator.ch\/marketing\/2025-02-16\/sdv-award-2025-einreichungen-gestartet\/#breadcrumb"},"inLanguage":"de","potentialAction":[{"@type":"ReadAction","target":["https:\/\/www.organisator.ch\/marketing\/2025-02-16\/sdv-award-2025-einreichungen-gestartet\/"]}]},{"@type":"ImageObject","inLanguage":"de","@id":"https:\/\/www.organisator.ch\/marketing\/2025-02-16\/sdv-award-2025-einreichungen-gestartet\/#primaryimage","url":"https:\/\/www.markt-kom.com\/wp-content\/uploads\/2025\/02\/SDV-Einreichungen.jpg","contentUrl":"https:\/\/www.markt-kom.com\/wp-content\/uploads\/2025\/02\/SDV-Einreichungen.jpg"},{"@type":"BreadcrumbList","@id":"https:\/\/www.organisator.ch\/marketing\/2025-02-16\/sdv-award-2025-einreichungen-gestartet\/#breadcrumb","itemListElement":[{"@type":"ListItem","position":1,"name":"Home","item":"https:\/\/www.organisator.ch\/"},{"@type":"ListItem","position":2,"name":"SDV Award 2025: Einreichungen gestartet"}]},{"@type":"WebSite","@id":"https:\/\/www.organisator.ch\/#website","url":"https:\/\/www.organisator.ch\/","name":"Organisator","description":"Kompetent. Praxisnah. Der ORGANISATOR bereitet in 10 Ausgaben pro Jahr die wesentlichen Themen f\u00fcr F\u00fchrungskr\u00e4fte von KMU auf.","publisher":{"@id":"https:\/\/www.organisator.ch\/#organization"},"potentialAction":[{"@type":"SearchAction","target":{"@type":"EntryPoint","urlTemplate":"https:\/\/www.organisator.ch\/?s={search_term_string}"},"query-input":{"@type":"PropertyValueSpecification","valueRequired":true,"valueName":"search_term_string"}}],"inLanguage":"de"},{"@type":"Organization","@id":"https:\/\/www.organisator.ch\/#organization","name":"Organisator","url":"https:\/\/www.organisator.ch\/","logo":{"@type":"ImageObject","inLanguage":"de","@id":"https:\/\/www.organisator.ch\/#\/schema\/logo\/image\/","url":"https:\/\/www.organisator.ch\/wp-content\/uploads\/2022\/01\/Logo_Organisator_Website.png","contentUrl":"https:\/\/www.organisator.ch\/wp-content\/uploads\/2022\/01\/Logo_Organisator_Website.png","width":800,"height":77,"caption":"Organisator"},"image":{"@id":"https:\/\/www.organisator.ch\/#\/schema\/logo\/image\/"},"sameAs":["https:\/\/www.facebook.com\/OrganisatorFachmagazin","https:\/\/www.linkedin.com\/showcase\/organisator-das-magazin-fr-kmu","https:\/\/www.xing.com\/news\/pages\/organisator-ch-695","https:\/\/www.youtube.com\/channel\/UCGP2Sq0iWaZwT3BdIAQFYpw"]},{"@type":"Person","@id":"https:\/\/www.organisator.ch\/#\/schema\/person\/4e51799071cd2dd1232ac003643ef5f0","name":"galledia","image":{"@type":"ImageObject","inLanguage":"de","@id":"https:\/\/secure.gravatar.com\/avatar\/78a7f90c01fc2bfc875782a0d4922b37cde2cf184ce347b91316d23cd7f69a36?s=96&d=mm&r=g","url":"https:\/\/secure.gravatar.com\/avatar\/78a7f90c01fc2bfc875782a0d4922b37cde2cf184ce347b91316d23cd7f69a36?s=96&d=mm&r=g","contentUrl":"https:\/\/secure.gravatar.com\/avatar\/78a7f90c01fc2bfc875782a0d4922b37cde2cf184ce347b91316d23cd7f69a36?s=96&d=mm&r=g","caption":"galledia"},"sameAs":["https:\/\/x.com\/admin"],"url":"https:\/\/www.organisator.ch\/de\/author\/galledia\/"}]}},"_links":{"self":[{"href":"https:\/\/www.organisator.ch\/de\/wp-json\/wp\/v2\/posts\/35989","targetHints":{"allow":["GET"]}}],"collection":[{"href":"https:\/\/www.organisator.ch\/de\/wp-json\/wp\/v2\/posts"}],"about":[{"href":"https:\/\/www.organisator.ch\/de\/wp-json\/wp\/v2\/types\/post"}],"author":[{"embeddable":true,"href":"https:\/\/www.organisator.ch\/de\/wp-json\/wp\/v2\/users\/8"}],"replies":[{"embeddable":true,"href":"https:\/\/www.organisator.ch\/de\/wp-json\/wp\/v2\/comments?post=35989"}],"version-history":[{"count":4,"href":"https:\/\/www.organisator.ch\/de\/wp-json\/wp\/v2\/posts\/35989\/revisions"}],"predecessor-version":[{"id":36000,"href":"https:\/\/www.organisator.ch\/de\/wp-json\/wp\/v2\/posts\/35989\/revisions\/36000"}],"wp:attachment":[{"href":"https:\/\/www.organisator.ch\/de\/wp-json\/wp\/v2\/media?parent=35989"}],"wp:term":[{"taxonomy":"category","embeddable":true,"href":"https:\/\/www.organisator.ch\/de\/wp-json\/wp\/v2\/categories?post=35989"},{"taxonomy":"post_tag","embeddable":true,"href":"https:\/\/www.organisator.ch\/de\/wp-json\/wp\/v2\/tags?post=35989"}],"curies":[{"name":"wp","href":"https:\/\/api.w.org\/{rel}","templated":true}]}}