{"id":36001,"date":"2025-02-17T10:01:52","date_gmt":"2025-02-17T09:01:52","guid":{"rendered":"https:\/\/www.organisator.ch\/?p=36001"},"modified":"2025-02-17T10:01:52","modified_gmt":"2025-02-17T09:01:52","slug":"lyreco-unboxed-groesster-b2b-nachhaltigkeits-kongress-der-schweiz-mit-zweiter-runde","status":"publish","type":"post","link":"https:\/\/www.organisator.ch\/de\/sustainability\/2025-02-17\/lyreco-unboxed-groesster-b2b-nachhaltigkeits-kongress-der-schweiz-mit-zweiter-runde\/","title":{"rendered":"Lyreco Unboxed: Gr\u00f6sster B2B Nachhaltigkeits-Kongress der Schweiz mit zweiter Runde"},"content":{"rendered":"<figure id=\"attachment_36002\" aria-describedby=\"caption-attachment-36002\" style=\"width: 680px\" class=\"wp-caption alignnone\"><img loading=\"lazy\" decoding=\"async\" class=\"size-full wp-image-36002\" src=\"https:\/\/www.organisator.ch\/wp-content\/uploads\/2025\/02\/Lyreco-Unboxed-Groesster-B2B-Nachhaltigkeits-Kongress-der-Schweiz-mit-zweiter-Runde_Organisator.jpg\" alt=\"\" width=\"680\" height=\"435\" srcset=\"https:\/\/www.organisator.ch\/wp-content\/uploads\/2025\/02\/Lyreco-Unboxed-Groesster-B2B-Nachhaltigkeits-Kongress-der-Schweiz-mit-zweiter-Runde_Organisator.jpg 680w, https:\/\/www.organisator.ch\/wp-content\/uploads\/2025\/02\/Lyreco-Unboxed-Groesster-B2B-Nachhaltigkeits-Kongress-der-Schweiz-mit-zweiter-Runde_Organisator-18x12.jpg 18w, https:\/\/www.organisator.ch\/wp-content\/uploads\/2025\/02\/Lyreco-Unboxed-Groesster-B2B-Nachhaltigkeits-Kongress-der-Schweiz-mit-zweiter-Runde_Organisator-375x240.jpg 375w, https:\/\/www.organisator.ch\/wp-content\/uploads\/2025\/02\/Lyreco-Unboxed-Groesster-B2B-Nachhaltigkeits-Kongress-der-Schweiz-mit-zweiter-Runde_Organisator-547x350.jpg 547w\" sizes=\"auto, (max-width: 680px) 100vw, 680px\" \/><figcaption id=\"caption-attachment-36002\" class=\"wp-caption-text\">\u00dcber 500 G\u00e4ste nahmen an der zweiten Durchf\u00fchrung von &#8222;Lyreco Unboxed&#8220; teil. (Bild: Lyreco Switzerland AG)<\/figcaption><\/figure>\n<p>Bei Lyreco Switzerland steht das Thema Nachhaltigkeit seit Jahren weit vorne in der Agenda. So auch mit der ersten Nachhaltigkeitskonferenz im Januar 2024 in der Deutschschweiz. Erneut durften nun am 13. Februar 2025 in Lausanne \u00fcber 500 G\u00e4ste aus Wirtschaft, Wissenschaft und Politik unter dem Motto: \u00aboffen und ehrlich ausgepackt\u00bb auf unkonventionelle, authentische und einzigartige Weise erfahren, warum scheitern so wichtig ist, um Lieferketten nachhaltiger zu gestalten.<\/p>\n<h3>\u00dcber 20 Expert\/-innen auf der B\u00fchne<\/h3>\n<p>Wie entsteht aus \u00abOne Way\u00bb echte Kreislaufwirtschaft, welche Technologien machen Lieferketten effizienter und nachhaltiger, und welche Massnahmen helfen, auf dem Weg zu netto-null? Dazu hat Lyreco \u00fcber 20 Expert\/-innen auf die B\u00fchne gebracht, die wirklich etwas zu sagen haben. \u00abVon der Wissenschaft zur unternehmerischen Praxis, vom Konzern zum Start-Up und der Klimaseniorin bis zur j\u00fcngsten Generation, egal ob in einem der beiden Panels oder der Ausstellung. Lyreco Unboxed ist ehrlich, konkret und praxisnah und damit viel mehr als eine Veranstaltung\u00bb, heisst es dazu in einer Mitteilung des Unternehmens. Die Veranstaltung wurde zum zweiten Mal durchgef\u00fchrt und streicht vor allem eine unverbl\u00fcmte, authentische und offene Diskussion des Themas Nachhaltigkeit heraus.<\/p>\n<h3><strong>Warum ein Nachhaltigkeitsanlass in der Romandie?<\/strong><\/h3>\n<p>\u00abLyreco engagiert sich seit Langem f\u00fcr Nachhaltigkeit\u00bb, sagt Martin Schlittler, Managing Director der Lyreco Switzerland AG. \u00abMit unserer Verpflichtung zur Science Based Target Initiative, nachhaltiger Auslieferung und umweltfreundlicher Produktstrategie setzen wir uns aktiv f\u00fcr eine netto-null Zukunft ein.\u00bb Bereits mit \u00abLyreco Unboxed\u00bb wurde eine Br\u00fccke zur Mission geschlagen: nachhaltige L\u00f6sungen f\u00fcr den Arbeitsplatz. \u00abNun m\u00f6chten wir auch unsere Kunden, Partner und Mitarbeitenden in der Romandie inspirieren \u2013 mit Wissen, Spass und ohne erhobenen Zeigefinger!\u00bb, so Schlittler.\u00a0<\/p>\n<p>Basierend auf dieser Idee wurden franz\u00f6sischsprachige Expert\/-innen gew\u00e4hlt und ein Klima- sowie Innovations-Forum initiiert. Ein neuer Dialog-HUB erm\u00f6glicht den direkten Austausch mit Fachleuten. Die Circular Tour de Suisse macht Kreislaufwirtschaft schweizweit erlebbar und pr\u00e4sentiert gemeinsam mit Partnern nachhaltige L\u00f6sungen. Lyreco bot mit seiner Integration im Dialog-HUB eine Plattform f\u00fcr den ersten Etappenhalt.<\/p>\n<h3><strong>Kann eine solche Veranstaltung nachhaltig sein?<\/strong><\/h3>\n<p>\u00abDie CO\u2082-Analyse des Unboxed Events in der Deutschschweiz zeigte, dass rund 90 % der Emissionen aus Mobilit\u00e4t und Catering stammen\u00bb, erkl\u00e4rt Tina Kempf. \u00abDaher verzichten wir auf unn\u00f6tige Transporte und setzen beim Catering auf vegetarische, saisonale und regionale Produkte, bevorzugt in Bio-Qualit\u00e4t.\u00bb<\/p>\n<p>Doch Lyreco ist nach eigenen Angaben noch einige Schritte weitergegangen: Die Veranstaltung wurde so ressourcenschonend wie m\u00f6glich gestaltet. Mobiliar und Ausstellungsmaterial sind zu 100 Prozent Mehrweg \u2013 etwa durch Mietm\u00f6bel und Lyreco-Mehrwegboxen, die danach f\u00fcr Kundenlieferungen weiterverwendet werden. Teilnehmende wurden zur Anreise mit \u00f6ffentlichen Verkehrsmitteln motiviert, w\u00e4hrend Transporte reduziert oder durch kurze Logistikwege, Elektrofahrzeuge und Sammeltransporte optimiert wurden.<\/p>\n<p>Nachhaltigkeit erfordert Transparenz und Zusammenarbeit. Mit \u00abLyreco Unboxed\u00bb schafft das Unternehmen eine offene Plattform f\u00fcr verantwortungsbewusstes Handeln. Der Kundenanlass dient zudem als Networking-Plattform und Dankesch\u00f6n f\u00fcr die erfolgreiche Zusammenarbeit. Dank des Sustainability-Event-Guides kann Lyreco die Emissionen seiner Veranstaltungen kontinuierlich reduzieren \u2013 im Einklang mit der Science Based Target Initiative.<\/p>\n<p><em>Quelle und weitere Informationen: <a href=\"http:\/\/www.lyreco.ch\/\">www.lyreco.ch<\/a><\/em><\/p>\n","protected":false},"excerpt":{"rendered":"<p>Mit dem Motto \u00aboffen und ehrlich ausgepackt\u00bb hat Lyreco Switzerland AG ihre Nachhaltigkeitskonferenz f\u00fcr Gesch\u00e4ftspartner nun in der Romandie realisiert und h\u00e4lt damit weiter am Kurs fest.<\/p>\n","protected":false},"author":4,"featured_media":36002,"comment_status":"closed","ping_status":"closed","sticky":false,"template":"","format":"standard","meta":{"_acf_changed":false,"_yoast_wpseo_focuskw":"Lyreco Unboxed","_yoast_wpseo_metadesc":"Mit dem Motto \u00aboffen und ehrlich ausgepackt\u00bb hat Lyreco Switzerland AG die Nachhaltigkeitskonferenz \u00abLyreco Unboxed\u00bb in Lausanne realisiert.","articlekey":"","footnotes":""},"categories":[580],"tags":[193,358,492],"class_list":["post-36001","post","type-post","status-publish","format-standard","has-post-thumbnail","hentry","category-sustainability","tag-fachkongressfachmesse","tag-nachhaltige-wirtschaft","tag-unternehmen"],"acf":[],"yoast_head":"<!-- This site is optimized with the Yoast SEO plugin v27.5 - https:\/\/yoast.com\/product\/yoast-seo-wordpress\/ -->\n<title>Lyreco Unboxed: Gr\u00f6sster B2B Nachhaltigkeits-Kongress der Schweiz mit zweiter Runde - Organisator<\/title>\n<meta name=\"description\" content=\"Mit dem Motto \u00aboffen und ehrlich ausgepackt\u00bb hat Lyreco Switzerland AG die Nachhaltigkeitskonferenz \u00abLyreco Unboxed\u00bb in Lausanne realisiert.\" \/>\n<meta name=\"robots\" content=\"index, follow, max-snippet:-1, max-image-preview:large, max-video-preview:-1\" \/>\n<link rel=\"canonical\" href=\"https:\/\/www.organisator.ch\/de\/sustainability\/2025-02-17\/lyreco-unboxed-groesster-b2b-nachhaltigkeits-kongress-der-schweiz-mit-zweiter-runde\/\" \/>\n<meta property=\"og:locale\" content=\"de_DE\" \/>\n<meta property=\"og:type\" content=\"article\" \/>\n<meta property=\"og:title\" content=\"Lyreco Unboxed: Gr\u00f6sster B2B Nachhaltigkeits-Kongress der Schweiz mit zweiter Runde\" \/>\n<meta property=\"og:description\" content=\"Mit dem Motto \u00aboffen und ehrlich ausgepackt\u00bb hat Lyreco Switzerland AG die Nachhaltigkeitskonferenz \u00abLyreco Unboxed\u00bb in Lausanne realisiert.\" \/>\n<meta property=\"og:url\" content=\"https:\/\/www.organisator.ch\/de\/sustainability\/2025-02-17\/lyreco-unboxed-groesster-b2b-nachhaltigkeits-kongress-der-schweiz-mit-zweiter-runde\/\" \/>\n<meta property=\"og:site_name\" content=\"Organisator\" \/>\n<meta property=\"article:publisher\" content=\"https:\/\/www.facebook.com\/OrganisatorFachmagazin\" \/>\n<meta property=\"article:published_time\" content=\"2025-02-17T09:01:52+00:00\" \/>\n<meta property=\"og:image\" content=\"https:\/\/www.organisator.ch\/wp-content\/uploads\/2025\/02\/Lyreco-Unboxed-Groesster-B2B-Nachhaltigkeits-Kongress-der-Schweiz-mit-zweiter-Runde_Organisator.jpg\" \/>\n\t<meta property=\"og:image:width\" content=\"680\" \/>\n\t<meta property=\"og:image:height\" content=\"435\" \/>\n\t<meta property=\"og:image:type\" content=\"image\/jpeg\" \/>\n<meta name=\"author\" content=\"thomas.berner\" \/>\n<meta name=\"twitter:card\" content=\"summary_large_image\" \/>\n<meta name=\"twitter:title\" content=\"#Lyreco Unboxed: Gr\u00f6sster B2B #Nachhaltigkeits-Kongress der Schweiz mit zweiter Runde\" \/>\n<meta name=\"twitter:description\" content=\"Mit dem Motto \u00aboffen und ehrlich ausgepackt\u00bb hat #Lyreco Switzerland AG die #Nachhaltigkeitskonferenz \u00abLyreco Unboxed\u00bb in Lausanne realisiert.\" \/>\n<meta name=\"twitter:image\" content=\"https:\/\/www.organisator.ch\/wp-content\/uploads\/2025\/02\/Lyreco-Unboxed-Groesster-B2B-Nachhaltigkeits-Kongress-der-Schweiz-mit-zweiter-Runde_Organisator.jpg\" \/>\n<script type=\"application\/ld+json\" class=\"yoast-schema-graph\">{\"@context\":\"https:\\\/\\\/schema.org\",\"@graph\":[{\"@type\":\"Article\",\"@id\":\"https:\\\/\\\/www.organisator.ch\\\/sustainability\\\/2025-02-17\\\/lyreco-unboxed-groesster-b2b-nachhaltigkeits-kongress-der-schweiz-mit-zweiter-runde\\\/#article\",\"isPartOf\":{\"@id\":\"https:\\\/\\\/www.organisator.ch\\\/sustainability\\\/2025-02-17\\\/lyreco-unboxed-groesster-b2b-nachhaltigkeits-kongress-der-schweiz-mit-zweiter-runde\\\/\"},\"author\":{\"name\":\"thomas.berner\",\"@id\":\"https:\\\/\\\/www.organisator.ch\\\/#\\\/schema\\\/person\\\/6f650f90b2842cd4c0cc334b4e36f67e\"},\"headline\":\"Lyreco Unboxed: Gr\u00f6sster B2B Nachhaltigkeits-Kongress der Schweiz mit zweiter Runde\",\"datePublished\":\"2025-02-17T09:01:52+00:00\",\"mainEntityOfPage\":{\"@id\":\"https:\\\/\\\/www.organisator.ch\\\/sustainability\\\/2025-02-17\\\/lyreco-unboxed-groesster-b2b-nachhaltigkeits-kongress-der-schweiz-mit-zweiter-runde\\\/\"},\"wordCount\":535,\"publisher\":{\"@id\":\"https:\\\/\\\/www.organisator.ch\\\/#organization\"},\"image\":{\"@id\":\"https:\\\/\\\/www.organisator.ch\\\/sustainability\\\/2025-02-17\\\/lyreco-unboxed-groesster-b2b-nachhaltigkeits-kongress-der-schweiz-mit-zweiter-runde\\\/#primaryimage\"},\"thumbnailUrl\":\"https:\\\/\\\/www.organisator.ch\\\/wp-content\\\/uploads\\\/2025\\\/02\\\/Lyreco-Unboxed-Groesster-B2B-Nachhaltigkeits-Kongress-der-Schweiz-mit-zweiter-Runde_Organisator.jpg\",\"keywords\":[\"Fachkongress\\\/Fachmesse\",\"Nachhaltige Wirtschaft\",\"Unternehmen\"],\"articleSection\":[\"SUSTAINABILITY\"],\"inLanguage\":\"de\"},{\"@type\":\"WebPage\",\"@id\":\"https:\\\/\\\/www.organisator.ch\\\/sustainability\\\/2025-02-17\\\/lyreco-unboxed-groesster-b2b-nachhaltigkeits-kongress-der-schweiz-mit-zweiter-runde\\\/\",\"url\":\"https:\\\/\\\/www.organisator.ch\\\/sustainability\\\/2025-02-17\\\/lyreco-unboxed-groesster-b2b-nachhaltigkeits-kongress-der-schweiz-mit-zweiter-runde\\\/\",\"name\":\"Lyreco Unboxed: Gr\u00f6sster B2B Nachhaltigkeits-Kongress der Schweiz mit zweiter Runde - Organisator\",\"isPartOf\":{\"@id\":\"https:\\\/\\\/www.organisator.ch\\\/#website\"},\"primaryImageOfPage\":{\"@id\":\"https:\\\/\\\/www.organisator.ch\\\/sustainability\\\/2025-02-17\\\/lyreco-unboxed-groesster-b2b-nachhaltigkeits-kongress-der-schweiz-mit-zweiter-runde\\\/#primaryimage\"},\"image\":{\"@id\":\"https:\\\/\\\/www.organisator.ch\\\/sustainability\\\/2025-02-17\\\/lyreco-unboxed-groesster-b2b-nachhaltigkeits-kongress-der-schweiz-mit-zweiter-runde\\\/#primaryimage\"},\"thumbnailUrl\":\"https:\\\/\\\/www.organisator.ch\\\/wp-content\\\/uploads\\\/2025\\\/02\\\/Lyreco-Unboxed-Groesster-B2B-Nachhaltigkeits-Kongress-der-Schweiz-mit-zweiter-Runde_Organisator.jpg\",\"datePublished\":\"2025-02-17T09:01:52+00:00\",\"description\":\"Mit dem Motto \u00aboffen und ehrlich ausgepackt\u00bb hat Lyreco Switzerland AG die Nachhaltigkeitskonferenz \u00abLyreco Unboxed\u00bb in Lausanne realisiert.\",\"breadcrumb\":{\"@id\":\"https:\\\/\\\/www.organisator.ch\\\/sustainability\\\/2025-02-17\\\/lyreco-unboxed-groesster-b2b-nachhaltigkeits-kongress-der-schweiz-mit-zweiter-runde\\\/#breadcrumb\"},\"inLanguage\":\"de\",\"potentialAction\":[{\"@type\":\"ReadAction\",\"target\":[\"https:\\\/\\\/www.organisator.ch\\\/sustainability\\\/2025-02-17\\\/lyreco-unboxed-groesster-b2b-nachhaltigkeits-kongress-der-schweiz-mit-zweiter-runde\\\/\"]}]},{\"@type\":\"ImageObject\",\"inLanguage\":\"de\",\"@id\":\"https:\\\/\\\/www.organisator.ch\\\/sustainability\\\/2025-02-17\\\/lyreco-unboxed-groesster-b2b-nachhaltigkeits-kongress-der-schweiz-mit-zweiter-runde\\\/#primaryimage\",\"url\":\"https:\\\/\\\/www.organisator.ch\\\/wp-content\\\/uploads\\\/2025\\\/02\\\/Lyreco-Unboxed-Groesster-B2B-Nachhaltigkeits-Kongress-der-Schweiz-mit-zweiter-Runde_Organisator.jpg\",\"contentUrl\":\"https:\\\/\\\/www.organisator.ch\\\/wp-content\\\/uploads\\\/2025\\\/02\\\/Lyreco-Unboxed-Groesster-B2B-Nachhaltigkeits-Kongress-der-Schweiz-mit-zweiter-Runde_Organisator.jpg\",\"width\":680,\"height\":435,\"caption\":\"\u00dcber 500 G\u00e4ste nahmen an der zweiten Durchf\u00fchrung von \\\"Lyreco Unboxed\\\" teil. (Bild: Lyreco Switzerland AG)\"},{\"@type\":\"BreadcrumbList\",\"@id\":\"https:\\\/\\\/www.organisator.ch\\\/sustainability\\\/2025-02-17\\\/lyreco-unboxed-groesster-b2b-nachhaltigkeits-kongress-der-schweiz-mit-zweiter-runde\\\/#breadcrumb\",\"itemListElement\":[{\"@type\":\"ListItem\",\"position\":1,\"name\":\"Home\",\"item\":\"https:\\\/\\\/www.organisator.ch\\\/\"},{\"@type\":\"ListItem\",\"position\":2,\"name\":\"Lyreco Unboxed: Gr\u00f6sster B2B Nachhaltigkeits-Kongress der Schweiz mit zweiter Runde\"}]},{\"@type\":\"WebSite\",\"@id\":\"https:\\\/\\\/www.organisator.ch\\\/#website\",\"url\":\"https:\\\/\\\/www.organisator.ch\\\/\",\"name\":\"Organisator\",\"description\":\"Kompetent. Praxisnah. Der ORGANISATOR bereitet in 10 Ausgaben pro Jahr die wesentlichen Themen f\u00fcr F\u00fchrungskr\u00e4fte von KMU auf.\",\"publisher\":{\"@id\":\"https:\\\/\\\/www.organisator.ch\\\/#organization\"},\"potentialAction\":[{\"@type\":\"SearchAction\",\"target\":{\"@type\":\"EntryPoint\",\"urlTemplate\":\"https:\\\/\\\/www.organisator.ch\\\/?s={search_term_string}\"},\"query-input\":{\"@type\":\"PropertyValueSpecification\",\"valueRequired\":true,\"valueName\":\"search_term_string\"}}],\"inLanguage\":\"de\"},{\"@type\":\"Organization\",\"@id\":\"https:\\\/\\\/www.organisator.ch\\\/#organization\",\"name\":\"Organisator\",\"url\":\"https:\\\/\\\/www.organisator.ch\\\/\",\"logo\":{\"@type\":\"ImageObject\",\"inLanguage\":\"de\",\"@id\":\"https:\\\/\\\/www.organisator.ch\\\/#\\\/schema\\\/logo\\\/image\\\/\",\"url\":\"https:\\\/\\\/www.organisator.ch\\\/wp-content\\\/uploads\\\/2022\\\/01\\\/Logo_Organisator_Website.png\",\"contentUrl\":\"https:\\\/\\\/www.organisator.ch\\\/wp-content\\\/uploads\\\/2022\\\/01\\\/Logo_Organisator_Website.png\",\"width\":800,\"height\":77,\"caption\":\"Organisator\"},\"image\":{\"@id\":\"https:\\\/\\\/www.organisator.ch\\\/#\\\/schema\\\/logo\\\/image\\\/\"},\"sameAs\":[\"https:\\\/\\\/www.facebook.com\\\/OrganisatorFachmagazin\",\"https:\\\/\\\/www.linkedin.com\\\/showcase\\\/organisator-das-magazin-fr-kmu\",\"https:\\\/\\\/www.xing.com\\\/news\\\/pages\\\/organisator-ch-695\",\"https:\\\/\\\/www.youtube.com\\\/channel\\\/UCGP2Sq0iWaZwT3BdIAQFYpw\"]},{\"@type\":\"Person\",\"@id\":\"https:\\\/\\\/www.organisator.ch\\\/#\\\/schema\\\/person\\\/6f650f90b2842cd4c0cc334b4e36f67e\",\"name\":\"thomas.berner\",\"image\":{\"@type\":\"ImageObject\",\"inLanguage\":\"de\",\"@id\":\"https:\\\/\\\/secure.gravatar.com\\\/avatar\\\/ac5001d2a36cb6c6cd3e50789007ffca834b477b74a2144564522e944eabff61?s=96&d=mm&r=g\",\"url\":\"https:\\\/\\\/secure.gravatar.com\\\/avatar\\\/ac5001d2a36cb6c6cd3e50789007ffca834b477b74a2144564522e944eabff61?s=96&d=mm&r=g\",\"contentUrl\":\"https:\\\/\\\/secure.gravatar.com\\\/avatar\\\/ac5001d2a36cb6c6cd3e50789007ffca834b477b74a2144564522e944eabff61?s=96&d=mm&r=g\",\"caption\":\"thomas.berner\"},\"url\":\"https:\\\/\\\/www.organisator.ch\\\/de\\\/author\\\/thomas-berner\\\/\"}]}<\/script>\n<!-- \/ Yoast SEO plugin. -->","yoast_head_json":{"title":"Lyreco Unboxed: Gr\u00f6sster B2B Nachhaltigkeits-Kongress der Schweiz mit zweiter Runde - Organisator","description":"Mit dem Motto \u00aboffen und ehrlich ausgepackt\u00bb hat Lyreco Switzerland AG die Nachhaltigkeitskonferenz \u00abLyreco Unboxed\u00bb in Lausanne realisiert.","robots":{"index":"index","follow":"follow","max-snippet":"max-snippet:-1","max-image-preview":"max-image-preview:large","max-video-preview":"max-video-preview:-1"},"canonical":"https:\/\/www.organisator.ch\/de\/sustainability\/2025-02-17\/lyreco-unboxed-groesster-b2b-nachhaltigkeits-kongress-der-schweiz-mit-zweiter-runde\/","og_locale":"de_DE","og_type":"article","og_title":"Lyreco Unboxed: Gr\u00f6sster B2B Nachhaltigkeits-Kongress der Schweiz mit zweiter Runde","og_description":"Mit dem Motto \u00aboffen und ehrlich ausgepackt\u00bb hat Lyreco Switzerland AG die Nachhaltigkeitskonferenz \u00abLyreco Unboxed\u00bb in Lausanne realisiert.","og_url":"https:\/\/www.organisator.ch\/de\/sustainability\/2025-02-17\/lyreco-unboxed-groesster-b2b-nachhaltigkeits-kongress-der-schweiz-mit-zweiter-runde\/","og_site_name":"Organisator","article_publisher":"https:\/\/www.facebook.com\/OrganisatorFachmagazin","article_published_time":"2025-02-17T09:01:52+00:00","og_image":[{"width":680,"height":435,"url":"https:\/\/www.organisator.ch\/wp-content\/uploads\/2025\/02\/Lyreco-Unboxed-Groesster-B2B-Nachhaltigkeits-Kongress-der-Schweiz-mit-zweiter-Runde_Organisator.jpg","type":"image\/jpeg"}],"author":"thomas.berner","twitter_card":"summary_large_image","twitter_title":"#Lyreco Unboxed: Gr\u00f6sster B2B #Nachhaltigkeits-Kongress der Schweiz mit zweiter Runde","twitter_description":"Mit dem Motto \u00aboffen und ehrlich ausgepackt\u00bb hat #Lyreco Switzerland AG die #Nachhaltigkeitskonferenz \u00abLyreco Unboxed\u00bb in Lausanne realisiert.","twitter_image":"https:\/\/www.organisator.ch\/wp-content\/uploads\/2025\/02\/Lyreco-Unboxed-Groesster-B2B-Nachhaltigkeits-Kongress-der-Schweiz-mit-zweiter-Runde_Organisator.jpg","schema":{"@context":"https:\/\/schema.org","@graph":[{"@type":"Article","@id":"https:\/\/www.organisator.ch\/sustainability\/2025-02-17\/lyreco-unboxed-groesster-b2b-nachhaltigkeits-kongress-der-schweiz-mit-zweiter-runde\/#article","isPartOf":{"@id":"https:\/\/www.organisator.ch\/sustainability\/2025-02-17\/lyreco-unboxed-groesster-b2b-nachhaltigkeits-kongress-der-schweiz-mit-zweiter-runde\/"},"author":{"name":"thomas.berner","@id":"https:\/\/www.organisator.ch\/#\/schema\/person\/6f650f90b2842cd4c0cc334b4e36f67e"},"headline":"Lyreco Unboxed: Gr\u00f6sster B2B Nachhaltigkeits-Kongress der Schweiz mit zweiter Runde","datePublished":"2025-02-17T09:01:52+00:00","mainEntityOfPage":{"@id":"https:\/\/www.organisator.ch\/sustainability\/2025-02-17\/lyreco-unboxed-groesster-b2b-nachhaltigkeits-kongress-der-schweiz-mit-zweiter-runde\/"},"wordCount":535,"publisher":{"@id":"https:\/\/www.organisator.ch\/#organization"},"image":{"@id":"https:\/\/www.organisator.ch\/sustainability\/2025-02-17\/lyreco-unboxed-groesster-b2b-nachhaltigkeits-kongress-der-schweiz-mit-zweiter-runde\/#primaryimage"},"thumbnailUrl":"https:\/\/www.organisator.ch\/wp-content\/uploads\/2025\/02\/Lyreco-Unboxed-Groesster-B2B-Nachhaltigkeits-Kongress-der-Schweiz-mit-zweiter-Runde_Organisator.jpg","keywords":["Fachkongress\/Fachmesse","Nachhaltige Wirtschaft","Unternehmen"],"articleSection":["SUSTAINABILITY"],"inLanguage":"de"},{"@type":"WebPage","@id":"https:\/\/www.organisator.ch\/sustainability\/2025-02-17\/lyreco-unboxed-groesster-b2b-nachhaltigkeits-kongress-der-schweiz-mit-zweiter-runde\/","url":"https:\/\/www.organisator.ch\/sustainability\/2025-02-17\/lyreco-unboxed-groesster-b2b-nachhaltigkeits-kongress-der-schweiz-mit-zweiter-runde\/","name":"Lyreco Unboxed: Gr\u00f6sster B2B Nachhaltigkeits-Kongress der Schweiz mit zweiter Runde - Organisator","isPartOf":{"@id":"https:\/\/www.organisator.ch\/#website"},"primaryImageOfPage":{"@id":"https:\/\/www.organisator.ch\/sustainability\/2025-02-17\/lyreco-unboxed-groesster-b2b-nachhaltigkeits-kongress-der-schweiz-mit-zweiter-runde\/#primaryimage"},"image":{"@id":"https:\/\/www.organisator.ch\/sustainability\/2025-02-17\/lyreco-unboxed-groesster-b2b-nachhaltigkeits-kongress-der-schweiz-mit-zweiter-runde\/#primaryimage"},"thumbnailUrl":"https:\/\/www.organisator.ch\/wp-content\/uploads\/2025\/02\/Lyreco-Unboxed-Groesster-B2B-Nachhaltigkeits-Kongress-der-Schweiz-mit-zweiter-Runde_Organisator.jpg","datePublished":"2025-02-17T09:01:52+00:00","description":"Mit dem Motto \u00aboffen und ehrlich ausgepackt\u00bb hat Lyreco Switzerland AG die Nachhaltigkeitskonferenz \u00abLyreco Unboxed\u00bb in Lausanne realisiert.","breadcrumb":{"@id":"https:\/\/www.organisator.ch\/sustainability\/2025-02-17\/lyreco-unboxed-groesster-b2b-nachhaltigkeits-kongress-der-schweiz-mit-zweiter-runde\/#breadcrumb"},"inLanguage":"de","potentialAction":[{"@type":"ReadAction","target":["https:\/\/www.organisator.ch\/sustainability\/2025-02-17\/lyreco-unboxed-groesster-b2b-nachhaltigkeits-kongress-der-schweiz-mit-zweiter-runde\/"]}]},{"@type":"ImageObject","inLanguage":"de","@id":"https:\/\/www.organisator.ch\/sustainability\/2025-02-17\/lyreco-unboxed-groesster-b2b-nachhaltigkeits-kongress-der-schweiz-mit-zweiter-runde\/#primaryimage","url":"https:\/\/www.organisator.ch\/wp-content\/uploads\/2025\/02\/Lyreco-Unboxed-Groesster-B2B-Nachhaltigkeits-Kongress-der-Schweiz-mit-zweiter-Runde_Organisator.jpg","contentUrl":"https:\/\/www.organisator.ch\/wp-content\/uploads\/2025\/02\/Lyreco-Unboxed-Groesster-B2B-Nachhaltigkeits-Kongress-der-Schweiz-mit-zweiter-Runde_Organisator.jpg","width":680,"height":435,"caption":"\u00dcber 500 G\u00e4ste nahmen an der zweiten Durchf\u00fchrung von \"Lyreco Unboxed\" teil. (Bild: Lyreco Switzerland AG)"},{"@type":"BreadcrumbList","@id":"https:\/\/www.organisator.ch\/sustainability\/2025-02-17\/lyreco-unboxed-groesster-b2b-nachhaltigkeits-kongress-der-schweiz-mit-zweiter-runde\/#breadcrumb","itemListElement":[{"@type":"ListItem","position":1,"name":"Home","item":"https:\/\/www.organisator.ch\/"},{"@type":"ListItem","position":2,"name":"Lyreco Unboxed: Gr\u00f6sster B2B Nachhaltigkeits-Kongress der Schweiz mit zweiter Runde"}]},{"@type":"WebSite","@id":"https:\/\/www.organisator.ch\/#website","url":"https:\/\/www.organisator.ch\/","name":"Organisator","description":"Kompetent. Praxisnah. Der ORGANISATOR bereitet in 10 Ausgaben pro Jahr die wesentlichen Themen f\u00fcr F\u00fchrungskr\u00e4fte von KMU auf.","publisher":{"@id":"https:\/\/www.organisator.ch\/#organization"},"potentialAction":[{"@type":"SearchAction","target":{"@type":"EntryPoint","urlTemplate":"https:\/\/www.organisator.ch\/?s={search_term_string}"},"query-input":{"@type":"PropertyValueSpecification","valueRequired":true,"valueName":"search_term_string"}}],"inLanguage":"de"},{"@type":"Organization","@id":"https:\/\/www.organisator.ch\/#organization","name":"Organisator","url":"https:\/\/www.organisator.ch\/","logo":{"@type":"ImageObject","inLanguage":"de","@id":"https:\/\/www.organisator.ch\/#\/schema\/logo\/image\/","url":"https:\/\/www.organisator.ch\/wp-content\/uploads\/2022\/01\/Logo_Organisator_Website.png","contentUrl":"https:\/\/www.organisator.ch\/wp-content\/uploads\/2022\/01\/Logo_Organisator_Website.png","width":800,"height":77,"caption":"Organisator"},"image":{"@id":"https:\/\/www.organisator.ch\/#\/schema\/logo\/image\/"},"sameAs":["https:\/\/www.facebook.com\/OrganisatorFachmagazin","https:\/\/www.linkedin.com\/showcase\/organisator-das-magazin-fr-kmu","https:\/\/www.xing.com\/news\/pages\/organisator-ch-695","https:\/\/www.youtube.com\/channel\/UCGP2Sq0iWaZwT3BdIAQFYpw"]},{"@type":"Person","@id":"https:\/\/www.organisator.ch\/#\/schema\/person\/6f650f90b2842cd4c0cc334b4e36f67e","name":"thomas.berner","image":{"@type":"ImageObject","inLanguage":"de","@id":"https:\/\/secure.gravatar.com\/avatar\/ac5001d2a36cb6c6cd3e50789007ffca834b477b74a2144564522e944eabff61?s=96&d=mm&r=g","url":"https:\/\/secure.gravatar.com\/avatar\/ac5001d2a36cb6c6cd3e50789007ffca834b477b74a2144564522e944eabff61?s=96&d=mm&r=g","contentUrl":"https:\/\/secure.gravatar.com\/avatar\/ac5001d2a36cb6c6cd3e50789007ffca834b477b74a2144564522e944eabff61?s=96&d=mm&r=g","caption":"thomas.berner"},"url":"https:\/\/www.organisator.ch\/de\/author\/thomas-berner\/"}]}},"_links":{"self":[{"href":"https:\/\/www.organisator.ch\/de\/wp-json\/wp\/v2\/posts\/36001","targetHints":{"allow":["GET"]}}],"collection":[{"href":"https:\/\/www.organisator.ch\/de\/wp-json\/wp\/v2\/posts"}],"about":[{"href":"https:\/\/www.organisator.ch\/de\/wp-json\/wp\/v2\/types\/post"}],"author":[{"embeddable":true,"href":"https:\/\/www.organisator.ch\/de\/wp-json\/wp\/v2\/users\/4"}],"replies":[{"embeddable":true,"href":"https:\/\/www.organisator.ch\/de\/wp-json\/wp\/v2\/comments?post=36001"}],"version-history":[{"count":4,"href":"https:\/\/www.organisator.ch\/de\/wp-json\/wp\/v2\/posts\/36001\/revisions"}],"predecessor-version":[{"id":36041,"href":"https:\/\/www.organisator.ch\/de\/wp-json\/wp\/v2\/posts\/36001\/revisions\/36041"}],"wp:featuredmedia":[{"embeddable":true,"href":"https:\/\/www.organisator.ch\/de\/wp-json\/wp\/v2\/media\/36002"}],"wp:attachment":[{"href":"https:\/\/www.organisator.ch\/de\/wp-json\/wp\/v2\/media?parent=36001"}],"wp:term":[{"taxonomy":"category","embeddable":true,"href":"https:\/\/www.organisator.ch\/de\/wp-json\/wp\/v2\/categories?post=36001"},{"taxonomy":"post_tag","embeddable":true,"href":"https:\/\/www.organisator.ch\/de\/wp-json\/wp\/v2\/tags?post=36001"}],"curies":[{"name":"wp","href":"https:\/\/api.w.org\/{rel}","templated":true}]}}